{"id":16613,"date":"2023-02-27T11:49:00","date_gmt":"2023-02-27T11:49:00","guid":{"rendered":"https:\/\/www.public.sn\/?p=16613"},"modified":"2023-02-27T11:49:00","modified_gmt":"2023-02-27T11:49:00","slug":"video-la-colere-noire-de-sa-thies-lors-de-son-dernier-face-to-face-contre-reug-reug","status":"publish","type":"post","link":"https:\/\/www.public.sn\/index.php\/2023\/02\/27\/video-la-colere-noire-de-sa-thies-lors-de-son-dernier-face-to-face-contre-reug-reug\/","title":{"rendered":"(Vid\u00e9o) : la col\u00e8re noire de Sa Thi\u00e8s lors de son dernier face-to-face contre Reug Reug."},"content":{"rendered":"<p>C\u2019\u00e9tait le dernier Face \u00e0 Face entre Reug Reug et Sa Thi\u00e8s. Malheureusement, la rencontre s\u2019est mal d\u00e9roul\u00e9e \u00e0 cause d\u2019une altercation entre les deux camps.<\/p><div class=\"publi-paragraphe1\" style=\"margin-top: 10px;margin-bottom: 10px;margin-left: auto;margin-right: auto;text-align: center;\" id=\"publi-653659829\"><div class=\"publi-adlabel\">Publicit\u00e9<\/div><script async src=\"\/\/pagead2.googlesyndication.com\/pagead\/js\/adsbygoogle.js?client=ca-pub-4089586018074219\" crossorigin=\"anonymous\"><\/script><ins class=\"adsbygoogle\" style=\"display:block;\" data-ad-client=\"ca-pub-4089586018074219\" \ndata-ad-slot=\"2087940154\" \ndata-ad-format=\"auto\"><\/ins>\n<script> \n(adsbygoogle = window.adsbygoogle || []).push({}); \n<\/script>\n<\/div>\n<div><\/div>\n<p>Dans cette vid\u00e9o,\u00a0Sa Thi\u00e8s\u00a0pique une col\u00e8re noire et liste les d\u00e9sagr\u00e9ments que son adversaire lui a caus\u00e9s aux yeux de tout le monde.<\/p>\n<p class=\"responsive-video-wrap clr\"><iframe title=\"Urgent ! Bagarrre Reug Reug \/ Sa Thi\u00e9s : \u00ab\u00a0Khoulo bou metti \u00bb  Sa Thi\u00e9s tr\u00e8s en col\u00e8re s\u2019attaque \u00e0..\" width=\"1200\" height=\"675\" src=\"https:\/\/www.youtube.com\/embed\/_rh5e6mWzjI?feature=oembed\" frameborder=\"0\" allow=\"accelerometer; autoplay; clipboard-write; encrypted-media; gyroscope; picture-in-picture; web-share\" allowfullscreen><\/iframe><\/p>\n<div class=\"publi-apres-le-contenu\" style=\"margin-top: 10px;margin-bottom: 10px;margin-left: auto;margin-right: auto;text-align: center;\" id=\"publi-725240367\"><div class=\"publi-adlabel\">Publicit\u00e9<\/div><script async src=\"\/\/pagead2.googlesyndication.com\/pagead\/js\/adsbygoogle.js?client=ca-pub-4089586018074219\" crossorigin=\"anonymous\"><\/script><ins class=\"adsbygoogle\" style=\"display:block;\" data-ad-client=\"ca-pub-4089586018074219\" \ndata-ad-slot=\"2087940154\" \ndata-ad-format=\"auto\"><\/ins>\n<script> \n(adsbygoogle = window.adsbygoogle || []).push({}); \n<\/script>\n<\/div>","protected":false},"excerpt":{"rendered":"<p>C\u2019\u00e9tait le dernier Face \u00e0 Face entre Reug Reug et Sa Thi\u00e8s. Malheureusement, la rencontre s\u2019est mal d\u00e9roul\u00e9e \u00e0 cause d\u2019une altercation entre les deux camps. Dans cette vid\u00e9o,\u00a0Sa Thi\u00e8s\u00a0pique une col\u00e8re noire et liste les d\u00e9sagr\u00e9ments que son adversaire lui a caus\u00e9s aux yeux de tout le monde.<\/p>\n","protected":false},"author":7,"featured_media":16614,"comment_status":"open","ping_status":"open","sticky":false,"template":"","format":"standard","meta":{"_jetpack_memberships_contains_paid_content":false,"footnotes":""},"categories":[375,379,902,1,4,7,372],"tags":[4559,999,4560],"class_list":["post-16613","post","type-post","status-publish","format-standard","has-post-thumbnail","hentry","category-actualites","category-faits-divers","category-lutte-senegalaise","category-non-classe","category-societe","category-sport","category-vedette","tag-face-to-face","tag-reug-reug","tag-sa-tyhies","entry","has-media","owp-thumbs-layout-horizontal","owp-btn-normal","owp-tabs-layout-horizontal","has-no-thumbnails","has-product-nav"],"yoast_head":"<!-- This site is optimized with the Yoast SEO plugin v25.5 - https:\/\/yoast.com\/wordpress\/plugins\/seo\/ -->\n<title>(Vid\u00e9o) : la col\u00e8re noire de Sa Thi\u00e8s lors de son dernier face-to-face contre Reug Reug. - LE PUBLIC<\/title>\n<meta name=\"robots\" content=\"index, follow, max-snippet:-1, max-image-preview:large, max-video-preview:-1\" \/>\n<link rel=\"canonical\" href=\"https:\/\/www.public.sn\/index.php\/2023\/02\/27\/video-la-colere-noire-de-sa-thies-lors-de-son-dernier-face-to-face-contre-reug-reug\/\" \/>\n<meta property=\"og:locale\" content=\"fr_FR\" \/>\n<meta property=\"og:type\" content=\"article\" \/>\n<meta property=\"og:title\" content=\"(Vid\u00e9o) : la col\u00e8re noire de Sa Thi\u00e8s lors de son dernier face-to-face contre Reug Reug. - LE PUBLIC\" \/>\n<meta property=\"og:description\" content=\"C\u2019\u00e9tait le dernier Face \u00e0 Face entre Reug Reug et Sa Thi\u00e8s. Malheureusement, la rencontre s\u2019est mal d\u00e9roul\u00e9e \u00e0 cause d\u2019une altercation entre les deux camps. Dans cette vid\u00e9o,\u00a0Sa Thi\u00e8s\u00a0pique une col\u00e8re noire et liste les d\u00e9sagr\u00e9ments que son adversaire lui a caus\u00e9s aux yeux de tout le monde.\" \/>\n<meta property=\"og:url\" content=\"https:\/\/www.public.sn\/index.php\/2023\/02\/27\/video-la-colere-noire-de-sa-thies-lors-de-son-dernier-face-to-face-contre-reug-reug\/\" \/>\n<meta property=\"og:site_name\" content=\"LE PUBLIC\" \/>\n<meta property=\"article:published_time\" content=\"2023-02-27T11:49:00+00:00\" \/>\n<meta property=\"og:image\" content=\"https:\/\/www.public.sn\/wp-content\/uploads\/2023\/02\/sathies.jpg\" \/>\n\t<meta property=\"og:image:width\" content=\"1280\" \/>\n\t<meta property=\"og:image:height\" content=\"720\" \/>\n\t<meta property=\"og:image:type\" content=\"image\/jpeg\" \/>\n<meta name=\"author\" content=\"LA REDACTION\" \/>\n<meta name=\"twitter:card\" content=\"summary_large_image\" \/>\n<meta name=\"twitter:label1\" content=\"\u00c9crit par\" \/>\n\t<meta name=\"twitter:data1\" content=\"LA REDACTION\" \/>\n\t<meta name=\"twitter:label2\" content=\"Dur\u00e9e de lecture estim\u00e9e\" \/>\n\t<meta name=\"twitter:data2\" content=\"1 minute\" \/>\n<script type=\"application\/ld+json\" class=\"yoast-schema-graph\">{\"@context\":\"https:\/\/schema.org\",\"@graph\":[{\"@type\":\"Article\",\"@id\":\"https:\/\/www.public.sn\/index.php\/2023\/02\/27\/video-la-colere-noire-de-sa-thies-lors-de-son-dernier-face-to-face-contre-reug-reug\/#article\",\"isPartOf\":{\"@id\":\"https:\/\/www.public.sn\/index.php\/2023\/02\/27\/video-la-colere-noire-de-sa-thies-lors-de-son-dernier-face-to-face-contre-reug-reug\/\"},\"author\":{\"name\":\"LA REDACTION\",\"@id\":\"https:\/\/www.public.sn\/#\/schema\/person\/cb76c8e1b8becc6be61fb5e92d6d0224\"},\"headline\":\"(Vid\u00e9o) : la col\u00e8re noire de Sa Thi\u00e8s lors de son dernier face-to-face contre Reug Reug.\",\"datePublished\":\"2023-02-27T11:49:00+00:00\",\"mainEntityOfPage\":{\"@id\":\"https:\/\/www.public.sn\/index.php\/2023\/02\/27\/video-la-colere-noire-de-sa-thies-lors-de-son-dernier-face-to-face-contre-reug-reug\/\"},\"wordCount\":85,\"commentCount\":0,\"publisher\":{\"@id\":\"https:\/\/www.public.sn\/#organization\"},\"image\":{\"@id\":\"https:\/\/www.public.sn\/index.php\/2023\/02\/27\/video-la-colere-noire-de-sa-thies-lors-de-son-dernier-face-to-face-contre-reug-reug\/#primaryimage\"},\"thumbnailUrl\":\"https:\/\/www.public.sn\/wp-content\/uploads\/2023\/02\/sathies.jpg\",\"keywords\":[\"Face to face\",\"Reug Reug\",\"sa tyhies\"],\"articleSection\":[\"ACTUALIT\u00c9S\",\"FAITS DIVERS\",\"LUTTE S\u00c9N\u00c9GALAISE\",\"S\u00c9N\u00c9GAL\",\"SOCIETE\",\"SPORTS\",\"VEDETTE\"],\"inLanguage\":\"fr-FR\",\"potentialAction\":[{\"@type\":\"CommentAction\",\"name\":\"Comment\",\"target\":[\"https:\/\/www.public.sn\/index.php\/2023\/02\/27\/video-la-colere-noire-de-sa-thies-lors-de-son-dernier-face-to-face-contre-reug-reug\/#respond\"]}]},{\"@type\":\"WebPage\",\"@id\":\"https:\/\/www.public.sn\/index.php\/2023\/02\/27\/video-la-colere-noire-de-sa-thies-lors-de-son-dernier-face-to-face-contre-reug-reug\/\",\"url\":\"https:\/\/www.public.sn\/index.php\/2023\/02\/27\/video-la-colere-noire-de-sa-thies-lors-de-son-dernier-face-to-face-contre-reug-reug\/\",\"name\":\"(Vid\u00e9o) : la col\u00e8re noire de Sa Thi\u00e8s lors de son dernier face-to-face contre Reug Reug. - LE PUBLIC\",\"isPartOf\":{\"@id\":\"https:\/\/www.public.sn\/#website\"},\"primaryImageOfPage\":{\"@id\":\"https:\/\/www.public.sn\/index.php\/2023\/02\/27\/video-la-colere-noire-de-sa-thies-lors-de-son-dernier-face-to-face-contre-reug-reug\/#primaryimage\"},\"image\":{\"@id\":\"https:\/\/www.public.sn\/index.php\/2023\/02\/27\/video-la-colere-noire-de-sa-thies-lors-de-son-dernier-face-to-face-contre-reug-reug\/#primaryimage\"},\"thumbnailUrl\":\"https:\/\/www.public.sn\/wp-content\/uploads\/2023\/02\/sathies.jpg\",\"datePublished\":\"2023-02-27T11:49:00+00:00\",\"breadcrumb\":{\"@id\":\"https:\/\/www.public.sn\/index.php\/2023\/02\/27\/video-la-colere-noire-de-sa-thies-lors-de-son-dernier-face-to-face-contre-reug-reug\/#breadcrumb\"},\"inLanguage\":\"fr-FR\",\"potentialAction\":[{\"@type\":\"ReadAction\",\"target\":[\"https:\/\/www.public.sn\/index.php\/2023\/02\/27\/video-la-colere-noire-de-sa-thies-lors-de-son-dernier-face-to-face-contre-reug-reug\/\"]}]},{\"@type\":\"ImageObject\",\"inLanguage\":\"fr-FR\",\"@id\":\"https:\/\/www.public.sn\/index.php\/2023\/02\/27\/video-la-colere-noire-de-sa-thies-lors-de-son-dernier-face-to-face-contre-reug-reug\/#primaryimage\",\"url\":\"https:\/\/www.public.sn\/wp-content\/uploads\/2023\/02\/sathies.jpg\",\"contentUrl\":\"https:\/\/www.public.sn\/wp-content\/uploads\/2023\/02\/sathies.jpg\",\"width\":1280,\"height\":720},{\"@type\":\"BreadcrumbList\",\"@id\":\"https:\/\/www.public.sn\/index.php\/2023\/02\/27\/video-la-colere-noire-de-sa-thies-lors-de-son-dernier-face-to-face-contre-reug-reug\/#breadcrumb\",\"itemListElement\":[{\"@type\":\"ListItem\",\"position\":1,\"name\":\"Accueil\",\"item\":\"https:\/\/www.public.sn\/\"},{\"@type\":\"ListItem\",\"position\":2,\"name\":\"(Vid\u00e9o) : la col\u00e8re noire de Sa Thi\u00e8s lors de son dernier face-to-face contre Reug Reug.\"}]},{\"@type\":\"WebSite\",\"@id\":\"https:\/\/www.public.sn\/#website\",\"url\":\"https:\/\/www.public.sn\/\",\"name\":\"LE PUBLIC\",\"description\":\"\",\"publisher\":{\"@id\":\"https:\/\/www.public.sn\/#organization\"},\"potentialAction\":[{\"@type\":\"SearchAction\",\"target\":{\"@type\":\"EntryPoint\",\"urlTemplate\":\"https:\/\/www.public.sn\/?s={search_term_string}\"},\"query-input\":{\"@type\":\"PropertyValueSpecification\",\"valueRequired\":true,\"valueName\":\"search_term_string\"}}],\"inLanguage\":\"fr-FR\"},{\"@type\":\"Organization\",\"@id\":\"https:\/\/www.public.sn\/#organization\",\"name\":\"LE PUBLIC\",\"url\":\"https:\/\/www.public.sn\/\",\"logo\":{\"@type\":\"ImageObject\",\"inLanguage\":\"fr-FR\",\"@id\":\"https:\/\/www.public.sn\/#\/schema\/logo\/image\/\",\"url\":\"https:\/\/www.public.sn\/wp-content\/uploads\/2024\/05\/cropped-LOGO-PUBLIC.SN_.png\",\"contentUrl\":\"https:\/\/www.public.sn\/wp-content\/uploads\/2024\/05\/cropped-LOGO-PUBLIC.SN_.png\",\"width\":682,\"height\":192,\"caption\":\"LE PUBLIC\"},\"image\":{\"@id\":\"https:\/\/www.public.sn\/#\/schema\/logo\/image\/\"}},{\"@type\":\"Person\",\"@id\":\"https:\/\/www.public.sn\/#\/schema\/person\/cb76c8e1b8becc6be61fb5e92d6d0224\",\"name\":\"LA REDACTION\",\"image\":{\"@type\":\"ImageObject\",\"inLanguage\":\"fr-FR\",\"@id\":\"https:\/\/www.public.sn\/#\/schema\/person\/image\/\",\"url\":\"https:\/\/secure.gravatar.com\/avatar\/2dce5ddd34b8fef0180efe03aa2a9bee7d953856048f9a16b298190a3178407c?s=96&d=mm&r=g\",\"contentUrl\":\"https:\/\/secure.gravatar.com\/avatar\/2dce5ddd34b8fef0180efe03aa2a9bee7d953856048f9a16b298190a3178407c?s=96&d=mm&r=g\",\"caption\":\"LA REDACTION\"},\"url\":\"https:\/\/www.public.sn\/index.php\/author\/editeurpsn\/\"}]}<\/script>\n<!-- \/ Yoast SEO plugin. -->","yoast_head_json":{"title":"(Vid\u00e9o) : la col\u00e8re noire de Sa Thi\u00e8s lors de son dernier face-to-face contre Reug Reug. - LE PUBLIC","robots":{"index":"index","follow":"follow","max-snippet":"max-snippet:-1","max-image-preview":"max-image-preview:large","max-video-preview":"max-video-preview:-1"},"canonical":"https:\/\/www.public.sn\/index.php\/2023\/02\/27\/video-la-colere-noire-de-sa-thies-lors-de-son-dernier-face-to-face-contre-reug-reug\/","og_locale":"fr_FR","og_type":"article","og_title":"(Vid\u00e9o) : la col\u00e8re noire de Sa Thi\u00e8s lors de son dernier face-to-face contre Reug Reug. - LE PUBLIC","og_description":"C\u2019\u00e9tait le dernier Face \u00e0 Face entre Reug Reug et Sa Thi\u00e8s. Malheureusement, la rencontre s\u2019est mal d\u00e9roul\u00e9e \u00e0 cause d\u2019une altercation entre les deux camps. Dans cette vid\u00e9o,\u00a0Sa Thi\u00e8s\u00a0pique une col\u00e8re noire et liste les d\u00e9sagr\u00e9ments que son adversaire lui a caus\u00e9s aux yeux de tout le monde.","og_url":"https:\/\/www.public.sn\/index.php\/2023\/02\/27\/video-la-colere-noire-de-sa-thies-lors-de-son-dernier-face-to-face-contre-reug-reug\/","og_site_name":"LE PUBLIC","article_published_time":"2023-02-27T11:49:00+00:00","og_image":[{"width":1280,"height":720,"url":"https:\/\/www.public.sn\/wp-content\/uploads\/2023\/02\/sathies.jpg","type":"image\/jpeg"}],"author":"LA REDACTION","twitter_card":"summary_large_image","twitter_misc":{"\u00c9crit par":"LA REDACTION","Dur\u00e9e de lecture estim\u00e9e":"1 minute"},"schema":{"@context":"https:\/\/schema.org","@graph":[{"@type":"Article","@id":"https:\/\/www.public.sn\/index.php\/2023\/02\/27\/video-la-colere-noire-de-sa-thies-lors-de-son-dernier-face-to-face-contre-reug-reug\/#article","isPartOf":{"@id":"https:\/\/www.public.sn\/index.php\/2023\/02\/27\/video-la-colere-noire-de-sa-thies-lors-de-son-dernier-face-to-face-contre-reug-reug\/"},"author":{"name":"LA REDACTION","@id":"https:\/\/www.public.sn\/#\/schema\/person\/cb76c8e1b8becc6be61fb5e92d6d0224"},"headline":"(Vid\u00e9o) : la col\u00e8re noire de Sa Thi\u00e8s lors de son dernier face-to-face contre Reug Reug.","datePublished":"2023-02-27T11:49:00+00:00","mainEntityOfPage":{"@id":"https:\/\/www.public.sn\/index.php\/2023\/02\/27\/video-la-colere-noire-de-sa-thies-lors-de-son-dernier-face-to-face-contre-reug-reug\/"},"wordCount":85,"commentCount":0,"publisher":{"@id":"https:\/\/www.public.sn\/#organization"},"image":{"@id":"https:\/\/www.public.sn\/index.php\/2023\/02\/27\/video-la-colere-noire-de-sa-thies-lors-de-son-dernier-face-to-face-contre-reug-reug\/#primaryimage"},"thumbnailUrl":"https:\/\/www.public.sn\/wp-content\/uploads\/2023\/02\/sathies.jpg","keywords":["Face to face","Reug Reug","sa tyhies"],"articleSection":["ACTUALIT\u00c9S","FAITS DIVERS","LUTTE S\u00c9N\u00c9GALAISE","S\u00c9N\u00c9GAL","SOCIETE","SPORTS","VEDETTE"],"inLanguage":"fr-FR","potentialAction":[{"@type":"CommentAction","name":"Comment","target":["https:\/\/www.public.sn\/index.php\/2023\/02\/27\/video-la-colere-noire-de-sa-thies-lors-de-son-dernier-face-to-face-contre-reug-reug\/#respond"]}]},{"@type":"WebPage","@id":"https:\/\/www.public.sn\/index.php\/2023\/02\/27\/video-la-colere-noire-de-sa-thies-lors-de-son-dernier-face-to-face-contre-reug-reug\/","url":"https:\/\/www.public.sn\/index.php\/2023\/02\/27\/video-la-colere-noire-de-sa-thies-lors-de-son-dernier-face-to-face-contre-reug-reug\/","name":"(Vid\u00e9o) : la col\u00e8re noire de Sa Thi\u00e8s lors de son dernier face-to-face contre Reug Reug. - LE PUBLIC","isPartOf":{"@id":"https:\/\/www.public.sn\/#website"},"primaryImageOfPage":{"@id":"https:\/\/www.public.sn\/index.php\/2023\/02\/27\/video-la-colere-noire-de-sa-thies-lors-de-son-dernier-face-to-face-contre-reug-reug\/#primaryimage"},"image":{"@id":"https:\/\/www.public.sn\/index.php\/2023\/02\/27\/video-la-colere-noire-de-sa-thies-lors-de-son-dernier-face-to-face-contre-reug-reug\/#primaryimage"},"thumbnailUrl":"https:\/\/www.public.sn\/wp-content\/uploads\/2023\/02\/sathies.jpg","datePublished":"2023-02-27T11:49:00+00:00","breadcrumb":{"@id":"https:\/\/www.public.sn\/index.php\/2023\/02\/27\/video-la-colere-noire-de-sa-thies-lors-de-son-dernier-face-to-face-contre-reug-reug\/#breadcrumb"},"inLanguage":"fr-FR","potentialAction":[{"@type":"ReadAction","target":["https:\/\/www.public.sn\/index.php\/2023\/02\/27\/video-la-colere-noire-de-sa-thies-lors-de-son-dernier-face-to-face-contre-reug-reug\/"]}]},{"@type":"ImageObject","inLanguage":"fr-FR","@id":"https:\/\/www.public.sn\/index.php\/2023\/02\/27\/video-la-colere-noire-de-sa-thies-lors-de-son-dernier-face-to-face-contre-reug-reug\/#primaryimage","url":"https:\/\/www.public.sn\/wp-content\/uploads\/2023\/02\/sathies.jpg","contentUrl":"https:\/\/www.public.sn\/wp-content\/uploads\/2023\/02\/sathies.jpg","width":1280,"height":720},{"@type":"BreadcrumbList","@id":"https:\/\/www.public.sn\/index.php\/2023\/02\/27\/video-la-colere-noire-de-sa-thies-lors-de-son-dernier-face-to-face-contre-reug-reug\/#breadcrumb","itemListElement":[{"@type":"ListItem","position":1,"name":"Accueil","item":"https:\/\/www.public.sn\/"},{"@type":"ListItem","position":2,"name":"(Vid\u00e9o) : la col\u00e8re noire de Sa Thi\u00e8s lors de son dernier face-to-face contre Reug Reug."}]},{"@type":"WebSite","@id":"https:\/\/www.public.sn\/#website","url":"https:\/\/www.public.sn\/","name":"LE PUBLIC","description":"","publisher":{"@id":"https:\/\/www.public.sn\/#organization"},"potentialAction":[{"@type":"SearchAction","target":{"@type":"EntryPoint","urlTemplate":"https:\/\/www.public.sn\/?s={search_term_string}"},"query-input":{"@type":"PropertyValueSpecification","valueRequired":true,"valueName":"search_term_string"}}],"inLanguage":"fr-FR"},{"@type":"Organization","@id":"https:\/\/www.public.sn\/#organization","name":"LE PUBLIC","url":"https:\/\/www.public.sn\/","logo":{"@type":"ImageObject","inLanguage":"fr-FR","@id":"https:\/\/www.public.sn\/#\/schema\/logo\/image\/","url":"https:\/\/www.public.sn\/wp-content\/uploads\/2024\/05\/cropped-LOGO-PUBLIC.SN_.png","contentUrl":"https:\/\/www.public.sn\/wp-content\/uploads\/2024\/05\/cropped-LOGO-PUBLIC.SN_.png","width":682,"height":192,"caption":"LE PUBLIC"},"image":{"@id":"https:\/\/www.public.sn\/#\/schema\/logo\/image\/"}},{"@type":"Person","@id":"https:\/\/www.public.sn\/#\/schema\/person\/cb76c8e1b8becc6be61fb5e92d6d0224","name":"LA REDACTION","image":{"@type":"ImageObject","inLanguage":"fr-FR","@id":"https:\/\/www.public.sn\/#\/schema\/person\/image\/","url":"https:\/\/secure.gravatar.com\/avatar\/2dce5ddd34b8fef0180efe03aa2a9bee7d953856048f9a16b298190a3178407c?s=96&d=mm&r=g","contentUrl":"https:\/\/secure.gravatar.com\/avatar\/2dce5ddd34b8fef0180efe03aa2a9bee7d953856048f9a16b298190a3178407c?s=96&d=mm&r=g","caption":"LA REDACTION"},"url":"https:\/\/www.public.sn\/index.php\/author\/editeurpsn\/"}]}},"jetpack_featured_media_url":"https:\/\/www.public.sn\/wp-content\/uploads\/2023\/02\/sathies.jpg","jetpack_sharing_enabled":true,"_links":{"self":[{"href":"https:\/\/www.public.sn\/index.php\/wp-json\/wp\/v2\/posts\/16613","targetHints":{"allow":["GET"]}}],"collection":[{"href":"https:\/\/www.public.sn\/index.php\/wp-json\/wp\/v2\/posts"}],"about":[{"href":"https:\/\/www.public.sn\/index.php\/wp-json\/wp\/v2\/types\/post"}],"author":[{"embeddable":true,"href":"https:\/\/www.public.sn\/index.php\/wp-json\/wp\/v2\/users\/7"}],"replies":[{"embeddable":true,"href":"https:\/\/www.public.sn\/index.php\/wp-json\/wp\/v2\/comments?post=16613"}],"version-history":[{"count":1,"href":"https:\/\/www.public.sn\/index.php\/wp-json\/wp\/v2\/posts\/16613\/revisions"}],"predecessor-version":[{"id":16615,"href":"https:\/\/www.public.sn\/index.php\/wp-json\/wp\/v2\/posts\/16613\/revisions\/16615"}],"wp:featuredmedia":[{"embeddable":true,"href":"https:\/\/www.public.sn\/index.php\/wp-json\/wp\/v2\/media\/16614"}],"wp:attachment":[{"href":"https:\/\/www.public.sn\/index.php\/wp-json\/wp\/v2\/media?parent=16613"}],"wp:term":[{"taxonomy":"category","embeddable":true,"href":"https:\/\/www.public.sn\/index.php\/wp-json\/wp\/v2\/categories?post=16613"},{"taxonomy":"post_tag","embeddable":true,"href":"https:\/\/www.public.sn\/index.php\/wp-json\/wp\/v2\/tags?post=16613"}],"curies":[{"name":"wp","href":"https:\/\/api.w.org\/{rel}","templated":true}]}}