{"id":16616,"date":"2023-02-27T11:59:25","date_gmt":"2023-02-27T11:59:25","guid":{"rendered":"https:\/\/www.public.sn\/?p=16616"},"modified":"2023-02-27T11:59:25","modified_gmt":"2023-02-27T11:59:25","slug":"talibe-pendu-a-diourbelun-meurtre-maquille-en-suicide","status":"publish","type":"post","link":"https:\/\/www.public.sn\/index.php\/2023\/02\/27\/talibe-pendu-a-diourbelun-meurtre-maquille-en-suicide\/","title":{"rendered":"Talib\u00e9 pendu \u00e0 Diourbel\u2026un meurtre maquill\u00e9 en suicide"},"content":{"rendered":"<p><strong>On en sait un peu plus sur l\u2019affaire d\u2019un jeune talib\u00e9 qui a \u00e9t\u00e9 retrouv\u00e9 mort, dans la nuit de jeudi \u00e0 vendredi dernier, dans une maison en construction, au quartier Ndayane de Diourbel.<\/strong><\/p><div class=\"publi-paragraphe1\" style=\"margin-top: 10px;margin-bottom: 10px;margin-left: auto;margin-right: auto;text-align: center;\" id=\"publi-3046768077\"><div class=\"publi-adlabel\">Publicit\u00e9<\/div><script async src=\"\/\/pagead2.googlesyndication.com\/pagead\/js\/adsbygoogle.js?client=ca-pub-4089586018074219\" crossorigin=\"anonymous\"><\/script><ins class=\"adsbygoogle\" style=\"display:block;\" data-ad-client=\"ca-pub-4089586018074219\" \ndata-ad-slot=\"2087940154\" \ndata-ad-format=\"auto\"><\/ins>\n<script> \n(adsbygoogle = window.adsbygoogle || []).push({}); \n<\/script>\n<\/div>\n<p>Selon Lib\u00e9ration, la victime a \u00e9t\u00e9 pendu par son camarade A. Ciss\u00e9 \u00e2g\u00e9 seulement de 13 ans. Le cou de la victime, M. Ciss\u00e9 (13 ans) \u00e9tait suspendu \u00e0 une corde attach\u00e9e \u00e0 une branche d\u2019un arbre alors que ses pieds touchaient le sol.<\/p>\n<div class=\"nty nty-post-middle nty-float-center nty-align-center nty-column-1 nty-clearfix no-bg-box-model\">\n<div id=\"nty-3576-130025071\" class=\"nty-container nty-type-code \" data-adid=\"3576\" data-type=\"code\">\n<div id=\"nty-3576-130025071-place\"><\/div>\n<\/div>\n<\/div>\n<p>D\u00e8s les premiers constats, les enqu\u00eateurs ont \u00e9cart\u00e9 la piste d\u2019un suicide. Le d\u00e9funt \u00e2g\u00e9 de 13 ans et habitant Dakar, avait \u00e9t\u00e9 amen\u00e9 par ses parents \u00e0 Diourbel afin d\u2019apprendre le Coran.<\/p>\n<p>Trois suspects dont le pr\u00e9sum\u00e9 meurtrier ont en garde \u00e0 vue au commissariat central de Diourbel, pr\u00e9cise la m\u00eame source.<\/p>\n<div class=\"publi-apres-le-contenu\" style=\"margin-top: 10px;margin-bottom: 10px;margin-left: auto;margin-right: auto;text-align: center;\" id=\"publi-3804119828\"><div class=\"publi-adlabel\">Publicit\u00e9<\/div><script async src=\"\/\/pagead2.googlesyndication.com\/pagead\/js\/adsbygoogle.js?client=ca-pub-4089586018074219\" crossorigin=\"anonymous\"><\/script><ins class=\"adsbygoogle\" style=\"display:block;\" data-ad-client=\"ca-pub-4089586018074219\" \ndata-ad-slot=\"2087940154\" \ndata-ad-format=\"auto\"><\/ins>\n<script> \n(adsbygoogle = window.adsbygoogle || []).push({}); \n<\/script>\n<\/div>","protected":false},"excerpt":{"rendered":"<p>On en sait un peu plus sur l\u2019affaire d\u2019un jeune talib\u00e9 qui a \u00e9t\u00e9 retrouv\u00e9 mort, dans la nuit de jeudi \u00e0 vendredi dernier, dans une maison en construction, au quartier Ndayane de Diourbel. Selon Lib\u00e9ration, la victime a \u00e9t\u00e9 pendu par son camarade A. Ciss\u00e9 \u00e2g\u00e9 seulement de 13 ans. Le cou de la victime, M. Ciss\u00e9 (13 ans) \u00e9tait suspendu \u00e0 une corde attach\u00e9e \u00e0 une branche d\u2019un arbre alors que ses pieds touchaient le sol. D\u00e8s les premiers constats, les enqu\u00eateurs ont \u00e9cart\u00e9 la piste d\u2019un suicide. Le d\u00e9funt \u00e2g\u00e9 de 13 ans et habitant Dakar, avait \u00e9t\u00e9 amen\u00e9 par ses parents \u00e0 Diourbel afin d\u2019apprendre le Coran. Trois suspects dont le pr\u00e9sum\u00e9 meurtrier ont en garde \u00e0 vue au commissariat central de Diourbel, pr\u00e9cise la m\u00eame source.<\/p>\n","protected":false},"author":7,"featured_media":16617,"comment_status":"open","ping_status":"open","sticky":false,"template":"","format":"standard","meta":{"_jetpack_memberships_contains_paid_content":false,"footnotes":""},"categories":[375,1051,854,379,3724,1574,376,1,4],"tags":[558,24,481,4290,1018],"class_list":["post-16616","post","type-post","status-publish","format-standard","has-post-thumbnail","hentry","category-actualites","category-drame","category-education","category-faits-divers","category-justice","category-sante","category-securite-justice","category-non-classe","category-societe","tag-diourbel","tag-justice","tag-meurtre","tag-pendaison","tag-talibe","entry","has-media","owp-thumbs-layout-horizontal","owp-btn-normal","owp-tabs-layout-horizontal","has-no-thumbnails","has-product-nav"],"yoast_head":"<!-- This site is optimized with the Yoast SEO plugin v25.5 - https:\/\/yoast.com\/wordpress\/plugins\/seo\/ -->\n<title>Talib\u00e9 pendu \u00e0 Diourbel\u2026un meurtre maquill\u00e9 en suicide - LE PUBLIC<\/title>\n<meta name=\"robots\" content=\"index, follow, max-snippet:-1, max-image-preview:large, max-video-preview:-1\" \/>\n<link rel=\"canonical\" href=\"https:\/\/www.public.sn\/index.php\/2023\/02\/27\/talibe-pendu-a-diourbelun-meurtre-maquille-en-suicide\/\" \/>\n<meta property=\"og:locale\" content=\"fr_FR\" \/>\n<meta property=\"og:type\" content=\"article\" \/>\n<meta property=\"og:title\" content=\"Talib\u00e9 pendu \u00e0 Diourbel\u2026un meurtre maquill\u00e9 en suicide - LE PUBLIC\" \/>\n<meta property=\"og:description\" content=\"On en sait un peu plus sur l\u2019affaire d\u2019un jeune talib\u00e9 qui a \u00e9t\u00e9 retrouv\u00e9 mort, dans la nuit de jeudi \u00e0 vendredi dernier, dans une maison en construction, au quartier Ndayane de Diourbel. Selon Lib\u00e9ration, la victime a \u00e9t\u00e9 pendu par son camarade A. Ciss\u00e9 \u00e2g\u00e9 seulement de 13 ans. Le cou de la victime, M. Ciss\u00e9 (13 ans) \u00e9tait suspendu \u00e0 une corde attach\u00e9e \u00e0 une branche d\u2019un arbre alors que ses pieds touchaient le sol. D\u00e8s les premiers constats, les enqu\u00eateurs ont \u00e9cart\u00e9 la piste d\u2019un suicide. Le d\u00e9funt \u00e2g\u00e9 de 13 ans et habitant Dakar, avait \u00e9t\u00e9 amen\u00e9 par ses parents \u00e0 Diourbel afin d\u2019apprendre le Coran. Trois suspects dont le pr\u00e9sum\u00e9 meurtrier ont en garde \u00e0 vue au commissariat central de Diourbel, pr\u00e9cise la m\u00eame source.\" \/>\n<meta property=\"og:url\" content=\"https:\/\/www.public.sn\/index.php\/2023\/02\/27\/talibe-pendu-a-diourbelun-meurtre-maquille-en-suicide\/\" \/>\n<meta property=\"og:site_name\" content=\"LE PUBLIC\" \/>\n<meta property=\"article:published_time\" content=\"2023-02-27T11:59:25+00:00\" \/>\n<meta property=\"og:image\" content=\"https:\/\/www.public.sn\/wp-content\/uploads\/2023\/02\/commissariat-de-Police-de-diourbel.jpeg\" \/>\n\t<meta property=\"og:image:width\" content=\"1024\" \/>\n\t<meta property=\"og:image:height\" content=\"512\" \/>\n\t<meta property=\"og:image:type\" content=\"image\/jpeg\" \/>\n<meta name=\"author\" content=\"LA REDACTION\" \/>\n<meta name=\"twitter:card\" content=\"summary_large_image\" \/>\n<meta name=\"twitter:label1\" content=\"\u00c9crit par\" \/>\n\t<meta name=\"twitter:data1\" content=\"LA REDACTION\" \/>\n\t<meta name=\"twitter:label2\" content=\"Dur\u00e9e de lecture estim\u00e9e\" \/>\n\t<meta name=\"twitter:data2\" content=\"1 minute\" \/>\n<script type=\"application\/ld+json\" class=\"yoast-schema-graph\">{\"@context\":\"https:\/\/schema.org\",\"@graph\":[{\"@type\":\"Article\",\"@id\":\"https:\/\/www.public.sn\/index.php\/2023\/02\/27\/talibe-pendu-a-diourbelun-meurtre-maquille-en-suicide\/#article\",\"isPartOf\":{\"@id\":\"https:\/\/www.public.sn\/index.php\/2023\/02\/27\/talibe-pendu-a-diourbelun-meurtre-maquille-en-suicide\/\"},\"author\":{\"name\":\"LA REDACTION\",\"@id\":\"https:\/\/www.public.sn\/#\/schema\/person\/cb76c8e1b8becc6be61fb5e92d6d0224\"},\"headline\":\"Talib\u00e9 pendu \u00e0 Diourbel\u2026un meurtre maquill\u00e9 en suicide\",\"datePublished\":\"2023-02-27T11:59:25+00:00\",\"mainEntityOfPage\":{\"@id\":\"https:\/\/www.public.sn\/index.php\/2023\/02\/27\/talibe-pendu-a-diourbelun-meurtre-maquille-en-suicide\/\"},\"wordCount\":144,\"commentCount\":0,\"publisher\":{\"@id\":\"https:\/\/www.public.sn\/#organization\"},\"image\":{\"@id\":\"https:\/\/www.public.sn\/index.php\/2023\/02\/27\/talibe-pendu-a-diourbelun-meurtre-maquille-en-suicide\/#primaryimage\"},\"thumbnailUrl\":\"https:\/\/www.public.sn\/wp-content\/uploads\/2023\/02\/commissariat-de-Police-de-diourbel.jpeg\",\"keywords\":[\"Diourbel\",\"Justice\",\"Meurtre\",\"Pendaison\",\"Talibe\"],\"articleSection\":[\"ACTUALIT\u00c9S\",\"DRAME\",\"\u00c9DUCATION\",\"FAITS DIVERS\",\"justice\",\"SANT\u00c9\",\"S\u00c9CURIT\u00c9 &amp; JUSTICE\",\"S\u00c9N\u00c9GAL\",\"SOCIETE\"],\"inLanguage\":\"fr-FR\",\"potentialAction\":[{\"@type\":\"CommentAction\",\"name\":\"Comment\",\"target\":[\"https:\/\/www.public.sn\/index.php\/2023\/02\/27\/talibe-pendu-a-diourbelun-meurtre-maquille-en-suicide\/#respond\"]}]},{\"@type\":\"WebPage\",\"@id\":\"https:\/\/www.public.sn\/index.php\/2023\/02\/27\/talibe-pendu-a-diourbelun-meurtre-maquille-en-suicide\/\",\"url\":\"https:\/\/www.public.sn\/index.php\/2023\/02\/27\/talibe-pendu-a-diourbelun-meurtre-maquille-en-suicide\/\",\"name\":\"Talib\u00e9 pendu \u00e0 Diourbel\u2026un meurtre maquill\u00e9 en suicide - LE PUBLIC\",\"isPartOf\":{\"@id\":\"https:\/\/www.public.sn\/#website\"},\"primaryImageOfPage\":{\"@id\":\"https:\/\/www.public.sn\/index.php\/2023\/02\/27\/talibe-pendu-a-diourbelun-meurtre-maquille-en-suicide\/#primaryimage\"},\"image\":{\"@id\":\"https:\/\/www.public.sn\/index.php\/2023\/02\/27\/talibe-pendu-a-diourbelun-meurtre-maquille-en-suicide\/#primaryimage\"},\"thumbnailUrl\":\"https:\/\/www.public.sn\/wp-content\/uploads\/2023\/02\/commissariat-de-Police-de-diourbel.jpeg\",\"datePublished\":\"2023-02-27T11:59:25+00:00\",\"breadcrumb\":{\"@id\":\"https:\/\/www.public.sn\/index.php\/2023\/02\/27\/talibe-pendu-a-diourbelun-meurtre-maquille-en-suicide\/#breadcrumb\"},\"inLanguage\":\"fr-FR\",\"potentialAction\":[{\"@type\":\"ReadAction\",\"target\":[\"https:\/\/www.public.sn\/index.php\/2023\/02\/27\/talibe-pendu-a-diourbelun-meurtre-maquille-en-suicide\/\"]}]},{\"@type\":\"ImageObject\",\"inLanguage\":\"fr-FR\",\"@id\":\"https:\/\/www.public.sn\/index.php\/2023\/02\/27\/talibe-pendu-a-diourbelun-meurtre-maquille-en-suicide\/#primaryimage\",\"url\":\"https:\/\/www.public.sn\/wp-content\/uploads\/2023\/02\/commissariat-de-Police-de-diourbel.jpeg\",\"contentUrl\":\"https:\/\/www.public.sn\/wp-content\/uploads\/2023\/02\/commissariat-de-Police-de-diourbel.jpeg\",\"width\":1024,\"height\":512},{\"@type\":\"BreadcrumbList\",\"@id\":\"https:\/\/www.public.sn\/index.php\/2023\/02\/27\/talibe-pendu-a-diourbelun-meurtre-maquille-en-suicide\/#breadcrumb\",\"itemListElement\":[{\"@type\":\"ListItem\",\"position\":1,\"name\":\"Accueil\",\"item\":\"https:\/\/www.public.sn\/\"},{\"@type\":\"ListItem\",\"position\":2,\"name\":\"Talib\u00e9 pendu \u00e0 Diourbel\u2026un meurtre maquill\u00e9 en suicide\"}]},{\"@type\":\"WebSite\",\"@id\":\"https:\/\/www.public.sn\/#website\",\"url\":\"https:\/\/www.public.sn\/\",\"name\":\"LE PUBLIC\",\"description\":\"\",\"publisher\":{\"@id\":\"https:\/\/www.public.sn\/#organization\"},\"potentialAction\":[{\"@type\":\"SearchAction\",\"target\":{\"@type\":\"EntryPoint\",\"urlTemplate\":\"https:\/\/www.public.sn\/?s={search_term_string}\"},\"query-input\":{\"@type\":\"PropertyValueSpecification\",\"valueRequired\":true,\"valueName\":\"search_term_string\"}}],\"inLanguage\":\"fr-FR\"},{\"@type\":\"Organization\",\"@id\":\"https:\/\/www.public.sn\/#organization\",\"name\":\"LE PUBLIC\",\"url\":\"https:\/\/www.public.sn\/\",\"logo\":{\"@type\":\"ImageObject\",\"inLanguage\":\"fr-FR\",\"@id\":\"https:\/\/www.public.sn\/#\/schema\/logo\/image\/\",\"url\":\"https:\/\/www.public.sn\/wp-content\/uploads\/2024\/05\/cropped-LOGO-PUBLIC.SN_.png\",\"contentUrl\":\"https:\/\/www.public.sn\/wp-content\/uploads\/2024\/05\/cropped-LOGO-PUBLIC.SN_.png\",\"width\":682,\"height\":192,\"caption\":\"LE PUBLIC\"},\"image\":{\"@id\":\"https:\/\/www.public.sn\/#\/schema\/logo\/image\/\"}},{\"@type\":\"Person\",\"@id\":\"https:\/\/www.public.sn\/#\/schema\/person\/cb76c8e1b8becc6be61fb5e92d6d0224\",\"name\":\"LA REDACTION\",\"image\":{\"@type\":\"ImageObject\",\"inLanguage\":\"fr-FR\",\"@id\":\"https:\/\/www.public.sn\/#\/schema\/person\/image\/\",\"url\":\"https:\/\/secure.gravatar.com\/avatar\/2dce5ddd34b8fef0180efe03aa2a9bee7d953856048f9a16b298190a3178407c?s=96&d=mm&r=g\",\"contentUrl\":\"https:\/\/secure.gravatar.com\/avatar\/2dce5ddd34b8fef0180efe03aa2a9bee7d953856048f9a16b298190a3178407c?s=96&d=mm&r=g\",\"caption\":\"LA REDACTION\"},\"url\":\"https:\/\/www.public.sn\/index.php\/author\/editeurpsn\/\"}]}<\/script>\n<!-- \/ Yoast SEO plugin. -->","yoast_head_json":{"title":"Talib\u00e9 pendu \u00e0 Diourbel\u2026un meurtre maquill\u00e9 en suicide - LE PUBLIC","robots":{"index":"index","follow":"follow","max-snippet":"max-snippet:-1","max-image-preview":"max-image-preview:large","max-video-preview":"max-video-preview:-1"},"canonical":"https:\/\/www.public.sn\/index.php\/2023\/02\/27\/talibe-pendu-a-diourbelun-meurtre-maquille-en-suicide\/","og_locale":"fr_FR","og_type":"article","og_title":"Talib\u00e9 pendu \u00e0 Diourbel\u2026un meurtre maquill\u00e9 en suicide - LE PUBLIC","og_description":"On en sait un peu plus sur l\u2019affaire d\u2019un jeune talib\u00e9 qui a \u00e9t\u00e9 retrouv\u00e9 mort, dans la nuit de jeudi \u00e0 vendredi dernier, dans une maison en construction, au quartier Ndayane de Diourbel. Selon Lib\u00e9ration, la victime a \u00e9t\u00e9 pendu par son camarade A. Ciss\u00e9 \u00e2g\u00e9 seulement de 13 ans. Le cou de la victime, M. Ciss\u00e9 (13 ans) \u00e9tait suspendu \u00e0 une corde attach\u00e9e \u00e0 une branche d\u2019un arbre alors que ses pieds touchaient le sol. D\u00e8s les premiers constats, les enqu\u00eateurs ont \u00e9cart\u00e9 la piste d\u2019un suicide. Le d\u00e9funt \u00e2g\u00e9 de 13 ans et habitant Dakar, avait \u00e9t\u00e9 amen\u00e9 par ses parents \u00e0 Diourbel afin d\u2019apprendre le Coran. Trois suspects dont le pr\u00e9sum\u00e9 meurtrier ont en garde \u00e0 vue au commissariat central de Diourbel, pr\u00e9cise la m\u00eame source.","og_url":"https:\/\/www.public.sn\/index.php\/2023\/02\/27\/talibe-pendu-a-diourbelun-meurtre-maquille-en-suicide\/","og_site_name":"LE PUBLIC","article_published_time":"2023-02-27T11:59:25+00:00","og_image":[{"width":1024,"height":512,"url":"https:\/\/www.public.sn\/wp-content\/uploads\/2023\/02\/commissariat-de-Police-de-diourbel.jpeg","type":"image\/jpeg"}],"author":"LA REDACTION","twitter_card":"summary_large_image","twitter_misc":{"\u00c9crit par":"LA REDACTION","Dur\u00e9e de lecture estim\u00e9e":"1 minute"},"schema":{"@context":"https:\/\/schema.org","@graph":[{"@type":"Article","@id":"https:\/\/www.public.sn\/index.php\/2023\/02\/27\/talibe-pendu-a-diourbelun-meurtre-maquille-en-suicide\/#article","isPartOf":{"@id":"https:\/\/www.public.sn\/index.php\/2023\/02\/27\/talibe-pendu-a-diourbelun-meurtre-maquille-en-suicide\/"},"author":{"name":"LA REDACTION","@id":"https:\/\/www.public.sn\/#\/schema\/person\/cb76c8e1b8becc6be61fb5e92d6d0224"},"headline":"Talib\u00e9 pendu \u00e0 Diourbel\u2026un meurtre maquill\u00e9 en suicide","datePublished":"2023-02-27T11:59:25+00:00","mainEntityOfPage":{"@id":"https:\/\/www.public.sn\/index.php\/2023\/02\/27\/talibe-pendu-a-diourbelun-meurtre-maquille-en-suicide\/"},"wordCount":144,"commentCount":0,"publisher":{"@id":"https:\/\/www.public.sn\/#organization"},"image":{"@id":"https:\/\/www.public.sn\/index.php\/2023\/02\/27\/talibe-pendu-a-diourbelun-meurtre-maquille-en-suicide\/#primaryimage"},"thumbnailUrl":"https:\/\/www.public.sn\/wp-content\/uploads\/2023\/02\/commissariat-de-Police-de-diourbel.jpeg","keywords":["Diourbel","Justice","Meurtre","Pendaison","Talibe"],"articleSection":["ACTUALIT\u00c9S","DRAME","\u00c9DUCATION","FAITS DIVERS","justice","SANT\u00c9","S\u00c9CURIT\u00c9 &amp; JUSTICE","S\u00c9N\u00c9GAL","SOCIETE"],"inLanguage":"fr-FR","potentialAction":[{"@type":"CommentAction","name":"Comment","target":["https:\/\/www.public.sn\/index.php\/2023\/02\/27\/talibe-pendu-a-diourbelun-meurtre-maquille-en-suicide\/#respond"]}]},{"@type":"WebPage","@id":"https:\/\/www.public.sn\/index.php\/2023\/02\/27\/talibe-pendu-a-diourbelun-meurtre-maquille-en-suicide\/","url":"https:\/\/www.public.sn\/index.php\/2023\/02\/27\/talibe-pendu-a-diourbelun-meurtre-maquille-en-suicide\/","name":"Talib\u00e9 pendu \u00e0 Diourbel\u2026un meurtre maquill\u00e9 en suicide - LE PUBLIC","isPartOf":{"@id":"https:\/\/www.public.sn\/#website"},"primaryImageOfPage":{"@id":"https:\/\/www.public.sn\/index.php\/2023\/02\/27\/talibe-pendu-a-diourbelun-meurtre-maquille-en-suicide\/#primaryimage"},"image":{"@id":"https:\/\/www.public.sn\/index.php\/2023\/02\/27\/talibe-pendu-a-diourbelun-meurtre-maquille-en-suicide\/#primaryimage"},"thumbnailUrl":"https:\/\/www.public.sn\/wp-content\/uploads\/2023\/02\/commissariat-de-Police-de-diourbel.jpeg","datePublished":"2023-02-27T11:59:25+00:00","breadcrumb":{"@id":"https:\/\/www.public.sn\/index.php\/2023\/02\/27\/talibe-pendu-a-diourbelun-meurtre-maquille-en-suicide\/#breadcrumb"},"inLanguage":"fr-FR","potentialAction":[{"@type":"ReadAction","target":["https:\/\/www.public.sn\/index.php\/2023\/02\/27\/talibe-pendu-a-diourbelun-meurtre-maquille-en-suicide\/"]}]},{"@type":"ImageObject","inLanguage":"fr-FR","@id":"https:\/\/www.public.sn\/index.php\/2023\/02\/27\/talibe-pendu-a-diourbelun-meurtre-maquille-en-suicide\/#primaryimage","url":"https:\/\/www.public.sn\/wp-content\/uploads\/2023\/02\/commissariat-de-Police-de-diourbel.jpeg","contentUrl":"https:\/\/www.public.sn\/wp-content\/uploads\/2023\/02\/commissariat-de-Police-de-diourbel.jpeg","width":1024,"height":512},{"@type":"BreadcrumbList","@id":"https:\/\/www.public.sn\/index.php\/2023\/02\/27\/talibe-pendu-a-diourbelun-meurtre-maquille-en-suicide\/#breadcrumb","itemListElement":[{"@type":"ListItem","position":1,"name":"Accueil","item":"https:\/\/www.public.sn\/"},{"@type":"ListItem","position":2,"name":"Talib\u00e9 pendu \u00e0 Diourbel\u2026un meurtre maquill\u00e9 en suicide"}]},{"@type":"WebSite","@id":"https:\/\/www.public.sn\/#website","url":"https:\/\/www.public.sn\/","name":"LE PUBLIC","description":"","publisher":{"@id":"https:\/\/www.public.sn\/#organization"},"potentialAction":[{"@type":"SearchAction","target":{"@type":"EntryPoint","urlTemplate":"https:\/\/www.public.sn\/?s={search_term_string}"},"query-input":{"@type":"PropertyValueSpecification","valueRequired":true,"valueName":"search_term_string"}}],"inLanguage":"fr-FR"},{"@type":"Organization","@id":"https:\/\/www.public.sn\/#organization","name":"LE PUBLIC","url":"https:\/\/www.public.sn\/","logo":{"@type":"ImageObject","inLanguage":"fr-FR","@id":"https:\/\/www.public.sn\/#\/schema\/logo\/image\/","url":"https:\/\/www.public.sn\/wp-content\/uploads\/2024\/05\/cropped-LOGO-PUBLIC.SN_.png","contentUrl":"https:\/\/www.public.sn\/wp-content\/uploads\/2024\/05\/cropped-LOGO-PUBLIC.SN_.png","width":682,"height":192,"caption":"LE PUBLIC"},"image":{"@id":"https:\/\/www.public.sn\/#\/schema\/logo\/image\/"}},{"@type":"Person","@id":"https:\/\/www.public.sn\/#\/schema\/person\/cb76c8e1b8becc6be61fb5e92d6d0224","name":"LA REDACTION","image":{"@type":"ImageObject","inLanguage":"fr-FR","@id":"https:\/\/www.public.sn\/#\/schema\/person\/image\/","url":"https:\/\/secure.gravatar.com\/avatar\/2dce5ddd34b8fef0180efe03aa2a9bee7d953856048f9a16b298190a3178407c?s=96&d=mm&r=g","contentUrl":"https:\/\/secure.gravatar.com\/avatar\/2dce5ddd34b8fef0180efe03aa2a9bee7d953856048f9a16b298190a3178407c?s=96&d=mm&r=g","caption":"LA REDACTION"},"url":"https:\/\/www.public.sn\/index.php\/author\/editeurpsn\/"}]}},"jetpack_featured_media_url":"https:\/\/www.public.sn\/wp-content\/uploads\/2023\/02\/commissariat-de-Police-de-diourbel.jpeg","jetpack_sharing_enabled":true,"_links":{"self":[{"href":"https:\/\/www.public.sn\/index.php\/wp-json\/wp\/v2\/posts\/16616","targetHints":{"allow":["GET"]}}],"collection":[{"href":"https:\/\/www.public.sn\/index.php\/wp-json\/wp\/v2\/posts"}],"about":[{"href":"https:\/\/www.public.sn\/index.php\/wp-json\/wp\/v2\/types\/post"}],"author":[{"embeddable":true,"href":"https:\/\/www.public.sn\/index.php\/wp-json\/wp\/v2\/users\/7"}],"replies":[{"embeddable":true,"href":"https:\/\/www.public.sn\/index.php\/wp-json\/wp\/v2\/comments?post=16616"}],"version-history":[{"count":1,"href":"https:\/\/www.public.sn\/index.php\/wp-json\/wp\/v2\/posts\/16616\/revisions"}],"predecessor-version":[{"id":16618,"href":"https:\/\/www.public.sn\/index.php\/wp-json\/wp\/v2\/posts\/16616\/revisions\/16618"}],"wp:featuredmedia":[{"embeddable":true,"href":"https:\/\/www.public.sn\/index.php\/wp-json\/wp\/v2\/media\/16617"}],"wp:attachment":[{"href":"https:\/\/www.public.sn\/index.php\/wp-json\/wp\/v2\/media?parent=16616"}],"wp:term":[{"taxonomy":"category","embeddable":true,"href":"https:\/\/www.public.sn\/index.php\/wp-json\/wp\/v2\/categories?post=16616"},{"taxonomy":"post_tag","embeddable":true,"href":"https:\/\/www.public.sn\/index.php\/wp-json\/wp\/v2\/tags?post=16616"}],"curies":[{"name":"wp","href":"https:\/\/api.w.org\/{rel}","templated":true}]}}