{"id":16632,"date":"2023-02-27T13:17:28","date_gmt":"2023-02-27T13:17:28","guid":{"rendered":"https:\/\/www.public.sn\/?p=16632"},"modified":"2023-02-27T13:17:28","modified_gmt":"2023-02-27T13:17:28","slug":"quatre-4-magistrats-ejectes-du-conseil-superieur-de-la-magistrature","status":"publish","type":"post","link":"https:\/\/www.public.sn\/index.php\/2023\/02\/27\/quatre-4-magistrats-ejectes-du-conseil-superieur-de-la-magistrature\/","title":{"rendered":"Quatre (4) magistrats \u00e9ject\u00e9s du Conseil sup\u00e9rieur de la Magistrature"},"content":{"rendered":"<p>D\u00e9sormais, y en a de ces magistrats qui si\u00e9geaient au Conseil sup\u00e9rieur de la Magistrature qui ne verront plus les murs de la Salle qui abrite les r\u00e9unions de ladite Instance. Selon Source A, ils ont \u00e9t\u00e9 \u00e9ject\u00e9s du Conseil.<\/p><div class=\"publi-paragraphe1\" style=\"margin-top: 10px;margin-bottom: 10px;margin-left: auto;margin-right: auto;text-align: center;\" id=\"publi-1513217476\"><div class=\"publi-adlabel\">Publicit\u00e9<\/div><script async src=\"\/\/pagead2.googlesyndication.com\/pagead\/js\/adsbygoogle.js?client=ca-pub-4089586018074219\" crossorigin=\"anonymous\"><\/script><ins class=\"adsbygoogle\" style=\"display:block;\" data-ad-client=\"ca-pub-4089586018074219\" \ndata-ad-slot=\"2087940154\" \ndata-ad-format=\"auto\"><\/ins>\n<script> \n(adsbygoogle = window.adsbygoogle || []).push({}); \n<\/script>\n<\/div>\n<p>Parmi eux, Ali Cir\u00e9 Ba qui a \u00e9t\u00e9 nomm\u00e9 premier pr\u00e9sident de la Cour supr\u00eame et qui \u00e9tait pr\u00e9c\u00e9demment premier pr\u00e9sident de la Cour d\u2019appel conserve son si\u00e8ge au niveau du Conseil sup\u00e9rieur de la Magistrature.<\/p>\n<div class=\"nty nty-post-middle nty-float-center nty-align-center nty-column-1 nty-clearfix no-bg-box-model\">\n<div id=\"nty-3576-81698239\" class=\"nty-container nty-type-code \" data-adid=\"3576\" data-type=\"code\">\n<div id=\"nty-3576-81698239-place\"><\/div>\n<\/div>\n<\/div>\n<p><strong>Cheikh Ndiaye<\/strong>, qui \u00e9tait le premier pr\u00e9sident de la Cour d\u2019appel de Saint-Louis, perd, quant \u00e0 lui, son poste de membre du Conseil sup\u00e9rieur de la Magistrature. Il en est de m\u00eame pour\u00a0<strong>Alpha<\/strong>\u00a0<strong>Ousseyni Diallo<\/strong>, qui \u00e9tait procureur g\u00e9n\u00e9ral Pr\u00e8s la Cour de Kaolack, qui est devenu premier avocat g\u00e9n\u00e9ral Pr\u00e8s la Cour Supr\u00eame.<\/p>\n<p><strong>Ousmane Diagne<\/strong>\u00a0pr\u00e9c\u00e9demment procureur g\u00e9n\u00e9ral Pr\u00e8s la Cour d\u2019Appel de Dakar, devenu Premier avocat g\u00e9n\u00e9ral Pr\u00e8s la Cour Supr\u00eame, a connu le m\u00eame sort. De m\u00eame que\u00a0<strong>Mame Cor Ndour<\/strong>, d\u00e9sormais ancien procureur g\u00e9n\u00e9ral Pr\u00e8s la Cour d\u2019appel de Ziguinchor.<\/p>\n<div class=\"publi-apres-le-contenu\" style=\"margin-top: 10px;margin-bottom: 10px;margin-left: auto;margin-right: auto;text-align: center;\" id=\"publi-4220702269\"><div class=\"publi-adlabel\">Publicit\u00e9<\/div><script async src=\"\/\/pagead2.googlesyndication.com\/pagead\/js\/adsbygoogle.js?client=ca-pub-4089586018074219\" crossorigin=\"anonymous\"><\/script><ins class=\"adsbygoogle\" style=\"display:block;\" data-ad-client=\"ca-pub-4089586018074219\" \ndata-ad-slot=\"2087940154\" \ndata-ad-format=\"auto\"><\/ins>\n<script> \n(adsbygoogle = window.adsbygoogle || []).push({}); \n<\/script>\n<\/div>","protected":false},"excerpt":{"rendered":"<p>D\u00e9sormais, y en a de ces magistrats qui si\u00e9geaient au Conseil sup\u00e9rieur de la Magistrature qui ne verront plus les murs de la Salle qui abrite les r\u00e9unions de ladite Instance. Selon Source A, ils ont \u00e9t\u00e9 \u00e9ject\u00e9s du Conseil. Parmi eux, Ali Cir\u00e9 Ba qui a \u00e9t\u00e9 nomm\u00e9 premier pr\u00e9sident de la Cour supr\u00eame et qui \u00e9tait pr\u00e9c\u00e9demment premier pr\u00e9sident de la Cour d\u2019appel conserve son si\u00e8ge au niveau du Conseil sup\u00e9rieur de la Magistrature. Cheikh Ndiaye, qui \u00e9tait le premier pr\u00e9sident de la Cour d\u2019appel de Saint-Louis, perd, quant \u00e0 lui, son poste de membre du Conseil sup\u00e9rieur de la Magistrature. Il en est de m\u00eame pour\u00a0Alpha\u00a0Ousseyni Diallo, qui \u00e9tait procureur g\u00e9n\u00e9ral Pr\u00e8s la Cour de Kaolack, qui est devenu premier avocat g\u00e9n\u00e9ral Pr\u00e8s la Cour Supr\u00eame. Ousmane Diagne\u00a0pr\u00e9c\u00e9demment procureur g\u00e9n\u00e9ral Pr\u00e8s la Cour d\u2019Appel de Dakar, devenu Premier avocat g\u00e9n\u00e9ral Pr\u00e8s la Cour Supr\u00eame, a connu le m\u00eame sort. De m\u00eame que\u00a0Mame Cor Ndour, d\u00e9sormais ancien procureur g\u00e9n\u00e9ral Pr\u00e8s la Cour d\u2019appel de Ziguinchor.<\/p>\n","protected":false},"author":7,"featured_media":16633,"comment_status":"open","ping_status":"open","sticky":false,"template":"","format":"standard","meta":{"_jetpack_memberships_contains_paid_content":false,"footnotes":""},"categories":[375,3724,3,376,1],"tags":[24,264],"class_list":["post-16632","post","type-post","status-publish","format-standard","has-post-thumbnail","hentry","category-actualites","category-justice","category-politique","category-securite-justice","category-non-classe","tag-justice","tag-magistrat","entry","has-media","owp-thumbs-layout-horizontal","owp-btn-normal","owp-tabs-layout-horizontal","has-no-thumbnails","has-product-nav"],"yoast_head":"<!-- This site is optimized with the Yoast SEO plugin v25.5 - https:\/\/yoast.com\/wordpress\/plugins\/seo\/ -->\n<title>Quatre (4) magistrats \u00e9ject\u00e9s du Conseil sup\u00e9rieur de la Magistrature - LE PUBLIC<\/title>\n<meta name=\"robots\" content=\"index, follow, max-snippet:-1, max-image-preview:large, max-video-preview:-1\" \/>\n<link rel=\"canonical\" href=\"https:\/\/www.public.sn\/index.php\/2023\/02\/27\/quatre-4-magistrats-ejectes-du-conseil-superieur-de-la-magistrature\/\" \/>\n<meta property=\"og:locale\" content=\"fr_FR\" \/>\n<meta property=\"og:type\" content=\"article\" \/>\n<meta property=\"og:title\" content=\"Quatre (4) magistrats \u00e9ject\u00e9s du Conseil sup\u00e9rieur de la Magistrature - LE PUBLIC\" \/>\n<meta property=\"og:description\" content=\"D\u00e9sormais, y en a de ces magistrats qui si\u00e9geaient au Conseil sup\u00e9rieur de la Magistrature qui ne verront plus les murs de la Salle qui abrite les r\u00e9unions de ladite Instance. Selon Source A, ils ont \u00e9t\u00e9 \u00e9ject\u00e9s du Conseil. Parmi eux, Ali Cir\u00e9 Ba qui a \u00e9t\u00e9 nomm\u00e9 premier pr\u00e9sident de la Cour supr\u00eame et qui \u00e9tait pr\u00e9c\u00e9demment premier pr\u00e9sident de la Cour d\u2019appel conserve son si\u00e8ge au niveau du Conseil sup\u00e9rieur de la Magistrature. Cheikh Ndiaye, qui \u00e9tait le premier pr\u00e9sident de la Cour d\u2019appel de Saint-Louis, perd, quant \u00e0 lui, son poste de membre du Conseil sup\u00e9rieur de la Magistrature. Il en est de m\u00eame pour\u00a0Alpha\u00a0Ousseyni Diallo, qui \u00e9tait procureur g\u00e9n\u00e9ral Pr\u00e8s la Cour de Kaolack, qui est devenu premier avocat g\u00e9n\u00e9ral Pr\u00e8s la Cour Supr\u00eame. Ousmane Diagne\u00a0pr\u00e9c\u00e9demment procureur g\u00e9n\u00e9ral Pr\u00e8s la Cour d\u2019Appel de Dakar, devenu Premier avocat g\u00e9n\u00e9ral Pr\u00e8s la Cour Supr\u00eame, a connu le m\u00eame sort. De m\u00eame que\u00a0Mame Cor Ndour, d\u00e9sormais ancien procureur g\u00e9n\u00e9ral Pr\u00e8s la Cour d\u2019appel de Ziguinchor.\" \/>\n<meta property=\"og:url\" content=\"https:\/\/www.public.sn\/index.php\/2023\/02\/27\/quatre-4-magistrats-ejectes-du-conseil-superieur-de-la-magistrature\/\" \/>\n<meta property=\"og:site_name\" content=\"LE PUBLIC\" \/>\n<meta property=\"article:published_time\" content=\"2023-02-27T13:17:28+00:00\" \/>\n<meta property=\"og:image\" content=\"https:\/\/www.public.sn\/wp-content\/uploads\/2023\/02\/magistrats_22.jpg\" \/>\n\t<meta property=\"og:image:width\" content=\"800\" \/>\n\t<meta property=\"og:image:height\" content=\"426\" \/>\n\t<meta property=\"og:image:type\" content=\"image\/jpeg\" \/>\n<meta name=\"author\" content=\"LA REDACTION\" \/>\n<meta name=\"twitter:card\" content=\"summary_large_image\" \/>\n<meta name=\"twitter:label1\" content=\"\u00c9crit par\" \/>\n\t<meta name=\"twitter:data1\" content=\"LA REDACTION\" \/>\n\t<meta name=\"twitter:label2\" content=\"Dur\u00e9e de lecture estim\u00e9e\" \/>\n\t<meta name=\"twitter:data2\" content=\"1 minute\" \/>\n<script type=\"application\/ld+json\" class=\"yoast-schema-graph\">{\"@context\":\"https:\/\/schema.org\",\"@graph\":[{\"@type\":\"Article\",\"@id\":\"https:\/\/www.public.sn\/index.php\/2023\/02\/27\/quatre-4-magistrats-ejectes-du-conseil-superieur-de-la-magistrature\/#article\",\"isPartOf\":{\"@id\":\"https:\/\/www.public.sn\/index.php\/2023\/02\/27\/quatre-4-magistrats-ejectes-du-conseil-superieur-de-la-magistrature\/\"},\"author\":{\"name\":\"LA REDACTION\",\"@id\":\"https:\/\/www.public.sn\/#\/schema\/person\/cb76c8e1b8becc6be61fb5e92d6d0224\"},\"headline\":\"Quatre (4) magistrats \u00e9ject\u00e9s du Conseil sup\u00e9rieur de la Magistrature\",\"datePublished\":\"2023-02-27T13:17:28+00:00\",\"mainEntityOfPage\":{\"@id\":\"https:\/\/www.public.sn\/index.php\/2023\/02\/27\/quatre-4-magistrats-ejectes-du-conseil-superieur-de-la-magistrature\/\"},\"wordCount\":222,\"commentCount\":0,\"publisher\":{\"@id\":\"https:\/\/www.public.sn\/#organization\"},\"image\":{\"@id\":\"https:\/\/www.public.sn\/index.php\/2023\/02\/27\/quatre-4-magistrats-ejectes-du-conseil-superieur-de-la-magistrature\/#primaryimage\"},\"thumbnailUrl\":\"https:\/\/www.public.sn\/wp-content\/uploads\/2023\/02\/magistrats_22.jpg\",\"keywords\":[\"Justice\",\"Magistrat\"],\"articleSection\":[\"ACTUALIT\u00c9S\",\"justice\",\"POLITIQUE\",\"S\u00c9CURIT\u00c9 &amp; JUSTICE\",\"S\u00c9N\u00c9GAL\"],\"inLanguage\":\"fr-FR\",\"potentialAction\":[{\"@type\":\"CommentAction\",\"name\":\"Comment\",\"target\":[\"https:\/\/www.public.sn\/index.php\/2023\/02\/27\/quatre-4-magistrats-ejectes-du-conseil-superieur-de-la-magistrature\/#respond\"]}]},{\"@type\":\"WebPage\",\"@id\":\"https:\/\/www.public.sn\/index.php\/2023\/02\/27\/quatre-4-magistrats-ejectes-du-conseil-superieur-de-la-magistrature\/\",\"url\":\"https:\/\/www.public.sn\/index.php\/2023\/02\/27\/quatre-4-magistrats-ejectes-du-conseil-superieur-de-la-magistrature\/\",\"name\":\"Quatre (4) magistrats \u00e9ject\u00e9s du Conseil sup\u00e9rieur de la Magistrature - LE PUBLIC\",\"isPartOf\":{\"@id\":\"https:\/\/www.public.sn\/#website\"},\"primaryImageOfPage\":{\"@id\":\"https:\/\/www.public.sn\/index.php\/2023\/02\/27\/quatre-4-magistrats-ejectes-du-conseil-superieur-de-la-magistrature\/#primaryimage\"},\"image\":{\"@id\":\"https:\/\/www.public.sn\/index.php\/2023\/02\/27\/quatre-4-magistrats-ejectes-du-conseil-superieur-de-la-magistrature\/#primaryimage\"},\"thumbnailUrl\":\"https:\/\/www.public.sn\/wp-content\/uploads\/2023\/02\/magistrats_22.jpg\",\"datePublished\":\"2023-02-27T13:17:28+00:00\",\"breadcrumb\":{\"@id\":\"https:\/\/www.public.sn\/index.php\/2023\/02\/27\/quatre-4-magistrats-ejectes-du-conseil-superieur-de-la-magistrature\/#breadcrumb\"},\"inLanguage\":\"fr-FR\",\"potentialAction\":[{\"@type\":\"ReadAction\",\"target\":[\"https:\/\/www.public.sn\/index.php\/2023\/02\/27\/quatre-4-magistrats-ejectes-du-conseil-superieur-de-la-magistrature\/\"]}]},{\"@type\":\"ImageObject\",\"inLanguage\":\"fr-FR\",\"@id\":\"https:\/\/www.public.sn\/index.php\/2023\/02\/27\/quatre-4-magistrats-ejectes-du-conseil-superieur-de-la-magistrature\/#primaryimage\",\"url\":\"https:\/\/www.public.sn\/wp-content\/uploads\/2023\/02\/magistrats_22.jpg\",\"contentUrl\":\"https:\/\/www.public.sn\/wp-content\/uploads\/2023\/02\/magistrats_22.jpg\",\"width\":800,\"height\":426},{\"@type\":\"BreadcrumbList\",\"@id\":\"https:\/\/www.public.sn\/index.php\/2023\/02\/27\/quatre-4-magistrats-ejectes-du-conseil-superieur-de-la-magistrature\/#breadcrumb\",\"itemListElement\":[{\"@type\":\"ListItem\",\"position\":1,\"name\":\"Accueil\",\"item\":\"https:\/\/www.public.sn\/\"},{\"@type\":\"ListItem\",\"position\":2,\"name\":\"Quatre (4) magistrats \u00e9ject\u00e9s du Conseil sup\u00e9rieur de la Magistrature\"}]},{\"@type\":\"WebSite\",\"@id\":\"https:\/\/www.public.sn\/#website\",\"url\":\"https:\/\/www.public.sn\/\",\"name\":\"LE PUBLIC\",\"description\":\"\",\"publisher\":{\"@id\":\"https:\/\/www.public.sn\/#organization\"},\"potentialAction\":[{\"@type\":\"SearchAction\",\"target\":{\"@type\":\"EntryPoint\",\"urlTemplate\":\"https:\/\/www.public.sn\/?s={search_term_string}\"},\"query-input\":{\"@type\":\"PropertyValueSpecification\",\"valueRequired\":true,\"valueName\":\"search_term_string\"}}],\"inLanguage\":\"fr-FR\"},{\"@type\":\"Organization\",\"@id\":\"https:\/\/www.public.sn\/#organization\",\"name\":\"LE PUBLIC\",\"url\":\"https:\/\/www.public.sn\/\",\"logo\":{\"@type\":\"ImageObject\",\"inLanguage\":\"fr-FR\",\"@id\":\"https:\/\/www.public.sn\/#\/schema\/logo\/image\/\",\"url\":\"https:\/\/www.public.sn\/wp-content\/uploads\/2024\/05\/cropped-LOGO-PUBLIC.SN_.png\",\"contentUrl\":\"https:\/\/www.public.sn\/wp-content\/uploads\/2024\/05\/cropped-LOGO-PUBLIC.SN_.png\",\"width\":682,\"height\":192,\"caption\":\"LE PUBLIC\"},\"image\":{\"@id\":\"https:\/\/www.public.sn\/#\/schema\/logo\/image\/\"}},{\"@type\":\"Person\",\"@id\":\"https:\/\/www.public.sn\/#\/schema\/person\/cb76c8e1b8becc6be61fb5e92d6d0224\",\"name\":\"LA REDACTION\",\"image\":{\"@type\":\"ImageObject\",\"inLanguage\":\"fr-FR\",\"@id\":\"https:\/\/www.public.sn\/#\/schema\/person\/image\/\",\"url\":\"https:\/\/secure.gravatar.com\/avatar\/2dce5ddd34b8fef0180efe03aa2a9bee7d953856048f9a16b298190a3178407c?s=96&d=mm&r=g\",\"contentUrl\":\"https:\/\/secure.gravatar.com\/avatar\/2dce5ddd34b8fef0180efe03aa2a9bee7d953856048f9a16b298190a3178407c?s=96&d=mm&r=g\",\"caption\":\"LA REDACTION\"},\"url\":\"https:\/\/www.public.sn\/index.php\/author\/editeurpsn\/\"}]}<\/script>\n<!-- \/ Yoast SEO plugin. -->","yoast_head_json":{"title":"Quatre (4) magistrats \u00e9ject\u00e9s du Conseil sup\u00e9rieur de la Magistrature - LE PUBLIC","robots":{"index":"index","follow":"follow","max-snippet":"max-snippet:-1","max-image-preview":"max-image-preview:large","max-video-preview":"max-video-preview:-1"},"canonical":"https:\/\/www.public.sn\/index.php\/2023\/02\/27\/quatre-4-magistrats-ejectes-du-conseil-superieur-de-la-magistrature\/","og_locale":"fr_FR","og_type":"article","og_title":"Quatre (4) magistrats \u00e9ject\u00e9s du Conseil sup\u00e9rieur de la Magistrature - LE PUBLIC","og_description":"D\u00e9sormais, y en a de ces magistrats qui si\u00e9geaient au Conseil sup\u00e9rieur de la Magistrature qui ne verront plus les murs de la Salle qui abrite les r\u00e9unions de ladite Instance. Selon Source A, ils ont \u00e9t\u00e9 \u00e9ject\u00e9s du Conseil. Parmi eux, Ali Cir\u00e9 Ba qui a \u00e9t\u00e9 nomm\u00e9 premier pr\u00e9sident de la Cour supr\u00eame et qui \u00e9tait pr\u00e9c\u00e9demment premier pr\u00e9sident de la Cour d\u2019appel conserve son si\u00e8ge au niveau du Conseil sup\u00e9rieur de la Magistrature. Cheikh Ndiaye, qui \u00e9tait le premier pr\u00e9sident de la Cour d\u2019appel de Saint-Louis, perd, quant \u00e0 lui, son poste de membre du Conseil sup\u00e9rieur de la Magistrature. Il en est de m\u00eame pour\u00a0Alpha\u00a0Ousseyni Diallo, qui \u00e9tait procureur g\u00e9n\u00e9ral Pr\u00e8s la Cour de Kaolack, qui est devenu premier avocat g\u00e9n\u00e9ral Pr\u00e8s la Cour Supr\u00eame. Ousmane Diagne\u00a0pr\u00e9c\u00e9demment procureur g\u00e9n\u00e9ral Pr\u00e8s la Cour d\u2019Appel de Dakar, devenu Premier avocat g\u00e9n\u00e9ral Pr\u00e8s la Cour Supr\u00eame, a connu le m\u00eame sort. De m\u00eame que\u00a0Mame Cor Ndour, d\u00e9sormais ancien procureur g\u00e9n\u00e9ral Pr\u00e8s la Cour d\u2019appel de Ziguinchor.","og_url":"https:\/\/www.public.sn\/index.php\/2023\/02\/27\/quatre-4-magistrats-ejectes-du-conseil-superieur-de-la-magistrature\/","og_site_name":"LE PUBLIC","article_published_time":"2023-02-27T13:17:28+00:00","og_image":[{"width":800,"height":426,"url":"https:\/\/www.public.sn\/wp-content\/uploads\/2023\/02\/magistrats_22.jpg","type":"image\/jpeg"}],"author":"LA REDACTION","twitter_card":"summary_large_image","twitter_misc":{"\u00c9crit par":"LA REDACTION","Dur\u00e9e de lecture estim\u00e9e":"1 minute"},"schema":{"@context":"https:\/\/schema.org","@graph":[{"@type":"Article","@id":"https:\/\/www.public.sn\/index.php\/2023\/02\/27\/quatre-4-magistrats-ejectes-du-conseil-superieur-de-la-magistrature\/#article","isPartOf":{"@id":"https:\/\/www.public.sn\/index.php\/2023\/02\/27\/quatre-4-magistrats-ejectes-du-conseil-superieur-de-la-magistrature\/"},"author":{"name":"LA REDACTION","@id":"https:\/\/www.public.sn\/#\/schema\/person\/cb76c8e1b8becc6be61fb5e92d6d0224"},"headline":"Quatre (4) magistrats \u00e9ject\u00e9s du Conseil sup\u00e9rieur de la Magistrature","datePublished":"2023-02-27T13:17:28+00:00","mainEntityOfPage":{"@id":"https:\/\/www.public.sn\/index.php\/2023\/02\/27\/quatre-4-magistrats-ejectes-du-conseil-superieur-de-la-magistrature\/"},"wordCount":222,"commentCount":0,"publisher":{"@id":"https:\/\/www.public.sn\/#organization"},"image":{"@id":"https:\/\/www.public.sn\/index.php\/2023\/02\/27\/quatre-4-magistrats-ejectes-du-conseil-superieur-de-la-magistrature\/#primaryimage"},"thumbnailUrl":"https:\/\/www.public.sn\/wp-content\/uploads\/2023\/02\/magistrats_22.jpg","keywords":["Justice","Magistrat"],"articleSection":["ACTUALIT\u00c9S","justice","POLITIQUE","S\u00c9CURIT\u00c9 &amp; JUSTICE","S\u00c9N\u00c9GAL"],"inLanguage":"fr-FR","potentialAction":[{"@type":"CommentAction","name":"Comment","target":["https:\/\/www.public.sn\/index.php\/2023\/02\/27\/quatre-4-magistrats-ejectes-du-conseil-superieur-de-la-magistrature\/#respond"]}]},{"@type":"WebPage","@id":"https:\/\/www.public.sn\/index.php\/2023\/02\/27\/quatre-4-magistrats-ejectes-du-conseil-superieur-de-la-magistrature\/","url":"https:\/\/www.public.sn\/index.php\/2023\/02\/27\/quatre-4-magistrats-ejectes-du-conseil-superieur-de-la-magistrature\/","name":"Quatre (4) magistrats \u00e9ject\u00e9s du Conseil sup\u00e9rieur de la Magistrature - LE PUBLIC","isPartOf":{"@id":"https:\/\/www.public.sn\/#website"},"primaryImageOfPage":{"@id":"https:\/\/www.public.sn\/index.php\/2023\/02\/27\/quatre-4-magistrats-ejectes-du-conseil-superieur-de-la-magistrature\/#primaryimage"},"image":{"@id":"https:\/\/www.public.sn\/index.php\/2023\/02\/27\/quatre-4-magistrats-ejectes-du-conseil-superieur-de-la-magistrature\/#primaryimage"},"thumbnailUrl":"https:\/\/www.public.sn\/wp-content\/uploads\/2023\/02\/magistrats_22.jpg","datePublished":"2023-02-27T13:17:28+00:00","breadcrumb":{"@id":"https:\/\/www.public.sn\/index.php\/2023\/02\/27\/quatre-4-magistrats-ejectes-du-conseil-superieur-de-la-magistrature\/#breadcrumb"},"inLanguage":"fr-FR","potentialAction":[{"@type":"ReadAction","target":["https:\/\/www.public.sn\/index.php\/2023\/02\/27\/quatre-4-magistrats-ejectes-du-conseil-superieur-de-la-magistrature\/"]}]},{"@type":"ImageObject","inLanguage":"fr-FR","@id":"https:\/\/www.public.sn\/index.php\/2023\/02\/27\/quatre-4-magistrats-ejectes-du-conseil-superieur-de-la-magistrature\/#primaryimage","url":"https:\/\/www.public.sn\/wp-content\/uploads\/2023\/02\/magistrats_22.jpg","contentUrl":"https:\/\/www.public.sn\/wp-content\/uploads\/2023\/02\/magistrats_22.jpg","width":800,"height":426},{"@type":"BreadcrumbList","@id":"https:\/\/www.public.sn\/index.php\/2023\/02\/27\/quatre-4-magistrats-ejectes-du-conseil-superieur-de-la-magistrature\/#breadcrumb","itemListElement":[{"@type":"ListItem","position":1,"name":"Accueil","item":"https:\/\/www.public.sn\/"},{"@type":"ListItem","position":2,"name":"Quatre (4) magistrats \u00e9ject\u00e9s du Conseil sup\u00e9rieur de la Magistrature"}]},{"@type":"WebSite","@id":"https:\/\/www.public.sn\/#website","url":"https:\/\/www.public.sn\/","name":"LE PUBLIC","description":"","publisher":{"@id":"https:\/\/www.public.sn\/#organization"},"potentialAction":[{"@type":"SearchAction","target":{"@type":"EntryPoint","urlTemplate":"https:\/\/www.public.sn\/?s={search_term_string}"},"query-input":{"@type":"PropertyValueSpecification","valueRequired":true,"valueName":"search_term_string"}}],"inLanguage":"fr-FR"},{"@type":"Organization","@id":"https:\/\/www.public.sn\/#organization","name":"LE PUBLIC","url":"https:\/\/www.public.sn\/","logo":{"@type":"ImageObject","inLanguage":"fr-FR","@id":"https:\/\/www.public.sn\/#\/schema\/logo\/image\/","url":"https:\/\/www.public.sn\/wp-content\/uploads\/2024\/05\/cropped-LOGO-PUBLIC.SN_.png","contentUrl":"https:\/\/www.public.sn\/wp-content\/uploads\/2024\/05\/cropped-LOGO-PUBLIC.SN_.png","width":682,"height":192,"caption":"LE PUBLIC"},"image":{"@id":"https:\/\/www.public.sn\/#\/schema\/logo\/image\/"}},{"@type":"Person","@id":"https:\/\/www.public.sn\/#\/schema\/person\/cb76c8e1b8becc6be61fb5e92d6d0224","name":"LA REDACTION","image":{"@type":"ImageObject","inLanguage":"fr-FR","@id":"https:\/\/www.public.sn\/#\/schema\/person\/image\/","url":"https:\/\/secure.gravatar.com\/avatar\/2dce5ddd34b8fef0180efe03aa2a9bee7d953856048f9a16b298190a3178407c?s=96&d=mm&r=g","contentUrl":"https:\/\/secure.gravatar.com\/avatar\/2dce5ddd34b8fef0180efe03aa2a9bee7d953856048f9a16b298190a3178407c?s=96&d=mm&r=g","caption":"LA REDACTION"},"url":"https:\/\/www.public.sn\/index.php\/author\/editeurpsn\/"}]}},"jetpack_featured_media_url":"https:\/\/www.public.sn\/wp-content\/uploads\/2023\/02\/magistrats_22.jpg","jetpack_sharing_enabled":true,"_links":{"self":[{"href":"https:\/\/www.public.sn\/index.php\/wp-json\/wp\/v2\/posts\/16632","targetHints":{"allow":["GET"]}}],"collection":[{"href":"https:\/\/www.public.sn\/index.php\/wp-json\/wp\/v2\/posts"}],"about":[{"href":"https:\/\/www.public.sn\/index.php\/wp-json\/wp\/v2\/types\/post"}],"author":[{"embeddable":true,"href":"https:\/\/www.public.sn\/index.php\/wp-json\/wp\/v2\/users\/7"}],"replies":[{"embeddable":true,"href":"https:\/\/www.public.sn\/index.php\/wp-json\/wp\/v2\/comments?post=16632"}],"version-history":[{"count":1,"href":"https:\/\/www.public.sn\/index.php\/wp-json\/wp\/v2\/posts\/16632\/revisions"}],"predecessor-version":[{"id":16634,"href":"https:\/\/www.public.sn\/index.php\/wp-json\/wp\/v2\/posts\/16632\/revisions\/16634"}],"wp:featuredmedia":[{"embeddable":true,"href":"https:\/\/www.public.sn\/index.php\/wp-json\/wp\/v2\/media\/16633"}],"wp:attachment":[{"href":"https:\/\/www.public.sn\/index.php\/wp-json\/wp\/v2\/media?parent=16632"}],"wp:term":[{"taxonomy":"category","embeddable":true,"href":"https:\/\/www.public.sn\/index.php\/wp-json\/wp\/v2\/categories?post=16632"},{"taxonomy":"post_tag","embeddable":true,"href":"https:\/\/www.public.sn\/index.php\/wp-json\/wp\/v2\/tags?post=16632"}],"curies":[{"name":"wp","href":"https:\/\/api.w.org\/{rel}","templated":true}]}}