{"id":16708,"date":"2023-02-28T13:51:31","date_gmt":"2023-02-28T13:51:31","guid":{"rendered":"https:\/\/www.public.sn\/?p=16708"},"modified":"2023-02-28T13:51:31","modified_gmt":"2023-02-28T13:51:31","slug":"incroyable-spectaculaire-accident-provoque-par-un-camion-sur-la-vdn","status":"publish","type":"post","link":"https:\/\/www.public.sn\/index.php\/2023\/02\/28\/incroyable-spectaculaire-accident-provoque-par-un-camion-sur-la-vdn\/","title":{"rendered":"Incroyable : Spectaculaire accident provoqu\u00e9 par un camion sur la VDN"},"content":{"rendered":"<p><strong>Encore un accident sur la Voie de D\u00e9gagement Nord (VDN) \u00e0 Dakar, et encore une fois, un camion est impliqu\u00e9. Ce mardi, un camion fou a d\u00e9rap\u00e9 \u00e0 l\u2019entr\u00e9 d\u2019un autopont sur la VDN et a percut\u00e9 plusieurs voitures avant de bloquer la circulation.<\/strong><\/p><div class=\"publi-paragraphe1\" style=\"margin-top: 10px;margin-bottom: 10px;margin-left: auto;margin-right: auto;text-align: center;\" id=\"publi-286228906\"><div class=\"publi-adlabel\">Publicit\u00e9<\/div><script async src=\"\/\/pagead2.googlesyndication.com\/pagead\/js\/adsbygoogle.js?client=ca-pub-4089586018074219\" crossorigin=\"anonymous\"><\/script><ins class=\"adsbygoogle\" style=\"display:block;\" data-ad-client=\"ca-pub-4089586018074219\" \ndata-ad-slot=\"2087940154\" \ndata-ad-format=\"auto\"><\/ins>\n<script> \n(adsbygoogle = window.adsbygoogle || []).push({}); \n<\/script>\n<\/div>\n<p>Sur la Voie de D\u00e9gagement Nord (VDN) ce mardi matin, un camion a perdu ses freins. Selon plusieurs t\u00e9moignages, le gros porteur roulait \u00e0 vive allure avant de d\u00e9vier, suite \u00e0 la perte de ses freins. R\u00e9sultat : le camion a tout heurt\u00e9 sur son passage. Il a percut\u00e9 plusieurs voitures avant de terminer sa course sur le cot\u00e9.<\/p>\n<div class=\"publi-apres-le-contenu\" style=\"margin-top: 10px;margin-bottom: 10px;margin-left: auto;margin-right: auto;text-align: center;\" id=\"publi-1552621707\"><div class=\"publi-adlabel\">Publicit\u00e9<\/div><script async src=\"\/\/pagead2.googlesyndication.com\/pagead\/js\/adsbygoogle.js?client=ca-pub-4089586018074219\" crossorigin=\"anonymous\"><\/script><ins class=\"adsbygoogle\" style=\"display:block;\" data-ad-client=\"ca-pub-4089586018074219\" \ndata-ad-slot=\"2087940154\" \ndata-ad-format=\"auto\"><\/ins>\n<script> \n(adsbygoogle = window.adsbygoogle || []).push({}); \n<\/script>\n<\/div>","protected":false},"excerpt":{"rendered":"<p>Encore un accident sur la Voie de D\u00e9gagement Nord (VDN) \u00e0 Dakar, et encore une fois, un camion est impliqu\u00e9. Ce mardi, un camion fou a d\u00e9rap\u00e9 \u00e0 l\u2019entr\u00e9 d\u2019un autopont sur la VDN et a percut\u00e9 plusieurs voitures avant de bloquer la circulation. Sur la Voie de D\u00e9gagement Nord (VDN) ce mardi matin, un camion a perdu ses freins. Selon plusieurs t\u00e9moignages, le gros porteur roulait \u00e0 vive allure avant de d\u00e9vier, suite \u00e0 la perte de ses freins. R\u00e9sultat : le camion a tout heurt\u00e9 sur son passage. Il a percut\u00e9 plusieurs voitures avant de terminer sa course sur le cot\u00e9.<\/p>\n","protected":false},"author":7,"featured_media":0,"comment_status":"open","ping_status":"open","sticky":false,"template":"","format":"standard","meta":{"_jetpack_memberships_contains_paid_content":false,"footnotes":""},"categories":[375,379,1574,376,1,4,1052],"tags":[102,505,859],"class_list":["post-16708","post","type-post","status-publish","format-standard","hentry","category-actualites","category-faits-divers","category-sante","category-securite-justice","category-non-classe","category-societe","category-transport","tag-accident","tag-camion","tag-vdn","entry","owp-thumbs-layout-horizontal","owp-btn-normal","owp-tabs-layout-horizontal","has-no-thumbnails","has-product-nav"],"yoast_head":"<!-- This site is optimized with the Yoast SEO plugin v25.5 - https:\/\/yoast.com\/wordpress\/plugins\/seo\/ -->\n<title>Incroyable : Spectaculaire accident provoqu\u00e9 par un camion sur la VDN - LE PUBLIC<\/title>\n<meta name=\"robots\" content=\"index, follow, max-snippet:-1, max-image-preview:large, max-video-preview:-1\" \/>\n<link rel=\"canonical\" href=\"https:\/\/www.public.sn\/index.php\/2023\/02\/28\/incroyable-spectaculaire-accident-provoque-par-un-camion-sur-la-vdn\/\" \/>\n<meta property=\"og:locale\" content=\"fr_FR\" \/>\n<meta property=\"og:type\" content=\"article\" \/>\n<meta property=\"og:title\" content=\"Incroyable : Spectaculaire accident provoqu\u00e9 par un camion sur la VDN - LE PUBLIC\" \/>\n<meta property=\"og:description\" content=\"Encore un accident sur la Voie de D\u00e9gagement Nord (VDN) \u00e0 Dakar, et encore une fois, un camion est impliqu\u00e9. Ce mardi, un camion fou a d\u00e9rap\u00e9 \u00e0 l\u2019entr\u00e9 d\u2019un autopont sur la VDN et a percut\u00e9 plusieurs voitures avant de bloquer la circulation. Sur la Voie de D\u00e9gagement Nord (VDN) ce mardi matin, un camion a perdu ses freins. Selon plusieurs t\u00e9moignages, le gros porteur roulait \u00e0 vive allure avant de d\u00e9vier, suite \u00e0 la perte de ses freins. R\u00e9sultat : le camion a tout heurt\u00e9 sur son passage. Il a percut\u00e9 plusieurs voitures avant de terminer sa course sur le cot\u00e9.\" \/>\n<meta property=\"og:url\" content=\"https:\/\/www.public.sn\/index.php\/2023\/02\/28\/incroyable-spectaculaire-accident-provoque-par-un-camion-sur-la-vdn\/\" \/>\n<meta property=\"og:site_name\" content=\"LE PUBLIC\" \/>\n<meta property=\"article:published_time\" content=\"2023-02-28T13:51:31+00:00\" \/>\n<meta property=\"og:image\" content=\"https:\/\/www.public.sn\/wp-content\/uploads\/2023\/02\/accident-VDN.jpeg\" \/>\n\t<meta property=\"og:image:width\" content=\"696\" \/>\n\t<meta property=\"og:image:height\" content=\"414\" \/>\n\t<meta property=\"og:image:type\" content=\"image\/jpeg\" \/>\n<meta name=\"author\" content=\"LA REDACTION\" \/>\n<meta name=\"twitter:card\" content=\"summary_large_image\" \/>\n<meta name=\"twitter:label1\" content=\"\u00c9crit par\" \/>\n\t<meta name=\"twitter:data1\" content=\"LA REDACTION\" \/>\n\t<meta name=\"twitter:label2\" content=\"Dur\u00e9e de lecture estim\u00e9e\" \/>\n\t<meta name=\"twitter:data2\" content=\"1 minute\" \/>\n<script type=\"application\/ld+json\" class=\"yoast-schema-graph\">{\"@context\":\"https:\/\/schema.org\",\"@graph\":[{\"@type\":\"Article\",\"@id\":\"https:\/\/www.public.sn\/index.php\/2023\/02\/28\/incroyable-spectaculaire-accident-provoque-par-un-camion-sur-la-vdn\/#article\",\"isPartOf\":{\"@id\":\"https:\/\/www.public.sn\/index.php\/2023\/02\/28\/incroyable-spectaculaire-accident-provoque-par-un-camion-sur-la-vdn\/\"},\"author\":{\"name\":\"LA REDACTION\",\"@id\":\"https:\/\/www.public.sn\/#\/schema\/person\/cb76c8e1b8becc6be61fb5e92d6d0224\"},\"headline\":\"Incroyable : Spectaculaire accident provoqu\u00e9 par un camion sur la VDN\",\"datePublished\":\"2023-02-28T13:51:31+00:00\",\"mainEntityOfPage\":{\"@id\":\"https:\/\/www.public.sn\/index.php\/2023\/02\/28\/incroyable-spectaculaire-accident-provoque-par-un-camion-sur-la-vdn\/\"},\"wordCount\":116,\"commentCount\":0,\"publisher\":{\"@id\":\"https:\/\/www.public.sn\/#organization\"},\"keywords\":[\"Accident\",\"Camion\",\"Vdn\"],\"articleSection\":[\"ACTUALIT\u00c9S\",\"FAITS DIVERS\",\"SANT\u00c9\",\"S\u00c9CURIT\u00c9 &amp; JUSTICE\",\"S\u00c9N\u00c9GAL\",\"SOCIETE\",\"TRANSPORT\"],\"inLanguage\":\"fr-FR\",\"potentialAction\":[{\"@type\":\"CommentAction\",\"name\":\"Comment\",\"target\":[\"https:\/\/www.public.sn\/index.php\/2023\/02\/28\/incroyable-spectaculaire-accident-provoque-par-un-camion-sur-la-vdn\/#respond\"]}]},{\"@type\":\"WebPage\",\"@id\":\"https:\/\/www.public.sn\/index.php\/2023\/02\/28\/incroyable-spectaculaire-accident-provoque-par-un-camion-sur-la-vdn\/\",\"url\":\"https:\/\/www.public.sn\/index.php\/2023\/02\/28\/incroyable-spectaculaire-accident-provoque-par-un-camion-sur-la-vdn\/\",\"name\":\"Incroyable : Spectaculaire accident provoqu\u00e9 par un camion sur la VDN - LE PUBLIC\",\"isPartOf\":{\"@id\":\"https:\/\/www.public.sn\/#website\"},\"datePublished\":\"2023-02-28T13:51:31+00:00\",\"breadcrumb\":{\"@id\":\"https:\/\/www.public.sn\/index.php\/2023\/02\/28\/incroyable-spectaculaire-accident-provoque-par-un-camion-sur-la-vdn\/#breadcrumb\"},\"inLanguage\":\"fr-FR\",\"potentialAction\":[{\"@type\":\"ReadAction\",\"target\":[\"https:\/\/www.public.sn\/index.php\/2023\/02\/28\/incroyable-spectaculaire-accident-provoque-par-un-camion-sur-la-vdn\/\"]}]},{\"@type\":\"BreadcrumbList\",\"@id\":\"https:\/\/www.public.sn\/index.php\/2023\/02\/28\/incroyable-spectaculaire-accident-provoque-par-un-camion-sur-la-vdn\/#breadcrumb\",\"itemListElement\":[{\"@type\":\"ListItem\",\"position\":1,\"name\":\"Accueil\",\"item\":\"https:\/\/www.public.sn\/\"},{\"@type\":\"ListItem\",\"position\":2,\"name\":\"Incroyable : Spectaculaire accident provoqu\u00e9 par un camion sur la VDN\"}]},{\"@type\":\"WebSite\",\"@id\":\"https:\/\/www.public.sn\/#website\",\"url\":\"https:\/\/www.public.sn\/\",\"name\":\"LE PUBLIC\",\"description\":\"\",\"publisher\":{\"@id\":\"https:\/\/www.public.sn\/#organization\"},\"potentialAction\":[{\"@type\":\"SearchAction\",\"target\":{\"@type\":\"EntryPoint\",\"urlTemplate\":\"https:\/\/www.public.sn\/?s={search_term_string}\"},\"query-input\":{\"@type\":\"PropertyValueSpecification\",\"valueRequired\":true,\"valueName\":\"search_term_string\"}}],\"inLanguage\":\"fr-FR\"},{\"@type\":\"Organization\",\"@id\":\"https:\/\/www.public.sn\/#organization\",\"name\":\"LE PUBLIC\",\"url\":\"https:\/\/www.public.sn\/\",\"logo\":{\"@type\":\"ImageObject\",\"inLanguage\":\"fr-FR\",\"@id\":\"https:\/\/www.public.sn\/#\/schema\/logo\/image\/\",\"url\":\"https:\/\/www.public.sn\/wp-content\/uploads\/2024\/05\/cropped-LOGO-PUBLIC.SN_.png\",\"contentUrl\":\"https:\/\/www.public.sn\/wp-content\/uploads\/2024\/05\/cropped-LOGO-PUBLIC.SN_.png\",\"width\":682,\"height\":192,\"caption\":\"LE PUBLIC\"},\"image\":{\"@id\":\"https:\/\/www.public.sn\/#\/schema\/logo\/image\/\"}},{\"@type\":\"Person\",\"@id\":\"https:\/\/www.public.sn\/#\/schema\/person\/cb76c8e1b8becc6be61fb5e92d6d0224\",\"name\":\"LA REDACTION\",\"image\":{\"@type\":\"ImageObject\",\"inLanguage\":\"fr-FR\",\"@id\":\"https:\/\/www.public.sn\/#\/schema\/person\/image\/\",\"url\":\"https:\/\/secure.gravatar.com\/avatar\/2dce5ddd34b8fef0180efe03aa2a9bee7d953856048f9a16b298190a3178407c?s=96&d=mm&r=g\",\"contentUrl\":\"https:\/\/secure.gravatar.com\/avatar\/2dce5ddd34b8fef0180efe03aa2a9bee7d953856048f9a16b298190a3178407c?s=96&d=mm&r=g\",\"caption\":\"LA REDACTION\"},\"url\":\"https:\/\/www.public.sn\/index.php\/author\/editeurpsn\/\"}]}<\/script>\n<!-- \/ Yoast SEO plugin. -->","yoast_head_json":{"title":"Incroyable : Spectaculaire accident provoqu\u00e9 par un camion sur la VDN - LE PUBLIC","robots":{"index":"index","follow":"follow","max-snippet":"max-snippet:-1","max-image-preview":"max-image-preview:large","max-video-preview":"max-video-preview:-1"},"canonical":"https:\/\/www.public.sn\/index.php\/2023\/02\/28\/incroyable-spectaculaire-accident-provoque-par-un-camion-sur-la-vdn\/","og_locale":"fr_FR","og_type":"article","og_title":"Incroyable : Spectaculaire accident provoqu\u00e9 par un camion sur la VDN - LE PUBLIC","og_description":"Encore un accident sur la Voie de D\u00e9gagement Nord (VDN) \u00e0 Dakar, et encore une fois, un camion est impliqu\u00e9. Ce mardi, un camion fou a d\u00e9rap\u00e9 \u00e0 l\u2019entr\u00e9 d\u2019un autopont sur la VDN et a percut\u00e9 plusieurs voitures avant de bloquer la circulation. Sur la Voie de D\u00e9gagement Nord (VDN) ce mardi matin, un camion a perdu ses freins. Selon plusieurs t\u00e9moignages, le gros porteur roulait \u00e0 vive allure avant de d\u00e9vier, suite \u00e0 la perte de ses freins. R\u00e9sultat : le camion a tout heurt\u00e9 sur son passage. Il a percut\u00e9 plusieurs voitures avant de terminer sa course sur le cot\u00e9.","og_url":"https:\/\/www.public.sn\/index.php\/2023\/02\/28\/incroyable-spectaculaire-accident-provoque-par-un-camion-sur-la-vdn\/","og_site_name":"LE PUBLIC","article_published_time":"2023-02-28T13:51:31+00:00","og_image":[{"width":696,"height":414,"url":"https:\/\/www.public.sn\/wp-content\/uploads\/2023\/02\/accident-VDN.jpeg","type":"image\/jpeg"}],"author":"LA REDACTION","twitter_card":"summary_large_image","twitter_misc":{"\u00c9crit par":"LA REDACTION","Dur\u00e9e de lecture estim\u00e9e":"1 minute"},"schema":{"@context":"https:\/\/schema.org","@graph":[{"@type":"Article","@id":"https:\/\/www.public.sn\/index.php\/2023\/02\/28\/incroyable-spectaculaire-accident-provoque-par-un-camion-sur-la-vdn\/#article","isPartOf":{"@id":"https:\/\/www.public.sn\/index.php\/2023\/02\/28\/incroyable-spectaculaire-accident-provoque-par-un-camion-sur-la-vdn\/"},"author":{"name":"LA REDACTION","@id":"https:\/\/www.public.sn\/#\/schema\/person\/cb76c8e1b8becc6be61fb5e92d6d0224"},"headline":"Incroyable : Spectaculaire accident provoqu\u00e9 par un camion sur la VDN","datePublished":"2023-02-28T13:51:31+00:00","mainEntityOfPage":{"@id":"https:\/\/www.public.sn\/index.php\/2023\/02\/28\/incroyable-spectaculaire-accident-provoque-par-un-camion-sur-la-vdn\/"},"wordCount":116,"commentCount":0,"publisher":{"@id":"https:\/\/www.public.sn\/#organization"},"keywords":["Accident","Camion","Vdn"],"articleSection":["ACTUALIT\u00c9S","FAITS DIVERS","SANT\u00c9","S\u00c9CURIT\u00c9 &amp; JUSTICE","S\u00c9N\u00c9GAL","SOCIETE","TRANSPORT"],"inLanguage":"fr-FR","potentialAction":[{"@type":"CommentAction","name":"Comment","target":["https:\/\/www.public.sn\/index.php\/2023\/02\/28\/incroyable-spectaculaire-accident-provoque-par-un-camion-sur-la-vdn\/#respond"]}]},{"@type":"WebPage","@id":"https:\/\/www.public.sn\/index.php\/2023\/02\/28\/incroyable-spectaculaire-accident-provoque-par-un-camion-sur-la-vdn\/","url":"https:\/\/www.public.sn\/index.php\/2023\/02\/28\/incroyable-spectaculaire-accident-provoque-par-un-camion-sur-la-vdn\/","name":"Incroyable : Spectaculaire accident provoqu\u00e9 par un camion sur la VDN - LE PUBLIC","isPartOf":{"@id":"https:\/\/www.public.sn\/#website"},"datePublished":"2023-02-28T13:51:31+00:00","breadcrumb":{"@id":"https:\/\/www.public.sn\/index.php\/2023\/02\/28\/incroyable-spectaculaire-accident-provoque-par-un-camion-sur-la-vdn\/#breadcrumb"},"inLanguage":"fr-FR","potentialAction":[{"@type":"ReadAction","target":["https:\/\/www.public.sn\/index.php\/2023\/02\/28\/incroyable-spectaculaire-accident-provoque-par-un-camion-sur-la-vdn\/"]}]},{"@type":"BreadcrumbList","@id":"https:\/\/www.public.sn\/index.php\/2023\/02\/28\/incroyable-spectaculaire-accident-provoque-par-un-camion-sur-la-vdn\/#breadcrumb","itemListElement":[{"@type":"ListItem","position":1,"name":"Accueil","item":"https:\/\/www.public.sn\/"},{"@type":"ListItem","position":2,"name":"Incroyable : Spectaculaire accident provoqu\u00e9 par un camion sur la VDN"}]},{"@type":"WebSite","@id":"https:\/\/www.public.sn\/#website","url":"https:\/\/www.public.sn\/","name":"LE PUBLIC","description":"","publisher":{"@id":"https:\/\/www.public.sn\/#organization"},"potentialAction":[{"@type":"SearchAction","target":{"@type":"EntryPoint","urlTemplate":"https:\/\/www.public.sn\/?s={search_term_string}"},"query-input":{"@type":"PropertyValueSpecification","valueRequired":true,"valueName":"search_term_string"}}],"inLanguage":"fr-FR"},{"@type":"Organization","@id":"https:\/\/www.public.sn\/#organization","name":"LE PUBLIC","url":"https:\/\/www.public.sn\/","logo":{"@type":"ImageObject","inLanguage":"fr-FR","@id":"https:\/\/www.public.sn\/#\/schema\/logo\/image\/","url":"https:\/\/www.public.sn\/wp-content\/uploads\/2024\/05\/cropped-LOGO-PUBLIC.SN_.png","contentUrl":"https:\/\/www.public.sn\/wp-content\/uploads\/2024\/05\/cropped-LOGO-PUBLIC.SN_.png","width":682,"height":192,"caption":"LE PUBLIC"},"image":{"@id":"https:\/\/www.public.sn\/#\/schema\/logo\/image\/"}},{"@type":"Person","@id":"https:\/\/www.public.sn\/#\/schema\/person\/cb76c8e1b8becc6be61fb5e92d6d0224","name":"LA REDACTION","image":{"@type":"ImageObject","inLanguage":"fr-FR","@id":"https:\/\/www.public.sn\/#\/schema\/person\/image\/","url":"https:\/\/secure.gravatar.com\/avatar\/2dce5ddd34b8fef0180efe03aa2a9bee7d953856048f9a16b298190a3178407c?s=96&d=mm&r=g","contentUrl":"https:\/\/secure.gravatar.com\/avatar\/2dce5ddd34b8fef0180efe03aa2a9bee7d953856048f9a16b298190a3178407c?s=96&d=mm&r=g","caption":"LA REDACTION"},"url":"https:\/\/www.public.sn\/index.php\/author\/editeurpsn\/"}]}},"jetpack_featured_media_url":"","jetpack_sharing_enabled":true,"_links":{"self":[{"href":"https:\/\/www.public.sn\/index.php\/wp-json\/wp\/v2\/posts\/16708","targetHints":{"allow":["GET"]}}],"collection":[{"href":"https:\/\/www.public.sn\/index.php\/wp-json\/wp\/v2\/posts"}],"about":[{"href":"https:\/\/www.public.sn\/index.php\/wp-json\/wp\/v2\/types\/post"}],"author":[{"embeddable":true,"href":"https:\/\/www.public.sn\/index.php\/wp-json\/wp\/v2\/users\/7"}],"replies":[{"embeddable":true,"href":"https:\/\/www.public.sn\/index.php\/wp-json\/wp\/v2\/comments?post=16708"}],"version-history":[{"count":1,"href":"https:\/\/www.public.sn\/index.php\/wp-json\/wp\/v2\/posts\/16708\/revisions"}],"predecessor-version":[{"id":16716,"href":"https:\/\/www.public.sn\/index.php\/wp-json\/wp\/v2\/posts\/16708\/revisions\/16716"}],"wp:attachment":[{"href":"https:\/\/www.public.sn\/index.php\/wp-json\/wp\/v2\/media?parent=16708"}],"wp:term":[{"taxonomy":"category","embeddable":true,"href":"https:\/\/www.public.sn\/index.php\/wp-json\/wp\/v2\/categories?post=16708"},{"taxonomy":"post_tag","embeddable":true,"href":"https:\/\/www.public.sn\/index.php\/wp-json\/wp\/v2\/tags?post=16708"}],"curies":[{"name":"wp","href":"https:\/\/api.w.org\/{rel}","templated":true}]}}