{"id":16717,"date":"2023-02-28T14:07:44","date_gmt":"2023-02-28T14:07:44","guid":{"rendered":"https:\/\/www.public.sn\/?p=16717"},"modified":"2023-02-28T14:19:04","modified_gmt":"2023-02-28T14:19:04","slug":"les-remerciements-du-president-macky-sall-a-la-belle-accueille-de-la-population-de-sedhiou","status":"publish","type":"post","link":"https:\/\/www.public.sn\/index.php\/2023\/02\/28\/les-remerciements-du-president-macky-sall-a-la-belle-accueille-de-la-population-de-sedhiou\/","title":{"rendered":"Les remerciements du Pr\u00e9sident Macky Sall \u00e0 la population de S\u00e9dhiou"},"content":{"rendered":"<p><strong>A un an de la pr\u00e9sidentielle et alors qu\u2019il n\u2019a toujours pas \u00e9clair\u00e9 la lanterne des S\u00e9n\u00e9galais sur sa participation, le pr\u00e9sident Macky Sall sillonne le pays. Ces derniers jours, le chef de l\u2019Etat \u00e9tait dans le sud-est du S\u00e9n\u00e9gal, om il a r\u00e9ussi une tr\u00e8s forte mobilisation.<\/strong><\/p><div class=\"publi-paragraphe1\" style=\"margin-top: 10px;margin-bottom: 10px;margin-left: auto;margin-right: auto;text-align: center;\" id=\"publi-2116053388\"><div class=\"publi-adlabel\">Publicit\u00e9<\/div><script async src=\"\/\/pagead2.googlesyndication.com\/pagead\/js\/adsbygoogle.js?client=ca-pub-4089586018074219\" crossorigin=\"anonymous\"><\/script><ins class=\"adsbygoogle\" style=\"display:block;\" data-ad-client=\"ca-pub-4089586018074219\" \ndata-ad-slot=\"2087940154\" \ndata-ad-format=\"auto\"><\/ins>\n<script> \n(adsbygoogle = window.adsbygoogle || []).push({}); \n<\/script>\n<\/div>\n<p>Sur Twitter, Macky Sall a ensuite publi\u00e9 les images de sa manifestation dans plusieurs villes de S\u00e9dhiou. \u00ab Aux populations du Pakao, du Balantacounda, du Boudi\u00e9 et du Diassy, je tiens \u00e0 vous dire Merci, Alabarka, Dieuredieuf du fond du c\u0153ur pour votre mobilisation exceptionnelle et votre accueil si chaleureux \u00bb, a \u00e9crit le pr\u00e9sident Sall.<\/p>\n<div class=\"oceanwp-oembed-wrap clr\">\n<blockquote class=\"twitter-tweet\" data-width=\"550\" data-dnt=\"true\">\n<p lang=\"fr\" dir=\"ltr\">Aux populations du Pakao, du Balantacounda, du Boudi\u00e9 et du Diassy, je tiens \u00e0 vous dire Merci, Alabarka, Dieuredieuf du fond du c\u0153ur pour votre mobilisation exceptionnelle et votre accueil si chaleureux. <a href=\"https:\/\/t.co\/fRnOktSy4D\">pic.twitter.com\/fRnOktSy4D<\/a><\/p>\n<p>&mdash; Macky Sall (@Macky_Sall) <a href=\"https:\/\/twitter.com\/Macky_Sall\/status\/1630504204459548672?ref_src=twsrc%5Etfw\">February 28, 2023<\/a><\/p><\/blockquote>\n<p><script async src=\"https:\/\/platform.twitter.com\/widgets.js\" charset=\"utf-8\"><\/script><\/div>\n<div class=\"publi-apres-le-contenu\" style=\"margin-top: 10px;margin-bottom: 10px;margin-left: auto;margin-right: auto;text-align: center;\" id=\"publi-2172603318\"><div class=\"publi-adlabel\">Publicit\u00e9<\/div><script async src=\"\/\/pagead2.googlesyndication.com\/pagead\/js\/adsbygoogle.js?client=ca-pub-4089586018074219\" crossorigin=\"anonymous\"><\/script><ins class=\"adsbygoogle\" style=\"display:block;\" data-ad-client=\"ca-pub-4089586018074219\" \ndata-ad-slot=\"2087940154\" \ndata-ad-format=\"auto\"><\/ins>\n<script> \n(adsbygoogle = window.adsbygoogle || []).push({}); \n<\/script>\n<\/div>","protected":false},"excerpt":{"rendered":"<p>A un an de la pr\u00e9sidentielle et alors qu\u2019il n\u2019a toujours pas \u00e9clair\u00e9 la lanterne des S\u00e9n\u00e9galais sur sa participation, le pr\u00e9sident Macky Sall sillonne le pays. Ces derniers jours, le chef de l\u2019Etat \u00e9tait dans le sud-est du S\u00e9n\u00e9gal, om il a r\u00e9ussi une tr\u00e8s forte mobilisation. Sur Twitter, Macky Sall a ensuite publi\u00e9 les images de sa manifestation dans plusieurs villes de S\u00e9dhiou. \u00ab Aux populations du Pakao, du Balantacounda, du Boudi\u00e9 et du Diassy, je tiens \u00e0 vous dire Merci, Alabarka, Dieuredieuf du fond du c\u0153ur pour votre mobilisation exceptionnelle et votre accueil si chaleureux \u00bb, a \u00e9crit le pr\u00e9sident Sall. Aux populations du Pakao, du Balantacounda, du Boudi\u00e9 et du Diassy, je tiens \u00e0 vous dire Merci, Alabarka, Dieuredieuf du fond du c\u0153ur pour votre mobilisation exceptionnelle et votre accueil si chaleureux. pic.twitter.com\/fRnOktSy4D &mdash; Macky Sall (@Macky_Sall) February 28, 2023<\/p>\n","protected":false},"author":7,"featured_media":16723,"comment_status":"open","ping_status":"open","sticky":false,"template":"","format":"standard","meta":{"_jetpack_memberships_contains_paid_content":false,"footnotes":""},"categories":[375,549,4222,3,1,4,372],"tags":[11,4135,4325],"class_list":["post-16717","post","type-post","status-publish","format-standard","has-post-thumbnail","hentry","category-actualites","category-economie","category-infrastructures","category-politique","category-non-classe","category-societe","category-vedette","tag-macky-sall","tag-sedhiou","tag-tournee-economique","entry","has-media","owp-thumbs-layout-horizontal","owp-btn-normal","owp-tabs-layout-horizontal","has-no-thumbnails","has-product-nav"],"yoast_head":"<!-- This site is optimized with the Yoast SEO plugin v25.5 - https:\/\/yoast.com\/wordpress\/plugins\/seo\/ -->\n<title>Les remerciements du Pr\u00e9sident Macky Sall \u00e0 la population de S\u00e9dhiou - LE PUBLIC<\/title>\n<meta name=\"robots\" content=\"index, follow, max-snippet:-1, max-image-preview:large, max-video-preview:-1\" \/>\n<link rel=\"canonical\" href=\"https:\/\/www.public.sn\/index.php\/2023\/02\/28\/les-remerciements-du-president-macky-sall-a-la-belle-accueille-de-la-population-de-sedhiou\/\" \/>\n<meta property=\"og:locale\" content=\"fr_FR\" \/>\n<meta property=\"og:type\" content=\"article\" \/>\n<meta property=\"og:title\" content=\"Les remerciements du Pr\u00e9sident Macky Sall \u00e0 la population de S\u00e9dhiou - LE PUBLIC\" \/>\n<meta property=\"og:description\" content=\"A un an de la pr\u00e9sidentielle et alors qu\u2019il n\u2019a toujours pas \u00e9clair\u00e9 la lanterne des S\u00e9n\u00e9galais sur sa participation, le pr\u00e9sident Macky Sall sillonne le pays. Ces derniers jours, le chef de l\u2019Etat \u00e9tait dans le sud-est du S\u00e9n\u00e9gal, om il a r\u00e9ussi une tr\u00e8s forte mobilisation. Sur Twitter, Macky Sall a ensuite publi\u00e9 les images de sa manifestation dans plusieurs villes de S\u00e9dhiou. \u00ab Aux populations du Pakao, du Balantacounda, du Boudi\u00e9 et du Diassy, je tiens \u00e0 vous dire Merci, Alabarka, Dieuredieuf du fond du c\u0153ur pour votre mobilisation exceptionnelle et votre accueil si chaleureux \u00bb, a \u00e9crit le pr\u00e9sident Sall. Aux populations du Pakao, du Balantacounda, du Boudi\u00e9 et du Diassy, je tiens \u00e0 vous dire Merci, Alabarka, Dieuredieuf du fond du c\u0153ur pour votre mobilisation exceptionnelle et votre accueil si chaleureux. pic.twitter.com\/fRnOktSy4D &mdash; Macky Sall (@Macky_Sall) February 28, 2023\" \/>\n<meta property=\"og:url\" content=\"https:\/\/www.public.sn\/index.php\/2023\/02\/28\/les-remerciements-du-president-macky-sall-a-la-belle-accueille-de-la-population-de-sedhiou\/\" \/>\n<meta property=\"og:site_name\" content=\"LE PUBLIC\" \/>\n<meta property=\"article:published_time\" content=\"2023-02-28T14:07:44+00:00\" \/>\n<meta property=\"article:modified_time\" content=\"2023-02-28T14:19:04+00:00\" \/>\n<meta property=\"og:image\" content=\"https:\/\/www.public.sn\/wp-content\/uploads\/2023\/02\/macky-sall-sedhiou.png\" \/>\n\t<meta property=\"og:image:width\" content=\"644\" \/>\n\t<meta property=\"og:image:height\" content=\"351\" \/>\n\t<meta property=\"og:image:type\" content=\"image\/png\" \/>\n<meta name=\"author\" content=\"LA REDACTION\" \/>\n<meta name=\"twitter:card\" content=\"summary_large_image\" \/>\n<meta name=\"twitter:label1\" content=\"\u00c9crit par\" \/>\n\t<meta name=\"twitter:data1\" content=\"LA REDACTION\" \/>\n\t<meta name=\"twitter:label2\" content=\"Dur\u00e9e de lecture estim\u00e9e\" \/>\n\t<meta name=\"twitter:data2\" content=\"1 minute\" \/>\n<script type=\"application\/ld+json\" class=\"yoast-schema-graph\">{\"@context\":\"https:\/\/schema.org\",\"@graph\":[{\"@type\":\"Article\",\"@id\":\"https:\/\/www.public.sn\/index.php\/2023\/02\/28\/les-remerciements-du-president-macky-sall-a-la-belle-accueille-de-la-population-de-sedhiou\/#article\",\"isPartOf\":{\"@id\":\"https:\/\/www.public.sn\/index.php\/2023\/02\/28\/les-remerciements-du-president-macky-sall-a-la-belle-accueille-de-la-population-de-sedhiou\/\"},\"author\":{\"name\":\"LA REDACTION\",\"@id\":\"https:\/\/www.public.sn\/#\/schema\/person\/cb76c8e1b8becc6be61fb5e92d6d0224\"},\"headline\":\"Les remerciements du Pr\u00e9sident Macky Sall \u00e0 la population de S\u00e9dhiou\",\"datePublished\":\"2023-02-28T14:07:44+00:00\",\"dateModified\":\"2023-02-28T14:19:04+00:00\",\"mainEntityOfPage\":{\"@id\":\"https:\/\/www.public.sn\/index.php\/2023\/02\/28\/les-remerciements-du-president-macky-sall-a-la-belle-accueille-de-la-population-de-sedhiou\/\"},\"wordCount\":165,\"commentCount\":0,\"publisher\":{\"@id\":\"https:\/\/www.public.sn\/#organization\"},\"image\":{\"@id\":\"https:\/\/www.public.sn\/index.php\/2023\/02\/28\/les-remerciements-du-president-macky-sall-a-la-belle-accueille-de-la-population-de-sedhiou\/#primaryimage\"},\"thumbnailUrl\":\"https:\/\/www.public.sn\/wp-content\/uploads\/2023\/02\/macky-sall-sedhiou.png\",\"keywords\":[\"Macky Sall\",\"sedhiou\",\"tourn\u00e9e \u00e9conomique\"],\"articleSection\":[\"ACTUALIT\u00c9S\",\"\u00c9CONOMIE\",\"INFRASTRUCTURES\",\"POLITIQUE\",\"S\u00c9N\u00c9GAL\",\"SOCIETE\",\"VEDETTE\"],\"inLanguage\":\"fr-FR\",\"potentialAction\":[{\"@type\":\"CommentAction\",\"name\":\"Comment\",\"target\":[\"https:\/\/www.public.sn\/index.php\/2023\/02\/28\/les-remerciements-du-president-macky-sall-a-la-belle-accueille-de-la-population-de-sedhiou\/#respond\"]}]},{\"@type\":\"WebPage\",\"@id\":\"https:\/\/www.public.sn\/index.php\/2023\/02\/28\/les-remerciements-du-president-macky-sall-a-la-belle-accueille-de-la-population-de-sedhiou\/\",\"url\":\"https:\/\/www.public.sn\/index.php\/2023\/02\/28\/les-remerciements-du-president-macky-sall-a-la-belle-accueille-de-la-population-de-sedhiou\/\",\"name\":\"Les remerciements du Pr\u00e9sident Macky Sall \u00e0 la population de S\u00e9dhiou - LE PUBLIC\",\"isPartOf\":{\"@id\":\"https:\/\/www.public.sn\/#website\"},\"primaryImageOfPage\":{\"@id\":\"https:\/\/www.public.sn\/index.php\/2023\/02\/28\/les-remerciements-du-president-macky-sall-a-la-belle-accueille-de-la-population-de-sedhiou\/#primaryimage\"},\"image\":{\"@id\":\"https:\/\/www.public.sn\/index.php\/2023\/02\/28\/les-remerciements-du-president-macky-sall-a-la-belle-accueille-de-la-population-de-sedhiou\/#primaryimage\"},\"thumbnailUrl\":\"https:\/\/www.public.sn\/wp-content\/uploads\/2023\/02\/macky-sall-sedhiou.png\",\"datePublished\":\"2023-02-28T14:07:44+00:00\",\"dateModified\":\"2023-02-28T14:19:04+00:00\",\"breadcrumb\":{\"@id\":\"https:\/\/www.public.sn\/index.php\/2023\/02\/28\/les-remerciements-du-president-macky-sall-a-la-belle-accueille-de-la-population-de-sedhiou\/#breadcrumb\"},\"inLanguage\":\"fr-FR\",\"potentialAction\":[{\"@type\":\"ReadAction\",\"target\":[\"https:\/\/www.public.sn\/index.php\/2023\/02\/28\/les-remerciements-du-president-macky-sall-a-la-belle-accueille-de-la-population-de-sedhiou\/\"]}]},{\"@type\":\"ImageObject\",\"inLanguage\":\"fr-FR\",\"@id\":\"https:\/\/www.public.sn\/index.php\/2023\/02\/28\/les-remerciements-du-president-macky-sall-a-la-belle-accueille-de-la-population-de-sedhiou\/#primaryimage\",\"url\":\"https:\/\/www.public.sn\/wp-content\/uploads\/2023\/02\/macky-sall-sedhiou.png\",\"contentUrl\":\"https:\/\/www.public.sn\/wp-content\/uploads\/2023\/02\/macky-sall-sedhiou.png\",\"width\":644,\"height\":351},{\"@type\":\"BreadcrumbList\",\"@id\":\"https:\/\/www.public.sn\/index.php\/2023\/02\/28\/les-remerciements-du-president-macky-sall-a-la-belle-accueille-de-la-population-de-sedhiou\/#breadcrumb\",\"itemListElement\":[{\"@type\":\"ListItem\",\"position\":1,\"name\":\"Accueil\",\"item\":\"https:\/\/www.public.sn\/\"},{\"@type\":\"ListItem\",\"position\":2,\"name\":\"Les remerciements du Pr\u00e9sident Macky Sall \u00e0 la population de S\u00e9dhiou\"}]},{\"@type\":\"WebSite\",\"@id\":\"https:\/\/www.public.sn\/#website\",\"url\":\"https:\/\/www.public.sn\/\",\"name\":\"LE PUBLIC\",\"description\":\"\",\"publisher\":{\"@id\":\"https:\/\/www.public.sn\/#organization\"},\"potentialAction\":[{\"@type\":\"SearchAction\",\"target\":{\"@type\":\"EntryPoint\",\"urlTemplate\":\"https:\/\/www.public.sn\/?s={search_term_string}\"},\"query-input\":{\"@type\":\"PropertyValueSpecification\",\"valueRequired\":true,\"valueName\":\"search_term_string\"}}],\"inLanguage\":\"fr-FR\"},{\"@type\":\"Organization\",\"@id\":\"https:\/\/www.public.sn\/#organization\",\"name\":\"LE PUBLIC\",\"url\":\"https:\/\/www.public.sn\/\",\"logo\":{\"@type\":\"ImageObject\",\"inLanguage\":\"fr-FR\",\"@id\":\"https:\/\/www.public.sn\/#\/schema\/logo\/image\/\",\"url\":\"https:\/\/www.public.sn\/wp-content\/uploads\/2024\/05\/cropped-LOGO-PUBLIC.SN_.png\",\"contentUrl\":\"https:\/\/www.public.sn\/wp-content\/uploads\/2024\/05\/cropped-LOGO-PUBLIC.SN_.png\",\"width\":682,\"height\":192,\"caption\":\"LE PUBLIC\"},\"image\":{\"@id\":\"https:\/\/www.public.sn\/#\/schema\/logo\/image\/\"}},{\"@type\":\"Person\",\"@id\":\"https:\/\/www.public.sn\/#\/schema\/person\/cb76c8e1b8becc6be61fb5e92d6d0224\",\"name\":\"LA REDACTION\",\"image\":{\"@type\":\"ImageObject\",\"inLanguage\":\"fr-FR\",\"@id\":\"https:\/\/www.public.sn\/#\/schema\/person\/image\/\",\"url\":\"https:\/\/secure.gravatar.com\/avatar\/2dce5ddd34b8fef0180efe03aa2a9bee7d953856048f9a16b298190a3178407c?s=96&d=mm&r=g\",\"contentUrl\":\"https:\/\/secure.gravatar.com\/avatar\/2dce5ddd34b8fef0180efe03aa2a9bee7d953856048f9a16b298190a3178407c?s=96&d=mm&r=g\",\"caption\":\"LA REDACTION\"},\"url\":\"https:\/\/www.public.sn\/index.php\/author\/editeurpsn\/\"}]}<\/script>\n<!-- \/ Yoast SEO plugin. -->","yoast_head_json":{"title":"Les remerciements du Pr\u00e9sident Macky Sall \u00e0 la population de S\u00e9dhiou - LE PUBLIC","robots":{"index":"index","follow":"follow","max-snippet":"max-snippet:-1","max-image-preview":"max-image-preview:large","max-video-preview":"max-video-preview:-1"},"canonical":"https:\/\/www.public.sn\/index.php\/2023\/02\/28\/les-remerciements-du-president-macky-sall-a-la-belle-accueille-de-la-population-de-sedhiou\/","og_locale":"fr_FR","og_type":"article","og_title":"Les remerciements du Pr\u00e9sident Macky Sall \u00e0 la population de S\u00e9dhiou - LE PUBLIC","og_description":"A un an de la pr\u00e9sidentielle et alors qu\u2019il n\u2019a toujours pas \u00e9clair\u00e9 la lanterne des S\u00e9n\u00e9galais sur sa participation, le pr\u00e9sident Macky Sall sillonne le pays. Ces derniers jours, le chef de l\u2019Etat \u00e9tait dans le sud-est du S\u00e9n\u00e9gal, om il a r\u00e9ussi une tr\u00e8s forte mobilisation. Sur Twitter, Macky Sall a ensuite publi\u00e9 les images de sa manifestation dans plusieurs villes de S\u00e9dhiou. \u00ab Aux populations du Pakao, du Balantacounda, du Boudi\u00e9 et du Diassy, je tiens \u00e0 vous dire Merci, Alabarka, Dieuredieuf du fond du c\u0153ur pour votre mobilisation exceptionnelle et votre accueil si chaleureux \u00bb, a \u00e9crit le pr\u00e9sident Sall. Aux populations du Pakao, du Balantacounda, du Boudi\u00e9 et du Diassy, je tiens \u00e0 vous dire Merci, Alabarka, Dieuredieuf du fond du c\u0153ur pour votre mobilisation exceptionnelle et votre accueil si chaleureux. pic.twitter.com\/fRnOktSy4D &mdash; Macky Sall (@Macky_Sall) February 28, 2023","og_url":"https:\/\/www.public.sn\/index.php\/2023\/02\/28\/les-remerciements-du-president-macky-sall-a-la-belle-accueille-de-la-population-de-sedhiou\/","og_site_name":"LE PUBLIC","article_published_time":"2023-02-28T14:07:44+00:00","article_modified_time":"2023-02-28T14:19:04+00:00","og_image":[{"width":644,"height":351,"url":"https:\/\/www.public.sn\/wp-content\/uploads\/2023\/02\/macky-sall-sedhiou.png","type":"image\/png"}],"author":"LA REDACTION","twitter_card":"summary_large_image","twitter_misc":{"\u00c9crit par":"LA REDACTION","Dur\u00e9e de lecture estim\u00e9e":"1 minute"},"schema":{"@context":"https:\/\/schema.org","@graph":[{"@type":"Article","@id":"https:\/\/www.public.sn\/index.php\/2023\/02\/28\/les-remerciements-du-president-macky-sall-a-la-belle-accueille-de-la-population-de-sedhiou\/#article","isPartOf":{"@id":"https:\/\/www.public.sn\/index.php\/2023\/02\/28\/les-remerciements-du-president-macky-sall-a-la-belle-accueille-de-la-population-de-sedhiou\/"},"author":{"name":"LA REDACTION","@id":"https:\/\/www.public.sn\/#\/schema\/person\/cb76c8e1b8becc6be61fb5e92d6d0224"},"headline":"Les remerciements du Pr\u00e9sident Macky Sall \u00e0 la population de S\u00e9dhiou","datePublished":"2023-02-28T14:07:44+00:00","dateModified":"2023-02-28T14:19:04+00:00","mainEntityOfPage":{"@id":"https:\/\/www.public.sn\/index.php\/2023\/02\/28\/les-remerciements-du-president-macky-sall-a-la-belle-accueille-de-la-population-de-sedhiou\/"},"wordCount":165,"commentCount":0,"publisher":{"@id":"https:\/\/www.public.sn\/#organization"},"image":{"@id":"https:\/\/www.public.sn\/index.php\/2023\/02\/28\/les-remerciements-du-president-macky-sall-a-la-belle-accueille-de-la-population-de-sedhiou\/#primaryimage"},"thumbnailUrl":"https:\/\/www.public.sn\/wp-content\/uploads\/2023\/02\/macky-sall-sedhiou.png","keywords":["Macky Sall","sedhiou","tourn\u00e9e \u00e9conomique"],"articleSection":["ACTUALIT\u00c9S","\u00c9CONOMIE","INFRASTRUCTURES","POLITIQUE","S\u00c9N\u00c9GAL","SOCIETE","VEDETTE"],"inLanguage":"fr-FR","potentialAction":[{"@type":"CommentAction","name":"Comment","target":["https:\/\/www.public.sn\/index.php\/2023\/02\/28\/les-remerciements-du-president-macky-sall-a-la-belle-accueille-de-la-population-de-sedhiou\/#respond"]}]},{"@type":"WebPage","@id":"https:\/\/www.public.sn\/index.php\/2023\/02\/28\/les-remerciements-du-president-macky-sall-a-la-belle-accueille-de-la-population-de-sedhiou\/","url":"https:\/\/www.public.sn\/index.php\/2023\/02\/28\/les-remerciements-du-president-macky-sall-a-la-belle-accueille-de-la-population-de-sedhiou\/","name":"Les remerciements du Pr\u00e9sident Macky Sall \u00e0 la population de S\u00e9dhiou - LE PUBLIC","isPartOf":{"@id":"https:\/\/www.public.sn\/#website"},"primaryImageOfPage":{"@id":"https:\/\/www.public.sn\/index.php\/2023\/02\/28\/les-remerciements-du-president-macky-sall-a-la-belle-accueille-de-la-population-de-sedhiou\/#primaryimage"},"image":{"@id":"https:\/\/www.public.sn\/index.php\/2023\/02\/28\/les-remerciements-du-president-macky-sall-a-la-belle-accueille-de-la-population-de-sedhiou\/#primaryimage"},"thumbnailUrl":"https:\/\/www.public.sn\/wp-content\/uploads\/2023\/02\/macky-sall-sedhiou.png","datePublished":"2023-02-28T14:07:44+00:00","dateModified":"2023-02-28T14:19:04+00:00","breadcrumb":{"@id":"https:\/\/www.public.sn\/index.php\/2023\/02\/28\/les-remerciements-du-president-macky-sall-a-la-belle-accueille-de-la-population-de-sedhiou\/#breadcrumb"},"inLanguage":"fr-FR","potentialAction":[{"@type":"ReadAction","target":["https:\/\/www.public.sn\/index.php\/2023\/02\/28\/les-remerciements-du-president-macky-sall-a-la-belle-accueille-de-la-population-de-sedhiou\/"]}]},{"@type":"ImageObject","inLanguage":"fr-FR","@id":"https:\/\/www.public.sn\/index.php\/2023\/02\/28\/les-remerciements-du-president-macky-sall-a-la-belle-accueille-de-la-population-de-sedhiou\/#primaryimage","url":"https:\/\/www.public.sn\/wp-content\/uploads\/2023\/02\/macky-sall-sedhiou.png","contentUrl":"https:\/\/www.public.sn\/wp-content\/uploads\/2023\/02\/macky-sall-sedhiou.png","width":644,"height":351},{"@type":"BreadcrumbList","@id":"https:\/\/www.public.sn\/index.php\/2023\/02\/28\/les-remerciements-du-president-macky-sall-a-la-belle-accueille-de-la-population-de-sedhiou\/#breadcrumb","itemListElement":[{"@type":"ListItem","position":1,"name":"Accueil","item":"https:\/\/www.public.sn\/"},{"@type":"ListItem","position":2,"name":"Les remerciements du Pr\u00e9sident Macky Sall \u00e0 la population de S\u00e9dhiou"}]},{"@type":"WebSite","@id":"https:\/\/www.public.sn\/#website","url":"https:\/\/www.public.sn\/","name":"LE PUBLIC","description":"","publisher":{"@id":"https:\/\/www.public.sn\/#organization"},"potentialAction":[{"@type":"SearchAction","target":{"@type":"EntryPoint","urlTemplate":"https:\/\/www.public.sn\/?s={search_term_string}"},"query-input":{"@type":"PropertyValueSpecification","valueRequired":true,"valueName":"search_term_string"}}],"inLanguage":"fr-FR"},{"@type":"Organization","@id":"https:\/\/www.public.sn\/#organization","name":"LE PUBLIC","url":"https:\/\/www.public.sn\/","logo":{"@type":"ImageObject","inLanguage":"fr-FR","@id":"https:\/\/www.public.sn\/#\/schema\/logo\/image\/","url":"https:\/\/www.public.sn\/wp-content\/uploads\/2024\/05\/cropped-LOGO-PUBLIC.SN_.png","contentUrl":"https:\/\/www.public.sn\/wp-content\/uploads\/2024\/05\/cropped-LOGO-PUBLIC.SN_.png","width":682,"height":192,"caption":"LE PUBLIC"},"image":{"@id":"https:\/\/www.public.sn\/#\/schema\/logo\/image\/"}},{"@type":"Person","@id":"https:\/\/www.public.sn\/#\/schema\/person\/cb76c8e1b8becc6be61fb5e92d6d0224","name":"LA REDACTION","image":{"@type":"ImageObject","inLanguage":"fr-FR","@id":"https:\/\/www.public.sn\/#\/schema\/person\/image\/","url":"https:\/\/secure.gravatar.com\/avatar\/2dce5ddd34b8fef0180efe03aa2a9bee7d953856048f9a16b298190a3178407c?s=96&d=mm&r=g","contentUrl":"https:\/\/secure.gravatar.com\/avatar\/2dce5ddd34b8fef0180efe03aa2a9bee7d953856048f9a16b298190a3178407c?s=96&d=mm&r=g","caption":"LA REDACTION"},"url":"https:\/\/www.public.sn\/index.php\/author\/editeurpsn\/"}]}},"jetpack_featured_media_url":"https:\/\/www.public.sn\/wp-content\/uploads\/2023\/02\/macky-sall-sedhiou.png","jetpack_sharing_enabled":true,"_links":{"self":[{"href":"https:\/\/www.public.sn\/index.php\/wp-json\/wp\/v2\/posts\/16717","targetHints":{"allow":["GET"]}}],"collection":[{"href":"https:\/\/www.public.sn\/index.php\/wp-json\/wp\/v2\/posts"}],"about":[{"href":"https:\/\/www.public.sn\/index.php\/wp-json\/wp\/v2\/types\/post"}],"author":[{"embeddable":true,"href":"https:\/\/www.public.sn\/index.php\/wp-json\/wp\/v2\/users\/7"}],"replies":[{"embeddable":true,"href":"https:\/\/www.public.sn\/index.php\/wp-json\/wp\/v2\/comments?post=16717"}],"version-history":[{"count":3,"href":"https:\/\/www.public.sn\/index.php\/wp-json\/wp\/v2\/posts\/16717\/revisions"}],"predecessor-version":[{"id":16728,"href":"https:\/\/www.public.sn\/index.php\/wp-json\/wp\/v2\/posts\/16717\/revisions\/16728"}],"wp:featuredmedia":[{"embeddable":true,"href":"https:\/\/www.public.sn\/index.php\/wp-json\/wp\/v2\/media\/16723"}],"wp:attachment":[{"href":"https:\/\/www.public.sn\/index.php\/wp-json\/wp\/v2\/media?parent=16717"}],"wp:term":[{"taxonomy":"category","embeddable":true,"href":"https:\/\/www.public.sn\/index.php\/wp-json\/wp\/v2\/categories?post=16717"},{"taxonomy":"post_tag","embeddable":true,"href":"https:\/\/www.public.sn\/index.php\/wp-json\/wp\/v2\/tags?post=16717"}],"curies":[{"name":"wp","href":"https:\/\/api.w.org\/{rel}","templated":true}]}}