{"id":16733,"date":"2023-03-01T11:19:27","date_gmt":"2023-03-01T11:19:27","guid":{"rendered":"https:\/\/www.public.sn\/?p=16733"},"modified":"2023-03-01T11:19:27","modified_gmt":"2023-03-01T11:19:27","slug":"bougane-a-fond-dans-le-combat-contre-la-3eme-candidature-de-macky-sall-ne-laissons-pas-macky-sall-pietiner-la-constitution","status":"publish","type":"post","link":"https:\/\/www.public.sn\/index.php\/2023\/03\/01\/bougane-a-fond-dans-le-combat-contre-la-3eme-candidature-de-macky-sall-ne-laissons-pas-macky-sall-pietiner-la-constitution\/","title":{"rendered":"Bougane a fond dans le combat contre la 3\u00e8me candidature de Macky Sall \u00abNe laissons pas Macky Sall pi\u00e9tiner la Constitution\u00bb"},"content":{"rendered":"<p><strong>Membre de l&rsquo;opposition et pr\u00e9sident du mouvement<\/strong> \u00ab\u00a0<strong>Geume sa Bopp\u00a0\u00bb, le pr\u00e9sident Bougane Gueye Dany se dit ne jamais adh\u00e9rer \u00e0 la troisi\u00e8me candidature du pr\u00e9sident Macky.<\/strong><\/p><div class=\"publi-paragraphe1\" style=\"margin-top: 10px;margin-bottom: 10px;margin-left: auto;margin-right: auto;text-align: center;\" id=\"publi-3253096389\"><div class=\"publi-adlabel\">Publicit\u00e9<\/div><script async src=\"\/\/pagead2.googlesyndication.com\/pagead\/js\/adsbygoogle.js?client=ca-pub-4089586018074219\" crossorigin=\"anonymous\"><\/script><ins class=\"adsbygoogle\" style=\"display:block;\" data-ad-client=\"ca-pub-4089586018074219\" \ndata-ad-slot=\"2087940154\" \ndata-ad-format=\"auto\"><\/ins>\n<script> \n(adsbygoogle = window.adsbygoogle || []).push({}); \n<\/script>\n<\/div>\n<blockquote><p><strong>Barrer la route au Pr\u00e9sident Macky Sall dans sa volont\u00e9 affich\u00e9e de briguer un troisi\u00e8me mandat est une \u0153uvre de salubrit\u00e9 publique. Aucun citoyen s\u00e9n\u00e9galais, quelle que soit sa dose d\u2019engagement patriotique ne doit laissez passer une telle forfaiture consistant \u00e0 essayer de violer la Charte fondamentale. En ce qui me concerne, je lance un appel solennel \u00e0 tous les S\u00e9n\u00e9galais d\u2019ici et de la diaspora pour nous lever et former un bloc homog\u00e8ne. Un bloc imp\u00e9n\u00e9trable afin de prouver au Pr\u00e9sident Macky Sall, qu\u2019apr\u00e8s deux mandats, il doit partir. Nul besoin de rappeler ses propos, nul besoin de rappeler la lettre et l\u2019esprit de la loi, il doit tout simplement partir. Il ne devrait pas balafrer notre d\u00e9mocratie. En tout cas, Bougane Gueye et le mouvement Gueum Sa Bopp, en compagnie des forces vives de la nation se battront. Aucun iota de terrain ne lui sera accord\u00e9 afin qu\u2019il comprenne qu\u2019il en a termin\u00e9. Mieux que le slogan \u2018\u2019Non au troisi\u00e8me mandat\u2019\u2019 (NTM) que nous avons lanc\u00e9 et d\u00e9roul\u00e9 lors de la campagne pour les l\u00e9gislatives avec les r\u00e9sultats que tout le monde conna\u00eet, le Pr\u00e9sident Macky Sall ne fera pas de troisi\u00e8me mandat dans ce pays. Donc, \u00e0 tous les S\u00e9n\u00e9galais, \u00e0 tous les mouvements citoyens et politiques, partis et coalitions, religieux et imams, m\u00e9caniciens, artisans de tout bord, vendeurs de tout bord, bref le S\u00e9n\u00e9gal, ne laissons pas le Pr\u00e9sident Macky Sall pi\u00e9tiner la Constitution.<\/strong><\/p><\/blockquote>\n<div class=\"publi-apres-le-contenu\" style=\"margin-top: 10px;margin-bottom: 10px;margin-left: auto;margin-right: auto;text-align: center;\" id=\"publi-2153344938\"><div class=\"publi-adlabel\">Publicit\u00e9<\/div><script async src=\"\/\/pagead2.googlesyndication.com\/pagead\/js\/adsbygoogle.js?client=ca-pub-4089586018074219\" crossorigin=\"anonymous\"><\/script><ins class=\"adsbygoogle\" style=\"display:block;\" data-ad-client=\"ca-pub-4089586018074219\" \ndata-ad-slot=\"2087940154\" \ndata-ad-format=\"auto\"><\/ins>\n<script> \n(adsbygoogle = window.adsbygoogle || []).push({}); \n<\/script>\n<\/div>","protected":false},"excerpt":{"rendered":"<p>Membre de l&rsquo;opposition et pr\u00e9sident du mouvement \u00ab\u00a0Geume sa Bopp\u00a0\u00bb, le pr\u00e9sident Bougane Gueye Dany se dit ne jamais adh\u00e9rer \u00e0 la troisi\u00e8me candidature du pr\u00e9sident Macky. Barrer la route au Pr\u00e9sident Macky Sall dans sa volont\u00e9 affich\u00e9e de briguer un troisi\u00e8me mandat est une \u0153uvre de salubrit\u00e9 publique. Aucun citoyen s\u00e9n\u00e9galais, quelle que soit sa dose d\u2019engagement patriotique ne doit laissez passer une telle forfaiture consistant \u00e0 essayer de violer la Charte fondamentale. En ce qui me concerne, je lance un appel solennel \u00e0 tous les S\u00e9n\u00e9galais d\u2019ici et de la diaspora pour nous lever et former un bloc homog\u00e8ne. Un bloc imp\u00e9n\u00e9trable afin de prouver au Pr\u00e9sident Macky Sall, qu\u2019apr\u00e8s deux mandats, il doit partir. Nul besoin de rappeler ses propos, nul besoin de rappeler la lettre et l\u2019esprit de la loi, il doit tout simplement partir. Il ne devrait pas balafrer notre d\u00e9mocratie. En tout cas, Bougane Gueye et le mouvement Gueum Sa Bopp, en compagnie des forces vives de la nation se battront. Aucun iota de terrain ne lui sera accord\u00e9 afin qu\u2019il comprenne qu\u2019il en a termin\u00e9. Mieux que le slogan \u2018\u2019Non au troisi\u00e8me mandat\u2019\u2019 (NTM) que nous avons lanc\u00e9 et d\u00e9roul\u00e9 lors de la campagne pour les l\u00e9gislatives avec les r\u00e9sultats que tout le monde conna\u00eet, le Pr\u00e9sident Macky Sall ne fera pas de troisi\u00e8me mandat dans ce pays. Donc, \u00e0 tous les S\u00e9n\u00e9galais, \u00e0 tous les mouvements citoyens et politiques, partis et coalitions, religieux et imams, m\u00e9caniciens, artisans de tout bord, vendeurs de tout bord, bref le S\u00e9n\u00e9gal, ne laissons pas le Pr\u00e9sident Macky Sall pi\u00e9tiner la Constitution.<\/p>\n","protected":false},"author":7,"featured_media":16734,"comment_status":"open","ping_status":"open","sticky":false,"template":"","format":"standard","meta":{"_jetpack_memberships_contains_paid_content":false,"footnotes":""},"categories":[375,3,376,1,4,372],"tags":[4569,3882,11],"class_list":["post-16733","post","type-post","status-publish","format-standard","has-post-thumbnail","hentry","category-actualites","category-politique","category-securite-justice","category-non-classe","category-societe","category-vedette","tag-3eme-candidature","tag-bougane-gueye-dany","tag-macky-sall","entry","has-media","owp-thumbs-layout-horizontal","owp-btn-normal","owp-tabs-layout-horizontal","has-no-thumbnails","has-product-nav"],"yoast_head":"<!-- This site is optimized with the Yoast SEO plugin v25.5 - https:\/\/yoast.com\/wordpress\/plugins\/seo\/ -->\n<title>Bougane a fond dans le combat contre la 3\u00e8me candidature de Macky Sall \u00abNe laissons pas Macky Sall pi\u00e9tiner la Constitution\u00bb - LE PUBLIC<\/title>\n<meta name=\"robots\" content=\"index, follow, max-snippet:-1, max-image-preview:large, max-video-preview:-1\" \/>\n<link rel=\"canonical\" href=\"https:\/\/www.public.sn\/index.php\/2023\/03\/01\/bougane-a-fond-dans-le-combat-contre-la-3eme-candidature-de-macky-sall-ne-laissons-pas-macky-sall-pietiner-la-constitution\/\" \/>\n<meta property=\"og:locale\" content=\"fr_FR\" \/>\n<meta property=\"og:type\" content=\"article\" \/>\n<meta property=\"og:title\" content=\"Bougane a fond dans le combat contre la 3\u00e8me candidature de Macky Sall \u00abNe laissons pas Macky Sall pi\u00e9tiner la Constitution\u00bb - LE PUBLIC\" \/>\n<meta property=\"og:description\" content=\"Membre de l&rsquo;opposition et pr\u00e9sident du mouvement \u00ab\u00a0Geume sa Bopp\u00a0\u00bb, le pr\u00e9sident Bougane Gueye Dany se dit ne jamais adh\u00e9rer \u00e0 la troisi\u00e8me candidature du pr\u00e9sident Macky. Barrer la route au Pr\u00e9sident Macky Sall dans sa volont\u00e9 affich\u00e9e de briguer un troisi\u00e8me mandat est une \u0153uvre de salubrit\u00e9 publique. Aucun citoyen s\u00e9n\u00e9galais, quelle que soit sa dose d\u2019engagement patriotique ne doit laissez passer une telle forfaiture consistant \u00e0 essayer de violer la Charte fondamentale. En ce qui me concerne, je lance un appel solennel \u00e0 tous les S\u00e9n\u00e9galais d\u2019ici et de la diaspora pour nous lever et former un bloc homog\u00e8ne. Un bloc imp\u00e9n\u00e9trable afin de prouver au Pr\u00e9sident Macky Sall, qu\u2019apr\u00e8s deux mandats, il doit partir. Nul besoin de rappeler ses propos, nul besoin de rappeler la lettre et l\u2019esprit de la loi, il doit tout simplement partir. Il ne devrait pas balafrer notre d\u00e9mocratie. En tout cas, Bougane Gueye et le mouvement Gueum Sa Bopp, en compagnie des forces vives de la nation se battront. Aucun iota de terrain ne lui sera accord\u00e9 afin qu\u2019il comprenne qu\u2019il en a termin\u00e9. Mieux que le slogan \u2018\u2019Non au troisi\u00e8me mandat\u2019\u2019 (NTM) que nous avons lanc\u00e9 et d\u00e9roul\u00e9 lors de la campagne pour les l\u00e9gislatives avec les r\u00e9sultats que tout le monde conna\u00eet, le Pr\u00e9sident Macky Sall ne fera pas de troisi\u00e8me mandat dans ce pays. Donc, \u00e0 tous les S\u00e9n\u00e9galais, \u00e0 tous les mouvements citoyens et politiques, partis et coalitions, religieux et imams, m\u00e9caniciens, artisans de tout bord, vendeurs de tout bord, bref le S\u00e9n\u00e9gal, ne laissons pas le Pr\u00e9sident Macky Sall pi\u00e9tiner la Constitution.\" \/>\n<meta property=\"og:url\" content=\"https:\/\/www.public.sn\/index.php\/2023\/03\/01\/bougane-a-fond-dans-le-combat-contre-la-3eme-candidature-de-macky-sall-ne-laissons-pas-macky-sall-pietiner-la-constitution\/\" \/>\n<meta property=\"og:site_name\" content=\"LE PUBLIC\" \/>\n<meta property=\"article:published_time\" content=\"2023-03-01T11:19:27+00:00\" \/>\n<meta property=\"og:image\" content=\"https:\/\/www.public.sn\/wp-content\/uploads\/2023\/03\/WhatsApp-Image-2023-03-01-at-10.34.31.jpeg\" \/>\n\t<meta property=\"og:image:width\" content=\"1270\" \/>\n\t<meta property=\"og:image:height\" content=\"1280\" \/>\n\t<meta property=\"og:image:type\" content=\"image\/jpeg\" \/>\n<meta name=\"author\" content=\"LA REDACTION\" \/>\n<meta name=\"twitter:card\" content=\"summary_large_image\" \/>\n<meta name=\"twitter:label1\" content=\"\u00c9crit par\" \/>\n\t<meta name=\"twitter:data1\" content=\"LA REDACTION\" \/>\n\t<meta name=\"twitter:label2\" content=\"Dur\u00e9e de lecture estim\u00e9e\" \/>\n\t<meta name=\"twitter:data2\" content=\"2 minutes\" \/>\n<script type=\"application\/ld+json\" class=\"yoast-schema-graph\">{\"@context\":\"https:\/\/schema.org\",\"@graph\":[{\"@type\":\"Article\",\"@id\":\"https:\/\/www.public.sn\/index.php\/2023\/03\/01\/bougane-a-fond-dans-le-combat-contre-la-3eme-candidature-de-macky-sall-ne-laissons-pas-macky-sall-pietiner-la-constitution\/#article\",\"isPartOf\":{\"@id\":\"https:\/\/www.public.sn\/index.php\/2023\/03\/01\/bougane-a-fond-dans-le-combat-contre-la-3eme-candidature-de-macky-sall-ne-laissons-pas-macky-sall-pietiner-la-constitution\/\"},\"author\":{\"name\":\"LA REDACTION\",\"@id\":\"https:\/\/www.public.sn\/#\/schema\/person\/cb76c8e1b8becc6be61fb5e92d6d0224\"},\"headline\":\"Bougane a fond dans le combat contre la 3\u00e8me candidature de Macky Sall \u00abNe laissons pas Macky Sall pi\u00e9tiner la Constitution\u00bb\",\"datePublished\":\"2023-03-01T11:19:27+00:00\",\"mainEntityOfPage\":{\"@id\":\"https:\/\/www.public.sn\/index.php\/2023\/03\/01\/bougane-a-fond-dans-le-combat-contre-la-3eme-candidature-de-macky-sall-ne-laissons-pas-macky-sall-pietiner-la-constitution\/\"},\"wordCount\":320,\"commentCount\":0,\"publisher\":{\"@id\":\"https:\/\/www.public.sn\/#organization\"},\"image\":{\"@id\":\"https:\/\/www.public.sn\/index.php\/2023\/03\/01\/bougane-a-fond-dans-le-combat-contre-la-3eme-candidature-de-macky-sall-ne-laissons-pas-macky-sall-pietiner-la-constitution\/#primaryimage\"},\"thumbnailUrl\":\"https:\/\/www.public.sn\/wp-content\/uploads\/2023\/03\/WhatsApp-Image-2023-03-01-at-10.34.31.jpeg\",\"keywords\":[\"3\u00e8me candidature\",\"Bougane Gu\u00e8ye Dany\",\"Macky Sall\"],\"articleSection\":[\"ACTUALIT\u00c9S\",\"POLITIQUE\",\"S\u00c9CURIT\u00c9 &amp; JUSTICE\",\"S\u00c9N\u00c9GAL\",\"SOCIETE\",\"VEDETTE\"],\"inLanguage\":\"fr-FR\",\"potentialAction\":[{\"@type\":\"CommentAction\",\"name\":\"Comment\",\"target\":[\"https:\/\/www.public.sn\/index.php\/2023\/03\/01\/bougane-a-fond-dans-le-combat-contre-la-3eme-candidature-de-macky-sall-ne-laissons-pas-macky-sall-pietiner-la-constitution\/#respond\"]}]},{\"@type\":\"WebPage\",\"@id\":\"https:\/\/www.public.sn\/index.php\/2023\/03\/01\/bougane-a-fond-dans-le-combat-contre-la-3eme-candidature-de-macky-sall-ne-laissons-pas-macky-sall-pietiner-la-constitution\/\",\"url\":\"https:\/\/www.public.sn\/index.php\/2023\/03\/01\/bougane-a-fond-dans-le-combat-contre-la-3eme-candidature-de-macky-sall-ne-laissons-pas-macky-sall-pietiner-la-constitution\/\",\"name\":\"Bougane a fond dans le combat contre la 3\u00e8me candidature de Macky Sall \u00abNe laissons pas Macky Sall pi\u00e9tiner la Constitution\u00bb - LE PUBLIC\",\"isPartOf\":{\"@id\":\"https:\/\/www.public.sn\/#website\"},\"primaryImageOfPage\":{\"@id\":\"https:\/\/www.public.sn\/index.php\/2023\/03\/01\/bougane-a-fond-dans-le-combat-contre-la-3eme-candidature-de-macky-sall-ne-laissons-pas-macky-sall-pietiner-la-constitution\/#primaryimage\"},\"image\":{\"@id\":\"https:\/\/www.public.sn\/index.php\/2023\/03\/01\/bougane-a-fond-dans-le-combat-contre-la-3eme-candidature-de-macky-sall-ne-laissons-pas-macky-sall-pietiner-la-constitution\/#primaryimage\"},\"thumbnailUrl\":\"https:\/\/www.public.sn\/wp-content\/uploads\/2023\/03\/WhatsApp-Image-2023-03-01-at-10.34.31.jpeg\",\"datePublished\":\"2023-03-01T11:19:27+00:00\",\"breadcrumb\":{\"@id\":\"https:\/\/www.public.sn\/index.php\/2023\/03\/01\/bougane-a-fond-dans-le-combat-contre-la-3eme-candidature-de-macky-sall-ne-laissons-pas-macky-sall-pietiner-la-constitution\/#breadcrumb\"},\"inLanguage\":\"fr-FR\",\"potentialAction\":[{\"@type\":\"ReadAction\",\"target\":[\"https:\/\/www.public.sn\/index.php\/2023\/03\/01\/bougane-a-fond-dans-le-combat-contre-la-3eme-candidature-de-macky-sall-ne-laissons-pas-macky-sall-pietiner-la-constitution\/\"]}]},{\"@type\":\"ImageObject\",\"inLanguage\":\"fr-FR\",\"@id\":\"https:\/\/www.public.sn\/index.php\/2023\/03\/01\/bougane-a-fond-dans-le-combat-contre-la-3eme-candidature-de-macky-sall-ne-laissons-pas-macky-sall-pietiner-la-constitution\/#primaryimage\",\"url\":\"https:\/\/www.public.sn\/wp-content\/uploads\/2023\/03\/WhatsApp-Image-2023-03-01-at-10.34.31.jpeg\",\"contentUrl\":\"https:\/\/www.public.sn\/wp-content\/uploads\/2023\/03\/WhatsApp-Image-2023-03-01-at-10.34.31.jpeg\",\"width\":1270,\"height\":1280},{\"@type\":\"BreadcrumbList\",\"@id\":\"https:\/\/www.public.sn\/index.php\/2023\/03\/01\/bougane-a-fond-dans-le-combat-contre-la-3eme-candidature-de-macky-sall-ne-laissons-pas-macky-sall-pietiner-la-constitution\/#breadcrumb\",\"itemListElement\":[{\"@type\":\"ListItem\",\"position\":1,\"name\":\"Accueil\",\"item\":\"https:\/\/www.public.sn\/\"},{\"@type\":\"ListItem\",\"position\":2,\"name\":\"Bougane a fond dans le combat contre la 3\u00e8me candidature de Macky Sall \u00abNe laissons pas Macky Sall pi\u00e9tiner la Constitution\u00bb\"}]},{\"@type\":\"WebSite\",\"@id\":\"https:\/\/www.public.sn\/#website\",\"url\":\"https:\/\/www.public.sn\/\",\"name\":\"LE PUBLIC\",\"description\":\"\",\"publisher\":{\"@id\":\"https:\/\/www.public.sn\/#organization\"},\"potentialAction\":[{\"@type\":\"SearchAction\",\"target\":{\"@type\":\"EntryPoint\",\"urlTemplate\":\"https:\/\/www.public.sn\/?s={search_term_string}\"},\"query-input\":{\"@type\":\"PropertyValueSpecification\",\"valueRequired\":true,\"valueName\":\"search_term_string\"}}],\"inLanguage\":\"fr-FR\"},{\"@type\":\"Organization\",\"@id\":\"https:\/\/www.public.sn\/#organization\",\"name\":\"LE PUBLIC\",\"url\":\"https:\/\/www.public.sn\/\",\"logo\":{\"@type\":\"ImageObject\",\"inLanguage\":\"fr-FR\",\"@id\":\"https:\/\/www.public.sn\/#\/schema\/logo\/image\/\",\"url\":\"https:\/\/www.public.sn\/wp-content\/uploads\/2024\/05\/cropped-LOGO-PUBLIC.SN_.png\",\"contentUrl\":\"https:\/\/www.public.sn\/wp-content\/uploads\/2024\/05\/cropped-LOGO-PUBLIC.SN_.png\",\"width\":682,\"height\":192,\"caption\":\"LE PUBLIC\"},\"image\":{\"@id\":\"https:\/\/www.public.sn\/#\/schema\/logo\/image\/\"}},{\"@type\":\"Person\",\"@id\":\"https:\/\/www.public.sn\/#\/schema\/person\/cb76c8e1b8becc6be61fb5e92d6d0224\",\"name\":\"LA REDACTION\",\"image\":{\"@type\":\"ImageObject\",\"inLanguage\":\"fr-FR\",\"@id\":\"https:\/\/www.public.sn\/#\/schema\/person\/image\/\",\"url\":\"https:\/\/secure.gravatar.com\/avatar\/2dce5ddd34b8fef0180efe03aa2a9bee7d953856048f9a16b298190a3178407c?s=96&d=mm&r=g\",\"contentUrl\":\"https:\/\/secure.gravatar.com\/avatar\/2dce5ddd34b8fef0180efe03aa2a9bee7d953856048f9a16b298190a3178407c?s=96&d=mm&r=g\",\"caption\":\"LA REDACTION\"},\"url\":\"https:\/\/www.public.sn\/index.php\/author\/editeurpsn\/\"}]}<\/script>\n<!-- \/ Yoast SEO plugin. -->","yoast_head_json":{"title":"Bougane a fond dans le combat contre la 3\u00e8me candidature de Macky Sall \u00abNe laissons pas Macky Sall pi\u00e9tiner la Constitution\u00bb - LE PUBLIC","robots":{"index":"index","follow":"follow","max-snippet":"max-snippet:-1","max-image-preview":"max-image-preview:large","max-video-preview":"max-video-preview:-1"},"canonical":"https:\/\/www.public.sn\/index.php\/2023\/03\/01\/bougane-a-fond-dans-le-combat-contre-la-3eme-candidature-de-macky-sall-ne-laissons-pas-macky-sall-pietiner-la-constitution\/","og_locale":"fr_FR","og_type":"article","og_title":"Bougane a fond dans le combat contre la 3\u00e8me candidature de Macky Sall \u00abNe laissons pas Macky Sall pi\u00e9tiner la Constitution\u00bb - LE PUBLIC","og_description":"Membre de l&rsquo;opposition et pr\u00e9sident du mouvement \u00ab\u00a0Geume sa Bopp\u00a0\u00bb, le pr\u00e9sident Bougane Gueye Dany se dit ne jamais adh\u00e9rer \u00e0 la troisi\u00e8me candidature du pr\u00e9sident Macky. Barrer la route au Pr\u00e9sident Macky Sall dans sa volont\u00e9 affich\u00e9e de briguer un troisi\u00e8me mandat est une \u0153uvre de salubrit\u00e9 publique. Aucun citoyen s\u00e9n\u00e9galais, quelle que soit sa dose d\u2019engagement patriotique ne doit laissez passer une telle forfaiture consistant \u00e0 essayer de violer la Charte fondamentale. En ce qui me concerne, je lance un appel solennel \u00e0 tous les S\u00e9n\u00e9galais d\u2019ici et de la diaspora pour nous lever et former un bloc homog\u00e8ne. Un bloc imp\u00e9n\u00e9trable afin de prouver au Pr\u00e9sident Macky Sall, qu\u2019apr\u00e8s deux mandats, il doit partir. Nul besoin de rappeler ses propos, nul besoin de rappeler la lettre et l\u2019esprit de la loi, il doit tout simplement partir. Il ne devrait pas balafrer notre d\u00e9mocratie. En tout cas, Bougane Gueye et le mouvement Gueum Sa Bopp, en compagnie des forces vives de la nation se battront. Aucun iota de terrain ne lui sera accord\u00e9 afin qu\u2019il comprenne qu\u2019il en a termin\u00e9. Mieux que le slogan \u2018\u2019Non au troisi\u00e8me mandat\u2019\u2019 (NTM) que nous avons lanc\u00e9 et d\u00e9roul\u00e9 lors de la campagne pour les l\u00e9gislatives avec les r\u00e9sultats que tout le monde conna\u00eet, le Pr\u00e9sident Macky Sall ne fera pas de troisi\u00e8me mandat dans ce pays. Donc, \u00e0 tous les S\u00e9n\u00e9galais, \u00e0 tous les mouvements citoyens et politiques, partis et coalitions, religieux et imams, m\u00e9caniciens, artisans de tout bord, vendeurs de tout bord, bref le S\u00e9n\u00e9gal, ne laissons pas le Pr\u00e9sident Macky Sall pi\u00e9tiner la Constitution.","og_url":"https:\/\/www.public.sn\/index.php\/2023\/03\/01\/bougane-a-fond-dans-le-combat-contre-la-3eme-candidature-de-macky-sall-ne-laissons-pas-macky-sall-pietiner-la-constitution\/","og_site_name":"LE PUBLIC","article_published_time":"2023-03-01T11:19:27+00:00","og_image":[{"width":1270,"height":1280,"url":"https:\/\/www.public.sn\/wp-content\/uploads\/2023\/03\/WhatsApp-Image-2023-03-01-at-10.34.31.jpeg","type":"image\/jpeg"}],"author":"LA REDACTION","twitter_card":"summary_large_image","twitter_misc":{"\u00c9crit par":"LA REDACTION","Dur\u00e9e de lecture estim\u00e9e":"2 minutes"},"schema":{"@context":"https:\/\/schema.org","@graph":[{"@type":"Article","@id":"https:\/\/www.public.sn\/index.php\/2023\/03\/01\/bougane-a-fond-dans-le-combat-contre-la-3eme-candidature-de-macky-sall-ne-laissons-pas-macky-sall-pietiner-la-constitution\/#article","isPartOf":{"@id":"https:\/\/www.public.sn\/index.php\/2023\/03\/01\/bougane-a-fond-dans-le-combat-contre-la-3eme-candidature-de-macky-sall-ne-laissons-pas-macky-sall-pietiner-la-constitution\/"},"author":{"name":"LA REDACTION","@id":"https:\/\/www.public.sn\/#\/schema\/person\/cb76c8e1b8becc6be61fb5e92d6d0224"},"headline":"Bougane a fond dans le combat contre la 3\u00e8me candidature de Macky Sall \u00abNe laissons pas Macky Sall pi\u00e9tiner la Constitution\u00bb","datePublished":"2023-03-01T11:19:27+00:00","mainEntityOfPage":{"@id":"https:\/\/www.public.sn\/index.php\/2023\/03\/01\/bougane-a-fond-dans-le-combat-contre-la-3eme-candidature-de-macky-sall-ne-laissons-pas-macky-sall-pietiner-la-constitution\/"},"wordCount":320,"commentCount":0,"publisher":{"@id":"https:\/\/www.public.sn\/#organization"},"image":{"@id":"https:\/\/www.public.sn\/index.php\/2023\/03\/01\/bougane-a-fond-dans-le-combat-contre-la-3eme-candidature-de-macky-sall-ne-laissons-pas-macky-sall-pietiner-la-constitution\/#primaryimage"},"thumbnailUrl":"https:\/\/www.public.sn\/wp-content\/uploads\/2023\/03\/WhatsApp-Image-2023-03-01-at-10.34.31.jpeg","keywords":["3\u00e8me candidature","Bougane Gu\u00e8ye Dany","Macky Sall"],"articleSection":["ACTUALIT\u00c9S","POLITIQUE","S\u00c9CURIT\u00c9 &amp; JUSTICE","S\u00c9N\u00c9GAL","SOCIETE","VEDETTE"],"inLanguage":"fr-FR","potentialAction":[{"@type":"CommentAction","name":"Comment","target":["https:\/\/www.public.sn\/index.php\/2023\/03\/01\/bougane-a-fond-dans-le-combat-contre-la-3eme-candidature-de-macky-sall-ne-laissons-pas-macky-sall-pietiner-la-constitution\/#respond"]}]},{"@type":"WebPage","@id":"https:\/\/www.public.sn\/index.php\/2023\/03\/01\/bougane-a-fond-dans-le-combat-contre-la-3eme-candidature-de-macky-sall-ne-laissons-pas-macky-sall-pietiner-la-constitution\/","url":"https:\/\/www.public.sn\/index.php\/2023\/03\/01\/bougane-a-fond-dans-le-combat-contre-la-3eme-candidature-de-macky-sall-ne-laissons-pas-macky-sall-pietiner-la-constitution\/","name":"Bougane a fond dans le combat contre la 3\u00e8me candidature de Macky Sall \u00abNe laissons pas Macky Sall pi\u00e9tiner la Constitution\u00bb - LE PUBLIC","isPartOf":{"@id":"https:\/\/www.public.sn\/#website"},"primaryImageOfPage":{"@id":"https:\/\/www.public.sn\/index.php\/2023\/03\/01\/bougane-a-fond-dans-le-combat-contre-la-3eme-candidature-de-macky-sall-ne-laissons-pas-macky-sall-pietiner-la-constitution\/#primaryimage"},"image":{"@id":"https:\/\/www.public.sn\/index.php\/2023\/03\/01\/bougane-a-fond-dans-le-combat-contre-la-3eme-candidature-de-macky-sall-ne-laissons-pas-macky-sall-pietiner-la-constitution\/#primaryimage"},"thumbnailUrl":"https:\/\/www.public.sn\/wp-content\/uploads\/2023\/03\/WhatsApp-Image-2023-03-01-at-10.34.31.jpeg","datePublished":"2023-03-01T11:19:27+00:00","breadcrumb":{"@id":"https:\/\/www.public.sn\/index.php\/2023\/03\/01\/bougane-a-fond-dans-le-combat-contre-la-3eme-candidature-de-macky-sall-ne-laissons-pas-macky-sall-pietiner-la-constitution\/#breadcrumb"},"inLanguage":"fr-FR","potentialAction":[{"@type":"ReadAction","target":["https:\/\/www.public.sn\/index.php\/2023\/03\/01\/bougane-a-fond-dans-le-combat-contre-la-3eme-candidature-de-macky-sall-ne-laissons-pas-macky-sall-pietiner-la-constitution\/"]}]},{"@type":"ImageObject","inLanguage":"fr-FR","@id":"https:\/\/www.public.sn\/index.php\/2023\/03\/01\/bougane-a-fond-dans-le-combat-contre-la-3eme-candidature-de-macky-sall-ne-laissons-pas-macky-sall-pietiner-la-constitution\/#primaryimage","url":"https:\/\/www.public.sn\/wp-content\/uploads\/2023\/03\/WhatsApp-Image-2023-03-01-at-10.34.31.jpeg","contentUrl":"https:\/\/www.public.sn\/wp-content\/uploads\/2023\/03\/WhatsApp-Image-2023-03-01-at-10.34.31.jpeg","width":1270,"height":1280},{"@type":"BreadcrumbList","@id":"https:\/\/www.public.sn\/index.php\/2023\/03\/01\/bougane-a-fond-dans-le-combat-contre-la-3eme-candidature-de-macky-sall-ne-laissons-pas-macky-sall-pietiner-la-constitution\/#breadcrumb","itemListElement":[{"@type":"ListItem","position":1,"name":"Accueil","item":"https:\/\/www.public.sn\/"},{"@type":"ListItem","position":2,"name":"Bougane a fond dans le combat contre la 3\u00e8me candidature de Macky Sall \u00abNe laissons pas Macky Sall pi\u00e9tiner la Constitution\u00bb"}]},{"@type":"WebSite","@id":"https:\/\/www.public.sn\/#website","url":"https:\/\/www.public.sn\/","name":"LE PUBLIC","description":"","publisher":{"@id":"https:\/\/www.public.sn\/#organization"},"potentialAction":[{"@type":"SearchAction","target":{"@type":"EntryPoint","urlTemplate":"https:\/\/www.public.sn\/?s={search_term_string}"},"query-input":{"@type":"PropertyValueSpecification","valueRequired":true,"valueName":"search_term_string"}}],"inLanguage":"fr-FR"},{"@type":"Organization","@id":"https:\/\/www.public.sn\/#organization","name":"LE PUBLIC","url":"https:\/\/www.public.sn\/","logo":{"@type":"ImageObject","inLanguage":"fr-FR","@id":"https:\/\/www.public.sn\/#\/schema\/logo\/image\/","url":"https:\/\/www.public.sn\/wp-content\/uploads\/2024\/05\/cropped-LOGO-PUBLIC.SN_.png","contentUrl":"https:\/\/www.public.sn\/wp-content\/uploads\/2024\/05\/cropped-LOGO-PUBLIC.SN_.png","width":682,"height":192,"caption":"LE PUBLIC"},"image":{"@id":"https:\/\/www.public.sn\/#\/schema\/logo\/image\/"}},{"@type":"Person","@id":"https:\/\/www.public.sn\/#\/schema\/person\/cb76c8e1b8becc6be61fb5e92d6d0224","name":"LA REDACTION","image":{"@type":"ImageObject","inLanguage":"fr-FR","@id":"https:\/\/www.public.sn\/#\/schema\/person\/image\/","url":"https:\/\/secure.gravatar.com\/avatar\/2dce5ddd34b8fef0180efe03aa2a9bee7d953856048f9a16b298190a3178407c?s=96&d=mm&r=g","contentUrl":"https:\/\/secure.gravatar.com\/avatar\/2dce5ddd34b8fef0180efe03aa2a9bee7d953856048f9a16b298190a3178407c?s=96&d=mm&r=g","caption":"LA REDACTION"},"url":"https:\/\/www.public.sn\/index.php\/author\/editeurpsn\/"}]}},"jetpack_featured_media_url":"https:\/\/www.public.sn\/wp-content\/uploads\/2023\/03\/WhatsApp-Image-2023-03-01-at-10.34.31.jpeg","jetpack_sharing_enabled":true,"_links":{"self":[{"href":"https:\/\/www.public.sn\/index.php\/wp-json\/wp\/v2\/posts\/16733","targetHints":{"allow":["GET"]}}],"collection":[{"href":"https:\/\/www.public.sn\/index.php\/wp-json\/wp\/v2\/posts"}],"about":[{"href":"https:\/\/www.public.sn\/index.php\/wp-json\/wp\/v2\/types\/post"}],"author":[{"embeddable":true,"href":"https:\/\/www.public.sn\/index.php\/wp-json\/wp\/v2\/users\/7"}],"replies":[{"embeddable":true,"href":"https:\/\/www.public.sn\/index.php\/wp-json\/wp\/v2\/comments?post=16733"}],"version-history":[{"count":1,"href":"https:\/\/www.public.sn\/index.php\/wp-json\/wp\/v2\/posts\/16733\/revisions"}],"predecessor-version":[{"id":16735,"href":"https:\/\/www.public.sn\/index.php\/wp-json\/wp\/v2\/posts\/16733\/revisions\/16735"}],"wp:featuredmedia":[{"embeddable":true,"href":"https:\/\/www.public.sn\/index.php\/wp-json\/wp\/v2\/media\/16734"}],"wp:attachment":[{"href":"https:\/\/www.public.sn\/index.php\/wp-json\/wp\/v2\/media?parent=16733"}],"wp:term":[{"taxonomy":"category","embeddable":true,"href":"https:\/\/www.public.sn\/index.php\/wp-json\/wp\/v2\/categories?post=16733"},{"taxonomy":"post_tag","embeddable":true,"href":"https:\/\/www.public.sn\/index.php\/wp-json\/wp\/v2\/tags?post=16733"}],"curies":[{"name":"wp","href":"https:\/\/api.w.org\/{rel}","templated":true}]}}