{"id":16761,"date":"2023-03-01T13:58:40","date_gmt":"2023-03-01T13:58:40","guid":{"rendered":"https:\/\/www.public.sn\/?p=16761"},"modified":"2023-03-01T14:08:54","modified_gmt":"2023-03-01T14:08:54","slug":"soldats-senegalais-tues-au-mali-sidiki-kaba-annonce-des-mesures-pour-les-familles-de-victimes","status":"publish","type":"post","link":"https:\/\/www.public.sn\/index.php\/2023\/03\/01\/soldats-senegalais-tues-au-mali-sidiki-kaba-annonce-des-mesures-pour-les-familles-de-victimes\/","title":{"rendered":"Soldats s\u00e9n\u00e9galais tu\u00e9s au Mali : Sidiki Kaba annonce des mesures pour les familles de victimes"},"content":{"rendered":"<div><strong><span style=\"font-size: x-large;\">Le ministre des Forces Arm\u00e9es, Sidiki Kaba a annonc\u00e9 mercredi01 mars \u00e0 Dakar que l\u2019Etat a pris des mesures sociales fortes pour accompagner les familles des trois soldats tu\u00e9s dans le cadre des op\u00e9rations de la Mission multidimensionnelle int\u00e9gr\u00e9e des Nations unies pour la stabilisation au Mali (MINUSMA).\u2018\u2019L&rsquo;\u00c9tat a d\u00e9j\u00e0 pris des mesures sociales fortes pour accompagner leurs familles dans le deuil et aussi de fa\u00e7on durable ind\u00e9pendamment de ce qui est pr\u00e9vu par les Nations unies\u2019\u2019, a-t-il dit lors de la c\u00e9r\u00e9monie de lev\u00e9e de corps des trois \u00ab\u00a0Jambars\u00a0\u00bb au camp Dial Diop de Dakar, si\u00e8ge de l\u2019Etat major des arm\u00e9es s\u00e9n\u00e9galaises&#8230;<\/span><\/strong><\/div>\n<div><span style=\"font-size: x-large;\">\u00a0<\/span><\/div>\n<div><span style=\"font-size: x-large;\">Les soldats <strong>Eug\u00e8ne Idrissa Badhine Mingou, Ousseynou Diallo <\/strong>et<strong> Pierre Tama Boubane<\/strong> ont \u00e9t\u00e9 \u00e9lev\u00e9s aux rangs de chevaliers dans l\u2019Ordre national du Lion \u00e0 titre posthume.<\/span><\/div>\n<div><span style=\"font-size: x-large;\">\u00a0<\/span><\/div>\n<div><span style=\"font-size: x-large;\">Ces militaires s\u00e9n\u00e9galais membres de la Mission multidimensionnelle int\u00e9gr\u00e9e des Nations unies pour la stabilisation du <strong>Mali<\/strong> (<strong>MINUSMA<\/strong>) sont d\u00e9c\u00e9d\u00e9s \u00e0 la suite de l\u2019explosion d\u2019un engin improvis\u00e9.<\/span><\/div>\n<div><span style=\"font-size: x-large;\">\u00a0<\/span><\/div>\n<div><span style=\"font-size: x-large;\">Cinq autres soldats avaient \u00e9t\u00e9 bless\u00e9s dans cette attaque survenue alors que les militaires s\u00e9n\u00e9galais retournaient d\u2019une mission de ravitaillement entre les localit\u00e9s <strong>d\u2019Ogassagou<\/strong> et de<strong> Savar\u00e9.<\/strong><\/span><\/div>\n<div><strong><span style=\"font-size: x-large;\">\u00a0<\/span><\/strong><\/div>\n<div><span style=\"font-size: x-large;\">Le v\u00e9hicule blind\u00e9 \u00e0 bord duquel les casques bleus s\u00e9n\u00e9galais avaient pris place avait heurt\u00e9 un engin explosif improvis\u00e9 \u00e0 hauteur du village de Songobia, avait pr\u00e9cis\u00e9 la DIRPA.<\/span><\/div>\n<div><span style=\"font-size: x-large;\">\u00a0<\/span><\/div>\n<div><span style=\"font-size: x-large;\">Le ministre des Forces Arm\u00e9es a pr\u00e9sent\u00e9 les condol\u00e9ances de la Nation aux familles de \u2018\u2019ces jeunes soldats partis \u00e0 fleur de l&rsquo;\u00e2ge dans l&rsquo;accomplissement de leur mission. La nation leur sera \u00e9ternellement reconnaissante\u2019\u2019<\/span><\/div>\n<div><span style=\"font-size: x-large;\">\u00a0<\/span><\/div>\n<div><span style=\"font-size: x-large;\">Il a rappel\u00e9 l\u2019engagement du S\u00e9n\u00e9gal, depuis l&rsquo;Ind\u00e9pendance, dans le maintien de la paix dans le monde notamment dans la sous-r\u00e9gion africaine.<\/span><\/div>\n<div class=\"publi-apres-le-contenu\" style=\"margin-top: 10px;margin-bottom: 10px;margin-left: auto;margin-right: auto;text-align: center;\" id=\"publi-242564818\"><div class=\"publi-adlabel\">Publicit\u00e9<\/div><script async src=\"\/\/pagead2.googlesyndication.com\/pagead\/js\/adsbygoogle.js?client=ca-pub-4089586018074219\" crossorigin=\"anonymous\"><\/script><ins class=\"adsbygoogle\" style=\"display:block;\" data-ad-client=\"ca-pub-4089586018074219\" \ndata-ad-slot=\"2087940154\" \ndata-ad-format=\"auto\"><\/ins>\n<script> \n(adsbygoogle = window.adsbygoogle || []).push({}); \n<\/script>\n<\/div>","protected":false},"excerpt":{"rendered":"<p>Le ministre des Forces Arm\u00e9es, Sidiki Kaba a annonc\u00e9 mercredi01 mars \u00e0 Dakar que l\u2019Etat a pris des mesures sociales fortes pour accompagner les familles des trois soldats tu\u00e9s dans le cadre des op\u00e9rations de la Mission multidimensionnelle int\u00e9gr\u00e9e des Nations unies pour la stabilisation au Mali (MINUSMA).\u2018\u2019L&rsquo;\u00c9tat a d\u00e9j\u00e0 pris des mesures sociales fortes pour accompagner leurs familles dans le deuil et aussi de fa\u00e7on durable ind\u00e9pendamment de ce qui est pr\u00e9vu par les Nations unies\u2019\u2019, a-t-il dit lors de la c\u00e9r\u00e9monie de lev\u00e9e de corps des trois \u00ab\u00a0Jambars\u00a0\u00bb au camp Dial Diop de Dakar, si\u00e8ge de l\u2019Etat major des arm\u00e9es s\u00e9n\u00e9galaises&#8230; \u00a0 Les soldats Eug\u00e8ne Idrissa Badhine Mingou, Ousseynou Diallo et Pierre Tama Boubane ont \u00e9t\u00e9 \u00e9lev\u00e9s aux rangs de chevaliers dans l\u2019Ordre national du Lion \u00e0 titre posthume. \u00a0 Ces militaires s\u00e9n\u00e9galais membres de la Mission multidimensionnelle int\u00e9gr\u00e9e des Nations unies pour la stabilisation du Mali (MINUSMA) sont d\u00e9c\u00e9d\u00e9s \u00e0 la suite de l\u2019explosion d\u2019un engin improvis\u00e9. \u00a0 Cinq autres soldats avaient \u00e9t\u00e9 bless\u00e9s dans cette attaque survenue alors que les militaires s\u00e9n\u00e9galais retournaient d\u2019une mission de ravitaillement entre les localit\u00e9s d\u2019Ogassagou et de Savar\u00e9. \u00a0 Le v\u00e9hicule blind\u00e9 \u00e0 bord duquel les casques bleus s\u00e9n\u00e9galais avaient pris place avait heurt\u00e9 un engin explosif improvis\u00e9 \u00e0 hauteur du village de Songobia, avait pr\u00e9cis\u00e9 la DIRPA. \u00a0 Le ministre des Forces Arm\u00e9es a pr\u00e9sent\u00e9 les condol\u00e9ances de la Nation aux familles de \u2018\u2019ces jeunes soldats partis \u00e0 fleur de l&rsquo;\u00e2ge dans l&rsquo;accomplissement de leur mission. La nation leur sera \u00e9ternellement reconnaissante\u2019\u2019 \u00a0 Il a rappel\u00e9 l\u2019engagement du S\u00e9n\u00e9gal, depuis l&rsquo;Ind\u00e9pendance, dans le maintien de la paix dans le monde notamment dans la sous-r\u00e9gion africaine.<\/p>\n","protected":false},"author":7,"featured_media":16762,"comment_status":"open","ping_status":"open","sticky":false,"template":"","format":"standard","meta":{"_jetpack_memberships_contains_paid_content":false,"footnotes":""},"categories":[375,4],"tags":[929],"class_list":["post-16761","post","type-post","status-publish","format-standard","has-post-thumbnail","hentry","category-actualites","category-societe","tag-sidiki-kaba","entry","has-media","owp-thumbs-layout-horizontal","owp-btn-normal","owp-tabs-layout-horizontal","has-no-thumbnails","has-product-nav"],"yoast_head":"<!-- This site is optimized with the Yoast SEO plugin v25.5 - https:\/\/yoast.com\/wordpress\/plugins\/seo\/ -->\n<title>Soldats s\u00e9n\u00e9galais tu\u00e9s au Mali : Sidiki Kaba annonce des mesures pour les familles de victimes - LE PUBLIC<\/title>\n<meta name=\"robots\" content=\"index, follow, max-snippet:-1, max-image-preview:large, max-video-preview:-1\" \/>\n<link rel=\"canonical\" href=\"https:\/\/www.public.sn\/index.php\/2023\/03\/01\/soldats-senegalais-tues-au-mali-sidiki-kaba-annonce-des-mesures-pour-les-familles-de-victimes\/\" \/>\n<meta property=\"og:locale\" content=\"fr_FR\" \/>\n<meta property=\"og:type\" content=\"article\" \/>\n<meta property=\"og:title\" content=\"Soldats s\u00e9n\u00e9galais tu\u00e9s au Mali : Sidiki Kaba annonce des mesures pour les familles de victimes - LE PUBLIC\" \/>\n<meta property=\"og:description\" content=\"Le ministre des Forces Arm\u00e9es, Sidiki Kaba a annonc\u00e9 mercredi01 mars \u00e0 Dakar que l\u2019Etat a pris des mesures sociales fortes pour accompagner les familles des trois soldats tu\u00e9s dans le cadre des op\u00e9rations de la Mission multidimensionnelle int\u00e9gr\u00e9e des Nations unies pour la stabilisation au Mali (MINUSMA).\u2018\u2019L&rsquo;\u00c9tat a d\u00e9j\u00e0 pris des mesures sociales fortes pour accompagner leurs familles dans le deuil et aussi de fa\u00e7on durable ind\u00e9pendamment de ce qui est pr\u00e9vu par les Nations unies\u2019\u2019, a-t-il dit lors de la c\u00e9r\u00e9monie de lev\u00e9e de corps des trois \u00ab\u00a0Jambars\u00a0\u00bb au camp Dial Diop de Dakar, si\u00e8ge de l\u2019Etat major des arm\u00e9es s\u00e9n\u00e9galaises&#8230; \u00a0 Les soldats Eug\u00e8ne Idrissa Badhine Mingou, Ousseynou Diallo et Pierre Tama Boubane ont \u00e9t\u00e9 \u00e9lev\u00e9s aux rangs de chevaliers dans l\u2019Ordre national du Lion \u00e0 titre posthume. \u00a0 Ces militaires s\u00e9n\u00e9galais membres de la Mission multidimensionnelle int\u00e9gr\u00e9e des Nations unies pour la stabilisation du Mali (MINUSMA) sont d\u00e9c\u00e9d\u00e9s \u00e0 la suite de l\u2019explosion d\u2019un engin improvis\u00e9. \u00a0 Cinq autres soldats avaient \u00e9t\u00e9 bless\u00e9s dans cette attaque survenue alors que les militaires s\u00e9n\u00e9galais retournaient d\u2019une mission de ravitaillement entre les localit\u00e9s d\u2019Ogassagou et de Savar\u00e9. \u00a0 Le v\u00e9hicule blind\u00e9 \u00e0 bord duquel les casques bleus s\u00e9n\u00e9galais avaient pris place avait heurt\u00e9 un engin explosif improvis\u00e9 \u00e0 hauteur du village de Songobia, avait pr\u00e9cis\u00e9 la DIRPA. \u00a0 Le ministre des Forces Arm\u00e9es a pr\u00e9sent\u00e9 les condol\u00e9ances de la Nation aux familles de \u2018\u2019ces jeunes soldats partis \u00e0 fleur de l&rsquo;\u00e2ge dans l&rsquo;accomplissement de leur mission. La nation leur sera \u00e9ternellement reconnaissante\u2019\u2019 \u00a0 Il a rappel\u00e9 l\u2019engagement du S\u00e9n\u00e9gal, depuis l&rsquo;Ind\u00e9pendance, dans le maintien de la paix dans le monde notamment dans la sous-r\u00e9gion africaine.\" \/>\n<meta property=\"og:url\" content=\"https:\/\/www.public.sn\/index.php\/2023\/03\/01\/soldats-senegalais-tues-au-mali-sidiki-kaba-annonce-des-mesures-pour-les-familles-de-victimes\/\" \/>\n<meta property=\"og:site_name\" content=\"LE PUBLIC\" \/>\n<meta property=\"article:published_time\" content=\"2023-03-01T13:58:40+00:00\" \/>\n<meta property=\"article:modified_time\" content=\"2023-03-01T14:08:54+00:00\" \/>\n<meta property=\"og:image\" content=\"https:\/\/www.public.sn\/wp-content\/uploads\/2023\/03\/SIDIKI-KABA.jpg\" \/>\n\t<meta property=\"og:image:width\" content=\"613\" \/>\n\t<meta property=\"og:image:height\" content=\"377\" \/>\n\t<meta property=\"og:image:type\" content=\"image\/jpeg\" \/>\n<meta name=\"author\" content=\"LA REDACTION\" \/>\n<meta name=\"twitter:card\" content=\"summary_large_image\" \/>\n<meta name=\"twitter:label1\" content=\"\u00c9crit par\" \/>\n\t<meta name=\"twitter:data1\" content=\"LA REDACTION\" \/>\n\t<meta name=\"twitter:label2\" content=\"Dur\u00e9e de lecture estim\u00e9e\" \/>\n\t<meta name=\"twitter:data2\" content=\"2 minutes\" \/>\n<script type=\"application\/ld+json\" class=\"yoast-schema-graph\">{\"@context\":\"https:\/\/schema.org\",\"@graph\":[{\"@type\":\"Article\",\"@id\":\"https:\/\/www.public.sn\/index.php\/2023\/03\/01\/soldats-senegalais-tues-au-mali-sidiki-kaba-annonce-des-mesures-pour-les-familles-de-victimes\/#article\",\"isPartOf\":{\"@id\":\"https:\/\/www.public.sn\/index.php\/2023\/03\/01\/soldats-senegalais-tues-au-mali-sidiki-kaba-annonce-des-mesures-pour-les-familles-de-victimes\/\"},\"author\":{\"name\":\"LA REDACTION\",\"@id\":\"https:\/\/www.public.sn\/#\/schema\/person\/cb76c8e1b8becc6be61fb5e92d6d0224\"},\"headline\":\"Soldats s\u00e9n\u00e9galais tu\u00e9s au Mali : Sidiki Kaba annonce des mesures pour les familles de victimes\",\"datePublished\":\"2023-03-01T13:58:40+00:00\",\"dateModified\":\"2023-03-01T14:08:54+00:00\",\"mainEntityOfPage\":{\"@id\":\"https:\/\/www.public.sn\/index.php\/2023\/03\/01\/soldats-senegalais-tues-au-mali-sidiki-kaba-annonce-des-mesures-pour-les-familles-de-victimes\/\"},\"wordCount\":333,\"commentCount\":0,\"publisher\":{\"@id\":\"https:\/\/www.public.sn\/#organization\"},\"image\":{\"@id\":\"https:\/\/www.public.sn\/index.php\/2023\/03\/01\/soldats-senegalais-tues-au-mali-sidiki-kaba-annonce-des-mesures-pour-les-familles-de-victimes\/#primaryimage\"},\"thumbnailUrl\":\"https:\/\/www.public.sn\/wp-content\/uploads\/2023\/03\/SIDIKI-KABA.jpg\",\"keywords\":[\"Sidiki Kaba\"],\"articleSection\":[\"ACTUALIT\u00c9S\",\"SOCIETE\"],\"inLanguage\":\"fr-FR\",\"potentialAction\":[{\"@type\":\"CommentAction\",\"name\":\"Comment\",\"target\":[\"https:\/\/www.public.sn\/index.php\/2023\/03\/01\/soldats-senegalais-tues-au-mali-sidiki-kaba-annonce-des-mesures-pour-les-familles-de-victimes\/#respond\"]}]},{\"@type\":\"WebPage\",\"@id\":\"https:\/\/www.public.sn\/index.php\/2023\/03\/01\/soldats-senegalais-tues-au-mali-sidiki-kaba-annonce-des-mesures-pour-les-familles-de-victimes\/\",\"url\":\"https:\/\/www.public.sn\/index.php\/2023\/03\/01\/soldats-senegalais-tues-au-mali-sidiki-kaba-annonce-des-mesures-pour-les-familles-de-victimes\/\",\"name\":\"Soldats s\u00e9n\u00e9galais tu\u00e9s au Mali : Sidiki Kaba annonce des mesures pour les familles de victimes - LE PUBLIC\",\"isPartOf\":{\"@id\":\"https:\/\/www.public.sn\/#website\"},\"primaryImageOfPage\":{\"@id\":\"https:\/\/www.public.sn\/index.php\/2023\/03\/01\/soldats-senegalais-tues-au-mali-sidiki-kaba-annonce-des-mesures-pour-les-familles-de-victimes\/#primaryimage\"},\"image\":{\"@id\":\"https:\/\/www.public.sn\/index.php\/2023\/03\/01\/soldats-senegalais-tues-au-mali-sidiki-kaba-annonce-des-mesures-pour-les-familles-de-victimes\/#primaryimage\"},\"thumbnailUrl\":\"https:\/\/www.public.sn\/wp-content\/uploads\/2023\/03\/SIDIKI-KABA.jpg\",\"datePublished\":\"2023-03-01T13:58:40+00:00\",\"dateModified\":\"2023-03-01T14:08:54+00:00\",\"breadcrumb\":{\"@id\":\"https:\/\/www.public.sn\/index.php\/2023\/03\/01\/soldats-senegalais-tues-au-mali-sidiki-kaba-annonce-des-mesures-pour-les-familles-de-victimes\/#breadcrumb\"},\"inLanguage\":\"fr-FR\",\"potentialAction\":[{\"@type\":\"ReadAction\",\"target\":[\"https:\/\/www.public.sn\/index.php\/2023\/03\/01\/soldats-senegalais-tues-au-mali-sidiki-kaba-annonce-des-mesures-pour-les-familles-de-victimes\/\"]}]},{\"@type\":\"ImageObject\",\"inLanguage\":\"fr-FR\",\"@id\":\"https:\/\/www.public.sn\/index.php\/2023\/03\/01\/soldats-senegalais-tues-au-mali-sidiki-kaba-annonce-des-mesures-pour-les-familles-de-victimes\/#primaryimage\",\"url\":\"https:\/\/www.public.sn\/wp-content\/uploads\/2023\/03\/SIDIKI-KABA.jpg\",\"contentUrl\":\"https:\/\/www.public.sn\/wp-content\/uploads\/2023\/03\/SIDIKI-KABA.jpg\",\"width\":613,\"height\":377},{\"@type\":\"BreadcrumbList\",\"@id\":\"https:\/\/www.public.sn\/index.php\/2023\/03\/01\/soldats-senegalais-tues-au-mali-sidiki-kaba-annonce-des-mesures-pour-les-familles-de-victimes\/#breadcrumb\",\"itemListElement\":[{\"@type\":\"ListItem\",\"position\":1,\"name\":\"Accueil\",\"item\":\"https:\/\/www.public.sn\/\"},{\"@type\":\"ListItem\",\"position\":2,\"name\":\"Soldats s\u00e9n\u00e9galais tu\u00e9s au Mali : Sidiki Kaba annonce des mesures pour les familles de victimes\"}]},{\"@type\":\"WebSite\",\"@id\":\"https:\/\/www.public.sn\/#website\",\"url\":\"https:\/\/www.public.sn\/\",\"name\":\"LE PUBLIC\",\"description\":\"\",\"publisher\":{\"@id\":\"https:\/\/www.public.sn\/#organization\"},\"potentialAction\":[{\"@type\":\"SearchAction\",\"target\":{\"@type\":\"EntryPoint\",\"urlTemplate\":\"https:\/\/www.public.sn\/?s={search_term_string}\"},\"query-input\":{\"@type\":\"PropertyValueSpecification\",\"valueRequired\":true,\"valueName\":\"search_term_string\"}}],\"inLanguage\":\"fr-FR\"},{\"@type\":\"Organization\",\"@id\":\"https:\/\/www.public.sn\/#organization\",\"name\":\"LE PUBLIC\",\"url\":\"https:\/\/www.public.sn\/\",\"logo\":{\"@type\":\"ImageObject\",\"inLanguage\":\"fr-FR\",\"@id\":\"https:\/\/www.public.sn\/#\/schema\/logo\/image\/\",\"url\":\"https:\/\/www.public.sn\/wp-content\/uploads\/2024\/05\/cropped-LOGO-PUBLIC.SN_.png\",\"contentUrl\":\"https:\/\/www.public.sn\/wp-content\/uploads\/2024\/05\/cropped-LOGO-PUBLIC.SN_.png\",\"width\":682,\"height\":192,\"caption\":\"LE PUBLIC\"},\"image\":{\"@id\":\"https:\/\/www.public.sn\/#\/schema\/logo\/image\/\"}},{\"@type\":\"Person\",\"@id\":\"https:\/\/www.public.sn\/#\/schema\/person\/cb76c8e1b8becc6be61fb5e92d6d0224\",\"name\":\"LA REDACTION\",\"image\":{\"@type\":\"ImageObject\",\"inLanguage\":\"fr-FR\",\"@id\":\"https:\/\/www.public.sn\/#\/schema\/person\/image\/\",\"url\":\"https:\/\/secure.gravatar.com\/avatar\/2dce5ddd34b8fef0180efe03aa2a9bee7d953856048f9a16b298190a3178407c?s=96&d=mm&r=g\",\"contentUrl\":\"https:\/\/secure.gravatar.com\/avatar\/2dce5ddd34b8fef0180efe03aa2a9bee7d953856048f9a16b298190a3178407c?s=96&d=mm&r=g\",\"caption\":\"LA REDACTION\"},\"url\":\"https:\/\/www.public.sn\/index.php\/author\/editeurpsn\/\"}]}<\/script>\n<!-- \/ Yoast SEO plugin. -->","yoast_head_json":{"title":"Soldats s\u00e9n\u00e9galais tu\u00e9s au Mali : Sidiki Kaba annonce des mesures pour les familles de victimes - LE PUBLIC","robots":{"index":"index","follow":"follow","max-snippet":"max-snippet:-1","max-image-preview":"max-image-preview:large","max-video-preview":"max-video-preview:-1"},"canonical":"https:\/\/www.public.sn\/index.php\/2023\/03\/01\/soldats-senegalais-tues-au-mali-sidiki-kaba-annonce-des-mesures-pour-les-familles-de-victimes\/","og_locale":"fr_FR","og_type":"article","og_title":"Soldats s\u00e9n\u00e9galais tu\u00e9s au Mali : Sidiki Kaba annonce des mesures pour les familles de victimes - LE PUBLIC","og_description":"Le ministre des Forces Arm\u00e9es, Sidiki Kaba a annonc\u00e9 mercredi01 mars \u00e0 Dakar que l\u2019Etat a pris des mesures sociales fortes pour accompagner les familles des trois soldats tu\u00e9s dans le cadre des op\u00e9rations de la Mission multidimensionnelle int\u00e9gr\u00e9e des Nations unies pour la stabilisation au Mali (MINUSMA).\u2018\u2019L&rsquo;\u00c9tat a d\u00e9j\u00e0 pris des mesures sociales fortes pour accompagner leurs familles dans le deuil et aussi de fa\u00e7on durable ind\u00e9pendamment de ce qui est pr\u00e9vu par les Nations unies\u2019\u2019, a-t-il dit lors de la c\u00e9r\u00e9monie de lev\u00e9e de corps des trois \u00ab\u00a0Jambars\u00a0\u00bb au camp Dial Diop de Dakar, si\u00e8ge de l\u2019Etat major des arm\u00e9es s\u00e9n\u00e9galaises&#8230; \u00a0 Les soldats Eug\u00e8ne Idrissa Badhine Mingou, Ousseynou Diallo et Pierre Tama Boubane ont \u00e9t\u00e9 \u00e9lev\u00e9s aux rangs de chevaliers dans l\u2019Ordre national du Lion \u00e0 titre posthume. \u00a0 Ces militaires s\u00e9n\u00e9galais membres de la Mission multidimensionnelle int\u00e9gr\u00e9e des Nations unies pour la stabilisation du Mali (MINUSMA) sont d\u00e9c\u00e9d\u00e9s \u00e0 la suite de l\u2019explosion d\u2019un engin improvis\u00e9. \u00a0 Cinq autres soldats avaient \u00e9t\u00e9 bless\u00e9s dans cette attaque survenue alors que les militaires s\u00e9n\u00e9galais retournaient d\u2019une mission de ravitaillement entre les localit\u00e9s d\u2019Ogassagou et de Savar\u00e9. \u00a0 Le v\u00e9hicule blind\u00e9 \u00e0 bord duquel les casques bleus s\u00e9n\u00e9galais avaient pris place avait heurt\u00e9 un engin explosif improvis\u00e9 \u00e0 hauteur du village de Songobia, avait pr\u00e9cis\u00e9 la DIRPA. \u00a0 Le ministre des Forces Arm\u00e9es a pr\u00e9sent\u00e9 les condol\u00e9ances de la Nation aux familles de \u2018\u2019ces jeunes soldats partis \u00e0 fleur de l&rsquo;\u00e2ge dans l&rsquo;accomplissement de leur mission. La nation leur sera \u00e9ternellement reconnaissante\u2019\u2019 \u00a0 Il a rappel\u00e9 l\u2019engagement du S\u00e9n\u00e9gal, depuis l&rsquo;Ind\u00e9pendance, dans le maintien de la paix dans le monde notamment dans la sous-r\u00e9gion africaine.","og_url":"https:\/\/www.public.sn\/index.php\/2023\/03\/01\/soldats-senegalais-tues-au-mali-sidiki-kaba-annonce-des-mesures-pour-les-familles-de-victimes\/","og_site_name":"LE PUBLIC","article_published_time":"2023-03-01T13:58:40+00:00","article_modified_time":"2023-03-01T14:08:54+00:00","og_image":[{"width":613,"height":377,"url":"https:\/\/www.public.sn\/wp-content\/uploads\/2023\/03\/SIDIKI-KABA.jpg","type":"image\/jpeg"}],"author":"LA REDACTION","twitter_card":"summary_large_image","twitter_misc":{"\u00c9crit par":"LA REDACTION","Dur\u00e9e de lecture estim\u00e9e":"2 minutes"},"schema":{"@context":"https:\/\/schema.org","@graph":[{"@type":"Article","@id":"https:\/\/www.public.sn\/index.php\/2023\/03\/01\/soldats-senegalais-tues-au-mali-sidiki-kaba-annonce-des-mesures-pour-les-familles-de-victimes\/#article","isPartOf":{"@id":"https:\/\/www.public.sn\/index.php\/2023\/03\/01\/soldats-senegalais-tues-au-mali-sidiki-kaba-annonce-des-mesures-pour-les-familles-de-victimes\/"},"author":{"name":"LA REDACTION","@id":"https:\/\/www.public.sn\/#\/schema\/person\/cb76c8e1b8becc6be61fb5e92d6d0224"},"headline":"Soldats s\u00e9n\u00e9galais tu\u00e9s au Mali : Sidiki Kaba annonce des mesures pour les familles de victimes","datePublished":"2023-03-01T13:58:40+00:00","dateModified":"2023-03-01T14:08:54+00:00","mainEntityOfPage":{"@id":"https:\/\/www.public.sn\/index.php\/2023\/03\/01\/soldats-senegalais-tues-au-mali-sidiki-kaba-annonce-des-mesures-pour-les-familles-de-victimes\/"},"wordCount":333,"commentCount":0,"publisher":{"@id":"https:\/\/www.public.sn\/#organization"},"image":{"@id":"https:\/\/www.public.sn\/index.php\/2023\/03\/01\/soldats-senegalais-tues-au-mali-sidiki-kaba-annonce-des-mesures-pour-les-familles-de-victimes\/#primaryimage"},"thumbnailUrl":"https:\/\/www.public.sn\/wp-content\/uploads\/2023\/03\/SIDIKI-KABA.jpg","keywords":["Sidiki Kaba"],"articleSection":["ACTUALIT\u00c9S","SOCIETE"],"inLanguage":"fr-FR","potentialAction":[{"@type":"CommentAction","name":"Comment","target":["https:\/\/www.public.sn\/index.php\/2023\/03\/01\/soldats-senegalais-tues-au-mali-sidiki-kaba-annonce-des-mesures-pour-les-familles-de-victimes\/#respond"]}]},{"@type":"WebPage","@id":"https:\/\/www.public.sn\/index.php\/2023\/03\/01\/soldats-senegalais-tues-au-mali-sidiki-kaba-annonce-des-mesures-pour-les-familles-de-victimes\/","url":"https:\/\/www.public.sn\/index.php\/2023\/03\/01\/soldats-senegalais-tues-au-mali-sidiki-kaba-annonce-des-mesures-pour-les-familles-de-victimes\/","name":"Soldats s\u00e9n\u00e9galais tu\u00e9s au Mali : Sidiki Kaba annonce des mesures pour les familles de victimes - LE PUBLIC","isPartOf":{"@id":"https:\/\/www.public.sn\/#website"},"primaryImageOfPage":{"@id":"https:\/\/www.public.sn\/index.php\/2023\/03\/01\/soldats-senegalais-tues-au-mali-sidiki-kaba-annonce-des-mesures-pour-les-familles-de-victimes\/#primaryimage"},"image":{"@id":"https:\/\/www.public.sn\/index.php\/2023\/03\/01\/soldats-senegalais-tues-au-mali-sidiki-kaba-annonce-des-mesures-pour-les-familles-de-victimes\/#primaryimage"},"thumbnailUrl":"https:\/\/www.public.sn\/wp-content\/uploads\/2023\/03\/SIDIKI-KABA.jpg","datePublished":"2023-03-01T13:58:40+00:00","dateModified":"2023-03-01T14:08:54+00:00","breadcrumb":{"@id":"https:\/\/www.public.sn\/index.php\/2023\/03\/01\/soldats-senegalais-tues-au-mali-sidiki-kaba-annonce-des-mesures-pour-les-familles-de-victimes\/#breadcrumb"},"inLanguage":"fr-FR","potentialAction":[{"@type":"ReadAction","target":["https:\/\/www.public.sn\/index.php\/2023\/03\/01\/soldats-senegalais-tues-au-mali-sidiki-kaba-annonce-des-mesures-pour-les-familles-de-victimes\/"]}]},{"@type":"ImageObject","inLanguage":"fr-FR","@id":"https:\/\/www.public.sn\/index.php\/2023\/03\/01\/soldats-senegalais-tues-au-mali-sidiki-kaba-annonce-des-mesures-pour-les-familles-de-victimes\/#primaryimage","url":"https:\/\/www.public.sn\/wp-content\/uploads\/2023\/03\/SIDIKI-KABA.jpg","contentUrl":"https:\/\/www.public.sn\/wp-content\/uploads\/2023\/03\/SIDIKI-KABA.jpg","width":613,"height":377},{"@type":"BreadcrumbList","@id":"https:\/\/www.public.sn\/index.php\/2023\/03\/01\/soldats-senegalais-tues-au-mali-sidiki-kaba-annonce-des-mesures-pour-les-familles-de-victimes\/#breadcrumb","itemListElement":[{"@type":"ListItem","position":1,"name":"Accueil","item":"https:\/\/www.public.sn\/"},{"@type":"ListItem","position":2,"name":"Soldats s\u00e9n\u00e9galais tu\u00e9s au Mali : Sidiki Kaba annonce des mesures pour les familles de victimes"}]},{"@type":"WebSite","@id":"https:\/\/www.public.sn\/#website","url":"https:\/\/www.public.sn\/","name":"LE PUBLIC","description":"","publisher":{"@id":"https:\/\/www.public.sn\/#organization"},"potentialAction":[{"@type":"SearchAction","target":{"@type":"EntryPoint","urlTemplate":"https:\/\/www.public.sn\/?s={search_term_string}"},"query-input":{"@type":"PropertyValueSpecification","valueRequired":true,"valueName":"search_term_string"}}],"inLanguage":"fr-FR"},{"@type":"Organization","@id":"https:\/\/www.public.sn\/#organization","name":"LE PUBLIC","url":"https:\/\/www.public.sn\/","logo":{"@type":"ImageObject","inLanguage":"fr-FR","@id":"https:\/\/www.public.sn\/#\/schema\/logo\/image\/","url":"https:\/\/www.public.sn\/wp-content\/uploads\/2024\/05\/cropped-LOGO-PUBLIC.SN_.png","contentUrl":"https:\/\/www.public.sn\/wp-content\/uploads\/2024\/05\/cropped-LOGO-PUBLIC.SN_.png","width":682,"height":192,"caption":"LE PUBLIC"},"image":{"@id":"https:\/\/www.public.sn\/#\/schema\/logo\/image\/"}},{"@type":"Person","@id":"https:\/\/www.public.sn\/#\/schema\/person\/cb76c8e1b8becc6be61fb5e92d6d0224","name":"LA REDACTION","image":{"@type":"ImageObject","inLanguage":"fr-FR","@id":"https:\/\/www.public.sn\/#\/schema\/person\/image\/","url":"https:\/\/secure.gravatar.com\/avatar\/2dce5ddd34b8fef0180efe03aa2a9bee7d953856048f9a16b298190a3178407c?s=96&d=mm&r=g","contentUrl":"https:\/\/secure.gravatar.com\/avatar\/2dce5ddd34b8fef0180efe03aa2a9bee7d953856048f9a16b298190a3178407c?s=96&d=mm&r=g","caption":"LA REDACTION"},"url":"https:\/\/www.public.sn\/index.php\/author\/editeurpsn\/"}]}},"jetpack_featured_media_url":"https:\/\/www.public.sn\/wp-content\/uploads\/2023\/03\/SIDIKI-KABA.jpg","jetpack_sharing_enabled":true,"_links":{"self":[{"href":"https:\/\/www.public.sn\/index.php\/wp-json\/wp\/v2\/posts\/16761","targetHints":{"allow":["GET"]}}],"collection":[{"href":"https:\/\/www.public.sn\/index.php\/wp-json\/wp\/v2\/posts"}],"about":[{"href":"https:\/\/www.public.sn\/index.php\/wp-json\/wp\/v2\/types\/post"}],"author":[{"embeddable":true,"href":"https:\/\/www.public.sn\/index.php\/wp-json\/wp\/v2\/users\/7"}],"replies":[{"embeddable":true,"href":"https:\/\/www.public.sn\/index.php\/wp-json\/wp\/v2\/comments?post=16761"}],"version-history":[{"count":3,"href":"https:\/\/www.public.sn\/index.php\/wp-json\/wp\/v2\/posts\/16761\/revisions"}],"predecessor-version":[{"id":16764,"href":"https:\/\/www.public.sn\/index.php\/wp-json\/wp\/v2\/posts\/16761\/revisions\/16764"}],"wp:featuredmedia":[{"embeddable":true,"href":"https:\/\/www.public.sn\/index.php\/wp-json\/wp\/v2\/media\/16762"}],"wp:attachment":[{"href":"https:\/\/www.public.sn\/index.php\/wp-json\/wp\/v2\/media?parent=16761"}],"wp:term":[{"taxonomy":"category","embeddable":true,"href":"https:\/\/www.public.sn\/index.php\/wp-json\/wp\/v2\/categories?post=16761"},{"taxonomy":"post_tag","embeddable":true,"href":"https:\/\/www.public.sn\/index.php\/wp-json\/wp\/v2\/tags?post=16761"}],"curies":[{"name":"wp","href":"https:\/\/api.w.org\/{rel}","templated":true}]}}