{"id":16820,"date":"2023-03-02T11:50:50","date_gmt":"2023-03-02T11:50:50","guid":{"rendered":"https:\/\/www.public.sn\/?p=16820"},"modified":"2023-03-02T11:50:50","modified_gmt":"2023-03-02T11:50:50","slug":"refus-de-baisser-le-loyer-les-proprietaires-des-maisons-lourdement-sanctionnes","status":"publish","type":"post","link":"https:\/\/www.public.sn\/index.php\/2023\/03\/02\/refus-de-baisser-le-loyer-les-proprietaires-des-maisons-lourdement-sanctionnes\/","title":{"rendered":"Refus de baisser le Loyer : Les propri\u00e9taires des maisons lourdement sanctionn\u00e9s"},"content":{"rendered":"<p>Le conseil des ministres d\u00e9centralis\u00e9 qui s\u2019est tenu \u00e0 S\u00e9dhiou a vu la signature d\u2019un d\u00e9cret fixant la r\u00e9duction des loyers pour les logements. Selon le nouveau pr\u00e9sident de la commission de r\u00e9gulation des loyers, Momar Ndao, des mesures punitives seront mises en place contre les propri\u00e9taires de maisons ou les promoteurs qui refusent d\u2019observer la loi.<\/p><div class=\"publi-paragraphe1\" style=\"margin-top: 10px;margin-bottom: 10px;margin-left: auto;margin-right: auto;text-align: center;\" id=\"publi-1008439588\"><div class=\"publi-adlabel\">Publicit\u00e9<\/div><script async src=\"\/\/pagead2.googlesyndication.com\/pagead\/js\/adsbygoogle.js?client=ca-pub-4089586018074219\" crossorigin=\"anonymous\"><\/script><ins class=\"adsbygoogle\" style=\"display:block;\" data-ad-client=\"ca-pub-4089586018074219\" \ndata-ad-slot=\"2087940154\" \ndata-ad-format=\"auto\"><\/ins>\n<script> \n(adsbygoogle = window.adsbygoogle || []).push({}); \n<\/script>\n<\/div>\n<div><\/div>\n<p>La loi 81 21 datant du 25 juin 81, \u00e9tablie sous la pr\u00e9sidence d\u2019Abdou Diouf, pr\u00e9voit des sanctions pour toute personne qui refuse d\u2019appliquer la loi, comme une amende de 1,5 million ou une peine de prison allant de 2 \u00e0 6 mois. Les textes sont d\u00e9j\u00e0 existants et il est simplement question de les mettre en application, a-t-il d\u00e9clar\u00e9 sur Sudfm.<\/p>\n<div class=\"publi-apres-le-contenu\" style=\"margin-top: 10px;margin-bottom: 10px;margin-left: auto;margin-right: auto;text-align: center;\" id=\"publi-1790475511\"><div class=\"publi-adlabel\">Publicit\u00e9<\/div><script async src=\"\/\/pagead2.googlesyndication.com\/pagead\/js\/adsbygoogle.js?client=ca-pub-4089586018074219\" crossorigin=\"anonymous\"><\/script><ins class=\"adsbygoogle\" style=\"display:block;\" data-ad-client=\"ca-pub-4089586018074219\" \ndata-ad-slot=\"2087940154\" \ndata-ad-format=\"auto\"><\/ins>\n<script> \n(adsbygoogle = window.adsbygoogle || []).push({}); \n<\/script>\n<\/div>","protected":false},"excerpt":{"rendered":"<p>Le conseil des ministres d\u00e9centralis\u00e9 qui s\u2019est tenu \u00e0 S\u00e9dhiou a vu la signature d\u2019un d\u00e9cret fixant la r\u00e9duction des loyers pour les logements. Selon le nouveau pr\u00e9sident de la commission de r\u00e9gulation des loyers, Momar Ndao, des mesures punitives seront mises en place contre les propri\u00e9taires de maisons ou les promoteurs qui refusent d\u2019observer la loi. La loi 81 21 datant du 25 juin 81, \u00e9tablie sous la pr\u00e9sidence d\u2019Abdou Diouf, pr\u00e9voit des sanctions pour toute personne qui refuse d\u2019appliquer la loi, comme une amende de 1,5 million ou une peine de prison allant de 2 \u00e0 6 mois. Les textes sont d\u00e9j\u00e0 existants et il est simplement question de les mettre en application, a-t-il d\u00e9clar\u00e9 sur Sudfm.<\/p>\n","protected":false},"author":7,"featured_media":16822,"comment_status":"open","ping_status":"open","sticky":false,"template":"","format":"standard","meta":{"_jetpack_memberships_contains_paid_content":false,"footnotes":""},"categories":[375,549,3,376,1,4],"tags":[4604,4606,4605,2921],"class_list":["post-16820","post","type-post","status-publish","format-standard","has-post-thumbnail","hentry","category-actualites","category-economie","category-politique","category-securite-justice","category-non-classe","category-societe","tag-bailleur","tag-baisse-de-loyer","tag-locataire","tag-loyer","entry","has-media","owp-thumbs-layout-horizontal","owp-btn-normal","owp-tabs-layout-horizontal","has-no-thumbnails","has-product-nav"],"yoast_head":"<!-- This site is optimized with the Yoast SEO plugin v25.5 - https:\/\/yoast.com\/wordpress\/plugins\/seo\/ -->\n<title>Refus de baisser le Loyer : Les propri\u00e9taires des maisons lourdement sanctionn\u00e9s - LE PUBLIC<\/title>\n<meta name=\"robots\" content=\"index, follow, max-snippet:-1, max-image-preview:large, max-video-preview:-1\" \/>\n<link rel=\"canonical\" href=\"https:\/\/www.public.sn\/index.php\/2023\/03\/02\/refus-de-baisser-le-loyer-les-proprietaires-des-maisons-lourdement-sanctionnes\/\" \/>\n<meta property=\"og:locale\" content=\"fr_FR\" \/>\n<meta property=\"og:type\" content=\"article\" \/>\n<meta property=\"og:title\" content=\"Refus de baisser le Loyer : Les propri\u00e9taires des maisons lourdement sanctionn\u00e9s - LE PUBLIC\" \/>\n<meta property=\"og:description\" content=\"Le conseil des ministres d\u00e9centralis\u00e9 qui s\u2019est tenu \u00e0 S\u00e9dhiou a vu la signature d\u2019un d\u00e9cret fixant la r\u00e9duction des loyers pour les logements. Selon le nouveau pr\u00e9sident de la commission de r\u00e9gulation des loyers, Momar Ndao, des mesures punitives seront mises en place contre les propri\u00e9taires de maisons ou les promoteurs qui refusent d\u2019observer la loi. La loi 81 21 datant du 25 juin 81, \u00e9tablie sous la pr\u00e9sidence d\u2019Abdou Diouf, pr\u00e9voit des sanctions pour toute personne qui refuse d\u2019appliquer la loi, comme une amende de 1,5 million ou une peine de prison allant de 2 \u00e0 6 mois. Les textes sont d\u00e9j\u00e0 existants et il est simplement question de les mettre en application, a-t-il d\u00e9clar\u00e9 sur Sudfm.\" \/>\n<meta property=\"og:url\" content=\"https:\/\/www.public.sn\/index.php\/2023\/03\/02\/refus-de-baisser-le-loyer-les-proprietaires-des-maisons-lourdement-sanctionnes\/\" \/>\n<meta property=\"og:site_name\" content=\"LE PUBLIC\" \/>\n<meta property=\"article:published_time\" content=\"2023-03-02T11:50:50+00:00\" \/>\n<meta property=\"og:image\" content=\"https:\/\/www.public.sn\/wp-content\/uploads\/2023\/03\/macky_loyer.jpg\" \/>\n\t<meta property=\"og:image:width\" content=\"800\" \/>\n\t<meta property=\"og:image:height\" content=\"666\" \/>\n\t<meta property=\"og:image:type\" content=\"image\/jpeg\" \/>\n<meta name=\"author\" content=\"LA REDACTION\" \/>\n<meta name=\"twitter:card\" content=\"summary_large_image\" \/>\n<meta name=\"twitter:label1\" content=\"\u00c9crit par\" \/>\n\t<meta name=\"twitter:data1\" content=\"LA REDACTION\" \/>\n\t<meta name=\"twitter:label2\" content=\"Dur\u00e9e de lecture estim\u00e9e\" \/>\n\t<meta name=\"twitter:data2\" content=\"1 minute\" \/>\n<script type=\"application\/ld+json\" class=\"yoast-schema-graph\">{\"@context\":\"https:\/\/schema.org\",\"@graph\":[{\"@type\":\"Article\",\"@id\":\"https:\/\/www.public.sn\/index.php\/2023\/03\/02\/refus-de-baisser-le-loyer-les-proprietaires-des-maisons-lourdement-sanctionnes\/#article\",\"isPartOf\":{\"@id\":\"https:\/\/www.public.sn\/index.php\/2023\/03\/02\/refus-de-baisser-le-loyer-les-proprietaires-des-maisons-lourdement-sanctionnes\/\"},\"author\":{\"name\":\"LA REDACTION\",\"@id\":\"https:\/\/www.public.sn\/#\/schema\/person\/cb76c8e1b8becc6be61fb5e92d6d0224\"},\"headline\":\"Refus de baisser le Loyer : Les propri\u00e9taires des maisons lourdement sanctionn\u00e9s\",\"datePublished\":\"2023-03-02T11:50:50+00:00\",\"mainEntityOfPage\":{\"@id\":\"https:\/\/www.public.sn\/index.php\/2023\/03\/02\/refus-de-baisser-le-loyer-les-proprietaires-des-maisons-lourdement-sanctionnes\/\"},\"wordCount\":139,\"commentCount\":0,\"publisher\":{\"@id\":\"https:\/\/www.public.sn\/#organization\"},\"image\":{\"@id\":\"https:\/\/www.public.sn\/index.php\/2023\/03\/02\/refus-de-baisser-le-loyer-les-proprietaires-des-maisons-lourdement-sanctionnes\/#primaryimage\"},\"thumbnailUrl\":\"https:\/\/www.public.sn\/wp-content\/uploads\/2023\/03\/macky_loyer.jpg\",\"keywords\":[\"bailleur\",\"baisse de loyer\",\"locataire\",\"Loyer\"],\"articleSection\":[\"ACTUALIT\u00c9S\",\"\u00c9CONOMIE\",\"POLITIQUE\",\"S\u00c9CURIT\u00c9 &amp; JUSTICE\",\"S\u00c9N\u00c9GAL\",\"SOCIETE\"],\"inLanguage\":\"fr-FR\",\"potentialAction\":[{\"@type\":\"CommentAction\",\"name\":\"Comment\",\"target\":[\"https:\/\/www.public.sn\/index.php\/2023\/03\/02\/refus-de-baisser-le-loyer-les-proprietaires-des-maisons-lourdement-sanctionnes\/#respond\"]}]},{\"@type\":\"WebPage\",\"@id\":\"https:\/\/www.public.sn\/index.php\/2023\/03\/02\/refus-de-baisser-le-loyer-les-proprietaires-des-maisons-lourdement-sanctionnes\/\",\"url\":\"https:\/\/www.public.sn\/index.php\/2023\/03\/02\/refus-de-baisser-le-loyer-les-proprietaires-des-maisons-lourdement-sanctionnes\/\",\"name\":\"Refus de baisser le Loyer : Les propri\u00e9taires des maisons lourdement sanctionn\u00e9s - LE PUBLIC\",\"isPartOf\":{\"@id\":\"https:\/\/www.public.sn\/#website\"},\"primaryImageOfPage\":{\"@id\":\"https:\/\/www.public.sn\/index.php\/2023\/03\/02\/refus-de-baisser-le-loyer-les-proprietaires-des-maisons-lourdement-sanctionnes\/#primaryimage\"},\"image\":{\"@id\":\"https:\/\/www.public.sn\/index.php\/2023\/03\/02\/refus-de-baisser-le-loyer-les-proprietaires-des-maisons-lourdement-sanctionnes\/#primaryimage\"},\"thumbnailUrl\":\"https:\/\/www.public.sn\/wp-content\/uploads\/2023\/03\/macky_loyer.jpg\",\"datePublished\":\"2023-03-02T11:50:50+00:00\",\"breadcrumb\":{\"@id\":\"https:\/\/www.public.sn\/index.php\/2023\/03\/02\/refus-de-baisser-le-loyer-les-proprietaires-des-maisons-lourdement-sanctionnes\/#breadcrumb\"},\"inLanguage\":\"fr-FR\",\"potentialAction\":[{\"@type\":\"ReadAction\",\"target\":[\"https:\/\/www.public.sn\/index.php\/2023\/03\/02\/refus-de-baisser-le-loyer-les-proprietaires-des-maisons-lourdement-sanctionnes\/\"]}]},{\"@type\":\"ImageObject\",\"inLanguage\":\"fr-FR\",\"@id\":\"https:\/\/www.public.sn\/index.php\/2023\/03\/02\/refus-de-baisser-le-loyer-les-proprietaires-des-maisons-lourdement-sanctionnes\/#primaryimage\",\"url\":\"https:\/\/www.public.sn\/wp-content\/uploads\/2023\/03\/macky_loyer.jpg\",\"contentUrl\":\"https:\/\/www.public.sn\/wp-content\/uploads\/2023\/03\/macky_loyer.jpg\",\"width\":800,\"height\":666},{\"@type\":\"BreadcrumbList\",\"@id\":\"https:\/\/www.public.sn\/index.php\/2023\/03\/02\/refus-de-baisser-le-loyer-les-proprietaires-des-maisons-lourdement-sanctionnes\/#breadcrumb\",\"itemListElement\":[{\"@type\":\"ListItem\",\"position\":1,\"name\":\"Accueil\",\"item\":\"https:\/\/www.public.sn\/\"},{\"@type\":\"ListItem\",\"position\":2,\"name\":\"Refus de baisser le Loyer : Les propri\u00e9taires des maisons lourdement sanctionn\u00e9s\"}]},{\"@type\":\"WebSite\",\"@id\":\"https:\/\/www.public.sn\/#website\",\"url\":\"https:\/\/www.public.sn\/\",\"name\":\"LE PUBLIC\",\"description\":\"\",\"publisher\":{\"@id\":\"https:\/\/www.public.sn\/#organization\"},\"potentialAction\":[{\"@type\":\"SearchAction\",\"target\":{\"@type\":\"EntryPoint\",\"urlTemplate\":\"https:\/\/www.public.sn\/?s={search_term_string}\"},\"query-input\":{\"@type\":\"PropertyValueSpecification\",\"valueRequired\":true,\"valueName\":\"search_term_string\"}}],\"inLanguage\":\"fr-FR\"},{\"@type\":\"Organization\",\"@id\":\"https:\/\/www.public.sn\/#organization\",\"name\":\"LE PUBLIC\",\"url\":\"https:\/\/www.public.sn\/\",\"logo\":{\"@type\":\"ImageObject\",\"inLanguage\":\"fr-FR\",\"@id\":\"https:\/\/www.public.sn\/#\/schema\/logo\/image\/\",\"url\":\"https:\/\/www.public.sn\/wp-content\/uploads\/2024\/05\/cropped-LOGO-PUBLIC.SN_.png\",\"contentUrl\":\"https:\/\/www.public.sn\/wp-content\/uploads\/2024\/05\/cropped-LOGO-PUBLIC.SN_.png\",\"width\":682,\"height\":192,\"caption\":\"LE PUBLIC\"},\"image\":{\"@id\":\"https:\/\/www.public.sn\/#\/schema\/logo\/image\/\"}},{\"@type\":\"Person\",\"@id\":\"https:\/\/www.public.sn\/#\/schema\/person\/cb76c8e1b8becc6be61fb5e92d6d0224\",\"name\":\"LA REDACTION\",\"image\":{\"@type\":\"ImageObject\",\"inLanguage\":\"fr-FR\",\"@id\":\"https:\/\/www.public.sn\/#\/schema\/person\/image\/\",\"url\":\"https:\/\/secure.gravatar.com\/avatar\/2dce5ddd34b8fef0180efe03aa2a9bee7d953856048f9a16b298190a3178407c?s=96&d=mm&r=g\",\"contentUrl\":\"https:\/\/secure.gravatar.com\/avatar\/2dce5ddd34b8fef0180efe03aa2a9bee7d953856048f9a16b298190a3178407c?s=96&d=mm&r=g\",\"caption\":\"LA REDACTION\"},\"url\":\"https:\/\/www.public.sn\/index.php\/author\/editeurpsn\/\"}]}<\/script>\n<!-- \/ Yoast SEO plugin. -->","yoast_head_json":{"title":"Refus de baisser le Loyer : Les propri\u00e9taires des maisons lourdement sanctionn\u00e9s - LE PUBLIC","robots":{"index":"index","follow":"follow","max-snippet":"max-snippet:-1","max-image-preview":"max-image-preview:large","max-video-preview":"max-video-preview:-1"},"canonical":"https:\/\/www.public.sn\/index.php\/2023\/03\/02\/refus-de-baisser-le-loyer-les-proprietaires-des-maisons-lourdement-sanctionnes\/","og_locale":"fr_FR","og_type":"article","og_title":"Refus de baisser le Loyer : Les propri\u00e9taires des maisons lourdement sanctionn\u00e9s - LE PUBLIC","og_description":"Le conseil des ministres d\u00e9centralis\u00e9 qui s\u2019est tenu \u00e0 S\u00e9dhiou a vu la signature d\u2019un d\u00e9cret fixant la r\u00e9duction des loyers pour les logements. Selon le nouveau pr\u00e9sident de la commission de r\u00e9gulation des loyers, Momar Ndao, des mesures punitives seront mises en place contre les propri\u00e9taires de maisons ou les promoteurs qui refusent d\u2019observer la loi. La loi 81 21 datant du 25 juin 81, \u00e9tablie sous la pr\u00e9sidence d\u2019Abdou Diouf, pr\u00e9voit des sanctions pour toute personne qui refuse d\u2019appliquer la loi, comme une amende de 1,5 million ou une peine de prison allant de 2 \u00e0 6 mois. Les textes sont d\u00e9j\u00e0 existants et il est simplement question de les mettre en application, a-t-il d\u00e9clar\u00e9 sur Sudfm.","og_url":"https:\/\/www.public.sn\/index.php\/2023\/03\/02\/refus-de-baisser-le-loyer-les-proprietaires-des-maisons-lourdement-sanctionnes\/","og_site_name":"LE PUBLIC","article_published_time":"2023-03-02T11:50:50+00:00","og_image":[{"width":800,"height":666,"url":"https:\/\/www.public.sn\/wp-content\/uploads\/2023\/03\/macky_loyer.jpg","type":"image\/jpeg"}],"author":"LA REDACTION","twitter_card":"summary_large_image","twitter_misc":{"\u00c9crit par":"LA REDACTION","Dur\u00e9e de lecture estim\u00e9e":"1 minute"},"schema":{"@context":"https:\/\/schema.org","@graph":[{"@type":"Article","@id":"https:\/\/www.public.sn\/index.php\/2023\/03\/02\/refus-de-baisser-le-loyer-les-proprietaires-des-maisons-lourdement-sanctionnes\/#article","isPartOf":{"@id":"https:\/\/www.public.sn\/index.php\/2023\/03\/02\/refus-de-baisser-le-loyer-les-proprietaires-des-maisons-lourdement-sanctionnes\/"},"author":{"name":"LA REDACTION","@id":"https:\/\/www.public.sn\/#\/schema\/person\/cb76c8e1b8becc6be61fb5e92d6d0224"},"headline":"Refus de baisser le Loyer : Les propri\u00e9taires des maisons lourdement sanctionn\u00e9s","datePublished":"2023-03-02T11:50:50+00:00","mainEntityOfPage":{"@id":"https:\/\/www.public.sn\/index.php\/2023\/03\/02\/refus-de-baisser-le-loyer-les-proprietaires-des-maisons-lourdement-sanctionnes\/"},"wordCount":139,"commentCount":0,"publisher":{"@id":"https:\/\/www.public.sn\/#organization"},"image":{"@id":"https:\/\/www.public.sn\/index.php\/2023\/03\/02\/refus-de-baisser-le-loyer-les-proprietaires-des-maisons-lourdement-sanctionnes\/#primaryimage"},"thumbnailUrl":"https:\/\/www.public.sn\/wp-content\/uploads\/2023\/03\/macky_loyer.jpg","keywords":["bailleur","baisse de loyer","locataire","Loyer"],"articleSection":["ACTUALIT\u00c9S","\u00c9CONOMIE","POLITIQUE","S\u00c9CURIT\u00c9 &amp; JUSTICE","S\u00c9N\u00c9GAL","SOCIETE"],"inLanguage":"fr-FR","potentialAction":[{"@type":"CommentAction","name":"Comment","target":["https:\/\/www.public.sn\/index.php\/2023\/03\/02\/refus-de-baisser-le-loyer-les-proprietaires-des-maisons-lourdement-sanctionnes\/#respond"]}]},{"@type":"WebPage","@id":"https:\/\/www.public.sn\/index.php\/2023\/03\/02\/refus-de-baisser-le-loyer-les-proprietaires-des-maisons-lourdement-sanctionnes\/","url":"https:\/\/www.public.sn\/index.php\/2023\/03\/02\/refus-de-baisser-le-loyer-les-proprietaires-des-maisons-lourdement-sanctionnes\/","name":"Refus de baisser le Loyer : Les propri\u00e9taires des maisons lourdement sanctionn\u00e9s - LE PUBLIC","isPartOf":{"@id":"https:\/\/www.public.sn\/#website"},"primaryImageOfPage":{"@id":"https:\/\/www.public.sn\/index.php\/2023\/03\/02\/refus-de-baisser-le-loyer-les-proprietaires-des-maisons-lourdement-sanctionnes\/#primaryimage"},"image":{"@id":"https:\/\/www.public.sn\/index.php\/2023\/03\/02\/refus-de-baisser-le-loyer-les-proprietaires-des-maisons-lourdement-sanctionnes\/#primaryimage"},"thumbnailUrl":"https:\/\/www.public.sn\/wp-content\/uploads\/2023\/03\/macky_loyer.jpg","datePublished":"2023-03-02T11:50:50+00:00","breadcrumb":{"@id":"https:\/\/www.public.sn\/index.php\/2023\/03\/02\/refus-de-baisser-le-loyer-les-proprietaires-des-maisons-lourdement-sanctionnes\/#breadcrumb"},"inLanguage":"fr-FR","potentialAction":[{"@type":"ReadAction","target":["https:\/\/www.public.sn\/index.php\/2023\/03\/02\/refus-de-baisser-le-loyer-les-proprietaires-des-maisons-lourdement-sanctionnes\/"]}]},{"@type":"ImageObject","inLanguage":"fr-FR","@id":"https:\/\/www.public.sn\/index.php\/2023\/03\/02\/refus-de-baisser-le-loyer-les-proprietaires-des-maisons-lourdement-sanctionnes\/#primaryimage","url":"https:\/\/www.public.sn\/wp-content\/uploads\/2023\/03\/macky_loyer.jpg","contentUrl":"https:\/\/www.public.sn\/wp-content\/uploads\/2023\/03\/macky_loyer.jpg","width":800,"height":666},{"@type":"BreadcrumbList","@id":"https:\/\/www.public.sn\/index.php\/2023\/03\/02\/refus-de-baisser-le-loyer-les-proprietaires-des-maisons-lourdement-sanctionnes\/#breadcrumb","itemListElement":[{"@type":"ListItem","position":1,"name":"Accueil","item":"https:\/\/www.public.sn\/"},{"@type":"ListItem","position":2,"name":"Refus de baisser le Loyer : Les propri\u00e9taires des maisons lourdement sanctionn\u00e9s"}]},{"@type":"WebSite","@id":"https:\/\/www.public.sn\/#website","url":"https:\/\/www.public.sn\/","name":"LE PUBLIC","description":"","publisher":{"@id":"https:\/\/www.public.sn\/#organization"},"potentialAction":[{"@type":"SearchAction","target":{"@type":"EntryPoint","urlTemplate":"https:\/\/www.public.sn\/?s={search_term_string}"},"query-input":{"@type":"PropertyValueSpecification","valueRequired":true,"valueName":"search_term_string"}}],"inLanguage":"fr-FR"},{"@type":"Organization","@id":"https:\/\/www.public.sn\/#organization","name":"LE PUBLIC","url":"https:\/\/www.public.sn\/","logo":{"@type":"ImageObject","inLanguage":"fr-FR","@id":"https:\/\/www.public.sn\/#\/schema\/logo\/image\/","url":"https:\/\/www.public.sn\/wp-content\/uploads\/2024\/05\/cropped-LOGO-PUBLIC.SN_.png","contentUrl":"https:\/\/www.public.sn\/wp-content\/uploads\/2024\/05\/cropped-LOGO-PUBLIC.SN_.png","width":682,"height":192,"caption":"LE PUBLIC"},"image":{"@id":"https:\/\/www.public.sn\/#\/schema\/logo\/image\/"}},{"@type":"Person","@id":"https:\/\/www.public.sn\/#\/schema\/person\/cb76c8e1b8becc6be61fb5e92d6d0224","name":"LA REDACTION","image":{"@type":"ImageObject","inLanguage":"fr-FR","@id":"https:\/\/www.public.sn\/#\/schema\/person\/image\/","url":"https:\/\/secure.gravatar.com\/avatar\/2dce5ddd34b8fef0180efe03aa2a9bee7d953856048f9a16b298190a3178407c?s=96&d=mm&r=g","contentUrl":"https:\/\/secure.gravatar.com\/avatar\/2dce5ddd34b8fef0180efe03aa2a9bee7d953856048f9a16b298190a3178407c?s=96&d=mm&r=g","caption":"LA REDACTION"},"url":"https:\/\/www.public.sn\/index.php\/author\/editeurpsn\/"}]}},"jetpack_featured_media_url":"https:\/\/www.public.sn\/wp-content\/uploads\/2023\/03\/macky_loyer.jpg","jetpack_sharing_enabled":true,"_links":{"self":[{"href":"https:\/\/www.public.sn\/index.php\/wp-json\/wp\/v2\/posts\/16820","targetHints":{"allow":["GET"]}}],"collection":[{"href":"https:\/\/www.public.sn\/index.php\/wp-json\/wp\/v2\/posts"}],"about":[{"href":"https:\/\/www.public.sn\/index.php\/wp-json\/wp\/v2\/types\/post"}],"author":[{"embeddable":true,"href":"https:\/\/www.public.sn\/index.php\/wp-json\/wp\/v2\/users\/7"}],"replies":[{"embeddable":true,"href":"https:\/\/www.public.sn\/index.php\/wp-json\/wp\/v2\/comments?post=16820"}],"version-history":[{"count":1,"href":"https:\/\/www.public.sn\/index.php\/wp-json\/wp\/v2\/posts\/16820\/revisions"}],"predecessor-version":[{"id":16823,"href":"https:\/\/www.public.sn\/index.php\/wp-json\/wp\/v2\/posts\/16820\/revisions\/16823"}],"wp:featuredmedia":[{"embeddable":true,"href":"https:\/\/www.public.sn\/index.php\/wp-json\/wp\/v2\/media\/16822"}],"wp:attachment":[{"href":"https:\/\/www.public.sn\/index.php\/wp-json\/wp\/v2\/media?parent=16820"}],"wp:term":[{"taxonomy":"category","embeddable":true,"href":"https:\/\/www.public.sn\/index.php\/wp-json\/wp\/v2\/categories?post=16820"},{"taxonomy":"post_tag","embeddable":true,"href":"https:\/\/www.public.sn\/index.php\/wp-json\/wp\/v2\/tags?post=16820"}],"curies":[{"name":"wp","href":"https:\/\/api.w.org\/{rel}","templated":true}]}}