{"id":16824,"date":"2023-03-02T11:58:33","date_gmt":"2023-03-02T11:58:33","guid":{"rendered":"https:\/\/www.public.sn\/?p=16824"},"modified":"2023-03-02T11:58:33","modified_gmt":"2023-03-02T11:58:33","slug":"international-tunisie-la-cote-divoire-decaisse-1-milliard-pour-rapatrier-les-ivoiriens","status":"publish","type":"post","link":"https:\/\/www.public.sn\/index.php\/2023\/03\/02\/international-tunisie-la-cote-divoire-decaisse-1-milliard-pour-rapatrier-les-ivoiriens\/","title":{"rendered":"International Tunisie : la C\u00f4te d\u2019Ivoire d\u00e9caisse 1 milliard pour rapatrier les ivoiriens"},"content":{"rendered":"<p><strong>Le porte-parole du gouvernement ivoirien, Amadou Coulibaly, a annonc\u00e9 mercredi \u00e0 Abidjan le lancement d\u2019une op\u00e9ration de rapatriement des ressortissants de la C\u00f4te d\u2019Ivoire qui \u00ab\u00a0vivent des moments particuli\u00e8rement difficiles\u00a0\u00bb en Tunisie, dont le co\u00fbt est estim\u00e9 \u00e0 \u00ab\u00a0plus d\u2019un milliard de FCFA\u00a0\u00bb, \u00e0 l\u2019issue d\u2019un conseil des ministres.<\/strong><\/p><div class=\"publi-paragraphe1\" style=\"margin-top: 10px;margin-bottom: 10px;margin-left: auto;margin-right: auto;text-align: center;\" id=\"publi-4216925520\"><div class=\"publi-adlabel\">Publicit\u00e9<\/div><script async src=\"\/\/pagead2.googlesyndication.com\/pagead\/js\/adsbygoogle.js?client=ca-pub-4089586018074219\" crossorigin=\"anonymous\"><\/script><ins class=\"adsbygoogle\" style=\"display:block;\" data-ad-client=\"ca-pub-4089586018074219\" \ndata-ad-slot=\"2087940154\" \ndata-ad-format=\"auto\"><\/ins>\n<script> \n(adsbygoogle = window.adsbygoogle || []).push({}); \n<\/script>\n<\/div>\n<p>Le chef de l\u2019Etat ivoirien, Alassane Ouattara, a donn\u00e9 des instructions pour enclencher les op\u00e9rations de rapatriement.<\/p>\n<p>500 Ivoiriens pourront regagner leur pays gr\u00e2ce \u00e0 un d\u00e9caissement de plus d\u2019un milliard de Francs CFA, fait par le Gouvernement de C\u00f4te d\u2019Ivoire, pour leur rapatriement.<\/p>\n<div class=\"nty nty-post-middle nty-float-center nty-align-center nty-column-1 nty-clearfix no-bg-box-model\">\n<div id=\"nty-3576-866610412\" class=\"nty-container nty-type-code \" data-adid=\"3576\" data-type=\"code\">\n<div id=\"nty-3576-866610412-place\"><\/div>\n<\/div>\n<\/div>\n<p>Ces jeunes Ivoiriens qui fuient les\u00a0violences raciales en Tunisie,\u00a0b\u00e9n\u00e9ficieront \u00e9galement d\u2019un p\u00e9cule pour faciliter leur r\u00e9int\u00e9gration une fois de retour au pays.<\/p>\n<p><img fetchpriority=\"high\" decoding=\"async\" class=\"alignnone size-full wp-image-16826\" src=\"https:\/\/www.public.sn\/wp-content\/uploads\/2023\/03\/tunisie-cote-divoire-rapatrie.jpg\" alt=\"\" width=\"605\" height=\"605\" srcset=\"https:\/\/www.public.sn\/wp-content\/uploads\/2023\/03\/tunisie-cote-divoire-rapatrie.jpg 605w, https:\/\/www.public.sn\/wp-content\/uploads\/2023\/03\/tunisie-cote-divoire-rapatrie-300x300.jpg 300w, https:\/\/www.public.sn\/wp-content\/uploads\/2023\/03\/tunisie-cote-divoire-rapatrie-100x100.jpg 100w, https:\/\/www.public.sn\/wp-content\/uploads\/2023\/03\/tunisie-cote-divoire-rapatrie-600x600.jpg 600w, https:\/\/www.public.sn\/wp-content\/uploads\/2023\/03\/tunisie-cote-divoire-rapatrie-150x150.jpg 150w, https:\/\/www.public.sn\/wp-content\/uploads\/2023\/03\/tunisie-cote-divoire-rapatrie-75x75.jpg 75w, https:\/\/www.public.sn\/wp-content\/uploads\/2023\/03\/tunisie-cote-divoire-rapatrie-350x350.jpg 350w\" sizes=\"(max-width: 605px) 100vw, 605px\" \/><\/p>\n<div class=\"publi-apres-le-contenu\" style=\"margin-top: 10px;margin-bottom: 10px;margin-left: auto;margin-right: auto;text-align: center;\" id=\"publi-4121823522\"><div class=\"publi-adlabel\">Publicit\u00e9<\/div><script async src=\"\/\/pagead2.googlesyndication.com\/pagead\/js\/adsbygoogle.js?client=ca-pub-4089586018074219\" crossorigin=\"anonymous\"><\/script><ins class=\"adsbygoogle\" style=\"display:block;\" data-ad-client=\"ca-pub-4089586018074219\" \ndata-ad-slot=\"2087940154\" \ndata-ad-format=\"auto\"><\/ins>\n<script> \n(adsbygoogle = window.adsbygoogle || []).push({}); \n<\/script>\n<\/div>","protected":false},"excerpt":{"rendered":"<p>Le porte-parole du gouvernement ivoirien, Amadou Coulibaly, a annonc\u00e9 mercredi \u00e0 Abidjan le lancement d\u2019une op\u00e9ration de rapatriement des ressortissants de la C\u00f4te d\u2019Ivoire qui \u00ab\u00a0vivent des moments particuli\u00e8rement difficiles\u00a0\u00bb en Tunisie, dont le co\u00fbt est estim\u00e9 \u00e0 \u00ab\u00a0plus d\u2019un milliard de FCFA\u00a0\u00bb, \u00e0 l\u2019issue d\u2019un conseil des ministres. Le chef de l\u2019Etat ivoirien, Alassane Ouattara, a donn\u00e9 des instructions pour enclencher les op\u00e9rations de rapatriement. 500 Ivoiriens pourront regagner leur pays gr\u00e2ce \u00e0 un d\u00e9caissement de plus d\u2019un milliard de Francs CFA, fait par le Gouvernement de C\u00f4te d\u2019Ivoire, pour leur rapatriement. Ces jeunes Ivoiriens qui fuient les\u00a0violences raciales en Tunisie,\u00a0b\u00e9n\u00e9ficieront \u00e9galement d\u2019un p\u00e9cule pour faciliter leur r\u00e9int\u00e9gration une fois de retour au pays.<\/p>\n","protected":false},"author":7,"featured_media":16828,"comment_status":"open","ping_status":"open","sticky":false,"template":"","format":"standard","meta":{"_jetpack_memberships_contains_paid_content":false,"footnotes":""},"categories":[375,550,3728,4],"tags":[4609,4608,946,3394],"class_list":["post-16824","post","type-post","status-publish","format-standard","has-post-thumbnail","hentry","category-actualites","category-afrique-monde","category-internationale","category-societe","tag-cote-divoir","tag-racisme","tag-rapatriement","tag-tunisie","entry","has-media","owp-thumbs-layout-horizontal","owp-btn-normal","owp-tabs-layout-horizontal","has-no-thumbnails","has-product-nav"],"yoast_head":"<!-- This site is optimized with the Yoast SEO plugin v25.5 - https:\/\/yoast.com\/wordpress\/plugins\/seo\/ -->\n<title>International Tunisie : la C\u00f4te d\u2019Ivoire d\u00e9caisse 1 milliard pour rapatrier les ivoiriens - LE PUBLIC<\/title>\n<meta name=\"robots\" content=\"index, follow, max-snippet:-1, max-image-preview:large, max-video-preview:-1\" \/>\n<link rel=\"canonical\" href=\"https:\/\/www.public.sn\/index.php\/2023\/03\/02\/international-tunisie-la-cote-divoire-decaisse-1-milliard-pour-rapatrier-les-ivoiriens\/\" \/>\n<meta property=\"og:locale\" content=\"fr_FR\" \/>\n<meta property=\"og:type\" content=\"article\" \/>\n<meta property=\"og:title\" content=\"International Tunisie : la C\u00f4te d\u2019Ivoire d\u00e9caisse 1 milliard pour rapatrier les ivoiriens - LE PUBLIC\" \/>\n<meta property=\"og:description\" content=\"Le porte-parole du gouvernement ivoirien, Amadou Coulibaly, a annonc\u00e9 mercredi \u00e0 Abidjan le lancement d\u2019une op\u00e9ration de rapatriement des ressortissants de la C\u00f4te d\u2019Ivoire qui \u00ab\u00a0vivent des moments particuli\u00e8rement difficiles\u00a0\u00bb en Tunisie, dont le co\u00fbt est estim\u00e9 \u00e0 \u00ab\u00a0plus d\u2019un milliard de FCFA\u00a0\u00bb, \u00e0 l\u2019issue d\u2019un conseil des ministres. Le chef de l\u2019Etat ivoirien, Alassane Ouattara, a donn\u00e9 des instructions pour enclencher les op\u00e9rations de rapatriement. 500 Ivoiriens pourront regagner leur pays gr\u00e2ce \u00e0 un d\u00e9caissement de plus d\u2019un milliard de Francs CFA, fait par le Gouvernement de C\u00f4te d\u2019Ivoire, pour leur rapatriement. Ces jeunes Ivoiriens qui fuient les\u00a0violences raciales en Tunisie,\u00a0b\u00e9n\u00e9ficieront \u00e9galement d\u2019un p\u00e9cule pour faciliter leur r\u00e9int\u00e9gration une fois de retour au pays.\" \/>\n<meta property=\"og:url\" content=\"https:\/\/www.public.sn\/index.php\/2023\/03\/02\/international-tunisie-la-cote-divoire-decaisse-1-milliard-pour-rapatrier-les-ivoiriens\/\" \/>\n<meta property=\"og:site_name\" content=\"LE PUBLIC\" \/>\n<meta property=\"article:published_time\" content=\"2023-03-02T11:58:33+00:00\" \/>\n<meta property=\"og:image\" content=\"https:\/\/www.public.sn\/wp-content\/uploads\/2023\/03\/rapatriement.jpg\" \/>\n\t<meta property=\"og:image:width\" content=\"1200\" \/>\n\t<meta property=\"og:image:height\" content=\"630\" \/>\n\t<meta property=\"og:image:type\" content=\"image\/jpeg\" \/>\n<meta name=\"author\" content=\"LA REDACTION\" \/>\n<meta name=\"twitter:card\" content=\"summary_large_image\" \/>\n<meta name=\"twitter:label1\" content=\"\u00c9crit par\" \/>\n\t<meta name=\"twitter:data1\" content=\"LA REDACTION\" \/>\n\t<meta name=\"twitter:label2\" content=\"Dur\u00e9e de lecture estim\u00e9e\" \/>\n\t<meta name=\"twitter:data2\" content=\"1 minute\" \/>\n<script type=\"application\/ld+json\" class=\"yoast-schema-graph\">{\"@context\":\"https:\/\/schema.org\",\"@graph\":[{\"@type\":\"Article\",\"@id\":\"https:\/\/www.public.sn\/index.php\/2023\/03\/02\/international-tunisie-la-cote-divoire-decaisse-1-milliard-pour-rapatrier-les-ivoiriens\/#article\",\"isPartOf\":{\"@id\":\"https:\/\/www.public.sn\/index.php\/2023\/03\/02\/international-tunisie-la-cote-divoire-decaisse-1-milliard-pour-rapatrier-les-ivoiriens\/\"},\"author\":{\"name\":\"LA REDACTION\",\"@id\":\"https:\/\/www.public.sn\/#\/schema\/person\/cb76c8e1b8becc6be61fb5e92d6d0224\"},\"headline\":\"International Tunisie : la C\u00f4te d\u2019Ivoire d\u00e9caisse 1 milliard pour rapatrier les ivoiriens\",\"datePublished\":\"2023-03-02T11:58:33+00:00\",\"mainEntityOfPage\":{\"@id\":\"https:\/\/www.public.sn\/index.php\/2023\/03\/02\/international-tunisie-la-cote-divoire-decaisse-1-milliard-pour-rapatrier-les-ivoiriens\/\"},\"wordCount\":148,\"commentCount\":0,\"publisher\":{\"@id\":\"https:\/\/www.public.sn\/#organization\"},\"image\":{\"@id\":\"https:\/\/www.public.sn\/index.php\/2023\/03\/02\/international-tunisie-la-cote-divoire-decaisse-1-milliard-pour-rapatrier-les-ivoiriens\/#primaryimage\"},\"thumbnailUrl\":\"https:\/\/www.public.sn\/wp-content\/uploads\/2023\/03\/rapatriement.jpg\",\"keywords\":[\"Cote d'Ivoir\",\"racisme\",\"Rapatriement\",\"tunisie\"],\"articleSection\":[\"ACTUALIT\u00c9S\",\"AFRIQUE &amp; MONDE\",\"internationale\",\"SOCIETE\"],\"inLanguage\":\"fr-FR\",\"potentialAction\":[{\"@type\":\"CommentAction\",\"name\":\"Comment\",\"target\":[\"https:\/\/www.public.sn\/index.php\/2023\/03\/02\/international-tunisie-la-cote-divoire-decaisse-1-milliard-pour-rapatrier-les-ivoiriens\/#respond\"]}]},{\"@type\":\"WebPage\",\"@id\":\"https:\/\/www.public.sn\/index.php\/2023\/03\/02\/international-tunisie-la-cote-divoire-decaisse-1-milliard-pour-rapatrier-les-ivoiriens\/\",\"url\":\"https:\/\/www.public.sn\/index.php\/2023\/03\/02\/international-tunisie-la-cote-divoire-decaisse-1-milliard-pour-rapatrier-les-ivoiriens\/\",\"name\":\"International Tunisie : la C\u00f4te d\u2019Ivoire d\u00e9caisse 1 milliard pour rapatrier les ivoiriens - LE PUBLIC\",\"isPartOf\":{\"@id\":\"https:\/\/www.public.sn\/#website\"},\"primaryImageOfPage\":{\"@id\":\"https:\/\/www.public.sn\/index.php\/2023\/03\/02\/international-tunisie-la-cote-divoire-decaisse-1-milliard-pour-rapatrier-les-ivoiriens\/#primaryimage\"},\"image\":{\"@id\":\"https:\/\/www.public.sn\/index.php\/2023\/03\/02\/international-tunisie-la-cote-divoire-decaisse-1-milliard-pour-rapatrier-les-ivoiriens\/#primaryimage\"},\"thumbnailUrl\":\"https:\/\/www.public.sn\/wp-content\/uploads\/2023\/03\/rapatriement.jpg\",\"datePublished\":\"2023-03-02T11:58:33+00:00\",\"breadcrumb\":{\"@id\":\"https:\/\/www.public.sn\/index.php\/2023\/03\/02\/international-tunisie-la-cote-divoire-decaisse-1-milliard-pour-rapatrier-les-ivoiriens\/#breadcrumb\"},\"inLanguage\":\"fr-FR\",\"potentialAction\":[{\"@type\":\"ReadAction\",\"target\":[\"https:\/\/www.public.sn\/index.php\/2023\/03\/02\/international-tunisie-la-cote-divoire-decaisse-1-milliard-pour-rapatrier-les-ivoiriens\/\"]}]},{\"@type\":\"ImageObject\",\"inLanguage\":\"fr-FR\",\"@id\":\"https:\/\/www.public.sn\/index.php\/2023\/03\/02\/international-tunisie-la-cote-divoire-decaisse-1-milliard-pour-rapatrier-les-ivoiriens\/#primaryimage\",\"url\":\"https:\/\/www.public.sn\/wp-content\/uploads\/2023\/03\/rapatriement.jpg\",\"contentUrl\":\"https:\/\/www.public.sn\/wp-content\/uploads\/2023\/03\/rapatriement.jpg\",\"width\":1200,\"height\":630},{\"@type\":\"BreadcrumbList\",\"@id\":\"https:\/\/www.public.sn\/index.php\/2023\/03\/02\/international-tunisie-la-cote-divoire-decaisse-1-milliard-pour-rapatrier-les-ivoiriens\/#breadcrumb\",\"itemListElement\":[{\"@type\":\"ListItem\",\"position\":1,\"name\":\"Accueil\",\"item\":\"https:\/\/www.public.sn\/\"},{\"@type\":\"ListItem\",\"position\":2,\"name\":\"International Tunisie : la C\u00f4te d\u2019Ivoire d\u00e9caisse 1 milliard pour rapatrier les ivoiriens\"}]},{\"@type\":\"WebSite\",\"@id\":\"https:\/\/www.public.sn\/#website\",\"url\":\"https:\/\/www.public.sn\/\",\"name\":\"LE PUBLIC\",\"description\":\"\",\"publisher\":{\"@id\":\"https:\/\/www.public.sn\/#organization\"},\"potentialAction\":[{\"@type\":\"SearchAction\",\"target\":{\"@type\":\"EntryPoint\",\"urlTemplate\":\"https:\/\/www.public.sn\/?s={search_term_string}\"},\"query-input\":{\"@type\":\"PropertyValueSpecification\",\"valueRequired\":true,\"valueName\":\"search_term_string\"}}],\"inLanguage\":\"fr-FR\"},{\"@type\":\"Organization\",\"@id\":\"https:\/\/www.public.sn\/#organization\",\"name\":\"LE PUBLIC\",\"url\":\"https:\/\/www.public.sn\/\",\"logo\":{\"@type\":\"ImageObject\",\"inLanguage\":\"fr-FR\",\"@id\":\"https:\/\/www.public.sn\/#\/schema\/logo\/image\/\",\"url\":\"https:\/\/www.public.sn\/wp-content\/uploads\/2024\/05\/cropped-LOGO-PUBLIC.SN_.png\",\"contentUrl\":\"https:\/\/www.public.sn\/wp-content\/uploads\/2024\/05\/cropped-LOGO-PUBLIC.SN_.png\",\"width\":682,\"height\":192,\"caption\":\"LE PUBLIC\"},\"image\":{\"@id\":\"https:\/\/www.public.sn\/#\/schema\/logo\/image\/\"}},{\"@type\":\"Person\",\"@id\":\"https:\/\/www.public.sn\/#\/schema\/person\/cb76c8e1b8becc6be61fb5e92d6d0224\",\"name\":\"LA REDACTION\",\"image\":{\"@type\":\"ImageObject\",\"inLanguage\":\"fr-FR\",\"@id\":\"https:\/\/www.public.sn\/#\/schema\/person\/image\/\",\"url\":\"https:\/\/secure.gravatar.com\/avatar\/2dce5ddd34b8fef0180efe03aa2a9bee7d953856048f9a16b298190a3178407c?s=96&d=mm&r=g\",\"contentUrl\":\"https:\/\/secure.gravatar.com\/avatar\/2dce5ddd34b8fef0180efe03aa2a9bee7d953856048f9a16b298190a3178407c?s=96&d=mm&r=g\",\"caption\":\"LA REDACTION\"},\"url\":\"https:\/\/www.public.sn\/index.php\/author\/editeurpsn\/\"}]}<\/script>\n<!-- \/ Yoast SEO plugin. -->","yoast_head_json":{"title":"International Tunisie : la C\u00f4te d\u2019Ivoire d\u00e9caisse 1 milliard pour rapatrier les ivoiriens - LE PUBLIC","robots":{"index":"index","follow":"follow","max-snippet":"max-snippet:-1","max-image-preview":"max-image-preview:large","max-video-preview":"max-video-preview:-1"},"canonical":"https:\/\/www.public.sn\/index.php\/2023\/03\/02\/international-tunisie-la-cote-divoire-decaisse-1-milliard-pour-rapatrier-les-ivoiriens\/","og_locale":"fr_FR","og_type":"article","og_title":"International Tunisie : la C\u00f4te d\u2019Ivoire d\u00e9caisse 1 milliard pour rapatrier les ivoiriens - LE PUBLIC","og_description":"Le porte-parole du gouvernement ivoirien, Amadou Coulibaly, a annonc\u00e9 mercredi \u00e0 Abidjan le lancement d\u2019une op\u00e9ration de rapatriement des ressortissants de la C\u00f4te d\u2019Ivoire qui \u00ab\u00a0vivent des moments particuli\u00e8rement difficiles\u00a0\u00bb en Tunisie, dont le co\u00fbt est estim\u00e9 \u00e0 \u00ab\u00a0plus d\u2019un milliard de FCFA\u00a0\u00bb, \u00e0 l\u2019issue d\u2019un conseil des ministres. Le chef de l\u2019Etat ivoirien, Alassane Ouattara, a donn\u00e9 des instructions pour enclencher les op\u00e9rations de rapatriement. 500 Ivoiriens pourront regagner leur pays gr\u00e2ce \u00e0 un d\u00e9caissement de plus d\u2019un milliard de Francs CFA, fait par le Gouvernement de C\u00f4te d\u2019Ivoire, pour leur rapatriement. Ces jeunes Ivoiriens qui fuient les\u00a0violences raciales en Tunisie,\u00a0b\u00e9n\u00e9ficieront \u00e9galement d\u2019un p\u00e9cule pour faciliter leur r\u00e9int\u00e9gration une fois de retour au pays.","og_url":"https:\/\/www.public.sn\/index.php\/2023\/03\/02\/international-tunisie-la-cote-divoire-decaisse-1-milliard-pour-rapatrier-les-ivoiriens\/","og_site_name":"LE PUBLIC","article_published_time":"2023-03-02T11:58:33+00:00","og_image":[{"width":1200,"height":630,"url":"https:\/\/www.public.sn\/wp-content\/uploads\/2023\/03\/rapatriement.jpg","type":"image\/jpeg"}],"author":"LA REDACTION","twitter_card":"summary_large_image","twitter_misc":{"\u00c9crit par":"LA REDACTION","Dur\u00e9e de lecture estim\u00e9e":"1 minute"},"schema":{"@context":"https:\/\/schema.org","@graph":[{"@type":"Article","@id":"https:\/\/www.public.sn\/index.php\/2023\/03\/02\/international-tunisie-la-cote-divoire-decaisse-1-milliard-pour-rapatrier-les-ivoiriens\/#article","isPartOf":{"@id":"https:\/\/www.public.sn\/index.php\/2023\/03\/02\/international-tunisie-la-cote-divoire-decaisse-1-milliard-pour-rapatrier-les-ivoiriens\/"},"author":{"name":"LA REDACTION","@id":"https:\/\/www.public.sn\/#\/schema\/person\/cb76c8e1b8becc6be61fb5e92d6d0224"},"headline":"International Tunisie : la C\u00f4te d\u2019Ivoire d\u00e9caisse 1 milliard pour rapatrier les ivoiriens","datePublished":"2023-03-02T11:58:33+00:00","mainEntityOfPage":{"@id":"https:\/\/www.public.sn\/index.php\/2023\/03\/02\/international-tunisie-la-cote-divoire-decaisse-1-milliard-pour-rapatrier-les-ivoiriens\/"},"wordCount":148,"commentCount":0,"publisher":{"@id":"https:\/\/www.public.sn\/#organization"},"image":{"@id":"https:\/\/www.public.sn\/index.php\/2023\/03\/02\/international-tunisie-la-cote-divoire-decaisse-1-milliard-pour-rapatrier-les-ivoiriens\/#primaryimage"},"thumbnailUrl":"https:\/\/www.public.sn\/wp-content\/uploads\/2023\/03\/rapatriement.jpg","keywords":["Cote d'Ivoir","racisme","Rapatriement","tunisie"],"articleSection":["ACTUALIT\u00c9S","AFRIQUE &amp; MONDE","internationale","SOCIETE"],"inLanguage":"fr-FR","potentialAction":[{"@type":"CommentAction","name":"Comment","target":["https:\/\/www.public.sn\/index.php\/2023\/03\/02\/international-tunisie-la-cote-divoire-decaisse-1-milliard-pour-rapatrier-les-ivoiriens\/#respond"]}]},{"@type":"WebPage","@id":"https:\/\/www.public.sn\/index.php\/2023\/03\/02\/international-tunisie-la-cote-divoire-decaisse-1-milliard-pour-rapatrier-les-ivoiriens\/","url":"https:\/\/www.public.sn\/index.php\/2023\/03\/02\/international-tunisie-la-cote-divoire-decaisse-1-milliard-pour-rapatrier-les-ivoiriens\/","name":"International Tunisie : la C\u00f4te d\u2019Ivoire d\u00e9caisse 1 milliard pour rapatrier les ivoiriens - LE PUBLIC","isPartOf":{"@id":"https:\/\/www.public.sn\/#website"},"primaryImageOfPage":{"@id":"https:\/\/www.public.sn\/index.php\/2023\/03\/02\/international-tunisie-la-cote-divoire-decaisse-1-milliard-pour-rapatrier-les-ivoiriens\/#primaryimage"},"image":{"@id":"https:\/\/www.public.sn\/index.php\/2023\/03\/02\/international-tunisie-la-cote-divoire-decaisse-1-milliard-pour-rapatrier-les-ivoiriens\/#primaryimage"},"thumbnailUrl":"https:\/\/www.public.sn\/wp-content\/uploads\/2023\/03\/rapatriement.jpg","datePublished":"2023-03-02T11:58:33+00:00","breadcrumb":{"@id":"https:\/\/www.public.sn\/index.php\/2023\/03\/02\/international-tunisie-la-cote-divoire-decaisse-1-milliard-pour-rapatrier-les-ivoiriens\/#breadcrumb"},"inLanguage":"fr-FR","potentialAction":[{"@type":"ReadAction","target":["https:\/\/www.public.sn\/index.php\/2023\/03\/02\/international-tunisie-la-cote-divoire-decaisse-1-milliard-pour-rapatrier-les-ivoiriens\/"]}]},{"@type":"ImageObject","inLanguage":"fr-FR","@id":"https:\/\/www.public.sn\/index.php\/2023\/03\/02\/international-tunisie-la-cote-divoire-decaisse-1-milliard-pour-rapatrier-les-ivoiriens\/#primaryimage","url":"https:\/\/www.public.sn\/wp-content\/uploads\/2023\/03\/rapatriement.jpg","contentUrl":"https:\/\/www.public.sn\/wp-content\/uploads\/2023\/03\/rapatriement.jpg","width":1200,"height":630},{"@type":"BreadcrumbList","@id":"https:\/\/www.public.sn\/index.php\/2023\/03\/02\/international-tunisie-la-cote-divoire-decaisse-1-milliard-pour-rapatrier-les-ivoiriens\/#breadcrumb","itemListElement":[{"@type":"ListItem","position":1,"name":"Accueil","item":"https:\/\/www.public.sn\/"},{"@type":"ListItem","position":2,"name":"International Tunisie : la C\u00f4te d\u2019Ivoire d\u00e9caisse 1 milliard pour rapatrier les ivoiriens"}]},{"@type":"WebSite","@id":"https:\/\/www.public.sn\/#website","url":"https:\/\/www.public.sn\/","name":"LE PUBLIC","description":"","publisher":{"@id":"https:\/\/www.public.sn\/#organization"},"potentialAction":[{"@type":"SearchAction","target":{"@type":"EntryPoint","urlTemplate":"https:\/\/www.public.sn\/?s={search_term_string}"},"query-input":{"@type":"PropertyValueSpecification","valueRequired":true,"valueName":"search_term_string"}}],"inLanguage":"fr-FR"},{"@type":"Organization","@id":"https:\/\/www.public.sn\/#organization","name":"LE PUBLIC","url":"https:\/\/www.public.sn\/","logo":{"@type":"ImageObject","inLanguage":"fr-FR","@id":"https:\/\/www.public.sn\/#\/schema\/logo\/image\/","url":"https:\/\/www.public.sn\/wp-content\/uploads\/2024\/05\/cropped-LOGO-PUBLIC.SN_.png","contentUrl":"https:\/\/www.public.sn\/wp-content\/uploads\/2024\/05\/cropped-LOGO-PUBLIC.SN_.png","width":682,"height":192,"caption":"LE PUBLIC"},"image":{"@id":"https:\/\/www.public.sn\/#\/schema\/logo\/image\/"}},{"@type":"Person","@id":"https:\/\/www.public.sn\/#\/schema\/person\/cb76c8e1b8becc6be61fb5e92d6d0224","name":"LA REDACTION","image":{"@type":"ImageObject","inLanguage":"fr-FR","@id":"https:\/\/www.public.sn\/#\/schema\/person\/image\/","url":"https:\/\/secure.gravatar.com\/avatar\/2dce5ddd34b8fef0180efe03aa2a9bee7d953856048f9a16b298190a3178407c?s=96&d=mm&r=g","contentUrl":"https:\/\/secure.gravatar.com\/avatar\/2dce5ddd34b8fef0180efe03aa2a9bee7d953856048f9a16b298190a3178407c?s=96&d=mm&r=g","caption":"LA REDACTION"},"url":"https:\/\/www.public.sn\/index.php\/author\/editeurpsn\/"}]}},"jetpack_featured_media_url":"https:\/\/www.public.sn\/wp-content\/uploads\/2023\/03\/rapatriement.jpg","jetpack_sharing_enabled":true,"_links":{"self":[{"href":"https:\/\/www.public.sn\/index.php\/wp-json\/wp\/v2\/posts\/16824","targetHints":{"allow":["GET"]}}],"collection":[{"href":"https:\/\/www.public.sn\/index.php\/wp-json\/wp\/v2\/posts"}],"about":[{"href":"https:\/\/www.public.sn\/index.php\/wp-json\/wp\/v2\/types\/post"}],"author":[{"embeddable":true,"href":"https:\/\/www.public.sn\/index.php\/wp-json\/wp\/v2\/users\/7"}],"replies":[{"embeddable":true,"href":"https:\/\/www.public.sn\/index.php\/wp-json\/wp\/v2\/comments?post=16824"}],"version-history":[{"count":1,"href":"https:\/\/www.public.sn\/index.php\/wp-json\/wp\/v2\/posts\/16824\/revisions"}],"predecessor-version":[{"id":16829,"href":"https:\/\/www.public.sn\/index.php\/wp-json\/wp\/v2\/posts\/16824\/revisions\/16829"}],"wp:featuredmedia":[{"embeddable":true,"href":"https:\/\/www.public.sn\/index.php\/wp-json\/wp\/v2\/media\/16828"}],"wp:attachment":[{"href":"https:\/\/www.public.sn\/index.php\/wp-json\/wp\/v2\/media?parent=16824"}],"wp:term":[{"taxonomy":"category","embeddable":true,"href":"https:\/\/www.public.sn\/index.php\/wp-json\/wp\/v2\/categories?post=16824"},{"taxonomy":"post_tag","embeddable":true,"href":"https:\/\/www.public.sn\/index.php\/wp-json\/wp\/v2\/tags?post=16824"}],"curies":[{"name":"wp","href":"https:\/\/api.w.org\/{rel}","templated":true}]}}