{"id":16909,"date":"2023-03-03T10:01:00","date_gmt":"2023-03-03T10:01:00","guid":{"rendered":"https:\/\/www.public.sn\/?p=16909"},"modified":"2023-03-03T10:16:47","modified_gmt":"2023-03-03T10:16:47","slug":"trafic-de-personnes-et-proxenetisme-deux-filles-arrete-a-saly","status":"publish","type":"post","link":"https:\/\/www.public.sn\/index.php\/2023\/03\/03\/trafic-de-personnes-et-proxenetisme-deux-filles-arrete-a-saly\/","title":{"rendered":"Trafic de personnes et prox\u00e9n\u00e9tisme : deux filles arr\u00eat\u00e9es \u00e0 Saly"},"content":{"rendered":"<p><strong>Deux femmes originaires du Nigeria ont \u00e9t\u00e9 arr\u00eat\u00e9es r\u00e9cemment par la police de Saly pour leur implication pr\u00e9sum\u00e9e dans des affaires de trafic de personnes et de prox\u00e9n\u00e9tisme, apr\u00e8s qu\u2019une ressortissante nig\u00e9riane, AE, les ait d\u00e9nonc\u00e9es.<\/strong><\/p><div class=\"publi-paragraphe1\" style=\"margin-top: 10px;margin-bottom: 10px;margin-left: auto;margin-right: auto;text-align: center;\" id=\"publi-1135587622\"><div class=\"publi-adlabel\">Publicit\u00e9<\/div><script async src=\"\/\/pagead2.googlesyndication.com\/pagead\/js\/adsbygoogle.js?client=ca-pub-4089586018074219\" crossorigin=\"anonymous\"><\/script><ins class=\"adsbygoogle\" style=\"display:block;\" data-ad-client=\"ca-pub-4089586018074219\" \ndata-ad-slot=\"2087940154\" \ndata-ad-format=\"auto\"><\/ins>\n<script> \n(adsbygoogle = window.adsbygoogle || []).push({}); \n<\/script>\n<\/div>\n<p>Cette derni\u00e8re avait \u00e9t\u00e9 mise en contact avec les deux femmes par une autre ressortissante nig\u00e9riane vivant au S\u00e9n\u00e9gal, ON, qui lui avait aid\u00e9 \u00e0 se rendre dans le pays en lui fournissant un passeport. Une fois sur place, ON avait pr\u00e9sent\u00e9 AE \u00e0 sa complice, OC, qui l\u2019avait inform\u00e9e que son travail r\u00e9el consisterait \u00e0 se prostituer et \u00e0 leur verser une partie de ses gains.<\/p>\n<p>Apr\u00e8s avoir d\u00e9couvert qu\u2019elle \u00e9tait atteinte du virus du sida, la victime a r\u00e9ussi \u00e0 s\u2019\u00e9chapper. Les deux femmes impliqu\u00e9es ont \u00e9t\u00e9 arr\u00eat\u00e9es pour trafic de personnes et prox\u00e9n\u00e9tisme par la police de Saly apr\u00e8s une recherche minutieuse men\u00e9e dans une maison construite en pleine brousse entre Saly et Gandigal<\/p>\n<div>\n<p>&nbsp;<\/p>\n<div class=\"google-auto-placed adsbygoogle-resurrected-ad-slot\"><\/div>\n<\/div>\n<div class=\"publi-apres-le-contenu\" style=\"margin-top: 10px;margin-bottom: 10px;margin-left: auto;margin-right: auto;text-align: center;\" id=\"publi-1905612566\"><div class=\"publi-adlabel\">Publicit\u00e9<\/div><script async src=\"\/\/pagead2.googlesyndication.com\/pagead\/js\/adsbygoogle.js?client=ca-pub-4089586018074219\" crossorigin=\"anonymous\"><\/script><ins class=\"adsbygoogle\" style=\"display:block;\" data-ad-client=\"ca-pub-4089586018074219\" \ndata-ad-slot=\"2087940154\" \ndata-ad-format=\"auto\"><\/ins>\n<script> \n(adsbygoogle = window.adsbygoogle || []).push({}); \n<\/script>\n<\/div>","protected":false},"excerpt":{"rendered":"<p>Deux femmes originaires du Nigeria ont \u00e9t\u00e9 arr\u00eat\u00e9es r\u00e9cemment par la police de Saly pour leur implication pr\u00e9sum\u00e9e dans des affaires de trafic de personnes et de prox\u00e9n\u00e9tisme, apr\u00e8s qu\u2019une ressortissante nig\u00e9riane, AE, les ait d\u00e9nonc\u00e9es. Cette derni\u00e8re avait \u00e9t\u00e9 mise en contact avec les deux femmes par une autre ressortissante nig\u00e9riane vivant au S\u00e9n\u00e9gal, ON, qui lui avait aid\u00e9 \u00e0 se rendre dans le pays en lui fournissant un passeport. Une fois sur place, ON avait pr\u00e9sent\u00e9 AE \u00e0 sa complice, OC, qui l\u2019avait inform\u00e9e que son travail r\u00e9el consisterait \u00e0 se prostituer et \u00e0 leur verser une partie de ses gains. Apr\u00e8s avoir d\u00e9couvert qu\u2019elle \u00e9tait atteinte du virus du sida, la victime a r\u00e9ussi \u00e0 s\u2019\u00e9chapper. Les deux femmes impliqu\u00e9es ont \u00e9t\u00e9 arr\u00eat\u00e9es pour trafic de personnes et prox\u00e9n\u00e9tisme par la police de Saly apr\u00e8s une recherche minutieuse men\u00e9e dans une maison construite en pleine brousse entre Saly et Gandigal &nbsp;<\/p>\n","protected":false},"author":7,"featured_media":16912,"comment_status":"open","ping_status":"open","sticky":false,"template":"","format":"standard","meta":{"_jetpack_memberships_contains_paid_content":false,"footnotes":""},"categories":[375,550,379,3724,1574,376,1,4],"tags":[4625,3885,3260,687,4624],"class_list":["post-16909","post","type-post","status-publish","format-standard","has-post-thumbnail","hentry","category-actualites","category-afrique-monde","category-faits-divers","category-justice","category-sante","category-securite-justice","category-non-classe","category-societe","tag-nigerienne","tag-prostitution","tag-proxenetisme","tag-saly","tag-trafic-de-personnes","entry","has-media","owp-thumbs-layout-horizontal","owp-btn-normal","owp-tabs-layout-horizontal","has-no-thumbnails","has-product-nav"],"yoast_head":"<!-- This site is optimized with the Yoast SEO plugin v25.5 - https:\/\/yoast.com\/wordpress\/plugins\/seo\/ -->\n<title>Trafic de personnes et prox\u00e9n\u00e9tisme : deux filles arr\u00eat\u00e9es \u00e0 Saly - LE PUBLIC<\/title>\n<meta name=\"robots\" content=\"index, follow, max-snippet:-1, max-image-preview:large, max-video-preview:-1\" \/>\n<link rel=\"canonical\" href=\"https:\/\/www.public.sn\/index.php\/2023\/03\/03\/trafic-de-personnes-et-proxenetisme-deux-filles-arrete-a-saly\/\" \/>\n<meta property=\"og:locale\" content=\"fr_FR\" \/>\n<meta property=\"og:type\" content=\"article\" \/>\n<meta property=\"og:title\" content=\"Trafic de personnes et prox\u00e9n\u00e9tisme : deux filles arr\u00eat\u00e9es \u00e0 Saly - LE PUBLIC\" \/>\n<meta property=\"og:description\" content=\"Deux femmes originaires du Nigeria ont \u00e9t\u00e9 arr\u00eat\u00e9es r\u00e9cemment par la police de Saly pour leur implication pr\u00e9sum\u00e9e dans des affaires de trafic de personnes et de prox\u00e9n\u00e9tisme, apr\u00e8s qu\u2019une ressortissante nig\u00e9riane, AE, les ait d\u00e9nonc\u00e9es. Cette derni\u00e8re avait \u00e9t\u00e9 mise en contact avec les deux femmes par une autre ressortissante nig\u00e9riane vivant au S\u00e9n\u00e9gal, ON, qui lui avait aid\u00e9 \u00e0 se rendre dans le pays en lui fournissant un passeport. Une fois sur place, ON avait pr\u00e9sent\u00e9 AE \u00e0 sa complice, OC, qui l\u2019avait inform\u00e9e que son travail r\u00e9el consisterait \u00e0 se prostituer et \u00e0 leur verser une partie de ses gains. Apr\u00e8s avoir d\u00e9couvert qu\u2019elle \u00e9tait atteinte du virus du sida, la victime a r\u00e9ussi \u00e0 s\u2019\u00e9chapper. Les deux femmes impliqu\u00e9es ont \u00e9t\u00e9 arr\u00eat\u00e9es pour trafic de personnes et prox\u00e9n\u00e9tisme par la police de Saly apr\u00e8s une recherche minutieuse men\u00e9e dans une maison construite en pleine brousse entre Saly et Gandigal &nbsp;\" \/>\n<meta property=\"og:url\" content=\"https:\/\/www.public.sn\/index.php\/2023\/03\/03\/trafic-de-personnes-et-proxenetisme-deux-filles-arrete-a-saly\/\" \/>\n<meta property=\"og:site_name\" content=\"LE PUBLIC\" \/>\n<meta property=\"article:published_time\" content=\"2023-03-03T10:01:00+00:00\" \/>\n<meta property=\"article:modified_time\" content=\"2023-03-03T10:16:47+00:00\" \/>\n<meta property=\"og:image\" content=\"https:\/\/www.public.sn\/wp-content\/uploads\/2023\/03\/748E0995-4A95-479F-860F-DC40AE93802F.png\" \/>\n\t<meta property=\"og:image:width\" content=\"290\" \/>\n\t<meta property=\"og:image:height\" content=\"174\" \/>\n\t<meta property=\"og:image:type\" content=\"image\/png\" \/>\n<meta name=\"author\" content=\"LA REDACTION\" \/>\n<meta name=\"twitter:card\" content=\"summary_large_image\" \/>\n<meta name=\"twitter:label1\" content=\"\u00c9crit par\" \/>\n\t<meta name=\"twitter:data1\" content=\"LA REDACTION\" \/>\n\t<meta name=\"twitter:label2\" content=\"Dur\u00e9e de lecture estim\u00e9e\" \/>\n\t<meta name=\"twitter:data2\" content=\"1 minute\" \/>\n<script type=\"application\/ld+json\" class=\"yoast-schema-graph\">{\"@context\":\"https:\/\/schema.org\",\"@graph\":[{\"@type\":\"Article\",\"@id\":\"https:\/\/www.public.sn\/index.php\/2023\/03\/03\/trafic-de-personnes-et-proxenetisme-deux-filles-arrete-a-saly\/#article\",\"isPartOf\":{\"@id\":\"https:\/\/www.public.sn\/index.php\/2023\/03\/03\/trafic-de-personnes-et-proxenetisme-deux-filles-arrete-a-saly\/\"},\"author\":{\"name\":\"LA REDACTION\",\"@id\":\"https:\/\/www.public.sn\/#\/schema\/person\/cb76c8e1b8becc6be61fb5e92d6d0224\"},\"headline\":\"Trafic de personnes et prox\u00e9n\u00e9tisme : deux filles arr\u00eat\u00e9es \u00e0 Saly\",\"datePublished\":\"2023-03-03T10:01:00+00:00\",\"dateModified\":\"2023-03-03T10:16:47+00:00\",\"mainEntityOfPage\":{\"@id\":\"https:\/\/www.public.sn\/index.php\/2023\/03\/03\/trafic-de-personnes-et-proxenetisme-deux-filles-arrete-a-saly\/\"},\"wordCount\":194,\"commentCount\":0,\"publisher\":{\"@id\":\"https:\/\/www.public.sn\/#organization\"},\"image\":{\"@id\":\"https:\/\/www.public.sn\/index.php\/2023\/03\/03\/trafic-de-personnes-et-proxenetisme-deux-filles-arrete-a-saly\/#primaryimage\"},\"thumbnailUrl\":\"https:\/\/www.public.sn\/wp-content\/uploads\/2023\/03\/748E0995-4A95-479F-860F-DC40AE93802F.png\",\"keywords\":[\"Nig\u00e9rienne\",\"prostitution\",\"prox\u00e9n\u00e9tisme;\",\"Saly\",\"Trafic de personnes\"],\"articleSection\":[\"ACTUALIT\u00c9S\",\"AFRIQUE &amp; MONDE\",\"FAITS DIVERS\",\"justice\",\"SANT\u00c9\",\"S\u00c9CURIT\u00c9 &amp; JUSTICE\",\"S\u00c9N\u00c9GAL\",\"SOCIETE\"],\"inLanguage\":\"fr-FR\",\"potentialAction\":[{\"@type\":\"CommentAction\",\"name\":\"Comment\",\"target\":[\"https:\/\/www.public.sn\/index.php\/2023\/03\/03\/trafic-de-personnes-et-proxenetisme-deux-filles-arrete-a-saly\/#respond\"]}]},{\"@type\":\"WebPage\",\"@id\":\"https:\/\/www.public.sn\/index.php\/2023\/03\/03\/trafic-de-personnes-et-proxenetisme-deux-filles-arrete-a-saly\/\",\"url\":\"https:\/\/www.public.sn\/index.php\/2023\/03\/03\/trafic-de-personnes-et-proxenetisme-deux-filles-arrete-a-saly\/\",\"name\":\"Trafic de personnes et prox\u00e9n\u00e9tisme : deux filles arr\u00eat\u00e9es \u00e0 Saly - LE PUBLIC\",\"isPartOf\":{\"@id\":\"https:\/\/www.public.sn\/#website\"},\"primaryImageOfPage\":{\"@id\":\"https:\/\/www.public.sn\/index.php\/2023\/03\/03\/trafic-de-personnes-et-proxenetisme-deux-filles-arrete-a-saly\/#primaryimage\"},\"image\":{\"@id\":\"https:\/\/www.public.sn\/index.php\/2023\/03\/03\/trafic-de-personnes-et-proxenetisme-deux-filles-arrete-a-saly\/#primaryimage\"},\"thumbnailUrl\":\"https:\/\/www.public.sn\/wp-content\/uploads\/2023\/03\/748E0995-4A95-479F-860F-DC40AE93802F.png\",\"datePublished\":\"2023-03-03T10:01:00+00:00\",\"dateModified\":\"2023-03-03T10:16:47+00:00\",\"breadcrumb\":{\"@id\":\"https:\/\/www.public.sn\/index.php\/2023\/03\/03\/trafic-de-personnes-et-proxenetisme-deux-filles-arrete-a-saly\/#breadcrumb\"},\"inLanguage\":\"fr-FR\",\"potentialAction\":[{\"@type\":\"ReadAction\",\"target\":[\"https:\/\/www.public.sn\/index.php\/2023\/03\/03\/trafic-de-personnes-et-proxenetisme-deux-filles-arrete-a-saly\/\"]}]},{\"@type\":\"ImageObject\",\"inLanguage\":\"fr-FR\",\"@id\":\"https:\/\/www.public.sn\/index.php\/2023\/03\/03\/trafic-de-personnes-et-proxenetisme-deux-filles-arrete-a-saly\/#primaryimage\",\"url\":\"https:\/\/www.public.sn\/wp-content\/uploads\/2023\/03\/748E0995-4A95-479F-860F-DC40AE93802F.png\",\"contentUrl\":\"https:\/\/www.public.sn\/wp-content\/uploads\/2023\/03\/748E0995-4A95-479F-860F-DC40AE93802F.png\",\"width\":290,\"height\":174},{\"@type\":\"BreadcrumbList\",\"@id\":\"https:\/\/www.public.sn\/index.php\/2023\/03\/03\/trafic-de-personnes-et-proxenetisme-deux-filles-arrete-a-saly\/#breadcrumb\",\"itemListElement\":[{\"@type\":\"ListItem\",\"position\":1,\"name\":\"Accueil\",\"item\":\"https:\/\/www.public.sn\/\"},{\"@type\":\"ListItem\",\"position\":2,\"name\":\"Trafic de personnes et prox\u00e9n\u00e9tisme : deux filles arr\u00eat\u00e9es \u00e0 Saly\"}]},{\"@type\":\"WebSite\",\"@id\":\"https:\/\/www.public.sn\/#website\",\"url\":\"https:\/\/www.public.sn\/\",\"name\":\"LE PUBLIC\",\"description\":\"\",\"publisher\":{\"@id\":\"https:\/\/www.public.sn\/#organization\"},\"potentialAction\":[{\"@type\":\"SearchAction\",\"target\":{\"@type\":\"EntryPoint\",\"urlTemplate\":\"https:\/\/www.public.sn\/?s={search_term_string}\"},\"query-input\":{\"@type\":\"PropertyValueSpecification\",\"valueRequired\":true,\"valueName\":\"search_term_string\"}}],\"inLanguage\":\"fr-FR\"},{\"@type\":\"Organization\",\"@id\":\"https:\/\/www.public.sn\/#organization\",\"name\":\"LE PUBLIC\",\"url\":\"https:\/\/www.public.sn\/\",\"logo\":{\"@type\":\"ImageObject\",\"inLanguage\":\"fr-FR\",\"@id\":\"https:\/\/www.public.sn\/#\/schema\/logo\/image\/\",\"url\":\"https:\/\/www.public.sn\/wp-content\/uploads\/2024\/05\/cropped-LOGO-PUBLIC.SN_.png\",\"contentUrl\":\"https:\/\/www.public.sn\/wp-content\/uploads\/2024\/05\/cropped-LOGO-PUBLIC.SN_.png\",\"width\":682,\"height\":192,\"caption\":\"LE PUBLIC\"},\"image\":{\"@id\":\"https:\/\/www.public.sn\/#\/schema\/logo\/image\/\"}},{\"@type\":\"Person\",\"@id\":\"https:\/\/www.public.sn\/#\/schema\/person\/cb76c8e1b8becc6be61fb5e92d6d0224\",\"name\":\"LA REDACTION\",\"image\":{\"@type\":\"ImageObject\",\"inLanguage\":\"fr-FR\",\"@id\":\"https:\/\/www.public.sn\/#\/schema\/person\/image\/\",\"url\":\"https:\/\/secure.gravatar.com\/avatar\/2dce5ddd34b8fef0180efe03aa2a9bee7d953856048f9a16b298190a3178407c?s=96&d=mm&r=g\",\"contentUrl\":\"https:\/\/secure.gravatar.com\/avatar\/2dce5ddd34b8fef0180efe03aa2a9bee7d953856048f9a16b298190a3178407c?s=96&d=mm&r=g\",\"caption\":\"LA REDACTION\"},\"url\":\"https:\/\/www.public.sn\/index.php\/author\/editeurpsn\/\"}]}<\/script>\n<!-- \/ Yoast SEO plugin. -->","yoast_head_json":{"title":"Trafic de personnes et prox\u00e9n\u00e9tisme : deux filles arr\u00eat\u00e9es \u00e0 Saly - LE PUBLIC","robots":{"index":"index","follow":"follow","max-snippet":"max-snippet:-1","max-image-preview":"max-image-preview:large","max-video-preview":"max-video-preview:-1"},"canonical":"https:\/\/www.public.sn\/index.php\/2023\/03\/03\/trafic-de-personnes-et-proxenetisme-deux-filles-arrete-a-saly\/","og_locale":"fr_FR","og_type":"article","og_title":"Trafic de personnes et prox\u00e9n\u00e9tisme : deux filles arr\u00eat\u00e9es \u00e0 Saly - LE PUBLIC","og_description":"Deux femmes originaires du Nigeria ont \u00e9t\u00e9 arr\u00eat\u00e9es r\u00e9cemment par la police de Saly pour leur implication pr\u00e9sum\u00e9e dans des affaires de trafic de personnes et de prox\u00e9n\u00e9tisme, apr\u00e8s qu\u2019une ressortissante nig\u00e9riane, AE, les ait d\u00e9nonc\u00e9es. Cette derni\u00e8re avait \u00e9t\u00e9 mise en contact avec les deux femmes par une autre ressortissante nig\u00e9riane vivant au S\u00e9n\u00e9gal, ON, qui lui avait aid\u00e9 \u00e0 se rendre dans le pays en lui fournissant un passeport. Une fois sur place, ON avait pr\u00e9sent\u00e9 AE \u00e0 sa complice, OC, qui l\u2019avait inform\u00e9e que son travail r\u00e9el consisterait \u00e0 se prostituer et \u00e0 leur verser une partie de ses gains. Apr\u00e8s avoir d\u00e9couvert qu\u2019elle \u00e9tait atteinte du virus du sida, la victime a r\u00e9ussi \u00e0 s\u2019\u00e9chapper. Les deux femmes impliqu\u00e9es ont \u00e9t\u00e9 arr\u00eat\u00e9es pour trafic de personnes et prox\u00e9n\u00e9tisme par la police de Saly apr\u00e8s une recherche minutieuse men\u00e9e dans une maison construite en pleine brousse entre Saly et Gandigal &nbsp;","og_url":"https:\/\/www.public.sn\/index.php\/2023\/03\/03\/trafic-de-personnes-et-proxenetisme-deux-filles-arrete-a-saly\/","og_site_name":"LE PUBLIC","article_published_time":"2023-03-03T10:01:00+00:00","article_modified_time":"2023-03-03T10:16:47+00:00","og_image":[{"width":290,"height":174,"url":"https:\/\/www.public.sn\/wp-content\/uploads\/2023\/03\/748E0995-4A95-479F-860F-DC40AE93802F.png","type":"image\/png"}],"author":"LA REDACTION","twitter_card":"summary_large_image","twitter_misc":{"\u00c9crit par":"LA REDACTION","Dur\u00e9e de lecture estim\u00e9e":"1 minute"},"schema":{"@context":"https:\/\/schema.org","@graph":[{"@type":"Article","@id":"https:\/\/www.public.sn\/index.php\/2023\/03\/03\/trafic-de-personnes-et-proxenetisme-deux-filles-arrete-a-saly\/#article","isPartOf":{"@id":"https:\/\/www.public.sn\/index.php\/2023\/03\/03\/trafic-de-personnes-et-proxenetisme-deux-filles-arrete-a-saly\/"},"author":{"name":"LA REDACTION","@id":"https:\/\/www.public.sn\/#\/schema\/person\/cb76c8e1b8becc6be61fb5e92d6d0224"},"headline":"Trafic de personnes et prox\u00e9n\u00e9tisme : deux filles arr\u00eat\u00e9es \u00e0 Saly","datePublished":"2023-03-03T10:01:00+00:00","dateModified":"2023-03-03T10:16:47+00:00","mainEntityOfPage":{"@id":"https:\/\/www.public.sn\/index.php\/2023\/03\/03\/trafic-de-personnes-et-proxenetisme-deux-filles-arrete-a-saly\/"},"wordCount":194,"commentCount":0,"publisher":{"@id":"https:\/\/www.public.sn\/#organization"},"image":{"@id":"https:\/\/www.public.sn\/index.php\/2023\/03\/03\/trafic-de-personnes-et-proxenetisme-deux-filles-arrete-a-saly\/#primaryimage"},"thumbnailUrl":"https:\/\/www.public.sn\/wp-content\/uploads\/2023\/03\/748E0995-4A95-479F-860F-DC40AE93802F.png","keywords":["Nig\u00e9rienne","prostitution","prox\u00e9n\u00e9tisme;","Saly","Trafic de personnes"],"articleSection":["ACTUALIT\u00c9S","AFRIQUE &amp; MONDE","FAITS DIVERS","justice","SANT\u00c9","S\u00c9CURIT\u00c9 &amp; JUSTICE","S\u00c9N\u00c9GAL","SOCIETE"],"inLanguage":"fr-FR","potentialAction":[{"@type":"CommentAction","name":"Comment","target":["https:\/\/www.public.sn\/index.php\/2023\/03\/03\/trafic-de-personnes-et-proxenetisme-deux-filles-arrete-a-saly\/#respond"]}]},{"@type":"WebPage","@id":"https:\/\/www.public.sn\/index.php\/2023\/03\/03\/trafic-de-personnes-et-proxenetisme-deux-filles-arrete-a-saly\/","url":"https:\/\/www.public.sn\/index.php\/2023\/03\/03\/trafic-de-personnes-et-proxenetisme-deux-filles-arrete-a-saly\/","name":"Trafic de personnes et prox\u00e9n\u00e9tisme : deux filles arr\u00eat\u00e9es \u00e0 Saly - LE PUBLIC","isPartOf":{"@id":"https:\/\/www.public.sn\/#website"},"primaryImageOfPage":{"@id":"https:\/\/www.public.sn\/index.php\/2023\/03\/03\/trafic-de-personnes-et-proxenetisme-deux-filles-arrete-a-saly\/#primaryimage"},"image":{"@id":"https:\/\/www.public.sn\/index.php\/2023\/03\/03\/trafic-de-personnes-et-proxenetisme-deux-filles-arrete-a-saly\/#primaryimage"},"thumbnailUrl":"https:\/\/www.public.sn\/wp-content\/uploads\/2023\/03\/748E0995-4A95-479F-860F-DC40AE93802F.png","datePublished":"2023-03-03T10:01:00+00:00","dateModified":"2023-03-03T10:16:47+00:00","breadcrumb":{"@id":"https:\/\/www.public.sn\/index.php\/2023\/03\/03\/trafic-de-personnes-et-proxenetisme-deux-filles-arrete-a-saly\/#breadcrumb"},"inLanguage":"fr-FR","potentialAction":[{"@type":"ReadAction","target":["https:\/\/www.public.sn\/index.php\/2023\/03\/03\/trafic-de-personnes-et-proxenetisme-deux-filles-arrete-a-saly\/"]}]},{"@type":"ImageObject","inLanguage":"fr-FR","@id":"https:\/\/www.public.sn\/index.php\/2023\/03\/03\/trafic-de-personnes-et-proxenetisme-deux-filles-arrete-a-saly\/#primaryimage","url":"https:\/\/www.public.sn\/wp-content\/uploads\/2023\/03\/748E0995-4A95-479F-860F-DC40AE93802F.png","contentUrl":"https:\/\/www.public.sn\/wp-content\/uploads\/2023\/03\/748E0995-4A95-479F-860F-DC40AE93802F.png","width":290,"height":174},{"@type":"BreadcrumbList","@id":"https:\/\/www.public.sn\/index.php\/2023\/03\/03\/trafic-de-personnes-et-proxenetisme-deux-filles-arrete-a-saly\/#breadcrumb","itemListElement":[{"@type":"ListItem","position":1,"name":"Accueil","item":"https:\/\/www.public.sn\/"},{"@type":"ListItem","position":2,"name":"Trafic de personnes et prox\u00e9n\u00e9tisme : deux filles arr\u00eat\u00e9es \u00e0 Saly"}]},{"@type":"WebSite","@id":"https:\/\/www.public.sn\/#website","url":"https:\/\/www.public.sn\/","name":"LE PUBLIC","description":"","publisher":{"@id":"https:\/\/www.public.sn\/#organization"},"potentialAction":[{"@type":"SearchAction","target":{"@type":"EntryPoint","urlTemplate":"https:\/\/www.public.sn\/?s={search_term_string}"},"query-input":{"@type":"PropertyValueSpecification","valueRequired":true,"valueName":"search_term_string"}}],"inLanguage":"fr-FR"},{"@type":"Organization","@id":"https:\/\/www.public.sn\/#organization","name":"LE PUBLIC","url":"https:\/\/www.public.sn\/","logo":{"@type":"ImageObject","inLanguage":"fr-FR","@id":"https:\/\/www.public.sn\/#\/schema\/logo\/image\/","url":"https:\/\/www.public.sn\/wp-content\/uploads\/2024\/05\/cropped-LOGO-PUBLIC.SN_.png","contentUrl":"https:\/\/www.public.sn\/wp-content\/uploads\/2024\/05\/cropped-LOGO-PUBLIC.SN_.png","width":682,"height":192,"caption":"LE PUBLIC"},"image":{"@id":"https:\/\/www.public.sn\/#\/schema\/logo\/image\/"}},{"@type":"Person","@id":"https:\/\/www.public.sn\/#\/schema\/person\/cb76c8e1b8becc6be61fb5e92d6d0224","name":"LA REDACTION","image":{"@type":"ImageObject","inLanguage":"fr-FR","@id":"https:\/\/www.public.sn\/#\/schema\/person\/image\/","url":"https:\/\/secure.gravatar.com\/avatar\/2dce5ddd34b8fef0180efe03aa2a9bee7d953856048f9a16b298190a3178407c?s=96&d=mm&r=g","contentUrl":"https:\/\/secure.gravatar.com\/avatar\/2dce5ddd34b8fef0180efe03aa2a9bee7d953856048f9a16b298190a3178407c?s=96&d=mm&r=g","caption":"LA REDACTION"},"url":"https:\/\/www.public.sn\/index.php\/author\/editeurpsn\/"}]}},"jetpack_featured_media_url":"https:\/\/www.public.sn\/wp-content\/uploads\/2023\/03\/748E0995-4A95-479F-860F-DC40AE93802F.png","jetpack_sharing_enabled":true,"_links":{"self":[{"href":"https:\/\/www.public.sn\/index.php\/wp-json\/wp\/v2\/posts\/16909","targetHints":{"allow":["GET"]}}],"collection":[{"href":"https:\/\/www.public.sn\/index.php\/wp-json\/wp\/v2\/posts"}],"about":[{"href":"https:\/\/www.public.sn\/index.php\/wp-json\/wp\/v2\/types\/post"}],"author":[{"embeddable":true,"href":"https:\/\/www.public.sn\/index.php\/wp-json\/wp\/v2\/users\/7"}],"replies":[{"embeddable":true,"href":"https:\/\/www.public.sn\/index.php\/wp-json\/wp\/v2\/comments?post=16909"}],"version-history":[{"count":2,"href":"https:\/\/www.public.sn\/index.php\/wp-json\/wp\/v2\/posts\/16909\/revisions"}],"predecessor-version":[{"id":16918,"href":"https:\/\/www.public.sn\/index.php\/wp-json\/wp\/v2\/posts\/16909\/revisions\/16918"}],"wp:featuredmedia":[{"embeddable":true,"href":"https:\/\/www.public.sn\/index.php\/wp-json\/wp\/v2\/media\/16912"}],"wp:attachment":[{"href":"https:\/\/www.public.sn\/index.php\/wp-json\/wp\/v2\/media?parent=16909"}],"wp:term":[{"taxonomy":"category","embeddable":true,"href":"https:\/\/www.public.sn\/index.php\/wp-json\/wp\/v2\/categories?post=16909"},{"taxonomy":"post_tag","embeddable":true,"href":"https:\/\/www.public.sn\/index.php\/wp-json\/wp\/v2\/tags?post=16909"}],"curies":[{"name":"wp","href":"https:\/\/api.w.org\/{rel}","templated":true}]}}