{"id":17083,"date":"2023-03-04T23:57:56","date_gmt":"2023-03-04T23:57:56","guid":{"rendered":"https:\/\/www.public.sn\/?p=17083"},"modified":"2023-03-04T23:57:56","modified_gmt":"2023-03-04T23:57:56","slug":"lespagne-veut-recruter-100-migrants-senegalaispour-ses-fermes","status":"publish","type":"post","link":"https:\/\/www.public.sn\/index.php\/2023\/03\/04\/lespagne-veut-recruter-100-migrants-senegalaispour-ses-fermes\/","title":{"rendered":"L\u2019Espagne veut recruter 100 migrants s\u00e9n\u00e9galais\u2026pour ses fermes"},"content":{"rendered":"<p><strong>L\u2019Espagne \u00e9tend un programme dit de migration circulaire au S\u00e9n\u00e9gal. Il veut faire venir au moins 100 personnes du S\u00e9n\u00e9gal pour travailler dans ses fermes pendant la saison des r\u00e9coltes, relate Rewmi. Le programme, qui doit d\u00e9marrer en avril, vise \u00e0 reproduire le succ\u00e8s d\u2019un programme de migration circulaire de 22 ans avec le Maroc. Programme dans lequel, environ 15 000 travailleurs saisonniers sont amen\u00e9s \u00e0 travailler chaque ann\u00e9e dans le secteur agricole espagnol pendant une dur\u00e9e limit\u00e9e avant de rentrer chez eux.<\/strong><\/p><div class=\"publi-paragraphe1\" style=\"margin-top: 10px;margin-bottom: 10px;margin-left: auto;margin-right: auto;text-align: center;\" id=\"publi-3481965157\"><div class=\"publi-adlabel\">Publicit\u00e9<\/div><script async src=\"\/\/pagead2.googlesyndication.com\/pagead\/js\/adsbygoogle.js?client=ca-pub-4089586018074219\" crossorigin=\"anonymous\"><\/script><ins class=\"adsbygoogle\" style=\"display:block;\" data-ad-client=\"ca-pub-4089586018074219\" \ndata-ad-slot=\"2087940154\" \ndata-ad-format=\"auto\"><\/ins>\n<script> \n(adsbygoogle = window.adsbygoogle || []).push({}); \n<\/script>\n<\/div>\n<p>Selon Reuters, le plan s\u00e9n\u00e9galais fait suite \u00e0 un programme pilote avec le Honduras qui a fait venir 250 travailleurs en 2022. Cette ann\u00e9e, jusqu\u2019\u00e0 415 travailleurs honduriens et 102 \u00e9quatoriens sont venus cueillir des baies, restant en moyenne cinq mois.<\/p>\n<div class=\"nty nty-post-middle nty-float-center nty-align-center nty-column-1 nty-clearfix no-bg-box-model\">\n<div id=\"nty-3576-990025991\" class=\"nty-container nty-type-code \" data-adid=\"3576\" data-type=\"code\">\n<div id=\"nty-3576-990025991-place\"><ins class=\"adsbygoogle\" data-ad-client=\"ca-pub-9473846353102696\" data-ad-slot=\"4242883252\" data-ad-layout=\"in-article\" data-ad-format=\"fluid\" data-adsbygoogle-status=\"done\" data-ad-status=\"unfilled\"><\/p>\n<div id=\"aswift_4_host\" tabindex=\"0\" title=\"Advertisement\" aria-label=\"Advertisement\"><\/div>\n<p><\/ins><\/div>\n<\/div>\n<\/div>\n<p>L\u2019Espagne est aux prises avec une immigration clandestine provenant du S\u00e9n\u00e9gal depuis des d\u00e9cennies. En 2006, l\u2019arriv\u00e9e de plus de 30 000 migrants s\u00e9n\u00e9galais aux \u00eeles Canaries a \u00e9t\u00e9 r\u00e9solue par un accord de vigilance accrue de la police des fronti\u00e8res de l\u2019UE sur les bateaux quittant Dakar en \u00e9change d\u2019une aide et d\u2019un engagement \u00e0 accueillir des travailleurs l\u00e9gaux.<\/p>\n<p>Le programme a eu ses probl\u00e8mes de d\u00e9marrage. Un projet pilote en 2019 a \u00e9chou\u00e9 apr\u00e8s que seulement 18 travailleurs s\u00e9n\u00e9galais sur 47 soient rentr\u00e9s chez eux.<\/p>\n<div class=\"publi-apres-le-contenu\" style=\"margin-top: 10px;margin-bottom: 10px;margin-left: auto;margin-right: auto;text-align: center;\" id=\"publi-363192498\"><div class=\"publi-adlabel\">Publicit\u00e9<\/div><script async src=\"\/\/pagead2.googlesyndication.com\/pagead\/js\/adsbygoogle.js?client=ca-pub-4089586018074219\" crossorigin=\"anonymous\"><\/script><ins class=\"adsbygoogle\" style=\"display:block;\" data-ad-client=\"ca-pub-4089586018074219\" \ndata-ad-slot=\"2087940154\" \ndata-ad-format=\"auto\"><\/ins>\n<script> \n(adsbygoogle = window.adsbygoogle || []).push({}); \n<\/script>\n<\/div>","protected":false},"excerpt":{"rendered":"<p>L\u2019Espagne \u00e9tend un programme dit de migration circulaire au S\u00e9n\u00e9gal. Il veut faire venir au moins 100 personnes du S\u00e9n\u00e9gal pour travailler dans ses fermes pendant la saison des r\u00e9coltes, relate Rewmi. Le programme, qui doit d\u00e9marrer en avril, vise \u00e0 reproduire le succ\u00e8s d\u2019un programme de migration circulaire de 22 ans avec le Maroc. Programme dans lequel, environ 15 000 travailleurs saisonniers sont amen\u00e9s \u00e0 travailler chaque ann\u00e9e dans le secteur agricole espagnol pendant une dur\u00e9e limit\u00e9e avant de rentrer chez eux. Selon Reuters, le plan s\u00e9n\u00e9galais fait suite \u00e0 un programme pilote avec le Honduras qui a fait venir 250 travailleurs en 2022. Cette ann\u00e9e, jusqu\u2019\u00e0 415 travailleurs honduriens et 102 \u00e9quatoriens sont venus cueillir des baies, restant en moyenne cinq mois. L\u2019Espagne est aux prises avec une immigration clandestine provenant du S\u00e9n\u00e9gal depuis des d\u00e9cennies. En 2006, l\u2019arriv\u00e9e de plus de 30 000 migrants s\u00e9n\u00e9galais aux \u00eeles Canaries a \u00e9t\u00e9 r\u00e9solue par un accord de vigilance accrue de la police des fronti\u00e8res de l\u2019UE sur les bateaux quittant Dakar en \u00e9change d\u2019une aide et d\u2019un engagement \u00e0 accueillir des travailleurs l\u00e9gaux. Le programme a eu ses probl\u00e8mes de d\u00e9marrage. Un projet pilote en 2019 a \u00e9chou\u00e9 apr\u00e8s que seulement 18 travailleurs s\u00e9n\u00e9galais sur 47 soient rentr\u00e9s chez eux.<\/p>\n","protected":false},"author":7,"featured_media":17084,"comment_status":"open","ping_status":"open","sticky":false,"template":"","format":"standard","meta":{"_jetpack_memberships_contains_paid_content":false,"footnotes":""},"categories":[375,550,3728,602,1,4],"tags":[1162,4640,1869,766],"class_list":["post-17083","post","type-post","status-publish","format-standard","has-post-thumbnail","hentry","category-actualites","category-afrique-monde","category-internationale","category-partenaires","category-non-classe","category-societe","tag-espagne","tag-migrants-senegalais","tag-recrutement","tag-senegal","entry","has-media","owp-thumbs-layout-horizontal","owp-btn-normal","owp-tabs-layout-horizontal","has-no-thumbnails","has-product-nav"],"yoast_head":"<!-- This site is optimized with the Yoast SEO plugin v25.5 - https:\/\/yoast.com\/wordpress\/plugins\/seo\/ -->\n<title>L\u2019Espagne veut recruter 100 migrants s\u00e9n\u00e9galais\u2026pour ses fermes - LE PUBLIC<\/title>\n<meta name=\"robots\" content=\"index, follow, max-snippet:-1, max-image-preview:large, max-video-preview:-1\" \/>\n<link rel=\"canonical\" href=\"https:\/\/www.public.sn\/index.php\/2023\/03\/04\/lespagne-veut-recruter-100-migrants-senegalaispour-ses-fermes\/\" \/>\n<meta property=\"og:locale\" content=\"fr_FR\" \/>\n<meta property=\"og:type\" content=\"article\" \/>\n<meta property=\"og:title\" content=\"L\u2019Espagne veut recruter 100 migrants s\u00e9n\u00e9galais\u2026pour ses fermes - LE PUBLIC\" \/>\n<meta property=\"og:description\" content=\"L\u2019Espagne \u00e9tend un programme dit de migration circulaire au S\u00e9n\u00e9gal. Il veut faire venir au moins 100 personnes du S\u00e9n\u00e9gal pour travailler dans ses fermes pendant la saison des r\u00e9coltes, relate Rewmi. Le programme, qui doit d\u00e9marrer en avril, vise \u00e0 reproduire le succ\u00e8s d\u2019un programme de migration circulaire de 22 ans avec le Maroc. Programme dans lequel, environ 15 000 travailleurs saisonniers sont amen\u00e9s \u00e0 travailler chaque ann\u00e9e dans le secteur agricole espagnol pendant une dur\u00e9e limit\u00e9e avant de rentrer chez eux. Selon Reuters, le plan s\u00e9n\u00e9galais fait suite \u00e0 un programme pilote avec le Honduras qui a fait venir 250 travailleurs en 2022. Cette ann\u00e9e, jusqu\u2019\u00e0 415 travailleurs honduriens et 102 \u00e9quatoriens sont venus cueillir des baies, restant en moyenne cinq mois. L\u2019Espagne est aux prises avec une immigration clandestine provenant du S\u00e9n\u00e9gal depuis des d\u00e9cennies. En 2006, l\u2019arriv\u00e9e de plus de 30 000 migrants s\u00e9n\u00e9galais aux \u00eeles Canaries a \u00e9t\u00e9 r\u00e9solue par un accord de vigilance accrue de la police des fronti\u00e8res de l\u2019UE sur les bateaux quittant Dakar en \u00e9change d\u2019une aide et d\u2019un engagement \u00e0 accueillir des travailleurs l\u00e9gaux. Le programme a eu ses probl\u00e8mes de d\u00e9marrage. Un projet pilote en 2019 a \u00e9chou\u00e9 apr\u00e8s que seulement 18 travailleurs s\u00e9n\u00e9galais sur 47 soient rentr\u00e9s chez eux.\" \/>\n<meta property=\"og:url\" content=\"https:\/\/www.public.sn\/index.php\/2023\/03\/04\/lespagne-veut-recruter-100-migrants-senegalaispour-ses-fermes\/\" \/>\n<meta property=\"og:site_name\" content=\"LE PUBLIC\" \/>\n<meta property=\"article:published_time\" content=\"2023-03-04T23:57:56+00:00\" \/>\n<meta property=\"og:image\" content=\"https:\/\/www.public.sn\/wp-content\/uploads\/2023\/03\/recrutement-migrant-senegal.jpg\" \/>\n\t<meta property=\"og:image:width\" content=\"696\" \/>\n\t<meta property=\"og:image:height\" content=\"478\" \/>\n\t<meta property=\"og:image:type\" content=\"image\/jpeg\" \/>\n<meta name=\"author\" content=\"LA REDACTION\" \/>\n<meta name=\"twitter:card\" content=\"summary_large_image\" \/>\n<meta name=\"twitter:label1\" content=\"\u00c9crit par\" \/>\n\t<meta name=\"twitter:data1\" content=\"LA REDACTION\" \/>\n\t<meta name=\"twitter:label2\" content=\"Dur\u00e9e de lecture estim\u00e9e\" \/>\n\t<meta name=\"twitter:data2\" content=\"2 minutes\" \/>\n<script type=\"application\/ld+json\" class=\"yoast-schema-graph\">{\"@context\":\"https:\/\/schema.org\",\"@graph\":[{\"@type\":\"Article\",\"@id\":\"https:\/\/www.public.sn\/index.php\/2023\/03\/04\/lespagne-veut-recruter-100-migrants-senegalaispour-ses-fermes\/#article\",\"isPartOf\":{\"@id\":\"https:\/\/www.public.sn\/index.php\/2023\/03\/04\/lespagne-veut-recruter-100-migrants-senegalaispour-ses-fermes\/\"},\"author\":{\"name\":\"LA REDACTION\",\"@id\":\"https:\/\/www.public.sn\/#\/schema\/person\/cb76c8e1b8becc6be61fb5e92d6d0224\"},\"headline\":\"L\u2019Espagne veut recruter 100 migrants s\u00e9n\u00e9galais\u2026pour ses fermes\",\"datePublished\":\"2023-03-04T23:57:56+00:00\",\"mainEntityOfPage\":{\"@id\":\"https:\/\/www.public.sn\/index.php\/2023\/03\/04\/lespagne-veut-recruter-100-migrants-senegalaispour-ses-fermes\/\"},\"wordCount\":240,\"commentCount\":0,\"publisher\":{\"@id\":\"https:\/\/www.public.sn\/#organization\"},\"image\":{\"@id\":\"https:\/\/www.public.sn\/index.php\/2023\/03\/04\/lespagne-veut-recruter-100-migrants-senegalaispour-ses-fermes\/#primaryimage\"},\"thumbnailUrl\":\"https:\/\/www.public.sn\/wp-content\/uploads\/2023\/03\/recrutement-migrant-senegal.jpg\",\"keywords\":[\"espagne\",\"migrants s\u00e9n\u00e9galais\",\"recrutement\",\"S\u00e9n\u00e9gal\"],\"articleSection\":[\"ACTUALIT\u00c9S\",\"AFRIQUE &amp; MONDE\",\"internationale\",\"PARTENAIRES\",\"S\u00c9N\u00c9GAL\",\"SOCIETE\"],\"inLanguage\":\"fr-FR\",\"potentialAction\":[{\"@type\":\"CommentAction\",\"name\":\"Comment\",\"target\":[\"https:\/\/www.public.sn\/index.php\/2023\/03\/04\/lespagne-veut-recruter-100-migrants-senegalaispour-ses-fermes\/#respond\"]}]},{\"@type\":\"WebPage\",\"@id\":\"https:\/\/www.public.sn\/index.php\/2023\/03\/04\/lespagne-veut-recruter-100-migrants-senegalaispour-ses-fermes\/\",\"url\":\"https:\/\/www.public.sn\/index.php\/2023\/03\/04\/lespagne-veut-recruter-100-migrants-senegalaispour-ses-fermes\/\",\"name\":\"L\u2019Espagne veut recruter 100 migrants s\u00e9n\u00e9galais\u2026pour ses fermes - LE PUBLIC\",\"isPartOf\":{\"@id\":\"https:\/\/www.public.sn\/#website\"},\"primaryImageOfPage\":{\"@id\":\"https:\/\/www.public.sn\/index.php\/2023\/03\/04\/lespagne-veut-recruter-100-migrants-senegalaispour-ses-fermes\/#primaryimage\"},\"image\":{\"@id\":\"https:\/\/www.public.sn\/index.php\/2023\/03\/04\/lespagne-veut-recruter-100-migrants-senegalaispour-ses-fermes\/#primaryimage\"},\"thumbnailUrl\":\"https:\/\/www.public.sn\/wp-content\/uploads\/2023\/03\/recrutement-migrant-senegal.jpg\",\"datePublished\":\"2023-03-04T23:57:56+00:00\",\"breadcrumb\":{\"@id\":\"https:\/\/www.public.sn\/index.php\/2023\/03\/04\/lespagne-veut-recruter-100-migrants-senegalaispour-ses-fermes\/#breadcrumb\"},\"inLanguage\":\"fr-FR\",\"potentialAction\":[{\"@type\":\"ReadAction\",\"target\":[\"https:\/\/www.public.sn\/index.php\/2023\/03\/04\/lespagne-veut-recruter-100-migrants-senegalaispour-ses-fermes\/\"]}]},{\"@type\":\"ImageObject\",\"inLanguage\":\"fr-FR\",\"@id\":\"https:\/\/www.public.sn\/index.php\/2023\/03\/04\/lespagne-veut-recruter-100-migrants-senegalaispour-ses-fermes\/#primaryimage\",\"url\":\"https:\/\/www.public.sn\/wp-content\/uploads\/2023\/03\/recrutement-migrant-senegal.jpg\",\"contentUrl\":\"https:\/\/www.public.sn\/wp-content\/uploads\/2023\/03\/recrutement-migrant-senegal.jpg\",\"width\":696,\"height\":478},{\"@type\":\"BreadcrumbList\",\"@id\":\"https:\/\/www.public.sn\/index.php\/2023\/03\/04\/lespagne-veut-recruter-100-migrants-senegalaispour-ses-fermes\/#breadcrumb\",\"itemListElement\":[{\"@type\":\"ListItem\",\"position\":1,\"name\":\"Accueil\",\"item\":\"https:\/\/www.public.sn\/\"},{\"@type\":\"ListItem\",\"position\":2,\"name\":\"L\u2019Espagne veut recruter 100 migrants s\u00e9n\u00e9galais\u2026pour ses fermes\"}]},{\"@type\":\"WebSite\",\"@id\":\"https:\/\/www.public.sn\/#website\",\"url\":\"https:\/\/www.public.sn\/\",\"name\":\"LE PUBLIC\",\"description\":\"\",\"publisher\":{\"@id\":\"https:\/\/www.public.sn\/#organization\"},\"potentialAction\":[{\"@type\":\"SearchAction\",\"target\":{\"@type\":\"EntryPoint\",\"urlTemplate\":\"https:\/\/www.public.sn\/?s={search_term_string}\"},\"query-input\":{\"@type\":\"PropertyValueSpecification\",\"valueRequired\":true,\"valueName\":\"search_term_string\"}}],\"inLanguage\":\"fr-FR\"},{\"@type\":\"Organization\",\"@id\":\"https:\/\/www.public.sn\/#organization\",\"name\":\"LE PUBLIC\",\"url\":\"https:\/\/www.public.sn\/\",\"logo\":{\"@type\":\"ImageObject\",\"inLanguage\":\"fr-FR\",\"@id\":\"https:\/\/www.public.sn\/#\/schema\/logo\/image\/\",\"url\":\"https:\/\/www.public.sn\/wp-content\/uploads\/2024\/05\/cropped-LOGO-PUBLIC.SN_.png\",\"contentUrl\":\"https:\/\/www.public.sn\/wp-content\/uploads\/2024\/05\/cropped-LOGO-PUBLIC.SN_.png\",\"width\":682,\"height\":192,\"caption\":\"LE PUBLIC\"},\"image\":{\"@id\":\"https:\/\/www.public.sn\/#\/schema\/logo\/image\/\"}},{\"@type\":\"Person\",\"@id\":\"https:\/\/www.public.sn\/#\/schema\/person\/cb76c8e1b8becc6be61fb5e92d6d0224\",\"name\":\"LA REDACTION\",\"image\":{\"@type\":\"ImageObject\",\"inLanguage\":\"fr-FR\",\"@id\":\"https:\/\/www.public.sn\/#\/schema\/person\/image\/\",\"url\":\"https:\/\/secure.gravatar.com\/avatar\/2dce5ddd34b8fef0180efe03aa2a9bee7d953856048f9a16b298190a3178407c?s=96&d=mm&r=g\",\"contentUrl\":\"https:\/\/secure.gravatar.com\/avatar\/2dce5ddd34b8fef0180efe03aa2a9bee7d953856048f9a16b298190a3178407c?s=96&d=mm&r=g\",\"caption\":\"LA REDACTION\"},\"url\":\"https:\/\/www.public.sn\/index.php\/author\/editeurpsn\/\"}]}<\/script>\n<!-- \/ Yoast SEO plugin. -->","yoast_head_json":{"title":"L\u2019Espagne veut recruter 100 migrants s\u00e9n\u00e9galais\u2026pour ses fermes - LE PUBLIC","robots":{"index":"index","follow":"follow","max-snippet":"max-snippet:-1","max-image-preview":"max-image-preview:large","max-video-preview":"max-video-preview:-1"},"canonical":"https:\/\/www.public.sn\/index.php\/2023\/03\/04\/lespagne-veut-recruter-100-migrants-senegalaispour-ses-fermes\/","og_locale":"fr_FR","og_type":"article","og_title":"L\u2019Espagne veut recruter 100 migrants s\u00e9n\u00e9galais\u2026pour ses fermes - LE PUBLIC","og_description":"L\u2019Espagne \u00e9tend un programme dit de migration circulaire au S\u00e9n\u00e9gal. Il veut faire venir au moins 100 personnes du S\u00e9n\u00e9gal pour travailler dans ses fermes pendant la saison des r\u00e9coltes, relate Rewmi. Le programme, qui doit d\u00e9marrer en avril, vise \u00e0 reproduire le succ\u00e8s d\u2019un programme de migration circulaire de 22 ans avec le Maroc. Programme dans lequel, environ 15 000 travailleurs saisonniers sont amen\u00e9s \u00e0 travailler chaque ann\u00e9e dans le secteur agricole espagnol pendant une dur\u00e9e limit\u00e9e avant de rentrer chez eux. Selon Reuters, le plan s\u00e9n\u00e9galais fait suite \u00e0 un programme pilote avec le Honduras qui a fait venir 250 travailleurs en 2022. Cette ann\u00e9e, jusqu\u2019\u00e0 415 travailleurs honduriens et 102 \u00e9quatoriens sont venus cueillir des baies, restant en moyenne cinq mois. L\u2019Espagne est aux prises avec une immigration clandestine provenant du S\u00e9n\u00e9gal depuis des d\u00e9cennies. En 2006, l\u2019arriv\u00e9e de plus de 30 000 migrants s\u00e9n\u00e9galais aux \u00eeles Canaries a \u00e9t\u00e9 r\u00e9solue par un accord de vigilance accrue de la police des fronti\u00e8res de l\u2019UE sur les bateaux quittant Dakar en \u00e9change d\u2019une aide et d\u2019un engagement \u00e0 accueillir des travailleurs l\u00e9gaux. Le programme a eu ses probl\u00e8mes de d\u00e9marrage. Un projet pilote en 2019 a \u00e9chou\u00e9 apr\u00e8s que seulement 18 travailleurs s\u00e9n\u00e9galais sur 47 soient rentr\u00e9s chez eux.","og_url":"https:\/\/www.public.sn\/index.php\/2023\/03\/04\/lespagne-veut-recruter-100-migrants-senegalaispour-ses-fermes\/","og_site_name":"LE PUBLIC","article_published_time":"2023-03-04T23:57:56+00:00","og_image":[{"width":696,"height":478,"url":"https:\/\/www.public.sn\/wp-content\/uploads\/2023\/03\/recrutement-migrant-senegal.jpg","type":"image\/jpeg"}],"author":"LA REDACTION","twitter_card":"summary_large_image","twitter_misc":{"\u00c9crit par":"LA REDACTION","Dur\u00e9e de lecture estim\u00e9e":"2 minutes"},"schema":{"@context":"https:\/\/schema.org","@graph":[{"@type":"Article","@id":"https:\/\/www.public.sn\/index.php\/2023\/03\/04\/lespagne-veut-recruter-100-migrants-senegalaispour-ses-fermes\/#article","isPartOf":{"@id":"https:\/\/www.public.sn\/index.php\/2023\/03\/04\/lespagne-veut-recruter-100-migrants-senegalaispour-ses-fermes\/"},"author":{"name":"LA REDACTION","@id":"https:\/\/www.public.sn\/#\/schema\/person\/cb76c8e1b8becc6be61fb5e92d6d0224"},"headline":"L\u2019Espagne veut recruter 100 migrants s\u00e9n\u00e9galais\u2026pour ses fermes","datePublished":"2023-03-04T23:57:56+00:00","mainEntityOfPage":{"@id":"https:\/\/www.public.sn\/index.php\/2023\/03\/04\/lespagne-veut-recruter-100-migrants-senegalaispour-ses-fermes\/"},"wordCount":240,"commentCount":0,"publisher":{"@id":"https:\/\/www.public.sn\/#organization"},"image":{"@id":"https:\/\/www.public.sn\/index.php\/2023\/03\/04\/lespagne-veut-recruter-100-migrants-senegalaispour-ses-fermes\/#primaryimage"},"thumbnailUrl":"https:\/\/www.public.sn\/wp-content\/uploads\/2023\/03\/recrutement-migrant-senegal.jpg","keywords":["espagne","migrants s\u00e9n\u00e9galais","recrutement","S\u00e9n\u00e9gal"],"articleSection":["ACTUALIT\u00c9S","AFRIQUE &amp; MONDE","internationale","PARTENAIRES","S\u00c9N\u00c9GAL","SOCIETE"],"inLanguage":"fr-FR","potentialAction":[{"@type":"CommentAction","name":"Comment","target":["https:\/\/www.public.sn\/index.php\/2023\/03\/04\/lespagne-veut-recruter-100-migrants-senegalaispour-ses-fermes\/#respond"]}]},{"@type":"WebPage","@id":"https:\/\/www.public.sn\/index.php\/2023\/03\/04\/lespagne-veut-recruter-100-migrants-senegalaispour-ses-fermes\/","url":"https:\/\/www.public.sn\/index.php\/2023\/03\/04\/lespagne-veut-recruter-100-migrants-senegalaispour-ses-fermes\/","name":"L\u2019Espagne veut recruter 100 migrants s\u00e9n\u00e9galais\u2026pour ses fermes - LE PUBLIC","isPartOf":{"@id":"https:\/\/www.public.sn\/#website"},"primaryImageOfPage":{"@id":"https:\/\/www.public.sn\/index.php\/2023\/03\/04\/lespagne-veut-recruter-100-migrants-senegalaispour-ses-fermes\/#primaryimage"},"image":{"@id":"https:\/\/www.public.sn\/index.php\/2023\/03\/04\/lespagne-veut-recruter-100-migrants-senegalaispour-ses-fermes\/#primaryimage"},"thumbnailUrl":"https:\/\/www.public.sn\/wp-content\/uploads\/2023\/03\/recrutement-migrant-senegal.jpg","datePublished":"2023-03-04T23:57:56+00:00","breadcrumb":{"@id":"https:\/\/www.public.sn\/index.php\/2023\/03\/04\/lespagne-veut-recruter-100-migrants-senegalaispour-ses-fermes\/#breadcrumb"},"inLanguage":"fr-FR","potentialAction":[{"@type":"ReadAction","target":["https:\/\/www.public.sn\/index.php\/2023\/03\/04\/lespagne-veut-recruter-100-migrants-senegalaispour-ses-fermes\/"]}]},{"@type":"ImageObject","inLanguage":"fr-FR","@id":"https:\/\/www.public.sn\/index.php\/2023\/03\/04\/lespagne-veut-recruter-100-migrants-senegalaispour-ses-fermes\/#primaryimage","url":"https:\/\/www.public.sn\/wp-content\/uploads\/2023\/03\/recrutement-migrant-senegal.jpg","contentUrl":"https:\/\/www.public.sn\/wp-content\/uploads\/2023\/03\/recrutement-migrant-senegal.jpg","width":696,"height":478},{"@type":"BreadcrumbList","@id":"https:\/\/www.public.sn\/index.php\/2023\/03\/04\/lespagne-veut-recruter-100-migrants-senegalaispour-ses-fermes\/#breadcrumb","itemListElement":[{"@type":"ListItem","position":1,"name":"Accueil","item":"https:\/\/www.public.sn\/"},{"@type":"ListItem","position":2,"name":"L\u2019Espagne veut recruter 100 migrants s\u00e9n\u00e9galais\u2026pour ses fermes"}]},{"@type":"WebSite","@id":"https:\/\/www.public.sn\/#website","url":"https:\/\/www.public.sn\/","name":"LE PUBLIC","description":"","publisher":{"@id":"https:\/\/www.public.sn\/#organization"},"potentialAction":[{"@type":"SearchAction","target":{"@type":"EntryPoint","urlTemplate":"https:\/\/www.public.sn\/?s={search_term_string}"},"query-input":{"@type":"PropertyValueSpecification","valueRequired":true,"valueName":"search_term_string"}}],"inLanguage":"fr-FR"},{"@type":"Organization","@id":"https:\/\/www.public.sn\/#organization","name":"LE PUBLIC","url":"https:\/\/www.public.sn\/","logo":{"@type":"ImageObject","inLanguage":"fr-FR","@id":"https:\/\/www.public.sn\/#\/schema\/logo\/image\/","url":"https:\/\/www.public.sn\/wp-content\/uploads\/2024\/05\/cropped-LOGO-PUBLIC.SN_.png","contentUrl":"https:\/\/www.public.sn\/wp-content\/uploads\/2024\/05\/cropped-LOGO-PUBLIC.SN_.png","width":682,"height":192,"caption":"LE PUBLIC"},"image":{"@id":"https:\/\/www.public.sn\/#\/schema\/logo\/image\/"}},{"@type":"Person","@id":"https:\/\/www.public.sn\/#\/schema\/person\/cb76c8e1b8becc6be61fb5e92d6d0224","name":"LA REDACTION","image":{"@type":"ImageObject","inLanguage":"fr-FR","@id":"https:\/\/www.public.sn\/#\/schema\/person\/image\/","url":"https:\/\/secure.gravatar.com\/avatar\/2dce5ddd34b8fef0180efe03aa2a9bee7d953856048f9a16b298190a3178407c?s=96&d=mm&r=g","contentUrl":"https:\/\/secure.gravatar.com\/avatar\/2dce5ddd34b8fef0180efe03aa2a9bee7d953856048f9a16b298190a3178407c?s=96&d=mm&r=g","caption":"LA REDACTION"},"url":"https:\/\/www.public.sn\/index.php\/author\/editeurpsn\/"}]}},"jetpack_featured_media_url":"https:\/\/www.public.sn\/wp-content\/uploads\/2023\/03\/recrutement-migrant-senegal.jpg","jetpack_sharing_enabled":true,"_links":{"self":[{"href":"https:\/\/www.public.sn\/index.php\/wp-json\/wp\/v2\/posts\/17083","targetHints":{"allow":["GET"]}}],"collection":[{"href":"https:\/\/www.public.sn\/index.php\/wp-json\/wp\/v2\/posts"}],"about":[{"href":"https:\/\/www.public.sn\/index.php\/wp-json\/wp\/v2\/types\/post"}],"author":[{"embeddable":true,"href":"https:\/\/www.public.sn\/index.php\/wp-json\/wp\/v2\/users\/7"}],"replies":[{"embeddable":true,"href":"https:\/\/www.public.sn\/index.php\/wp-json\/wp\/v2\/comments?post=17083"}],"version-history":[{"count":1,"href":"https:\/\/www.public.sn\/index.php\/wp-json\/wp\/v2\/posts\/17083\/revisions"}],"predecessor-version":[{"id":17085,"href":"https:\/\/www.public.sn\/index.php\/wp-json\/wp\/v2\/posts\/17083\/revisions\/17085"}],"wp:featuredmedia":[{"embeddable":true,"href":"https:\/\/www.public.sn\/index.php\/wp-json\/wp\/v2\/media\/17084"}],"wp:attachment":[{"href":"https:\/\/www.public.sn\/index.php\/wp-json\/wp\/v2\/media?parent=17083"}],"wp:term":[{"taxonomy":"category","embeddable":true,"href":"https:\/\/www.public.sn\/index.php\/wp-json\/wp\/v2\/categories?post=17083"},{"taxonomy":"post_tag","embeddable":true,"href":"https:\/\/www.public.sn\/index.php\/wp-json\/wp\/v2\/tags?post=17083"}],"curies":[{"name":"wp","href":"https:\/\/api.w.org\/{rel}","templated":true}]}}