{"id":17180,"date":"2023-03-05T10:51:47","date_gmt":"2023-03-05T10:51:47","guid":{"rendered":"https:\/\/www.public.sn\/?p=17180"},"modified":"2023-03-05T10:51:47","modified_gmt":"2023-03-05T10:51:47","slug":"thierno-ahmed-tidiane-ba-vous-avez-fait-mieux-que-vos-predecesseurs","status":"publish","type":"post","link":"https:\/\/www.public.sn\/index.php\/2023\/03\/05\/thierno-ahmed-tidiane-ba-vous-avez-fait-mieux-que-vos-predecesseurs\/","title":{"rendered":"Thierno Ahmed Tidiane B\u00e2 : \u00ab Vous avez fait mieux que vos pr\u00e9d\u00e9cesseurs! \u00bb"},"content":{"rendered":"<p><strong>Un \u00e9v\u00e9nement annuel pour rendre certes gr\u00e2ce \u00e0 Dieu, pour prier davantage, mais aussi, une occasion pour le Khalife Thierno Ahmed Tidiane B\u00e2 de remercier l\u2019\u00c9tat du S\u00e9n\u00e9gal pour avoir accompagn\u00e9 l\u2019organisation de cet \u00e9v\u00e9nement.<\/strong><\/p><div class=\"publi-paragraphe1\" style=\"margin-top: 10px;margin-bottom: 10px;margin-left: auto;margin-right: auto;text-align: center;\" id=\"publi-123765481\"><div class=\"publi-adlabel\">Publicit\u00e9<\/div><script async src=\"\/\/pagead2.googlesyndication.com\/pagead\/js\/adsbygoogle.js?client=ca-pub-4089586018074219\" crossorigin=\"anonymous\"><\/script><ins class=\"adsbygoogle\" style=\"display:block;\" data-ad-client=\"ca-pub-4089586018074219\" \ndata-ad-slot=\"2087940154\" \ndata-ad-format=\"auto\"><\/ins>\n<script> \n(adsbygoogle = window.adsbygoogle || []).push({}); \n<\/script>\n<\/div>\n<p>Le pr\u00e9sident Macky Sall, d\u2019apr\u00e8s le discours tenu par le Khalife, a fait mieux que ses pr\u00e9d\u00e9cesseurs \u00e0 la t\u00eate de l\u2019\u00c9tat. \u00ab Il faut rendre gr\u00e2ce \u00e0 Dieu qui a fait que vous ayez accompli beaucoup de choses dans ce pays. C\u2019est une chance pour vous \u00bb, a affirm\u00e9 Thierno Amadou Tidiane B\u00e2.<\/p>\n<p>Tout en reconnaissant le travail pr\u00e9sidentiel d\u00e9j\u00e0 fait par les r\u00e9gimes pr\u00e9c\u00e9dents, le Khalife prie pour un S\u00e9n\u00e9gal stable et paisible, comme il l\u2019a toujours \u00e9t\u00e9. Il formule \u00e9galement des pri\u00e8res pour le pr\u00e9sident de la R\u00e9publique du S\u00e9n\u00e9gal dans sa mission de mettre le pays sur les rampes du d\u00e9veloppement.<\/p>\n<p><strong>DAKARACTU<\/strong><\/p>\n<div class=\"publi-apres-le-contenu\" style=\"margin-top: 10px;margin-bottom: 10px;margin-left: auto;margin-right: auto;text-align: center;\" id=\"publi-2527378398\"><div class=\"publi-adlabel\">Publicit\u00e9<\/div><script async src=\"\/\/pagead2.googlesyndication.com\/pagead\/js\/adsbygoogle.js?client=ca-pub-4089586018074219\" crossorigin=\"anonymous\"><\/script><ins class=\"adsbygoogle\" style=\"display:block;\" data-ad-client=\"ca-pub-4089586018074219\" \ndata-ad-slot=\"2087940154\" \ndata-ad-format=\"auto\"><\/ins>\n<script> \n(adsbygoogle = window.adsbygoogle || []).push({}); \n<\/script>\n<\/div>","protected":false},"excerpt":{"rendered":"<p>Un \u00e9v\u00e9nement annuel pour rendre certes gr\u00e2ce \u00e0 Dieu, pour prier davantage, mais aussi, une occasion pour le Khalife Thierno Ahmed Tidiane B\u00e2 de remercier l\u2019\u00c9tat du S\u00e9n\u00e9gal pour avoir accompagn\u00e9 l\u2019organisation de cet \u00e9v\u00e9nement. Le pr\u00e9sident Macky Sall, d\u2019apr\u00e8s le discours tenu par le Khalife, a fait mieux que ses pr\u00e9d\u00e9cesseurs \u00e0 la t\u00eate de l\u2019\u00c9tat. \u00ab Il faut rendre gr\u00e2ce \u00e0 Dieu qui a fait que vous ayez accompli beaucoup de choses dans ce pays. C\u2019est une chance pour vous \u00bb, a affirm\u00e9 Thierno Amadou Tidiane B\u00e2. Tout en reconnaissant le travail pr\u00e9sidentiel d\u00e9j\u00e0 fait par les r\u00e9gimes pr\u00e9c\u00e9dents, le Khalife prie pour un S\u00e9n\u00e9gal stable et paisible, comme il l\u2019a toujours \u00e9t\u00e9. Il formule \u00e9galement des pri\u00e8res pour le pr\u00e9sident de la R\u00e9publique du S\u00e9n\u00e9gal dans sa mission de mettre le pays sur les rampes du d\u00e9veloppement. DAKARACTU<\/p>\n","protected":false},"author":1,"featured_media":17182,"comment_status":"open","ping_status":"open","sticky":false,"template":"","format":"standard","meta":{"_jetpack_memberships_contains_paid_content":false,"footnotes":""},"categories":[375,878,1,372],"tags":[4643,11,4642],"class_list":["post-17180","post","type-post","status-publish","format-standard","has-post-thumbnail","hentry","category-actualites","category-religion","category-non-classe","category-vedette","tag-daaka","tag-macky-sall","tag-thierno-ahmed-tidiane-ba","entry","has-media","owp-thumbs-layout-horizontal","owp-btn-normal","owp-tabs-layout-horizontal","has-no-thumbnails","has-product-nav"],"yoast_head":"<!-- This site is optimized with the Yoast SEO plugin v25.5 - https:\/\/yoast.com\/wordpress\/plugins\/seo\/ -->\n<title>Thierno Ahmed Tidiane B\u00e2 : \u00ab Vous avez fait mieux que vos pr\u00e9d\u00e9cesseurs! \u00bb - LE PUBLIC<\/title>\n<meta name=\"description\" content=\"Un \u00e9v\u00e9nement annuel pour rendre certes gr\u00e2ce \u00e0 Dieu, pour prier davantage, mais aussi, une occasion pour le Khalife Thierno Ahmed Tidiane B\u00e2 de remercier l\u2019\u00c9tat du S\u00e9n\u00e9gal pour avoir accompagn\u00e9 l\u2019organisation de cet \u00e9v\u00e9nement.\" \/>\n<meta name=\"robots\" content=\"index, follow, max-snippet:-1, max-image-preview:large, max-video-preview:-1\" \/>\n<link rel=\"canonical\" href=\"https:\/\/www.public.sn\/index.php\/2023\/03\/05\/thierno-ahmed-tidiane-ba-vous-avez-fait-mieux-que-vos-predecesseurs\/\" \/>\n<meta property=\"og:locale\" content=\"fr_FR\" \/>\n<meta property=\"og:type\" content=\"article\" \/>\n<meta property=\"og:title\" content=\"Thierno Ahmed Tidiane B\u00e2 : \u00ab Vous avez fait mieux que vos pr\u00e9d\u00e9cesseurs! \u00bb - LE PUBLIC\" \/>\n<meta property=\"og:description\" content=\"Un \u00e9v\u00e9nement annuel pour rendre certes gr\u00e2ce \u00e0 Dieu, pour prier davantage, mais aussi, une occasion pour le Khalife Thierno Ahmed Tidiane B\u00e2 de remercier l\u2019\u00c9tat du S\u00e9n\u00e9gal pour avoir accompagn\u00e9 l\u2019organisation de cet \u00e9v\u00e9nement.\" \/>\n<meta property=\"og:url\" content=\"https:\/\/www.public.sn\/index.php\/2023\/03\/05\/thierno-ahmed-tidiane-ba-vous-avez-fait-mieux-que-vos-predecesseurs\/\" \/>\n<meta property=\"og:site_name\" content=\"LE PUBLIC\" \/>\n<meta property=\"article:published_time\" content=\"2023-03-05T10:51:47+00:00\" \/>\n<meta property=\"og:image\" content=\"https:\/\/www.public.sn\/wp-content\/uploads\/2023\/03\/Thierno-Tidiane-Ba-Macky-Sall.jpg\" \/>\n\t<meta property=\"og:image:width\" content=\"600\" \/>\n\t<meta property=\"og:image:height\" content=\"400\" \/>\n\t<meta property=\"og:image:type\" content=\"image\/jpeg\" \/>\n<meta name=\"author\" content=\"LA REDACTION\" \/>\n<meta name=\"twitter:card\" content=\"summary_large_image\" \/>\n<meta name=\"twitter:label1\" content=\"\u00c9crit par\" \/>\n\t<meta name=\"twitter:data1\" content=\"LA REDACTION\" \/>\n\t<meta name=\"twitter:label2\" content=\"Dur\u00e9e de lecture estim\u00e9e\" \/>\n\t<meta name=\"twitter:data2\" content=\"1 minute\" \/>\n<script type=\"application\/ld+json\" class=\"yoast-schema-graph\">{\"@context\":\"https:\/\/schema.org\",\"@graph\":[{\"@type\":\"Article\",\"@id\":\"https:\/\/www.public.sn\/index.php\/2023\/03\/05\/thierno-ahmed-tidiane-ba-vous-avez-fait-mieux-que-vos-predecesseurs\/#article\",\"isPartOf\":{\"@id\":\"https:\/\/www.public.sn\/index.php\/2023\/03\/05\/thierno-ahmed-tidiane-ba-vous-avez-fait-mieux-que-vos-predecesseurs\/\"},\"author\":{\"name\":\"LA REDACTION\",\"@id\":\"https:\/\/www.public.sn\/#\/schema\/person\/e3f4a11b037d4203902db148f9bc8d5a\"},\"headline\":\"Thierno Ahmed Tidiane B\u00e2 : \u00ab Vous avez fait mieux que vos pr\u00e9d\u00e9cesseurs! \u00bb\",\"datePublished\":\"2023-03-05T10:51:47+00:00\",\"mainEntityOfPage\":{\"@id\":\"https:\/\/www.public.sn\/index.php\/2023\/03\/05\/thierno-ahmed-tidiane-ba-vous-avez-fait-mieux-que-vos-predecesseurs\/\"},\"wordCount\":179,\"commentCount\":0,\"publisher\":{\"@id\":\"https:\/\/www.public.sn\/#organization\"},\"image\":{\"@id\":\"https:\/\/www.public.sn\/index.php\/2023\/03\/05\/thierno-ahmed-tidiane-ba-vous-avez-fait-mieux-que-vos-predecesseurs\/#primaryimage\"},\"thumbnailUrl\":\"https:\/\/www.public.sn\/wp-content\/uploads\/2023\/03\/Thierno-Tidiane-Ba-Macky-Sall.jpg\",\"keywords\":[\"Daaka\",\"Macky Sall\",\"Thierno Ahmed Tidiane B\u00e2\"],\"articleSection\":[\"ACTUALIT\u00c9S\",\"RELIGION\",\"S\u00c9N\u00c9GAL\",\"VEDETTE\"],\"inLanguage\":\"fr-FR\",\"potentialAction\":[{\"@type\":\"CommentAction\",\"name\":\"Comment\",\"target\":[\"https:\/\/www.public.sn\/index.php\/2023\/03\/05\/thierno-ahmed-tidiane-ba-vous-avez-fait-mieux-que-vos-predecesseurs\/#respond\"]}]},{\"@type\":\"WebPage\",\"@id\":\"https:\/\/www.public.sn\/index.php\/2023\/03\/05\/thierno-ahmed-tidiane-ba-vous-avez-fait-mieux-que-vos-predecesseurs\/\",\"url\":\"https:\/\/www.public.sn\/index.php\/2023\/03\/05\/thierno-ahmed-tidiane-ba-vous-avez-fait-mieux-que-vos-predecesseurs\/\",\"name\":\"Thierno Ahmed Tidiane B\u00e2 : \u00ab Vous avez fait mieux que vos pr\u00e9d\u00e9cesseurs! \u00bb - LE PUBLIC\",\"isPartOf\":{\"@id\":\"https:\/\/www.public.sn\/#website\"},\"primaryImageOfPage\":{\"@id\":\"https:\/\/www.public.sn\/index.php\/2023\/03\/05\/thierno-ahmed-tidiane-ba-vous-avez-fait-mieux-que-vos-predecesseurs\/#primaryimage\"},\"image\":{\"@id\":\"https:\/\/www.public.sn\/index.php\/2023\/03\/05\/thierno-ahmed-tidiane-ba-vous-avez-fait-mieux-que-vos-predecesseurs\/#primaryimage\"},\"thumbnailUrl\":\"https:\/\/www.public.sn\/wp-content\/uploads\/2023\/03\/Thierno-Tidiane-Ba-Macky-Sall.jpg\",\"datePublished\":\"2023-03-05T10:51:47+00:00\",\"description\":\"Un \u00e9v\u00e9nement annuel pour rendre certes gr\u00e2ce \u00e0 Dieu, pour prier davantage, mais aussi, une occasion pour le Khalife Thierno Ahmed Tidiane B\u00e2 de remercier l\u2019\u00c9tat du S\u00e9n\u00e9gal pour avoir accompagn\u00e9 l\u2019organisation de cet \u00e9v\u00e9nement.\",\"breadcrumb\":{\"@id\":\"https:\/\/www.public.sn\/index.php\/2023\/03\/05\/thierno-ahmed-tidiane-ba-vous-avez-fait-mieux-que-vos-predecesseurs\/#breadcrumb\"},\"inLanguage\":\"fr-FR\",\"potentialAction\":[{\"@type\":\"ReadAction\",\"target\":[\"https:\/\/www.public.sn\/index.php\/2023\/03\/05\/thierno-ahmed-tidiane-ba-vous-avez-fait-mieux-que-vos-predecesseurs\/\"]}]},{\"@type\":\"ImageObject\",\"inLanguage\":\"fr-FR\",\"@id\":\"https:\/\/www.public.sn\/index.php\/2023\/03\/05\/thierno-ahmed-tidiane-ba-vous-avez-fait-mieux-que-vos-predecesseurs\/#primaryimage\",\"url\":\"https:\/\/www.public.sn\/wp-content\/uploads\/2023\/03\/Thierno-Tidiane-Ba-Macky-Sall.jpg\",\"contentUrl\":\"https:\/\/www.public.sn\/wp-content\/uploads\/2023\/03\/Thierno-Tidiane-Ba-Macky-Sall.jpg\",\"width\":600,\"height\":400},{\"@type\":\"BreadcrumbList\",\"@id\":\"https:\/\/www.public.sn\/index.php\/2023\/03\/05\/thierno-ahmed-tidiane-ba-vous-avez-fait-mieux-que-vos-predecesseurs\/#breadcrumb\",\"itemListElement\":[{\"@type\":\"ListItem\",\"position\":1,\"name\":\"Accueil\",\"item\":\"https:\/\/www.public.sn\/\"},{\"@type\":\"ListItem\",\"position\":2,\"name\":\"Thierno Ahmed Tidiane B\u00e2 : \u00ab Vous avez fait mieux que vos pr\u00e9d\u00e9cesseurs! \u00bb\"}]},{\"@type\":\"WebSite\",\"@id\":\"https:\/\/www.public.sn\/#website\",\"url\":\"https:\/\/www.public.sn\/\",\"name\":\"LE PUBLIC\",\"description\":\"\",\"publisher\":{\"@id\":\"https:\/\/www.public.sn\/#organization\"},\"potentialAction\":[{\"@type\":\"SearchAction\",\"target\":{\"@type\":\"EntryPoint\",\"urlTemplate\":\"https:\/\/www.public.sn\/?s={search_term_string}\"},\"query-input\":{\"@type\":\"PropertyValueSpecification\",\"valueRequired\":true,\"valueName\":\"search_term_string\"}}],\"inLanguage\":\"fr-FR\"},{\"@type\":\"Organization\",\"@id\":\"https:\/\/www.public.sn\/#organization\",\"name\":\"LE PUBLIC\",\"url\":\"https:\/\/www.public.sn\/\",\"logo\":{\"@type\":\"ImageObject\",\"inLanguage\":\"fr-FR\",\"@id\":\"https:\/\/www.public.sn\/#\/schema\/logo\/image\/\",\"url\":\"https:\/\/www.public.sn\/wp-content\/uploads\/2024\/05\/cropped-LOGO-PUBLIC.SN_.png\",\"contentUrl\":\"https:\/\/www.public.sn\/wp-content\/uploads\/2024\/05\/cropped-LOGO-PUBLIC.SN_.png\",\"width\":682,\"height\":192,\"caption\":\"LE PUBLIC\"},\"image\":{\"@id\":\"https:\/\/www.public.sn\/#\/schema\/logo\/image\/\"}},{\"@type\":\"Person\",\"@id\":\"https:\/\/www.public.sn\/#\/schema\/person\/e3f4a11b037d4203902db148f9bc8d5a\",\"name\":\"LA REDACTION\",\"image\":{\"@type\":\"ImageObject\",\"inLanguage\":\"fr-FR\",\"@id\":\"https:\/\/www.public.sn\/#\/schema\/person\/image\/\",\"url\":\"https:\/\/secure.gravatar.com\/avatar\/d6c030db45db2883c075085c5d6c6258654a801a93766b49af0b82d4f454e2a5?s=96&d=mm&r=g\",\"contentUrl\":\"https:\/\/secure.gravatar.com\/avatar\/d6c030db45db2883c075085c5d6c6258654a801a93766b49af0b82d4f454e2a5?s=96&d=mm&r=g\",\"caption\":\"LA REDACTION\"},\"sameAs\":[\"http:\/\/www.public.sn\"],\"url\":\"https:\/\/www.public.sn\/index.php\/author\/admin7324\/\"}]}<\/script>\n<!-- \/ Yoast SEO plugin. -->","yoast_head_json":{"title":"Thierno Ahmed Tidiane B\u00e2 : \u00ab Vous avez fait mieux que vos pr\u00e9d\u00e9cesseurs! \u00bb - LE PUBLIC","description":"Un \u00e9v\u00e9nement annuel pour rendre certes gr\u00e2ce \u00e0 Dieu, pour prier davantage, mais aussi, une occasion pour le Khalife Thierno Ahmed Tidiane B\u00e2 de remercier l\u2019\u00c9tat du S\u00e9n\u00e9gal pour avoir accompagn\u00e9 l\u2019organisation de cet \u00e9v\u00e9nement.","robots":{"index":"index","follow":"follow","max-snippet":"max-snippet:-1","max-image-preview":"max-image-preview:large","max-video-preview":"max-video-preview:-1"},"canonical":"https:\/\/www.public.sn\/index.php\/2023\/03\/05\/thierno-ahmed-tidiane-ba-vous-avez-fait-mieux-que-vos-predecesseurs\/","og_locale":"fr_FR","og_type":"article","og_title":"Thierno Ahmed Tidiane B\u00e2 : \u00ab Vous avez fait mieux que vos pr\u00e9d\u00e9cesseurs! \u00bb - LE PUBLIC","og_description":"Un \u00e9v\u00e9nement annuel pour rendre certes gr\u00e2ce \u00e0 Dieu, pour prier davantage, mais aussi, une occasion pour le Khalife Thierno Ahmed Tidiane B\u00e2 de remercier l\u2019\u00c9tat du S\u00e9n\u00e9gal pour avoir accompagn\u00e9 l\u2019organisation de cet \u00e9v\u00e9nement.","og_url":"https:\/\/www.public.sn\/index.php\/2023\/03\/05\/thierno-ahmed-tidiane-ba-vous-avez-fait-mieux-que-vos-predecesseurs\/","og_site_name":"LE PUBLIC","article_published_time":"2023-03-05T10:51:47+00:00","og_image":[{"width":600,"height":400,"url":"https:\/\/www.public.sn\/wp-content\/uploads\/2023\/03\/Thierno-Tidiane-Ba-Macky-Sall.jpg","type":"image\/jpeg"}],"author":"LA REDACTION","twitter_card":"summary_large_image","twitter_misc":{"\u00c9crit par":"LA REDACTION","Dur\u00e9e de lecture estim\u00e9e":"1 minute"},"schema":{"@context":"https:\/\/schema.org","@graph":[{"@type":"Article","@id":"https:\/\/www.public.sn\/index.php\/2023\/03\/05\/thierno-ahmed-tidiane-ba-vous-avez-fait-mieux-que-vos-predecesseurs\/#article","isPartOf":{"@id":"https:\/\/www.public.sn\/index.php\/2023\/03\/05\/thierno-ahmed-tidiane-ba-vous-avez-fait-mieux-que-vos-predecesseurs\/"},"author":{"name":"LA REDACTION","@id":"https:\/\/www.public.sn\/#\/schema\/person\/e3f4a11b037d4203902db148f9bc8d5a"},"headline":"Thierno Ahmed Tidiane B\u00e2 : \u00ab Vous avez fait mieux que vos pr\u00e9d\u00e9cesseurs! \u00bb","datePublished":"2023-03-05T10:51:47+00:00","mainEntityOfPage":{"@id":"https:\/\/www.public.sn\/index.php\/2023\/03\/05\/thierno-ahmed-tidiane-ba-vous-avez-fait-mieux-que-vos-predecesseurs\/"},"wordCount":179,"commentCount":0,"publisher":{"@id":"https:\/\/www.public.sn\/#organization"},"image":{"@id":"https:\/\/www.public.sn\/index.php\/2023\/03\/05\/thierno-ahmed-tidiane-ba-vous-avez-fait-mieux-que-vos-predecesseurs\/#primaryimage"},"thumbnailUrl":"https:\/\/www.public.sn\/wp-content\/uploads\/2023\/03\/Thierno-Tidiane-Ba-Macky-Sall.jpg","keywords":["Daaka","Macky Sall","Thierno Ahmed Tidiane B\u00e2"],"articleSection":["ACTUALIT\u00c9S","RELIGION","S\u00c9N\u00c9GAL","VEDETTE"],"inLanguage":"fr-FR","potentialAction":[{"@type":"CommentAction","name":"Comment","target":["https:\/\/www.public.sn\/index.php\/2023\/03\/05\/thierno-ahmed-tidiane-ba-vous-avez-fait-mieux-que-vos-predecesseurs\/#respond"]}]},{"@type":"WebPage","@id":"https:\/\/www.public.sn\/index.php\/2023\/03\/05\/thierno-ahmed-tidiane-ba-vous-avez-fait-mieux-que-vos-predecesseurs\/","url":"https:\/\/www.public.sn\/index.php\/2023\/03\/05\/thierno-ahmed-tidiane-ba-vous-avez-fait-mieux-que-vos-predecesseurs\/","name":"Thierno Ahmed Tidiane B\u00e2 : \u00ab Vous avez fait mieux que vos pr\u00e9d\u00e9cesseurs! \u00bb - LE PUBLIC","isPartOf":{"@id":"https:\/\/www.public.sn\/#website"},"primaryImageOfPage":{"@id":"https:\/\/www.public.sn\/index.php\/2023\/03\/05\/thierno-ahmed-tidiane-ba-vous-avez-fait-mieux-que-vos-predecesseurs\/#primaryimage"},"image":{"@id":"https:\/\/www.public.sn\/index.php\/2023\/03\/05\/thierno-ahmed-tidiane-ba-vous-avez-fait-mieux-que-vos-predecesseurs\/#primaryimage"},"thumbnailUrl":"https:\/\/www.public.sn\/wp-content\/uploads\/2023\/03\/Thierno-Tidiane-Ba-Macky-Sall.jpg","datePublished":"2023-03-05T10:51:47+00:00","description":"Un \u00e9v\u00e9nement annuel pour rendre certes gr\u00e2ce \u00e0 Dieu, pour prier davantage, mais aussi, une occasion pour le Khalife Thierno Ahmed Tidiane B\u00e2 de remercier l\u2019\u00c9tat du S\u00e9n\u00e9gal pour avoir accompagn\u00e9 l\u2019organisation de cet \u00e9v\u00e9nement.","breadcrumb":{"@id":"https:\/\/www.public.sn\/index.php\/2023\/03\/05\/thierno-ahmed-tidiane-ba-vous-avez-fait-mieux-que-vos-predecesseurs\/#breadcrumb"},"inLanguage":"fr-FR","potentialAction":[{"@type":"ReadAction","target":["https:\/\/www.public.sn\/index.php\/2023\/03\/05\/thierno-ahmed-tidiane-ba-vous-avez-fait-mieux-que-vos-predecesseurs\/"]}]},{"@type":"ImageObject","inLanguage":"fr-FR","@id":"https:\/\/www.public.sn\/index.php\/2023\/03\/05\/thierno-ahmed-tidiane-ba-vous-avez-fait-mieux-que-vos-predecesseurs\/#primaryimage","url":"https:\/\/www.public.sn\/wp-content\/uploads\/2023\/03\/Thierno-Tidiane-Ba-Macky-Sall.jpg","contentUrl":"https:\/\/www.public.sn\/wp-content\/uploads\/2023\/03\/Thierno-Tidiane-Ba-Macky-Sall.jpg","width":600,"height":400},{"@type":"BreadcrumbList","@id":"https:\/\/www.public.sn\/index.php\/2023\/03\/05\/thierno-ahmed-tidiane-ba-vous-avez-fait-mieux-que-vos-predecesseurs\/#breadcrumb","itemListElement":[{"@type":"ListItem","position":1,"name":"Accueil","item":"https:\/\/www.public.sn\/"},{"@type":"ListItem","position":2,"name":"Thierno Ahmed Tidiane B\u00e2 : \u00ab Vous avez fait mieux que vos pr\u00e9d\u00e9cesseurs! \u00bb"}]},{"@type":"WebSite","@id":"https:\/\/www.public.sn\/#website","url":"https:\/\/www.public.sn\/","name":"LE PUBLIC","description":"","publisher":{"@id":"https:\/\/www.public.sn\/#organization"},"potentialAction":[{"@type":"SearchAction","target":{"@type":"EntryPoint","urlTemplate":"https:\/\/www.public.sn\/?s={search_term_string}"},"query-input":{"@type":"PropertyValueSpecification","valueRequired":true,"valueName":"search_term_string"}}],"inLanguage":"fr-FR"},{"@type":"Organization","@id":"https:\/\/www.public.sn\/#organization","name":"LE PUBLIC","url":"https:\/\/www.public.sn\/","logo":{"@type":"ImageObject","inLanguage":"fr-FR","@id":"https:\/\/www.public.sn\/#\/schema\/logo\/image\/","url":"https:\/\/www.public.sn\/wp-content\/uploads\/2024\/05\/cropped-LOGO-PUBLIC.SN_.png","contentUrl":"https:\/\/www.public.sn\/wp-content\/uploads\/2024\/05\/cropped-LOGO-PUBLIC.SN_.png","width":682,"height":192,"caption":"LE PUBLIC"},"image":{"@id":"https:\/\/www.public.sn\/#\/schema\/logo\/image\/"}},{"@type":"Person","@id":"https:\/\/www.public.sn\/#\/schema\/person\/e3f4a11b037d4203902db148f9bc8d5a","name":"LA REDACTION","image":{"@type":"ImageObject","inLanguage":"fr-FR","@id":"https:\/\/www.public.sn\/#\/schema\/person\/image\/","url":"https:\/\/secure.gravatar.com\/avatar\/d6c030db45db2883c075085c5d6c6258654a801a93766b49af0b82d4f454e2a5?s=96&d=mm&r=g","contentUrl":"https:\/\/secure.gravatar.com\/avatar\/d6c030db45db2883c075085c5d6c6258654a801a93766b49af0b82d4f454e2a5?s=96&d=mm&r=g","caption":"LA REDACTION"},"sameAs":["http:\/\/www.public.sn"],"url":"https:\/\/www.public.sn\/index.php\/author\/admin7324\/"}]}},"jetpack_featured_media_url":"https:\/\/www.public.sn\/wp-content\/uploads\/2023\/03\/Thierno-Tidiane-Ba-Macky-Sall.jpg","jetpack_sharing_enabled":true,"_links":{"self":[{"href":"https:\/\/www.public.sn\/index.php\/wp-json\/wp\/v2\/posts\/17180","targetHints":{"allow":["GET"]}}],"collection":[{"href":"https:\/\/www.public.sn\/index.php\/wp-json\/wp\/v2\/posts"}],"about":[{"href":"https:\/\/www.public.sn\/index.php\/wp-json\/wp\/v2\/types\/post"}],"author":[{"embeddable":true,"href":"https:\/\/www.public.sn\/index.php\/wp-json\/wp\/v2\/users\/1"}],"replies":[{"embeddable":true,"href":"https:\/\/www.public.sn\/index.php\/wp-json\/wp\/v2\/comments?post=17180"}],"version-history":[{"count":1,"href":"https:\/\/www.public.sn\/index.php\/wp-json\/wp\/v2\/posts\/17180\/revisions"}],"predecessor-version":[{"id":17183,"href":"https:\/\/www.public.sn\/index.php\/wp-json\/wp\/v2\/posts\/17180\/revisions\/17183"}],"wp:featuredmedia":[{"embeddable":true,"href":"https:\/\/www.public.sn\/index.php\/wp-json\/wp\/v2\/media\/17182"}],"wp:attachment":[{"href":"https:\/\/www.public.sn\/index.php\/wp-json\/wp\/v2\/media?parent=17180"}],"wp:term":[{"taxonomy":"category","embeddable":true,"href":"https:\/\/www.public.sn\/index.php\/wp-json\/wp\/v2\/categories?post=17180"},{"taxonomy":"post_tag","embeddable":true,"href":"https:\/\/www.public.sn\/index.php\/wp-json\/wp\/v2\/tags?post=17180"}],"curies":[{"name":"wp","href":"https:\/\/api.w.org\/{rel}","templated":true}]}}