{"id":17189,"date":"2023-03-05T13:22:03","date_gmt":"2023-03-05T13:22:03","guid":{"rendered":"https:\/\/www.public.sn\/?p=17189"},"modified":"2023-03-05T13:22:59","modified_gmt":"2023-03-05T13:22:59","slug":"guy-marius-sagna-et-cie-sont-libres","status":"publish","type":"post","link":"https:\/\/www.public.sn\/index.php\/2023\/03\/05\/guy-marius-sagna-et-cie-sont-libres\/","title":{"rendered":"Guy Marius Sagna et Cie sont libres !"},"content":{"rendered":"<p><strong>Le D\u00e9put\u00e9 Guy Marius Sagna et treize autres personnes, arr\u00eat\u00e9s hier en marge d\u2019une manifestation devant l\u2019Ambassade de Tunisie, ont \u00e9t\u00e9 lib\u00e9r\u00e9s hier. Ces derniers ont \u00e9t\u00e9 arr\u00eat\u00e9s, samedi, pour \u00ab\u00a0participation \u00e0 une manifestation interdite\u00a0\u00bb.<\/strong><\/p><div class=\"publi-paragraphe1\" style=\"margin-top: 10px;margin-bottom: 10px;margin-left: auto;margin-right: auto;text-align: center;\" id=\"publi-218486684\"><div class=\"publi-adlabel\">Publicit\u00e9<\/div><script async src=\"\/\/pagead2.googlesyndication.com\/pagead\/js\/adsbygoogle.js?client=ca-pub-4089586018074219\" crossorigin=\"anonymous\"><\/script><ins class=\"adsbygoogle\" style=\"display:block;\" data-ad-client=\"ca-pub-4089586018074219\" \ndata-ad-slot=\"2087940154\" \ndata-ad-format=\"auto\"><\/ins>\n<script> \n(adsbygoogle = window.adsbygoogle || []).push({}); \n<\/script>\n<\/div>\n<p>Cet incident fait suite \u00e0 l\u2019indignation suscit\u00e9e par les propos du pr\u00e9sident tunisien Kais Saied contre l\u2019immigration clandestine provenant d\u2019Afrique subsaharienne.<\/p>\n<p>Le 21 f\u00e9vrier, M. Saied avait affirm\u00e9 que la pr\u00e9sence en Tunisie de \u00ab\u00a0hordes\u00a0\u00bb d\u2019immigr\u00e9s clandestins provenant d\u2019Afrique subsaharienne \u00e9tait source de \u00ab\u00a0violence et de crimes\u00a0\u00bb et relevait d\u2019une \u00ab\u00a0entreprise criminelle\u00a0\u00bb visant \u00e0 \u00ab\u00a0changer la composition d\u00e9mographique\u00a0\u00bb du pays.<\/p>\n<p>Les personnes arr\u00eat\u00e9es appartiennent \u00e0 diverses organisations qui avaient appel\u00e9 leurs membres \u00e0 apporter des lettres de protestation \u00e0 l\u2019ambassade de Tunisie, apr\u00e8s l\u2019interdiction par les autorit\u00e9s s\u00e9n\u00e9galaises d\u2019un rassemblement pr\u00e9vu samedi.<\/p>\n<div class=\"publi-apres-le-contenu\" style=\"margin-top: 10px;margin-bottom: 10px;margin-left: auto;margin-right: auto;text-align: center;\" id=\"publi-2006310124\"><div class=\"publi-adlabel\">Publicit\u00e9<\/div><script async src=\"\/\/pagead2.googlesyndication.com\/pagead\/js\/adsbygoogle.js?client=ca-pub-4089586018074219\" crossorigin=\"anonymous\"><\/script><ins class=\"adsbygoogle\" style=\"display:block;\" data-ad-client=\"ca-pub-4089586018074219\" \ndata-ad-slot=\"2087940154\" \ndata-ad-format=\"auto\"><\/ins>\n<script> \n(adsbygoogle = window.adsbygoogle || []).push({}); \n<\/script>\n<\/div>","protected":false},"excerpt":{"rendered":"<p>librert\u00e9<\/p>\n","protected":false},"author":7,"featured_media":17195,"comment_status":"open","ping_status":"open","sticky":false,"template":"","format":"standard","meta":{"_jetpack_memberships_contains_paid_content":false,"footnotes":""},"categories":[375,3724,376,1,4,372],"tags":[4645,422],"class_list":["post-17189","post","type-post","status-publish","format-standard","has-post-thumbnail","hentry","category-actualites","category-justice","category-securite-justice","category-non-classe","category-societe","category-vedette","tag-gms","tag-liberte","entry","has-media","owp-thumbs-layout-horizontal","owp-btn-normal","owp-tabs-layout-horizontal","has-no-thumbnails","has-product-nav"],"yoast_head":"<!-- This site is optimized with the Yoast SEO plugin v25.5 - https:\/\/yoast.com\/wordpress\/plugins\/seo\/ -->\n<title>Guy Marius Sagna et Cie sont libres ! - LE PUBLIC<\/title>\n<meta name=\"robots\" content=\"index, follow, max-snippet:-1, max-image-preview:large, max-video-preview:-1\" \/>\n<link rel=\"canonical\" href=\"https:\/\/www.public.sn\/index.php\/2023\/03\/05\/guy-marius-sagna-et-cie-sont-libres\/\" \/>\n<meta property=\"og:locale\" content=\"fr_FR\" \/>\n<meta property=\"og:type\" content=\"article\" \/>\n<meta property=\"og:title\" content=\"Guy Marius Sagna et Cie sont libres ! - LE PUBLIC\" \/>\n<meta property=\"og:description\" content=\"librert\u00e9\" \/>\n<meta property=\"og:url\" content=\"https:\/\/www.public.sn\/index.php\/2023\/03\/05\/guy-marius-sagna-et-cie-sont-libres\/\" \/>\n<meta property=\"og:site_name\" content=\"LE PUBLIC\" \/>\n<meta property=\"article:published_time\" content=\"2023-03-05T13:22:03+00:00\" \/>\n<meta property=\"article:modified_time\" content=\"2023-03-05T13:22:59+00:00\" \/>\n<meta property=\"og:image\" content=\"https:\/\/www.public.sn\/wp-content\/uploads\/2023\/03\/gms-libre.jpg\" \/>\n\t<meta property=\"og:image:width\" content=\"960\" \/>\n\t<meta property=\"og:image:height\" content=\"540\" \/>\n\t<meta property=\"og:image:type\" content=\"image\/jpeg\" \/>\n<meta name=\"author\" content=\"LA REDACTION\" \/>\n<meta name=\"twitter:card\" content=\"summary_large_image\" \/>\n<meta name=\"twitter:label1\" content=\"\u00c9crit par\" \/>\n\t<meta name=\"twitter:data1\" content=\"LA REDACTION\" \/>\n\t<meta name=\"twitter:label2\" content=\"Dur\u00e9e de lecture estim\u00e9e\" \/>\n\t<meta name=\"twitter:data2\" content=\"1 minute\" \/>\n<script type=\"application\/ld+json\" class=\"yoast-schema-graph\">{\"@context\":\"https:\/\/schema.org\",\"@graph\":[{\"@type\":\"Article\",\"@id\":\"https:\/\/www.public.sn\/index.php\/2023\/03\/05\/guy-marius-sagna-et-cie-sont-libres\/#article\",\"isPartOf\":{\"@id\":\"https:\/\/www.public.sn\/index.php\/2023\/03\/05\/guy-marius-sagna-et-cie-sont-libres\/\"},\"author\":{\"name\":\"LA REDACTION\",\"@id\":\"https:\/\/www.public.sn\/#\/schema\/person\/cb76c8e1b8becc6be61fb5e92d6d0224\"},\"headline\":\"Guy Marius Sagna et Cie sont libres !\",\"datePublished\":\"2023-03-05T13:22:03+00:00\",\"dateModified\":\"2023-03-05T13:22:59+00:00\",\"mainEntityOfPage\":{\"@id\":\"https:\/\/www.public.sn\/index.php\/2023\/03\/05\/guy-marius-sagna-et-cie-sont-libres\/\"},\"wordCount\":158,\"commentCount\":0,\"publisher\":{\"@id\":\"https:\/\/www.public.sn\/#organization\"},\"image\":{\"@id\":\"https:\/\/www.public.sn\/index.php\/2023\/03\/05\/guy-marius-sagna-et-cie-sont-libres\/#primaryimage\"},\"thumbnailUrl\":\"https:\/\/www.public.sn\/wp-content\/uploads\/2023\/03\/gms-libre.jpg\",\"keywords\":[\"GMS\",\"Libert\u00e9\"],\"articleSection\":[\"ACTUALIT\u00c9S\",\"justice\",\"S\u00c9CURIT\u00c9 &amp; JUSTICE\",\"S\u00c9N\u00c9GAL\",\"SOCIETE\",\"VEDETTE\"],\"inLanguage\":\"fr-FR\",\"potentialAction\":[{\"@type\":\"CommentAction\",\"name\":\"Comment\",\"target\":[\"https:\/\/www.public.sn\/index.php\/2023\/03\/05\/guy-marius-sagna-et-cie-sont-libres\/#respond\"]}]},{\"@type\":\"WebPage\",\"@id\":\"https:\/\/www.public.sn\/index.php\/2023\/03\/05\/guy-marius-sagna-et-cie-sont-libres\/\",\"url\":\"https:\/\/www.public.sn\/index.php\/2023\/03\/05\/guy-marius-sagna-et-cie-sont-libres\/\",\"name\":\"Guy Marius Sagna et Cie sont libres ! - LE PUBLIC\",\"isPartOf\":{\"@id\":\"https:\/\/www.public.sn\/#website\"},\"primaryImageOfPage\":{\"@id\":\"https:\/\/www.public.sn\/index.php\/2023\/03\/05\/guy-marius-sagna-et-cie-sont-libres\/#primaryimage\"},\"image\":{\"@id\":\"https:\/\/www.public.sn\/index.php\/2023\/03\/05\/guy-marius-sagna-et-cie-sont-libres\/#primaryimage\"},\"thumbnailUrl\":\"https:\/\/www.public.sn\/wp-content\/uploads\/2023\/03\/gms-libre.jpg\",\"datePublished\":\"2023-03-05T13:22:03+00:00\",\"dateModified\":\"2023-03-05T13:22:59+00:00\",\"breadcrumb\":{\"@id\":\"https:\/\/www.public.sn\/index.php\/2023\/03\/05\/guy-marius-sagna-et-cie-sont-libres\/#breadcrumb\"},\"inLanguage\":\"fr-FR\",\"potentialAction\":[{\"@type\":\"ReadAction\",\"target\":[\"https:\/\/www.public.sn\/index.php\/2023\/03\/05\/guy-marius-sagna-et-cie-sont-libres\/\"]}]},{\"@type\":\"ImageObject\",\"inLanguage\":\"fr-FR\",\"@id\":\"https:\/\/www.public.sn\/index.php\/2023\/03\/05\/guy-marius-sagna-et-cie-sont-libres\/#primaryimage\",\"url\":\"https:\/\/www.public.sn\/wp-content\/uploads\/2023\/03\/gms-libre.jpg\",\"contentUrl\":\"https:\/\/www.public.sn\/wp-content\/uploads\/2023\/03\/gms-libre.jpg\",\"width\":960,\"height\":540},{\"@type\":\"BreadcrumbList\",\"@id\":\"https:\/\/www.public.sn\/index.php\/2023\/03\/05\/guy-marius-sagna-et-cie-sont-libres\/#breadcrumb\",\"itemListElement\":[{\"@type\":\"ListItem\",\"position\":1,\"name\":\"Accueil\",\"item\":\"https:\/\/www.public.sn\/\"},{\"@type\":\"ListItem\",\"position\":2,\"name\":\"Guy Marius Sagna et Cie sont libres !\"}]},{\"@type\":\"WebSite\",\"@id\":\"https:\/\/www.public.sn\/#website\",\"url\":\"https:\/\/www.public.sn\/\",\"name\":\"LE PUBLIC\",\"description\":\"\",\"publisher\":{\"@id\":\"https:\/\/www.public.sn\/#organization\"},\"potentialAction\":[{\"@type\":\"SearchAction\",\"target\":{\"@type\":\"EntryPoint\",\"urlTemplate\":\"https:\/\/www.public.sn\/?s={search_term_string}\"},\"query-input\":{\"@type\":\"PropertyValueSpecification\",\"valueRequired\":true,\"valueName\":\"search_term_string\"}}],\"inLanguage\":\"fr-FR\"},{\"@type\":\"Organization\",\"@id\":\"https:\/\/www.public.sn\/#organization\",\"name\":\"LE PUBLIC\",\"url\":\"https:\/\/www.public.sn\/\",\"logo\":{\"@type\":\"ImageObject\",\"inLanguage\":\"fr-FR\",\"@id\":\"https:\/\/www.public.sn\/#\/schema\/logo\/image\/\",\"url\":\"https:\/\/www.public.sn\/wp-content\/uploads\/2024\/05\/cropped-LOGO-PUBLIC.SN_.png\",\"contentUrl\":\"https:\/\/www.public.sn\/wp-content\/uploads\/2024\/05\/cropped-LOGO-PUBLIC.SN_.png\",\"width\":682,\"height\":192,\"caption\":\"LE PUBLIC\"},\"image\":{\"@id\":\"https:\/\/www.public.sn\/#\/schema\/logo\/image\/\"}},{\"@type\":\"Person\",\"@id\":\"https:\/\/www.public.sn\/#\/schema\/person\/cb76c8e1b8becc6be61fb5e92d6d0224\",\"name\":\"LA REDACTION\",\"image\":{\"@type\":\"ImageObject\",\"inLanguage\":\"fr-FR\",\"@id\":\"https:\/\/www.public.sn\/#\/schema\/person\/image\/\",\"url\":\"https:\/\/secure.gravatar.com\/avatar\/2dce5ddd34b8fef0180efe03aa2a9bee7d953856048f9a16b298190a3178407c?s=96&d=mm&r=g\",\"contentUrl\":\"https:\/\/secure.gravatar.com\/avatar\/2dce5ddd34b8fef0180efe03aa2a9bee7d953856048f9a16b298190a3178407c?s=96&d=mm&r=g\",\"caption\":\"LA REDACTION\"},\"url\":\"https:\/\/www.public.sn\/index.php\/author\/editeurpsn\/\"}]}<\/script>\n<!-- \/ Yoast SEO plugin. -->","yoast_head_json":{"title":"Guy Marius Sagna et Cie sont libres ! - LE PUBLIC","robots":{"index":"index","follow":"follow","max-snippet":"max-snippet:-1","max-image-preview":"max-image-preview:large","max-video-preview":"max-video-preview:-1"},"canonical":"https:\/\/www.public.sn\/index.php\/2023\/03\/05\/guy-marius-sagna-et-cie-sont-libres\/","og_locale":"fr_FR","og_type":"article","og_title":"Guy Marius Sagna et Cie sont libres ! - LE PUBLIC","og_description":"librert\u00e9","og_url":"https:\/\/www.public.sn\/index.php\/2023\/03\/05\/guy-marius-sagna-et-cie-sont-libres\/","og_site_name":"LE PUBLIC","article_published_time":"2023-03-05T13:22:03+00:00","article_modified_time":"2023-03-05T13:22:59+00:00","og_image":[{"width":960,"height":540,"url":"https:\/\/www.public.sn\/wp-content\/uploads\/2023\/03\/gms-libre.jpg","type":"image\/jpeg"}],"author":"LA REDACTION","twitter_card":"summary_large_image","twitter_misc":{"\u00c9crit par":"LA REDACTION","Dur\u00e9e de lecture estim\u00e9e":"1 minute"},"schema":{"@context":"https:\/\/schema.org","@graph":[{"@type":"Article","@id":"https:\/\/www.public.sn\/index.php\/2023\/03\/05\/guy-marius-sagna-et-cie-sont-libres\/#article","isPartOf":{"@id":"https:\/\/www.public.sn\/index.php\/2023\/03\/05\/guy-marius-sagna-et-cie-sont-libres\/"},"author":{"name":"LA REDACTION","@id":"https:\/\/www.public.sn\/#\/schema\/person\/cb76c8e1b8becc6be61fb5e92d6d0224"},"headline":"Guy Marius Sagna et Cie sont libres !","datePublished":"2023-03-05T13:22:03+00:00","dateModified":"2023-03-05T13:22:59+00:00","mainEntityOfPage":{"@id":"https:\/\/www.public.sn\/index.php\/2023\/03\/05\/guy-marius-sagna-et-cie-sont-libres\/"},"wordCount":158,"commentCount":0,"publisher":{"@id":"https:\/\/www.public.sn\/#organization"},"image":{"@id":"https:\/\/www.public.sn\/index.php\/2023\/03\/05\/guy-marius-sagna-et-cie-sont-libres\/#primaryimage"},"thumbnailUrl":"https:\/\/www.public.sn\/wp-content\/uploads\/2023\/03\/gms-libre.jpg","keywords":["GMS","Libert\u00e9"],"articleSection":["ACTUALIT\u00c9S","justice","S\u00c9CURIT\u00c9 &amp; JUSTICE","S\u00c9N\u00c9GAL","SOCIETE","VEDETTE"],"inLanguage":"fr-FR","potentialAction":[{"@type":"CommentAction","name":"Comment","target":["https:\/\/www.public.sn\/index.php\/2023\/03\/05\/guy-marius-sagna-et-cie-sont-libres\/#respond"]}]},{"@type":"WebPage","@id":"https:\/\/www.public.sn\/index.php\/2023\/03\/05\/guy-marius-sagna-et-cie-sont-libres\/","url":"https:\/\/www.public.sn\/index.php\/2023\/03\/05\/guy-marius-sagna-et-cie-sont-libres\/","name":"Guy Marius Sagna et Cie sont libres ! - LE PUBLIC","isPartOf":{"@id":"https:\/\/www.public.sn\/#website"},"primaryImageOfPage":{"@id":"https:\/\/www.public.sn\/index.php\/2023\/03\/05\/guy-marius-sagna-et-cie-sont-libres\/#primaryimage"},"image":{"@id":"https:\/\/www.public.sn\/index.php\/2023\/03\/05\/guy-marius-sagna-et-cie-sont-libres\/#primaryimage"},"thumbnailUrl":"https:\/\/www.public.sn\/wp-content\/uploads\/2023\/03\/gms-libre.jpg","datePublished":"2023-03-05T13:22:03+00:00","dateModified":"2023-03-05T13:22:59+00:00","breadcrumb":{"@id":"https:\/\/www.public.sn\/index.php\/2023\/03\/05\/guy-marius-sagna-et-cie-sont-libres\/#breadcrumb"},"inLanguage":"fr-FR","potentialAction":[{"@type":"ReadAction","target":["https:\/\/www.public.sn\/index.php\/2023\/03\/05\/guy-marius-sagna-et-cie-sont-libres\/"]}]},{"@type":"ImageObject","inLanguage":"fr-FR","@id":"https:\/\/www.public.sn\/index.php\/2023\/03\/05\/guy-marius-sagna-et-cie-sont-libres\/#primaryimage","url":"https:\/\/www.public.sn\/wp-content\/uploads\/2023\/03\/gms-libre.jpg","contentUrl":"https:\/\/www.public.sn\/wp-content\/uploads\/2023\/03\/gms-libre.jpg","width":960,"height":540},{"@type":"BreadcrumbList","@id":"https:\/\/www.public.sn\/index.php\/2023\/03\/05\/guy-marius-sagna-et-cie-sont-libres\/#breadcrumb","itemListElement":[{"@type":"ListItem","position":1,"name":"Accueil","item":"https:\/\/www.public.sn\/"},{"@type":"ListItem","position":2,"name":"Guy Marius Sagna et Cie sont libres !"}]},{"@type":"WebSite","@id":"https:\/\/www.public.sn\/#website","url":"https:\/\/www.public.sn\/","name":"LE PUBLIC","description":"","publisher":{"@id":"https:\/\/www.public.sn\/#organization"},"potentialAction":[{"@type":"SearchAction","target":{"@type":"EntryPoint","urlTemplate":"https:\/\/www.public.sn\/?s={search_term_string}"},"query-input":{"@type":"PropertyValueSpecification","valueRequired":true,"valueName":"search_term_string"}}],"inLanguage":"fr-FR"},{"@type":"Organization","@id":"https:\/\/www.public.sn\/#organization","name":"LE PUBLIC","url":"https:\/\/www.public.sn\/","logo":{"@type":"ImageObject","inLanguage":"fr-FR","@id":"https:\/\/www.public.sn\/#\/schema\/logo\/image\/","url":"https:\/\/www.public.sn\/wp-content\/uploads\/2024\/05\/cropped-LOGO-PUBLIC.SN_.png","contentUrl":"https:\/\/www.public.sn\/wp-content\/uploads\/2024\/05\/cropped-LOGO-PUBLIC.SN_.png","width":682,"height":192,"caption":"LE PUBLIC"},"image":{"@id":"https:\/\/www.public.sn\/#\/schema\/logo\/image\/"}},{"@type":"Person","@id":"https:\/\/www.public.sn\/#\/schema\/person\/cb76c8e1b8becc6be61fb5e92d6d0224","name":"LA REDACTION","image":{"@type":"ImageObject","inLanguage":"fr-FR","@id":"https:\/\/www.public.sn\/#\/schema\/person\/image\/","url":"https:\/\/secure.gravatar.com\/avatar\/2dce5ddd34b8fef0180efe03aa2a9bee7d953856048f9a16b298190a3178407c?s=96&d=mm&r=g","contentUrl":"https:\/\/secure.gravatar.com\/avatar\/2dce5ddd34b8fef0180efe03aa2a9bee7d953856048f9a16b298190a3178407c?s=96&d=mm&r=g","caption":"LA REDACTION"},"url":"https:\/\/www.public.sn\/index.php\/author\/editeurpsn\/"}]}},"jetpack_featured_media_url":"https:\/\/www.public.sn\/wp-content\/uploads\/2023\/03\/gms-libre.jpg","jetpack_sharing_enabled":true,"_links":{"self":[{"href":"https:\/\/www.public.sn\/index.php\/wp-json\/wp\/v2\/posts\/17189","targetHints":{"allow":["GET"]}}],"collection":[{"href":"https:\/\/www.public.sn\/index.php\/wp-json\/wp\/v2\/posts"}],"about":[{"href":"https:\/\/www.public.sn\/index.php\/wp-json\/wp\/v2\/types\/post"}],"author":[{"embeddable":true,"href":"https:\/\/www.public.sn\/index.php\/wp-json\/wp\/v2\/users\/7"}],"replies":[{"embeddable":true,"href":"https:\/\/www.public.sn\/index.php\/wp-json\/wp\/v2\/comments?post=17189"}],"version-history":[{"count":2,"href":"https:\/\/www.public.sn\/index.php\/wp-json\/wp\/v2\/posts\/17189\/revisions"}],"predecessor-version":[{"id":17197,"href":"https:\/\/www.public.sn\/index.php\/wp-json\/wp\/v2\/posts\/17189\/revisions\/17197"}],"wp:featuredmedia":[{"embeddable":true,"href":"https:\/\/www.public.sn\/index.php\/wp-json\/wp\/v2\/media\/17195"}],"wp:attachment":[{"href":"https:\/\/www.public.sn\/index.php\/wp-json\/wp\/v2\/media?parent=17189"}],"wp:term":[{"taxonomy":"category","embeddable":true,"href":"https:\/\/www.public.sn\/index.php\/wp-json\/wp\/v2\/categories?post=17189"},{"taxonomy":"post_tag","embeddable":true,"href":"https:\/\/www.public.sn\/index.php\/wp-json\/wp\/v2\/tags?post=17189"}],"curies":[{"name":"wp","href":"https:\/\/api.w.org\/{rel}","templated":true}]}}