{"id":17206,"date":"2023-03-05T15:52:27","date_gmt":"2023-03-05T15:52:27","guid":{"rendered":"https:\/\/www.public.sn\/?p=17206"},"modified":"2023-03-05T15:52:27","modified_gmt":"2023-03-05T15:52:27","slug":"tunisie-plus-de-300-ressortissant-rapatries-par-la-cote-divoire-et-le-mali","status":"publish","type":"post","link":"https:\/\/www.public.sn\/index.php\/2023\/03\/05\/tunisie-plus-de-300-ressortissant-rapatries-par-la-cote-divoire-et-le-mali\/","title":{"rendered":"Tunisie : plus de 300 ressortissant rapatri\u00e9s par la C\u00f4te d\u2019Ivoire et le Mali"},"content":{"rendered":"<p>Apr\u00e8s un premier vol ramenant au pays une cinquantaine de Guin\u00e9ens mercredi, la C\u00f4te d\u2019Ivoire et le Mali ont \u00e9vacu\u00e9 samedi 300 de leurs ressortissants par avion de Tunisie, o\u00f9 ils sont menac\u00e9s physiquement et verbalement depuis que le pr\u00e9sident Ka\u00efs Sa\u00efed a prononc\u00e9 un discours antimigrants.<\/p><div class=\"publi-paragraphe1\" style=\"margin-top: 10px;margin-bottom: 10px;margin-left: auto;margin-right: auto;text-align: center;\" id=\"publi-181894983\"><div class=\"publi-adlabel\">Publicit\u00e9<\/div><script async src=\"\/\/pagead2.googlesyndication.com\/pagead\/js\/adsbygoogle.js?client=ca-pub-4089586018074219\" crossorigin=\"anonymous\"><\/script><ins class=\"adsbygoogle\" style=\"display:block;\" data-ad-client=\"ca-pub-4089586018074219\" \ndata-ad-slot=\"2087940154\" \ndata-ad-format=\"auto\"><\/ins>\n<script> \n(adsbygoogle = window.adsbygoogle || []).push({}); \n<\/script>\n<\/div>\n<p>Environ 300 Ivoiriens et Maliens ont \u00e9t\u00e9 rapatri\u00e9s de la\u00a0<a href=\"http:\/\/www.france24.com\/fr\/tag\/tunisie\/\" target=\"_blank\" rel=\"nofollow noopener\">Tunisie<\/a>, samedi 4 mars, pour \u00e9chapper aux agressions et \u00e0 l\u2019hostilit\u00e9 dont ils sont victimes apr\u00e8s un\u00a0violent discours du pr\u00e9sident Ka\u00efs Sa\u00efed contre les migrants subsahariens en situation irr\u00e9guli\u00e8re.<\/p>\n<p><img fetchpriority=\"high\" decoding=\"async\" class=\"alignnone size-full wp-image-17207\" src=\"https:\/\/www.public.sn\/wp-content\/uploads\/2023\/03\/kais-saied-tunisie.jpg\" alt=\"\" width=\"602\" height=\"372\" srcset=\"https:\/\/www.public.sn\/wp-content\/uploads\/2023\/03\/kais-saied-tunisie.jpg 602w, https:\/\/www.public.sn\/wp-content\/uploads\/2023\/03\/kais-saied-tunisie-600x372.jpg 600w, https:\/\/www.public.sn\/wp-content\/uploads\/2023\/03\/kais-saied-tunisie-300x185.jpg 300w\" sizes=\"(max-width: 602px) 100vw, 602px\" \/><\/p>\n<p>Le 21 f\u00e9vrier,\u00a0<a href=\"https:\/\/www.xibaaru.sn\/propos-de-kais-saied-la-colere-des-ressortissants-ivoiriens-en-tunisie\/\" target=\"_blank\" rel=\"noopener\">Ka\u00efs Sa\u00efed<\/a>\u00a0a affirm\u00e9 que la pr\u00e9sence en Tunisie d\u2019immigr\u00e9s clandestins provenant de pays d\u2019Afrique subsaharienne \u00e9tait source de \u00ab\u00a0violence et de crimes\u00a0\u00bb et relevait d\u2019une \u00ab\u00a0entreprise criminelle\u00a0\u00bb visant \u00e0 \u00ab\u00a0changer la composition d\u00e9mographique\u00a0\u00bb du pays.<\/p>\n<p>Ce discours, condamn\u00e9 par des ONG comme \u00ab\u00a0raciste et haineux\u00a0\u00bb, a provoqu\u00e9 un toll\u00e9 en Tunisie o\u00f9 les Subsahariens font depuis \u00e9tat d\u2019une\u00a0<a href=\"http:\/\/www.france24.com\/fr\/vid%C3%A9o\/20230303-d%C3%A9chainements-de-violences-contre-les-africains-subsahariens-en-tunisie\" target=\"_blank\" rel=\"nofollow noopener\">recrudescence des agressions\u00a0<\/a>les visant et se sont pr\u00e9cipit\u00e9s par dizaines \u00e0 leurs ambassades pour \u00eatre rapatri\u00e9s.<\/p>\n<p>\u00ab\u00a0145 personnes sont partis ce matin apr\u00e8s avoir dormi dans des h\u00f4tels\u00a0\u00bb, a indiqu\u00e9 \u00e0 l\u2019AFP Jean Bedel Gnabli, pr\u00e9sident de l\u2019Association des Ivoiriens actifs en Tunisie, joint \u00e0 l\u2019a\u00e9roport peu avant leur d\u00e9collage.<\/p>\n<p>Selon l\u2019ambassadeur ivoirien \u00e0 Tunis, Ibrahim Sy Savan\u00e9, \u00ab\u00a0le nombre de candidats au retour atteint 1100\u00a0\u00bb. Un chiffre significatif pour la\u00a0<a href=\"http:\/\/www.france24.com\/fr\/vid%C3%A9o\/20230228-tunisie-apr%C3%A8s-les-propos-de-ka%C3%AFs-sa%C3%AFed-des-ivoiriens-demandent-leur-rapatriement\" target=\"_blank\" rel=\"nofollow noopener\">communaut\u00e9 ivoirienne qui, avec au moins 7000 personnes, est la plus importante d\u2019Afrique subsaharienne en Tunisie<\/a>, gr\u00e2ce \u00e0 une exemption de visa \u00e0 l\u2019entr\u00e9e.<\/p>\n<p><strong>Un \u00ab\u00a0d\u00e9ferlement de haine\u00a0\u00bb<\/strong><\/p>\n<p><img decoding=\"async\" class=\"alignnone size-full wp-image-17208\" src=\"https:\/\/www.public.sn\/wp-content\/uploads\/2023\/03\/tunisie-tuer-les-noirs.jpg\" alt=\"\" width=\"605\" height=\"340\" srcset=\"https:\/\/www.public.sn\/wp-content\/uploads\/2023\/03\/tunisie-tuer-les-noirs.jpg 605w, https:\/\/www.public.sn\/wp-content\/uploads\/2023\/03\/tunisie-tuer-les-noirs-600x337.jpg 600w, https:\/\/www.public.sn\/wp-content\/uploads\/2023\/03\/tunisie-tuer-les-noirs-300x169.jpg 300w\" sizes=\"(max-width: 605px) 100vw, 605px\" \/><\/p>\n<p>Quelque 30 \u00e9tudiants ivoiriens, en situation r\u00e9guli\u00e8re, font partie des rapatri\u00e9s. \u00ab\u00a0Ils ne se sentent pas \u00e0 l\u2019aise, certains ont \u00e9t\u00e9 victimes d\u2019actes racistes, certains sont en fin d\u2019\u00e9tudes, d\u2019autres les ont interrompues\u00a0\u00bb, a pr\u00e9cis\u00e9 \u00e0 l\u2019AFP par t\u00e9l\u00e9phone Micha\u00ebl Elie Bio Vamet, pr\u00e9sident de l\u2019Association des \u00e9tudiants ivoiriens. \u00ab\u00a0Il y a des agressions presque tous les jours, des menaces, ou bien ils sont mis dehors par leurs bailleurs, ou agress\u00e9s physiquement\u00a0\u00bb, a-t-il ajout\u00e9.<\/p>\n<p>Le Mali a \u00e9galement affr\u00e9t\u00e9 un avion pour rapatrier 150 personnes sur ordre du chef de la junte Assimi Goita, qui a donn\u00e9 \u00ab\u00a0des instructions tr\u00e8s fermes pour faire face\u00a0\u00bb \u00e0 la d\u00e9tresse de ses compatriotes, a dit \u00e0 l\u2019AFP un diplomate malien \u00e0 Tunis, sous couvert d\u2019anonymat. Leur avion a d\u00e9coll\u00e9 \u00e0 9h locales (8h GMT) ce samedi.<\/p>\n<div class=\"nty nty-post-middle nty-float-center nty-align-center nty-column-1 nty-clearfix no-bg-box-model\">\n<div id=\"nty-3576-167483774\" class=\"nty-container nty-type-code \" data-adid=\"3576\" data-type=\"code\">\n<div id=\"nty-3576-167483774-place\"><\/div>\n<\/div>\n<\/div>\n<p>Des Guin\u00e9ens rentr\u00e9s par le tout premier vol de rapatriement mercredi ont t\u00e9moign\u00e9 aupr\u00e8s de l\u2019AFP d\u2019un \u00ab\u00a0d\u00e9ferlement de haine\u00a0\u00bb apr\u00e8s le discours de Ka\u00efs Sa\u00efed, et de plusieurs jours de \u00ab\u00a0cauchemar\u00a0\u00bb.<\/p>\n<p>Un bon nombre des 21\u00a0000 ressortissants d\u2019Afrique subsaharienne recens\u00e9s officiellement en Tunisie, pour la plupart en situation irr\u00e9guli\u00e8re, ont perdu du jour au lendemain leur travail \u2013\u00a0g\u00e9n\u00e9ralement informel\u00a0\u2013 et leur logement, du fait de la campagne contre les clandestins.<\/p>\n<p>Plusieurs dizaines ont \u00e9t\u00e9 arr\u00eat\u00e9s lors de contr\u00f4les policiers, et certains sont encore en d\u00e9tention. D\u2019autres ont t\u00e9moign\u00e9 aupr\u00e8s d\u2019ONG de l\u2019existence de \u00ab\u00a0milices\u00a0\u00bb qui les pourchassent, les frappent et les d\u00e9troussent.<\/p>\n<p>Cette situation a provoqu\u00e9 l\u2019afflux de dizaines de personnes vers leurs ambassades, en particulier la C\u00f4te d\u2019Ivoire et le Mali, qui ont d\u00e9cid\u00e9 d\u2019en h\u00e9berger jusqu\u2019\u00e0 une centaine en urgence.<\/p>\n<p><strong>Campement improvis\u00e9 devant le si\u00e8ge de l\u2019OIM<\/strong><\/p>\n<p>D\u2019autres migrants, encore plus vuln\u00e9rables car issus de pays sans ambassade \u00e0 Tunis, ont rejoint un campement improvis\u00e9 devant le si\u00e8ge de l\u2019Office international des migrations (OIM), o\u00f9 ils dorment dans le froid et des conditions insalubres.<\/p>\n<p>Pour acc\u00e9l\u00e9rer les rapatriements, la Tunisie aurait renonc\u00e9 \u00e0 r\u00e9clamer aux personnes en situation irr\u00e9guli\u00e8re des p\u00e9nalit\u00e9s (80\u00a0dinars, 25\u00a0euros par mois de s\u00e9jour irr\u00e9gulier) qui, pour certains, d\u00e9passaient les 1\u00a0000\u00a0euros, selon le diplomate malien.<\/p>\n<p>Parmi les candidats au retour, figurent des dizaines d\u2019\u00e9tudiants, venant parfois de familles ais\u00e9es, inscrits dans des universit\u00e9s et des centres de formation cr\u00e9\u00e9s au titre de la coop\u00e9ration entre la Tunisie et leurs pays.<\/p>\n<p>Apeur\u00e9s, beaucoup sont rentr\u00e9s par leurs propres moyens tout au long de la semaine, selon un de leurs repr\u00e9sentants.<\/p>\n<p>L\u2019Association des \u00e9tudiants \u00e9trangers AESAT a document\u00e9 l\u2019agression, le 26 f\u00e9vrier, de \u00ab\u00a0quatre \u00e9tudiantes ivoiriennes \u00e0 la sortie de leur foyer universitaire\u00a0\u00bb et d&rsquo;\u00a0\u00bbune \u00e9tudiante gabonaise devant son domicile\u00a0\u00bb.<\/p>\n<p>D\u00e8s le lendemain du discours de Ka\u00efs Sa\u00efed, l\u2019AESAT avait donn\u00e9 comme consigne aux \u00e9tudiants subsahariens \u00ab\u00a0de rester chez eux\u00a0\u00bb, les priant de ne plus \u00ab\u00a0aller en cours\u00a0\u00bb. Une directive prolong\u00e9e au moins jusqu\u2019au 6 mars.<\/p>\n<div class=\"publi-apres-le-contenu\" style=\"margin-top: 10px;margin-bottom: 10px;margin-left: auto;margin-right: auto;text-align: center;\" id=\"publi-82642661\"><div class=\"publi-adlabel\">Publicit\u00e9<\/div><script async src=\"\/\/pagead2.googlesyndication.com\/pagead\/js\/adsbygoogle.js?client=ca-pub-4089586018074219\" crossorigin=\"anonymous\"><\/script><ins class=\"adsbygoogle\" style=\"display:block;\" data-ad-client=\"ca-pub-4089586018074219\" \ndata-ad-slot=\"2087940154\" \ndata-ad-format=\"auto\"><\/ins>\n<script> \n(adsbygoogle = window.adsbygoogle || []).push({}); \n<\/script>\n<\/div>","protected":false},"excerpt":{"rendered":"<p>Apr\u00e8s un premier vol ramenant au pays une cinquantaine de Guin\u00e9ens mercredi, la C\u00f4te d\u2019Ivoire et le Mali ont \u00e9vacu\u00e9 samedi 300 de leurs ressortissants par avion de Tunisie, o\u00f9 ils sont menac\u00e9s physiquement et verbalement depuis que le pr\u00e9sident Ka\u00efs Sa\u00efed a prononc\u00e9 un discours antimigrants. Environ 300 Ivoiriens et Maliens ont \u00e9t\u00e9 rapatri\u00e9s de la\u00a0Tunisie, samedi 4 mars, pour \u00e9chapper aux agressions et \u00e0 l\u2019hostilit\u00e9 dont ils sont victimes apr\u00e8s un\u00a0violent discours du pr\u00e9sident Ka\u00efs Sa\u00efed contre les migrants subsahariens en situation irr\u00e9guli\u00e8re. Le 21 f\u00e9vrier,\u00a0Ka\u00efs Sa\u00efed\u00a0a affirm\u00e9 que la pr\u00e9sence en Tunisie d\u2019immigr\u00e9s clandestins provenant de pays d\u2019Afrique subsaharienne \u00e9tait source de \u00ab\u00a0violence et de crimes\u00a0\u00bb et relevait d\u2019une \u00ab\u00a0entreprise criminelle\u00a0\u00bb visant \u00e0 \u00ab\u00a0changer la composition d\u00e9mographique\u00a0\u00bb du pays. Ce discours, condamn\u00e9 par des ONG comme \u00ab\u00a0raciste et haineux\u00a0\u00bb, a provoqu\u00e9 un toll\u00e9 en Tunisie o\u00f9 les Subsahariens font depuis \u00e9tat d\u2019une\u00a0recrudescence des agressions\u00a0les visant et se sont pr\u00e9cipit\u00e9s par dizaines \u00e0 leurs ambassades pour \u00eatre rapatri\u00e9s. \u00ab\u00a0145 personnes sont partis ce matin apr\u00e8s avoir dormi dans des h\u00f4tels\u00a0\u00bb, a indiqu\u00e9 \u00e0 l\u2019AFP Jean Bedel Gnabli, pr\u00e9sident de l\u2019Association des Ivoiriens actifs en Tunisie, joint \u00e0 l\u2019a\u00e9roport peu avant leur d\u00e9collage. Selon l\u2019ambassadeur ivoirien \u00e0 Tunis, Ibrahim Sy Savan\u00e9, \u00ab\u00a0le nombre de candidats au retour atteint 1100\u00a0\u00bb. Un chiffre significatif pour la\u00a0communaut\u00e9 ivoirienne qui, avec au moins 7000 personnes, est la plus importante d\u2019Afrique subsaharienne en Tunisie, gr\u00e2ce \u00e0 une exemption de visa \u00e0 l\u2019entr\u00e9e. Un \u00ab\u00a0d\u00e9ferlement de haine\u00a0\u00bb Quelque 30 \u00e9tudiants ivoiriens, en situation r\u00e9guli\u00e8re, font partie des rapatri\u00e9s. \u00ab\u00a0Ils ne se sentent pas \u00e0 l\u2019aise, certains ont \u00e9t\u00e9 victimes d\u2019actes racistes, certains sont en fin d\u2019\u00e9tudes, d\u2019autres les ont interrompues\u00a0\u00bb, a pr\u00e9cis\u00e9 \u00e0 l\u2019AFP par t\u00e9l\u00e9phone Micha\u00ebl Elie Bio Vamet, pr\u00e9sident de l\u2019Association des \u00e9tudiants ivoiriens. \u00ab\u00a0Il y a des agressions presque tous les jours, des menaces, ou bien ils sont mis dehors par leurs bailleurs, ou agress\u00e9s physiquement\u00a0\u00bb, a-t-il ajout\u00e9. Le Mali a \u00e9galement affr\u00e9t\u00e9 un avion pour rapatrier 150 personnes sur ordre du chef de la junte Assimi Goita, qui a donn\u00e9 \u00ab\u00a0des instructions tr\u00e8s fermes pour faire face\u00a0\u00bb \u00e0 la d\u00e9tresse de ses compatriotes, a dit \u00e0 l\u2019AFP un diplomate malien \u00e0 Tunis, sous couvert d\u2019anonymat. Leur avion a d\u00e9coll\u00e9 \u00e0 9h locales (8h GMT) ce samedi. Des Guin\u00e9ens rentr\u00e9s par le tout premier vol de rapatriement mercredi ont t\u00e9moign\u00e9 aupr\u00e8s de l\u2019AFP d\u2019un \u00ab\u00a0d\u00e9ferlement de haine\u00a0\u00bb apr\u00e8s le discours de Ka\u00efs Sa\u00efed, et de plusieurs jours de \u00ab\u00a0cauchemar\u00a0\u00bb. Un bon nombre des 21\u00a0000 ressortissants d\u2019Afrique subsaharienne recens\u00e9s officiellement en Tunisie, pour la plupart en situation irr\u00e9guli\u00e8re, ont perdu du jour au lendemain leur travail \u2013\u00a0g\u00e9n\u00e9ralement informel\u00a0\u2013 et leur logement, du fait de la campagne contre les clandestins. Plusieurs dizaines ont \u00e9t\u00e9 arr\u00eat\u00e9s lors de contr\u00f4les policiers, et certains sont encore en d\u00e9tention. D\u2019autres ont t\u00e9moign\u00e9 aupr\u00e8s d\u2019ONG de l\u2019existence de \u00ab\u00a0milices\u00a0\u00bb qui les pourchassent, les frappent et les d\u00e9troussent. Cette situation a provoqu\u00e9 l\u2019afflux de dizaines de personnes vers leurs ambassades, en particulier la C\u00f4te d\u2019Ivoire et le Mali, qui ont d\u00e9cid\u00e9 d\u2019en h\u00e9berger jusqu\u2019\u00e0 une centaine en urgence. Campement improvis\u00e9 devant le si\u00e8ge de l\u2019OIM D\u2019autres migrants, encore plus vuln\u00e9rables car issus de pays sans ambassade \u00e0 Tunis, ont rejoint un campement improvis\u00e9 devant le si\u00e8ge de l\u2019Office international des migrations (OIM), o\u00f9 ils dorment dans le froid et des conditions insalubres. Pour acc\u00e9l\u00e9rer les rapatriements, la Tunisie aurait renonc\u00e9 \u00e0 r\u00e9clamer aux personnes en situation irr\u00e9guli\u00e8re des p\u00e9nalit\u00e9s (80\u00a0dinars, 25\u00a0euros par mois de s\u00e9jour irr\u00e9gulier) qui, pour certains, d\u00e9passaient les 1\u00a0000\u00a0euros, selon le diplomate malien. Parmi les candidats au retour, figurent des dizaines d\u2019\u00e9tudiants, venant parfois de familles ais\u00e9es, inscrits dans des universit\u00e9s et des centres de formation cr\u00e9\u00e9s au titre de la coop\u00e9ration entre la Tunisie et leurs pays. Apeur\u00e9s, beaucoup sont rentr\u00e9s par leurs propres moyens tout au long de la semaine, selon un de leurs repr\u00e9sentants. L\u2019Association des \u00e9tudiants \u00e9trangers AESAT a document\u00e9 l\u2019agression, le 26 f\u00e9vrier, de \u00ab\u00a0quatre \u00e9tudiantes ivoiriennes \u00e0 la sortie de leur foyer universitaire\u00a0\u00bb et d&rsquo;\u00a0\u00bbune \u00e9tudiante gabonaise devant son domicile\u00a0\u00bb. D\u00e8s le lendemain du discours de Ka\u00efs Sa\u00efed, l\u2019AESAT avait donn\u00e9 comme consigne aux \u00e9tudiants subsahariens \u00ab\u00a0de rester chez eux\u00a0\u00bb, les priant de ne plus \u00ab\u00a0aller en cours\u00a0\u00bb. Une directive prolong\u00e9e au moins jusqu\u2019au 6 mars.<\/p>\n","protected":false},"author":7,"featured_media":17209,"comment_status":"open","ping_status":"open","sticky":false,"template":"","format":"standard","meta":{"_jetpack_memberships_contains_paid_content":false,"footnotes":""},"categories":[375,550,3728,3,376,4],"tags":[4609,4647,4550,946,3394],"class_list":["post-17206","post","type-post","status-publish","format-standard","has-post-thumbnail","hentry","category-actualites","category-afrique-monde","category-internationale","category-politique","category-securite-justice","category-societe","tag-cote-divoir","tag-malie","tag-racisme-tunisienne","tag-rapatriement","tag-tunisie","entry","has-media","owp-thumbs-layout-horizontal","owp-btn-normal","owp-tabs-layout-horizontal","has-no-thumbnails","has-product-nav"],"yoast_head":"<!-- This site is optimized with the Yoast SEO plugin v25.5 - https:\/\/yoast.com\/wordpress\/plugins\/seo\/ -->\n<title>Tunisie : plus de 300 ressortissant rapatri\u00e9s par la C\u00f4te d\u2019Ivoire et le Mali - LE PUBLIC<\/title>\n<meta name=\"robots\" content=\"index, follow, max-snippet:-1, max-image-preview:large, max-video-preview:-1\" \/>\n<link rel=\"canonical\" href=\"https:\/\/www.public.sn\/index.php\/2023\/03\/05\/tunisie-plus-de-300-ressortissant-rapatries-par-la-cote-divoire-et-le-mali\/\" \/>\n<meta property=\"og:locale\" content=\"fr_FR\" \/>\n<meta property=\"og:type\" content=\"article\" \/>\n<meta property=\"og:title\" content=\"Tunisie : plus de 300 ressortissant rapatri\u00e9s par la C\u00f4te d\u2019Ivoire et le Mali - LE PUBLIC\" \/>\n<meta property=\"og:description\" content=\"Apr\u00e8s un premier vol ramenant au pays une cinquantaine de Guin\u00e9ens mercredi, la C\u00f4te d\u2019Ivoire et le Mali ont \u00e9vacu\u00e9 samedi 300 de leurs ressortissants par avion de Tunisie, o\u00f9 ils sont menac\u00e9s physiquement et verbalement depuis que le pr\u00e9sident Ka\u00efs Sa\u00efed a prononc\u00e9 un discours antimigrants. Environ 300 Ivoiriens et Maliens ont \u00e9t\u00e9 rapatri\u00e9s de la\u00a0Tunisie, samedi 4 mars, pour \u00e9chapper aux agressions et \u00e0 l\u2019hostilit\u00e9 dont ils sont victimes apr\u00e8s un\u00a0violent discours du pr\u00e9sident Ka\u00efs Sa\u00efed contre les migrants subsahariens en situation irr\u00e9guli\u00e8re. Le 21 f\u00e9vrier,\u00a0Ka\u00efs Sa\u00efed\u00a0a affirm\u00e9 que la pr\u00e9sence en Tunisie d\u2019immigr\u00e9s clandestins provenant de pays d\u2019Afrique subsaharienne \u00e9tait source de \u00ab\u00a0violence et de crimes\u00a0\u00bb et relevait d\u2019une \u00ab\u00a0entreprise criminelle\u00a0\u00bb visant \u00e0 \u00ab\u00a0changer la composition d\u00e9mographique\u00a0\u00bb du pays. Ce discours, condamn\u00e9 par des ONG comme \u00ab\u00a0raciste et haineux\u00a0\u00bb, a provoqu\u00e9 un toll\u00e9 en Tunisie o\u00f9 les Subsahariens font depuis \u00e9tat d\u2019une\u00a0recrudescence des agressions\u00a0les visant et se sont pr\u00e9cipit\u00e9s par dizaines \u00e0 leurs ambassades pour \u00eatre rapatri\u00e9s. \u00ab\u00a0145 personnes sont partis ce matin apr\u00e8s avoir dormi dans des h\u00f4tels\u00a0\u00bb, a indiqu\u00e9 \u00e0 l\u2019AFP Jean Bedel Gnabli, pr\u00e9sident de l\u2019Association des Ivoiriens actifs en Tunisie, joint \u00e0 l\u2019a\u00e9roport peu avant leur d\u00e9collage. Selon l\u2019ambassadeur ivoirien \u00e0 Tunis, Ibrahim Sy Savan\u00e9, \u00ab\u00a0le nombre de candidats au retour atteint 1100\u00a0\u00bb. Un chiffre significatif pour la\u00a0communaut\u00e9 ivoirienne qui, avec au moins 7000 personnes, est la plus importante d\u2019Afrique subsaharienne en Tunisie, gr\u00e2ce \u00e0 une exemption de visa \u00e0 l\u2019entr\u00e9e. Un \u00ab\u00a0d\u00e9ferlement de haine\u00a0\u00bb Quelque 30 \u00e9tudiants ivoiriens, en situation r\u00e9guli\u00e8re, font partie des rapatri\u00e9s. \u00ab\u00a0Ils ne se sentent pas \u00e0 l\u2019aise, certains ont \u00e9t\u00e9 victimes d\u2019actes racistes, certains sont en fin d\u2019\u00e9tudes, d\u2019autres les ont interrompues\u00a0\u00bb, a pr\u00e9cis\u00e9 \u00e0 l\u2019AFP par t\u00e9l\u00e9phone Micha\u00ebl Elie Bio Vamet, pr\u00e9sident de l\u2019Association des \u00e9tudiants ivoiriens. \u00ab\u00a0Il y a des agressions presque tous les jours, des menaces, ou bien ils sont mis dehors par leurs bailleurs, ou agress\u00e9s physiquement\u00a0\u00bb, a-t-il ajout\u00e9. Le Mali a \u00e9galement affr\u00e9t\u00e9 un avion pour rapatrier 150 personnes sur ordre du chef de la junte Assimi Goita, qui a donn\u00e9 \u00ab\u00a0des instructions tr\u00e8s fermes pour faire face\u00a0\u00bb \u00e0 la d\u00e9tresse de ses compatriotes, a dit \u00e0 l\u2019AFP un diplomate malien \u00e0 Tunis, sous couvert d\u2019anonymat. Leur avion a d\u00e9coll\u00e9 \u00e0 9h locales (8h GMT) ce samedi. Des Guin\u00e9ens rentr\u00e9s par le tout premier vol de rapatriement mercredi ont t\u00e9moign\u00e9 aupr\u00e8s de l\u2019AFP d\u2019un \u00ab\u00a0d\u00e9ferlement de haine\u00a0\u00bb apr\u00e8s le discours de Ka\u00efs Sa\u00efed, et de plusieurs jours de \u00ab\u00a0cauchemar\u00a0\u00bb. Un bon nombre des 21\u00a0000 ressortissants d\u2019Afrique subsaharienne recens\u00e9s officiellement en Tunisie, pour la plupart en situation irr\u00e9guli\u00e8re, ont perdu du jour au lendemain leur travail \u2013\u00a0g\u00e9n\u00e9ralement informel\u00a0\u2013 et leur logement, du fait de la campagne contre les clandestins. Plusieurs dizaines ont \u00e9t\u00e9 arr\u00eat\u00e9s lors de contr\u00f4les policiers, et certains sont encore en d\u00e9tention. D\u2019autres ont t\u00e9moign\u00e9 aupr\u00e8s d\u2019ONG de l\u2019existence de \u00ab\u00a0milices\u00a0\u00bb qui les pourchassent, les frappent et les d\u00e9troussent. Cette situation a provoqu\u00e9 l\u2019afflux de dizaines de personnes vers leurs ambassades, en particulier la C\u00f4te d\u2019Ivoire et le Mali, qui ont d\u00e9cid\u00e9 d\u2019en h\u00e9berger jusqu\u2019\u00e0 une centaine en urgence. Campement improvis\u00e9 devant le si\u00e8ge de l\u2019OIM D\u2019autres migrants, encore plus vuln\u00e9rables car issus de pays sans ambassade \u00e0 Tunis, ont rejoint un campement improvis\u00e9 devant le si\u00e8ge de l\u2019Office international des migrations (OIM), o\u00f9 ils dorment dans le froid et des conditions insalubres. Pour acc\u00e9l\u00e9rer les rapatriements, la Tunisie aurait renonc\u00e9 \u00e0 r\u00e9clamer aux personnes en situation irr\u00e9guli\u00e8re des p\u00e9nalit\u00e9s (80\u00a0dinars, 25\u00a0euros par mois de s\u00e9jour irr\u00e9gulier) qui, pour certains, d\u00e9passaient les 1\u00a0000\u00a0euros, selon le diplomate malien. Parmi les candidats au retour, figurent des dizaines d\u2019\u00e9tudiants, venant parfois de familles ais\u00e9es, inscrits dans des universit\u00e9s et des centres de formation cr\u00e9\u00e9s au titre de la coop\u00e9ration entre la Tunisie et leurs pays. Apeur\u00e9s, beaucoup sont rentr\u00e9s par leurs propres moyens tout au long de la semaine, selon un de leurs repr\u00e9sentants. L\u2019Association des \u00e9tudiants \u00e9trangers AESAT a document\u00e9 l\u2019agression, le 26 f\u00e9vrier, de \u00ab\u00a0quatre \u00e9tudiantes ivoiriennes \u00e0 la sortie de leur foyer universitaire\u00a0\u00bb et d&rsquo;\u00a0\u00bbune \u00e9tudiante gabonaise devant son domicile\u00a0\u00bb. D\u00e8s le lendemain du discours de Ka\u00efs Sa\u00efed, l\u2019AESAT avait donn\u00e9 comme consigne aux \u00e9tudiants subsahariens \u00ab\u00a0de rester chez eux\u00a0\u00bb, les priant de ne plus \u00ab\u00a0aller en cours\u00a0\u00bb. Une directive prolong\u00e9e au moins jusqu\u2019au 6 mars.\" \/>\n<meta property=\"og:url\" content=\"https:\/\/www.public.sn\/index.php\/2023\/03\/05\/tunisie-plus-de-300-ressortissant-rapatries-par-la-cote-divoire-et-le-mali\/\" \/>\n<meta property=\"og:site_name\" content=\"LE PUBLIC\" \/>\n<meta property=\"article:published_time\" content=\"2023-03-05T15:52:27+00:00\" \/>\n<meta property=\"og:image\" content=\"https:\/\/www.public.sn\/wp-content\/uploads\/2023\/03\/rapatriement-tunisie.jpg\" \/>\n\t<meta property=\"og:image:width\" content=\"1256\" \/>\n\t<meta property=\"og:image:height\" content=\"628\" \/>\n\t<meta property=\"og:image:type\" content=\"image\/jpeg\" \/>\n<meta name=\"author\" content=\"LA REDACTION\" \/>\n<meta name=\"twitter:card\" content=\"summary_large_image\" \/>\n<meta name=\"twitter:label1\" content=\"\u00c9crit par\" \/>\n\t<meta name=\"twitter:data1\" content=\"LA REDACTION\" \/>\n\t<meta name=\"twitter:label2\" content=\"Dur\u00e9e de lecture estim\u00e9e\" \/>\n\t<meta name=\"twitter:data2\" content=\"5 minutes\" \/>\n<script type=\"application\/ld+json\" class=\"yoast-schema-graph\">{\"@context\":\"https:\/\/schema.org\",\"@graph\":[{\"@type\":\"Article\",\"@id\":\"https:\/\/www.public.sn\/index.php\/2023\/03\/05\/tunisie-plus-de-300-ressortissant-rapatries-par-la-cote-divoire-et-le-mali\/#article\",\"isPartOf\":{\"@id\":\"https:\/\/www.public.sn\/index.php\/2023\/03\/05\/tunisie-plus-de-300-ressortissant-rapatries-par-la-cote-divoire-et-le-mali\/\"},\"author\":{\"name\":\"LA REDACTION\",\"@id\":\"https:\/\/www.public.sn\/#\/schema\/person\/cb76c8e1b8becc6be61fb5e92d6d0224\"},\"headline\":\"Tunisie : plus de 300 ressortissant rapatri\u00e9s par la C\u00f4te d\u2019Ivoire et le Mali\",\"datePublished\":\"2023-03-05T15:52:27+00:00\",\"mainEntityOfPage\":{\"@id\":\"https:\/\/www.public.sn\/index.php\/2023\/03\/05\/tunisie-plus-de-300-ressortissant-rapatries-par-la-cote-divoire-et-le-mali\/\"},\"wordCount\":828,\"commentCount\":0,\"publisher\":{\"@id\":\"https:\/\/www.public.sn\/#organization\"},\"image\":{\"@id\":\"https:\/\/www.public.sn\/index.php\/2023\/03\/05\/tunisie-plus-de-300-ressortissant-rapatries-par-la-cote-divoire-et-le-mali\/#primaryimage\"},\"thumbnailUrl\":\"https:\/\/www.public.sn\/wp-content\/uploads\/2023\/03\/rapatriement-tunisie.jpg\",\"keywords\":[\"Cote d'Ivoir\",\"malie\",\"racisme tunisienne\",\"Rapatriement\",\"tunisie\"],\"articleSection\":[\"ACTUALIT\u00c9S\",\"AFRIQUE &amp; MONDE\",\"internationale\",\"POLITIQUE\",\"S\u00c9CURIT\u00c9 &amp; JUSTICE\",\"SOCIETE\"],\"inLanguage\":\"fr-FR\",\"potentialAction\":[{\"@type\":\"CommentAction\",\"name\":\"Comment\",\"target\":[\"https:\/\/www.public.sn\/index.php\/2023\/03\/05\/tunisie-plus-de-300-ressortissant-rapatries-par-la-cote-divoire-et-le-mali\/#respond\"]}]},{\"@type\":\"WebPage\",\"@id\":\"https:\/\/www.public.sn\/index.php\/2023\/03\/05\/tunisie-plus-de-300-ressortissant-rapatries-par-la-cote-divoire-et-le-mali\/\",\"url\":\"https:\/\/www.public.sn\/index.php\/2023\/03\/05\/tunisie-plus-de-300-ressortissant-rapatries-par-la-cote-divoire-et-le-mali\/\",\"name\":\"Tunisie : plus de 300 ressortissant rapatri\u00e9s par la C\u00f4te d\u2019Ivoire et le Mali - LE PUBLIC\",\"isPartOf\":{\"@id\":\"https:\/\/www.public.sn\/#website\"},\"primaryImageOfPage\":{\"@id\":\"https:\/\/www.public.sn\/index.php\/2023\/03\/05\/tunisie-plus-de-300-ressortissant-rapatries-par-la-cote-divoire-et-le-mali\/#primaryimage\"},\"image\":{\"@id\":\"https:\/\/www.public.sn\/index.php\/2023\/03\/05\/tunisie-plus-de-300-ressortissant-rapatries-par-la-cote-divoire-et-le-mali\/#primaryimage\"},\"thumbnailUrl\":\"https:\/\/www.public.sn\/wp-content\/uploads\/2023\/03\/rapatriement-tunisie.jpg\",\"datePublished\":\"2023-03-05T15:52:27+00:00\",\"breadcrumb\":{\"@id\":\"https:\/\/www.public.sn\/index.php\/2023\/03\/05\/tunisie-plus-de-300-ressortissant-rapatries-par-la-cote-divoire-et-le-mali\/#breadcrumb\"},\"inLanguage\":\"fr-FR\",\"potentialAction\":[{\"@type\":\"ReadAction\",\"target\":[\"https:\/\/www.public.sn\/index.php\/2023\/03\/05\/tunisie-plus-de-300-ressortissant-rapatries-par-la-cote-divoire-et-le-mali\/\"]}]},{\"@type\":\"ImageObject\",\"inLanguage\":\"fr-FR\",\"@id\":\"https:\/\/www.public.sn\/index.php\/2023\/03\/05\/tunisie-plus-de-300-ressortissant-rapatries-par-la-cote-divoire-et-le-mali\/#primaryimage\",\"url\":\"https:\/\/www.public.sn\/wp-content\/uploads\/2023\/03\/rapatriement-tunisie.jpg\",\"contentUrl\":\"https:\/\/www.public.sn\/wp-content\/uploads\/2023\/03\/rapatriement-tunisie.jpg\",\"width\":1256,\"height\":628},{\"@type\":\"BreadcrumbList\",\"@id\":\"https:\/\/www.public.sn\/index.php\/2023\/03\/05\/tunisie-plus-de-300-ressortissant-rapatries-par-la-cote-divoire-et-le-mali\/#breadcrumb\",\"itemListElement\":[{\"@type\":\"ListItem\",\"position\":1,\"name\":\"Accueil\",\"item\":\"https:\/\/www.public.sn\/\"},{\"@type\":\"ListItem\",\"position\":2,\"name\":\"Tunisie : plus de 300 ressortissant rapatri\u00e9s par la C\u00f4te d\u2019Ivoire et le Mali\"}]},{\"@type\":\"WebSite\",\"@id\":\"https:\/\/www.public.sn\/#website\",\"url\":\"https:\/\/www.public.sn\/\",\"name\":\"LE PUBLIC\",\"description\":\"\",\"publisher\":{\"@id\":\"https:\/\/www.public.sn\/#organization\"},\"potentialAction\":[{\"@type\":\"SearchAction\",\"target\":{\"@type\":\"EntryPoint\",\"urlTemplate\":\"https:\/\/www.public.sn\/?s={search_term_string}\"},\"query-input\":{\"@type\":\"PropertyValueSpecification\",\"valueRequired\":true,\"valueName\":\"search_term_string\"}}],\"inLanguage\":\"fr-FR\"},{\"@type\":\"Organization\",\"@id\":\"https:\/\/www.public.sn\/#organization\",\"name\":\"LE PUBLIC\",\"url\":\"https:\/\/www.public.sn\/\",\"logo\":{\"@type\":\"ImageObject\",\"inLanguage\":\"fr-FR\",\"@id\":\"https:\/\/www.public.sn\/#\/schema\/logo\/image\/\",\"url\":\"https:\/\/www.public.sn\/wp-content\/uploads\/2024\/05\/cropped-LOGO-PUBLIC.SN_.png\",\"contentUrl\":\"https:\/\/www.public.sn\/wp-content\/uploads\/2024\/05\/cropped-LOGO-PUBLIC.SN_.png\",\"width\":682,\"height\":192,\"caption\":\"LE PUBLIC\"},\"image\":{\"@id\":\"https:\/\/www.public.sn\/#\/schema\/logo\/image\/\"}},{\"@type\":\"Person\",\"@id\":\"https:\/\/www.public.sn\/#\/schema\/person\/cb76c8e1b8becc6be61fb5e92d6d0224\",\"name\":\"LA REDACTION\",\"image\":{\"@type\":\"ImageObject\",\"inLanguage\":\"fr-FR\",\"@id\":\"https:\/\/www.public.sn\/#\/schema\/person\/image\/\",\"url\":\"https:\/\/secure.gravatar.com\/avatar\/2dce5ddd34b8fef0180efe03aa2a9bee7d953856048f9a16b298190a3178407c?s=96&d=mm&r=g\",\"contentUrl\":\"https:\/\/secure.gravatar.com\/avatar\/2dce5ddd34b8fef0180efe03aa2a9bee7d953856048f9a16b298190a3178407c?s=96&d=mm&r=g\",\"caption\":\"LA REDACTION\"},\"url\":\"https:\/\/www.public.sn\/index.php\/author\/editeurpsn\/\"}]}<\/script>\n<!-- \/ Yoast SEO plugin. -->","yoast_head_json":{"title":"Tunisie : plus de 300 ressortissant rapatri\u00e9s par la C\u00f4te d\u2019Ivoire et le Mali - LE PUBLIC","robots":{"index":"index","follow":"follow","max-snippet":"max-snippet:-1","max-image-preview":"max-image-preview:large","max-video-preview":"max-video-preview:-1"},"canonical":"https:\/\/www.public.sn\/index.php\/2023\/03\/05\/tunisie-plus-de-300-ressortissant-rapatries-par-la-cote-divoire-et-le-mali\/","og_locale":"fr_FR","og_type":"article","og_title":"Tunisie : plus de 300 ressortissant rapatri\u00e9s par la C\u00f4te d\u2019Ivoire et le Mali - LE PUBLIC","og_description":"Apr\u00e8s un premier vol ramenant au pays une cinquantaine de Guin\u00e9ens mercredi, la C\u00f4te d\u2019Ivoire et le Mali ont \u00e9vacu\u00e9 samedi 300 de leurs ressortissants par avion de Tunisie, o\u00f9 ils sont menac\u00e9s physiquement et verbalement depuis que le pr\u00e9sident Ka\u00efs Sa\u00efed a prononc\u00e9 un discours antimigrants. Environ 300 Ivoiriens et Maliens ont \u00e9t\u00e9 rapatri\u00e9s de la\u00a0Tunisie, samedi 4 mars, pour \u00e9chapper aux agressions et \u00e0 l\u2019hostilit\u00e9 dont ils sont victimes apr\u00e8s un\u00a0violent discours du pr\u00e9sident Ka\u00efs Sa\u00efed contre les migrants subsahariens en situation irr\u00e9guli\u00e8re. Le 21 f\u00e9vrier,\u00a0Ka\u00efs Sa\u00efed\u00a0a affirm\u00e9 que la pr\u00e9sence en Tunisie d\u2019immigr\u00e9s clandestins provenant de pays d\u2019Afrique subsaharienne \u00e9tait source de \u00ab\u00a0violence et de crimes\u00a0\u00bb et relevait d\u2019une \u00ab\u00a0entreprise criminelle\u00a0\u00bb visant \u00e0 \u00ab\u00a0changer la composition d\u00e9mographique\u00a0\u00bb du pays. Ce discours, condamn\u00e9 par des ONG comme \u00ab\u00a0raciste et haineux\u00a0\u00bb, a provoqu\u00e9 un toll\u00e9 en Tunisie o\u00f9 les Subsahariens font depuis \u00e9tat d\u2019une\u00a0recrudescence des agressions\u00a0les visant et se sont pr\u00e9cipit\u00e9s par dizaines \u00e0 leurs ambassades pour \u00eatre rapatri\u00e9s. \u00ab\u00a0145 personnes sont partis ce matin apr\u00e8s avoir dormi dans des h\u00f4tels\u00a0\u00bb, a indiqu\u00e9 \u00e0 l\u2019AFP Jean Bedel Gnabli, pr\u00e9sident de l\u2019Association des Ivoiriens actifs en Tunisie, joint \u00e0 l\u2019a\u00e9roport peu avant leur d\u00e9collage. Selon l\u2019ambassadeur ivoirien \u00e0 Tunis, Ibrahim Sy Savan\u00e9, \u00ab\u00a0le nombre de candidats au retour atteint 1100\u00a0\u00bb. Un chiffre significatif pour la\u00a0communaut\u00e9 ivoirienne qui, avec au moins 7000 personnes, est la plus importante d\u2019Afrique subsaharienne en Tunisie, gr\u00e2ce \u00e0 une exemption de visa \u00e0 l\u2019entr\u00e9e. Un \u00ab\u00a0d\u00e9ferlement de haine\u00a0\u00bb Quelque 30 \u00e9tudiants ivoiriens, en situation r\u00e9guli\u00e8re, font partie des rapatri\u00e9s. \u00ab\u00a0Ils ne se sentent pas \u00e0 l\u2019aise, certains ont \u00e9t\u00e9 victimes d\u2019actes racistes, certains sont en fin d\u2019\u00e9tudes, d\u2019autres les ont interrompues\u00a0\u00bb, a pr\u00e9cis\u00e9 \u00e0 l\u2019AFP par t\u00e9l\u00e9phone Micha\u00ebl Elie Bio Vamet, pr\u00e9sident de l\u2019Association des \u00e9tudiants ivoiriens. \u00ab\u00a0Il y a des agressions presque tous les jours, des menaces, ou bien ils sont mis dehors par leurs bailleurs, ou agress\u00e9s physiquement\u00a0\u00bb, a-t-il ajout\u00e9. Le Mali a \u00e9galement affr\u00e9t\u00e9 un avion pour rapatrier 150 personnes sur ordre du chef de la junte Assimi Goita, qui a donn\u00e9 \u00ab\u00a0des instructions tr\u00e8s fermes pour faire face\u00a0\u00bb \u00e0 la d\u00e9tresse de ses compatriotes, a dit \u00e0 l\u2019AFP un diplomate malien \u00e0 Tunis, sous couvert d\u2019anonymat. Leur avion a d\u00e9coll\u00e9 \u00e0 9h locales (8h GMT) ce samedi. Des Guin\u00e9ens rentr\u00e9s par le tout premier vol de rapatriement mercredi ont t\u00e9moign\u00e9 aupr\u00e8s de l\u2019AFP d\u2019un \u00ab\u00a0d\u00e9ferlement de haine\u00a0\u00bb apr\u00e8s le discours de Ka\u00efs Sa\u00efed, et de plusieurs jours de \u00ab\u00a0cauchemar\u00a0\u00bb. Un bon nombre des 21\u00a0000 ressortissants d\u2019Afrique subsaharienne recens\u00e9s officiellement en Tunisie, pour la plupart en situation irr\u00e9guli\u00e8re, ont perdu du jour au lendemain leur travail \u2013\u00a0g\u00e9n\u00e9ralement informel\u00a0\u2013 et leur logement, du fait de la campagne contre les clandestins. Plusieurs dizaines ont \u00e9t\u00e9 arr\u00eat\u00e9s lors de contr\u00f4les policiers, et certains sont encore en d\u00e9tention. D\u2019autres ont t\u00e9moign\u00e9 aupr\u00e8s d\u2019ONG de l\u2019existence de \u00ab\u00a0milices\u00a0\u00bb qui les pourchassent, les frappent et les d\u00e9troussent. Cette situation a provoqu\u00e9 l\u2019afflux de dizaines de personnes vers leurs ambassades, en particulier la C\u00f4te d\u2019Ivoire et le Mali, qui ont d\u00e9cid\u00e9 d\u2019en h\u00e9berger jusqu\u2019\u00e0 une centaine en urgence. Campement improvis\u00e9 devant le si\u00e8ge de l\u2019OIM D\u2019autres migrants, encore plus vuln\u00e9rables car issus de pays sans ambassade \u00e0 Tunis, ont rejoint un campement improvis\u00e9 devant le si\u00e8ge de l\u2019Office international des migrations (OIM), o\u00f9 ils dorment dans le froid et des conditions insalubres. Pour acc\u00e9l\u00e9rer les rapatriements, la Tunisie aurait renonc\u00e9 \u00e0 r\u00e9clamer aux personnes en situation irr\u00e9guli\u00e8re des p\u00e9nalit\u00e9s (80\u00a0dinars, 25\u00a0euros par mois de s\u00e9jour irr\u00e9gulier) qui, pour certains, d\u00e9passaient les 1\u00a0000\u00a0euros, selon le diplomate malien. Parmi les candidats au retour, figurent des dizaines d\u2019\u00e9tudiants, venant parfois de familles ais\u00e9es, inscrits dans des universit\u00e9s et des centres de formation cr\u00e9\u00e9s au titre de la coop\u00e9ration entre la Tunisie et leurs pays. Apeur\u00e9s, beaucoup sont rentr\u00e9s par leurs propres moyens tout au long de la semaine, selon un de leurs repr\u00e9sentants. L\u2019Association des \u00e9tudiants \u00e9trangers AESAT a document\u00e9 l\u2019agression, le 26 f\u00e9vrier, de \u00ab\u00a0quatre \u00e9tudiantes ivoiriennes \u00e0 la sortie de leur foyer universitaire\u00a0\u00bb et d&rsquo;\u00a0\u00bbune \u00e9tudiante gabonaise devant son domicile\u00a0\u00bb. D\u00e8s le lendemain du discours de Ka\u00efs Sa\u00efed, l\u2019AESAT avait donn\u00e9 comme consigne aux \u00e9tudiants subsahariens \u00ab\u00a0de rester chez eux\u00a0\u00bb, les priant de ne plus \u00ab\u00a0aller en cours\u00a0\u00bb. Une directive prolong\u00e9e au moins jusqu\u2019au 6 mars.","og_url":"https:\/\/www.public.sn\/index.php\/2023\/03\/05\/tunisie-plus-de-300-ressortissant-rapatries-par-la-cote-divoire-et-le-mali\/","og_site_name":"LE PUBLIC","article_published_time":"2023-03-05T15:52:27+00:00","og_image":[{"width":1256,"height":628,"url":"https:\/\/www.public.sn\/wp-content\/uploads\/2023\/03\/rapatriement-tunisie.jpg","type":"image\/jpeg"}],"author":"LA REDACTION","twitter_card":"summary_large_image","twitter_misc":{"\u00c9crit par":"LA REDACTION","Dur\u00e9e de lecture estim\u00e9e":"5 minutes"},"schema":{"@context":"https:\/\/schema.org","@graph":[{"@type":"Article","@id":"https:\/\/www.public.sn\/index.php\/2023\/03\/05\/tunisie-plus-de-300-ressortissant-rapatries-par-la-cote-divoire-et-le-mali\/#article","isPartOf":{"@id":"https:\/\/www.public.sn\/index.php\/2023\/03\/05\/tunisie-plus-de-300-ressortissant-rapatries-par-la-cote-divoire-et-le-mali\/"},"author":{"name":"LA REDACTION","@id":"https:\/\/www.public.sn\/#\/schema\/person\/cb76c8e1b8becc6be61fb5e92d6d0224"},"headline":"Tunisie : plus de 300 ressortissant rapatri\u00e9s par la C\u00f4te d\u2019Ivoire et le Mali","datePublished":"2023-03-05T15:52:27+00:00","mainEntityOfPage":{"@id":"https:\/\/www.public.sn\/index.php\/2023\/03\/05\/tunisie-plus-de-300-ressortissant-rapatries-par-la-cote-divoire-et-le-mali\/"},"wordCount":828,"commentCount":0,"publisher":{"@id":"https:\/\/www.public.sn\/#organization"},"image":{"@id":"https:\/\/www.public.sn\/index.php\/2023\/03\/05\/tunisie-plus-de-300-ressortissant-rapatries-par-la-cote-divoire-et-le-mali\/#primaryimage"},"thumbnailUrl":"https:\/\/www.public.sn\/wp-content\/uploads\/2023\/03\/rapatriement-tunisie.jpg","keywords":["Cote d'Ivoir","malie","racisme tunisienne","Rapatriement","tunisie"],"articleSection":["ACTUALIT\u00c9S","AFRIQUE &amp; MONDE","internationale","POLITIQUE","S\u00c9CURIT\u00c9 &amp; JUSTICE","SOCIETE"],"inLanguage":"fr-FR","potentialAction":[{"@type":"CommentAction","name":"Comment","target":["https:\/\/www.public.sn\/index.php\/2023\/03\/05\/tunisie-plus-de-300-ressortissant-rapatries-par-la-cote-divoire-et-le-mali\/#respond"]}]},{"@type":"WebPage","@id":"https:\/\/www.public.sn\/index.php\/2023\/03\/05\/tunisie-plus-de-300-ressortissant-rapatries-par-la-cote-divoire-et-le-mali\/","url":"https:\/\/www.public.sn\/index.php\/2023\/03\/05\/tunisie-plus-de-300-ressortissant-rapatries-par-la-cote-divoire-et-le-mali\/","name":"Tunisie : plus de 300 ressortissant rapatri\u00e9s par la C\u00f4te d\u2019Ivoire et le Mali - LE PUBLIC","isPartOf":{"@id":"https:\/\/www.public.sn\/#website"},"primaryImageOfPage":{"@id":"https:\/\/www.public.sn\/index.php\/2023\/03\/05\/tunisie-plus-de-300-ressortissant-rapatries-par-la-cote-divoire-et-le-mali\/#primaryimage"},"image":{"@id":"https:\/\/www.public.sn\/index.php\/2023\/03\/05\/tunisie-plus-de-300-ressortissant-rapatries-par-la-cote-divoire-et-le-mali\/#primaryimage"},"thumbnailUrl":"https:\/\/www.public.sn\/wp-content\/uploads\/2023\/03\/rapatriement-tunisie.jpg","datePublished":"2023-03-05T15:52:27+00:00","breadcrumb":{"@id":"https:\/\/www.public.sn\/index.php\/2023\/03\/05\/tunisie-plus-de-300-ressortissant-rapatries-par-la-cote-divoire-et-le-mali\/#breadcrumb"},"inLanguage":"fr-FR","potentialAction":[{"@type":"ReadAction","target":["https:\/\/www.public.sn\/index.php\/2023\/03\/05\/tunisie-plus-de-300-ressortissant-rapatries-par-la-cote-divoire-et-le-mali\/"]}]},{"@type":"ImageObject","inLanguage":"fr-FR","@id":"https:\/\/www.public.sn\/index.php\/2023\/03\/05\/tunisie-plus-de-300-ressortissant-rapatries-par-la-cote-divoire-et-le-mali\/#primaryimage","url":"https:\/\/www.public.sn\/wp-content\/uploads\/2023\/03\/rapatriement-tunisie.jpg","contentUrl":"https:\/\/www.public.sn\/wp-content\/uploads\/2023\/03\/rapatriement-tunisie.jpg","width":1256,"height":628},{"@type":"BreadcrumbList","@id":"https:\/\/www.public.sn\/index.php\/2023\/03\/05\/tunisie-plus-de-300-ressortissant-rapatries-par-la-cote-divoire-et-le-mali\/#breadcrumb","itemListElement":[{"@type":"ListItem","position":1,"name":"Accueil","item":"https:\/\/www.public.sn\/"},{"@type":"ListItem","position":2,"name":"Tunisie : plus de 300 ressortissant rapatri\u00e9s par la C\u00f4te d\u2019Ivoire et le Mali"}]},{"@type":"WebSite","@id":"https:\/\/www.public.sn\/#website","url":"https:\/\/www.public.sn\/","name":"LE PUBLIC","description":"","publisher":{"@id":"https:\/\/www.public.sn\/#organization"},"potentialAction":[{"@type":"SearchAction","target":{"@type":"EntryPoint","urlTemplate":"https:\/\/www.public.sn\/?s={search_term_string}"},"query-input":{"@type":"PropertyValueSpecification","valueRequired":true,"valueName":"search_term_string"}}],"inLanguage":"fr-FR"},{"@type":"Organization","@id":"https:\/\/www.public.sn\/#organization","name":"LE PUBLIC","url":"https:\/\/www.public.sn\/","logo":{"@type":"ImageObject","inLanguage":"fr-FR","@id":"https:\/\/www.public.sn\/#\/schema\/logo\/image\/","url":"https:\/\/www.public.sn\/wp-content\/uploads\/2024\/05\/cropped-LOGO-PUBLIC.SN_.png","contentUrl":"https:\/\/www.public.sn\/wp-content\/uploads\/2024\/05\/cropped-LOGO-PUBLIC.SN_.png","width":682,"height":192,"caption":"LE PUBLIC"},"image":{"@id":"https:\/\/www.public.sn\/#\/schema\/logo\/image\/"}},{"@type":"Person","@id":"https:\/\/www.public.sn\/#\/schema\/person\/cb76c8e1b8becc6be61fb5e92d6d0224","name":"LA REDACTION","image":{"@type":"ImageObject","inLanguage":"fr-FR","@id":"https:\/\/www.public.sn\/#\/schema\/person\/image\/","url":"https:\/\/secure.gravatar.com\/avatar\/2dce5ddd34b8fef0180efe03aa2a9bee7d953856048f9a16b298190a3178407c?s=96&d=mm&r=g","contentUrl":"https:\/\/secure.gravatar.com\/avatar\/2dce5ddd34b8fef0180efe03aa2a9bee7d953856048f9a16b298190a3178407c?s=96&d=mm&r=g","caption":"LA REDACTION"},"url":"https:\/\/www.public.sn\/index.php\/author\/editeurpsn\/"}]}},"jetpack_featured_media_url":"https:\/\/www.public.sn\/wp-content\/uploads\/2023\/03\/rapatriement-tunisie.jpg","jetpack_sharing_enabled":true,"_links":{"self":[{"href":"https:\/\/www.public.sn\/index.php\/wp-json\/wp\/v2\/posts\/17206","targetHints":{"allow":["GET"]}}],"collection":[{"href":"https:\/\/www.public.sn\/index.php\/wp-json\/wp\/v2\/posts"}],"about":[{"href":"https:\/\/www.public.sn\/index.php\/wp-json\/wp\/v2\/types\/post"}],"author":[{"embeddable":true,"href":"https:\/\/www.public.sn\/index.php\/wp-json\/wp\/v2\/users\/7"}],"replies":[{"embeddable":true,"href":"https:\/\/www.public.sn\/index.php\/wp-json\/wp\/v2\/comments?post=17206"}],"version-history":[{"count":1,"href":"https:\/\/www.public.sn\/index.php\/wp-json\/wp\/v2\/posts\/17206\/revisions"}],"predecessor-version":[{"id":17210,"href":"https:\/\/www.public.sn\/index.php\/wp-json\/wp\/v2\/posts\/17206\/revisions\/17210"}],"wp:featuredmedia":[{"embeddable":true,"href":"https:\/\/www.public.sn\/index.php\/wp-json\/wp\/v2\/media\/17209"}],"wp:attachment":[{"href":"https:\/\/www.public.sn\/index.php\/wp-json\/wp\/v2\/media?parent=17206"}],"wp:term":[{"taxonomy":"category","embeddable":true,"href":"https:\/\/www.public.sn\/index.php\/wp-json\/wp\/v2\/categories?post=17206"},{"taxonomy":"post_tag","embeddable":true,"href":"https:\/\/www.public.sn\/index.php\/wp-json\/wp\/v2\/tags?post=17206"}],"curies":[{"name":"wp","href":"https:\/\/api.w.org\/{rel}","templated":true}]}}