{"id":17298,"date":"2023-03-06T12:24:19","date_gmt":"2023-03-06T12:24:19","guid":{"rendered":"https:\/\/www.public.sn\/?p=17298"},"modified":"2023-03-06T12:25:34","modified_gmt":"2023-03-06T12:25:34","slug":"affaire-pape-ndiaye-la-cap-demande-la-liberation-du-journaliste","status":"publish","type":"post","link":"https:\/\/www.public.sn\/index.php\/2023\/03\/06\/affaire-pape-ndiaye-la-cap-demande-la-liberation-du-journaliste\/","title":{"rendered":"AFFAIRE Pape Ndiaye : La CAP  demande la lib\u00e9ration du journaliste"},"content":{"rendered":"<p><strong>La coordination des associations de presse exige \u00a0la lib\u00e9ration du journaliste Pape Ndiaye, chroniqueur judiciaire \u00e0 la cha\u00eene de t\u00e9l\u00e9vision Walfadjri. Ce dernier doit \u00eatre pr\u00e9sent\u00e9 ce lundi au procureur de la R\u00e9publique.<\/strong><\/p><div class=\"publi-paragraphe1\" style=\"margin-top: 10px;margin-bottom: 10px;margin-left: auto;margin-right: auto;text-align: center;\" id=\"publi-169791821\"><div class=\"publi-adlabel\">Publicit\u00e9<\/div><script async src=\"\/\/pagead2.googlesyndication.com\/pagead\/js\/adsbygoogle.js?client=ca-pub-4089586018074219\" crossorigin=\"anonymous\"><\/script><ins class=\"adsbygoogle\" style=\"display:block;\" data-ad-client=\"ca-pub-4089586018074219\" \ndata-ad-slot=\"2087940154\" \ndata-ad-format=\"auto\"><\/ins>\n<script> \n(adsbygoogle = window.adsbygoogle || []).push({}); \n<\/script>\n<\/div>\n<p>Ainsi, la coordination rappelle qu\u2019elle reste attach\u00e9e \u00e0 la d\u00e9fense absolue \u00a0de la libert\u00e9 de la presse\u00a0 et de la libert\u00e9 d\u2019expression, garanties par\u00a0 la constitution s\u00e9n\u00e9galaise\u00a0 et les engagements internationaux souscrits par l\u2019Etat.<\/p>\n<p>Pour rappel\u00a0: Pape Ndiaye a \u00e9t\u00e9 convoqu\u00e9 pour diffusion de fausses nouvelles et outrage \u00e0 la magistrature<\/p>\n<p><strong>Ndeye Khady Mbaye Goudiaby<\/strong><\/p>\n<div class=\"publi-apres-le-contenu\" style=\"margin-top: 10px;margin-bottom: 10px;margin-left: auto;margin-right: auto;text-align: center;\" id=\"publi-299407983\"><div class=\"publi-adlabel\">Publicit\u00e9<\/div><script async src=\"\/\/pagead2.googlesyndication.com\/pagead\/js\/adsbygoogle.js?client=ca-pub-4089586018074219\" crossorigin=\"anonymous\"><\/script><ins class=\"adsbygoogle\" style=\"display:block;\" data-ad-client=\"ca-pub-4089586018074219\" \ndata-ad-slot=\"2087940154\" \ndata-ad-format=\"auto\"><\/ins>\n<script> \n(adsbygoogle = window.adsbygoogle || []).push({}); \n<\/script>\n<\/div>","protected":false},"excerpt":{"rendered":"<p>La coordination des associations de presse exige \u00a0la lib\u00e9ration du journaliste Pape Ndiaye, chroniqueur judiciaire \u00e0 la cha\u00eene de t\u00e9l\u00e9vision Walfadjri. Ce dernier doit \u00eatre pr\u00e9sent\u00e9 ce lundi au procureur de la R\u00e9publique. Ainsi, la coordination rappelle qu\u2019elle reste attach\u00e9e \u00e0 la d\u00e9fense absolue \u00a0de la libert\u00e9 de la presse\u00a0 et de la libert\u00e9 d\u2019expression, garanties par\u00a0 la constitution s\u00e9n\u00e9galaise\u00a0 et les engagements internationaux souscrits par l\u2019Etat. Pour rappel\u00a0: Pape Ndiaye a \u00e9t\u00e9 convoqu\u00e9 pour diffusion de fausses nouvelles et outrage \u00e0 la magistrature Ndeye Khady Mbaye Goudiaby<\/p>\n","protected":false},"author":7,"featured_media":17299,"comment_status":"open","ping_status":"open","sticky":false,"template":"","format":"standard","meta":{"_jetpack_memberships_contains_paid_content":false,"footnotes":""},"categories":[375,3724,961,376,1,372],"tags":[1473,1281,4621,3692],"class_list":["post-17298","post","type-post","status-publish","format-standard","has-post-thumbnail","hentry","category-actualites","category-justice","category-medias","category-securite-justice","category-non-classe","category-vedette","tag-arrestation","tag-cap","tag-pape-ndiaye","tag-tribunal-de-dakar","entry","has-media","owp-thumbs-layout-horizontal","owp-btn-normal","owp-tabs-layout-horizontal","has-no-thumbnails","has-product-nav"],"yoast_head":"<!-- This site is optimized with the Yoast SEO plugin v25.5 - https:\/\/yoast.com\/wordpress\/plugins\/seo\/ -->\n<title>AFFAIRE Pape Ndiaye : La CAP demande la lib\u00e9ration du journaliste - LE PUBLIC<\/title>\n<meta name=\"robots\" content=\"index, follow, max-snippet:-1, max-image-preview:large, max-video-preview:-1\" \/>\n<link rel=\"canonical\" href=\"https:\/\/www.public.sn\/index.php\/2023\/03\/06\/affaire-pape-ndiaye-la-cap-demande-la-liberation-du-journaliste\/\" \/>\n<meta property=\"og:locale\" content=\"fr_FR\" \/>\n<meta property=\"og:type\" content=\"article\" \/>\n<meta property=\"og:title\" content=\"AFFAIRE Pape Ndiaye : La CAP demande la lib\u00e9ration du journaliste - LE PUBLIC\" \/>\n<meta property=\"og:description\" content=\"La coordination des associations de presse exige \u00a0la lib\u00e9ration du journaliste Pape Ndiaye, chroniqueur judiciaire \u00e0 la cha\u00eene de t\u00e9l\u00e9vision Walfadjri. Ce dernier doit \u00eatre pr\u00e9sent\u00e9 ce lundi au procureur de la R\u00e9publique. Ainsi, la coordination rappelle qu\u2019elle reste attach\u00e9e \u00e0 la d\u00e9fense absolue \u00a0de la libert\u00e9 de la presse\u00a0 et de la libert\u00e9 d\u2019expression, garanties par\u00a0 la constitution s\u00e9n\u00e9galaise\u00a0 et les engagements internationaux souscrits par l\u2019Etat. Pour rappel\u00a0: Pape Ndiaye a \u00e9t\u00e9 convoqu\u00e9 pour diffusion de fausses nouvelles et outrage \u00e0 la magistrature Ndeye Khady Mbaye Goudiaby\" \/>\n<meta property=\"og:url\" content=\"https:\/\/www.public.sn\/index.php\/2023\/03\/06\/affaire-pape-ndiaye-la-cap-demande-la-liberation-du-journaliste\/\" \/>\n<meta property=\"og:site_name\" content=\"LE PUBLIC\" \/>\n<meta property=\"article:published_time\" content=\"2023-03-06T12:24:19+00:00\" \/>\n<meta property=\"article:modified_time\" content=\"2023-03-06T12:25:34+00:00\" \/>\n<meta property=\"og:image\" content=\"https:\/\/www.public.sn\/wp-content\/uploads\/2023\/03\/pape-ndiaye.jpg\" \/>\n\t<meta property=\"og:image:width\" content=\"664\" \/>\n\t<meta property=\"og:image:height\" content=\"372\" \/>\n\t<meta property=\"og:image:type\" content=\"image\/jpeg\" \/>\n<meta name=\"author\" content=\"LA REDACTION\" \/>\n<meta name=\"twitter:card\" content=\"summary_large_image\" \/>\n<meta name=\"twitter:label1\" content=\"\u00c9crit par\" \/>\n\t<meta name=\"twitter:data1\" content=\"LA REDACTION\" \/>\n\t<meta name=\"twitter:label2\" content=\"Dur\u00e9e de lecture estim\u00e9e\" \/>\n\t<meta name=\"twitter:data2\" content=\"1 minute\" \/>\n<script type=\"application\/ld+json\" class=\"yoast-schema-graph\">{\"@context\":\"https:\/\/schema.org\",\"@graph\":[{\"@type\":\"Article\",\"@id\":\"https:\/\/www.public.sn\/index.php\/2023\/03\/06\/affaire-pape-ndiaye-la-cap-demande-la-liberation-du-journaliste\/#article\",\"isPartOf\":{\"@id\":\"https:\/\/www.public.sn\/index.php\/2023\/03\/06\/affaire-pape-ndiaye-la-cap-demande-la-liberation-du-journaliste\/\"},\"author\":{\"name\":\"LA REDACTION\",\"@id\":\"https:\/\/www.public.sn\/#\/schema\/person\/cb76c8e1b8becc6be61fb5e92d6d0224\"},\"headline\":\"AFFAIRE Pape Ndiaye : La CAP demande la lib\u00e9ration du journaliste\",\"datePublished\":\"2023-03-06T12:24:19+00:00\",\"dateModified\":\"2023-03-06T12:25:34+00:00\",\"mainEntityOfPage\":{\"@id\":\"https:\/\/www.public.sn\/index.php\/2023\/03\/06\/affaire-pape-ndiaye-la-cap-demande-la-liberation-du-journaliste\/\"},\"wordCount\":109,\"commentCount\":0,\"publisher\":{\"@id\":\"https:\/\/www.public.sn\/#organization\"},\"image\":{\"@id\":\"https:\/\/www.public.sn\/index.php\/2023\/03\/06\/affaire-pape-ndiaye-la-cap-demande-la-liberation-du-journaliste\/#primaryimage\"},\"thumbnailUrl\":\"https:\/\/www.public.sn\/wp-content\/uploads\/2023\/03\/pape-ndiaye.jpg\",\"keywords\":[\"arrestation\",\"cap\",\"Pape Ndiaye\",\"tribunal de dakar\"],\"articleSection\":[\"ACTUALIT\u00c9S\",\"justice\",\"M\u00c9DIAS\",\"S\u00c9CURIT\u00c9 &amp; JUSTICE\",\"S\u00c9N\u00c9GAL\",\"VEDETTE\"],\"inLanguage\":\"fr-FR\",\"potentialAction\":[{\"@type\":\"CommentAction\",\"name\":\"Comment\",\"target\":[\"https:\/\/www.public.sn\/index.php\/2023\/03\/06\/affaire-pape-ndiaye-la-cap-demande-la-liberation-du-journaliste\/#respond\"]}]},{\"@type\":\"WebPage\",\"@id\":\"https:\/\/www.public.sn\/index.php\/2023\/03\/06\/affaire-pape-ndiaye-la-cap-demande-la-liberation-du-journaliste\/\",\"url\":\"https:\/\/www.public.sn\/index.php\/2023\/03\/06\/affaire-pape-ndiaye-la-cap-demande-la-liberation-du-journaliste\/\",\"name\":\"AFFAIRE Pape Ndiaye : La CAP demande la lib\u00e9ration du journaliste - LE PUBLIC\",\"isPartOf\":{\"@id\":\"https:\/\/www.public.sn\/#website\"},\"primaryImageOfPage\":{\"@id\":\"https:\/\/www.public.sn\/index.php\/2023\/03\/06\/affaire-pape-ndiaye-la-cap-demande-la-liberation-du-journaliste\/#primaryimage\"},\"image\":{\"@id\":\"https:\/\/www.public.sn\/index.php\/2023\/03\/06\/affaire-pape-ndiaye-la-cap-demande-la-liberation-du-journaliste\/#primaryimage\"},\"thumbnailUrl\":\"https:\/\/www.public.sn\/wp-content\/uploads\/2023\/03\/pape-ndiaye.jpg\",\"datePublished\":\"2023-03-06T12:24:19+00:00\",\"dateModified\":\"2023-03-06T12:25:34+00:00\",\"breadcrumb\":{\"@id\":\"https:\/\/www.public.sn\/index.php\/2023\/03\/06\/affaire-pape-ndiaye-la-cap-demande-la-liberation-du-journaliste\/#breadcrumb\"},\"inLanguage\":\"fr-FR\",\"potentialAction\":[{\"@type\":\"ReadAction\",\"target\":[\"https:\/\/www.public.sn\/index.php\/2023\/03\/06\/affaire-pape-ndiaye-la-cap-demande-la-liberation-du-journaliste\/\"]}]},{\"@type\":\"ImageObject\",\"inLanguage\":\"fr-FR\",\"@id\":\"https:\/\/www.public.sn\/index.php\/2023\/03\/06\/affaire-pape-ndiaye-la-cap-demande-la-liberation-du-journaliste\/#primaryimage\",\"url\":\"https:\/\/www.public.sn\/wp-content\/uploads\/2023\/03\/pape-ndiaye.jpg\",\"contentUrl\":\"https:\/\/www.public.sn\/wp-content\/uploads\/2023\/03\/pape-ndiaye.jpg\",\"width\":664,\"height\":372},{\"@type\":\"BreadcrumbList\",\"@id\":\"https:\/\/www.public.sn\/index.php\/2023\/03\/06\/affaire-pape-ndiaye-la-cap-demande-la-liberation-du-journaliste\/#breadcrumb\",\"itemListElement\":[{\"@type\":\"ListItem\",\"position\":1,\"name\":\"Accueil\",\"item\":\"https:\/\/www.public.sn\/\"},{\"@type\":\"ListItem\",\"position\":2,\"name\":\"AFFAIRE Pape Ndiaye : La CAP demande la lib\u00e9ration du journaliste\"}]},{\"@type\":\"WebSite\",\"@id\":\"https:\/\/www.public.sn\/#website\",\"url\":\"https:\/\/www.public.sn\/\",\"name\":\"LE PUBLIC\",\"description\":\"\",\"publisher\":{\"@id\":\"https:\/\/www.public.sn\/#organization\"},\"potentialAction\":[{\"@type\":\"SearchAction\",\"target\":{\"@type\":\"EntryPoint\",\"urlTemplate\":\"https:\/\/www.public.sn\/?s={search_term_string}\"},\"query-input\":{\"@type\":\"PropertyValueSpecification\",\"valueRequired\":true,\"valueName\":\"search_term_string\"}}],\"inLanguage\":\"fr-FR\"},{\"@type\":\"Organization\",\"@id\":\"https:\/\/www.public.sn\/#organization\",\"name\":\"LE PUBLIC\",\"url\":\"https:\/\/www.public.sn\/\",\"logo\":{\"@type\":\"ImageObject\",\"inLanguage\":\"fr-FR\",\"@id\":\"https:\/\/www.public.sn\/#\/schema\/logo\/image\/\",\"url\":\"https:\/\/www.public.sn\/wp-content\/uploads\/2024\/05\/cropped-LOGO-PUBLIC.SN_.png\",\"contentUrl\":\"https:\/\/www.public.sn\/wp-content\/uploads\/2024\/05\/cropped-LOGO-PUBLIC.SN_.png\",\"width\":682,\"height\":192,\"caption\":\"LE PUBLIC\"},\"image\":{\"@id\":\"https:\/\/www.public.sn\/#\/schema\/logo\/image\/\"}},{\"@type\":\"Person\",\"@id\":\"https:\/\/www.public.sn\/#\/schema\/person\/cb76c8e1b8becc6be61fb5e92d6d0224\",\"name\":\"LA REDACTION\",\"image\":{\"@type\":\"ImageObject\",\"inLanguage\":\"fr-FR\",\"@id\":\"https:\/\/www.public.sn\/#\/schema\/person\/image\/\",\"url\":\"https:\/\/secure.gravatar.com\/avatar\/2dce5ddd34b8fef0180efe03aa2a9bee7d953856048f9a16b298190a3178407c?s=96&d=mm&r=g\",\"contentUrl\":\"https:\/\/secure.gravatar.com\/avatar\/2dce5ddd34b8fef0180efe03aa2a9bee7d953856048f9a16b298190a3178407c?s=96&d=mm&r=g\",\"caption\":\"LA REDACTION\"},\"url\":\"https:\/\/www.public.sn\/index.php\/author\/editeurpsn\/\"}]}<\/script>\n<!-- \/ Yoast SEO plugin. -->","yoast_head_json":{"title":"AFFAIRE Pape Ndiaye : La CAP demande la lib\u00e9ration du journaliste - LE PUBLIC","robots":{"index":"index","follow":"follow","max-snippet":"max-snippet:-1","max-image-preview":"max-image-preview:large","max-video-preview":"max-video-preview:-1"},"canonical":"https:\/\/www.public.sn\/index.php\/2023\/03\/06\/affaire-pape-ndiaye-la-cap-demande-la-liberation-du-journaliste\/","og_locale":"fr_FR","og_type":"article","og_title":"AFFAIRE Pape Ndiaye : La CAP demande la lib\u00e9ration du journaliste - LE PUBLIC","og_description":"La coordination des associations de presse exige \u00a0la lib\u00e9ration du journaliste Pape Ndiaye, chroniqueur judiciaire \u00e0 la cha\u00eene de t\u00e9l\u00e9vision Walfadjri. Ce dernier doit \u00eatre pr\u00e9sent\u00e9 ce lundi au procureur de la R\u00e9publique. Ainsi, la coordination rappelle qu\u2019elle reste attach\u00e9e \u00e0 la d\u00e9fense absolue \u00a0de la libert\u00e9 de la presse\u00a0 et de la libert\u00e9 d\u2019expression, garanties par\u00a0 la constitution s\u00e9n\u00e9galaise\u00a0 et les engagements internationaux souscrits par l\u2019Etat. Pour rappel\u00a0: Pape Ndiaye a \u00e9t\u00e9 convoqu\u00e9 pour diffusion de fausses nouvelles et outrage \u00e0 la magistrature Ndeye Khady Mbaye Goudiaby","og_url":"https:\/\/www.public.sn\/index.php\/2023\/03\/06\/affaire-pape-ndiaye-la-cap-demande-la-liberation-du-journaliste\/","og_site_name":"LE PUBLIC","article_published_time":"2023-03-06T12:24:19+00:00","article_modified_time":"2023-03-06T12:25:34+00:00","og_image":[{"width":664,"height":372,"url":"https:\/\/www.public.sn\/wp-content\/uploads\/2023\/03\/pape-ndiaye.jpg","type":"image\/jpeg"}],"author":"LA REDACTION","twitter_card":"summary_large_image","twitter_misc":{"\u00c9crit par":"LA REDACTION","Dur\u00e9e de lecture estim\u00e9e":"1 minute"},"schema":{"@context":"https:\/\/schema.org","@graph":[{"@type":"Article","@id":"https:\/\/www.public.sn\/index.php\/2023\/03\/06\/affaire-pape-ndiaye-la-cap-demande-la-liberation-du-journaliste\/#article","isPartOf":{"@id":"https:\/\/www.public.sn\/index.php\/2023\/03\/06\/affaire-pape-ndiaye-la-cap-demande-la-liberation-du-journaliste\/"},"author":{"name":"LA REDACTION","@id":"https:\/\/www.public.sn\/#\/schema\/person\/cb76c8e1b8becc6be61fb5e92d6d0224"},"headline":"AFFAIRE Pape Ndiaye : La CAP demande la lib\u00e9ration du journaliste","datePublished":"2023-03-06T12:24:19+00:00","dateModified":"2023-03-06T12:25:34+00:00","mainEntityOfPage":{"@id":"https:\/\/www.public.sn\/index.php\/2023\/03\/06\/affaire-pape-ndiaye-la-cap-demande-la-liberation-du-journaliste\/"},"wordCount":109,"commentCount":0,"publisher":{"@id":"https:\/\/www.public.sn\/#organization"},"image":{"@id":"https:\/\/www.public.sn\/index.php\/2023\/03\/06\/affaire-pape-ndiaye-la-cap-demande-la-liberation-du-journaliste\/#primaryimage"},"thumbnailUrl":"https:\/\/www.public.sn\/wp-content\/uploads\/2023\/03\/pape-ndiaye.jpg","keywords":["arrestation","cap","Pape Ndiaye","tribunal de dakar"],"articleSection":["ACTUALIT\u00c9S","justice","M\u00c9DIAS","S\u00c9CURIT\u00c9 &amp; JUSTICE","S\u00c9N\u00c9GAL","VEDETTE"],"inLanguage":"fr-FR","potentialAction":[{"@type":"CommentAction","name":"Comment","target":["https:\/\/www.public.sn\/index.php\/2023\/03\/06\/affaire-pape-ndiaye-la-cap-demande-la-liberation-du-journaliste\/#respond"]}]},{"@type":"WebPage","@id":"https:\/\/www.public.sn\/index.php\/2023\/03\/06\/affaire-pape-ndiaye-la-cap-demande-la-liberation-du-journaliste\/","url":"https:\/\/www.public.sn\/index.php\/2023\/03\/06\/affaire-pape-ndiaye-la-cap-demande-la-liberation-du-journaliste\/","name":"AFFAIRE Pape Ndiaye : La CAP demande la lib\u00e9ration du journaliste - LE PUBLIC","isPartOf":{"@id":"https:\/\/www.public.sn\/#website"},"primaryImageOfPage":{"@id":"https:\/\/www.public.sn\/index.php\/2023\/03\/06\/affaire-pape-ndiaye-la-cap-demande-la-liberation-du-journaliste\/#primaryimage"},"image":{"@id":"https:\/\/www.public.sn\/index.php\/2023\/03\/06\/affaire-pape-ndiaye-la-cap-demande-la-liberation-du-journaliste\/#primaryimage"},"thumbnailUrl":"https:\/\/www.public.sn\/wp-content\/uploads\/2023\/03\/pape-ndiaye.jpg","datePublished":"2023-03-06T12:24:19+00:00","dateModified":"2023-03-06T12:25:34+00:00","breadcrumb":{"@id":"https:\/\/www.public.sn\/index.php\/2023\/03\/06\/affaire-pape-ndiaye-la-cap-demande-la-liberation-du-journaliste\/#breadcrumb"},"inLanguage":"fr-FR","potentialAction":[{"@type":"ReadAction","target":["https:\/\/www.public.sn\/index.php\/2023\/03\/06\/affaire-pape-ndiaye-la-cap-demande-la-liberation-du-journaliste\/"]}]},{"@type":"ImageObject","inLanguage":"fr-FR","@id":"https:\/\/www.public.sn\/index.php\/2023\/03\/06\/affaire-pape-ndiaye-la-cap-demande-la-liberation-du-journaliste\/#primaryimage","url":"https:\/\/www.public.sn\/wp-content\/uploads\/2023\/03\/pape-ndiaye.jpg","contentUrl":"https:\/\/www.public.sn\/wp-content\/uploads\/2023\/03\/pape-ndiaye.jpg","width":664,"height":372},{"@type":"BreadcrumbList","@id":"https:\/\/www.public.sn\/index.php\/2023\/03\/06\/affaire-pape-ndiaye-la-cap-demande-la-liberation-du-journaliste\/#breadcrumb","itemListElement":[{"@type":"ListItem","position":1,"name":"Accueil","item":"https:\/\/www.public.sn\/"},{"@type":"ListItem","position":2,"name":"AFFAIRE Pape Ndiaye : La CAP demande la lib\u00e9ration du journaliste"}]},{"@type":"WebSite","@id":"https:\/\/www.public.sn\/#website","url":"https:\/\/www.public.sn\/","name":"LE PUBLIC","description":"","publisher":{"@id":"https:\/\/www.public.sn\/#organization"},"potentialAction":[{"@type":"SearchAction","target":{"@type":"EntryPoint","urlTemplate":"https:\/\/www.public.sn\/?s={search_term_string}"},"query-input":{"@type":"PropertyValueSpecification","valueRequired":true,"valueName":"search_term_string"}}],"inLanguage":"fr-FR"},{"@type":"Organization","@id":"https:\/\/www.public.sn\/#organization","name":"LE PUBLIC","url":"https:\/\/www.public.sn\/","logo":{"@type":"ImageObject","inLanguage":"fr-FR","@id":"https:\/\/www.public.sn\/#\/schema\/logo\/image\/","url":"https:\/\/www.public.sn\/wp-content\/uploads\/2024\/05\/cropped-LOGO-PUBLIC.SN_.png","contentUrl":"https:\/\/www.public.sn\/wp-content\/uploads\/2024\/05\/cropped-LOGO-PUBLIC.SN_.png","width":682,"height":192,"caption":"LE PUBLIC"},"image":{"@id":"https:\/\/www.public.sn\/#\/schema\/logo\/image\/"}},{"@type":"Person","@id":"https:\/\/www.public.sn\/#\/schema\/person\/cb76c8e1b8becc6be61fb5e92d6d0224","name":"LA REDACTION","image":{"@type":"ImageObject","inLanguage":"fr-FR","@id":"https:\/\/www.public.sn\/#\/schema\/person\/image\/","url":"https:\/\/secure.gravatar.com\/avatar\/2dce5ddd34b8fef0180efe03aa2a9bee7d953856048f9a16b298190a3178407c?s=96&d=mm&r=g","contentUrl":"https:\/\/secure.gravatar.com\/avatar\/2dce5ddd34b8fef0180efe03aa2a9bee7d953856048f9a16b298190a3178407c?s=96&d=mm&r=g","caption":"LA REDACTION"},"url":"https:\/\/www.public.sn\/index.php\/author\/editeurpsn\/"}]}},"jetpack_featured_media_url":"https:\/\/www.public.sn\/wp-content\/uploads\/2023\/03\/pape-ndiaye.jpg","jetpack_sharing_enabled":true,"_links":{"self":[{"href":"https:\/\/www.public.sn\/index.php\/wp-json\/wp\/v2\/posts\/17298","targetHints":{"allow":["GET"]}}],"collection":[{"href":"https:\/\/www.public.sn\/index.php\/wp-json\/wp\/v2\/posts"}],"about":[{"href":"https:\/\/www.public.sn\/index.php\/wp-json\/wp\/v2\/types\/post"}],"author":[{"embeddable":true,"href":"https:\/\/www.public.sn\/index.php\/wp-json\/wp\/v2\/users\/7"}],"replies":[{"embeddable":true,"href":"https:\/\/www.public.sn\/index.php\/wp-json\/wp\/v2\/comments?post=17298"}],"version-history":[{"count":3,"href":"https:\/\/www.public.sn\/index.php\/wp-json\/wp\/v2\/posts\/17298\/revisions"}],"predecessor-version":[{"id":17302,"href":"https:\/\/www.public.sn\/index.php\/wp-json\/wp\/v2\/posts\/17298\/revisions\/17302"}],"wp:featuredmedia":[{"embeddable":true,"href":"https:\/\/www.public.sn\/index.php\/wp-json\/wp\/v2\/media\/17299"}],"wp:attachment":[{"href":"https:\/\/www.public.sn\/index.php\/wp-json\/wp\/v2\/media?parent=17298"}],"wp:term":[{"taxonomy":"category","embeddable":true,"href":"https:\/\/www.public.sn\/index.php\/wp-json\/wp\/v2\/categories?post=17298"},{"taxonomy":"post_tag","embeddable":true,"href":"https:\/\/www.public.sn\/index.php\/wp-json\/wp\/v2\/tags?post=17298"}],"curies":[{"name":"wp","href":"https:\/\/api.w.org\/{rel}","templated":true}]}}