{"id":17318,"date":"2023-03-06T14:04:42","date_gmt":"2023-03-06T14:04:42","guid":{"rendered":"https:\/\/www.public.sn\/?p=17318"},"modified":"2023-03-06T14:05:43","modified_gmt":"2023-03-06T14:05:43","slug":"video-urgent-pere-palla-manager-de-reug-reug-en-colere-contre-moustapha-gueye-limou-deff-dafa-gnaw-liko-yekini-deffone","status":"publish","type":"post","link":"https:\/\/www.public.sn\/index.php\/2023\/03\/06\/video-urgent-pere-palla-manager-de-reug-reug-en-colere-contre-moustapha-gueye-limou-deff-dafa-gnaw-liko-yekini-deffone\/","title":{"rendered":"Vid\u00e9o \u2013 Urgent: P\u00e8re Palla Manager de Reug Reug en col\u00e8re contre Moustapha Gueye \u00ab Limou D\u00e9ff Dafa Gnaw, liko Y\u00e9kini d\u00e9ffone\u2026 \u00bb"},"content":{"rendered":"<p><strong>Suite \u00e0 la victoire trop controvers\u00e9e de Reug Reug sur Sa Thi\u00e8s hier dimanche \u00e0 l\u2019ar\u00e8ne nationale, Tapha Gu\u00e8ye a pris sa d\u00e9cision ferme de dire que Reug Reug a bel et bien fait quatre appuis donc il a perdu le combat. Une sortie qui fait mal \u00e0 Palla Diop qui est tr\u00e8s en col\u00e8re contre Tapha Gueye qui, dit-il, ne devait pas prendre cette position qu\u2019il juge injuste et partisane. Et se pose la question pourquoi ce m\u00eame Tapha Gueye qui avait \u00e9t\u00e9 battu \u00e0 trois reprises par Y\u00e9kini n\u2019avait pas eu le courage d\u2019accepter sa d\u00e9faite ? Donc il n\u2019a d\u2019exemple \u00e0 donner \u00e0 personne.<\/strong><\/p><div class=\"publi-paragraphe1\" style=\"margin-top: 10px;margin-bottom: 10px;margin-left: auto;margin-right: auto;text-align: center;\" id=\"publi-2478453509\"><div class=\"publi-adlabel\">Publicit\u00e9<\/div><script async src=\"\/\/pagead2.googlesyndication.com\/pagead\/js\/adsbygoogle.js?client=ca-pub-4089586018074219\" crossorigin=\"anonymous\"><\/script><ins class=\"adsbygoogle\" style=\"display:block;\" data-ad-client=\"ca-pub-4089586018074219\" \ndata-ad-slot=\"2087940154\" \ndata-ad-format=\"auto\"><\/ins>\n<script> \n(adsbygoogle = window.adsbygoogle || []).push({}); \n<\/script>\n<\/div>\n<p>Regardez !!!<\/p>\n<p class=\"responsive-video-wrap clr\"><iframe title=\"Urgent: P\u00e9re Palla Menager Reug Reug M\u00e9r\u00e9na trop Moustapha Gueye &quot;Limou D\u00e9ff Dafa Gnaw Ndax .....\" width=\"1200\" height=\"675\" src=\"https:\/\/www.youtube.com\/embed\/Rmkw6rFh4PI?feature=oembed\" frameborder=\"0\" allow=\"accelerometer; autoplay; clipboard-write; encrypted-media; gyroscope; picture-in-picture; web-share\" allowfullscreen><\/iframe><\/p>\n<div class=\"publi-apres-le-contenu\" style=\"margin-top: 10px;margin-bottom: 10px;margin-left: auto;margin-right: auto;text-align: center;\" id=\"publi-1105097741\"><div class=\"publi-adlabel\">Publicit\u00e9<\/div><script async src=\"\/\/pagead2.googlesyndication.com\/pagead\/js\/adsbygoogle.js?client=ca-pub-4089586018074219\" crossorigin=\"anonymous\"><\/script><ins class=\"adsbygoogle\" style=\"display:block;\" data-ad-client=\"ca-pub-4089586018074219\" \ndata-ad-slot=\"2087940154\" \ndata-ad-format=\"auto\"><\/ins>\n<script> \n(adsbygoogle = window.adsbygoogle || []).push({}); \n<\/script>\n<\/div>","protected":false},"excerpt":{"rendered":"<p>Suite \u00e0 la victoire trop controvers\u00e9e de Reug Reug sur Sa Thi\u00e8s hier dimanche \u00e0 l\u2019ar\u00e8ne nationale, Tapha Gu\u00e8ye a pris sa d\u00e9cision ferme de dire que Reug Reug a bel et bien fait quatre appuis donc il a perdu le combat. Une sortie qui fait mal \u00e0 Palla Diop qui est tr\u00e8s en col\u00e8re contre Tapha Gueye qui, dit-il, ne devait pas prendre cette position qu\u2019il juge injuste et partisane. Et se pose la question pourquoi ce m\u00eame Tapha Gueye qui avait \u00e9t\u00e9 battu \u00e0 trois reprises par Y\u00e9kini n\u2019avait pas eu le courage d\u2019accepter sa d\u00e9faite ? Donc il n\u2019a d\u2019exemple \u00e0 donner \u00e0 personne. Regardez !!!<\/p>\n","protected":false},"author":7,"featured_media":17326,"comment_status":"open","ping_status":"open","sticky":false,"template":"","format":"standard","meta":{"_jetpack_memberships_contains_paid_content":false,"footnotes":""},"categories":[375,1023,902,1,4,7,372],"tags":[4655,4654,999,305],"class_list":["post-17318","post","type-post","status-publish","format-standard","has-post-thumbnail","hentry","category-actualites","category-buzz","category-lutte-senegalaise","category-non-classe","category-societe","category-sport","category-vedette","tag-moustapha-gueye","tag-palla-diop","tag-reug-reug","tag-sa-thies","entry","has-media","owp-thumbs-layout-horizontal","owp-btn-normal","owp-tabs-layout-horizontal","has-no-thumbnails","has-product-nav"],"yoast_head":"<!-- This site is optimized with the Yoast SEO plugin v25.5 - https:\/\/yoast.com\/wordpress\/plugins\/seo\/ -->\n<title>Vid\u00e9o \u2013 Urgent: P\u00e8re Palla Manager de Reug Reug en col\u00e8re contre Moustapha Gueye \u00ab Limou D\u00e9ff Dafa Gnaw, liko Y\u00e9kini d\u00e9ffone\u2026 \u00bb - LE PUBLIC<\/title>\n<meta name=\"robots\" content=\"index, follow, max-snippet:-1, max-image-preview:large, max-video-preview:-1\" \/>\n<link rel=\"canonical\" href=\"https:\/\/www.public.sn\/index.php\/2023\/03\/06\/video-urgent-pere-palla-manager-de-reug-reug-en-colere-contre-moustapha-gueye-limou-deff-dafa-gnaw-liko-yekini-deffone\/\" \/>\n<meta property=\"og:locale\" content=\"fr_FR\" \/>\n<meta property=\"og:type\" content=\"article\" \/>\n<meta property=\"og:title\" content=\"Vid\u00e9o \u2013 Urgent: P\u00e8re Palla Manager de Reug Reug en col\u00e8re contre Moustapha Gueye \u00ab Limou D\u00e9ff Dafa Gnaw, liko Y\u00e9kini d\u00e9ffone\u2026 \u00bb - LE PUBLIC\" \/>\n<meta property=\"og:description\" content=\"Suite \u00e0 la victoire trop controvers\u00e9e de Reug Reug sur Sa Thi\u00e8s hier dimanche \u00e0 l\u2019ar\u00e8ne nationale, Tapha Gu\u00e8ye a pris sa d\u00e9cision ferme de dire que Reug Reug a bel et bien fait quatre appuis donc il a perdu le combat. Une sortie qui fait mal \u00e0 Palla Diop qui est tr\u00e8s en col\u00e8re contre Tapha Gueye qui, dit-il, ne devait pas prendre cette position qu\u2019il juge injuste et partisane. Et se pose la question pourquoi ce m\u00eame Tapha Gueye qui avait \u00e9t\u00e9 battu \u00e0 trois reprises par Y\u00e9kini n\u2019avait pas eu le courage d\u2019accepter sa d\u00e9faite ? Donc il n\u2019a d\u2019exemple \u00e0 donner \u00e0 personne. Regardez !!!\" \/>\n<meta property=\"og:url\" content=\"https:\/\/www.public.sn\/index.php\/2023\/03\/06\/video-urgent-pere-palla-manager-de-reug-reug-en-colere-contre-moustapha-gueye-limou-deff-dafa-gnaw-liko-yekini-deffone\/\" \/>\n<meta property=\"og:site_name\" content=\"LE PUBLIC\" \/>\n<meta property=\"article:published_time\" content=\"2023-03-06T14:04:42+00:00\" \/>\n<meta property=\"article:modified_time\" content=\"2023-03-06T14:05:43+00:00\" \/>\n<meta property=\"og:image\" content=\"https:\/\/www.public.sn\/wp-content\/uploads\/2023\/03\/palla-diop.jpg\" \/>\n\t<meta property=\"og:image:width\" content=\"1280\" \/>\n\t<meta property=\"og:image:height\" content=\"500\" \/>\n\t<meta property=\"og:image:type\" content=\"image\/jpeg\" \/>\n<meta name=\"author\" content=\"LA REDACTION\" \/>\n<meta name=\"twitter:card\" content=\"summary_large_image\" \/>\n<meta name=\"twitter:label1\" content=\"\u00c9crit par\" \/>\n\t<meta name=\"twitter:data1\" content=\"LA REDACTION\" \/>\n\t<meta name=\"twitter:label2\" content=\"Dur\u00e9e de lecture estim\u00e9e\" \/>\n\t<meta name=\"twitter:data2\" content=\"1 minute\" \/>\n<script type=\"application\/ld+json\" class=\"yoast-schema-graph\">{\"@context\":\"https:\/\/schema.org\",\"@graph\":[{\"@type\":\"Article\",\"@id\":\"https:\/\/www.public.sn\/index.php\/2023\/03\/06\/video-urgent-pere-palla-manager-de-reug-reug-en-colere-contre-moustapha-gueye-limou-deff-dafa-gnaw-liko-yekini-deffone\/#article\",\"isPartOf\":{\"@id\":\"https:\/\/www.public.sn\/index.php\/2023\/03\/06\/video-urgent-pere-palla-manager-de-reug-reug-en-colere-contre-moustapha-gueye-limou-deff-dafa-gnaw-liko-yekini-deffone\/\"},\"author\":{\"name\":\"LA REDACTION\",\"@id\":\"https:\/\/www.public.sn\/#\/schema\/person\/cb76c8e1b8becc6be61fb5e92d6d0224\"},\"headline\":\"Vid\u00e9o \u2013 Urgent: P\u00e8re Palla Manager de Reug Reug en col\u00e8re contre Moustapha Gueye \u00ab Limou D\u00e9ff Dafa Gnaw, liko Y\u00e9kini d\u00e9ffone\u2026 \u00bb\",\"datePublished\":\"2023-03-06T14:04:42+00:00\",\"dateModified\":\"2023-03-06T14:05:43+00:00\",\"mainEntityOfPage\":{\"@id\":\"https:\/\/www.public.sn\/index.php\/2023\/03\/06\/video-urgent-pere-palla-manager-de-reug-reug-en-colere-contre-moustapha-gueye-limou-deff-dafa-gnaw-liko-yekini-deffone\/\"},\"wordCount\":149,\"commentCount\":0,\"publisher\":{\"@id\":\"https:\/\/www.public.sn\/#organization\"},\"image\":{\"@id\":\"https:\/\/www.public.sn\/index.php\/2023\/03\/06\/video-urgent-pere-palla-manager-de-reug-reug-en-colere-contre-moustapha-gueye-limou-deff-dafa-gnaw-liko-yekini-deffone\/#primaryimage\"},\"thumbnailUrl\":\"https:\/\/www.public.sn\/wp-content\/uploads\/2023\/03\/palla-diop.jpg\",\"keywords\":[\"Moustapha Gueye\",\"Palla Diop\",\"Reug Reug\",\"sa thies\"],\"articleSection\":[\"ACTUALIT\u00c9S\",\"BUZZ\",\"LUTTE S\u00c9N\u00c9GALAISE\",\"S\u00c9N\u00c9GAL\",\"SOCIETE\",\"SPORTS\",\"VEDETTE\"],\"inLanguage\":\"fr-FR\",\"potentialAction\":[{\"@type\":\"CommentAction\",\"name\":\"Comment\",\"target\":[\"https:\/\/www.public.sn\/index.php\/2023\/03\/06\/video-urgent-pere-palla-manager-de-reug-reug-en-colere-contre-moustapha-gueye-limou-deff-dafa-gnaw-liko-yekini-deffone\/#respond\"]}]},{\"@type\":\"WebPage\",\"@id\":\"https:\/\/www.public.sn\/index.php\/2023\/03\/06\/video-urgent-pere-palla-manager-de-reug-reug-en-colere-contre-moustapha-gueye-limou-deff-dafa-gnaw-liko-yekini-deffone\/\",\"url\":\"https:\/\/www.public.sn\/index.php\/2023\/03\/06\/video-urgent-pere-palla-manager-de-reug-reug-en-colere-contre-moustapha-gueye-limou-deff-dafa-gnaw-liko-yekini-deffone\/\",\"name\":\"Vid\u00e9o \u2013 Urgent: P\u00e8re Palla Manager de Reug Reug en col\u00e8re contre Moustapha Gueye \u00ab Limou D\u00e9ff Dafa Gnaw, liko Y\u00e9kini d\u00e9ffone\u2026 \u00bb - LE PUBLIC\",\"isPartOf\":{\"@id\":\"https:\/\/www.public.sn\/#website\"},\"primaryImageOfPage\":{\"@id\":\"https:\/\/www.public.sn\/index.php\/2023\/03\/06\/video-urgent-pere-palla-manager-de-reug-reug-en-colere-contre-moustapha-gueye-limou-deff-dafa-gnaw-liko-yekini-deffone\/#primaryimage\"},\"image\":{\"@id\":\"https:\/\/www.public.sn\/index.php\/2023\/03\/06\/video-urgent-pere-palla-manager-de-reug-reug-en-colere-contre-moustapha-gueye-limou-deff-dafa-gnaw-liko-yekini-deffone\/#primaryimage\"},\"thumbnailUrl\":\"https:\/\/www.public.sn\/wp-content\/uploads\/2023\/03\/palla-diop.jpg\",\"datePublished\":\"2023-03-06T14:04:42+00:00\",\"dateModified\":\"2023-03-06T14:05:43+00:00\",\"breadcrumb\":{\"@id\":\"https:\/\/www.public.sn\/index.php\/2023\/03\/06\/video-urgent-pere-palla-manager-de-reug-reug-en-colere-contre-moustapha-gueye-limou-deff-dafa-gnaw-liko-yekini-deffone\/#breadcrumb\"},\"inLanguage\":\"fr-FR\",\"potentialAction\":[{\"@type\":\"ReadAction\",\"target\":[\"https:\/\/www.public.sn\/index.php\/2023\/03\/06\/video-urgent-pere-palla-manager-de-reug-reug-en-colere-contre-moustapha-gueye-limou-deff-dafa-gnaw-liko-yekini-deffone\/\"]}]},{\"@type\":\"ImageObject\",\"inLanguage\":\"fr-FR\",\"@id\":\"https:\/\/www.public.sn\/index.php\/2023\/03\/06\/video-urgent-pere-palla-manager-de-reug-reug-en-colere-contre-moustapha-gueye-limou-deff-dafa-gnaw-liko-yekini-deffone\/#primaryimage\",\"url\":\"https:\/\/www.public.sn\/wp-content\/uploads\/2023\/03\/palla-diop.jpg\",\"contentUrl\":\"https:\/\/www.public.sn\/wp-content\/uploads\/2023\/03\/palla-diop.jpg\",\"width\":1280,\"height\":500},{\"@type\":\"BreadcrumbList\",\"@id\":\"https:\/\/www.public.sn\/index.php\/2023\/03\/06\/video-urgent-pere-palla-manager-de-reug-reug-en-colere-contre-moustapha-gueye-limou-deff-dafa-gnaw-liko-yekini-deffone\/#breadcrumb\",\"itemListElement\":[{\"@type\":\"ListItem\",\"position\":1,\"name\":\"Accueil\",\"item\":\"https:\/\/www.public.sn\/\"},{\"@type\":\"ListItem\",\"position\":2,\"name\":\"Vid\u00e9o \u2013 Urgent: P\u00e8re Palla Manager de Reug Reug en col\u00e8re contre Moustapha Gueye \u00ab Limou D\u00e9ff Dafa Gnaw, liko Y\u00e9kini d\u00e9ffone\u2026 \u00bb\"}]},{\"@type\":\"WebSite\",\"@id\":\"https:\/\/www.public.sn\/#website\",\"url\":\"https:\/\/www.public.sn\/\",\"name\":\"LE PUBLIC\",\"description\":\"\",\"publisher\":{\"@id\":\"https:\/\/www.public.sn\/#organization\"},\"potentialAction\":[{\"@type\":\"SearchAction\",\"target\":{\"@type\":\"EntryPoint\",\"urlTemplate\":\"https:\/\/www.public.sn\/?s={search_term_string}\"},\"query-input\":{\"@type\":\"PropertyValueSpecification\",\"valueRequired\":true,\"valueName\":\"search_term_string\"}}],\"inLanguage\":\"fr-FR\"},{\"@type\":\"Organization\",\"@id\":\"https:\/\/www.public.sn\/#organization\",\"name\":\"LE PUBLIC\",\"url\":\"https:\/\/www.public.sn\/\",\"logo\":{\"@type\":\"ImageObject\",\"inLanguage\":\"fr-FR\",\"@id\":\"https:\/\/www.public.sn\/#\/schema\/logo\/image\/\",\"url\":\"https:\/\/www.public.sn\/wp-content\/uploads\/2024\/05\/cropped-LOGO-PUBLIC.SN_.png\",\"contentUrl\":\"https:\/\/www.public.sn\/wp-content\/uploads\/2024\/05\/cropped-LOGO-PUBLIC.SN_.png\",\"width\":682,\"height\":192,\"caption\":\"LE PUBLIC\"},\"image\":{\"@id\":\"https:\/\/www.public.sn\/#\/schema\/logo\/image\/\"}},{\"@type\":\"Person\",\"@id\":\"https:\/\/www.public.sn\/#\/schema\/person\/cb76c8e1b8becc6be61fb5e92d6d0224\",\"name\":\"LA REDACTION\",\"image\":{\"@type\":\"ImageObject\",\"inLanguage\":\"fr-FR\",\"@id\":\"https:\/\/www.public.sn\/#\/schema\/person\/image\/\",\"url\":\"https:\/\/secure.gravatar.com\/avatar\/2dce5ddd34b8fef0180efe03aa2a9bee7d953856048f9a16b298190a3178407c?s=96&d=mm&r=g\",\"contentUrl\":\"https:\/\/secure.gravatar.com\/avatar\/2dce5ddd34b8fef0180efe03aa2a9bee7d953856048f9a16b298190a3178407c?s=96&d=mm&r=g\",\"caption\":\"LA REDACTION\"},\"url\":\"https:\/\/www.public.sn\/index.php\/author\/editeurpsn\/\"}]}<\/script>\n<!-- \/ Yoast SEO plugin. -->","yoast_head_json":{"title":"Vid\u00e9o \u2013 Urgent: P\u00e8re Palla Manager de Reug Reug en col\u00e8re contre Moustapha Gueye \u00ab Limou D\u00e9ff Dafa Gnaw, liko Y\u00e9kini d\u00e9ffone\u2026 \u00bb - LE PUBLIC","robots":{"index":"index","follow":"follow","max-snippet":"max-snippet:-1","max-image-preview":"max-image-preview:large","max-video-preview":"max-video-preview:-1"},"canonical":"https:\/\/www.public.sn\/index.php\/2023\/03\/06\/video-urgent-pere-palla-manager-de-reug-reug-en-colere-contre-moustapha-gueye-limou-deff-dafa-gnaw-liko-yekini-deffone\/","og_locale":"fr_FR","og_type":"article","og_title":"Vid\u00e9o \u2013 Urgent: P\u00e8re Palla Manager de Reug Reug en col\u00e8re contre Moustapha Gueye \u00ab Limou D\u00e9ff Dafa Gnaw, liko Y\u00e9kini d\u00e9ffone\u2026 \u00bb - LE PUBLIC","og_description":"Suite \u00e0 la victoire trop controvers\u00e9e de Reug Reug sur Sa Thi\u00e8s hier dimanche \u00e0 l\u2019ar\u00e8ne nationale, Tapha Gu\u00e8ye a pris sa d\u00e9cision ferme de dire que Reug Reug a bel et bien fait quatre appuis donc il a perdu le combat. Une sortie qui fait mal \u00e0 Palla Diop qui est tr\u00e8s en col\u00e8re contre Tapha Gueye qui, dit-il, ne devait pas prendre cette position qu\u2019il juge injuste et partisane. Et se pose la question pourquoi ce m\u00eame Tapha Gueye qui avait \u00e9t\u00e9 battu \u00e0 trois reprises par Y\u00e9kini n\u2019avait pas eu le courage d\u2019accepter sa d\u00e9faite ? Donc il n\u2019a d\u2019exemple \u00e0 donner \u00e0 personne. Regardez !!!","og_url":"https:\/\/www.public.sn\/index.php\/2023\/03\/06\/video-urgent-pere-palla-manager-de-reug-reug-en-colere-contre-moustapha-gueye-limou-deff-dafa-gnaw-liko-yekini-deffone\/","og_site_name":"LE PUBLIC","article_published_time":"2023-03-06T14:04:42+00:00","article_modified_time":"2023-03-06T14:05:43+00:00","og_image":[{"width":1280,"height":500,"url":"https:\/\/www.public.sn\/wp-content\/uploads\/2023\/03\/palla-diop.jpg","type":"image\/jpeg"}],"author":"LA REDACTION","twitter_card":"summary_large_image","twitter_misc":{"\u00c9crit par":"LA REDACTION","Dur\u00e9e de lecture estim\u00e9e":"1 minute"},"schema":{"@context":"https:\/\/schema.org","@graph":[{"@type":"Article","@id":"https:\/\/www.public.sn\/index.php\/2023\/03\/06\/video-urgent-pere-palla-manager-de-reug-reug-en-colere-contre-moustapha-gueye-limou-deff-dafa-gnaw-liko-yekini-deffone\/#article","isPartOf":{"@id":"https:\/\/www.public.sn\/index.php\/2023\/03\/06\/video-urgent-pere-palla-manager-de-reug-reug-en-colere-contre-moustapha-gueye-limou-deff-dafa-gnaw-liko-yekini-deffone\/"},"author":{"name":"LA REDACTION","@id":"https:\/\/www.public.sn\/#\/schema\/person\/cb76c8e1b8becc6be61fb5e92d6d0224"},"headline":"Vid\u00e9o \u2013 Urgent: P\u00e8re Palla Manager de Reug Reug en col\u00e8re contre Moustapha Gueye \u00ab Limou D\u00e9ff Dafa Gnaw, liko Y\u00e9kini d\u00e9ffone\u2026 \u00bb","datePublished":"2023-03-06T14:04:42+00:00","dateModified":"2023-03-06T14:05:43+00:00","mainEntityOfPage":{"@id":"https:\/\/www.public.sn\/index.php\/2023\/03\/06\/video-urgent-pere-palla-manager-de-reug-reug-en-colere-contre-moustapha-gueye-limou-deff-dafa-gnaw-liko-yekini-deffone\/"},"wordCount":149,"commentCount":0,"publisher":{"@id":"https:\/\/www.public.sn\/#organization"},"image":{"@id":"https:\/\/www.public.sn\/index.php\/2023\/03\/06\/video-urgent-pere-palla-manager-de-reug-reug-en-colere-contre-moustapha-gueye-limou-deff-dafa-gnaw-liko-yekini-deffone\/#primaryimage"},"thumbnailUrl":"https:\/\/www.public.sn\/wp-content\/uploads\/2023\/03\/palla-diop.jpg","keywords":["Moustapha Gueye","Palla Diop","Reug Reug","sa thies"],"articleSection":["ACTUALIT\u00c9S","BUZZ","LUTTE S\u00c9N\u00c9GALAISE","S\u00c9N\u00c9GAL","SOCIETE","SPORTS","VEDETTE"],"inLanguage":"fr-FR","potentialAction":[{"@type":"CommentAction","name":"Comment","target":["https:\/\/www.public.sn\/index.php\/2023\/03\/06\/video-urgent-pere-palla-manager-de-reug-reug-en-colere-contre-moustapha-gueye-limou-deff-dafa-gnaw-liko-yekini-deffone\/#respond"]}]},{"@type":"WebPage","@id":"https:\/\/www.public.sn\/index.php\/2023\/03\/06\/video-urgent-pere-palla-manager-de-reug-reug-en-colere-contre-moustapha-gueye-limou-deff-dafa-gnaw-liko-yekini-deffone\/","url":"https:\/\/www.public.sn\/index.php\/2023\/03\/06\/video-urgent-pere-palla-manager-de-reug-reug-en-colere-contre-moustapha-gueye-limou-deff-dafa-gnaw-liko-yekini-deffone\/","name":"Vid\u00e9o \u2013 Urgent: P\u00e8re Palla Manager de Reug Reug en col\u00e8re contre Moustapha Gueye \u00ab Limou D\u00e9ff Dafa Gnaw, liko Y\u00e9kini d\u00e9ffone\u2026 \u00bb - LE PUBLIC","isPartOf":{"@id":"https:\/\/www.public.sn\/#website"},"primaryImageOfPage":{"@id":"https:\/\/www.public.sn\/index.php\/2023\/03\/06\/video-urgent-pere-palla-manager-de-reug-reug-en-colere-contre-moustapha-gueye-limou-deff-dafa-gnaw-liko-yekini-deffone\/#primaryimage"},"image":{"@id":"https:\/\/www.public.sn\/index.php\/2023\/03\/06\/video-urgent-pere-palla-manager-de-reug-reug-en-colere-contre-moustapha-gueye-limou-deff-dafa-gnaw-liko-yekini-deffone\/#primaryimage"},"thumbnailUrl":"https:\/\/www.public.sn\/wp-content\/uploads\/2023\/03\/palla-diop.jpg","datePublished":"2023-03-06T14:04:42+00:00","dateModified":"2023-03-06T14:05:43+00:00","breadcrumb":{"@id":"https:\/\/www.public.sn\/index.php\/2023\/03\/06\/video-urgent-pere-palla-manager-de-reug-reug-en-colere-contre-moustapha-gueye-limou-deff-dafa-gnaw-liko-yekini-deffone\/#breadcrumb"},"inLanguage":"fr-FR","potentialAction":[{"@type":"ReadAction","target":["https:\/\/www.public.sn\/index.php\/2023\/03\/06\/video-urgent-pere-palla-manager-de-reug-reug-en-colere-contre-moustapha-gueye-limou-deff-dafa-gnaw-liko-yekini-deffone\/"]}]},{"@type":"ImageObject","inLanguage":"fr-FR","@id":"https:\/\/www.public.sn\/index.php\/2023\/03\/06\/video-urgent-pere-palla-manager-de-reug-reug-en-colere-contre-moustapha-gueye-limou-deff-dafa-gnaw-liko-yekini-deffone\/#primaryimage","url":"https:\/\/www.public.sn\/wp-content\/uploads\/2023\/03\/palla-diop.jpg","contentUrl":"https:\/\/www.public.sn\/wp-content\/uploads\/2023\/03\/palla-diop.jpg","width":1280,"height":500},{"@type":"BreadcrumbList","@id":"https:\/\/www.public.sn\/index.php\/2023\/03\/06\/video-urgent-pere-palla-manager-de-reug-reug-en-colere-contre-moustapha-gueye-limou-deff-dafa-gnaw-liko-yekini-deffone\/#breadcrumb","itemListElement":[{"@type":"ListItem","position":1,"name":"Accueil","item":"https:\/\/www.public.sn\/"},{"@type":"ListItem","position":2,"name":"Vid\u00e9o \u2013 Urgent: P\u00e8re Palla Manager de Reug Reug en col\u00e8re contre Moustapha Gueye \u00ab Limou D\u00e9ff Dafa Gnaw, liko Y\u00e9kini d\u00e9ffone\u2026 \u00bb"}]},{"@type":"WebSite","@id":"https:\/\/www.public.sn\/#website","url":"https:\/\/www.public.sn\/","name":"LE PUBLIC","description":"","publisher":{"@id":"https:\/\/www.public.sn\/#organization"},"potentialAction":[{"@type":"SearchAction","target":{"@type":"EntryPoint","urlTemplate":"https:\/\/www.public.sn\/?s={search_term_string}"},"query-input":{"@type":"PropertyValueSpecification","valueRequired":true,"valueName":"search_term_string"}}],"inLanguage":"fr-FR"},{"@type":"Organization","@id":"https:\/\/www.public.sn\/#organization","name":"LE PUBLIC","url":"https:\/\/www.public.sn\/","logo":{"@type":"ImageObject","inLanguage":"fr-FR","@id":"https:\/\/www.public.sn\/#\/schema\/logo\/image\/","url":"https:\/\/www.public.sn\/wp-content\/uploads\/2024\/05\/cropped-LOGO-PUBLIC.SN_.png","contentUrl":"https:\/\/www.public.sn\/wp-content\/uploads\/2024\/05\/cropped-LOGO-PUBLIC.SN_.png","width":682,"height":192,"caption":"LE PUBLIC"},"image":{"@id":"https:\/\/www.public.sn\/#\/schema\/logo\/image\/"}},{"@type":"Person","@id":"https:\/\/www.public.sn\/#\/schema\/person\/cb76c8e1b8becc6be61fb5e92d6d0224","name":"LA REDACTION","image":{"@type":"ImageObject","inLanguage":"fr-FR","@id":"https:\/\/www.public.sn\/#\/schema\/person\/image\/","url":"https:\/\/secure.gravatar.com\/avatar\/2dce5ddd34b8fef0180efe03aa2a9bee7d953856048f9a16b298190a3178407c?s=96&d=mm&r=g","contentUrl":"https:\/\/secure.gravatar.com\/avatar\/2dce5ddd34b8fef0180efe03aa2a9bee7d953856048f9a16b298190a3178407c?s=96&d=mm&r=g","caption":"LA REDACTION"},"url":"https:\/\/www.public.sn\/index.php\/author\/editeurpsn\/"}]}},"jetpack_featured_media_url":"https:\/\/www.public.sn\/wp-content\/uploads\/2023\/03\/palla-diop.jpg","jetpack_sharing_enabled":true,"_links":{"self":[{"href":"https:\/\/www.public.sn\/index.php\/wp-json\/wp\/v2\/posts\/17318","targetHints":{"allow":["GET"]}}],"collection":[{"href":"https:\/\/www.public.sn\/index.php\/wp-json\/wp\/v2\/posts"}],"about":[{"href":"https:\/\/www.public.sn\/index.php\/wp-json\/wp\/v2\/types\/post"}],"author":[{"embeddable":true,"href":"https:\/\/www.public.sn\/index.php\/wp-json\/wp\/v2\/users\/7"}],"replies":[{"embeddable":true,"href":"https:\/\/www.public.sn\/index.php\/wp-json\/wp\/v2\/comments?post=17318"}],"version-history":[{"count":2,"href":"https:\/\/www.public.sn\/index.php\/wp-json\/wp\/v2\/posts\/17318\/revisions"}],"predecessor-version":[{"id":17330,"href":"https:\/\/www.public.sn\/index.php\/wp-json\/wp\/v2\/posts\/17318\/revisions\/17330"}],"wp:featuredmedia":[{"embeddable":true,"href":"https:\/\/www.public.sn\/index.php\/wp-json\/wp\/v2\/media\/17326"}],"wp:attachment":[{"href":"https:\/\/www.public.sn\/index.php\/wp-json\/wp\/v2\/media?parent=17318"}],"wp:term":[{"taxonomy":"category","embeddable":true,"href":"https:\/\/www.public.sn\/index.php\/wp-json\/wp\/v2\/categories?post=17318"},{"taxonomy":"post_tag","embeddable":true,"href":"https:\/\/www.public.sn\/index.php\/wp-json\/wp\/v2\/tags?post=17318"}],"curies":[{"name":"wp","href":"https:\/\/api.w.org\/{rel}","templated":true}]}}