{"id":17381,"date":"2023-03-06T21:12:59","date_gmt":"2023-03-06T21:12:59","guid":{"rendered":"https:\/\/www.public.sn\/?p=17381"},"modified":"2023-03-06T21:12:59","modified_gmt":"2023-03-06T21:12:59","slug":"la-premiere-reaction-de-sa-thies-apres-sa-defaite-polemique-contre-reug-reug","status":"publish","type":"post","link":"https:\/\/www.public.sn\/index.php\/2023\/03\/06\/la-premiere-reaction-de-sa-thies-apres-sa-defaite-polemique-contre-reug-reug\/","title":{"rendered":"La premi\u00e8re r\u00e9action de Sa thi\u00e8s apr\u00e8s sa d\u00e9faite pol\u00e9mique contre Reug Reug"},"content":{"rendered":"<p><strong>Suite \u00e0 son combat controvers\u00e9 contre Reug Reug ce dimanche \u00e0 l\u2019Ar\u00e8ne Nationale de Dakar, le lutteur Sa Thi\u00e8s a r\u00e9agi. Il a d\u2019abord confirm\u00e9 qu\u2019il va d\u00e9poser un recours aupr\u00e8s du Comit\u00e9 National de Gestion (CNG) de la lutte s\u00e9n\u00e9galais, puis r\u00e9v\u00e8le que s\u2019il est tomb\u00e9, c\u2019est parce qu\u2019il s\u2019est laiss\u00e9 faire.<\/strong><\/p><div class=\"publi-paragraphe1\" style=\"margin-top: 10px;margin-bottom: 10px;margin-left: auto;margin-right: auto;text-align: center;\" id=\"publi-1340283874\"><div class=\"publi-adlabel\">Publicit\u00e9<\/div><script async src=\"\/\/pagead2.googlesyndication.com\/pagead\/js\/adsbygoogle.js?client=ca-pub-4089586018074219\" crossorigin=\"anonymous\"><\/script><ins class=\"adsbygoogle\" style=\"display:block;\" data-ad-client=\"ca-pub-4089586018074219\" \ndata-ad-slot=\"2087940154\" \ndata-ad-format=\"auto\"><\/ins>\n<script> \n(adsbygoogle = window.adsbygoogle || []).push({}); \n<\/script>\n<\/div>\n<p>\u00ab Je vais d\u00e9poser un recours au niveau de CNG. J\u2019ai un entourage, donc on fera ce qu\u2019on doit faire. Mais je tiens \u00e0 pr\u00e9ciser que toute personne commet des erreurs. Je sais que je l\u2019ai battu raison pour laquelle je me suis laiss\u00e9 faire lors de la deuxi\u00e8me chute \u00bb, a-t-il d\u00e9clar\u00e9 sur la 2STV.<\/p>\n<p>La d\u00e9cision de l\u2019arbitre, qui a accord\u00e9 la victoire \u00e0 Reug Reug lors de leur deuxi\u00e8me affrontement, a suscit\u00e9 une vive controverse. Sa Thi\u00e8s est convaincu que son adversaire a fait quatre appuis et a donc contest\u00e9 cette d\u00e9cision en levant les bras \u00e0 deux reprises pour signaler que Reug Reug \u00e9tait tomb\u00e9. Reug Reug, lui, apr\u00e8s avoir vu les ralentis sur Sen TV, a d\u00e9clar\u00e9 qu\u2019il n\u2019a pas fait 4 appuis.<\/p>\n<p>Le r\u00e9sultat du recours devrait \u00eatre connu d\u2019ici les prochains jours.<\/p>\n<div class=\"publi-apres-le-contenu\" style=\"margin-top: 10px;margin-bottom: 10px;margin-left: auto;margin-right: auto;text-align: center;\" id=\"publi-160659633\"><div class=\"publi-adlabel\">Publicit\u00e9<\/div><script async src=\"\/\/pagead2.googlesyndication.com\/pagead\/js\/adsbygoogle.js?client=ca-pub-4089586018074219\" crossorigin=\"anonymous\"><\/script><ins class=\"adsbygoogle\" style=\"display:block;\" data-ad-client=\"ca-pub-4089586018074219\" \ndata-ad-slot=\"2087940154\" \ndata-ad-format=\"auto\"><\/ins>\n<script> \n(adsbygoogle = window.adsbygoogle || []).push({}); \n<\/script>\n<\/div>","protected":false},"excerpt":{"rendered":"<p>Suite \u00e0 son combat controvers\u00e9 contre Reug Reug ce dimanche \u00e0 l\u2019Ar\u00e8ne Nationale de Dakar, le lutteur Sa Thi\u00e8s a r\u00e9agi. Il a d\u2019abord confirm\u00e9 qu\u2019il va d\u00e9poser un recours aupr\u00e8s du Comit\u00e9 National de Gestion (CNG) de la lutte s\u00e9n\u00e9galais, puis r\u00e9v\u00e8le que s\u2019il est tomb\u00e9, c\u2019est parce qu\u2019il s\u2019est laiss\u00e9 faire. \u00ab Je vais d\u00e9poser un recours au niveau de CNG. J\u2019ai un entourage, donc on fera ce qu\u2019on doit faire. Mais je tiens \u00e0 pr\u00e9ciser que toute personne commet des erreurs. Je sais que je l\u2019ai battu raison pour laquelle je me suis laiss\u00e9 faire lors de la deuxi\u00e8me chute \u00bb, a-t-il d\u00e9clar\u00e9 sur la 2STV. La d\u00e9cision de l\u2019arbitre, qui a accord\u00e9 la victoire \u00e0 Reug Reug lors de leur deuxi\u00e8me affrontement, a suscit\u00e9 une vive controverse. Sa Thi\u00e8s est convaincu que son adversaire a fait quatre appuis et a donc contest\u00e9 cette d\u00e9cision en levant les bras \u00e0 deux reprises pour signaler que Reug Reug \u00e9tait tomb\u00e9. Reug Reug, lui, apr\u00e8s avoir vu les ralentis sur Sen TV, a d\u00e9clar\u00e9 qu\u2019il n\u2019a pas fait 4 appuis. Le r\u00e9sultat du recours devrait \u00eatre connu d\u2019ici les prochains jours.<\/p>\n","protected":false},"author":7,"featured_media":17382,"comment_status":"open","ping_status":"open","sticky":false,"template":"","format":"standard","meta":{"_jetpack_memberships_contains_paid_content":false,"footnotes":""},"categories":[375,902,1,4,7,372],"tags":[981,999,305],"class_list":["post-17381","post","type-post","status-publish","format-standard","has-post-thumbnail","hentry","category-actualites","category-lutte-senegalaise","category-non-classe","category-societe","category-sport","category-vedette","tag-cng","tag-reug-reug","tag-sa-thies","entry","has-media","owp-thumbs-layout-horizontal","owp-btn-normal","owp-tabs-layout-horizontal","has-no-thumbnails","has-product-nav"],"yoast_head":"<!-- This site is optimized with the Yoast SEO plugin v25.5 - https:\/\/yoast.com\/wordpress\/plugins\/seo\/ -->\n<title>La premi\u00e8re r\u00e9action de Sa thi\u00e8s apr\u00e8s sa d\u00e9faite pol\u00e9mique contre Reug Reug - LE PUBLIC<\/title>\n<meta name=\"robots\" content=\"index, follow, max-snippet:-1, max-image-preview:large, max-video-preview:-1\" \/>\n<link rel=\"canonical\" href=\"https:\/\/www.public.sn\/index.php\/2023\/03\/06\/la-premiere-reaction-de-sa-thies-apres-sa-defaite-polemique-contre-reug-reug\/\" \/>\n<meta property=\"og:locale\" content=\"fr_FR\" \/>\n<meta property=\"og:type\" content=\"article\" \/>\n<meta property=\"og:title\" content=\"La premi\u00e8re r\u00e9action de Sa thi\u00e8s apr\u00e8s sa d\u00e9faite pol\u00e9mique contre Reug Reug - LE PUBLIC\" \/>\n<meta property=\"og:description\" content=\"Suite \u00e0 son combat controvers\u00e9 contre Reug Reug ce dimanche \u00e0 l\u2019Ar\u00e8ne Nationale de Dakar, le lutteur Sa Thi\u00e8s a r\u00e9agi. Il a d\u2019abord confirm\u00e9 qu\u2019il va d\u00e9poser un recours aupr\u00e8s du Comit\u00e9 National de Gestion (CNG) de la lutte s\u00e9n\u00e9galais, puis r\u00e9v\u00e8le que s\u2019il est tomb\u00e9, c\u2019est parce qu\u2019il s\u2019est laiss\u00e9 faire. \u00ab Je vais d\u00e9poser un recours au niveau de CNG. J\u2019ai un entourage, donc on fera ce qu\u2019on doit faire. Mais je tiens \u00e0 pr\u00e9ciser que toute personne commet des erreurs. Je sais que je l\u2019ai battu raison pour laquelle je me suis laiss\u00e9 faire lors de la deuxi\u00e8me chute \u00bb, a-t-il d\u00e9clar\u00e9 sur la 2STV. La d\u00e9cision de l\u2019arbitre, qui a accord\u00e9 la victoire \u00e0 Reug Reug lors de leur deuxi\u00e8me affrontement, a suscit\u00e9 une vive controverse. Sa Thi\u00e8s est convaincu que son adversaire a fait quatre appuis et a donc contest\u00e9 cette d\u00e9cision en levant les bras \u00e0 deux reprises pour signaler que Reug Reug \u00e9tait tomb\u00e9. Reug Reug, lui, apr\u00e8s avoir vu les ralentis sur Sen TV, a d\u00e9clar\u00e9 qu\u2019il n\u2019a pas fait 4 appuis. Le r\u00e9sultat du recours devrait \u00eatre connu d\u2019ici les prochains jours.\" \/>\n<meta property=\"og:url\" content=\"https:\/\/www.public.sn\/index.php\/2023\/03\/06\/la-premiere-reaction-de-sa-thies-apres-sa-defaite-polemique-contre-reug-reug\/\" \/>\n<meta property=\"og:site_name\" content=\"LE PUBLIC\" \/>\n<meta property=\"article:published_time\" content=\"2023-03-06T21:12:59+00:00\" \/>\n<meta property=\"og:image\" content=\"https:\/\/www.public.sn\/wp-content\/uploads\/2023\/03\/sathiess.jpeg\" \/>\n\t<meta property=\"og:image:width\" content=\"696\" \/>\n\t<meta property=\"og:image:height\" content=\"391\" \/>\n\t<meta property=\"og:image:type\" content=\"image\/jpeg\" \/>\n<meta name=\"author\" content=\"LA REDACTION\" \/>\n<meta name=\"twitter:card\" content=\"summary_large_image\" \/>\n<meta name=\"twitter:label1\" content=\"\u00c9crit par\" \/>\n\t<meta name=\"twitter:data1\" content=\"LA REDACTION\" \/>\n\t<meta name=\"twitter:label2\" content=\"Dur\u00e9e de lecture estim\u00e9e\" \/>\n\t<meta name=\"twitter:data2\" content=\"1 minute\" \/>\n<script type=\"application\/ld+json\" class=\"yoast-schema-graph\">{\"@context\":\"https:\/\/schema.org\",\"@graph\":[{\"@type\":\"Article\",\"@id\":\"https:\/\/www.public.sn\/index.php\/2023\/03\/06\/la-premiere-reaction-de-sa-thies-apres-sa-defaite-polemique-contre-reug-reug\/#article\",\"isPartOf\":{\"@id\":\"https:\/\/www.public.sn\/index.php\/2023\/03\/06\/la-premiere-reaction-de-sa-thies-apres-sa-defaite-polemique-contre-reug-reug\/\"},\"author\":{\"name\":\"LA REDACTION\",\"@id\":\"https:\/\/www.public.sn\/#\/schema\/person\/cb76c8e1b8becc6be61fb5e92d6d0224\"},\"headline\":\"La premi\u00e8re r\u00e9action de Sa thi\u00e8s apr\u00e8s sa d\u00e9faite pol\u00e9mique contre Reug Reug\",\"datePublished\":\"2023-03-06T21:12:59+00:00\",\"mainEntityOfPage\":{\"@id\":\"https:\/\/www.public.sn\/index.php\/2023\/03\/06\/la-premiere-reaction-de-sa-thies-apres-sa-defaite-polemique-contre-reug-reug\/\"},\"wordCount\":237,\"commentCount\":0,\"publisher\":{\"@id\":\"https:\/\/www.public.sn\/#organization\"},\"image\":{\"@id\":\"https:\/\/www.public.sn\/index.php\/2023\/03\/06\/la-premiere-reaction-de-sa-thies-apres-sa-defaite-polemique-contre-reug-reug\/#primaryimage\"},\"thumbnailUrl\":\"https:\/\/www.public.sn\/wp-content\/uploads\/2023\/03\/sathiess.jpeg\",\"keywords\":[\"Cng\",\"Reug Reug\",\"sa thies\"],\"articleSection\":[\"ACTUALIT\u00c9S\",\"LUTTE S\u00c9N\u00c9GALAISE\",\"S\u00c9N\u00c9GAL\",\"SOCIETE\",\"SPORTS\",\"VEDETTE\"],\"inLanguage\":\"fr-FR\",\"potentialAction\":[{\"@type\":\"CommentAction\",\"name\":\"Comment\",\"target\":[\"https:\/\/www.public.sn\/index.php\/2023\/03\/06\/la-premiere-reaction-de-sa-thies-apres-sa-defaite-polemique-contre-reug-reug\/#respond\"]}]},{\"@type\":\"WebPage\",\"@id\":\"https:\/\/www.public.sn\/index.php\/2023\/03\/06\/la-premiere-reaction-de-sa-thies-apres-sa-defaite-polemique-contre-reug-reug\/\",\"url\":\"https:\/\/www.public.sn\/index.php\/2023\/03\/06\/la-premiere-reaction-de-sa-thies-apres-sa-defaite-polemique-contre-reug-reug\/\",\"name\":\"La premi\u00e8re r\u00e9action de Sa thi\u00e8s apr\u00e8s sa d\u00e9faite pol\u00e9mique contre Reug Reug - LE PUBLIC\",\"isPartOf\":{\"@id\":\"https:\/\/www.public.sn\/#website\"},\"primaryImageOfPage\":{\"@id\":\"https:\/\/www.public.sn\/index.php\/2023\/03\/06\/la-premiere-reaction-de-sa-thies-apres-sa-defaite-polemique-contre-reug-reug\/#primaryimage\"},\"image\":{\"@id\":\"https:\/\/www.public.sn\/index.php\/2023\/03\/06\/la-premiere-reaction-de-sa-thies-apres-sa-defaite-polemique-contre-reug-reug\/#primaryimage\"},\"thumbnailUrl\":\"https:\/\/www.public.sn\/wp-content\/uploads\/2023\/03\/sathiess.jpeg\",\"datePublished\":\"2023-03-06T21:12:59+00:00\",\"breadcrumb\":{\"@id\":\"https:\/\/www.public.sn\/index.php\/2023\/03\/06\/la-premiere-reaction-de-sa-thies-apres-sa-defaite-polemique-contre-reug-reug\/#breadcrumb\"},\"inLanguage\":\"fr-FR\",\"potentialAction\":[{\"@type\":\"ReadAction\",\"target\":[\"https:\/\/www.public.sn\/index.php\/2023\/03\/06\/la-premiere-reaction-de-sa-thies-apres-sa-defaite-polemique-contre-reug-reug\/\"]}]},{\"@type\":\"ImageObject\",\"inLanguage\":\"fr-FR\",\"@id\":\"https:\/\/www.public.sn\/index.php\/2023\/03\/06\/la-premiere-reaction-de-sa-thies-apres-sa-defaite-polemique-contre-reug-reug\/#primaryimage\",\"url\":\"https:\/\/www.public.sn\/wp-content\/uploads\/2023\/03\/sathiess.jpeg\",\"contentUrl\":\"https:\/\/www.public.sn\/wp-content\/uploads\/2023\/03\/sathiess.jpeg\",\"width\":696,\"height\":391},{\"@type\":\"BreadcrumbList\",\"@id\":\"https:\/\/www.public.sn\/index.php\/2023\/03\/06\/la-premiere-reaction-de-sa-thies-apres-sa-defaite-polemique-contre-reug-reug\/#breadcrumb\",\"itemListElement\":[{\"@type\":\"ListItem\",\"position\":1,\"name\":\"Accueil\",\"item\":\"https:\/\/www.public.sn\/\"},{\"@type\":\"ListItem\",\"position\":2,\"name\":\"La premi\u00e8re r\u00e9action de Sa thi\u00e8s apr\u00e8s sa d\u00e9faite pol\u00e9mique contre Reug Reug\"}]},{\"@type\":\"WebSite\",\"@id\":\"https:\/\/www.public.sn\/#website\",\"url\":\"https:\/\/www.public.sn\/\",\"name\":\"LE PUBLIC\",\"description\":\"\",\"publisher\":{\"@id\":\"https:\/\/www.public.sn\/#organization\"},\"potentialAction\":[{\"@type\":\"SearchAction\",\"target\":{\"@type\":\"EntryPoint\",\"urlTemplate\":\"https:\/\/www.public.sn\/?s={search_term_string}\"},\"query-input\":{\"@type\":\"PropertyValueSpecification\",\"valueRequired\":true,\"valueName\":\"search_term_string\"}}],\"inLanguage\":\"fr-FR\"},{\"@type\":\"Organization\",\"@id\":\"https:\/\/www.public.sn\/#organization\",\"name\":\"LE PUBLIC\",\"url\":\"https:\/\/www.public.sn\/\",\"logo\":{\"@type\":\"ImageObject\",\"inLanguage\":\"fr-FR\",\"@id\":\"https:\/\/www.public.sn\/#\/schema\/logo\/image\/\",\"url\":\"https:\/\/www.public.sn\/wp-content\/uploads\/2024\/05\/cropped-LOGO-PUBLIC.SN_.png\",\"contentUrl\":\"https:\/\/www.public.sn\/wp-content\/uploads\/2024\/05\/cropped-LOGO-PUBLIC.SN_.png\",\"width\":682,\"height\":192,\"caption\":\"LE PUBLIC\"},\"image\":{\"@id\":\"https:\/\/www.public.sn\/#\/schema\/logo\/image\/\"}},{\"@type\":\"Person\",\"@id\":\"https:\/\/www.public.sn\/#\/schema\/person\/cb76c8e1b8becc6be61fb5e92d6d0224\",\"name\":\"LA REDACTION\",\"image\":{\"@type\":\"ImageObject\",\"inLanguage\":\"fr-FR\",\"@id\":\"https:\/\/www.public.sn\/#\/schema\/person\/image\/\",\"url\":\"https:\/\/secure.gravatar.com\/avatar\/2dce5ddd34b8fef0180efe03aa2a9bee7d953856048f9a16b298190a3178407c?s=96&d=mm&r=g\",\"contentUrl\":\"https:\/\/secure.gravatar.com\/avatar\/2dce5ddd34b8fef0180efe03aa2a9bee7d953856048f9a16b298190a3178407c?s=96&d=mm&r=g\",\"caption\":\"LA REDACTION\"},\"url\":\"https:\/\/www.public.sn\/index.php\/author\/editeurpsn\/\"}]}<\/script>\n<!-- \/ Yoast SEO plugin. -->","yoast_head_json":{"title":"La premi\u00e8re r\u00e9action de Sa thi\u00e8s apr\u00e8s sa d\u00e9faite pol\u00e9mique contre Reug Reug - LE PUBLIC","robots":{"index":"index","follow":"follow","max-snippet":"max-snippet:-1","max-image-preview":"max-image-preview:large","max-video-preview":"max-video-preview:-1"},"canonical":"https:\/\/www.public.sn\/index.php\/2023\/03\/06\/la-premiere-reaction-de-sa-thies-apres-sa-defaite-polemique-contre-reug-reug\/","og_locale":"fr_FR","og_type":"article","og_title":"La premi\u00e8re r\u00e9action de Sa thi\u00e8s apr\u00e8s sa d\u00e9faite pol\u00e9mique contre Reug Reug - LE PUBLIC","og_description":"Suite \u00e0 son combat controvers\u00e9 contre Reug Reug ce dimanche \u00e0 l\u2019Ar\u00e8ne Nationale de Dakar, le lutteur Sa Thi\u00e8s a r\u00e9agi. Il a d\u2019abord confirm\u00e9 qu\u2019il va d\u00e9poser un recours aupr\u00e8s du Comit\u00e9 National de Gestion (CNG) de la lutte s\u00e9n\u00e9galais, puis r\u00e9v\u00e8le que s\u2019il est tomb\u00e9, c\u2019est parce qu\u2019il s\u2019est laiss\u00e9 faire. \u00ab Je vais d\u00e9poser un recours au niveau de CNG. J\u2019ai un entourage, donc on fera ce qu\u2019on doit faire. Mais je tiens \u00e0 pr\u00e9ciser que toute personne commet des erreurs. Je sais que je l\u2019ai battu raison pour laquelle je me suis laiss\u00e9 faire lors de la deuxi\u00e8me chute \u00bb, a-t-il d\u00e9clar\u00e9 sur la 2STV. La d\u00e9cision de l\u2019arbitre, qui a accord\u00e9 la victoire \u00e0 Reug Reug lors de leur deuxi\u00e8me affrontement, a suscit\u00e9 une vive controverse. Sa Thi\u00e8s est convaincu que son adversaire a fait quatre appuis et a donc contest\u00e9 cette d\u00e9cision en levant les bras \u00e0 deux reprises pour signaler que Reug Reug \u00e9tait tomb\u00e9. Reug Reug, lui, apr\u00e8s avoir vu les ralentis sur Sen TV, a d\u00e9clar\u00e9 qu\u2019il n\u2019a pas fait 4 appuis. Le r\u00e9sultat du recours devrait \u00eatre connu d\u2019ici les prochains jours.","og_url":"https:\/\/www.public.sn\/index.php\/2023\/03\/06\/la-premiere-reaction-de-sa-thies-apres-sa-defaite-polemique-contre-reug-reug\/","og_site_name":"LE PUBLIC","article_published_time":"2023-03-06T21:12:59+00:00","og_image":[{"width":696,"height":391,"url":"https:\/\/www.public.sn\/wp-content\/uploads\/2023\/03\/sathiess.jpeg","type":"image\/jpeg"}],"author":"LA REDACTION","twitter_card":"summary_large_image","twitter_misc":{"\u00c9crit par":"LA REDACTION","Dur\u00e9e de lecture estim\u00e9e":"1 minute"},"schema":{"@context":"https:\/\/schema.org","@graph":[{"@type":"Article","@id":"https:\/\/www.public.sn\/index.php\/2023\/03\/06\/la-premiere-reaction-de-sa-thies-apres-sa-defaite-polemique-contre-reug-reug\/#article","isPartOf":{"@id":"https:\/\/www.public.sn\/index.php\/2023\/03\/06\/la-premiere-reaction-de-sa-thies-apres-sa-defaite-polemique-contre-reug-reug\/"},"author":{"name":"LA REDACTION","@id":"https:\/\/www.public.sn\/#\/schema\/person\/cb76c8e1b8becc6be61fb5e92d6d0224"},"headline":"La premi\u00e8re r\u00e9action de Sa thi\u00e8s apr\u00e8s sa d\u00e9faite pol\u00e9mique contre Reug Reug","datePublished":"2023-03-06T21:12:59+00:00","mainEntityOfPage":{"@id":"https:\/\/www.public.sn\/index.php\/2023\/03\/06\/la-premiere-reaction-de-sa-thies-apres-sa-defaite-polemique-contre-reug-reug\/"},"wordCount":237,"commentCount":0,"publisher":{"@id":"https:\/\/www.public.sn\/#organization"},"image":{"@id":"https:\/\/www.public.sn\/index.php\/2023\/03\/06\/la-premiere-reaction-de-sa-thies-apres-sa-defaite-polemique-contre-reug-reug\/#primaryimage"},"thumbnailUrl":"https:\/\/www.public.sn\/wp-content\/uploads\/2023\/03\/sathiess.jpeg","keywords":["Cng","Reug Reug","sa thies"],"articleSection":["ACTUALIT\u00c9S","LUTTE S\u00c9N\u00c9GALAISE","S\u00c9N\u00c9GAL","SOCIETE","SPORTS","VEDETTE"],"inLanguage":"fr-FR","potentialAction":[{"@type":"CommentAction","name":"Comment","target":["https:\/\/www.public.sn\/index.php\/2023\/03\/06\/la-premiere-reaction-de-sa-thies-apres-sa-defaite-polemique-contre-reug-reug\/#respond"]}]},{"@type":"WebPage","@id":"https:\/\/www.public.sn\/index.php\/2023\/03\/06\/la-premiere-reaction-de-sa-thies-apres-sa-defaite-polemique-contre-reug-reug\/","url":"https:\/\/www.public.sn\/index.php\/2023\/03\/06\/la-premiere-reaction-de-sa-thies-apres-sa-defaite-polemique-contre-reug-reug\/","name":"La premi\u00e8re r\u00e9action de Sa thi\u00e8s apr\u00e8s sa d\u00e9faite pol\u00e9mique contre Reug Reug - LE PUBLIC","isPartOf":{"@id":"https:\/\/www.public.sn\/#website"},"primaryImageOfPage":{"@id":"https:\/\/www.public.sn\/index.php\/2023\/03\/06\/la-premiere-reaction-de-sa-thies-apres-sa-defaite-polemique-contre-reug-reug\/#primaryimage"},"image":{"@id":"https:\/\/www.public.sn\/index.php\/2023\/03\/06\/la-premiere-reaction-de-sa-thies-apres-sa-defaite-polemique-contre-reug-reug\/#primaryimage"},"thumbnailUrl":"https:\/\/www.public.sn\/wp-content\/uploads\/2023\/03\/sathiess.jpeg","datePublished":"2023-03-06T21:12:59+00:00","breadcrumb":{"@id":"https:\/\/www.public.sn\/index.php\/2023\/03\/06\/la-premiere-reaction-de-sa-thies-apres-sa-defaite-polemique-contre-reug-reug\/#breadcrumb"},"inLanguage":"fr-FR","potentialAction":[{"@type":"ReadAction","target":["https:\/\/www.public.sn\/index.php\/2023\/03\/06\/la-premiere-reaction-de-sa-thies-apres-sa-defaite-polemique-contre-reug-reug\/"]}]},{"@type":"ImageObject","inLanguage":"fr-FR","@id":"https:\/\/www.public.sn\/index.php\/2023\/03\/06\/la-premiere-reaction-de-sa-thies-apres-sa-defaite-polemique-contre-reug-reug\/#primaryimage","url":"https:\/\/www.public.sn\/wp-content\/uploads\/2023\/03\/sathiess.jpeg","contentUrl":"https:\/\/www.public.sn\/wp-content\/uploads\/2023\/03\/sathiess.jpeg","width":696,"height":391},{"@type":"BreadcrumbList","@id":"https:\/\/www.public.sn\/index.php\/2023\/03\/06\/la-premiere-reaction-de-sa-thies-apres-sa-defaite-polemique-contre-reug-reug\/#breadcrumb","itemListElement":[{"@type":"ListItem","position":1,"name":"Accueil","item":"https:\/\/www.public.sn\/"},{"@type":"ListItem","position":2,"name":"La premi\u00e8re r\u00e9action de Sa thi\u00e8s apr\u00e8s sa d\u00e9faite pol\u00e9mique contre Reug Reug"}]},{"@type":"WebSite","@id":"https:\/\/www.public.sn\/#website","url":"https:\/\/www.public.sn\/","name":"LE PUBLIC","description":"","publisher":{"@id":"https:\/\/www.public.sn\/#organization"},"potentialAction":[{"@type":"SearchAction","target":{"@type":"EntryPoint","urlTemplate":"https:\/\/www.public.sn\/?s={search_term_string}"},"query-input":{"@type":"PropertyValueSpecification","valueRequired":true,"valueName":"search_term_string"}}],"inLanguage":"fr-FR"},{"@type":"Organization","@id":"https:\/\/www.public.sn\/#organization","name":"LE PUBLIC","url":"https:\/\/www.public.sn\/","logo":{"@type":"ImageObject","inLanguage":"fr-FR","@id":"https:\/\/www.public.sn\/#\/schema\/logo\/image\/","url":"https:\/\/www.public.sn\/wp-content\/uploads\/2024\/05\/cropped-LOGO-PUBLIC.SN_.png","contentUrl":"https:\/\/www.public.sn\/wp-content\/uploads\/2024\/05\/cropped-LOGO-PUBLIC.SN_.png","width":682,"height":192,"caption":"LE PUBLIC"},"image":{"@id":"https:\/\/www.public.sn\/#\/schema\/logo\/image\/"}},{"@type":"Person","@id":"https:\/\/www.public.sn\/#\/schema\/person\/cb76c8e1b8becc6be61fb5e92d6d0224","name":"LA REDACTION","image":{"@type":"ImageObject","inLanguage":"fr-FR","@id":"https:\/\/www.public.sn\/#\/schema\/person\/image\/","url":"https:\/\/secure.gravatar.com\/avatar\/2dce5ddd34b8fef0180efe03aa2a9bee7d953856048f9a16b298190a3178407c?s=96&d=mm&r=g","contentUrl":"https:\/\/secure.gravatar.com\/avatar\/2dce5ddd34b8fef0180efe03aa2a9bee7d953856048f9a16b298190a3178407c?s=96&d=mm&r=g","caption":"LA REDACTION"},"url":"https:\/\/www.public.sn\/index.php\/author\/editeurpsn\/"}]}},"jetpack_featured_media_url":"https:\/\/www.public.sn\/wp-content\/uploads\/2023\/03\/sathiess.jpeg","jetpack_sharing_enabled":true,"_links":{"self":[{"href":"https:\/\/www.public.sn\/index.php\/wp-json\/wp\/v2\/posts\/17381","targetHints":{"allow":["GET"]}}],"collection":[{"href":"https:\/\/www.public.sn\/index.php\/wp-json\/wp\/v2\/posts"}],"about":[{"href":"https:\/\/www.public.sn\/index.php\/wp-json\/wp\/v2\/types\/post"}],"author":[{"embeddable":true,"href":"https:\/\/www.public.sn\/index.php\/wp-json\/wp\/v2\/users\/7"}],"replies":[{"embeddable":true,"href":"https:\/\/www.public.sn\/index.php\/wp-json\/wp\/v2\/comments?post=17381"}],"version-history":[{"count":1,"href":"https:\/\/www.public.sn\/index.php\/wp-json\/wp\/v2\/posts\/17381\/revisions"}],"predecessor-version":[{"id":17383,"href":"https:\/\/www.public.sn\/index.php\/wp-json\/wp\/v2\/posts\/17381\/revisions\/17383"}],"wp:featuredmedia":[{"embeddable":true,"href":"https:\/\/www.public.sn\/index.php\/wp-json\/wp\/v2\/media\/17382"}],"wp:attachment":[{"href":"https:\/\/www.public.sn\/index.php\/wp-json\/wp\/v2\/media?parent=17381"}],"wp:term":[{"taxonomy":"category","embeddable":true,"href":"https:\/\/www.public.sn\/index.php\/wp-json\/wp\/v2\/categories?post=17381"},{"taxonomy":"post_tag","embeddable":true,"href":"https:\/\/www.public.sn\/index.php\/wp-json\/wp\/v2\/tags?post=17381"}],"curies":[{"name":"wp","href":"https:\/\/api.w.org\/{rel}","templated":true}]}}