{"id":17395,"date":"2023-03-06T22:22:01","date_gmt":"2023-03-06T22:22:01","guid":{"rendered":"https:\/\/www.public.sn\/?p=17395"},"modified":"2023-03-06T22:22:01","modified_gmt":"2023-03-06T22:22:01","slug":"une-dispute-entre-deux-filles-vire-au-drame-le-garcon-qui-etait-venu-pour-les-separer-a-ete-poignrde-a-mort","status":"publish","type":"post","link":"https:\/\/www.public.sn\/index.php\/2023\/03\/06\/une-dispute-entre-deux-filles-vire-au-drame-le-garcon-qui-etait-venu-pour-les-separer-a-ete-poignrde-a-mort\/","title":{"rendered":"Une dispute entre deux filles vire au drame: Le gar\u00e7on qui \u00e9tait venu pour les s\u00e9parer, a \u00e9t\u00e9 poign@rd\u00e9 \u00e0 mort"},"content":{"rendered":"<p><strong>Le quartier de Pikine Dagoudane \u00e0 Saint-Louis a \u00e9t\u00e9 plong\u00e9 dans la tristesse apr\u00e8s qu\u2019une jeune fille de 19 ans a poignard\u00e9 un gar\u00e7on de 20 ans lors d\u2019une dispute apparemment mineure. Touch\u00e9 au bas ventre, le jeune homme a succomb\u00e9 \u00e0 ses blessures.<\/strong><\/p>\n<div>\n<p>Selon des sources, la dispute impliquait la fille et une autre personne, et la victime a \u00e9t\u00e9 poignard\u00e9e mortellement alors qu\u2019il tentait de les s\u00e9parer. La jeune fille est all\u00e9e chercher un couteau chez elle pour commettre l\u2019irr\u00e9parable.<\/p><div class=\"publi-paragraphe1\" style=\"margin-top: 10px;margin-bottom: 10px;margin-left: auto;margin-right: auto;text-align: center;\" id=\"publi-3173258821\"><div class=\"publi-adlabel\">Publicit\u00e9<\/div><script async src=\"\/\/pagead2.googlesyndication.com\/pagead\/js\/adsbygoogle.js?client=ca-pub-4089586018074219\" crossorigin=\"anonymous\"><\/script><ins class=\"adsbygoogle\" style=\"display:block;\" data-ad-client=\"ca-pub-4089586018074219\" \ndata-ad-slot=\"2087940154\" \ndata-ad-format=\"auto\"><\/ins>\n<script> \n(adsbygoogle = window.adsbygoogle || []).push({}); \n<\/script>\n<\/div>\n<p>La police s\u2019est rendue sur les lieux pour constater les faits et arr\u00eater la jeune fille, inform\u00e9e de l\u2019horrible nouvelle. Le corps sans vie de la victime a \u00e9t\u00e9 transport\u00e9 \u00e0 la morgue de l\u2019h\u00f4pital et une enqu\u00eate a \u00e9t\u00e9 ouverte.<\/p>\n<\/div>\n<div class=\"publi-apres-le-contenu\" style=\"margin-top: 10px;margin-bottom: 10px;margin-left: auto;margin-right: auto;text-align: center;\" id=\"publi-2471935212\"><div class=\"publi-adlabel\">Publicit\u00e9<\/div><script async src=\"\/\/pagead2.googlesyndication.com\/pagead\/js\/adsbygoogle.js?client=ca-pub-4089586018074219\" crossorigin=\"anonymous\"><\/script><ins class=\"adsbygoogle\" style=\"display:block;\" data-ad-client=\"ca-pub-4089586018074219\" \ndata-ad-slot=\"2087940154\" \ndata-ad-format=\"auto\"><\/ins>\n<script> \n(adsbygoogle = window.adsbygoogle || []).push({}); \n<\/script>\n<\/div>","protected":false},"excerpt":{"rendered":"<p>Le quartier de Pikine Dagoudane \u00e0 Saint-Louis a \u00e9t\u00e9 plong\u00e9 dans la tristesse apr\u00e8s qu\u2019une jeune fille de 19 ans a poignard\u00e9 un gar\u00e7on de 20 ans lors d\u2019une dispute apparemment mineure. Touch\u00e9 au bas ventre, le jeune homme a succomb\u00e9 \u00e0 ses blessures. Selon des sources, la dispute impliquait la fille et une autre personne, et la victime a \u00e9t\u00e9 poignard\u00e9e mortellement alors qu\u2019il tentait de les s\u00e9parer. La jeune fille est all\u00e9e chercher un couteau chez elle pour commettre l\u2019irr\u00e9parable. La police s\u2019est rendue sur les lieux pour constater les faits et arr\u00eater la jeune fille, inform\u00e9e de l\u2019horrible nouvelle. Le corps sans vie de la victime a \u00e9t\u00e9 transport\u00e9 \u00e0 la morgue de l\u2019h\u00f4pital et une enqu\u00eate a \u00e9t\u00e9 ouverte.<\/p>\n","protected":false},"author":7,"featured_media":17396,"comment_status":"open","ping_status":"open","sticky":false,"template":"","format":"standard","meta":{"_jetpack_memberships_contains_paid_content":false,"footnotes":""},"categories":[375,1051,379,3724,376,1],"tags":[4660,4662,4661,444,205],"class_list":["post-17395","post","type-post","status-publish","format-standard","has-post-thumbnail","hentry","category-actualites","category-drame","category-faits-divers","category-justice","category-securite-justice","category-non-classe","tag-dagoudane","tag-deux-filles","tag-dispute","tag-drame","tag-pikine","entry","has-media","owp-thumbs-layout-horizontal","owp-btn-normal","owp-tabs-layout-horizontal","has-no-thumbnails","has-product-nav"],"yoast_head":"<!-- This site is optimized with the Yoast SEO plugin v25.5 - https:\/\/yoast.com\/wordpress\/plugins\/seo\/ -->\n<title>Une dispute entre deux filles vire au drame: Le gar\u00e7on qui \u00e9tait venu pour les s\u00e9parer, a \u00e9t\u00e9 poign@rd\u00e9 \u00e0 mort - LE PUBLIC<\/title>\n<meta name=\"robots\" content=\"index, follow, max-snippet:-1, max-image-preview:large, max-video-preview:-1\" \/>\n<link rel=\"canonical\" href=\"https:\/\/www.public.sn\/index.php\/2023\/03\/06\/une-dispute-entre-deux-filles-vire-au-drame-le-garcon-qui-etait-venu-pour-les-separer-a-ete-poignrde-a-mort\/\" \/>\n<meta property=\"og:locale\" content=\"fr_FR\" \/>\n<meta property=\"og:type\" content=\"article\" \/>\n<meta property=\"og:title\" content=\"Une dispute entre deux filles vire au drame: Le gar\u00e7on qui \u00e9tait venu pour les s\u00e9parer, a \u00e9t\u00e9 poign@rd\u00e9 \u00e0 mort - LE PUBLIC\" \/>\n<meta property=\"og:description\" content=\"Le quartier de Pikine Dagoudane \u00e0 Saint-Louis a \u00e9t\u00e9 plong\u00e9 dans la tristesse apr\u00e8s qu\u2019une jeune fille de 19 ans a poignard\u00e9 un gar\u00e7on de 20 ans lors d\u2019une dispute apparemment mineure. Touch\u00e9 au bas ventre, le jeune homme a succomb\u00e9 \u00e0 ses blessures. Selon des sources, la dispute impliquait la fille et une autre personne, et la victime a \u00e9t\u00e9 poignard\u00e9e mortellement alors qu\u2019il tentait de les s\u00e9parer. La jeune fille est all\u00e9e chercher un couteau chez elle pour commettre l\u2019irr\u00e9parable. La police s\u2019est rendue sur les lieux pour constater les faits et arr\u00eater la jeune fille, inform\u00e9e de l\u2019horrible nouvelle. Le corps sans vie de la victime a \u00e9t\u00e9 transport\u00e9 \u00e0 la morgue de l\u2019h\u00f4pital et une enqu\u00eate a \u00e9t\u00e9 ouverte.\" \/>\n<meta property=\"og:url\" content=\"https:\/\/www.public.sn\/index.php\/2023\/03\/06\/une-dispute-entre-deux-filles-vire-au-drame-le-garcon-qui-etait-venu-pour-les-separer-a-ete-poignrde-a-mort\/\" \/>\n<meta property=\"og:site_name\" content=\"LE PUBLIC\" \/>\n<meta property=\"article:published_time\" content=\"2023-03-06T22:22:01+00:00\" \/>\n<meta property=\"og:image\" content=\"https:\/\/www.public.sn\/wp-content\/uploads\/2023\/03\/deux-filles.jpg\" \/>\n\t<meta property=\"og:image:width\" content=\"299\" \/>\n\t<meta property=\"og:image:height\" content=\"168\" \/>\n\t<meta property=\"og:image:type\" content=\"image\/jpeg\" \/>\n<meta name=\"author\" content=\"LA REDACTION\" \/>\n<meta name=\"twitter:card\" content=\"summary_large_image\" \/>\n<meta name=\"twitter:label1\" content=\"\u00c9crit par\" \/>\n\t<meta name=\"twitter:data1\" content=\"LA REDACTION\" \/>\n\t<meta name=\"twitter:label2\" content=\"Dur\u00e9e de lecture estim\u00e9e\" \/>\n\t<meta name=\"twitter:data2\" content=\"1 minute\" \/>\n<script type=\"application\/ld+json\" class=\"yoast-schema-graph\">{\"@context\":\"https:\/\/schema.org\",\"@graph\":[{\"@type\":\"Article\",\"@id\":\"https:\/\/www.public.sn\/index.php\/2023\/03\/06\/une-dispute-entre-deux-filles-vire-au-drame-le-garcon-qui-etait-venu-pour-les-separer-a-ete-poignrde-a-mort\/#article\",\"isPartOf\":{\"@id\":\"https:\/\/www.public.sn\/index.php\/2023\/03\/06\/une-dispute-entre-deux-filles-vire-au-drame-le-garcon-qui-etait-venu-pour-les-separer-a-ete-poignrde-a-mort\/\"},\"author\":{\"name\":\"LA REDACTION\",\"@id\":\"https:\/\/www.public.sn\/#\/schema\/person\/cb76c8e1b8becc6be61fb5e92d6d0224\"},\"headline\":\"Une dispute entre deux filles vire au drame: Le gar\u00e7on qui \u00e9tait venu pour les s\u00e9parer, a \u00e9t\u00e9 poign@rd\u00e9 \u00e0 mort\",\"datePublished\":\"2023-03-06T22:22:01+00:00\",\"mainEntityOfPage\":{\"@id\":\"https:\/\/www.public.sn\/index.php\/2023\/03\/06\/une-dispute-entre-deux-filles-vire-au-drame-le-garcon-qui-etait-venu-pour-les-separer-a-ete-poignrde-a-mort\/\"},\"wordCount\":158,\"commentCount\":0,\"publisher\":{\"@id\":\"https:\/\/www.public.sn\/#organization\"},\"image\":{\"@id\":\"https:\/\/www.public.sn\/index.php\/2023\/03\/06\/une-dispute-entre-deux-filles-vire-au-drame-le-garcon-qui-etait-venu-pour-les-separer-a-ete-poignrde-a-mort\/#primaryimage\"},\"thumbnailUrl\":\"https:\/\/www.public.sn\/wp-content\/uploads\/2023\/03\/deux-filles.jpg\",\"keywords\":[\"Dagoudane\",\"Deux filles\",\"Dispute\",\"Drame\",\"Pikine\"],\"articleSection\":[\"ACTUALIT\u00c9S\",\"DRAME\",\"FAITS DIVERS\",\"justice\",\"S\u00c9CURIT\u00c9 &amp; JUSTICE\",\"S\u00c9N\u00c9GAL\"],\"inLanguage\":\"fr-FR\",\"potentialAction\":[{\"@type\":\"CommentAction\",\"name\":\"Comment\",\"target\":[\"https:\/\/www.public.sn\/index.php\/2023\/03\/06\/une-dispute-entre-deux-filles-vire-au-drame-le-garcon-qui-etait-venu-pour-les-separer-a-ete-poignrde-a-mort\/#respond\"]}]},{\"@type\":\"WebPage\",\"@id\":\"https:\/\/www.public.sn\/index.php\/2023\/03\/06\/une-dispute-entre-deux-filles-vire-au-drame-le-garcon-qui-etait-venu-pour-les-separer-a-ete-poignrde-a-mort\/\",\"url\":\"https:\/\/www.public.sn\/index.php\/2023\/03\/06\/une-dispute-entre-deux-filles-vire-au-drame-le-garcon-qui-etait-venu-pour-les-separer-a-ete-poignrde-a-mort\/\",\"name\":\"Une dispute entre deux filles vire au drame: Le gar\u00e7on qui \u00e9tait venu pour les s\u00e9parer, a \u00e9t\u00e9 poign@rd\u00e9 \u00e0 mort - LE PUBLIC\",\"isPartOf\":{\"@id\":\"https:\/\/www.public.sn\/#website\"},\"primaryImageOfPage\":{\"@id\":\"https:\/\/www.public.sn\/index.php\/2023\/03\/06\/une-dispute-entre-deux-filles-vire-au-drame-le-garcon-qui-etait-venu-pour-les-separer-a-ete-poignrde-a-mort\/#primaryimage\"},\"image\":{\"@id\":\"https:\/\/www.public.sn\/index.php\/2023\/03\/06\/une-dispute-entre-deux-filles-vire-au-drame-le-garcon-qui-etait-venu-pour-les-separer-a-ete-poignrde-a-mort\/#primaryimage\"},\"thumbnailUrl\":\"https:\/\/www.public.sn\/wp-content\/uploads\/2023\/03\/deux-filles.jpg\",\"datePublished\":\"2023-03-06T22:22:01+00:00\",\"breadcrumb\":{\"@id\":\"https:\/\/www.public.sn\/index.php\/2023\/03\/06\/une-dispute-entre-deux-filles-vire-au-drame-le-garcon-qui-etait-venu-pour-les-separer-a-ete-poignrde-a-mort\/#breadcrumb\"},\"inLanguage\":\"fr-FR\",\"potentialAction\":[{\"@type\":\"ReadAction\",\"target\":[\"https:\/\/www.public.sn\/index.php\/2023\/03\/06\/une-dispute-entre-deux-filles-vire-au-drame-le-garcon-qui-etait-venu-pour-les-separer-a-ete-poignrde-a-mort\/\"]}]},{\"@type\":\"ImageObject\",\"inLanguage\":\"fr-FR\",\"@id\":\"https:\/\/www.public.sn\/index.php\/2023\/03\/06\/une-dispute-entre-deux-filles-vire-au-drame-le-garcon-qui-etait-venu-pour-les-separer-a-ete-poignrde-a-mort\/#primaryimage\",\"url\":\"https:\/\/www.public.sn\/wp-content\/uploads\/2023\/03\/deux-filles.jpg\",\"contentUrl\":\"https:\/\/www.public.sn\/wp-content\/uploads\/2023\/03\/deux-filles.jpg\",\"width\":299,\"height\":168},{\"@type\":\"BreadcrumbList\",\"@id\":\"https:\/\/www.public.sn\/index.php\/2023\/03\/06\/une-dispute-entre-deux-filles-vire-au-drame-le-garcon-qui-etait-venu-pour-les-separer-a-ete-poignrde-a-mort\/#breadcrumb\",\"itemListElement\":[{\"@type\":\"ListItem\",\"position\":1,\"name\":\"Accueil\",\"item\":\"https:\/\/www.public.sn\/\"},{\"@type\":\"ListItem\",\"position\":2,\"name\":\"Une dispute entre deux filles vire au drame: Le gar\u00e7on qui \u00e9tait venu pour les s\u00e9parer, a \u00e9t\u00e9 poign@rd\u00e9 \u00e0 mort\"}]},{\"@type\":\"WebSite\",\"@id\":\"https:\/\/www.public.sn\/#website\",\"url\":\"https:\/\/www.public.sn\/\",\"name\":\"LE PUBLIC\",\"description\":\"\",\"publisher\":{\"@id\":\"https:\/\/www.public.sn\/#organization\"},\"potentialAction\":[{\"@type\":\"SearchAction\",\"target\":{\"@type\":\"EntryPoint\",\"urlTemplate\":\"https:\/\/www.public.sn\/?s={search_term_string}\"},\"query-input\":{\"@type\":\"PropertyValueSpecification\",\"valueRequired\":true,\"valueName\":\"search_term_string\"}}],\"inLanguage\":\"fr-FR\"},{\"@type\":\"Organization\",\"@id\":\"https:\/\/www.public.sn\/#organization\",\"name\":\"LE PUBLIC\",\"url\":\"https:\/\/www.public.sn\/\",\"logo\":{\"@type\":\"ImageObject\",\"inLanguage\":\"fr-FR\",\"@id\":\"https:\/\/www.public.sn\/#\/schema\/logo\/image\/\",\"url\":\"https:\/\/www.public.sn\/wp-content\/uploads\/2024\/05\/cropped-LOGO-PUBLIC.SN_.png\",\"contentUrl\":\"https:\/\/www.public.sn\/wp-content\/uploads\/2024\/05\/cropped-LOGO-PUBLIC.SN_.png\",\"width\":682,\"height\":192,\"caption\":\"LE PUBLIC\"},\"image\":{\"@id\":\"https:\/\/www.public.sn\/#\/schema\/logo\/image\/\"}},{\"@type\":\"Person\",\"@id\":\"https:\/\/www.public.sn\/#\/schema\/person\/cb76c8e1b8becc6be61fb5e92d6d0224\",\"name\":\"LA REDACTION\",\"image\":{\"@type\":\"ImageObject\",\"inLanguage\":\"fr-FR\",\"@id\":\"https:\/\/www.public.sn\/#\/schema\/person\/image\/\",\"url\":\"https:\/\/secure.gravatar.com\/avatar\/2dce5ddd34b8fef0180efe03aa2a9bee7d953856048f9a16b298190a3178407c?s=96&d=mm&r=g\",\"contentUrl\":\"https:\/\/secure.gravatar.com\/avatar\/2dce5ddd34b8fef0180efe03aa2a9bee7d953856048f9a16b298190a3178407c?s=96&d=mm&r=g\",\"caption\":\"LA REDACTION\"},\"url\":\"https:\/\/www.public.sn\/index.php\/author\/editeurpsn\/\"}]}<\/script>\n<!-- \/ Yoast SEO plugin. -->","yoast_head_json":{"title":"Une dispute entre deux filles vire au drame: Le gar\u00e7on qui \u00e9tait venu pour les s\u00e9parer, a \u00e9t\u00e9 poign@rd\u00e9 \u00e0 mort - LE PUBLIC","robots":{"index":"index","follow":"follow","max-snippet":"max-snippet:-1","max-image-preview":"max-image-preview:large","max-video-preview":"max-video-preview:-1"},"canonical":"https:\/\/www.public.sn\/index.php\/2023\/03\/06\/une-dispute-entre-deux-filles-vire-au-drame-le-garcon-qui-etait-venu-pour-les-separer-a-ete-poignrde-a-mort\/","og_locale":"fr_FR","og_type":"article","og_title":"Une dispute entre deux filles vire au drame: Le gar\u00e7on qui \u00e9tait venu pour les s\u00e9parer, a \u00e9t\u00e9 poign@rd\u00e9 \u00e0 mort - LE PUBLIC","og_description":"Le quartier de Pikine Dagoudane \u00e0 Saint-Louis a \u00e9t\u00e9 plong\u00e9 dans la tristesse apr\u00e8s qu\u2019une jeune fille de 19 ans a poignard\u00e9 un gar\u00e7on de 20 ans lors d\u2019une dispute apparemment mineure. Touch\u00e9 au bas ventre, le jeune homme a succomb\u00e9 \u00e0 ses blessures. Selon des sources, la dispute impliquait la fille et une autre personne, et la victime a \u00e9t\u00e9 poignard\u00e9e mortellement alors qu\u2019il tentait de les s\u00e9parer. La jeune fille est all\u00e9e chercher un couteau chez elle pour commettre l\u2019irr\u00e9parable. La police s\u2019est rendue sur les lieux pour constater les faits et arr\u00eater la jeune fille, inform\u00e9e de l\u2019horrible nouvelle. Le corps sans vie de la victime a \u00e9t\u00e9 transport\u00e9 \u00e0 la morgue de l\u2019h\u00f4pital et une enqu\u00eate a \u00e9t\u00e9 ouverte.","og_url":"https:\/\/www.public.sn\/index.php\/2023\/03\/06\/une-dispute-entre-deux-filles-vire-au-drame-le-garcon-qui-etait-venu-pour-les-separer-a-ete-poignrde-a-mort\/","og_site_name":"LE PUBLIC","article_published_time":"2023-03-06T22:22:01+00:00","og_image":[{"width":299,"height":168,"url":"https:\/\/www.public.sn\/wp-content\/uploads\/2023\/03\/deux-filles.jpg","type":"image\/jpeg"}],"author":"LA REDACTION","twitter_card":"summary_large_image","twitter_misc":{"\u00c9crit par":"LA REDACTION","Dur\u00e9e de lecture estim\u00e9e":"1 minute"},"schema":{"@context":"https:\/\/schema.org","@graph":[{"@type":"Article","@id":"https:\/\/www.public.sn\/index.php\/2023\/03\/06\/une-dispute-entre-deux-filles-vire-au-drame-le-garcon-qui-etait-venu-pour-les-separer-a-ete-poignrde-a-mort\/#article","isPartOf":{"@id":"https:\/\/www.public.sn\/index.php\/2023\/03\/06\/une-dispute-entre-deux-filles-vire-au-drame-le-garcon-qui-etait-venu-pour-les-separer-a-ete-poignrde-a-mort\/"},"author":{"name":"LA REDACTION","@id":"https:\/\/www.public.sn\/#\/schema\/person\/cb76c8e1b8becc6be61fb5e92d6d0224"},"headline":"Une dispute entre deux filles vire au drame: Le gar\u00e7on qui \u00e9tait venu pour les s\u00e9parer, a \u00e9t\u00e9 poign@rd\u00e9 \u00e0 mort","datePublished":"2023-03-06T22:22:01+00:00","mainEntityOfPage":{"@id":"https:\/\/www.public.sn\/index.php\/2023\/03\/06\/une-dispute-entre-deux-filles-vire-au-drame-le-garcon-qui-etait-venu-pour-les-separer-a-ete-poignrde-a-mort\/"},"wordCount":158,"commentCount":0,"publisher":{"@id":"https:\/\/www.public.sn\/#organization"},"image":{"@id":"https:\/\/www.public.sn\/index.php\/2023\/03\/06\/une-dispute-entre-deux-filles-vire-au-drame-le-garcon-qui-etait-venu-pour-les-separer-a-ete-poignrde-a-mort\/#primaryimage"},"thumbnailUrl":"https:\/\/www.public.sn\/wp-content\/uploads\/2023\/03\/deux-filles.jpg","keywords":["Dagoudane","Deux filles","Dispute","Drame","Pikine"],"articleSection":["ACTUALIT\u00c9S","DRAME","FAITS DIVERS","justice","S\u00c9CURIT\u00c9 &amp; JUSTICE","S\u00c9N\u00c9GAL"],"inLanguage":"fr-FR","potentialAction":[{"@type":"CommentAction","name":"Comment","target":["https:\/\/www.public.sn\/index.php\/2023\/03\/06\/une-dispute-entre-deux-filles-vire-au-drame-le-garcon-qui-etait-venu-pour-les-separer-a-ete-poignrde-a-mort\/#respond"]}]},{"@type":"WebPage","@id":"https:\/\/www.public.sn\/index.php\/2023\/03\/06\/une-dispute-entre-deux-filles-vire-au-drame-le-garcon-qui-etait-venu-pour-les-separer-a-ete-poignrde-a-mort\/","url":"https:\/\/www.public.sn\/index.php\/2023\/03\/06\/une-dispute-entre-deux-filles-vire-au-drame-le-garcon-qui-etait-venu-pour-les-separer-a-ete-poignrde-a-mort\/","name":"Une dispute entre deux filles vire au drame: Le gar\u00e7on qui \u00e9tait venu pour les s\u00e9parer, a \u00e9t\u00e9 poign@rd\u00e9 \u00e0 mort - LE PUBLIC","isPartOf":{"@id":"https:\/\/www.public.sn\/#website"},"primaryImageOfPage":{"@id":"https:\/\/www.public.sn\/index.php\/2023\/03\/06\/une-dispute-entre-deux-filles-vire-au-drame-le-garcon-qui-etait-venu-pour-les-separer-a-ete-poignrde-a-mort\/#primaryimage"},"image":{"@id":"https:\/\/www.public.sn\/index.php\/2023\/03\/06\/une-dispute-entre-deux-filles-vire-au-drame-le-garcon-qui-etait-venu-pour-les-separer-a-ete-poignrde-a-mort\/#primaryimage"},"thumbnailUrl":"https:\/\/www.public.sn\/wp-content\/uploads\/2023\/03\/deux-filles.jpg","datePublished":"2023-03-06T22:22:01+00:00","breadcrumb":{"@id":"https:\/\/www.public.sn\/index.php\/2023\/03\/06\/une-dispute-entre-deux-filles-vire-au-drame-le-garcon-qui-etait-venu-pour-les-separer-a-ete-poignrde-a-mort\/#breadcrumb"},"inLanguage":"fr-FR","potentialAction":[{"@type":"ReadAction","target":["https:\/\/www.public.sn\/index.php\/2023\/03\/06\/une-dispute-entre-deux-filles-vire-au-drame-le-garcon-qui-etait-venu-pour-les-separer-a-ete-poignrde-a-mort\/"]}]},{"@type":"ImageObject","inLanguage":"fr-FR","@id":"https:\/\/www.public.sn\/index.php\/2023\/03\/06\/une-dispute-entre-deux-filles-vire-au-drame-le-garcon-qui-etait-venu-pour-les-separer-a-ete-poignrde-a-mort\/#primaryimage","url":"https:\/\/www.public.sn\/wp-content\/uploads\/2023\/03\/deux-filles.jpg","contentUrl":"https:\/\/www.public.sn\/wp-content\/uploads\/2023\/03\/deux-filles.jpg","width":299,"height":168},{"@type":"BreadcrumbList","@id":"https:\/\/www.public.sn\/index.php\/2023\/03\/06\/une-dispute-entre-deux-filles-vire-au-drame-le-garcon-qui-etait-venu-pour-les-separer-a-ete-poignrde-a-mort\/#breadcrumb","itemListElement":[{"@type":"ListItem","position":1,"name":"Accueil","item":"https:\/\/www.public.sn\/"},{"@type":"ListItem","position":2,"name":"Une dispute entre deux filles vire au drame: Le gar\u00e7on qui \u00e9tait venu pour les s\u00e9parer, a \u00e9t\u00e9 poign@rd\u00e9 \u00e0 mort"}]},{"@type":"WebSite","@id":"https:\/\/www.public.sn\/#website","url":"https:\/\/www.public.sn\/","name":"LE PUBLIC","description":"","publisher":{"@id":"https:\/\/www.public.sn\/#organization"},"potentialAction":[{"@type":"SearchAction","target":{"@type":"EntryPoint","urlTemplate":"https:\/\/www.public.sn\/?s={search_term_string}"},"query-input":{"@type":"PropertyValueSpecification","valueRequired":true,"valueName":"search_term_string"}}],"inLanguage":"fr-FR"},{"@type":"Organization","@id":"https:\/\/www.public.sn\/#organization","name":"LE PUBLIC","url":"https:\/\/www.public.sn\/","logo":{"@type":"ImageObject","inLanguage":"fr-FR","@id":"https:\/\/www.public.sn\/#\/schema\/logo\/image\/","url":"https:\/\/www.public.sn\/wp-content\/uploads\/2024\/05\/cropped-LOGO-PUBLIC.SN_.png","contentUrl":"https:\/\/www.public.sn\/wp-content\/uploads\/2024\/05\/cropped-LOGO-PUBLIC.SN_.png","width":682,"height":192,"caption":"LE PUBLIC"},"image":{"@id":"https:\/\/www.public.sn\/#\/schema\/logo\/image\/"}},{"@type":"Person","@id":"https:\/\/www.public.sn\/#\/schema\/person\/cb76c8e1b8becc6be61fb5e92d6d0224","name":"LA REDACTION","image":{"@type":"ImageObject","inLanguage":"fr-FR","@id":"https:\/\/www.public.sn\/#\/schema\/person\/image\/","url":"https:\/\/secure.gravatar.com\/avatar\/2dce5ddd34b8fef0180efe03aa2a9bee7d953856048f9a16b298190a3178407c?s=96&d=mm&r=g","contentUrl":"https:\/\/secure.gravatar.com\/avatar\/2dce5ddd34b8fef0180efe03aa2a9bee7d953856048f9a16b298190a3178407c?s=96&d=mm&r=g","caption":"LA REDACTION"},"url":"https:\/\/www.public.sn\/index.php\/author\/editeurpsn\/"}]}},"jetpack_featured_media_url":"https:\/\/www.public.sn\/wp-content\/uploads\/2023\/03\/deux-filles.jpg","jetpack_sharing_enabled":true,"_links":{"self":[{"href":"https:\/\/www.public.sn\/index.php\/wp-json\/wp\/v2\/posts\/17395","targetHints":{"allow":["GET"]}}],"collection":[{"href":"https:\/\/www.public.sn\/index.php\/wp-json\/wp\/v2\/posts"}],"about":[{"href":"https:\/\/www.public.sn\/index.php\/wp-json\/wp\/v2\/types\/post"}],"author":[{"embeddable":true,"href":"https:\/\/www.public.sn\/index.php\/wp-json\/wp\/v2\/users\/7"}],"replies":[{"embeddable":true,"href":"https:\/\/www.public.sn\/index.php\/wp-json\/wp\/v2\/comments?post=17395"}],"version-history":[{"count":1,"href":"https:\/\/www.public.sn\/index.php\/wp-json\/wp\/v2\/posts\/17395\/revisions"}],"predecessor-version":[{"id":17397,"href":"https:\/\/www.public.sn\/index.php\/wp-json\/wp\/v2\/posts\/17395\/revisions\/17397"}],"wp:featuredmedia":[{"embeddable":true,"href":"https:\/\/www.public.sn\/index.php\/wp-json\/wp\/v2\/media\/17396"}],"wp:attachment":[{"href":"https:\/\/www.public.sn\/index.php\/wp-json\/wp\/v2\/media?parent=17395"}],"wp:term":[{"taxonomy":"category","embeddable":true,"href":"https:\/\/www.public.sn\/index.php\/wp-json\/wp\/v2\/categories?post=17395"},{"taxonomy":"post_tag","embeddable":true,"href":"https:\/\/www.public.sn\/index.php\/wp-json\/wp\/v2\/tags?post=17395"}],"curies":[{"name":"wp","href":"https:\/\/api.w.org\/{rel}","templated":true}]}}