{"id":17398,"date":"2023-03-06T22:59:24","date_gmt":"2023-03-06T22:59:24","guid":{"rendered":"https:\/\/www.public.sn\/?p=17398"},"modified":"2023-03-06T22:59:24","modified_gmt":"2023-03-06T22:59:24","slug":"allahou-akbar-voici-la-video-qui-fait-le-buzz-une-ecole-victime-devous-risquez-de-pleurer-regardez","status":"publish","type":"post","link":"https:\/\/www.public.sn\/index.php\/2023\/03\/06\/allahou-akbar-voici-la-video-qui-fait-le-buzz-une-ecole-victime-devous-risquez-de-pleurer-regardez\/","title":{"rendered":"Allahou Akbar : Voici la vid\u00e9o qui fait le buzz, une \u00e9cole victime de\u2026Vous risquez de pleurer. Regardez !"},"content":{"rendered":"<p><strong>Cette vid\u00e9o est triste. Des gaz lacrymog\u00e8nes ont \u00e9t\u00e9 d\u00e9ploy\u00e9s au sein d\u2019une \u00e9cole locale, entra\u00eenant de nombreux enfants \u00e0 souffrir d\u2019attaques d\u2019asthme et \u00e0 perdre connaissance. La situation a \u00e9t\u00e9 particuli\u00e8rement chaotique, avec de nombreux \u00e9l\u00e8ves paniqu\u00e9s et confus face \u00e0 la soudaine propagation de gaz irritants.<\/strong><\/p><div class=\"publi-paragraphe1\" style=\"margin-top: 10px;margin-bottom: 10px;margin-left: auto;margin-right: auto;text-align: center;\" id=\"publi-843004136\"><div class=\"publi-adlabel\">Publicit\u00e9<\/div><script async src=\"\/\/pagead2.googlesyndication.com\/pagead\/js\/adsbygoogle.js?client=ca-pub-4089586018074219\" crossorigin=\"anonymous\"><\/script><ins class=\"adsbygoogle\" style=\"display:block;\" data-ad-client=\"ca-pub-4089586018074219\" \ndata-ad-slot=\"2087940154\" \ndata-ad-format=\"auto\"><\/ins>\n<script> \n(adsbygoogle = window.adsbygoogle || []).push({}); \n<\/script>\n<\/div>\n<p>Les victimes ont \u00e9t\u00e9 rapidement \u00e9vacu\u00e9es et prises en charge par les services de secours et les professionnels de la sant\u00e9. Les responsables de l\u2019incident restent \u00e0 identifier, mais il est clair que les cons\u00e9quences de cet acte imprudent et dangereux ont \u00e9t\u00e9 tr\u00e8s graves pour les enfants innocents de cette \u00e9cole.<\/p>\n<p class=\"responsive-video-wrap clr\"><iframe title=\"Allahou akbar voici la vid\u00e9o qui fait buzz \u00e9cole bi niou sanni ay.. Ba khal\u00e9 yi di... Regardez\" width=\"1200\" height=\"675\" src=\"https:\/\/www.youtube.com\/embed\/urXc5Vq5U9E?feature=oembed\" frameborder=\"0\" allow=\"accelerometer; autoplay; clipboard-write; encrypted-media; gyroscope; picture-in-picture; web-share\" allowfullscreen><\/iframe><\/p>\n<div class=\"publi-apres-le-contenu\" style=\"margin-top: 10px;margin-bottom: 10px;margin-left: auto;margin-right: auto;text-align: center;\" id=\"publi-535227746\"><div class=\"publi-adlabel\">Publicit\u00e9<\/div><script async src=\"\/\/pagead2.googlesyndication.com\/pagead\/js\/adsbygoogle.js?client=ca-pub-4089586018074219\" crossorigin=\"anonymous\"><\/script><ins class=\"adsbygoogle\" style=\"display:block;\" data-ad-client=\"ca-pub-4089586018074219\" \ndata-ad-slot=\"2087940154\" \ndata-ad-format=\"auto\"><\/ins>\n<script> \n(adsbygoogle = window.adsbygoogle || []).push({}); \n<\/script>\n<\/div>","protected":false},"excerpt":{"rendered":"<p>Cette vid\u00e9o est triste. Des gaz lacrymog\u00e8nes ont \u00e9t\u00e9 d\u00e9ploy\u00e9s au sein d\u2019une \u00e9cole locale, entra\u00eenant de nombreux enfants \u00e0 souffrir d\u2019attaques d\u2019asthme et \u00e0 perdre connaissance. La situation a \u00e9t\u00e9 particuli\u00e8rement chaotique, avec de nombreux \u00e9l\u00e8ves paniqu\u00e9s et confus face \u00e0 la soudaine propagation de gaz irritants. Les victimes ont \u00e9t\u00e9 rapidement \u00e9vacu\u00e9es et prises en charge par les services de secours et les professionnels de la sant\u00e9. Les responsables de l\u2019incident restent \u00e0 identifier, mais il est clair que les cons\u00e9quences de cet acte imprudent et dangereux ont \u00e9t\u00e9 tr\u00e8s graves pour les enfants innocents de cette \u00e9cole.<\/p>\n","protected":false},"author":7,"featured_media":17399,"comment_status":"open","ping_status":"open","sticky":false,"template":"","format":"standard","meta":{"_jetpack_memberships_contains_paid_content":false,"footnotes":""},"categories":[375,1023,854,379,376,1,4,6],"tags":[],"class_list":["post-17398","post","type-post","status-publish","format-standard","has-post-thumbnail","hentry","category-actualites","category-buzz","category-education","category-faits-divers","category-securite-justice","category-non-classe","category-societe","category-videos","entry","has-media","owp-thumbs-layout-horizontal","owp-btn-normal","owp-tabs-layout-horizontal","has-no-thumbnails","has-product-nav"],"yoast_head":"<!-- This site is optimized with the Yoast SEO plugin v25.5 - https:\/\/yoast.com\/wordpress\/plugins\/seo\/ -->\n<title>Allahou Akbar : Voici la vid\u00e9o qui fait le buzz, une \u00e9cole victime de\u2026Vous risquez de pleurer. Regardez ! - LE PUBLIC<\/title>\n<meta name=\"robots\" content=\"index, follow, max-snippet:-1, max-image-preview:large, max-video-preview:-1\" \/>\n<link rel=\"canonical\" href=\"https:\/\/www.public.sn\/index.php\/2023\/03\/06\/allahou-akbar-voici-la-video-qui-fait-le-buzz-une-ecole-victime-devous-risquez-de-pleurer-regardez\/\" \/>\n<meta property=\"og:locale\" content=\"fr_FR\" \/>\n<meta property=\"og:type\" content=\"article\" \/>\n<meta property=\"og:title\" content=\"Allahou Akbar : Voici la vid\u00e9o qui fait le buzz, une \u00e9cole victime de\u2026Vous risquez de pleurer. Regardez ! - LE PUBLIC\" \/>\n<meta property=\"og:description\" content=\"Cette vid\u00e9o est triste. Des gaz lacrymog\u00e8nes ont \u00e9t\u00e9 d\u00e9ploy\u00e9s au sein d\u2019une \u00e9cole locale, entra\u00eenant de nombreux enfants \u00e0 souffrir d\u2019attaques d\u2019asthme et \u00e0 perdre connaissance. La situation a \u00e9t\u00e9 particuli\u00e8rement chaotique, avec de nombreux \u00e9l\u00e8ves paniqu\u00e9s et confus face \u00e0 la soudaine propagation de gaz irritants. Les victimes ont \u00e9t\u00e9 rapidement \u00e9vacu\u00e9es et prises en charge par les services de secours et les professionnels de la sant\u00e9. Les responsables de l\u2019incident restent \u00e0 identifier, mais il est clair que les cons\u00e9quences de cet acte imprudent et dangereux ont \u00e9t\u00e9 tr\u00e8s graves pour les enfants innocents de cette \u00e9cole.\" \/>\n<meta property=\"og:url\" content=\"https:\/\/www.public.sn\/index.php\/2023\/03\/06\/allahou-akbar-voici-la-video-qui-fait-le-buzz-une-ecole-victime-devous-risquez-de-pleurer-regardez\/\" \/>\n<meta property=\"og:site_name\" content=\"LE PUBLIC\" \/>\n<meta property=\"article:published_time\" content=\"2023-03-06T22:59:24+00:00\" \/>\n<meta property=\"og:image\" content=\"https:\/\/www.public.sn\/wp-content\/uploads\/2023\/03\/ecolier-evanouir.webp\" \/>\n\t<meta property=\"og:image:width\" content=\"640\" \/>\n\t<meta property=\"og:image:height\" content=\"430\" \/>\n\t<meta property=\"og:image:type\" content=\"image\/webp\" \/>\n<meta name=\"author\" content=\"LA REDACTION\" \/>\n<meta name=\"twitter:card\" content=\"summary_large_image\" \/>\n<meta name=\"twitter:label1\" content=\"\u00c9crit par\" \/>\n\t<meta name=\"twitter:data1\" content=\"LA REDACTION\" \/>\n\t<meta name=\"twitter:label2\" content=\"Dur\u00e9e de lecture estim\u00e9e\" \/>\n\t<meta name=\"twitter:data2\" content=\"1 minute\" \/>\n<script type=\"application\/ld+json\" class=\"yoast-schema-graph\">{\"@context\":\"https:\/\/schema.org\",\"@graph\":[{\"@type\":\"Article\",\"@id\":\"https:\/\/www.public.sn\/index.php\/2023\/03\/06\/allahou-akbar-voici-la-video-qui-fait-le-buzz-une-ecole-victime-devous-risquez-de-pleurer-regardez\/#article\",\"isPartOf\":{\"@id\":\"https:\/\/www.public.sn\/index.php\/2023\/03\/06\/allahou-akbar-voici-la-video-qui-fait-le-buzz-une-ecole-victime-devous-risquez-de-pleurer-regardez\/\"},\"author\":{\"name\":\"LA REDACTION\",\"@id\":\"https:\/\/www.public.sn\/#\/schema\/person\/cb76c8e1b8becc6be61fb5e92d6d0224\"},\"headline\":\"Allahou Akbar : Voici la vid\u00e9o qui fait le buzz, une \u00e9cole victime de\u2026Vous risquez de pleurer. Regardez !\",\"datePublished\":\"2023-03-06T22:59:24+00:00\",\"mainEntityOfPage\":{\"@id\":\"https:\/\/www.public.sn\/index.php\/2023\/03\/06\/allahou-akbar-voici-la-video-qui-fait-le-buzz-une-ecole-victime-devous-risquez-de-pleurer-regardez\/\"},\"wordCount\":137,\"commentCount\":0,\"publisher\":{\"@id\":\"https:\/\/www.public.sn\/#organization\"},\"image\":{\"@id\":\"https:\/\/www.public.sn\/index.php\/2023\/03\/06\/allahou-akbar-voici-la-video-qui-fait-le-buzz-une-ecole-victime-devous-risquez-de-pleurer-regardez\/#primaryimage\"},\"thumbnailUrl\":\"https:\/\/www.public.sn\/wp-content\/uploads\/2023\/03\/ecolier-evanouir.webp\",\"articleSection\":[\"ACTUALIT\u00c9S\",\"BUZZ\",\"\u00c9DUCATION\",\"FAITS DIVERS\",\"S\u00c9CURIT\u00c9 &amp; JUSTICE\",\"S\u00c9N\u00c9GAL\",\"SOCIETE\",\"VIDEOS\"],\"inLanguage\":\"fr-FR\",\"potentialAction\":[{\"@type\":\"CommentAction\",\"name\":\"Comment\",\"target\":[\"https:\/\/www.public.sn\/index.php\/2023\/03\/06\/allahou-akbar-voici-la-video-qui-fait-le-buzz-une-ecole-victime-devous-risquez-de-pleurer-regardez\/#respond\"]}]},{\"@type\":\"WebPage\",\"@id\":\"https:\/\/www.public.sn\/index.php\/2023\/03\/06\/allahou-akbar-voici-la-video-qui-fait-le-buzz-une-ecole-victime-devous-risquez-de-pleurer-regardez\/\",\"url\":\"https:\/\/www.public.sn\/index.php\/2023\/03\/06\/allahou-akbar-voici-la-video-qui-fait-le-buzz-une-ecole-victime-devous-risquez-de-pleurer-regardez\/\",\"name\":\"Allahou Akbar : Voici la vid\u00e9o qui fait le buzz, une \u00e9cole victime de\u2026Vous risquez de pleurer. Regardez ! - LE PUBLIC\",\"isPartOf\":{\"@id\":\"https:\/\/www.public.sn\/#website\"},\"primaryImageOfPage\":{\"@id\":\"https:\/\/www.public.sn\/index.php\/2023\/03\/06\/allahou-akbar-voici-la-video-qui-fait-le-buzz-une-ecole-victime-devous-risquez-de-pleurer-regardez\/#primaryimage\"},\"image\":{\"@id\":\"https:\/\/www.public.sn\/index.php\/2023\/03\/06\/allahou-akbar-voici-la-video-qui-fait-le-buzz-une-ecole-victime-devous-risquez-de-pleurer-regardez\/#primaryimage\"},\"thumbnailUrl\":\"https:\/\/www.public.sn\/wp-content\/uploads\/2023\/03\/ecolier-evanouir.webp\",\"datePublished\":\"2023-03-06T22:59:24+00:00\",\"breadcrumb\":{\"@id\":\"https:\/\/www.public.sn\/index.php\/2023\/03\/06\/allahou-akbar-voici-la-video-qui-fait-le-buzz-une-ecole-victime-devous-risquez-de-pleurer-regardez\/#breadcrumb\"},\"inLanguage\":\"fr-FR\",\"potentialAction\":[{\"@type\":\"ReadAction\",\"target\":[\"https:\/\/www.public.sn\/index.php\/2023\/03\/06\/allahou-akbar-voici-la-video-qui-fait-le-buzz-une-ecole-victime-devous-risquez-de-pleurer-regardez\/\"]}]},{\"@type\":\"ImageObject\",\"inLanguage\":\"fr-FR\",\"@id\":\"https:\/\/www.public.sn\/index.php\/2023\/03\/06\/allahou-akbar-voici-la-video-qui-fait-le-buzz-une-ecole-victime-devous-risquez-de-pleurer-regardez\/#primaryimage\",\"url\":\"https:\/\/www.public.sn\/wp-content\/uploads\/2023\/03\/ecolier-evanouir.webp\",\"contentUrl\":\"https:\/\/www.public.sn\/wp-content\/uploads\/2023\/03\/ecolier-evanouir.webp\",\"width\":640,\"height\":430},{\"@type\":\"BreadcrumbList\",\"@id\":\"https:\/\/www.public.sn\/index.php\/2023\/03\/06\/allahou-akbar-voici-la-video-qui-fait-le-buzz-une-ecole-victime-devous-risquez-de-pleurer-regardez\/#breadcrumb\",\"itemListElement\":[{\"@type\":\"ListItem\",\"position\":1,\"name\":\"Accueil\",\"item\":\"https:\/\/www.public.sn\/\"},{\"@type\":\"ListItem\",\"position\":2,\"name\":\"Allahou Akbar : Voici la vid\u00e9o qui fait le buzz, une \u00e9cole victime de\u2026Vous risquez de pleurer. Regardez !\"}]},{\"@type\":\"WebSite\",\"@id\":\"https:\/\/www.public.sn\/#website\",\"url\":\"https:\/\/www.public.sn\/\",\"name\":\"LE PUBLIC\",\"description\":\"\",\"publisher\":{\"@id\":\"https:\/\/www.public.sn\/#organization\"},\"potentialAction\":[{\"@type\":\"SearchAction\",\"target\":{\"@type\":\"EntryPoint\",\"urlTemplate\":\"https:\/\/www.public.sn\/?s={search_term_string}\"},\"query-input\":{\"@type\":\"PropertyValueSpecification\",\"valueRequired\":true,\"valueName\":\"search_term_string\"}}],\"inLanguage\":\"fr-FR\"},{\"@type\":\"Organization\",\"@id\":\"https:\/\/www.public.sn\/#organization\",\"name\":\"LE PUBLIC\",\"url\":\"https:\/\/www.public.sn\/\",\"logo\":{\"@type\":\"ImageObject\",\"inLanguage\":\"fr-FR\",\"@id\":\"https:\/\/www.public.sn\/#\/schema\/logo\/image\/\",\"url\":\"https:\/\/www.public.sn\/wp-content\/uploads\/2024\/05\/cropped-LOGO-PUBLIC.SN_.png\",\"contentUrl\":\"https:\/\/www.public.sn\/wp-content\/uploads\/2024\/05\/cropped-LOGO-PUBLIC.SN_.png\",\"width\":682,\"height\":192,\"caption\":\"LE PUBLIC\"},\"image\":{\"@id\":\"https:\/\/www.public.sn\/#\/schema\/logo\/image\/\"}},{\"@type\":\"Person\",\"@id\":\"https:\/\/www.public.sn\/#\/schema\/person\/cb76c8e1b8becc6be61fb5e92d6d0224\",\"name\":\"LA REDACTION\",\"image\":{\"@type\":\"ImageObject\",\"inLanguage\":\"fr-FR\",\"@id\":\"https:\/\/www.public.sn\/#\/schema\/person\/image\/\",\"url\":\"https:\/\/secure.gravatar.com\/avatar\/2dce5ddd34b8fef0180efe03aa2a9bee7d953856048f9a16b298190a3178407c?s=96&d=mm&r=g\",\"contentUrl\":\"https:\/\/secure.gravatar.com\/avatar\/2dce5ddd34b8fef0180efe03aa2a9bee7d953856048f9a16b298190a3178407c?s=96&d=mm&r=g\",\"caption\":\"LA REDACTION\"},\"url\":\"https:\/\/www.public.sn\/index.php\/author\/editeurpsn\/\"}]}<\/script>\n<!-- \/ Yoast SEO plugin. -->","yoast_head_json":{"title":"Allahou Akbar : Voici la vid\u00e9o qui fait le buzz, une \u00e9cole victime de\u2026Vous risquez de pleurer. Regardez ! - LE PUBLIC","robots":{"index":"index","follow":"follow","max-snippet":"max-snippet:-1","max-image-preview":"max-image-preview:large","max-video-preview":"max-video-preview:-1"},"canonical":"https:\/\/www.public.sn\/index.php\/2023\/03\/06\/allahou-akbar-voici-la-video-qui-fait-le-buzz-une-ecole-victime-devous-risquez-de-pleurer-regardez\/","og_locale":"fr_FR","og_type":"article","og_title":"Allahou Akbar : Voici la vid\u00e9o qui fait le buzz, une \u00e9cole victime de\u2026Vous risquez de pleurer. Regardez ! - LE PUBLIC","og_description":"Cette vid\u00e9o est triste. Des gaz lacrymog\u00e8nes ont \u00e9t\u00e9 d\u00e9ploy\u00e9s au sein d\u2019une \u00e9cole locale, entra\u00eenant de nombreux enfants \u00e0 souffrir d\u2019attaques d\u2019asthme et \u00e0 perdre connaissance. La situation a \u00e9t\u00e9 particuli\u00e8rement chaotique, avec de nombreux \u00e9l\u00e8ves paniqu\u00e9s et confus face \u00e0 la soudaine propagation de gaz irritants. Les victimes ont \u00e9t\u00e9 rapidement \u00e9vacu\u00e9es et prises en charge par les services de secours et les professionnels de la sant\u00e9. Les responsables de l\u2019incident restent \u00e0 identifier, mais il est clair que les cons\u00e9quences de cet acte imprudent et dangereux ont \u00e9t\u00e9 tr\u00e8s graves pour les enfants innocents de cette \u00e9cole.","og_url":"https:\/\/www.public.sn\/index.php\/2023\/03\/06\/allahou-akbar-voici-la-video-qui-fait-le-buzz-une-ecole-victime-devous-risquez-de-pleurer-regardez\/","og_site_name":"LE PUBLIC","article_published_time":"2023-03-06T22:59:24+00:00","og_image":[{"width":640,"height":430,"url":"https:\/\/www.public.sn\/wp-content\/uploads\/2023\/03\/ecolier-evanouir.webp","type":"image\/webp"}],"author":"LA REDACTION","twitter_card":"summary_large_image","twitter_misc":{"\u00c9crit par":"LA REDACTION","Dur\u00e9e de lecture estim\u00e9e":"1 minute"},"schema":{"@context":"https:\/\/schema.org","@graph":[{"@type":"Article","@id":"https:\/\/www.public.sn\/index.php\/2023\/03\/06\/allahou-akbar-voici-la-video-qui-fait-le-buzz-une-ecole-victime-devous-risquez-de-pleurer-regardez\/#article","isPartOf":{"@id":"https:\/\/www.public.sn\/index.php\/2023\/03\/06\/allahou-akbar-voici-la-video-qui-fait-le-buzz-une-ecole-victime-devous-risquez-de-pleurer-regardez\/"},"author":{"name":"LA REDACTION","@id":"https:\/\/www.public.sn\/#\/schema\/person\/cb76c8e1b8becc6be61fb5e92d6d0224"},"headline":"Allahou Akbar : Voici la vid\u00e9o qui fait le buzz, une \u00e9cole victime de\u2026Vous risquez de pleurer. Regardez !","datePublished":"2023-03-06T22:59:24+00:00","mainEntityOfPage":{"@id":"https:\/\/www.public.sn\/index.php\/2023\/03\/06\/allahou-akbar-voici-la-video-qui-fait-le-buzz-une-ecole-victime-devous-risquez-de-pleurer-regardez\/"},"wordCount":137,"commentCount":0,"publisher":{"@id":"https:\/\/www.public.sn\/#organization"},"image":{"@id":"https:\/\/www.public.sn\/index.php\/2023\/03\/06\/allahou-akbar-voici-la-video-qui-fait-le-buzz-une-ecole-victime-devous-risquez-de-pleurer-regardez\/#primaryimage"},"thumbnailUrl":"https:\/\/www.public.sn\/wp-content\/uploads\/2023\/03\/ecolier-evanouir.webp","articleSection":["ACTUALIT\u00c9S","BUZZ","\u00c9DUCATION","FAITS DIVERS","S\u00c9CURIT\u00c9 &amp; JUSTICE","S\u00c9N\u00c9GAL","SOCIETE","VIDEOS"],"inLanguage":"fr-FR","potentialAction":[{"@type":"CommentAction","name":"Comment","target":["https:\/\/www.public.sn\/index.php\/2023\/03\/06\/allahou-akbar-voici-la-video-qui-fait-le-buzz-une-ecole-victime-devous-risquez-de-pleurer-regardez\/#respond"]}]},{"@type":"WebPage","@id":"https:\/\/www.public.sn\/index.php\/2023\/03\/06\/allahou-akbar-voici-la-video-qui-fait-le-buzz-une-ecole-victime-devous-risquez-de-pleurer-regardez\/","url":"https:\/\/www.public.sn\/index.php\/2023\/03\/06\/allahou-akbar-voici-la-video-qui-fait-le-buzz-une-ecole-victime-devous-risquez-de-pleurer-regardez\/","name":"Allahou Akbar : Voici la vid\u00e9o qui fait le buzz, une \u00e9cole victime de\u2026Vous risquez de pleurer. Regardez ! - LE PUBLIC","isPartOf":{"@id":"https:\/\/www.public.sn\/#website"},"primaryImageOfPage":{"@id":"https:\/\/www.public.sn\/index.php\/2023\/03\/06\/allahou-akbar-voici-la-video-qui-fait-le-buzz-une-ecole-victime-devous-risquez-de-pleurer-regardez\/#primaryimage"},"image":{"@id":"https:\/\/www.public.sn\/index.php\/2023\/03\/06\/allahou-akbar-voici-la-video-qui-fait-le-buzz-une-ecole-victime-devous-risquez-de-pleurer-regardez\/#primaryimage"},"thumbnailUrl":"https:\/\/www.public.sn\/wp-content\/uploads\/2023\/03\/ecolier-evanouir.webp","datePublished":"2023-03-06T22:59:24+00:00","breadcrumb":{"@id":"https:\/\/www.public.sn\/index.php\/2023\/03\/06\/allahou-akbar-voici-la-video-qui-fait-le-buzz-une-ecole-victime-devous-risquez-de-pleurer-regardez\/#breadcrumb"},"inLanguage":"fr-FR","potentialAction":[{"@type":"ReadAction","target":["https:\/\/www.public.sn\/index.php\/2023\/03\/06\/allahou-akbar-voici-la-video-qui-fait-le-buzz-une-ecole-victime-devous-risquez-de-pleurer-regardez\/"]}]},{"@type":"ImageObject","inLanguage":"fr-FR","@id":"https:\/\/www.public.sn\/index.php\/2023\/03\/06\/allahou-akbar-voici-la-video-qui-fait-le-buzz-une-ecole-victime-devous-risquez-de-pleurer-regardez\/#primaryimage","url":"https:\/\/www.public.sn\/wp-content\/uploads\/2023\/03\/ecolier-evanouir.webp","contentUrl":"https:\/\/www.public.sn\/wp-content\/uploads\/2023\/03\/ecolier-evanouir.webp","width":640,"height":430},{"@type":"BreadcrumbList","@id":"https:\/\/www.public.sn\/index.php\/2023\/03\/06\/allahou-akbar-voici-la-video-qui-fait-le-buzz-une-ecole-victime-devous-risquez-de-pleurer-regardez\/#breadcrumb","itemListElement":[{"@type":"ListItem","position":1,"name":"Accueil","item":"https:\/\/www.public.sn\/"},{"@type":"ListItem","position":2,"name":"Allahou Akbar : Voici la vid\u00e9o qui fait le buzz, une \u00e9cole victime de\u2026Vous risquez de pleurer. Regardez !"}]},{"@type":"WebSite","@id":"https:\/\/www.public.sn\/#website","url":"https:\/\/www.public.sn\/","name":"LE PUBLIC","description":"","publisher":{"@id":"https:\/\/www.public.sn\/#organization"},"potentialAction":[{"@type":"SearchAction","target":{"@type":"EntryPoint","urlTemplate":"https:\/\/www.public.sn\/?s={search_term_string}"},"query-input":{"@type":"PropertyValueSpecification","valueRequired":true,"valueName":"search_term_string"}}],"inLanguage":"fr-FR"},{"@type":"Organization","@id":"https:\/\/www.public.sn\/#organization","name":"LE PUBLIC","url":"https:\/\/www.public.sn\/","logo":{"@type":"ImageObject","inLanguage":"fr-FR","@id":"https:\/\/www.public.sn\/#\/schema\/logo\/image\/","url":"https:\/\/www.public.sn\/wp-content\/uploads\/2024\/05\/cropped-LOGO-PUBLIC.SN_.png","contentUrl":"https:\/\/www.public.sn\/wp-content\/uploads\/2024\/05\/cropped-LOGO-PUBLIC.SN_.png","width":682,"height":192,"caption":"LE PUBLIC"},"image":{"@id":"https:\/\/www.public.sn\/#\/schema\/logo\/image\/"}},{"@type":"Person","@id":"https:\/\/www.public.sn\/#\/schema\/person\/cb76c8e1b8becc6be61fb5e92d6d0224","name":"LA REDACTION","image":{"@type":"ImageObject","inLanguage":"fr-FR","@id":"https:\/\/www.public.sn\/#\/schema\/person\/image\/","url":"https:\/\/secure.gravatar.com\/avatar\/2dce5ddd34b8fef0180efe03aa2a9bee7d953856048f9a16b298190a3178407c?s=96&d=mm&r=g","contentUrl":"https:\/\/secure.gravatar.com\/avatar\/2dce5ddd34b8fef0180efe03aa2a9bee7d953856048f9a16b298190a3178407c?s=96&d=mm&r=g","caption":"LA REDACTION"},"url":"https:\/\/www.public.sn\/index.php\/author\/editeurpsn\/"}]}},"jetpack_featured_media_url":"https:\/\/www.public.sn\/wp-content\/uploads\/2023\/03\/ecolier-evanouir.webp","jetpack_sharing_enabled":true,"_links":{"self":[{"href":"https:\/\/www.public.sn\/index.php\/wp-json\/wp\/v2\/posts\/17398","targetHints":{"allow":["GET"]}}],"collection":[{"href":"https:\/\/www.public.sn\/index.php\/wp-json\/wp\/v2\/posts"}],"about":[{"href":"https:\/\/www.public.sn\/index.php\/wp-json\/wp\/v2\/types\/post"}],"author":[{"embeddable":true,"href":"https:\/\/www.public.sn\/index.php\/wp-json\/wp\/v2\/users\/7"}],"replies":[{"embeddable":true,"href":"https:\/\/www.public.sn\/index.php\/wp-json\/wp\/v2\/comments?post=17398"}],"version-history":[{"count":1,"href":"https:\/\/www.public.sn\/index.php\/wp-json\/wp\/v2\/posts\/17398\/revisions"}],"predecessor-version":[{"id":17400,"href":"https:\/\/www.public.sn\/index.php\/wp-json\/wp\/v2\/posts\/17398\/revisions\/17400"}],"wp:featuredmedia":[{"embeddable":true,"href":"https:\/\/www.public.sn\/index.php\/wp-json\/wp\/v2\/media\/17399"}],"wp:attachment":[{"href":"https:\/\/www.public.sn\/index.php\/wp-json\/wp\/v2\/media?parent=17398"}],"wp:term":[{"taxonomy":"category","embeddable":true,"href":"https:\/\/www.public.sn\/index.php\/wp-json\/wp\/v2\/categories?post=17398"},{"taxonomy":"post_tag","embeddable":true,"href":"https:\/\/www.public.sn\/index.php\/wp-json\/wp\/v2\/tags?post=17398"}],"curies":[{"name":"wp","href":"https:\/\/api.w.org\/{rel}","templated":true}]}}