{"id":17401,"date":"2023-03-07T10:11:32","date_gmt":"2023-03-07T10:11:32","guid":{"rendered":"https:\/\/www.public.sn\/?p=17401"},"modified":"2023-03-07T10:11:32","modified_gmt":"2023-03-07T10:11:32","slug":"propos-racistes-la-banque-mondiale-suspend-la-tunisie","status":"publish","type":"post","link":"https:\/\/www.public.sn\/index.php\/2023\/03\/07\/propos-racistes-la-banque-mondiale-suspend-la-tunisie\/","title":{"rendered":"Propos racistes : La Banque mondiale suspend la Tunisie"},"content":{"rendered":"<p><strong>La Banque mondiale (BM) va suspendre \u00abjusqu\u2019\u00e0 nouvel ordre\u00bb son cadre de partenariat avec la Tunisie, apr\u00e8s les attaques visant des migrants dans le pays \u00e0 la suite d\u2019un discours du pr\u00e9sident tunisien\u00a0Ka\u00efs Sa\u00efed\u00a0fin f\u00e9vrier d\u00e9non\u00e7ant des \u00abhordes de migrants clandestins\u00bb.<\/strong><\/p><div class=\"publi-paragraphe1\" style=\"margin-top: 10px;margin-bottom: 10px;margin-left: auto;margin-right: auto;text-align: center;\" id=\"publi-3362373440\"><div class=\"publi-adlabel\">Publicit\u00e9<\/div><script async src=\"\/\/pagead2.googlesyndication.com\/pagead\/js\/adsbygoogle.js?client=ca-pub-4089586018074219\" crossorigin=\"anonymous\"><\/script><ins class=\"adsbygoogle\" style=\"display:block;\" data-ad-client=\"ca-pub-4089586018074219\" \ndata-ad-slot=\"2087940154\" \ndata-ad-format=\"auto\"><\/ins>\n<script> \n(adsbygoogle = window.adsbygoogle || []).push({}); \n<\/script>\n<\/div>\n<p>Selon un courrier adress\u00e9 \u00e0 ses \u00e9quipes par le pr\u00e9sident de la BM, David Malpass, que l\u2019AFP a pu consulter lundi 6 mars, l\u2019institution n\u2019\u00e9tait pas en mesure de poursuivre ses missions sur place \u00abcompte tenu de la situation\u00bb alors que \u00abla s\u00e9curit\u00e9 et l\u2019inclusion des migrants et minorit\u00e9s font partie des valeurs centrales d\u2019inclusion, de respect et d\u2019anti-racisme\u00bb de la BM.<\/p>\n<p>La d\u00e9cision concerne le cadre de partenariat pays (CPF en anglais), qui sert de base de suivi par le conseil d\u2019administration (CA) de la BM afin d\u2019\u00e9valuer et accompagner le pays dans ses programmes d\u2019aide. Concr\u00e8tement, l\u2019institution ne peut plus lancer de nouveau programme de soutien avec le pays tant que le CA ne s\u2019est pas r\u00e9uni et elle a d\u00e9cid\u00e9 de remettre cette r\u00e9union sur la Tunisie \u00ab\u00a0jusqu\u2019\u00e0 nouvel ordre\u00a0\u00bb, selon le courrier. \u00ab\u00a0Les projets financ\u00e9s restent financ\u00e9s et les projets en cours restent en cours\u00a0\u00bb, a-t-on pr\u00e9cis\u00e9 de source proche de la BM.<\/p>\n<div class=\"publi-apres-le-contenu\" style=\"margin-top: 10px;margin-bottom: 10px;margin-left: auto;margin-right: auto;text-align: center;\" id=\"publi-665863102\"><div class=\"publi-adlabel\">Publicit\u00e9<\/div><script async src=\"\/\/pagead2.googlesyndication.com\/pagead\/js\/adsbygoogle.js?client=ca-pub-4089586018074219\" crossorigin=\"anonymous\"><\/script><ins class=\"adsbygoogle\" style=\"display:block;\" data-ad-client=\"ca-pub-4089586018074219\" \ndata-ad-slot=\"2087940154\" \ndata-ad-format=\"auto\"><\/ins>\n<script> \n(adsbygoogle = window.adsbygoogle || []).push({}); \n<\/script>\n<\/div>","protected":false},"excerpt":{"rendered":"<p>La Banque mondiale (BM) va suspendre \u00abjusqu\u2019\u00e0 nouvel ordre\u00bb son cadre de partenariat avec la Tunisie, apr\u00e8s les attaques visant des migrants dans le pays \u00e0 la suite d\u2019un discours du pr\u00e9sident tunisien\u00a0Ka\u00efs Sa\u00efed\u00a0fin f\u00e9vrier d\u00e9non\u00e7ant des \u00abhordes de migrants clandestins\u00bb. Selon un courrier adress\u00e9 \u00e0 ses \u00e9quipes par le pr\u00e9sident de la BM, David Malpass, que l\u2019AFP a pu consulter lundi 6 mars, l\u2019institution n\u2019\u00e9tait pas en mesure de poursuivre ses missions sur place \u00abcompte tenu de la situation\u00bb alors que \u00abla s\u00e9curit\u00e9 et l\u2019inclusion des migrants et minorit\u00e9s font partie des valeurs centrales d\u2019inclusion, de respect et d\u2019anti-racisme\u00bb de la BM. La d\u00e9cision concerne le cadre de partenariat pays (CPF en anglais), qui sert de base de suivi par le conseil d\u2019administration (CA) de la BM afin d\u2019\u00e9valuer et accompagner le pays dans ses programmes d\u2019aide. Concr\u00e8tement, l\u2019institution ne peut plus lancer de nouveau programme de soutien avec le pays tant que le CA ne s\u2019est pas r\u00e9uni et elle a d\u00e9cid\u00e9 de remettre cette r\u00e9union sur la Tunisie \u00ab\u00a0jusqu\u2019\u00e0 nouvel ordre\u00a0\u00bb, selon le courrier. \u00ab\u00a0Les projets financ\u00e9s restent financ\u00e9s et les projets en cours restent en cours\u00a0\u00bb, a-t-on pr\u00e9cis\u00e9 de source proche de la BM.<\/p>\n","protected":false},"author":7,"featured_media":17403,"comment_status":"open","ping_status":"open","sticky":false,"template":"","format":"standard","meta":{"_jetpack_memberships_contains_paid_content":false,"footnotes":""},"categories":[375,550,3728],"tags":[4663,4664,3394],"class_list":["post-17401","post","type-post","status-publish","format-standard","has-post-thumbnail","hentry","category-actualites","category-afrique-monde","category-internationale","tag-banque-mondiale","tag-propos-racistes","tag-tunisie","entry","has-media","owp-thumbs-layout-horizontal","owp-btn-normal","owp-tabs-layout-horizontal","has-no-thumbnails","has-product-nav"],"yoast_head":"<!-- This site is optimized with the Yoast SEO plugin v25.5 - https:\/\/yoast.com\/wordpress\/plugins\/seo\/ -->\n<title>Propos racistes : La Banque mondiale suspend la Tunisie - LE PUBLIC<\/title>\n<meta name=\"robots\" content=\"index, follow, max-snippet:-1, max-image-preview:large, max-video-preview:-1\" \/>\n<link rel=\"canonical\" href=\"https:\/\/www.public.sn\/index.php\/2023\/03\/07\/propos-racistes-la-banque-mondiale-suspend-la-tunisie\/\" \/>\n<meta property=\"og:locale\" content=\"fr_FR\" \/>\n<meta property=\"og:type\" content=\"article\" \/>\n<meta property=\"og:title\" content=\"Propos racistes : La Banque mondiale suspend la Tunisie - LE PUBLIC\" \/>\n<meta property=\"og:description\" content=\"La Banque mondiale (BM) va suspendre \u00abjusqu\u2019\u00e0 nouvel ordre\u00bb son cadre de partenariat avec la Tunisie, apr\u00e8s les attaques visant des migrants dans le pays \u00e0 la suite d\u2019un discours du pr\u00e9sident tunisien\u00a0Ka\u00efs Sa\u00efed\u00a0fin f\u00e9vrier d\u00e9non\u00e7ant des \u00abhordes de migrants clandestins\u00bb. Selon un courrier adress\u00e9 \u00e0 ses \u00e9quipes par le pr\u00e9sident de la BM, David Malpass, que l\u2019AFP a pu consulter lundi 6 mars, l\u2019institution n\u2019\u00e9tait pas en mesure de poursuivre ses missions sur place \u00abcompte tenu de la situation\u00bb alors que \u00abla s\u00e9curit\u00e9 et l\u2019inclusion des migrants et minorit\u00e9s font partie des valeurs centrales d\u2019inclusion, de respect et d\u2019anti-racisme\u00bb de la BM. La d\u00e9cision concerne le cadre de partenariat pays (CPF en anglais), qui sert de base de suivi par le conseil d\u2019administration (CA) de la BM afin d\u2019\u00e9valuer et accompagner le pays dans ses programmes d\u2019aide. Concr\u00e8tement, l\u2019institution ne peut plus lancer de nouveau programme de soutien avec le pays tant que le CA ne s\u2019est pas r\u00e9uni et elle a d\u00e9cid\u00e9 de remettre cette r\u00e9union sur la Tunisie \u00ab\u00a0jusqu\u2019\u00e0 nouvel ordre\u00a0\u00bb, selon le courrier. \u00ab\u00a0Les projets financ\u00e9s restent financ\u00e9s et les projets en cours restent en cours\u00a0\u00bb, a-t-on pr\u00e9cis\u00e9 de source proche de la BM.\" \/>\n<meta property=\"og:url\" content=\"https:\/\/www.public.sn\/index.php\/2023\/03\/07\/propos-racistes-la-banque-mondiale-suspend-la-tunisie\/\" \/>\n<meta property=\"og:site_name\" content=\"LE PUBLIC\" \/>\n<meta property=\"article:published_time\" content=\"2023-03-07T10:11:32+00:00\" \/>\n<meta property=\"og:image\" content=\"https:\/\/www.public.sn\/wp-content\/uploads\/2023\/03\/Kais-Saied.jpg\" \/>\n\t<meta property=\"og:image:width\" content=\"680\" \/>\n\t<meta property=\"og:image:height\" content=\"388\" \/>\n\t<meta property=\"og:image:type\" content=\"image\/jpeg\" \/>\n<meta name=\"author\" content=\"LA REDACTION\" \/>\n<meta name=\"twitter:card\" content=\"summary_large_image\" \/>\n<meta name=\"twitter:label1\" content=\"\u00c9crit par\" \/>\n\t<meta name=\"twitter:data1\" content=\"LA REDACTION\" \/>\n\t<meta name=\"twitter:label2\" content=\"Dur\u00e9e de lecture estim\u00e9e\" \/>\n\t<meta name=\"twitter:data2\" content=\"2 minutes\" \/>\n<script type=\"application\/ld+json\" class=\"yoast-schema-graph\">{\"@context\":\"https:\/\/schema.org\",\"@graph\":[{\"@type\":\"Article\",\"@id\":\"https:\/\/www.public.sn\/index.php\/2023\/03\/07\/propos-racistes-la-banque-mondiale-suspend-la-tunisie\/#article\",\"isPartOf\":{\"@id\":\"https:\/\/www.public.sn\/index.php\/2023\/03\/07\/propos-racistes-la-banque-mondiale-suspend-la-tunisie\/\"},\"author\":{\"name\":\"LA REDACTION\",\"@id\":\"https:\/\/www.public.sn\/#\/schema\/person\/cb76c8e1b8becc6be61fb5e92d6d0224\"},\"headline\":\"Propos racistes : La Banque mondiale suspend la Tunisie\",\"datePublished\":\"2023-03-07T10:11:32+00:00\",\"mainEntityOfPage\":{\"@id\":\"https:\/\/www.public.sn\/index.php\/2023\/03\/07\/propos-racistes-la-banque-mondiale-suspend-la-tunisie\/\"},\"wordCount\":235,\"commentCount\":0,\"publisher\":{\"@id\":\"https:\/\/www.public.sn\/#organization\"},\"image\":{\"@id\":\"https:\/\/www.public.sn\/index.php\/2023\/03\/07\/propos-racistes-la-banque-mondiale-suspend-la-tunisie\/#primaryimage\"},\"thumbnailUrl\":\"https:\/\/www.public.sn\/wp-content\/uploads\/2023\/03\/Kais-Saied.jpg\",\"keywords\":[\"Banque mondiale\",\"Propos racistes\",\"tunisie\"],\"articleSection\":[\"ACTUALIT\u00c9S\",\"AFRIQUE &amp; MONDE\",\"internationale\"],\"inLanguage\":\"fr-FR\",\"potentialAction\":[{\"@type\":\"CommentAction\",\"name\":\"Comment\",\"target\":[\"https:\/\/www.public.sn\/index.php\/2023\/03\/07\/propos-racistes-la-banque-mondiale-suspend-la-tunisie\/#respond\"]}]},{\"@type\":\"WebPage\",\"@id\":\"https:\/\/www.public.sn\/index.php\/2023\/03\/07\/propos-racistes-la-banque-mondiale-suspend-la-tunisie\/\",\"url\":\"https:\/\/www.public.sn\/index.php\/2023\/03\/07\/propos-racistes-la-banque-mondiale-suspend-la-tunisie\/\",\"name\":\"Propos racistes : La Banque mondiale suspend la Tunisie - LE PUBLIC\",\"isPartOf\":{\"@id\":\"https:\/\/www.public.sn\/#website\"},\"primaryImageOfPage\":{\"@id\":\"https:\/\/www.public.sn\/index.php\/2023\/03\/07\/propos-racistes-la-banque-mondiale-suspend-la-tunisie\/#primaryimage\"},\"image\":{\"@id\":\"https:\/\/www.public.sn\/index.php\/2023\/03\/07\/propos-racistes-la-banque-mondiale-suspend-la-tunisie\/#primaryimage\"},\"thumbnailUrl\":\"https:\/\/www.public.sn\/wp-content\/uploads\/2023\/03\/Kais-Saied.jpg\",\"datePublished\":\"2023-03-07T10:11:32+00:00\",\"breadcrumb\":{\"@id\":\"https:\/\/www.public.sn\/index.php\/2023\/03\/07\/propos-racistes-la-banque-mondiale-suspend-la-tunisie\/#breadcrumb\"},\"inLanguage\":\"fr-FR\",\"potentialAction\":[{\"@type\":\"ReadAction\",\"target\":[\"https:\/\/www.public.sn\/index.php\/2023\/03\/07\/propos-racistes-la-banque-mondiale-suspend-la-tunisie\/\"]}]},{\"@type\":\"ImageObject\",\"inLanguage\":\"fr-FR\",\"@id\":\"https:\/\/www.public.sn\/index.php\/2023\/03\/07\/propos-racistes-la-banque-mondiale-suspend-la-tunisie\/#primaryimage\",\"url\":\"https:\/\/www.public.sn\/wp-content\/uploads\/2023\/03\/Kais-Saied.jpg\",\"contentUrl\":\"https:\/\/www.public.sn\/wp-content\/uploads\/2023\/03\/Kais-Saied.jpg\",\"width\":680,\"height\":388},{\"@type\":\"BreadcrumbList\",\"@id\":\"https:\/\/www.public.sn\/index.php\/2023\/03\/07\/propos-racistes-la-banque-mondiale-suspend-la-tunisie\/#breadcrumb\",\"itemListElement\":[{\"@type\":\"ListItem\",\"position\":1,\"name\":\"Accueil\",\"item\":\"https:\/\/www.public.sn\/\"},{\"@type\":\"ListItem\",\"position\":2,\"name\":\"Propos racistes : La Banque mondiale suspend la Tunisie\"}]},{\"@type\":\"WebSite\",\"@id\":\"https:\/\/www.public.sn\/#website\",\"url\":\"https:\/\/www.public.sn\/\",\"name\":\"LE PUBLIC\",\"description\":\"\",\"publisher\":{\"@id\":\"https:\/\/www.public.sn\/#organization\"},\"potentialAction\":[{\"@type\":\"SearchAction\",\"target\":{\"@type\":\"EntryPoint\",\"urlTemplate\":\"https:\/\/www.public.sn\/?s={search_term_string}\"},\"query-input\":{\"@type\":\"PropertyValueSpecification\",\"valueRequired\":true,\"valueName\":\"search_term_string\"}}],\"inLanguage\":\"fr-FR\"},{\"@type\":\"Organization\",\"@id\":\"https:\/\/www.public.sn\/#organization\",\"name\":\"LE PUBLIC\",\"url\":\"https:\/\/www.public.sn\/\",\"logo\":{\"@type\":\"ImageObject\",\"inLanguage\":\"fr-FR\",\"@id\":\"https:\/\/www.public.sn\/#\/schema\/logo\/image\/\",\"url\":\"https:\/\/www.public.sn\/wp-content\/uploads\/2024\/05\/cropped-LOGO-PUBLIC.SN_.png\",\"contentUrl\":\"https:\/\/www.public.sn\/wp-content\/uploads\/2024\/05\/cropped-LOGO-PUBLIC.SN_.png\",\"width\":682,\"height\":192,\"caption\":\"LE PUBLIC\"},\"image\":{\"@id\":\"https:\/\/www.public.sn\/#\/schema\/logo\/image\/\"}},{\"@type\":\"Person\",\"@id\":\"https:\/\/www.public.sn\/#\/schema\/person\/cb76c8e1b8becc6be61fb5e92d6d0224\",\"name\":\"LA REDACTION\",\"image\":{\"@type\":\"ImageObject\",\"inLanguage\":\"fr-FR\",\"@id\":\"https:\/\/www.public.sn\/#\/schema\/person\/image\/\",\"url\":\"https:\/\/secure.gravatar.com\/avatar\/2dce5ddd34b8fef0180efe03aa2a9bee7d953856048f9a16b298190a3178407c?s=96&d=mm&r=g\",\"contentUrl\":\"https:\/\/secure.gravatar.com\/avatar\/2dce5ddd34b8fef0180efe03aa2a9bee7d953856048f9a16b298190a3178407c?s=96&d=mm&r=g\",\"caption\":\"LA REDACTION\"},\"url\":\"https:\/\/www.public.sn\/index.php\/author\/editeurpsn\/\"}]}<\/script>\n<!-- \/ Yoast SEO plugin. -->","yoast_head_json":{"title":"Propos racistes : La Banque mondiale suspend la Tunisie - LE PUBLIC","robots":{"index":"index","follow":"follow","max-snippet":"max-snippet:-1","max-image-preview":"max-image-preview:large","max-video-preview":"max-video-preview:-1"},"canonical":"https:\/\/www.public.sn\/index.php\/2023\/03\/07\/propos-racistes-la-banque-mondiale-suspend-la-tunisie\/","og_locale":"fr_FR","og_type":"article","og_title":"Propos racistes : La Banque mondiale suspend la Tunisie - LE PUBLIC","og_description":"La Banque mondiale (BM) va suspendre \u00abjusqu\u2019\u00e0 nouvel ordre\u00bb son cadre de partenariat avec la Tunisie, apr\u00e8s les attaques visant des migrants dans le pays \u00e0 la suite d\u2019un discours du pr\u00e9sident tunisien\u00a0Ka\u00efs Sa\u00efed\u00a0fin f\u00e9vrier d\u00e9non\u00e7ant des \u00abhordes de migrants clandestins\u00bb. Selon un courrier adress\u00e9 \u00e0 ses \u00e9quipes par le pr\u00e9sident de la BM, David Malpass, que l\u2019AFP a pu consulter lundi 6 mars, l\u2019institution n\u2019\u00e9tait pas en mesure de poursuivre ses missions sur place \u00abcompte tenu de la situation\u00bb alors que \u00abla s\u00e9curit\u00e9 et l\u2019inclusion des migrants et minorit\u00e9s font partie des valeurs centrales d\u2019inclusion, de respect et d\u2019anti-racisme\u00bb de la BM. La d\u00e9cision concerne le cadre de partenariat pays (CPF en anglais), qui sert de base de suivi par le conseil d\u2019administration (CA) de la BM afin d\u2019\u00e9valuer et accompagner le pays dans ses programmes d\u2019aide. Concr\u00e8tement, l\u2019institution ne peut plus lancer de nouveau programme de soutien avec le pays tant que le CA ne s\u2019est pas r\u00e9uni et elle a d\u00e9cid\u00e9 de remettre cette r\u00e9union sur la Tunisie \u00ab\u00a0jusqu\u2019\u00e0 nouvel ordre\u00a0\u00bb, selon le courrier. \u00ab\u00a0Les projets financ\u00e9s restent financ\u00e9s et les projets en cours restent en cours\u00a0\u00bb, a-t-on pr\u00e9cis\u00e9 de source proche de la BM.","og_url":"https:\/\/www.public.sn\/index.php\/2023\/03\/07\/propos-racistes-la-banque-mondiale-suspend-la-tunisie\/","og_site_name":"LE PUBLIC","article_published_time":"2023-03-07T10:11:32+00:00","og_image":[{"width":680,"height":388,"url":"https:\/\/www.public.sn\/wp-content\/uploads\/2023\/03\/Kais-Saied.jpg","type":"image\/jpeg"}],"author":"LA REDACTION","twitter_card":"summary_large_image","twitter_misc":{"\u00c9crit par":"LA REDACTION","Dur\u00e9e de lecture estim\u00e9e":"2 minutes"},"schema":{"@context":"https:\/\/schema.org","@graph":[{"@type":"Article","@id":"https:\/\/www.public.sn\/index.php\/2023\/03\/07\/propos-racistes-la-banque-mondiale-suspend-la-tunisie\/#article","isPartOf":{"@id":"https:\/\/www.public.sn\/index.php\/2023\/03\/07\/propos-racistes-la-banque-mondiale-suspend-la-tunisie\/"},"author":{"name":"LA REDACTION","@id":"https:\/\/www.public.sn\/#\/schema\/person\/cb76c8e1b8becc6be61fb5e92d6d0224"},"headline":"Propos racistes : La Banque mondiale suspend la Tunisie","datePublished":"2023-03-07T10:11:32+00:00","mainEntityOfPage":{"@id":"https:\/\/www.public.sn\/index.php\/2023\/03\/07\/propos-racistes-la-banque-mondiale-suspend-la-tunisie\/"},"wordCount":235,"commentCount":0,"publisher":{"@id":"https:\/\/www.public.sn\/#organization"},"image":{"@id":"https:\/\/www.public.sn\/index.php\/2023\/03\/07\/propos-racistes-la-banque-mondiale-suspend-la-tunisie\/#primaryimage"},"thumbnailUrl":"https:\/\/www.public.sn\/wp-content\/uploads\/2023\/03\/Kais-Saied.jpg","keywords":["Banque mondiale","Propos racistes","tunisie"],"articleSection":["ACTUALIT\u00c9S","AFRIQUE &amp; MONDE","internationale"],"inLanguage":"fr-FR","potentialAction":[{"@type":"CommentAction","name":"Comment","target":["https:\/\/www.public.sn\/index.php\/2023\/03\/07\/propos-racistes-la-banque-mondiale-suspend-la-tunisie\/#respond"]}]},{"@type":"WebPage","@id":"https:\/\/www.public.sn\/index.php\/2023\/03\/07\/propos-racistes-la-banque-mondiale-suspend-la-tunisie\/","url":"https:\/\/www.public.sn\/index.php\/2023\/03\/07\/propos-racistes-la-banque-mondiale-suspend-la-tunisie\/","name":"Propos racistes : La Banque mondiale suspend la Tunisie - LE PUBLIC","isPartOf":{"@id":"https:\/\/www.public.sn\/#website"},"primaryImageOfPage":{"@id":"https:\/\/www.public.sn\/index.php\/2023\/03\/07\/propos-racistes-la-banque-mondiale-suspend-la-tunisie\/#primaryimage"},"image":{"@id":"https:\/\/www.public.sn\/index.php\/2023\/03\/07\/propos-racistes-la-banque-mondiale-suspend-la-tunisie\/#primaryimage"},"thumbnailUrl":"https:\/\/www.public.sn\/wp-content\/uploads\/2023\/03\/Kais-Saied.jpg","datePublished":"2023-03-07T10:11:32+00:00","breadcrumb":{"@id":"https:\/\/www.public.sn\/index.php\/2023\/03\/07\/propos-racistes-la-banque-mondiale-suspend-la-tunisie\/#breadcrumb"},"inLanguage":"fr-FR","potentialAction":[{"@type":"ReadAction","target":["https:\/\/www.public.sn\/index.php\/2023\/03\/07\/propos-racistes-la-banque-mondiale-suspend-la-tunisie\/"]}]},{"@type":"ImageObject","inLanguage":"fr-FR","@id":"https:\/\/www.public.sn\/index.php\/2023\/03\/07\/propos-racistes-la-banque-mondiale-suspend-la-tunisie\/#primaryimage","url":"https:\/\/www.public.sn\/wp-content\/uploads\/2023\/03\/Kais-Saied.jpg","contentUrl":"https:\/\/www.public.sn\/wp-content\/uploads\/2023\/03\/Kais-Saied.jpg","width":680,"height":388},{"@type":"BreadcrumbList","@id":"https:\/\/www.public.sn\/index.php\/2023\/03\/07\/propos-racistes-la-banque-mondiale-suspend-la-tunisie\/#breadcrumb","itemListElement":[{"@type":"ListItem","position":1,"name":"Accueil","item":"https:\/\/www.public.sn\/"},{"@type":"ListItem","position":2,"name":"Propos racistes : La Banque mondiale suspend la Tunisie"}]},{"@type":"WebSite","@id":"https:\/\/www.public.sn\/#website","url":"https:\/\/www.public.sn\/","name":"LE PUBLIC","description":"","publisher":{"@id":"https:\/\/www.public.sn\/#organization"},"potentialAction":[{"@type":"SearchAction","target":{"@type":"EntryPoint","urlTemplate":"https:\/\/www.public.sn\/?s={search_term_string}"},"query-input":{"@type":"PropertyValueSpecification","valueRequired":true,"valueName":"search_term_string"}}],"inLanguage":"fr-FR"},{"@type":"Organization","@id":"https:\/\/www.public.sn\/#organization","name":"LE PUBLIC","url":"https:\/\/www.public.sn\/","logo":{"@type":"ImageObject","inLanguage":"fr-FR","@id":"https:\/\/www.public.sn\/#\/schema\/logo\/image\/","url":"https:\/\/www.public.sn\/wp-content\/uploads\/2024\/05\/cropped-LOGO-PUBLIC.SN_.png","contentUrl":"https:\/\/www.public.sn\/wp-content\/uploads\/2024\/05\/cropped-LOGO-PUBLIC.SN_.png","width":682,"height":192,"caption":"LE PUBLIC"},"image":{"@id":"https:\/\/www.public.sn\/#\/schema\/logo\/image\/"}},{"@type":"Person","@id":"https:\/\/www.public.sn\/#\/schema\/person\/cb76c8e1b8becc6be61fb5e92d6d0224","name":"LA REDACTION","image":{"@type":"ImageObject","inLanguage":"fr-FR","@id":"https:\/\/www.public.sn\/#\/schema\/person\/image\/","url":"https:\/\/secure.gravatar.com\/avatar\/2dce5ddd34b8fef0180efe03aa2a9bee7d953856048f9a16b298190a3178407c?s=96&d=mm&r=g","contentUrl":"https:\/\/secure.gravatar.com\/avatar\/2dce5ddd34b8fef0180efe03aa2a9bee7d953856048f9a16b298190a3178407c?s=96&d=mm&r=g","caption":"LA REDACTION"},"url":"https:\/\/www.public.sn\/index.php\/author\/editeurpsn\/"}]}},"jetpack_featured_media_url":"https:\/\/www.public.sn\/wp-content\/uploads\/2023\/03\/Kais-Saied.jpg","jetpack_sharing_enabled":true,"_links":{"self":[{"href":"https:\/\/www.public.sn\/index.php\/wp-json\/wp\/v2\/posts\/17401","targetHints":{"allow":["GET"]}}],"collection":[{"href":"https:\/\/www.public.sn\/index.php\/wp-json\/wp\/v2\/posts"}],"about":[{"href":"https:\/\/www.public.sn\/index.php\/wp-json\/wp\/v2\/types\/post"}],"author":[{"embeddable":true,"href":"https:\/\/www.public.sn\/index.php\/wp-json\/wp\/v2\/users\/7"}],"replies":[{"embeddable":true,"href":"https:\/\/www.public.sn\/index.php\/wp-json\/wp\/v2\/comments?post=17401"}],"version-history":[{"count":1,"href":"https:\/\/www.public.sn\/index.php\/wp-json\/wp\/v2\/posts\/17401\/revisions"}],"predecessor-version":[{"id":17404,"href":"https:\/\/www.public.sn\/index.php\/wp-json\/wp\/v2\/posts\/17401\/revisions\/17404"}],"wp:featuredmedia":[{"embeddable":true,"href":"https:\/\/www.public.sn\/index.php\/wp-json\/wp\/v2\/media\/17403"}],"wp:attachment":[{"href":"https:\/\/www.public.sn\/index.php\/wp-json\/wp\/v2\/media?parent=17401"}],"wp:term":[{"taxonomy":"category","embeddable":true,"href":"https:\/\/www.public.sn\/index.php\/wp-json\/wp\/v2\/categories?post=17401"},{"taxonomy":"post_tag","embeddable":true,"href":"https:\/\/www.public.sn\/index.php\/wp-json\/wp\/v2\/tags?post=17401"}],"curies":[{"name":"wp","href":"https:\/\/api.w.org\/{rel}","templated":true}]}}