{"id":17405,"date":"2023-03-07T10:55:01","date_gmt":"2023-03-07T10:55:01","guid":{"rendered":"https:\/\/www.public.sn\/?p=17405"},"modified":"2023-03-07T10:55:21","modified_gmt":"2023-03-07T10:55:21","slug":"sa-thies-vs-reug-reug-le-cng-dement-avoir-rendu-un-verdict","status":"publish","type":"post","link":"https:\/\/www.public.sn\/index.php\/2023\/03\/07\/sa-thies-vs-reug-reug-le-cng-dement-avoir-rendu-un-verdict\/","title":{"rendered":"Sa Thi\u00e8s vs Reug Reug : Le CNG d\u00e9ment avoir rendu un verdict"},"content":{"rendered":"<p><strong>Ce lundi soir, l\u2019information selon laquelle le CNG a tranch\u00e9 et a donn\u00e9 la victoire \u00e0 Sa Thi\u00e8s devant Reug Reug apr\u00e8s recours a fait le tour de la presse. Mais selon nos confr\u00e8res de Ar\u00e8nesTV, le CNG a d\u00e9menti l\u2019information.<\/strong><\/p><div class=\"publi-paragraphe1\" style=\"margin-top: 10px;margin-bottom: 10px;margin-left: auto;margin-right: auto;text-align: center;\" id=\"publi-3027228714\"><div class=\"publi-adlabel\">Publicit\u00e9<\/div><script async src=\"\/\/pagead2.googlesyndication.com\/pagead\/js\/adsbygoogle.js?client=ca-pub-4089586018074219\" crossorigin=\"anonymous\"><\/script><ins class=\"adsbygoogle\" style=\"display:block;\" data-ad-client=\"ca-pub-4089586018074219\" \ndata-ad-slot=\"2087940154\" \ndata-ad-format=\"auto\"><\/ins>\n<script> \n(adsbygoogle = window.adsbygoogle || []).push({}); \n<\/script>\n<\/div>\n<p>\u00ab Aucune d\u00e9cision n\u2019est rendue par le CNG concernant le combat Sa Thi\u00e8s vs Reug Reug. Nous allons respecter les textes en usant des d\u00e9lais requis avant de vider le dossier et prendre quel que d\u00e9cision que ce soit \u00bb, a d\u00e9clar\u00e9 le patron de l\u2019instance dirigeante de la lutte s\u00e9n\u00e9galaise.<\/p>\n<p>Pour le moment donc, rien n\u2019est officiel entre Reug Reug et Sa Thi\u00e8s.<\/p>\n<div class=\"publi-apres-le-contenu\" style=\"margin-top: 10px;margin-bottom: 10px;margin-left: auto;margin-right: auto;text-align: center;\" id=\"publi-1950249961\"><div class=\"publi-adlabel\">Publicit\u00e9<\/div><script async src=\"\/\/pagead2.googlesyndication.com\/pagead\/js\/adsbygoogle.js?client=ca-pub-4089586018074219\" crossorigin=\"anonymous\"><\/script><ins class=\"adsbygoogle\" style=\"display:block;\" data-ad-client=\"ca-pub-4089586018074219\" \ndata-ad-slot=\"2087940154\" \ndata-ad-format=\"auto\"><\/ins>\n<script> \n(adsbygoogle = window.adsbygoogle || []).push({}); \n<\/script>\n<\/div>","protected":false},"excerpt":{"rendered":"<p>Ce lundi soir, l\u2019information selon laquelle le CNG a tranch\u00e9 et a donn\u00e9 la victoire \u00e0 Sa Thi\u00e8s devant Reug Reug apr\u00e8s recours a fait le tour de la presse. Mais selon nos confr\u00e8res de Ar\u00e8nesTV, le CNG a d\u00e9menti l\u2019information. \u00ab Aucune d\u00e9cision n\u2019est rendue par le CNG concernant le combat Sa Thi\u00e8s vs Reug Reug. Nous allons respecter les textes en usant des d\u00e9lais requis avant de vider le dossier et prendre quel que d\u00e9cision que ce soit \u00bb, a d\u00e9clar\u00e9 le patron de l\u2019instance dirigeante de la lutte s\u00e9n\u00e9galaise. Pour le moment donc, rien n\u2019est officiel entre Reug Reug et Sa Thi\u00e8s.<\/p>\n","protected":false},"author":7,"featured_media":17407,"comment_status":"open","ping_status":"open","sticky":false,"template":"","format":"standard","meta":{"_jetpack_memberships_contains_paid_content":false,"footnotes":""},"categories":[375,902,1,4,7,372],"tags":[981,999,305],"class_list":["post-17405","post","type-post","status-publish","format-standard","has-post-thumbnail","hentry","category-actualites","category-lutte-senegalaise","category-non-classe","category-societe","category-sport","category-vedette","tag-cng","tag-reug-reug","tag-sa-thies","entry","has-media","owp-thumbs-layout-horizontal","owp-btn-normal","owp-tabs-layout-horizontal","has-no-thumbnails","has-product-nav"],"yoast_head":"<!-- This site is optimized with the Yoast SEO plugin v25.5 - https:\/\/yoast.com\/wordpress\/plugins\/seo\/ -->\n<title>Sa Thi\u00e8s vs Reug Reug : Le CNG d\u00e9ment avoir rendu un verdict - LE PUBLIC<\/title>\n<meta name=\"robots\" content=\"index, follow, max-snippet:-1, max-image-preview:large, max-video-preview:-1\" \/>\n<link rel=\"canonical\" href=\"https:\/\/www.public.sn\/index.php\/2023\/03\/07\/sa-thies-vs-reug-reug-le-cng-dement-avoir-rendu-un-verdict\/\" \/>\n<meta property=\"og:locale\" content=\"fr_FR\" \/>\n<meta property=\"og:type\" content=\"article\" \/>\n<meta property=\"og:title\" content=\"Sa Thi\u00e8s vs Reug Reug : Le CNG d\u00e9ment avoir rendu un verdict - LE PUBLIC\" \/>\n<meta property=\"og:description\" content=\"Ce lundi soir, l\u2019information selon laquelle le CNG a tranch\u00e9 et a donn\u00e9 la victoire \u00e0 Sa Thi\u00e8s devant Reug Reug apr\u00e8s recours a fait le tour de la presse. Mais selon nos confr\u00e8res de Ar\u00e8nesTV, le CNG a d\u00e9menti l\u2019information. \u00ab Aucune d\u00e9cision n\u2019est rendue par le CNG concernant le combat Sa Thi\u00e8s vs Reug Reug. Nous allons respecter les textes en usant des d\u00e9lais requis avant de vider le dossier et prendre quel que d\u00e9cision que ce soit \u00bb, a d\u00e9clar\u00e9 le patron de l\u2019instance dirigeante de la lutte s\u00e9n\u00e9galaise. Pour le moment donc, rien n\u2019est officiel entre Reug Reug et Sa Thi\u00e8s.\" \/>\n<meta property=\"og:url\" content=\"https:\/\/www.public.sn\/index.php\/2023\/03\/07\/sa-thies-vs-reug-reug-le-cng-dement-avoir-rendu-un-verdict\/\" \/>\n<meta property=\"og:site_name\" content=\"LE PUBLIC\" \/>\n<meta property=\"article:published_time\" content=\"2023-03-07T10:55:01+00:00\" \/>\n<meta property=\"article:modified_time\" content=\"2023-03-07T10:55:21+00:00\" \/>\n<meta property=\"og:image\" content=\"https:\/\/www.public.sn\/wp-content\/uploads\/2023\/03\/sa-thies-vs-reug-reug.jpg\" \/>\n\t<meta property=\"og:image:width\" content=\"1280\" \/>\n\t<meta property=\"og:image:height\" content=\"960\" \/>\n\t<meta property=\"og:image:type\" content=\"image\/jpeg\" \/>\n<meta name=\"author\" content=\"LA REDACTION\" \/>\n<meta name=\"twitter:card\" content=\"summary_large_image\" \/>\n<meta name=\"twitter:label1\" content=\"\u00c9crit par\" \/>\n\t<meta name=\"twitter:data1\" content=\"LA REDACTION\" \/>\n\t<meta name=\"twitter:label2\" content=\"Dur\u00e9e de lecture estim\u00e9e\" \/>\n\t<meta name=\"twitter:data2\" content=\"1 minute\" \/>\n<script type=\"application\/ld+json\" class=\"yoast-schema-graph\">{\"@context\":\"https:\/\/schema.org\",\"@graph\":[{\"@type\":\"Article\",\"@id\":\"https:\/\/www.public.sn\/index.php\/2023\/03\/07\/sa-thies-vs-reug-reug-le-cng-dement-avoir-rendu-un-verdict\/#article\",\"isPartOf\":{\"@id\":\"https:\/\/www.public.sn\/index.php\/2023\/03\/07\/sa-thies-vs-reug-reug-le-cng-dement-avoir-rendu-un-verdict\/\"},\"author\":{\"name\":\"LA REDACTION\",\"@id\":\"https:\/\/www.public.sn\/#\/schema\/person\/cb76c8e1b8becc6be61fb5e92d6d0224\"},\"headline\":\"Sa Thi\u00e8s vs Reug Reug : Le CNG d\u00e9ment avoir rendu un verdict\",\"datePublished\":\"2023-03-07T10:55:01+00:00\",\"dateModified\":\"2023-03-07T10:55:21+00:00\",\"mainEntityOfPage\":{\"@id\":\"https:\/\/www.public.sn\/index.php\/2023\/03\/07\/sa-thies-vs-reug-reug-le-cng-dement-avoir-rendu-un-verdict\/\"},\"wordCount\":134,\"commentCount\":0,\"publisher\":{\"@id\":\"https:\/\/www.public.sn\/#organization\"},\"image\":{\"@id\":\"https:\/\/www.public.sn\/index.php\/2023\/03\/07\/sa-thies-vs-reug-reug-le-cng-dement-avoir-rendu-un-verdict\/#primaryimage\"},\"thumbnailUrl\":\"https:\/\/www.public.sn\/wp-content\/uploads\/2023\/03\/sa-thies-vs-reug-reug.jpg\",\"keywords\":[\"Cng\",\"Reug Reug\",\"sa thies\"],\"articleSection\":[\"ACTUALIT\u00c9S\",\"LUTTE S\u00c9N\u00c9GALAISE\",\"S\u00c9N\u00c9GAL\",\"SOCIETE\",\"SPORTS\",\"VEDETTE\"],\"inLanguage\":\"fr-FR\",\"potentialAction\":[{\"@type\":\"CommentAction\",\"name\":\"Comment\",\"target\":[\"https:\/\/www.public.sn\/index.php\/2023\/03\/07\/sa-thies-vs-reug-reug-le-cng-dement-avoir-rendu-un-verdict\/#respond\"]}]},{\"@type\":\"WebPage\",\"@id\":\"https:\/\/www.public.sn\/index.php\/2023\/03\/07\/sa-thies-vs-reug-reug-le-cng-dement-avoir-rendu-un-verdict\/\",\"url\":\"https:\/\/www.public.sn\/index.php\/2023\/03\/07\/sa-thies-vs-reug-reug-le-cng-dement-avoir-rendu-un-verdict\/\",\"name\":\"Sa Thi\u00e8s vs Reug Reug : Le CNG d\u00e9ment avoir rendu un verdict - LE PUBLIC\",\"isPartOf\":{\"@id\":\"https:\/\/www.public.sn\/#website\"},\"primaryImageOfPage\":{\"@id\":\"https:\/\/www.public.sn\/index.php\/2023\/03\/07\/sa-thies-vs-reug-reug-le-cng-dement-avoir-rendu-un-verdict\/#primaryimage\"},\"image\":{\"@id\":\"https:\/\/www.public.sn\/index.php\/2023\/03\/07\/sa-thies-vs-reug-reug-le-cng-dement-avoir-rendu-un-verdict\/#primaryimage\"},\"thumbnailUrl\":\"https:\/\/www.public.sn\/wp-content\/uploads\/2023\/03\/sa-thies-vs-reug-reug.jpg\",\"datePublished\":\"2023-03-07T10:55:01+00:00\",\"dateModified\":\"2023-03-07T10:55:21+00:00\",\"breadcrumb\":{\"@id\":\"https:\/\/www.public.sn\/index.php\/2023\/03\/07\/sa-thies-vs-reug-reug-le-cng-dement-avoir-rendu-un-verdict\/#breadcrumb\"},\"inLanguage\":\"fr-FR\",\"potentialAction\":[{\"@type\":\"ReadAction\",\"target\":[\"https:\/\/www.public.sn\/index.php\/2023\/03\/07\/sa-thies-vs-reug-reug-le-cng-dement-avoir-rendu-un-verdict\/\"]}]},{\"@type\":\"ImageObject\",\"inLanguage\":\"fr-FR\",\"@id\":\"https:\/\/www.public.sn\/index.php\/2023\/03\/07\/sa-thies-vs-reug-reug-le-cng-dement-avoir-rendu-un-verdict\/#primaryimage\",\"url\":\"https:\/\/www.public.sn\/wp-content\/uploads\/2023\/03\/sa-thies-vs-reug-reug.jpg\",\"contentUrl\":\"https:\/\/www.public.sn\/wp-content\/uploads\/2023\/03\/sa-thies-vs-reug-reug.jpg\",\"width\":1280,\"height\":960},{\"@type\":\"BreadcrumbList\",\"@id\":\"https:\/\/www.public.sn\/index.php\/2023\/03\/07\/sa-thies-vs-reug-reug-le-cng-dement-avoir-rendu-un-verdict\/#breadcrumb\",\"itemListElement\":[{\"@type\":\"ListItem\",\"position\":1,\"name\":\"Accueil\",\"item\":\"https:\/\/www.public.sn\/\"},{\"@type\":\"ListItem\",\"position\":2,\"name\":\"Sa Thi\u00e8s vs Reug Reug : Le CNG d\u00e9ment avoir rendu un verdict\"}]},{\"@type\":\"WebSite\",\"@id\":\"https:\/\/www.public.sn\/#website\",\"url\":\"https:\/\/www.public.sn\/\",\"name\":\"LE PUBLIC\",\"description\":\"\",\"publisher\":{\"@id\":\"https:\/\/www.public.sn\/#organization\"},\"potentialAction\":[{\"@type\":\"SearchAction\",\"target\":{\"@type\":\"EntryPoint\",\"urlTemplate\":\"https:\/\/www.public.sn\/?s={search_term_string}\"},\"query-input\":{\"@type\":\"PropertyValueSpecification\",\"valueRequired\":true,\"valueName\":\"search_term_string\"}}],\"inLanguage\":\"fr-FR\"},{\"@type\":\"Organization\",\"@id\":\"https:\/\/www.public.sn\/#organization\",\"name\":\"LE PUBLIC\",\"url\":\"https:\/\/www.public.sn\/\",\"logo\":{\"@type\":\"ImageObject\",\"inLanguage\":\"fr-FR\",\"@id\":\"https:\/\/www.public.sn\/#\/schema\/logo\/image\/\",\"url\":\"https:\/\/www.public.sn\/wp-content\/uploads\/2024\/05\/cropped-LOGO-PUBLIC.SN_.png\",\"contentUrl\":\"https:\/\/www.public.sn\/wp-content\/uploads\/2024\/05\/cropped-LOGO-PUBLIC.SN_.png\",\"width\":682,\"height\":192,\"caption\":\"LE PUBLIC\"},\"image\":{\"@id\":\"https:\/\/www.public.sn\/#\/schema\/logo\/image\/\"}},{\"@type\":\"Person\",\"@id\":\"https:\/\/www.public.sn\/#\/schema\/person\/cb76c8e1b8becc6be61fb5e92d6d0224\",\"name\":\"LA REDACTION\",\"image\":{\"@type\":\"ImageObject\",\"inLanguage\":\"fr-FR\",\"@id\":\"https:\/\/www.public.sn\/#\/schema\/person\/image\/\",\"url\":\"https:\/\/secure.gravatar.com\/avatar\/2dce5ddd34b8fef0180efe03aa2a9bee7d953856048f9a16b298190a3178407c?s=96&d=mm&r=g\",\"contentUrl\":\"https:\/\/secure.gravatar.com\/avatar\/2dce5ddd34b8fef0180efe03aa2a9bee7d953856048f9a16b298190a3178407c?s=96&d=mm&r=g\",\"caption\":\"LA REDACTION\"},\"url\":\"https:\/\/www.public.sn\/index.php\/author\/editeurpsn\/\"}]}<\/script>\n<!-- \/ Yoast SEO plugin. -->","yoast_head_json":{"title":"Sa Thi\u00e8s vs Reug Reug : Le CNG d\u00e9ment avoir rendu un verdict - LE PUBLIC","robots":{"index":"index","follow":"follow","max-snippet":"max-snippet:-1","max-image-preview":"max-image-preview:large","max-video-preview":"max-video-preview:-1"},"canonical":"https:\/\/www.public.sn\/index.php\/2023\/03\/07\/sa-thies-vs-reug-reug-le-cng-dement-avoir-rendu-un-verdict\/","og_locale":"fr_FR","og_type":"article","og_title":"Sa Thi\u00e8s vs Reug Reug : Le CNG d\u00e9ment avoir rendu un verdict - LE PUBLIC","og_description":"Ce lundi soir, l\u2019information selon laquelle le CNG a tranch\u00e9 et a donn\u00e9 la victoire \u00e0 Sa Thi\u00e8s devant Reug Reug apr\u00e8s recours a fait le tour de la presse. Mais selon nos confr\u00e8res de Ar\u00e8nesTV, le CNG a d\u00e9menti l\u2019information. \u00ab Aucune d\u00e9cision n\u2019est rendue par le CNG concernant le combat Sa Thi\u00e8s vs Reug Reug. Nous allons respecter les textes en usant des d\u00e9lais requis avant de vider le dossier et prendre quel que d\u00e9cision que ce soit \u00bb, a d\u00e9clar\u00e9 le patron de l\u2019instance dirigeante de la lutte s\u00e9n\u00e9galaise. Pour le moment donc, rien n\u2019est officiel entre Reug Reug et Sa Thi\u00e8s.","og_url":"https:\/\/www.public.sn\/index.php\/2023\/03\/07\/sa-thies-vs-reug-reug-le-cng-dement-avoir-rendu-un-verdict\/","og_site_name":"LE PUBLIC","article_published_time":"2023-03-07T10:55:01+00:00","article_modified_time":"2023-03-07T10:55:21+00:00","og_image":[{"width":1280,"height":960,"url":"https:\/\/www.public.sn\/wp-content\/uploads\/2023\/03\/sa-thies-vs-reug-reug.jpg","type":"image\/jpeg"}],"author":"LA REDACTION","twitter_card":"summary_large_image","twitter_misc":{"\u00c9crit par":"LA REDACTION","Dur\u00e9e de lecture estim\u00e9e":"1 minute"},"schema":{"@context":"https:\/\/schema.org","@graph":[{"@type":"Article","@id":"https:\/\/www.public.sn\/index.php\/2023\/03\/07\/sa-thies-vs-reug-reug-le-cng-dement-avoir-rendu-un-verdict\/#article","isPartOf":{"@id":"https:\/\/www.public.sn\/index.php\/2023\/03\/07\/sa-thies-vs-reug-reug-le-cng-dement-avoir-rendu-un-verdict\/"},"author":{"name":"LA REDACTION","@id":"https:\/\/www.public.sn\/#\/schema\/person\/cb76c8e1b8becc6be61fb5e92d6d0224"},"headline":"Sa Thi\u00e8s vs Reug Reug : Le CNG d\u00e9ment avoir rendu un verdict","datePublished":"2023-03-07T10:55:01+00:00","dateModified":"2023-03-07T10:55:21+00:00","mainEntityOfPage":{"@id":"https:\/\/www.public.sn\/index.php\/2023\/03\/07\/sa-thies-vs-reug-reug-le-cng-dement-avoir-rendu-un-verdict\/"},"wordCount":134,"commentCount":0,"publisher":{"@id":"https:\/\/www.public.sn\/#organization"},"image":{"@id":"https:\/\/www.public.sn\/index.php\/2023\/03\/07\/sa-thies-vs-reug-reug-le-cng-dement-avoir-rendu-un-verdict\/#primaryimage"},"thumbnailUrl":"https:\/\/www.public.sn\/wp-content\/uploads\/2023\/03\/sa-thies-vs-reug-reug.jpg","keywords":["Cng","Reug Reug","sa thies"],"articleSection":["ACTUALIT\u00c9S","LUTTE S\u00c9N\u00c9GALAISE","S\u00c9N\u00c9GAL","SOCIETE","SPORTS","VEDETTE"],"inLanguage":"fr-FR","potentialAction":[{"@type":"CommentAction","name":"Comment","target":["https:\/\/www.public.sn\/index.php\/2023\/03\/07\/sa-thies-vs-reug-reug-le-cng-dement-avoir-rendu-un-verdict\/#respond"]}]},{"@type":"WebPage","@id":"https:\/\/www.public.sn\/index.php\/2023\/03\/07\/sa-thies-vs-reug-reug-le-cng-dement-avoir-rendu-un-verdict\/","url":"https:\/\/www.public.sn\/index.php\/2023\/03\/07\/sa-thies-vs-reug-reug-le-cng-dement-avoir-rendu-un-verdict\/","name":"Sa Thi\u00e8s vs Reug Reug : Le CNG d\u00e9ment avoir rendu un verdict - LE PUBLIC","isPartOf":{"@id":"https:\/\/www.public.sn\/#website"},"primaryImageOfPage":{"@id":"https:\/\/www.public.sn\/index.php\/2023\/03\/07\/sa-thies-vs-reug-reug-le-cng-dement-avoir-rendu-un-verdict\/#primaryimage"},"image":{"@id":"https:\/\/www.public.sn\/index.php\/2023\/03\/07\/sa-thies-vs-reug-reug-le-cng-dement-avoir-rendu-un-verdict\/#primaryimage"},"thumbnailUrl":"https:\/\/www.public.sn\/wp-content\/uploads\/2023\/03\/sa-thies-vs-reug-reug.jpg","datePublished":"2023-03-07T10:55:01+00:00","dateModified":"2023-03-07T10:55:21+00:00","breadcrumb":{"@id":"https:\/\/www.public.sn\/index.php\/2023\/03\/07\/sa-thies-vs-reug-reug-le-cng-dement-avoir-rendu-un-verdict\/#breadcrumb"},"inLanguage":"fr-FR","potentialAction":[{"@type":"ReadAction","target":["https:\/\/www.public.sn\/index.php\/2023\/03\/07\/sa-thies-vs-reug-reug-le-cng-dement-avoir-rendu-un-verdict\/"]}]},{"@type":"ImageObject","inLanguage":"fr-FR","@id":"https:\/\/www.public.sn\/index.php\/2023\/03\/07\/sa-thies-vs-reug-reug-le-cng-dement-avoir-rendu-un-verdict\/#primaryimage","url":"https:\/\/www.public.sn\/wp-content\/uploads\/2023\/03\/sa-thies-vs-reug-reug.jpg","contentUrl":"https:\/\/www.public.sn\/wp-content\/uploads\/2023\/03\/sa-thies-vs-reug-reug.jpg","width":1280,"height":960},{"@type":"BreadcrumbList","@id":"https:\/\/www.public.sn\/index.php\/2023\/03\/07\/sa-thies-vs-reug-reug-le-cng-dement-avoir-rendu-un-verdict\/#breadcrumb","itemListElement":[{"@type":"ListItem","position":1,"name":"Accueil","item":"https:\/\/www.public.sn\/"},{"@type":"ListItem","position":2,"name":"Sa Thi\u00e8s vs Reug Reug : Le CNG d\u00e9ment avoir rendu un verdict"}]},{"@type":"WebSite","@id":"https:\/\/www.public.sn\/#website","url":"https:\/\/www.public.sn\/","name":"LE PUBLIC","description":"","publisher":{"@id":"https:\/\/www.public.sn\/#organization"},"potentialAction":[{"@type":"SearchAction","target":{"@type":"EntryPoint","urlTemplate":"https:\/\/www.public.sn\/?s={search_term_string}"},"query-input":{"@type":"PropertyValueSpecification","valueRequired":true,"valueName":"search_term_string"}}],"inLanguage":"fr-FR"},{"@type":"Organization","@id":"https:\/\/www.public.sn\/#organization","name":"LE PUBLIC","url":"https:\/\/www.public.sn\/","logo":{"@type":"ImageObject","inLanguage":"fr-FR","@id":"https:\/\/www.public.sn\/#\/schema\/logo\/image\/","url":"https:\/\/www.public.sn\/wp-content\/uploads\/2024\/05\/cropped-LOGO-PUBLIC.SN_.png","contentUrl":"https:\/\/www.public.sn\/wp-content\/uploads\/2024\/05\/cropped-LOGO-PUBLIC.SN_.png","width":682,"height":192,"caption":"LE PUBLIC"},"image":{"@id":"https:\/\/www.public.sn\/#\/schema\/logo\/image\/"}},{"@type":"Person","@id":"https:\/\/www.public.sn\/#\/schema\/person\/cb76c8e1b8becc6be61fb5e92d6d0224","name":"LA REDACTION","image":{"@type":"ImageObject","inLanguage":"fr-FR","@id":"https:\/\/www.public.sn\/#\/schema\/person\/image\/","url":"https:\/\/secure.gravatar.com\/avatar\/2dce5ddd34b8fef0180efe03aa2a9bee7d953856048f9a16b298190a3178407c?s=96&d=mm&r=g","contentUrl":"https:\/\/secure.gravatar.com\/avatar\/2dce5ddd34b8fef0180efe03aa2a9bee7d953856048f9a16b298190a3178407c?s=96&d=mm&r=g","caption":"LA REDACTION"},"url":"https:\/\/www.public.sn\/index.php\/author\/editeurpsn\/"}]}},"jetpack_featured_media_url":"https:\/\/www.public.sn\/wp-content\/uploads\/2023\/03\/sa-thies-vs-reug-reug.jpg","jetpack_sharing_enabled":true,"_links":{"self":[{"href":"https:\/\/www.public.sn\/index.php\/wp-json\/wp\/v2\/posts\/17405","targetHints":{"allow":["GET"]}}],"collection":[{"href":"https:\/\/www.public.sn\/index.php\/wp-json\/wp\/v2\/posts"}],"about":[{"href":"https:\/\/www.public.sn\/index.php\/wp-json\/wp\/v2\/types\/post"}],"author":[{"embeddable":true,"href":"https:\/\/www.public.sn\/index.php\/wp-json\/wp\/v2\/users\/7"}],"replies":[{"embeddable":true,"href":"https:\/\/www.public.sn\/index.php\/wp-json\/wp\/v2\/comments?post=17405"}],"version-history":[{"count":1,"href":"https:\/\/www.public.sn\/index.php\/wp-json\/wp\/v2\/posts\/17405\/revisions"}],"predecessor-version":[{"id":17408,"href":"https:\/\/www.public.sn\/index.php\/wp-json\/wp\/v2\/posts\/17405\/revisions\/17408"}],"wp:featuredmedia":[{"embeddable":true,"href":"https:\/\/www.public.sn\/index.php\/wp-json\/wp\/v2\/media\/17407"}],"wp:attachment":[{"href":"https:\/\/www.public.sn\/index.php\/wp-json\/wp\/v2\/media?parent=17405"}],"wp:term":[{"taxonomy":"category","embeddable":true,"href":"https:\/\/www.public.sn\/index.php\/wp-json\/wp\/v2\/categories?post=17405"},{"taxonomy":"post_tag","embeddable":true,"href":"https:\/\/www.public.sn\/index.php\/wp-json\/wp\/v2\/tags?post=17405"}],"curies":[{"name":"wp","href":"https:\/\/api.w.org\/{rel}","templated":true}]}}