{"id":17409,"date":"2023-03-07T10:59:44","date_gmt":"2023-03-07T10:59:44","guid":{"rendered":"https:\/\/www.public.sn\/?p=17409"},"modified":"2023-03-07T10:59:44","modified_gmt":"2023-03-07T10:59:44","slug":"can-u17-seconde-rencontre-amicale-des-lionceaux-contre-le-cameroun-ce-mardi","status":"publish","type":"post","link":"https:\/\/www.public.sn\/index.php\/2023\/03\/07\/can-u17-seconde-rencontre-amicale-des-lionceaux-contre-le-cameroun-ce-mardi\/","title":{"rendered":"CAN U17 : Seconde rencontre amicale des Lionceaux contre le Cameroun ce mardi"},"content":{"rendered":"<div class=\"gmail-intro-text\">\n<div class=\"intro-text\">\n<p><strong>La s\u00e9lection des moins de 17 ans effectuera sa deuxi\u00e8me sortie amicale ce mardi face \u00e0 la formation camerounaise en pr\u00e9paration pour la prochaine Coupe d\u2019Afrique des Nations des cat\u00e9gories qui se jouera en Alg\u00e9rie.<\/strong><\/p>\n<\/div>\n<\/div>\n<p>Trois jours apr\u00e8s leur premier duel au centre technique Jules Fran\u00e7ois Bocand\u00e9, sold\u00e9 sur une petite victoire des hommes de Serigne Saliou gr\u00e2ce notamment \u00e0 une r\u00e9alisation de Mactar Ndiaye (1-0), les Lionceaux ont rendez-vous ce soir \u00e0 partir de 16h30 au stade Lat Dior de Thi\u00e8s pour l\u2019acte 2 contre le m\u00eame adversaire, le Cameroun.<\/p><div class=\"publi-paragraphe1\" style=\"margin-top: 10px;margin-bottom: 10px;margin-left: auto;margin-right: auto;text-align: center;\" id=\"publi-3320094462\"><div class=\"publi-adlabel\">Publicit\u00e9<\/div><script async src=\"\/\/pagead2.googlesyndication.com\/pagead\/js\/adsbygoogle.js?client=ca-pub-4089586018074219\" crossorigin=\"anonymous\"><\/script><ins class=\"adsbygoogle\" style=\"display:block;\" data-ad-client=\"ca-pub-4089586018074219\" \ndata-ad-slot=\"2087940154\" \ndata-ad-format=\"auto\"><\/ins>\n<script> \n(adsbygoogle = window.adsbygoogle || []).push({}); \n<\/script>\n<\/div>\n<p>La s\u00e9lection emmen\u00e9e par l\u2019ancien s\u00e9lectionneur de l\u2019\u00e9quipe locale du S\u00e9n\u00e9gal pr\u00e9pare l\u2019\u00e9dition 2023 de la Coupe d\u2019Afrique des Nations r\u00e9serv\u00e9e aux joueurs \u00e2g\u00e9s de moins de 17 ans. Elle aura lieu du 8 au 30 avril et verra ses quatre demi-finalistes qualifi\u00e9s pour la Coupe du Monde de la m\u00eame cat\u00e9gorie. Cette double confrontation contre les champions en titre est donc une occasion parfaite pour le s\u00e9lectionneur et son staff de tester de nouveaux syst\u00e8mes et ainsi observer les points qu\u2019ils restent \u00e0 am\u00e9liorer avant leur grand d\u00e9but.<\/p>\n<div class=\"publi-apres-le-contenu\" style=\"margin-top: 10px;margin-bottom: 10px;margin-left: auto;margin-right: auto;text-align: center;\" id=\"publi-32401391\"><div class=\"publi-adlabel\">Publicit\u00e9<\/div><script async src=\"\/\/pagead2.googlesyndication.com\/pagead\/js\/adsbygoogle.js?client=ca-pub-4089586018074219\" crossorigin=\"anonymous\"><\/script><ins class=\"adsbygoogle\" style=\"display:block;\" data-ad-client=\"ca-pub-4089586018074219\" \ndata-ad-slot=\"2087940154\" \ndata-ad-format=\"auto\"><\/ins>\n<script> \n(adsbygoogle = window.adsbygoogle || []).push({}); \n<\/script>\n<\/div>","protected":false},"excerpt":{"rendered":"<p>La s\u00e9lection des moins de 17 ans effectuera sa deuxi\u00e8me sortie amicale ce mardi face \u00e0 la formation camerounaise en pr\u00e9paration pour la prochaine Coupe d\u2019Afrique des Nations des cat\u00e9gories qui se jouera en Alg\u00e9rie. Trois jours apr\u00e8s leur premier duel au centre technique Jules Fran\u00e7ois Bocand\u00e9, sold\u00e9 sur une petite victoire des hommes de Serigne Saliou gr\u00e2ce notamment \u00e0 une r\u00e9alisation de Mactar Ndiaye (1-0), les Lionceaux ont rendez-vous ce soir \u00e0 partir de 16h30 au stade Lat Dior de Thi\u00e8s pour l\u2019acte 2 contre le m\u00eame adversaire, le Cameroun. La s\u00e9lection emmen\u00e9e par l\u2019ancien s\u00e9lectionneur de l\u2019\u00e9quipe locale du S\u00e9n\u00e9gal pr\u00e9pare l\u2019\u00e9dition 2023 de la Coupe d\u2019Afrique des Nations r\u00e9serv\u00e9e aux joueurs \u00e2g\u00e9s de moins de 17 ans. Elle aura lieu du 8 au 30 avril et verra ses quatre demi-finalistes qualifi\u00e9s pour la Coupe du Monde de la m\u00eame cat\u00e9gorie. Cette double confrontation contre les champions en titre est donc une occasion parfaite pour le s\u00e9lectionneur et son staff de tester de nouveaux syst\u00e8mes et ainsi observer les points qu\u2019ils restent \u00e0 am\u00e9liorer avant leur grand d\u00e9but.<\/p>\n","protected":false},"author":7,"featured_media":17410,"comment_status":"open","ping_status":"open","sticky":false,"template":"","format":"standard","meta":{"_jetpack_memberships_contains_paid_content":false,"footnotes":""},"categories":[375,550,3412,3728,1,7],"tags":[4666,4665,828,766],"class_list":["post-17409","post","type-post","status-publish","format-standard","has-post-thumbnail","hentry","category-actualites","category-afrique-monde","category-football","category-internationale","category-non-classe","category-sport","tag-ameroune","tag-can-u17","tag-match-amical","tag-senegal","entry","has-media","owp-thumbs-layout-horizontal","owp-btn-normal","owp-tabs-layout-horizontal","has-no-thumbnails","has-product-nav"],"yoast_head":"<!-- This site is optimized with the Yoast SEO plugin v25.5 - https:\/\/yoast.com\/wordpress\/plugins\/seo\/ -->\n<title>CAN U17 : Seconde rencontre amicale des Lionceaux contre le Cameroun ce mardi - LE PUBLIC<\/title>\n<meta name=\"robots\" content=\"index, follow, max-snippet:-1, max-image-preview:large, max-video-preview:-1\" \/>\n<link rel=\"canonical\" href=\"https:\/\/www.public.sn\/index.php\/2023\/03\/07\/can-u17-seconde-rencontre-amicale-des-lionceaux-contre-le-cameroun-ce-mardi\/\" \/>\n<meta property=\"og:locale\" content=\"fr_FR\" \/>\n<meta property=\"og:type\" content=\"article\" \/>\n<meta property=\"og:title\" content=\"CAN U17 : Seconde rencontre amicale des Lionceaux contre le Cameroun ce mardi - LE PUBLIC\" \/>\n<meta property=\"og:description\" content=\"La s\u00e9lection des moins de 17 ans effectuera sa deuxi\u00e8me sortie amicale ce mardi face \u00e0 la formation camerounaise en pr\u00e9paration pour la prochaine Coupe d\u2019Afrique des Nations des cat\u00e9gories qui se jouera en Alg\u00e9rie. Trois jours apr\u00e8s leur premier duel au centre technique Jules Fran\u00e7ois Bocand\u00e9, sold\u00e9 sur une petite victoire des hommes de Serigne Saliou gr\u00e2ce notamment \u00e0 une r\u00e9alisation de Mactar Ndiaye (1-0), les Lionceaux ont rendez-vous ce soir \u00e0 partir de 16h30 au stade Lat Dior de Thi\u00e8s pour l\u2019acte 2 contre le m\u00eame adversaire, le Cameroun. La s\u00e9lection emmen\u00e9e par l\u2019ancien s\u00e9lectionneur de l\u2019\u00e9quipe locale du S\u00e9n\u00e9gal pr\u00e9pare l\u2019\u00e9dition 2023 de la Coupe d\u2019Afrique des Nations r\u00e9serv\u00e9e aux joueurs \u00e2g\u00e9s de moins de 17 ans. Elle aura lieu du 8 au 30 avril et verra ses quatre demi-finalistes qualifi\u00e9s pour la Coupe du Monde de la m\u00eame cat\u00e9gorie. Cette double confrontation contre les champions en titre est donc une occasion parfaite pour le s\u00e9lectionneur et son staff de tester de nouveaux syst\u00e8mes et ainsi observer les points qu\u2019ils restent \u00e0 am\u00e9liorer avant leur grand d\u00e9but.\" \/>\n<meta property=\"og:url\" content=\"https:\/\/www.public.sn\/index.php\/2023\/03\/07\/can-u17-seconde-rencontre-amicale-des-lionceaux-contre-le-cameroun-ce-mardi\/\" \/>\n<meta property=\"og:site_name\" content=\"LE PUBLIC\" \/>\n<meta property=\"article:published_time\" content=\"2023-03-07T10:59:44+00:00\" \/>\n<meta property=\"og:image\" content=\"https:\/\/www.public.sn\/wp-content\/uploads\/2023\/03\/U17-senegal.jpg\" \/>\n\t<meta property=\"og:image:width\" content=\"667\" \/>\n\t<meta property=\"og:image:height\" content=\"500\" \/>\n\t<meta property=\"og:image:type\" content=\"image\/jpeg\" \/>\n<meta name=\"author\" content=\"LA REDACTION\" \/>\n<meta name=\"twitter:card\" content=\"summary_large_image\" \/>\n<meta name=\"twitter:label1\" content=\"\u00c9crit par\" \/>\n\t<meta name=\"twitter:data1\" content=\"LA REDACTION\" \/>\n\t<meta name=\"twitter:label2\" content=\"Dur\u00e9e de lecture estim\u00e9e\" \/>\n\t<meta name=\"twitter:data2\" content=\"1 minute\" \/>\n<script type=\"application\/ld+json\" class=\"yoast-schema-graph\">{\"@context\":\"https:\/\/schema.org\",\"@graph\":[{\"@type\":\"Article\",\"@id\":\"https:\/\/www.public.sn\/index.php\/2023\/03\/07\/can-u17-seconde-rencontre-amicale-des-lionceaux-contre-le-cameroun-ce-mardi\/#article\",\"isPartOf\":{\"@id\":\"https:\/\/www.public.sn\/index.php\/2023\/03\/07\/can-u17-seconde-rencontre-amicale-des-lionceaux-contre-le-cameroun-ce-mardi\/\"},\"author\":{\"name\":\"LA REDACTION\",\"@id\":\"https:\/\/www.public.sn\/#\/schema\/person\/cb76c8e1b8becc6be61fb5e92d6d0224\"},\"headline\":\"CAN U17 : Seconde rencontre amicale des Lionceaux contre le Cameroun ce mardi\",\"datePublished\":\"2023-03-07T10:59:44+00:00\",\"mainEntityOfPage\":{\"@id\":\"https:\/\/www.public.sn\/index.php\/2023\/03\/07\/can-u17-seconde-rencontre-amicale-des-lionceaux-contre-le-cameroun-ce-mardi\/\"},\"wordCount\":216,\"commentCount\":0,\"publisher\":{\"@id\":\"https:\/\/www.public.sn\/#organization\"},\"image\":{\"@id\":\"https:\/\/www.public.sn\/index.php\/2023\/03\/07\/can-u17-seconde-rencontre-amicale-des-lionceaux-contre-le-cameroun-ce-mardi\/#primaryimage\"},\"thumbnailUrl\":\"https:\/\/www.public.sn\/wp-content\/uploads\/2023\/03\/U17-senegal.jpg\",\"keywords\":[\"ameroune\",\"CAN U17\",\"Match Amical\",\"S\u00e9n\u00e9gal\"],\"articleSection\":[\"ACTUALIT\u00c9S\",\"AFRIQUE &amp; MONDE\",\"FOOTBALL\",\"internationale\",\"S\u00c9N\u00c9GAL\",\"SPORTS\"],\"inLanguage\":\"fr-FR\",\"potentialAction\":[{\"@type\":\"CommentAction\",\"name\":\"Comment\",\"target\":[\"https:\/\/www.public.sn\/index.php\/2023\/03\/07\/can-u17-seconde-rencontre-amicale-des-lionceaux-contre-le-cameroun-ce-mardi\/#respond\"]}]},{\"@type\":\"WebPage\",\"@id\":\"https:\/\/www.public.sn\/index.php\/2023\/03\/07\/can-u17-seconde-rencontre-amicale-des-lionceaux-contre-le-cameroun-ce-mardi\/\",\"url\":\"https:\/\/www.public.sn\/index.php\/2023\/03\/07\/can-u17-seconde-rencontre-amicale-des-lionceaux-contre-le-cameroun-ce-mardi\/\",\"name\":\"CAN U17 : Seconde rencontre amicale des Lionceaux contre le Cameroun ce mardi - LE PUBLIC\",\"isPartOf\":{\"@id\":\"https:\/\/www.public.sn\/#website\"},\"primaryImageOfPage\":{\"@id\":\"https:\/\/www.public.sn\/index.php\/2023\/03\/07\/can-u17-seconde-rencontre-amicale-des-lionceaux-contre-le-cameroun-ce-mardi\/#primaryimage\"},\"image\":{\"@id\":\"https:\/\/www.public.sn\/index.php\/2023\/03\/07\/can-u17-seconde-rencontre-amicale-des-lionceaux-contre-le-cameroun-ce-mardi\/#primaryimage\"},\"thumbnailUrl\":\"https:\/\/www.public.sn\/wp-content\/uploads\/2023\/03\/U17-senegal.jpg\",\"datePublished\":\"2023-03-07T10:59:44+00:00\",\"breadcrumb\":{\"@id\":\"https:\/\/www.public.sn\/index.php\/2023\/03\/07\/can-u17-seconde-rencontre-amicale-des-lionceaux-contre-le-cameroun-ce-mardi\/#breadcrumb\"},\"inLanguage\":\"fr-FR\",\"potentialAction\":[{\"@type\":\"ReadAction\",\"target\":[\"https:\/\/www.public.sn\/index.php\/2023\/03\/07\/can-u17-seconde-rencontre-amicale-des-lionceaux-contre-le-cameroun-ce-mardi\/\"]}]},{\"@type\":\"ImageObject\",\"inLanguage\":\"fr-FR\",\"@id\":\"https:\/\/www.public.sn\/index.php\/2023\/03\/07\/can-u17-seconde-rencontre-amicale-des-lionceaux-contre-le-cameroun-ce-mardi\/#primaryimage\",\"url\":\"https:\/\/www.public.sn\/wp-content\/uploads\/2023\/03\/U17-senegal.jpg\",\"contentUrl\":\"https:\/\/www.public.sn\/wp-content\/uploads\/2023\/03\/U17-senegal.jpg\",\"width\":667,\"height\":500},{\"@type\":\"BreadcrumbList\",\"@id\":\"https:\/\/www.public.sn\/index.php\/2023\/03\/07\/can-u17-seconde-rencontre-amicale-des-lionceaux-contre-le-cameroun-ce-mardi\/#breadcrumb\",\"itemListElement\":[{\"@type\":\"ListItem\",\"position\":1,\"name\":\"Accueil\",\"item\":\"https:\/\/www.public.sn\/\"},{\"@type\":\"ListItem\",\"position\":2,\"name\":\"CAN U17 : Seconde rencontre amicale des Lionceaux contre le Cameroun ce mardi\"}]},{\"@type\":\"WebSite\",\"@id\":\"https:\/\/www.public.sn\/#website\",\"url\":\"https:\/\/www.public.sn\/\",\"name\":\"LE PUBLIC\",\"description\":\"\",\"publisher\":{\"@id\":\"https:\/\/www.public.sn\/#organization\"},\"potentialAction\":[{\"@type\":\"SearchAction\",\"target\":{\"@type\":\"EntryPoint\",\"urlTemplate\":\"https:\/\/www.public.sn\/?s={search_term_string}\"},\"query-input\":{\"@type\":\"PropertyValueSpecification\",\"valueRequired\":true,\"valueName\":\"search_term_string\"}}],\"inLanguage\":\"fr-FR\"},{\"@type\":\"Organization\",\"@id\":\"https:\/\/www.public.sn\/#organization\",\"name\":\"LE PUBLIC\",\"url\":\"https:\/\/www.public.sn\/\",\"logo\":{\"@type\":\"ImageObject\",\"inLanguage\":\"fr-FR\",\"@id\":\"https:\/\/www.public.sn\/#\/schema\/logo\/image\/\",\"url\":\"https:\/\/www.public.sn\/wp-content\/uploads\/2024\/05\/cropped-LOGO-PUBLIC.SN_.png\",\"contentUrl\":\"https:\/\/www.public.sn\/wp-content\/uploads\/2024\/05\/cropped-LOGO-PUBLIC.SN_.png\",\"width\":682,\"height\":192,\"caption\":\"LE PUBLIC\"},\"image\":{\"@id\":\"https:\/\/www.public.sn\/#\/schema\/logo\/image\/\"}},{\"@type\":\"Person\",\"@id\":\"https:\/\/www.public.sn\/#\/schema\/person\/cb76c8e1b8becc6be61fb5e92d6d0224\",\"name\":\"LA REDACTION\",\"image\":{\"@type\":\"ImageObject\",\"inLanguage\":\"fr-FR\",\"@id\":\"https:\/\/www.public.sn\/#\/schema\/person\/image\/\",\"url\":\"https:\/\/secure.gravatar.com\/avatar\/2dce5ddd34b8fef0180efe03aa2a9bee7d953856048f9a16b298190a3178407c?s=96&d=mm&r=g\",\"contentUrl\":\"https:\/\/secure.gravatar.com\/avatar\/2dce5ddd34b8fef0180efe03aa2a9bee7d953856048f9a16b298190a3178407c?s=96&d=mm&r=g\",\"caption\":\"LA REDACTION\"},\"url\":\"https:\/\/www.public.sn\/index.php\/author\/editeurpsn\/\"}]}<\/script>\n<!-- \/ Yoast SEO plugin. -->","yoast_head_json":{"title":"CAN U17 : Seconde rencontre amicale des Lionceaux contre le Cameroun ce mardi - LE PUBLIC","robots":{"index":"index","follow":"follow","max-snippet":"max-snippet:-1","max-image-preview":"max-image-preview:large","max-video-preview":"max-video-preview:-1"},"canonical":"https:\/\/www.public.sn\/index.php\/2023\/03\/07\/can-u17-seconde-rencontre-amicale-des-lionceaux-contre-le-cameroun-ce-mardi\/","og_locale":"fr_FR","og_type":"article","og_title":"CAN U17 : Seconde rencontre amicale des Lionceaux contre le Cameroun ce mardi - LE PUBLIC","og_description":"La s\u00e9lection des moins de 17 ans effectuera sa deuxi\u00e8me sortie amicale ce mardi face \u00e0 la formation camerounaise en pr\u00e9paration pour la prochaine Coupe d\u2019Afrique des Nations des cat\u00e9gories qui se jouera en Alg\u00e9rie. Trois jours apr\u00e8s leur premier duel au centre technique Jules Fran\u00e7ois Bocand\u00e9, sold\u00e9 sur une petite victoire des hommes de Serigne Saliou gr\u00e2ce notamment \u00e0 une r\u00e9alisation de Mactar Ndiaye (1-0), les Lionceaux ont rendez-vous ce soir \u00e0 partir de 16h30 au stade Lat Dior de Thi\u00e8s pour l\u2019acte 2 contre le m\u00eame adversaire, le Cameroun. La s\u00e9lection emmen\u00e9e par l\u2019ancien s\u00e9lectionneur de l\u2019\u00e9quipe locale du S\u00e9n\u00e9gal pr\u00e9pare l\u2019\u00e9dition 2023 de la Coupe d\u2019Afrique des Nations r\u00e9serv\u00e9e aux joueurs \u00e2g\u00e9s de moins de 17 ans. Elle aura lieu du 8 au 30 avril et verra ses quatre demi-finalistes qualifi\u00e9s pour la Coupe du Monde de la m\u00eame cat\u00e9gorie. Cette double confrontation contre les champions en titre est donc une occasion parfaite pour le s\u00e9lectionneur et son staff de tester de nouveaux syst\u00e8mes et ainsi observer les points qu\u2019ils restent \u00e0 am\u00e9liorer avant leur grand d\u00e9but.","og_url":"https:\/\/www.public.sn\/index.php\/2023\/03\/07\/can-u17-seconde-rencontre-amicale-des-lionceaux-contre-le-cameroun-ce-mardi\/","og_site_name":"LE PUBLIC","article_published_time":"2023-03-07T10:59:44+00:00","og_image":[{"width":667,"height":500,"url":"https:\/\/www.public.sn\/wp-content\/uploads\/2023\/03\/U17-senegal.jpg","type":"image\/jpeg"}],"author":"LA REDACTION","twitter_card":"summary_large_image","twitter_misc":{"\u00c9crit par":"LA REDACTION","Dur\u00e9e de lecture estim\u00e9e":"1 minute"},"schema":{"@context":"https:\/\/schema.org","@graph":[{"@type":"Article","@id":"https:\/\/www.public.sn\/index.php\/2023\/03\/07\/can-u17-seconde-rencontre-amicale-des-lionceaux-contre-le-cameroun-ce-mardi\/#article","isPartOf":{"@id":"https:\/\/www.public.sn\/index.php\/2023\/03\/07\/can-u17-seconde-rencontre-amicale-des-lionceaux-contre-le-cameroun-ce-mardi\/"},"author":{"name":"LA REDACTION","@id":"https:\/\/www.public.sn\/#\/schema\/person\/cb76c8e1b8becc6be61fb5e92d6d0224"},"headline":"CAN U17 : Seconde rencontre amicale des Lionceaux contre le Cameroun ce mardi","datePublished":"2023-03-07T10:59:44+00:00","mainEntityOfPage":{"@id":"https:\/\/www.public.sn\/index.php\/2023\/03\/07\/can-u17-seconde-rencontre-amicale-des-lionceaux-contre-le-cameroun-ce-mardi\/"},"wordCount":216,"commentCount":0,"publisher":{"@id":"https:\/\/www.public.sn\/#organization"},"image":{"@id":"https:\/\/www.public.sn\/index.php\/2023\/03\/07\/can-u17-seconde-rencontre-amicale-des-lionceaux-contre-le-cameroun-ce-mardi\/#primaryimage"},"thumbnailUrl":"https:\/\/www.public.sn\/wp-content\/uploads\/2023\/03\/U17-senegal.jpg","keywords":["ameroune","CAN U17","Match Amical","S\u00e9n\u00e9gal"],"articleSection":["ACTUALIT\u00c9S","AFRIQUE &amp; MONDE","FOOTBALL","internationale","S\u00c9N\u00c9GAL","SPORTS"],"inLanguage":"fr-FR","potentialAction":[{"@type":"CommentAction","name":"Comment","target":["https:\/\/www.public.sn\/index.php\/2023\/03\/07\/can-u17-seconde-rencontre-amicale-des-lionceaux-contre-le-cameroun-ce-mardi\/#respond"]}]},{"@type":"WebPage","@id":"https:\/\/www.public.sn\/index.php\/2023\/03\/07\/can-u17-seconde-rencontre-amicale-des-lionceaux-contre-le-cameroun-ce-mardi\/","url":"https:\/\/www.public.sn\/index.php\/2023\/03\/07\/can-u17-seconde-rencontre-amicale-des-lionceaux-contre-le-cameroun-ce-mardi\/","name":"CAN U17 : Seconde rencontre amicale des Lionceaux contre le Cameroun ce mardi - LE PUBLIC","isPartOf":{"@id":"https:\/\/www.public.sn\/#website"},"primaryImageOfPage":{"@id":"https:\/\/www.public.sn\/index.php\/2023\/03\/07\/can-u17-seconde-rencontre-amicale-des-lionceaux-contre-le-cameroun-ce-mardi\/#primaryimage"},"image":{"@id":"https:\/\/www.public.sn\/index.php\/2023\/03\/07\/can-u17-seconde-rencontre-amicale-des-lionceaux-contre-le-cameroun-ce-mardi\/#primaryimage"},"thumbnailUrl":"https:\/\/www.public.sn\/wp-content\/uploads\/2023\/03\/U17-senegal.jpg","datePublished":"2023-03-07T10:59:44+00:00","breadcrumb":{"@id":"https:\/\/www.public.sn\/index.php\/2023\/03\/07\/can-u17-seconde-rencontre-amicale-des-lionceaux-contre-le-cameroun-ce-mardi\/#breadcrumb"},"inLanguage":"fr-FR","potentialAction":[{"@type":"ReadAction","target":["https:\/\/www.public.sn\/index.php\/2023\/03\/07\/can-u17-seconde-rencontre-amicale-des-lionceaux-contre-le-cameroun-ce-mardi\/"]}]},{"@type":"ImageObject","inLanguage":"fr-FR","@id":"https:\/\/www.public.sn\/index.php\/2023\/03\/07\/can-u17-seconde-rencontre-amicale-des-lionceaux-contre-le-cameroun-ce-mardi\/#primaryimage","url":"https:\/\/www.public.sn\/wp-content\/uploads\/2023\/03\/U17-senegal.jpg","contentUrl":"https:\/\/www.public.sn\/wp-content\/uploads\/2023\/03\/U17-senegal.jpg","width":667,"height":500},{"@type":"BreadcrumbList","@id":"https:\/\/www.public.sn\/index.php\/2023\/03\/07\/can-u17-seconde-rencontre-amicale-des-lionceaux-contre-le-cameroun-ce-mardi\/#breadcrumb","itemListElement":[{"@type":"ListItem","position":1,"name":"Accueil","item":"https:\/\/www.public.sn\/"},{"@type":"ListItem","position":2,"name":"CAN U17 : Seconde rencontre amicale des Lionceaux contre le Cameroun ce mardi"}]},{"@type":"WebSite","@id":"https:\/\/www.public.sn\/#website","url":"https:\/\/www.public.sn\/","name":"LE PUBLIC","description":"","publisher":{"@id":"https:\/\/www.public.sn\/#organization"},"potentialAction":[{"@type":"SearchAction","target":{"@type":"EntryPoint","urlTemplate":"https:\/\/www.public.sn\/?s={search_term_string}"},"query-input":{"@type":"PropertyValueSpecification","valueRequired":true,"valueName":"search_term_string"}}],"inLanguage":"fr-FR"},{"@type":"Organization","@id":"https:\/\/www.public.sn\/#organization","name":"LE PUBLIC","url":"https:\/\/www.public.sn\/","logo":{"@type":"ImageObject","inLanguage":"fr-FR","@id":"https:\/\/www.public.sn\/#\/schema\/logo\/image\/","url":"https:\/\/www.public.sn\/wp-content\/uploads\/2024\/05\/cropped-LOGO-PUBLIC.SN_.png","contentUrl":"https:\/\/www.public.sn\/wp-content\/uploads\/2024\/05\/cropped-LOGO-PUBLIC.SN_.png","width":682,"height":192,"caption":"LE PUBLIC"},"image":{"@id":"https:\/\/www.public.sn\/#\/schema\/logo\/image\/"}},{"@type":"Person","@id":"https:\/\/www.public.sn\/#\/schema\/person\/cb76c8e1b8becc6be61fb5e92d6d0224","name":"LA REDACTION","image":{"@type":"ImageObject","inLanguage":"fr-FR","@id":"https:\/\/www.public.sn\/#\/schema\/person\/image\/","url":"https:\/\/secure.gravatar.com\/avatar\/2dce5ddd34b8fef0180efe03aa2a9bee7d953856048f9a16b298190a3178407c?s=96&d=mm&r=g","contentUrl":"https:\/\/secure.gravatar.com\/avatar\/2dce5ddd34b8fef0180efe03aa2a9bee7d953856048f9a16b298190a3178407c?s=96&d=mm&r=g","caption":"LA REDACTION"},"url":"https:\/\/www.public.sn\/index.php\/author\/editeurpsn\/"}]}},"jetpack_featured_media_url":"https:\/\/www.public.sn\/wp-content\/uploads\/2023\/03\/U17-senegal.jpg","jetpack_sharing_enabled":true,"_links":{"self":[{"href":"https:\/\/www.public.sn\/index.php\/wp-json\/wp\/v2\/posts\/17409","targetHints":{"allow":["GET"]}}],"collection":[{"href":"https:\/\/www.public.sn\/index.php\/wp-json\/wp\/v2\/posts"}],"about":[{"href":"https:\/\/www.public.sn\/index.php\/wp-json\/wp\/v2\/types\/post"}],"author":[{"embeddable":true,"href":"https:\/\/www.public.sn\/index.php\/wp-json\/wp\/v2\/users\/7"}],"replies":[{"embeddable":true,"href":"https:\/\/www.public.sn\/index.php\/wp-json\/wp\/v2\/comments?post=17409"}],"version-history":[{"count":1,"href":"https:\/\/www.public.sn\/index.php\/wp-json\/wp\/v2\/posts\/17409\/revisions"}],"predecessor-version":[{"id":17411,"href":"https:\/\/www.public.sn\/index.php\/wp-json\/wp\/v2\/posts\/17409\/revisions\/17411"}],"wp:featuredmedia":[{"embeddable":true,"href":"https:\/\/www.public.sn\/index.php\/wp-json\/wp\/v2\/media\/17410"}],"wp:attachment":[{"href":"https:\/\/www.public.sn\/index.php\/wp-json\/wp\/v2\/media?parent=17409"}],"wp:term":[{"taxonomy":"category","embeddable":true,"href":"https:\/\/www.public.sn\/index.php\/wp-json\/wp\/v2\/categories?post=17409"},{"taxonomy":"post_tag","embeddable":true,"href":"https:\/\/www.public.sn\/index.php\/wp-json\/wp\/v2\/tags?post=17409"}],"curies":[{"name":"wp","href":"https:\/\/api.w.org\/{rel}","templated":true}]}}