{"id":17531,"date":"2023-03-08T14:01:27","date_gmt":"2023-03-08T14:01:27","guid":{"rendered":"https:\/\/www.public.sn\/?p=17531"},"modified":"2023-03-08T14:01:27","modified_gmt":"2023-03-08T14:01:27","slug":"antoine-diome-menace-encore-quand-jentends-les-gens-parler-a-la-television","status":"publish","type":"post","link":"https:\/\/www.public.sn\/index.php\/2023\/03\/08\/antoine-diome-menace-encore-quand-jentends-les-gens-parler-a-la-television\/","title":{"rendered":"Antoine DIOME menace encore : \u00abQuand j\u2019entends les gens parler \u00e0 la t\u00e9l\u00e9vision,\u2026\u00bb"},"content":{"rendered":"<p><strong>Que les militants du PASTEF se le tiennent pour dit. Aucune perturbation ne sera permise lors du proc\u00e8s Ousmane SONKO\/Mame Mbaye NIANG pr\u00e9vu ce 16 mars. Cette menace \u00e9mane du ministre de l\u2019Int\u00e9rieur, en marge d\u2019un CRD sur la Ziarra annuelle de Tivaouane. Selon Antoine F\u00e9lix DIOME, le r\u00e9gime de Macky SALL fera face.<\/strong><\/p><div class=\"publi-paragraphe1\" style=\"margin-top: 10px;margin-bottom: 10px;margin-left: auto;margin-right: auto;text-align: center;\" id=\"publi-174178827\"><div class=\"publi-adlabel\">Publicit\u00e9<\/div><script async src=\"\/\/pagead2.googlesyndication.com\/pagead\/js\/adsbygoogle.js?client=ca-pub-4089586018074219\" crossorigin=\"anonymous\"><\/script><ins class=\"adsbygoogle\" style=\"display:block;\" data-ad-client=\"ca-pub-4089586018074219\" \ndata-ad-slot=\"2087940154\" \ndata-ad-format=\"auto\"><\/ins>\n<script> \n(adsbygoogle = window.adsbygoogle || []).push({}); \n<\/script>\n<\/div>\n<p>\u00ab Il n\u2019est pas question de laisser les acquis r\u00e9publicains sombrer durant le magist\u00e8re de Macky SALL. Si quelqu\u2019un veut remettre en cause les acquis r\u00e9publicains, il pourra le faire avec d\u2019autres mais le r\u00e9gime de Macky SALL ne se laissera pas faire. Personne ne br\u00fblera ce pays et c\u2019est mal conna\u00eetre l\u2019\u00c9tat que de penser qu\u2019on peut saper ce qu\u2019il a d\u2019essentiel telle sa s\u00e9curit\u00e9 \u00bb, a-t-il soutenu.<\/p>\n<p>Poursuivant, Antoine F\u00e9lix DIOME d\u00e9fend l\u2019administration qui, selon lui, \u00ab n\u2019a pas de coloration politique \u00bb. \u00ab Quand j\u2019entends les gens parler \u00e0 la t\u00e9l\u00e9vision, je me dis qu\u2019ils ne connaissent pas le fonctionnement de l\u2019Etat \u00bb, a-t-il ajout\u00e9.<\/p>\n<p>A noter que les militants du PASTEF ont lanc\u00e9 des appels \u00e0 la mobilisation pour accompagner Ousmane SONKO \u00e0 son proc\u00e8s pr\u00e9vu ce 16 mars.<\/p>\n<div class=\"publi-apres-le-contenu\" style=\"margin-top: 10px;margin-bottom: 10px;margin-left: auto;margin-right: auto;text-align: center;\" id=\"publi-487788479\"><div class=\"publi-adlabel\">Publicit\u00e9<\/div><script async src=\"\/\/pagead2.googlesyndication.com\/pagead\/js\/adsbygoogle.js?client=ca-pub-4089586018074219\" crossorigin=\"anonymous\"><\/script><ins class=\"adsbygoogle\" style=\"display:block;\" data-ad-client=\"ca-pub-4089586018074219\" \ndata-ad-slot=\"2087940154\" \ndata-ad-format=\"auto\"><\/ins>\n<script> \n(adsbygoogle = window.adsbygoogle || []).push({}); \n<\/script>\n<\/div>","protected":false},"excerpt":{"rendered":"<p>Que les militants du PASTEF se le tiennent pour dit. Aucune perturbation ne sera permise lors du proc\u00e8s Ousmane SONKO\/Mame Mbaye NIANG pr\u00e9vu ce 16 mars. Cette menace \u00e9mane du ministre de l\u2019Int\u00e9rieur, en marge d\u2019un CRD sur la Ziarra annuelle de Tivaouane. Selon Antoine F\u00e9lix DIOME, le r\u00e9gime de Macky SALL fera face. \u00ab Il n\u2019est pas question de laisser les acquis r\u00e9publicains sombrer durant le magist\u00e8re de Macky SALL. Si quelqu\u2019un veut remettre en cause les acquis r\u00e9publicains, il pourra le faire avec d\u2019autres mais le r\u00e9gime de Macky SALL ne se laissera pas faire. Personne ne br\u00fblera ce pays et c\u2019est mal conna\u00eetre l\u2019\u00c9tat que de penser qu\u2019on peut saper ce qu\u2019il a d\u2019essentiel telle sa s\u00e9curit\u00e9 \u00bb, a-t-il soutenu. Poursuivant, Antoine F\u00e9lix DIOME d\u00e9fend l\u2019administration qui, selon lui, \u00ab n\u2019a pas de coloration politique \u00bb. \u00ab Quand j\u2019entends les gens parler \u00e0 la t\u00e9l\u00e9vision, je me dis qu\u2019ils ne connaissent pas le fonctionnement de l\u2019Etat \u00bb, a-t-il ajout\u00e9. A noter que les militants du PASTEF ont lanc\u00e9 des appels \u00e0 la mobilisation pour accompagner Ousmane SONKO \u00e0 son proc\u00e8s pr\u00e9vu ce 16 mars.<\/p>\n","protected":false},"author":7,"featured_media":17543,"comment_status":"open","ping_status":"open","sticky":false,"template":"","format":"standard","meta":{"_jetpack_memberships_contains_paid_content":false,"footnotes":""},"categories":[375,3724,3,376,1],"tags":[4702,3697,4093,16,4703,672],"class_list":["post-17531","post","type-post","status-publish","format-standard","has-post-thumbnail","hentry","category-actualites","category-justice","category-politique","category-securite-justice","category-non-classe","tag-antoine-diome","tag-menace","tag-ministre-de-linterieur","tag-ousmane-sonko","tag-ousmane-sonko-mame-mbaye-niang","tag-pastef","entry","has-media","owp-thumbs-layout-horizontal","owp-btn-normal","owp-tabs-layout-horizontal","has-no-thumbnails","has-product-nav"],"yoast_head":"<!-- This site is optimized with the Yoast SEO plugin v25.5 - https:\/\/yoast.com\/wordpress\/plugins\/seo\/ -->\n<title>Antoine DIOME menace encore : \u00abQuand j\u2019entends les gens parler \u00e0 la t\u00e9l\u00e9vision,\u2026\u00bb - LE PUBLIC<\/title>\n<meta name=\"robots\" content=\"index, follow, max-snippet:-1, max-image-preview:large, max-video-preview:-1\" \/>\n<link rel=\"canonical\" href=\"https:\/\/www.public.sn\/index.php\/2023\/03\/08\/antoine-diome-menace-encore-quand-jentends-les-gens-parler-a-la-television\/\" \/>\n<meta property=\"og:locale\" content=\"fr_FR\" \/>\n<meta property=\"og:type\" content=\"article\" \/>\n<meta property=\"og:title\" content=\"Antoine DIOME menace encore : \u00abQuand j\u2019entends les gens parler \u00e0 la t\u00e9l\u00e9vision,\u2026\u00bb - LE PUBLIC\" \/>\n<meta property=\"og:description\" content=\"Que les militants du PASTEF se le tiennent pour dit. Aucune perturbation ne sera permise lors du proc\u00e8s Ousmane SONKO\/Mame Mbaye NIANG pr\u00e9vu ce 16 mars. Cette menace \u00e9mane du ministre de l\u2019Int\u00e9rieur, en marge d\u2019un CRD sur la Ziarra annuelle de Tivaouane. Selon Antoine F\u00e9lix DIOME, le r\u00e9gime de Macky SALL fera face. \u00ab Il n\u2019est pas question de laisser les acquis r\u00e9publicains sombrer durant le magist\u00e8re de Macky SALL. Si quelqu\u2019un veut remettre en cause les acquis r\u00e9publicains, il pourra le faire avec d\u2019autres mais le r\u00e9gime de Macky SALL ne se laissera pas faire. Personne ne br\u00fblera ce pays et c\u2019est mal conna\u00eetre l\u2019\u00c9tat que de penser qu\u2019on peut saper ce qu\u2019il a d\u2019essentiel telle sa s\u00e9curit\u00e9 \u00bb, a-t-il soutenu. Poursuivant, Antoine F\u00e9lix DIOME d\u00e9fend l\u2019administration qui, selon lui, \u00ab n\u2019a pas de coloration politique \u00bb. \u00ab Quand j\u2019entends les gens parler \u00e0 la t\u00e9l\u00e9vision, je me dis qu\u2019ils ne connaissent pas le fonctionnement de l\u2019Etat \u00bb, a-t-il ajout\u00e9. A noter que les militants du PASTEF ont lanc\u00e9 des appels \u00e0 la mobilisation pour accompagner Ousmane SONKO \u00e0 son proc\u00e8s pr\u00e9vu ce 16 mars.\" \/>\n<meta property=\"og:url\" content=\"https:\/\/www.public.sn\/index.php\/2023\/03\/08\/antoine-diome-menace-encore-quand-jentends-les-gens-parler-a-la-television\/\" \/>\n<meta property=\"og:site_name\" content=\"LE PUBLIC\" \/>\n<meta property=\"article:published_time\" content=\"2023-03-08T14:01:27+00:00\" \/>\n<meta property=\"og:image\" content=\"https:\/\/www.public.sn\/wp-content\/uploads\/2023\/03\/antoine-felix-diom.png\" \/>\n\t<meta property=\"og:image:width\" content=\"725\" \/>\n\t<meta property=\"og:image:height\" content=\"465\" \/>\n\t<meta property=\"og:image:type\" content=\"image\/png\" \/>\n<meta name=\"author\" content=\"LA REDACTION\" \/>\n<meta name=\"twitter:card\" content=\"summary_large_image\" \/>\n<meta name=\"twitter:label1\" content=\"\u00c9crit par\" \/>\n\t<meta name=\"twitter:data1\" content=\"LA REDACTION\" \/>\n\t<meta name=\"twitter:label2\" content=\"Dur\u00e9e de lecture estim\u00e9e\" \/>\n\t<meta name=\"twitter:data2\" content=\"1 minute\" \/>\n<script type=\"application\/ld+json\" class=\"yoast-schema-graph\">{\"@context\":\"https:\/\/schema.org\",\"@graph\":[{\"@type\":\"Article\",\"@id\":\"https:\/\/www.public.sn\/index.php\/2023\/03\/08\/antoine-diome-menace-encore-quand-jentends-les-gens-parler-a-la-television\/#article\",\"isPartOf\":{\"@id\":\"https:\/\/www.public.sn\/index.php\/2023\/03\/08\/antoine-diome-menace-encore-quand-jentends-les-gens-parler-a-la-television\/\"},\"author\":{\"name\":\"LA REDACTION\",\"@id\":\"https:\/\/www.public.sn\/#\/schema\/person\/cb76c8e1b8becc6be61fb5e92d6d0224\"},\"headline\":\"Antoine DIOME menace encore : \u00abQuand j\u2019entends les gens parler \u00e0 la t\u00e9l\u00e9vision,\u2026\u00bb\",\"datePublished\":\"2023-03-08T14:01:27+00:00\",\"mainEntityOfPage\":{\"@id\":\"https:\/\/www.public.sn\/index.php\/2023\/03\/08\/antoine-diome-menace-encore-quand-jentends-les-gens-parler-a-la-television\/\"},\"wordCount\":224,\"commentCount\":0,\"publisher\":{\"@id\":\"https:\/\/www.public.sn\/#organization\"},\"image\":{\"@id\":\"https:\/\/www.public.sn\/index.php\/2023\/03\/08\/antoine-diome-menace-encore-quand-jentends-les-gens-parler-a-la-television\/#primaryimage\"},\"thumbnailUrl\":\"https:\/\/www.public.sn\/wp-content\/uploads\/2023\/03\/antoine-felix-diom.png\",\"keywords\":[\"Antoine DIOME\",\"menace\",\"Ministre de l'interieur\",\"Ousmane Sonko\",\"Ousmane SONKO\/Mame Mbaye NIANG\",\"Pastef\"],\"articleSection\":[\"ACTUALIT\u00c9S\",\"justice\",\"POLITIQUE\",\"S\u00c9CURIT\u00c9 &amp; JUSTICE\",\"S\u00c9N\u00c9GAL\"],\"inLanguage\":\"fr-FR\",\"potentialAction\":[{\"@type\":\"CommentAction\",\"name\":\"Comment\",\"target\":[\"https:\/\/www.public.sn\/index.php\/2023\/03\/08\/antoine-diome-menace-encore-quand-jentends-les-gens-parler-a-la-television\/#respond\"]}]},{\"@type\":\"WebPage\",\"@id\":\"https:\/\/www.public.sn\/index.php\/2023\/03\/08\/antoine-diome-menace-encore-quand-jentends-les-gens-parler-a-la-television\/\",\"url\":\"https:\/\/www.public.sn\/index.php\/2023\/03\/08\/antoine-diome-menace-encore-quand-jentends-les-gens-parler-a-la-television\/\",\"name\":\"Antoine DIOME menace encore : \u00abQuand j\u2019entends les gens parler \u00e0 la t\u00e9l\u00e9vision,\u2026\u00bb - LE PUBLIC\",\"isPartOf\":{\"@id\":\"https:\/\/www.public.sn\/#website\"},\"primaryImageOfPage\":{\"@id\":\"https:\/\/www.public.sn\/index.php\/2023\/03\/08\/antoine-diome-menace-encore-quand-jentends-les-gens-parler-a-la-television\/#primaryimage\"},\"image\":{\"@id\":\"https:\/\/www.public.sn\/index.php\/2023\/03\/08\/antoine-diome-menace-encore-quand-jentends-les-gens-parler-a-la-television\/#primaryimage\"},\"thumbnailUrl\":\"https:\/\/www.public.sn\/wp-content\/uploads\/2023\/03\/antoine-felix-diom.png\",\"datePublished\":\"2023-03-08T14:01:27+00:00\",\"breadcrumb\":{\"@id\":\"https:\/\/www.public.sn\/index.php\/2023\/03\/08\/antoine-diome-menace-encore-quand-jentends-les-gens-parler-a-la-television\/#breadcrumb\"},\"inLanguage\":\"fr-FR\",\"potentialAction\":[{\"@type\":\"ReadAction\",\"target\":[\"https:\/\/www.public.sn\/index.php\/2023\/03\/08\/antoine-diome-menace-encore-quand-jentends-les-gens-parler-a-la-television\/\"]}]},{\"@type\":\"ImageObject\",\"inLanguage\":\"fr-FR\",\"@id\":\"https:\/\/www.public.sn\/index.php\/2023\/03\/08\/antoine-diome-menace-encore-quand-jentends-les-gens-parler-a-la-television\/#primaryimage\",\"url\":\"https:\/\/www.public.sn\/wp-content\/uploads\/2023\/03\/antoine-felix-diom.png\",\"contentUrl\":\"https:\/\/www.public.sn\/wp-content\/uploads\/2023\/03\/antoine-felix-diom.png\",\"width\":725,\"height\":465},{\"@type\":\"BreadcrumbList\",\"@id\":\"https:\/\/www.public.sn\/index.php\/2023\/03\/08\/antoine-diome-menace-encore-quand-jentends-les-gens-parler-a-la-television\/#breadcrumb\",\"itemListElement\":[{\"@type\":\"ListItem\",\"position\":1,\"name\":\"Accueil\",\"item\":\"https:\/\/www.public.sn\/\"},{\"@type\":\"ListItem\",\"position\":2,\"name\":\"Antoine DIOME menace encore : \u00abQuand j\u2019entends les gens parler \u00e0 la t\u00e9l\u00e9vision,\u2026\u00bb\"}]},{\"@type\":\"WebSite\",\"@id\":\"https:\/\/www.public.sn\/#website\",\"url\":\"https:\/\/www.public.sn\/\",\"name\":\"LE PUBLIC\",\"description\":\"\",\"publisher\":{\"@id\":\"https:\/\/www.public.sn\/#organization\"},\"potentialAction\":[{\"@type\":\"SearchAction\",\"target\":{\"@type\":\"EntryPoint\",\"urlTemplate\":\"https:\/\/www.public.sn\/?s={search_term_string}\"},\"query-input\":{\"@type\":\"PropertyValueSpecification\",\"valueRequired\":true,\"valueName\":\"search_term_string\"}}],\"inLanguage\":\"fr-FR\"},{\"@type\":\"Organization\",\"@id\":\"https:\/\/www.public.sn\/#organization\",\"name\":\"LE PUBLIC\",\"url\":\"https:\/\/www.public.sn\/\",\"logo\":{\"@type\":\"ImageObject\",\"inLanguage\":\"fr-FR\",\"@id\":\"https:\/\/www.public.sn\/#\/schema\/logo\/image\/\",\"url\":\"https:\/\/www.public.sn\/wp-content\/uploads\/2024\/05\/cropped-LOGO-PUBLIC.SN_.png\",\"contentUrl\":\"https:\/\/www.public.sn\/wp-content\/uploads\/2024\/05\/cropped-LOGO-PUBLIC.SN_.png\",\"width\":682,\"height\":192,\"caption\":\"LE PUBLIC\"},\"image\":{\"@id\":\"https:\/\/www.public.sn\/#\/schema\/logo\/image\/\"}},{\"@type\":\"Person\",\"@id\":\"https:\/\/www.public.sn\/#\/schema\/person\/cb76c8e1b8becc6be61fb5e92d6d0224\",\"name\":\"LA REDACTION\",\"image\":{\"@type\":\"ImageObject\",\"inLanguage\":\"fr-FR\",\"@id\":\"https:\/\/www.public.sn\/#\/schema\/person\/image\/\",\"url\":\"https:\/\/secure.gravatar.com\/avatar\/2dce5ddd34b8fef0180efe03aa2a9bee7d953856048f9a16b298190a3178407c?s=96&d=mm&r=g\",\"contentUrl\":\"https:\/\/secure.gravatar.com\/avatar\/2dce5ddd34b8fef0180efe03aa2a9bee7d953856048f9a16b298190a3178407c?s=96&d=mm&r=g\",\"caption\":\"LA REDACTION\"},\"url\":\"https:\/\/www.public.sn\/index.php\/author\/editeurpsn\/\"}]}<\/script>\n<!-- \/ Yoast SEO plugin. -->","yoast_head_json":{"title":"Antoine DIOME menace encore : \u00abQuand j\u2019entends les gens parler \u00e0 la t\u00e9l\u00e9vision,\u2026\u00bb - LE PUBLIC","robots":{"index":"index","follow":"follow","max-snippet":"max-snippet:-1","max-image-preview":"max-image-preview:large","max-video-preview":"max-video-preview:-1"},"canonical":"https:\/\/www.public.sn\/index.php\/2023\/03\/08\/antoine-diome-menace-encore-quand-jentends-les-gens-parler-a-la-television\/","og_locale":"fr_FR","og_type":"article","og_title":"Antoine DIOME menace encore : \u00abQuand j\u2019entends les gens parler \u00e0 la t\u00e9l\u00e9vision,\u2026\u00bb - LE PUBLIC","og_description":"Que les militants du PASTEF se le tiennent pour dit. Aucune perturbation ne sera permise lors du proc\u00e8s Ousmane SONKO\/Mame Mbaye NIANG pr\u00e9vu ce 16 mars. Cette menace \u00e9mane du ministre de l\u2019Int\u00e9rieur, en marge d\u2019un CRD sur la Ziarra annuelle de Tivaouane. Selon Antoine F\u00e9lix DIOME, le r\u00e9gime de Macky SALL fera face. \u00ab Il n\u2019est pas question de laisser les acquis r\u00e9publicains sombrer durant le magist\u00e8re de Macky SALL. Si quelqu\u2019un veut remettre en cause les acquis r\u00e9publicains, il pourra le faire avec d\u2019autres mais le r\u00e9gime de Macky SALL ne se laissera pas faire. Personne ne br\u00fblera ce pays et c\u2019est mal conna\u00eetre l\u2019\u00c9tat que de penser qu\u2019on peut saper ce qu\u2019il a d\u2019essentiel telle sa s\u00e9curit\u00e9 \u00bb, a-t-il soutenu. Poursuivant, Antoine F\u00e9lix DIOME d\u00e9fend l\u2019administration qui, selon lui, \u00ab n\u2019a pas de coloration politique \u00bb. \u00ab Quand j\u2019entends les gens parler \u00e0 la t\u00e9l\u00e9vision, je me dis qu\u2019ils ne connaissent pas le fonctionnement de l\u2019Etat \u00bb, a-t-il ajout\u00e9. A noter que les militants du PASTEF ont lanc\u00e9 des appels \u00e0 la mobilisation pour accompagner Ousmane SONKO \u00e0 son proc\u00e8s pr\u00e9vu ce 16 mars.","og_url":"https:\/\/www.public.sn\/index.php\/2023\/03\/08\/antoine-diome-menace-encore-quand-jentends-les-gens-parler-a-la-television\/","og_site_name":"LE PUBLIC","article_published_time":"2023-03-08T14:01:27+00:00","og_image":[{"width":725,"height":465,"url":"https:\/\/www.public.sn\/wp-content\/uploads\/2023\/03\/antoine-felix-diom.png","type":"image\/png"}],"author":"LA REDACTION","twitter_card":"summary_large_image","twitter_misc":{"\u00c9crit par":"LA REDACTION","Dur\u00e9e de lecture estim\u00e9e":"1 minute"},"schema":{"@context":"https:\/\/schema.org","@graph":[{"@type":"Article","@id":"https:\/\/www.public.sn\/index.php\/2023\/03\/08\/antoine-diome-menace-encore-quand-jentends-les-gens-parler-a-la-television\/#article","isPartOf":{"@id":"https:\/\/www.public.sn\/index.php\/2023\/03\/08\/antoine-diome-menace-encore-quand-jentends-les-gens-parler-a-la-television\/"},"author":{"name":"LA REDACTION","@id":"https:\/\/www.public.sn\/#\/schema\/person\/cb76c8e1b8becc6be61fb5e92d6d0224"},"headline":"Antoine DIOME menace encore : \u00abQuand j\u2019entends les gens parler \u00e0 la t\u00e9l\u00e9vision,\u2026\u00bb","datePublished":"2023-03-08T14:01:27+00:00","mainEntityOfPage":{"@id":"https:\/\/www.public.sn\/index.php\/2023\/03\/08\/antoine-diome-menace-encore-quand-jentends-les-gens-parler-a-la-television\/"},"wordCount":224,"commentCount":0,"publisher":{"@id":"https:\/\/www.public.sn\/#organization"},"image":{"@id":"https:\/\/www.public.sn\/index.php\/2023\/03\/08\/antoine-diome-menace-encore-quand-jentends-les-gens-parler-a-la-television\/#primaryimage"},"thumbnailUrl":"https:\/\/www.public.sn\/wp-content\/uploads\/2023\/03\/antoine-felix-diom.png","keywords":["Antoine DIOME","menace","Ministre de l'interieur","Ousmane Sonko","Ousmane SONKO\/Mame Mbaye NIANG","Pastef"],"articleSection":["ACTUALIT\u00c9S","justice","POLITIQUE","S\u00c9CURIT\u00c9 &amp; JUSTICE","S\u00c9N\u00c9GAL"],"inLanguage":"fr-FR","potentialAction":[{"@type":"CommentAction","name":"Comment","target":["https:\/\/www.public.sn\/index.php\/2023\/03\/08\/antoine-diome-menace-encore-quand-jentends-les-gens-parler-a-la-television\/#respond"]}]},{"@type":"WebPage","@id":"https:\/\/www.public.sn\/index.php\/2023\/03\/08\/antoine-diome-menace-encore-quand-jentends-les-gens-parler-a-la-television\/","url":"https:\/\/www.public.sn\/index.php\/2023\/03\/08\/antoine-diome-menace-encore-quand-jentends-les-gens-parler-a-la-television\/","name":"Antoine DIOME menace encore : \u00abQuand j\u2019entends les gens parler \u00e0 la t\u00e9l\u00e9vision,\u2026\u00bb - LE PUBLIC","isPartOf":{"@id":"https:\/\/www.public.sn\/#website"},"primaryImageOfPage":{"@id":"https:\/\/www.public.sn\/index.php\/2023\/03\/08\/antoine-diome-menace-encore-quand-jentends-les-gens-parler-a-la-television\/#primaryimage"},"image":{"@id":"https:\/\/www.public.sn\/index.php\/2023\/03\/08\/antoine-diome-menace-encore-quand-jentends-les-gens-parler-a-la-television\/#primaryimage"},"thumbnailUrl":"https:\/\/www.public.sn\/wp-content\/uploads\/2023\/03\/antoine-felix-diom.png","datePublished":"2023-03-08T14:01:27+00:00","breadcrumb":{"@id":"https:\/\/www.public.sn\/index.php\/2023\/03\/08\/antoine-diome-menace-encore-quand-jentends-les-gens-parler-a-la-television\/#breadcrumb"},"inLanguage":"fr-FR","potentialAction":[{"@type":"ReadAction","target":["https:\/\/www.public.sn\/index.php\/2023\/03\/08\/antoine-diome-menace-encore-quand-jentends-les-gens-parler-a-la-television\/"]}]},{"@type":"ImageObject","inLanguage":"fr-FR","@id":"https:\/\/www.public.sn\/index.php\/2023\/03\/08\/antoine-diome-menace-encore-quand-jentends-les-gens-parler-a-la-television\/#primaryimage","url":"https:\/\/www.public.sn\/wp-content\/uploads\/2023\/03\/antoine-felix-diom.png","contentUrl":"https:\/\/www.public.sn\/wp-content\/uploads\/2023\/03\/antoine-felix-diom.png","width":725,"height":465},{"@type":"BreadcrumbList","@id":"https:\/\/www.public.sn\/index.php\/2023\/03\/08\/antoine-diome-menace-encore-quand-jentends-les-gens-parler-a-la-television\/#breadcrumb","itemListElement":[{"@type":"ListItem","position":1,"name":"Accueil","item":"https:\/\/www.public.sn\/"},{"@type":"ListItem","position":2,"name":"Antoine DIOME menace encore : \u00abQuand j\u2019entends les gens parler \u00e0 la t\u00e9l\u00e9vision,\u2026\u00bb"}]},{"@type":"WebSite","@id":"https:\/\/www.public.sn\/#website","url":"https:\/\/www.public.sn\/","name":"LE PUBLIC","description":"","publisher":{"@id":"https:\/\/www.public.sn\/#organization"},"potentialAction":[{"@type":"SearchAction","target":{"@type":"EntryPoint","urlTemplate":"https:\/\/www.public.sn\/?s={search_term_string}"},"query-input":{"@type":"PropertyValueSpecification","valueRequired":true,"valueName":"search_term_string"}}],"inLanguage":"fr-FR"},{"@type":"Organization","@id":"https:\/\/www.public.sn\/#organization","name":"LE PUBLIC","url":"https:\/\/www.public.sn\/","logo":{"@type":"ImageObject","inLanguage":"fr-FR","@id":"https:\/\/www.public.sn\/#\/schema\/logo\/image\/","url":"https:\/\/www.public.sn\/wp-content\/uploads\/2024\/05\/cropped-LOGO-PUBLIC.SN_.png","contentUrl":"https:\/\/www.public.sn\/wp-content\/uploads\/2024\/05\/cropped-LOGO-PUBLIC.SN_.png","width":682,"height":192,"caption":"LE PUBLIC"},"image":{"@id":"https:\/\/www.public.sn\/#\/schema\/logo\/image\/"}},{"@type":"Person","@id":"https:\/\/www.public.sn\/#\/schema\/person\/cb76c8e1b8becc6be61fb5e92d6d0224","name":"LA REDACTION","image":{"@type":"ImageObject","inLanguage":"fr-FR","@id":"https:\/\/www.public.sn\/#\/schema\/person\/image\/","url":"https:\/\/secure.gravatar.com\/avatar\/2dce5ddd34b8fef0180efe03aa2a9bee7d953856048f9a16b298190a3178407c?s=96&d=mm&r=g","contentUrl":"https:\/\/secure.gravatar.com\/avatar\/2dce5ddd34b8fef0180efe03aa2a9bee7d953856048f9a16b298190a3178407c?s=96&d=mm&r=g","caption":"LA REDACTION"},"url":"https:\/\/www.public.sn\/index.php\/author\/editeurpsn\/"}]}},"jetpack_featured_media_url":"https:\/\/www.public.sn\/wp-content\/uploads\/2023\/03\/antoine-felix-diom.png","jetpack_sharing_enabled":true,"_links":{"self":[{"href":"https:\/\/www.public.sn\/index.php\/wp-json\/wp\/v2\/posts\/17531","targetHints":{"allow":["GET"]}}],"collection":[{"href":"https:\/\/www.public.sn\/index.php\/wp-json\/wp\/v2\/posts"}],"about":[{"href":"https:\/\/www.public.sn\/index.php\/wp-json\/wp\/v2\/types\/post"}],"author":[{"embeddable":true,"href":"https:\/\/www.public.sn\/index.php\/wp-json\/wp\/v2\/users\/7"}],"replies":[{"embeddable":true,"href":"https:\/\/www.public.sn\/index.php\/wp-json\/wp\/v2\/comments?post=17531"}],"version-history":[{"count":1,"href":"https:\/\/www.public.sn\/index.php\/wp-json\/wp\/v2\/posts\/17531\/revisions"}],"predecessor-version":[{"id":17544,"href":"https:\/\/www.public.sn\/index.php\/wp-json\/wp\/v2\/posts\/17531\/revisions\/17544"}],"wp:featuredmedia":[{"embeddable":true,"href":"https:\/\/www.public.sn\/index.php\/wp-json\/wp\/v2\/media\/17543"}],"wp:attachment":[{"href":"https:\/\/www.public.sn\/index.php\/wp-json\/wp\/v2\/media?parent=17531"}],"wp:term":[{"taxonomy":"category","embeddable":true,"href":"https:\/\/www.public.sn\/index.php\/wp-json\/wp\/v2\/categories?post=17531"},{"taxonomy":"post_tag","embeddable":true,"href":"https:\/\/www.public.sn\/index.php\/wp-json\/wp\/v2\/tags?post=17531"}],"curies":[{"name":"wp","href":"https:\/\/api.w.org\/{rel}","templated":true}]}}