{"id":17564,"date":"2023-03-08T15:18:33","date_gmt":"2023-03-08T15:18:33","guid":{"rendered":"https:\/\/www.public.sn\/?p=17564"},"modified":"2023-03-08T15:19:14","modified_gmt":"2023-03-08T15:19:14","slug":"17564","status":"publish","type":"post","link":"https:\/\/www.public.sn\/index.php\/2023\/03\/08\/17564\/","title":{"rendered":"(Vid\u00e9o) Lamb : Sa Thi\u00e8s et Reug Reug se r\u00e9concilient au CNG"},"content":{"rendered":"<div class=\"intro-text\">\n<p><strong>Convoqu\u00e9s ce mercredi au CNG, Sa Thi\u00e8s et Reug Reug ont enterr\u00e9 la hache de guerre. Le lutteur de Gu\u00e9diawaye a \u00e9t\u00e9 d\u00e9sign\u00e9 vainqueur apr\u00e8s recours et malgr\u00e9 cela, une bonne ambiance a r\u00e9gn\u00e9 dans les bureaux de l\u2019instance dirigeante de la lutte.<\/strong><\/p>\n<\/div>\n<p>Plusieurs sujets autour du combat ont \u00e9t\u00e9 d\u00e9battus. Les managers des deux lutteurs ainsi que les deux protagonistes ont regrett\u00e9 les violences et les saccages not\u00e9s \u00e0 l\u2019ar\u00e8ne nationale ce dimanche.<\/p><div class=\"publi-paragraphe1\" style=\"margin-top: 10px;margin-bottom: 10px;margin-left: auto;margin-right: auto;text-align: center;\" id=\"publi-1011063174\"><div class=\"publi-adlabel\">Publicit\u00e9<\/div><script async src=\"\/\/pagead2.googlesyndication.com\/pagead\/js\/adsbygoogle.js?client=ca-pub-4089586018074219\" crossorigin=\"anonymous\"><\/script><ins class=\"adsbygoogle\" style=\"display:block;\" data-ad-client=\"ca-pub-4089586018074219\" \ndata-ad-slot=\"2087940154\" \ndata-ad-format=\"auto\"><\/ins>\n<script> \n(adsbygoogle = window.adsbygoogle || []).push({}); \n<\/script>\n<\/div>\n<p><em>\u00ab\u00a0On a parl\u00e9 de ce qui s\u2019est pass\u00e9 le jour du combat. Les casses et la violence qu\u2019on a constat\u00e9 et qui pourrait nuire \u00e0 la lutte. On a \u00e9galement debout des probl\u00e8mes d\u2019arbitrage\u00a0\u00bb<\/em>\u00a0a r\u00e9v\u00e9l\u00e9 Sa Thi\u00e8s au sortir de la r\u00e9union.<\/p>\n<p class=\"responsive-video-wrap clr\"><iframe title=\"\u00c9mouvant! Les r\u00e9conciliations entre Sa Thi\u00e8s et Reug Reug apres le verdict du CNG\" width=\"1200\" height=\"675\" src=\"https:\/\/www.youtube.com\/embed\/uQXn2gZy4ho?feature=oembed\" frameborder=\"0\" allow=\"accelerometer; autoplay; clipboard-write; encrypted-media; gyroscope; picture-in-picture; web-share\" allowfullscreen><\/iframe><\/p>\n<div class=\"publi-apres-le-contenu\" style=\"margin-top: 10px;margin-bottom: 10px;margin-left: auto;margin-right: auto;text-align: center;\" id=\"publi-150154904\"><div class=\"publi-adlabel\">Publicit\u00e9<\/div><script async src=\"\/\/pagead2.googlesyndication.com\/pagead\/js\/adsbygoogle.js?client=ca-pub-4089586018074219\" crossorigin=\"anonymous\"><\/script><ins class=\"adsbygoogle\" style=\"display:block;\" data-ad-client=\"ca-pub-4089586018074219\" \ndata-ad-slot=\"2087940154\" \ndata-ad-format=\"auto\"><\/ins>\n<script> \n(adsbygoogle = window.adsbygoogle || []).push({}); \n<\/script>\n<\/div>","protected":false},"excerpt":{"rendered":"<p>Convoqu\u00e9s ce mercredi au CNG, Sa Thi\u00e8s et Reug Reug ont enterr\u00e9 la hache de guerre. Le lutteur de Gu\u00e9diawaye a \u00e9t\u00e9 d\u00e9sign\u00e9 vainqueur apr\u00e8s recours et malgr\u00e9 cela, une bonne ambiance a r\u00e9gn\u00e9 dans les bureaux de l\u2019instance dirigeante de la lutte. Plusieurs sujets autour du combat ont \u00e9t\u00e9 d\u00e9battus. Les managers des deux lutteurs ainsi que les deux protagonistes ont regrett\u00e9 les violences et les saccages not\u00e9s \u00e0 l\u2019ar\u00e8ne nationale ce dimanche. \u00ab\u00a0On a parl\u00e9 de ce qui s\u2019est pass\u00e9 le jour du combat. Les casses et la violence qu\u2019on a constat\u00e9 et qui pourrait nuire \u00e0 la lutte. On a \u00e9galement debout des probl\u00e8mes d\u2019arbitrage\u00a0\u00bb\u00a0a r\u00e9v\u00e9l\u00e9 Sa Thi\u00e8s au sortir de la r\u00e9union.<\/p>\n","protected":false},"author":7,"featured_media":17565,"comment_status":"open","ping_status":"open","sticky":false,"template":"","format":"standard","meta":{"_jetpack_memberships_contains_paid_content":false,"footnotes":""},"categories":[375,1023,379,902,1,4,7,372,6],"tags":[981,4598,999,305],"class_list":["post-17564","post","type-post","status-publish","format-standard","has-post-thumbnail","hentry","category-actualites","category-buzz","category-faits-divers","category-lutte-senegalaise","category-non-classe","category-societe","category-sport","category-vedette","category-videos","tag-cng","tag-reconciliation","tag-reug-reug","tag-sa-thies","entry","has-media","owp-thumbs-layout-horizontal","owp-btn-normal","owp-tabs-layout-horizontal","has-no-thumbnails","has-product-nav"],"yoast_head":"<!-- This site is optimized with the Yoast SEO plugin v25.5 - https:\/\/yoast.com\/wordpress\/plugins\/seo\/ -->\n<title>(Vid\u00e9o) Lamb : Sa Thi\u00e8s et Reug Reug se r\u00e9concilient au CNG - LE PUBLIC<\/title>\n<meta name=\"robots\" content=\"index, follow, max-snippet:-1, max-image-preview:large, max-video-preview:-1\" \/>\n<link rel=\"canonical\" href=\"https:\/\/www.public.sn\/index.php\/2023\/03\/08\/17564\/\" \/>\n<meta property=\"og:locale\" content=\"fr_FR\" \/>\n<meta property=\"og:type\" content=\"article\" \/>\n<meta property=\"og:title\" content=\"(Vid\u00e9o) Lamb : Sa Thi\u00e8s et Reug Reug se r\u00e9concilient au CNG - LE PUBLIC\" \/>\n<meta property=\"og:description\" content=\"Convoqu\u00e9s ce mercredi au CNG, Sa Thi\u00e8s et Reug Reug ont enterr\u00e9 la hache de guerre. Le lutteur de Gu\u00e9diawaye a \u00e9t\u00e9 d\u00e9sign\u00e9 vainqueur apr\u00e8s recours et malgr\u00e9 cela, une bonne ambiance a r\u00e9gn\u00e9 dans les bureaux de l\u2019instance dirigeante de la lutte. Plusieurs sujets autour du combat ont \u00e9t\u00e9 d\u00e9battus. Les managers des deux lutteurs ainsi que les deux protagonistes ont regrett\u00e9 les violences et les saccages not\u00e9s \u00e0 l\u2019ar\u00e8ne nationale ce dimanche. \u00ab\u00a0On a parl\u00e9 de ce qui s\u2019est pass\u00e9 le jour du combat. Les casses et la violence qu\u2019on a constat\u00e9 et qui pourrait nuire \u00e0 la lutte. On a \u00e9galement debout des probl\u00e8mes d\u2019arbitrage\u00a0\u00bb\u00a0a r\u00e9v\u00e9l\u00e9 Sa Thi\u00e8s au sortir de la r\u00e9union.\" \/>\n<meta property=\"og:url\" content=\"https:\/\/www.public.sn\/index.php\/2023\/03\/08\/17564\/\" \/>\n<meta property=\"og:site_name\" content=\"LE PUBLIC\" \/>\n<meta property=\"article:published_time\" content=\"2023-03-08T15:18:33+00:00\" \/>\n<meta property=\"article:modified_time\" content=\"2023-03-08T15:19:14+00:00\" \/>\n<meta property=\"og:image\" content=\"https:\/\/www.public.sn\/wp-content\/uploads\/2023\/03\/sathies-et-reug-reug.webp\" \/>\n\t<meta property=\"og:image:width\" content=\"750\" \/>\n\t<meta property=\"og:image:height\" content=\"422\" \/>\n\t<meta property=\"og:image:type\" content=\"image\/webp\" \/>\n<meta name=\"author\" content=\"LA REDACTION\" \/>\n<meta name=\"twitter:card\" content=\"summary_large_image\" \/>\n<meta name=\"twitter:label1\" content=\"\u00c9crit par\" \/>\n\t<meta name=\"twitter:data1\" content=\"LA REDACTION\" \/>\n\t<meta name=\"twitter:label2\" content=\"Dur\u00e9e de lecture estim\u00e9e\" \/>\n\t<meta name=\"twitter:data2\" content=\"1 minute\" \/>\n<script type=\"application\/ld+json\" class=\"yoast-schema-graph\">{\"@context\":\"https:\/\/schema.org\",\"@graph\":[{\"@type\":\"Article\",\"@id\":\"https:\/\/www.public.sn\/index.php\/2023\/03\/08\/17564\/#article\",\"isPartOf\":{\"@id\":\"https:\/\/www.public.sn\/index.php\/2023\/03\/08\/17564\/\"},\"author\":{\"name\":\"LA REDACTION\",\"@id\":\"https:\/\/www.public.sn\/#\/schema\/person\/cb76c8e1b8becc6be61fb5e92d6d0224\"},\"headline\":\"(Vid\u00e9o) Lamb : Sa Thi\u00e8s et Reug Reug se r\u00e9concilient au CNG\",\"datePublished\":\"2023-03-08T15:18:33+00:00\",\"dateModified\":\"2023-03-08T15:19:14+00:00\",\"mainEntityOfPage\":{\"@id\":\"https:\/\/www.public.sn\/index.php\/2023\/03\/08\/17564\/\"},\"wordCount\":154,\"commentCount\":0,\"publisher\":{\"@id\":\"https:\/\/www.public.sn\/#organization\"},\"image\":{\"@id\":\"https:\/\/www.public.sn\/index.php\/2023\/03\/08\/17564\/#primaryimage\"},\"thumbnailUrl\":\"https:\/\/www.public.sn\/wp-content\/uploads\/2023\/03\/sathies-et-reug-reug.webp\",\"keywords\":[\"Cng\",\"reconciliation\",\"Reug Reug\",\"sa thies\"],\"articleSection\":[\"ACTUALIT\u00c9S\",\"BUZZ\",\"FAITS DIVERS\",\"LUTTE S\u00c9N\u00c9GALAISE\",\"S\u00c9N\u00c9GAL\",\"SOCIETE\",\"SPORTS\",\"VEDETTE\",\"VIDEOS\"],\"inLanguage\":\"fr-FR\",\"potentialAction\":[{\"@type\":\"CommentAction\",\"name\":\"Comment\",\"target\":[\"https:\/\/www.public.sn\/index.php\/2023\/03\/08\/17564\/#respond\"]}]},{\"@type\":\"WebPage\",\"@id\":\"https:\/\/www.public.sn\/index.php\/2023\/03\/08\/17564\/\",\"url\":\"https:\/\/www.public.sn\/index.php\/2023\/03\/08\/17564\/\",\"name\":\"(Vid\u00e9o) Lamb : Sa Thi\u00e8s et Reug Reug se r\u00e9concilient au CNG - LE PUBLIC\",\"isPartOf\":{\"@id\":\"https:\/\/www.public.sn\/#website\"},\"primaryImageOfPage\":{\"@id\":\"https:\/\/www.public.sn\/index.php\/2023\/03\/08\/17564\/#primaryimage\"},\"image\":{\"@id\":\"https:\/\/www.public.sn\/index.php\/2023\/03\/08\/17564\/#primaryimage\"},\"thumbnailUrl\":\"https:\/\/www.public.sn\/wp-content\/uploads\/2023\/03\/sathies-et-reug-reug.webp\",\"datePublished\":\"2023-03-08T15:18:33+00:00\",\"dateModified\":\"2023-03-08T15:19:14+00:00\",\"breadcrumb\":{\"@id\":\"https:\/\/www.public.sn\/index.php\/2023\/03\/08\/17564\/#breadcrumb\"},\"inLanguage\":\"fr-FR\",\"potentialAction\":[{\"@type\":\"ReadAction\",\"target\":[\"https:\/\/www.public.sn\/index.php\/2023\/03\/08\/17564\/\"]}]},{\"@type\":\"ImageObject\",\"inLanguage\":\"fr-FR\",\"@id\":\"https:\/\/www.public.sn\/index.php\/2023\/03\/08\/17564\/#primaryimage\",\"url\":\"https:\/\/www.public.sn\/wp-content\/uploads\/2023\/03\/sathies-et-reug-reug.webp\",\"contentUrl\":\"https:\/\/www.public.sn\/wp-content\/uploads\/2023\/03\/sathies-et-reug-reug.webp\",\"width\":750,\"height\":422},{\"@type\":\"BreadcrumbList\",\"@id\":\"https:\/\/www.public.sn\/index.php\/2023\/03\/08\/17564\/#breadcrumb\",\"itemListElement\":[{\"@type\":\"ListItem\",\"position\":1,\"name\":\"Accueil\",\"item\":\"https:\/\/www.public.sn\/\"},{\"@type\":\"ListItem\",\"position\":2,\"name\":\"(Vid\u00e9o) Lamb : Sa Thi\u00e8s et Reug Reug se r\u00e9concilient au CNG\"}]},{\"@type\":\"WebSite\",\"@id\":\"https:\/\/www.public.sn\/#website\",\"url\":\"https:\/\/www.public.sn\/\",\"name\":\"LE PUBLIC\",\"description\":\"\",\"publisher\":{\"@id\":\"https:\/\/www.public.sn\/#organization\"},\"potentialAction\":[{\"@type\":\"SearchAction\",\"target\":{\"@type\":\"EntryPoint\",\"urlTemplate\":\"https:\/\/www.public.sn\/?s={search_term_string}\"},\"query-input\":{\"@type\":\"PropertyValueSpecification\",\"valueRequired\":true,\"valueName\":\"search_term_string\"}}],\"inLanguage\":\"fr-FR\"},{\"@type\":\"Organization\",\"@id\":\"https:\/\/www.public.sn\/#organization\",\"name\":\"LE PUBLIC\",\"url\":\"https:\/\/www.public.sn\/\",\"logo\":{\"@type\":\"ImageObject\",\"inLanguage\":\"fr-FR\",\"@id\":\"https:\/\/www.public.sn\/#\/schema\/logo\/image\/\",\"url\":\"https:\/\/www.public.sn\/wp-content\/uploads\/2024\/05\/cropped-LOGO-PUBLIC.SN_.png\",\"contentUrl\":\"https:\/\/www.public.sn\/wp-content\/uploads\/2024\/05\/cropped-LOGO-PUBLIC.SN_.png\",\"width\":682,\"height\":192,\"caption\":\"LE PUBLIC\"},\"image\":{\"@id\":\"https:\/\/www.public.sn\/#\/schema\/logo\/image\/\"}},{\"@type\":\"Person\",\"@id\":\"https:\/\/www.public.sn\/#\/schema\/person\/cb76c8e1b8becc6be61fb5e92d6d0224\",\"name\":\"LA REDACTION\",\"image\":{\"@type\":\"ImageObject\",\"inLanguage\":\"fr-FR\",\"@id\":\"https:\/\/www.public.sn\/#\/schema\/person\/image\/\",\"url\":\"https:\/\/secure.gravatar.com\/avatar\/2dce5ddd34b8fef0180efe03aa2a9bee7d953856048f9a16b298190a3178407c?s=96&d=mm&r=g\",\"contentUrl\":\"https:\/\/secure.gravatar.com\/avatar\/2dce5ddd34b8fef0180efe03aa2a9bee7d953856048f9a16b298190a3178407c?s=96&d=mm&r=g\",\"caption\":\"LA REDACTION\"},\"url\":\"https:\/\/www.public.sn\/index.php\/author\/editeurpsn\/\"}]}<\/script>\n<!-- \/ Yoast SEO plugin. -->","yoast_head_json":{"title":"(Vid\u00e9o) Lamb : Sa Thi\u00e8s et Reug Reug se r\u00e9concilient au CNG - LE PUBLIC","robots":{"index":"index","follow":"follow","max-snippet":"max-snippet:-1","max-image-preview":"max-image-preview:large","max-video-preview":"max-video-preview:-1"},"canonical":"https:\/\/www.public.sn\/index.php\/2023\/03\/08\/17564\/","og_locale":"fr_FR","og_type":"article","og_title":"(Vid\u00e9o) Lamb : Sa Thi\u00e8s et Reug Reug se r\u00e9concilient au CNG - LE PUBLIC","og_description":"Convoqu\u00e9s ce mercredi au CNG, Sa Thi\u00e8s et Reug Reug ont enterr\u00e9 la hache de guerre. Le lutteur de Gu\u00e9diawaye a \u00e9t\u00e9 d\u00e9sign\u00e9 vainqueur apr\u00e8s recours et malgr\u00e9 cela, une bonne ambiance a r\u00e9gn\u00e9 dans les bureaux de l\u2019instance dirigeante de la lutte. Plusieurs sujets autour du combat ont \u00e9t\u00e9 d\u00e9battus. Les managers des deux lutteurs ainsi que les deux protagonistes ont regrett\u00e9 les violences et les saccages not\u00e9s \u00e0 l\u2019ar\u00e8ne nationale ce dimanche. \u00ab\u00a0On a parl\u00e9 de ce qui s\u2019est pass\u00e9 le jour du combat. Les casses et la violence qu\u2019on a constat\u00e9 et qui pourrait nuire \u00e0 la lutte. On a \u00e9galement debout des probl\u00e8mes d\u2019arbitrage\u00a0\u00bb\u00a0a r\u00e9v\u00e9l\u00e9 Sa Thi\u00e8s au sortir de la r\u00e9union.","og_url":"https:\/\/www.public.sn\/index.php\/2023\/03\/08\/17564\/","og_site_name":"LE PUBLIC","article_published_time":"2023-03-08T15:18:33+00:00","article_modified_time":"2023-03-08T15:19:14+00:00","og_image":[{"width":750,"height":422,"url":"https:\/\/www.public.sn\/wp-content\/uploads\/2023\/03\/sathies-et-reug-reug.webp","type":"image\/webp"}],"author":"LA REDACTION","twitter_card":"summary_large_image","twitter_misc":{"\u00c9crit par":"LA REDACTION","Dur\u00e9e de lecture estim\u00e9e":"1 minute"},"schema":{"@context":"https:\/\/schema.org","@graph":[{"@type":"Article","@id":"https:\/\/www.public.sn\/index.php\/2023\/03\/08\/17564\/#article","isPartOf":{"@id":"https:\/\/www.public.sn\/index.php\/2023\/03\/08\/17564\/"},"author":{"name":"LA REDACTION","@id":"https:\/\/www.public.sn\/#\/schema\/person\/cb76c8e1b8becc6be61fb5e92d6d0224"},"headline":"(Vid\u00e9o) Lamb : Sa Thi\u00e8s et Reug Reug se r\u00e9concilient au CNG","datePublished":"2023-03-08T15:18:33+00:00","dateModified":"2023-03-08T15:19:14+00:00","mainEntityOfPage":{"@id":"https:\/\/www.public.sn\/index.php\/2023\/03\/08\/17564\/"},"wordCount":154,"commentCount":0,"publisher":{"@id":"https:\/\/www.public.sn\/#organization"},"image":{"@id":"https:\/\/www.public.sn\/index.php\/2023\/03\/08\/17564\/#primaryimage"},"thumbnailUrl":"https:\/\/www.public.sn\/wp-content\/uploads\/2023\/03\/sathies-et-reug-reug.webp","keywords":["Cng","reconciliation","Reug Reug","sa thies"],"articleSection":["ACTUALIT\u00c9S","BUZZ","FAITS DIVERS","LUTTE S\u00c9N\u00c9GALAISE","S\u00c9N\u00c9GAL","SOCIETE","SPORTS","VEDETTE","VIDEOS"],"inLanguage":"fr-FR","potentialAction":[{"@type":"CommentAction","name":"Comment","target":["https:\/\/www.public.sn\/index.php\/2023\/03\/08\/17564\/#respond"]}]},{"@type":"WebPage","@id":"https:\/\/www.public.sn\/index.php\/2023\/03\/08\/17564\/","url":"https:\/\/www.public.sn\/index.php\/2023\/03\/08\/17564\/","name":"(Vid\u00e9o) Lamb : Sa Thi\u00e8s et Reug Reug se r\u00e9concilient au CNG - LE PUBLIC","isPartOf":{"@id":"https:\/\/www.public.sn\/#website"},"primaryImageOfPage":{"@id":"https:\/\/www.public.sn\/index.php\/2023\/03\/08\/17564\/#primaryimage"},"image":{"@id":"https:\/\/www.public.sn\/index.php\/2023\/03\/08\/17564\/#primaryimage"},"thumbnailUrl":"https:\/\/www.public.sn\/wp-content\/uploads\/2023\/03\/sathies-et-reug-reug.webp","datePublished":"2023-03-08T15:18:33+00:00","dateModified":"2023-03-08T15:19:14+00:00","breadcrumb":{"@id":"https:\/\/www.public.sn\/index.php\/2023\/03\/08\/17564\/#breadcrumb"},"inLanguage":"fr-FR","potentialAction":[{"@type":"ReadAction","target":["https:\/\/www.public.sn\/index.php\/2023\/03\/08\/17564\/"]}]},{"@type":"ImageObject","inLanguage":"fr-FR","@id":"https:\/\/www.public.sn\/index.php\/2023\/03\/08\/17564\/#primaryimage","url":"https:\/\/www.public.sn\/wp-content\/uploads\/2023\/03\/sathies-et-reug-reug.webp","contentUrl":"https:\/\/www.public.sn\/wp-content\/uploads\/2023\/03\/sathies-et-reug-reug.webp","width":750,"height":422},{"@type":"BreadcrumbList","@id":"https:\/\/www.public.sn\/index.php\/2023\/03\/08\/17564\/#breadcrumb","itemListElement":[{"@type":"ListItem","position":1,"name":"Accueil","item":"https:\/\/www.public.sn\/"},{"@type":"ListItem","position":2,"name":"(Vid\u00e9o) Lamb : Sa Thi\u00e8s et Reug Reug se r\u00e9concilient au CNG"}]},{"@type":"WebSite","@id":"https:\/\/www.public.sn\/#website","url":"https:\/\/www.public.sn\/","name":"LE PUBLIC","description":"","publisher":{"@id":"https:\/\/www.public.sn\/#organization"},"potentialAction":[{"@type":"SearchAction","target":{"@type":"EntryPoint","urlTemplate":"https:\/\/www.public.sn\/?s={search_term_string}"},"query-input":{"@type":"PropertyValueSpecification","valueRequired":true,"valueName":"search_term_string"}}],"inLanguage":"fr-FR"},{"@type":"Organization","@id":"https:\/\/www.public.sn\/#organization","name":"LE PUBLIC","url":"https:\/\/www.public.sn\/","logo":{"@type":"ImageObject","inLanguage":"fr-FR","@id":"https:\/\/www.public.sn\/#\/schema\/logo\/image\/","url":"https:\/\/www.public.sn\/wp-content\/uploads\/2024\/05\/cropped-LOGO-PUBLIC.SN_.png","contentUrl":"https:\/\/www.public.sn\/wp-content\/uploads\/2024\/05\/cropped-LOGO-PUBLIC.SN_.png","width":682,"height":192,"caption":"LE PUBLIC"},"image":{"@id":"https:\/\/www.public.sn\/#\/schema\/logo\/image\/"}},{"@type":"Person","@id":"https:\/\/www.public.sn\/#\/schema\/person\/cb76c8e1b8becc6be61fb5e92d6d0224","name":"LA REDACTION","image":{"@type":"ImageObject","inLanguage":"fr-FR","@id":"https:\/\/www.public.sn\/#\/schema\/person\/image\/","url":"https:\/\/secure.gravatar.com\/avatar\/2dce5ddd34b8fef0180efe03aa2a9bee7d953856048f9a16b298190a3178407c?s=96&d=mm&r=g","contentUrl":"https:\/\/secure.gravatar.com\/avatar\/2dce5ddd34b8fef0180efe03aa2a9bee7d953856048f9a16b298190a3178407c?s=96&d=mm&r=g","caption":"LA REDACTION"},"url":"https:\/\/www.public.sn\/index.php\/author\/editeurpsn\/"}]}},"jetpack_featured_media_url":"https:\/\/www.public.sn\/wp-content\/uploads\/2023\/03\/sathies-et-reug-reug.webp","jetpack_sharing_enabled":true,"_links":{"self":[{"href":"https:\/\/www.public.sn\/index.php\/wp-json\/wp\/v2\/posts\/17564","targetHints":{"allow":["GET"]}}],"collection":[{"href":"https:\/\/www.public.sn\/index.php\/wp-json\/wp\/v2\/posts"}],"about":[{"href":"https:\/\/www.public.sn\/index.php\/wp-json\/wp\/v2\/types\/post"}],"author":[{"embeddable":true,"href":"https:\/\/www.public.sn\/index.php\/wp-json\/wp\/v2\/users\/7"}],"replies":[{"embeddable":true,"href":"https:\/\/www.public.sn\/index.php\/wp-json\/wp\/v2\/comments?post=17564"}],"version-history":[{"count":2,"href":"https:\/\/www.public.sn\/index.php\/wp-json\/wp\/v2\/posts\/17564\/revisions"}],"predecessor-version":[{"id":17567,"href":"https:\/\/www.public.sn\/index.php\/wp-json\/wp\/v2\/posts\/17564\/revisions\/17567"}],"wp:featuredmedia":[{"embeddable":true,"href":"https:\/\/www.public.sn\/index.php\/wp-json\/wp\/v2\/media\/17565"}],"wp:attachment":[{"href":"https:\/\/www.public.sn\/index.php\/wp-json\/wp\/v2\/media?parent=17564"}],"wp:term":[{"taxonomy":"category","embeddable":true,"href":"https:\/\/www.public.sn\/index.php\/wp-json\/wp\/v2\/categories?post=17564"},{"taxonomy":"post_tag","embeddable":true,"href":"https:\/\/www.public.sn\/index.php\/wp-json\/wp\/v2\/tags?post=17564"}],"curies":[{"name":"wp","href":"https:\/\/api.w.org\/{rel}","templated":true}]}}