{"id":17590,"date":"2023-03-09T08:46:21","date_gmt":"2023-03-09T08:46:21","guid":{"rendered":"https:\/\/www.public.sn\/?p=17590"},"modified":"2023-03-09T09:30:48","modified_gmt":"2023-03-09T09:30:48","slug":"urgent-me-ousmane-seye-nest-plus","status":"publish","type":"post","link":"https:\/\/www.public.sn\/index.php\/2023\/03\/09\/urgent-me-ousmane-seye-nest-plus\/","title":{"rendered":"Urgent : Me Ousmane S\u00e8ye n&rsquo;est plus"},"content":{"rendered":"<p><strong>Une information de derni\u00e8re minute. Public.SN vient d&rsquo;apprendre le rappel \u00e0 Dieu de Me Ousmane S\u00e8ye.<\/strong><\/p><div class=\"publi-paragraphe1\" style=\"margin-top: 10px;margin-bottom: 10px;margin-left: auto;margin-right: auto;text-align: center;\" id=\"publi-1668066859\"><div class=\"publi-adlabel\">Publicit\u00e9<\/div><script async src=\"\/\/pagead2.googlesyndication.com\/pagead\/js\/adsbygoogle.js?client=ca-pub-4089586018074219\" crossorigin=\"anonymous\"><\/script><ins class=\"adsbygoogle\" style=\"display:block;\" data-ad-client=\"ca-pub-4089586018074219\" \ndata-ad-slot=\"2087940154\" \ndata-ad-format=\"auto\"><\/ins>\n<script> \n(adsbygoogle = window.adsbygoogle || []).push({}); \n<\/script>\n<\/div>\n<p>L\u2019information est confirm\u00e9e par la famille du d\u00e9funt. Selon la TFM qui donne la nouvelle, l\u2019avocat est d\u00e9c\u00e9d\u00e9 d\u00e8s suite d\u2019un malaise.<\/p>\n<p>La r\u00e9daction de PUBLIC.SN pr\u00e9sente ses sinc\u00e8res condol\u00e9ances \u00e0 la famille \u00e9plor\u00e9e, le barreau et \u00e0 tous les S\u00e9n\u00e9galais.<\/p>\n<p>&nbsp;<\/p>\n<div style=\"position:relative;padding-bottom:56.25%;height:0;overflow:hidden;\"> <iframe style=\"width:100%;height:100%;position:absolute;left:0px;top:0px;overflow:hidden\" frameborder=\"0\" type=\"text\/html\" src=\"https:\/\/www.dailymotion.com\/embed\/video\/x8iy4ca\" width=\"100%\" height=\"100%\" allowfullscreen title=\"Dailymotion Video Player\" > <\/iframe> <\/div>\n<div class=\"publi-apres-le-contenu\" style=\"margin-top: 10px;margin-bottom: 10px;margin-left: auto;margin-right: auto;text-align: center;\" id=\"publi-1106928463\"><div class=\"publi-adlabel\">Publicit\u00e9<\/div><script async src=\"\/\/pagead2.googlesyndication.com\/pagead\/js\/adsbygoogle.js?client=ca-pub-4089586018074219\" crossorigin=\"anonymous\"><\/script><ins class=\"adsbygoogle\" style=\"display:block;\" data-ad-client=\"ca-pub-4089586018074219\" \ndata-ad-slot=\"2087940154\" \ndata-ad-format=\"auto\"><\/ins>\n<script> \n(adsbygoogle = window.adsbygoogle || []).push({}); \n<\/script>\n<\/div>","protected":false},"excerpt":{"rendered":"<p>Une information de derni\u00e8re minute. Public.SN vient d&rsquo;apprendre le rappel \u00e0 Dieu de Me Ousmane S\u00e8ye. L\u2019information est confirm\u00e9e par la famille du d\u00e9funt. Selon la TFM qui donne la nouvelle, l\u2019avocat est d\u00e9c\u00e9d\u00e9 d\u00e8s suite d\u2019un malaise. La r\u00e9daction de PUBLIC.SN pr\u00e9sente ses sinc\u00e8res condol\u00e9ances \u00e0 la famille \u00e9plor\u00e9e, le barreau et \u00e0 tous les S\u00e9n\u00e9galais. &nbsp;<\/p>\n","protected":false},"author":1,"featured_media":17591,"comment_status":"open","ping_status":"open","sticky":false,"template":"","format":"standard","meta":{"_jetpack_memberships_contains_paid_content":false,"footnotes":""},"categories":[375,371,3,376,1,372,6],"tags":[2022,374,4712],"class_list":["post-17590","post","type-post","status-publish","format-standard","has-post-thumbnail","hentry","category-actualites","category-necrologie","category-politique","category-securite-justice","category-non-classe","category-vedette","category-videos","tag-avocat","tag-deces","tag-me-ousmane-seye","entry","has-media","owp-thumbs-layout-horizontal","owp-btn-normal","owp-tabs-layout-horizontal","has-no-thumbnails","has-product-nav"],"yoast_head":"<!-- This site is optimized with the Yoast SEO plugin v25.5 - https:\/\/yoast.com\/wordpress\/plugins\/seo\/ -->\n<title>Urgent : Me Ousmane S\u00e8ye n&#039;est plus - LE PUBLIC<\/title>\n<meta name=\"robots\" content=\"index, follow, max-snippet:-1, max-image-preview:large, max-video-preview:-1\" \/>\n<link rel=\"canonical\" href=\"https:\/\/www.public.sn\/index.php\/2023\/03\/09\/urgent-me-ousmane-seye-nest-plus\/\" \/>\n<meta property=\"og:locale\" content=\"fr_FR\" \/>\n<meta property=\"og:type\" content=\"article\" \/>\n<meta property=\"og:title\" content=\"Urgent : Me Ousmane S\u00e8ye n&#039;est plus - LE PUBLIC\" \/>\n<meta property=\"og:description\" content=\"Une information de derni\u00e8re minute. Public.SN vient d&rsquo;apprendre le rappel \u00e0 Dieu de Me Ousmane S\u00e8ye. L\u2019information est confirm\u00e9e par la famille du d\u00e9funt. Selon la TFM qui donne la nouvelle, l\u2019avocat est d\u00e9c\u00e9d\u00e9 d\u00e8s suite d\u2019un malaise. La r\u00e9daction de PUBLIC.SN pr\u00e9sente ses sinc\u00e8res condol\u00e9ances \u00e0 la famille \u00e9plor\u00e9e, le barreau et \u00e0 tous les S\u00e9n\u00e9galais. &nbsp;\" \/>\n<meta property=\"og:url\" content=\"https:\/\/www.public.sn\/index.php\/2023\/03\/09\/urgent-me-ousmane-seye-nest-plus\/\" \/>\n<meta property=\"og:site_name\" content=\"LE PUBLIC\" \/>\n<meta property=\"article:published_time\" content=\"2023-03-09T08:46:21+00:00\" \/>\n<meta property=\"article:modified_time\" content=\"2023-03-09T09:30:48+00:00\" \/>\n<meta property=\"og:image\" content=\"https:\/\/www.public.sn\/wp-content\/uploads\/2023\/03\/me-ousmane-seye.webp\" \/>\n\t<meta property=\"og:image:width\" content=\"763\" \/>\n\t<meta property=\"og:image:height\" content=\"536\" \/>\n\t<meta property=\"og:image:type\" content=\"image\/webp\" \/>\n<meta name=\"author\" content=\"LA REDACTION\" \/>\n<meta name=\"twitter:card\" content=\"summary_large_image\" \/>\n<meta name=\"twitter:label1\" content=\"\u00c9crit par\" \/>\n\t<meta name=\"twitter:data1\" content=\"LA REDACTION\" \/>\n\t<meta name=\"twitter:label2\" content=\"Dur\u00e9e de lecture estim\u00e9e\" \/>\n\t<meta name=\"twitter:data2\" content=\"1 minute\" \/>\n<script type=\"application\/ld+json\" class=\"yoast-schema-graph\">{\"@context\":\"https:\/\/schema.org\",\"@graph\":[{\"@type\":\"Article\",\"@id\":\"https:\/\/www.public.sn\/index.php\/2023\/03\/09\/urgent-me-ousmane-seye-nest-plus\/#article\",\"isPartOf\":{\"@id\":\"https:\/\/www.public.sn\/index.php\/2023\/03\/09\/urgent-me-ousmane-seye-nest-plus\/\"},\"author\":{\"name\":\"LA REDACTION\",\"@id\":\"https:\/\/www.public.sn\/#\/schema\/person\/e3f4a11b037d4203902db148f9bc8d5a\"},\"headline\":\"Urgent : Me Ousmane S\u00e8ye n&rsquo;est plus\",\"datePublished\":\"2023-03-09T08:46:21+00:00\",\"dateModified\":\"2023-03-09T09:30:48+00:00\",\"mainEntityOfPage\":{\"@id\":\"https:\/\/www.public.sn\/index.php\/2023\/03\/09\/urgent-me-ousmane-seye-nest-plus\/\"},\"wordCount\":81,\"commentCount\":0,\"publisher\":{\"@id\":\"https:\/\/www.public.sn\/#organization\"},\"image\":{\"@id\":\"https:\/\/www.public.sn\/index.php\/2023\/03\/09\/urgent-me-ousmane-seye-nest-plus\/#primaryimage\"},\"thumbnailUrl\":\"https:\/\/www.public.sn\/wp-content\/uploads\/2023\/03\/me-ousmane-seye.webp\",\"keywords\":[\"avocat\",\"d\u00e9c\u00e8s\",\"Me Ousmane S\u00e8ye\"],\"articleSection\":[\"ACTUALIT\u00c9S\",\"N\u00c9CROLOGIE\",\"POLITIQUE\",\"S\u00c9CURIT\u00c9 &amp; JUSTICE\",\"S\u00c9N\u00c9GAL\",\"VEDETTE\",\"VIDEOS\"],\"inLanguage\":\"fr-FR\",\"potentialAction\":[{\"@type\":\"CommentAction\",\"name\":\"Comment\",\"target\":[\"https:\/\/www.public.sn\/index.php\/2023\/03\/09\/urgent-me-ousmane-seye-nest-plus\/#respond\"]}]},{\"@type\":\"WebPage\",\"@id\":\"https:\/\/www.public.sn\/index.php\/2023\/03\/09\/urgent-me-ousmane-seye-nest-plus\/\",\"url\":\"https:\/\/www.public.sn\/index.php\/2023\/03\/09\/urgent-me-ousmane-seye-nest-plus\/\",\"name\":\"Urgent : Me Ousmane S\u00e8ye n'est plus - LE PUBLIC\",\"isPartOf\":{\"@id\":\"https:\/\/www.public.sn\/#website\"},\"primaryImageOfPage\":{\"@id\":\"https:\/\/www.public.sn\/index.php\/2023\/03\/09\/urgent-me-ousmane-seye-nest-plus\/#primaryimage\"},\"image\":{\"@id\":\"https:\/\/www.public.sn\/index.php\/2023\/03\/09\/urgent-me-ousmane-seye-nest-plus\/#primaryimage\"},\"thumbnailUrl\":\"https:\/\/www.public.sn\/wp-content\/uploads\/2023\/03\/me-ousmane-seye.webp\",\"datePublished\":\"2023-03-09T08:46:21+00:00\",\"dateModified\":\"2023-03-09T09:30:48+00:00\",\"breadcrumb\":{\"@id\":\"https:\/\/www.public.sn\/index.php\/2023\/03\/09\/urgent-me-ousmane-seye-nest-plus\/#breadcrumb\"},\"inLanguage\":\"fr-FR\",\"potentialAction\":[{\"@type\":\"ReadAction\",\"target\":[\"https:\/\/www.public.sn\/index.php\/2023\/03\/09\/urgent-me-ousmane-seye-nest-plus\/\"]}]},{\"@type\":\"ImageObject\",\"inLanguage\":\"fr-FR\",\"@id\":\"https:\/\/www.public.sn\/index.php\/2023\/03\/09\/urgent-me-ousmane-seye-nest-plus\/#primaryimage\",\"url\":\"https:\/\/www.public.sn\/wp-content\/uploads\/2023\/03\/me-ousmane-seye.webp\",\"contentUrl\":\"https:\/\/www.public.sn\/wp-content\/uploads\/2023\/03\/me-ousmane-seye.webp\",\"width\":763,\"height\":536},{\"@type\":\"BreadcrumbList\",\"@id\":\"https:\/\/www.public.sn\/index.php\/2023\/03\/09\/urgent-me-ousmane-seye-nest-plus\/#breadcrumb\",\"itemListElement\":[{\"@type\":\"ListItem\",\"position\":1,\"name\":\"Accueil\",\"item\":\"https:\/\/www.public.sn\/\"},{\"@type\":\"ListItem\",\"position\":2,\"name\":\"Urgent : Me Ousmane S\u00e8ye n&rsquo;est plus\"}]},{\"@type\":\"WebSite\",\"@id\":\"https:\/\/www.public.sn\/#website\",\"url\":\"https:\/\/www.public.sn\/\",\"name\":\"LE PUBLIC\",\"description\":\"\",\"publisher\":{\"@id\":\"https:\/\/www.public.sn\/#organization\"},\"potentialAction\":[{\"@type\":\"SearchAction\",\"target\":{\"@type\":\"EntryPoint\",\"urlTemplate\":\"https:\/\/www.public.sn\/?s={search_term_string}\"},\"query-input\":{\"@type\":\"PropertyValueSpecification\",\"valueRequired\":true,\"valueName\":\"search_term_string\"}}],\"inLanguage\":\"fr-FR\"},{\"@type\":\"Organization\",\"@id\":\"https:\/\/www.public.sn\/#organization\",\"name\":\"LE PUBLIC\",\"url\":\"https:\/\/www.public.sn\/\",\"logo\":{\"@type\":\"ImageObject\",\"inLanguage\":\"fr-FR\",\"@id\":\"https:\/\/www.public.sn\/#\/schema\/logo\/image\/\",\"url\":\"https:\/\/www.public.sn\/wp-content\/uploads\/2024\/05\/cropped-LOGO-PUBLIC.SN_.png\",\"contentUrl\":\"https:\/\/www.public.sn\/wp-content\/uploads\/2024\/05\/cropped-LOGO-PUBLIC.SN_.png\",\"width\":682,\"height\":192,\"caption\":\"LE PUBLIC\"},\"image\":{\"@id\":\"https:\/\/www.public.sn\/#\/schema\/logo\/image\/\"}},{\"@type\":\"Person\",\"@id\":\"https:\/\/www.public.sn\/#\/schema\/person\/e3f4a11b037d4203902db148f9bc8d5a\",\"name\":\"LA REDACTION\",\"image\":{\"@type\":\"ImageObject\",\"inLanguage\":\"fr-FR\",\"@id\":\"https:\/\/www.public.sn\/#\/schema\/person\/image\/\",\"url\":\"https:\/\/secure.gravatar.com\/avatar\/d6c030db45db2883c075085c5d6c6258654a801a93766b49af0b82d4f454e2a5?s=96&d=mm&r=g\",\"contentUrl\":\"https:\/\/secure.gravatar.com\/avatar\/d6c030db45db2883c075085c5d6c6258654a801a93766b49af0b82d4f454e2a5?s=96&d=mm&r=g\",\"caption\":\"LA REDACTION\"},\"sameAs\":[\"http:\/\/www.public.sn\"],\"url\":\"https:\/\/www.public.sn\/index.php\/author\/admin7324\/\"}]}<\/script>\n<!-- \/ Yoast SEO plugin. -->","yoast_head_json":{"title":"Urgent : Me Ousmane S\u00e8ye n'est plus - LE PUBLIC","robots":{"index":"index","follow":"follow","max-snippet":"max-snippet:-1","max-image-preview":"max-image-preview:large","max-video-preview":"max-video-preview:-1"},"canonical":"https:\/\/www.public.sn\/index.php\/2023\/03\/09\/urgent-me-ousmane-seye-nest-plus\/","og_locale":"fr_FR","og_type":"article","og_title":"Urgent : Me Ousmane S\u00e8ye n'est plus - LE PUBLIC","og_description":"Une information de derni\u00e8re minute. Public.SN vient d&rsquo;apprendre le rappel \u00e0 Dieu de Me Ousmane S\u00e8ye. L\u2019information est confirm\u00e9e par la famille du d\u00e9funt. Selon la TFM qui donne la nouvelle, l\u2019avocat est d\u00e9c\u00e9d\u00e9 d\u00e8s suite d\u2019un malaise. La r\u00e9daction de PUBLIC.SN pr\u00e9sente ses sinc\u00e8res condol\u00e9ances \u00e0 la famille \u00e9plor\u00e9e, le barreau et \u00e0 tous les S\u00e9n\u00e9galais. &nbsp;","og_url":"https:\/\/www.public.sn\/index.php\/2023\/03\/09\/urgent-me-ousmane-seye-nest-plus\/","og_site_name":"LE PUBLIC","article_published_time":"2023-03-09T08:46:21+00:00","article_modified_time":"2023-03-09T09:30:48+00:00","og_image":[{"width":763,"height":536,"url":"https:\/\/www.public.sn\/wp-content\/uploads\/2023\/03\/me-ousmane-seye.webp","type":"image\/webp"}],"author":"LA REDACTION","twitter_card":"summary_large_image","twitter_misc":{"\u00c9crit par":"LA REDACTION","Dur\u00e9e de lecture estim\u00e9e":"1 minute"},"schema":{"@context":"https:\/\/schema.org","@graph":[{"@type":"Article","@id":"https:\/\/www.public.sn\/index.php\/2023\/03\/09\/urgent-me-ousmane-seye-nest-plus\/#article","isPartOf":{"@id":"https:\/\/www.public.sn\/index.php\/2023\/03\/09\/urgent-me-ousmane-seye-nest-plus\/"},"author":{"name":"LA REDACTION","@id":"https:\/\/www.public.sn\/#\/schema\/person\/e3f4a11b037d4203902db148f9bc8d5a"},"headline":"Urgent : Me Ousmane S\u00e8ye n&rsquo;est plus","datePublished":"2023-03-09T08:46:21+00:00","dateModified":"2023-03-09T09:30:48+00:00","mainEntityOfPage":{"@id":"https:\/\/www.public.sn\/index.php\/2023\/03\/09\/urgent-me-ousmane-seye-nest-plus\/"},"wordCount":81,"commentCount":0,"publisher":{"@id":"https:\/\/www.public.sn\/#organization"},"image":{"@id":"https:\/\/www.public.sn\/index.php\/2023\/03\/09\/urgent-me-ousmane-seye-nest-plus\/#primaryimage"},"thumbnailUrl":"https:\/\/www.public.sn\/wp-content\/uploads\/2023\/03\/me-ousmane-seye.webp","keywords":["avocat","d\u00e9c\u00e8s","Me Ousmane S\u00e8ye"],"articleSection":["ACTUALIT\u00c9S","N\u00c9CROLOGIE","POLITIQUE","S\u00c9CURIT\u00c9 &amp; JUSTICE","S\u00c9N\u00c9GAL","VEDETTE","VIDEOS"],"inLanguage":"fr-FR","potentialAction":[{"@type":"CommentAction","name":"Comment","target":["https:\/\/www.public.sn\/index.php\/2023\/03\/09\/urgent-me-ousmane-seye-nest-plus\/#respond"]}]},{"@type":"WebPage","@id":"https:\/\/www.public.sn\/index.php\/2023\/03\/09\/urgent-me-ousmane-seye-nest-plus\/","url":"https:\/\/www.public.sn\/index.php\/2023\/03\/09\/urgent-me-ousmane-seye-nest-plus\/","name":"Urgent : Me Ousmane S\u00e8ye n'est plus - LE PUBLIC","isPartOf":{"@id":"https:\/\/www.public.sn\/#website"},"primaryImageOfPage":{"@id":"https:\/\/www.public.sn\/index.php\/2023\/03\/09\/urgent-me-ousmane-seye-nest-plus\/#primaryimage"},"image":{"@id":"https:\/\/www.public.sn\/index.php\/2023\/03\/09\/urgent-me-ousmane-seye-nest-plus\/#primaryimage"},"thumbnailUrl":"https:\/\/www.public.sn\/wp-content\/uploads\/2023\/03\/me-ousmane-seye.webp","datePublished":"2023-03-09T08:46:21+00:00","dateModified":"2023-03-09T09:30:48+00:00","breadcrumb":{"@id":"https:\/\/www.public.sn\/index.php\/2023\/03\/09\/urgent-me-ousmane-seye-nest-plus\/#breadcrumb"},"inLanguage":"fr-FR","potentialAction":[{"@type":"ReadAction","target":["https:\/\/www.public.sn\/index.php\/2023\/03\/09\/urgent-me-ousmane-seye-nest-plus\/"]}]},{"@type":"ImageObject","inLanguage":"fr-FR","@id":"https:\/\/www.public.sn\/index.php\/2023\/03\/09\/urgent-me-ousmane-seye-nest-plus\/#primaryimage","url":"https:\/\/www.public.sn\/wp-content\/uploads\/2023\/03\/me-ousmane-seye.webp","contentUrl":"https:\/\/www.public.sn\/wp-content\/uploads\/2023\/03\/me-ousmane-seye.webp","width":763,"height":536},{"@type":"BreadcrumbList","@id":"https:\/\/www.public.sn\/index.php\/2023\/03\/09\/urgent-me-ousmane-seye-nest-plus\/#breadcrumb","itemListElement":[{"@type":"ListItem","position":1,"name":"Accueil","item":"https:\/\/www.public.sn\/"},{"@type":"ListItem","position":2,"name":"Urgent : Me Ousmane S\u00e8ye n&rsquo;est plus"}]},{"@type":"WebSite","@id":"https:\/\/www.public.sn\/#website","url":"https:\/\/www.public.sn\/","name":"LE PUBLIC","description":"","publisher":{"@id":"https:\/\/www.public.sn\/#organization"},"potentialAction":[{"@type":"SearchAction","target":{"@type":"EntryPoint","urlTemplate":"https:\/\/www.public.sn\/?s={search_term_string}"},"query-input":{"@type":"PropertyValueSpecification","valueRequired":true,"valueName":"search_term_string"}}],"inLanguage":"fr-FR"},{"@type":"Organization","@id":"https:\/\/www.public.sn\/#organization","name":"LE PUBLIC","url":"https:\/\/www.public.sn\/","logo":{"@type":"ImageObject","inLanguage":"fr-FR","@id":"https:\/\/www.public.sn\/#\/schema\/logo\/image\/","url":"https:\/\/www.public.sn\/wp-content\/uploads\/2024\/05\/cropped-LOGO-PUBLIC.SN_.png","contentUrl":"https:\/\/www.public.sn\/wp-content\/uploads\/2024\/05\/cropped-LOGO-PUBLIC.SN_.png","width":682,"height":192,"caption":"LE PUBLIC"},"image":{"@id":"https:\/\/www.public.sn\/#\/schema\/logo\/image\/"}},{"@type":"Person","@id":"https:\/\/www.public.sn\/#\/schema\/person\/e3f4a11b037d4203902db148f9bc8d5a","name":"LA REDACTION","image":{"@type":"ImageObject","inLanguage":"fr-FR","@id":"https:\/\/www.public.sn\/#\/schema\/person\/image\/","url":"https:\/\/secure.gravatar.com\/avatar\/d6c030db45db2883c075085c5d6c6258654a801a93766b49af0b82d4f454e2a5?s=96&d=mm&r=g","contentUrl":"https:\/\/secure.gravatar.com\/avatar\/d6c030db45db2883c075085c5d6c6258654a801a93766b49af0b82d4f454e2a5?s=96&d=mm&r=g","caption":"LA REDACTION"},"sameAs":["http:\/\/www.public.sn"],"url":"https:\/\/www.public.sn\/index.php\/author\/admin7324\/"}]}},"jetpack_featured_media_url":"https:\/\/www.public.sn\/wp-content\/uploads\/2023\/03\/me-ousmane-seye.webp","jetpack_sharing_enabled":true,"_links":{"self":[{"href":"https:\/\/www.public.sn\/index.php\/wp-json\/wp\/v2\/posts\/17590","targetHints":{"allow":["GET"]}}],"collection":[{"href":"https:\/\/www.public.sn\/index.php\/wp-json\/wp\/v2\/posts"}],"about":[{"href":"https:\/\/www.public.sn\/index.php\/wp-json\/wp\/v2\/types\/post"}],"author":[{"embeddable":true,"href":"https:\/\/www.public.sn\/index.php\/wp-json\/wp\/v2\/users\/1"}],"replies":[{"embeddable":true,"href":"https:\/\/www.public.sn\/index.php\/wp-json\/wp\/v2\/comments?post=17590"}],"version-history":[{"count":2,"href":"https:\/\/www.public.sn\/index.php\/wp-json\/wp\/v2\/posts\/17590\/revisions"}],"predecessor-version":[{"id":17599,"href":"https:\/\/www.public.sn\/index.php\/wp-json\/wp\/v2\/posts\/17590\/revisions\/17599"}],"wp:featuredmedia":[{"embeddable":true,"href":"https:\/\/www.public.sn\/index.php\/wp-json\/wp\/v2\/media\/17591"}],"wp:attachment":[{"href":"https:\/\/www.public.sn\/index.php\/wp-json\/wp\/v2\/media?parent=17590"}],"wp:term":[{"taxonomy":"category","embeddable":true,"href":"https:\/\/www.public.sn\/index.php\/wp-json\/wp\/v2\/categories?post=17590"},{"taxonomy":"post_tag","embeddable":true,"href":"https:\/\/www.public.sn\/index.php\/wp-json\/wp\/v2\/tags?post=17590"}],"curies":[{"name":"wp","href":"https:\/\/api.w.org\/{rel}","templated":true}]}}