{"id":17594,"date":"2023-03-09T09:12:33","date_gmt":"2023-03-09T09:12:33","guid":{"rendered":"https:\/\/www.public.sn\/?p=17594"},"modified":"2023-03-09T09:12:33","modified_gmt":"2023-03-09T09:12:33","slug":"scene-dh0rreur-au-cem-grand-yoff-le-corps-sans-vie-et-clcine-du-vigile","status":"publish","type":"post","link":"https:\/\/www.public.sn\/index.php\/2023\/03\/09\/scene-dh0rreur-au-cem-grand-yoff-le-corps-sans-vie-et-clcine-du-vigile\/","title":{"rendered":"Sc\u00e8ne d\u2019h0rreur au CEM Grand Yoff : Le corps sans vie et c@lcin\u00e9 du vigile\u2026"},"content":{"rendered":"<p><strong>Sc\u00e8ne d\u2019horreur au CEM Grand Yoff. Le corps sans vie et calcin\u00e9 du vigile de l\u2019\u00e9tablissement \u00e0 \u00e9t\u00e9 d\u00e9couvert ce matin.<\/strong><\/p><div class=\"publi-paragraphe1\" style=\"margin-top: 10px;margin-bottom: 10px;margin-left: auto;margin-right: auto;text-align: center;\" id=\"publi-4006022142\"><div class=\"publi-adlabel\">Publicit\u00e9<\/div><script async src=\"\/\/pagead2.googlesyndication.com\/pagead\/js\/adsbygoogle.js?client=ca-pub-4089586018074219\" crossorigin=\"anonymous\"><\/script><ins class=\"adsbygoogle\" style=\"display:block;\" data-ad-client=\"ca-pub-4089586018074219\" \ndata-ad-slot=\"2087940154\" \ndata-ad-format=\"auto\"><\/ins>\n<script> \n(adsbygoogle = window.adsbygoogle || []).push({}); \n<\/script>\n<\/div>\n<div><\/div>\n<p>L\u2019homme s\u2019est br\u00fbl\u00e9 alors qu\u2019il tentait d\u2019allumer un fourneau, selon les premiers \u00e9l\u00e9ments de l\u2019 enqu\u00eate.<\/p>\n<p>Les cours ont \u00e9t\u00e9 suspendus au sein de l\u2019\u00e9tablissement pour faciliter le travail de la police.<\/p>\n<p>Le corps sans vie du vigile a \u00e9t\u00e9 achemin\u00e9 \u00e0 la morgue de l\u2019h\u00f4pital g\u00e9n\u00e9ral de Grand Yoff.<\/p>\n<div class=\"publi-apres-le-contenu\" style=\"margin-top: 10px;margin-bottom: 10px;margin-left: auto;margin-right: auto;text-align: center;\" id=\"publi-64876087\"><div class=\"publi-adlabel\">Publicit\u00e9<\/div><script async src=\"\/\/pagead2.googlesyndication.com\/pagead\/js\/adsbygoogle.js?client=ca-pub-4089586018074219\" crossorigin=\"anonymous\"><\/script><ins class=\"adsbygoogle\" style=\"display:block;\" data-ad-client=\"ca-pub-4089586018074219\" \ndata-ad-slot=\"2087940154\" \ndata-ad-format=\"auto\"><\/ins>\n<script> \n(adsbygoogle = window.adsbygoogle || []).push({}); \n<\/script>\n<\/div>","protected":false},"excerpt":{"rendered":"<p>Sc\u00e8ne d\u2019horreur au CEM Grand Yoff. Le corps sans vie et calcin\u00e9 du vigile de l\u2019\u00e9tablissement \u00e0 \u00e9t\u00e9 d\u00e9couvert ce matin. L\u2019homme s\u2019est br\u00fbl\u00e9 alors qu\u2019il tentait d\u2019allumer un fourneau, selon les premiers \u00e9l\u00e9ments de l\u2019 enqu\u00eate. Les cours ont \u00e9t\u00e9 suspendus au sein de l\u2019\u00e9tablissement pour faciliter le travail de la police. Le corps sans vie du vigile a \u00e9t\u00e9 achemin\u00e9 \u00e0 la morgue de l\u2019h\u00f4pital g\u00e9n\u00e9ral de Grand Yoff.<\/p>\n","protected":false},"author":7,"featured_media":17595,"comment_status":"open","ping_status":"open","sticky":false,"template":"","format":"standard","meta":{"_jetpack_memberships_contains_paid_content":false,"footnotes":""},"categories":[375,1051,854,379,3724,1574,376,1,4],"tags":[4713,4714,492,2554],"class_list":["post-17594","post","type-post","status-publish","format-standard","has-post-thumbnail","hentry","category-actualites","category-drame","category-education","category-faits-divers","category-justice","category-sante","category-securite-justice","category-non-classe","category-societe","tag-calcine","tag-cem-grand-yoff","tag-mort","tag-vigile","entry","has-media","owp-thumbs-layout-horizontal","owp-btn-normal","owp-tabs-layout-horizontal","has-no-thumbnails","has-product-nav"],"yoast_head":"<!-- This site is optimized with the Yoast SEO plugin v25.5 - https:\/\/yoast.com\/wordpress\/plugins\/seo\/ -->\n<title>Sc\u00e8ne d\u2019h0rreur au CEM Grand Yoff : Le corps sans vie et c@lcin\u00e9 du vigile\u2026 - LE PUBLIC<\/title>\n<meta name=\"robots\" content=\"index, follow, max-snippet:-1, max-image-preview:large, max-video-preview:-1\" \/>\n<link rel=\"canonical\" href=\"https:\/\/www.public.sn\/index.php\/2023\/03\/09\/scene-dh0rreur-au-cem-grand-yoff-le-corps-sans-vie-et-clcine-du-vigile\/\" \/>\n<meta property=\"og:locale\" content=\"fr_FR\" \/>\n<meta property=\"og:type\" content=\"article\" \/>\n<meta property=\"og:title\" content=\"Sc\u00e8ne d\u2019h0rreur au CEM Grand Yoff : Le corps sans vie et c@lcin\u00e9 du vigile\u2026 - LE PUBLIC\" \/>\n<meta property=\"og:description\" content=\"Sc\u00e8ne d\u2019horreur au CEM Grand Yoff. Le corps sans vie et calcin\u00e9 du vigile de l\u2019\u00e9tablissement \u00e0 \u00e9t\u00e9 d\u00e9couvert ce matin. L\u2019homme s\u2019est br\u00fbl\u00e9 alors qu\u2019il tentait d\u2019allumer un fourneau, selon les premiers \u00e9l\u00e9ments de l\u2019 enqu\u00eate. Les cours ont \u00e9t\u00e9 suspendus au sein de l\u2019\u00e9tablissement pour faciliter le travail de la police. Le corps sans vie du vigile a \u00e9t\u00e9 achemin\u00e9 \u00e0 la morgue de l\u2019h\u00f4pital g\u00e9n\u00e9ral de Grand Yoff.\" \/>\n<meta property=\"og:url\" content=\"https:\/\/www.public.sn\/index.php\/2023\/03\/09\/scene-dh0rreur-au-cem-grand-yoff-le-corps-sans-vie-et-clcine-du-vigile\/\" \/>\n<meta property=\"og:site_name\" content=\"LE PUBLIC\" \/>\n<meta property=\"article:published_time\" content=\"2023-03-09T09:12:33+00:00\" \/>\n<meta property=\"og:image\" content=\"https:\/\/www.public.sn\/wp-content\/uploads\/2023\/03\/28EB22D4-F6AC-4CEB-BA7C-B213BF044E6C.png\" \/>\n\t<meta property=\"og:image:width\" content=\"275\" \/>\n\t<meta property=\"og:image:height\" content=\"183\" \/>\n\t<meta property=\"og:image:type\" content=\"image\/png\" \/>\n<meta name=\"author\" content=\"LA REDACTION\" \/>\n<meta name=\"twitter:card\" content=\"summary_large_image\" \/>\n<meta name=\"twitter:label1\" content=\"\u00c9crit par\" \/>\n\t<meta name=\"twitter:data1\" content=\"LA REDACTION\" \/>\n\t<meta name=\"twitter:label2\" content=\"Dur\u00e9e de lecture estim\u00e9e\" \/>\n\t<meta name=\"twitter:data2\" content=\"1 minute\" \/>\n<script type=\"application\/ld+json\" class=\"yoast-schema-graph\">{\"@context\":\"https:\/\/schema.org\",\"@graph\":[{\"@type\":\"Article\",\"@id\":\"https:\/\/www.public.sn\/index.php\/2023\/03\/09\/scene-dh0rreur-au-cem-grand-yoff-le-corps-sans-vie-et-clcine-du-vigile\/#article\",\"isPartOf\":{\"@id\":\"https:\/\/www.public.sn\/index.php\/2023\/03\/09\/scene-dh0rreur-au-cem-grand-yoff-le-corps-sans-vie-et-clcine-du-vigile\/\"},\"author\":{\"name\":\"LA REDACTION\",\"@id\":\"https:\/\/www.public.sn\/#\/schema\/person\/cb76c8e1b8becc6be61fb5e92d6d0224\"},\"headline\":\"Sc\u00e8ne d\u2019h0rreur au CEM Grand Yoff : Le corps sans vie et c@lcin\u00e9 du vigile\u2026\",\"datePublished\":\"2023-03-09T09:12:33+00:00\",\"mainEntityOfPage\":{\"@id\":\"https:\/\/www.public.sn\/index.php\/2023\/03\/09\/scene-dh0rreur-au-cem-grand-yoff-le-corps-sans-vie-et-clcine-du-vigile\/\"},\"wordCount\":103,\"commentCount\":0,\"publisher\":{\"@id\":\"https:\/\/www.public.sn\/#organization\"},\"image\":{\"@id\":\"https:\/\/www.public.sn\/index.php\/2023\/03\/09\/scene-dh0rreur-au-cem-grand-yoff-le-corps-sans-vie-et-clcine-du-vigile\/#primaryimage\"},\"thumbnailUrl\":\"https:\/\/www.public.sn\/wp-content\/uploads\/2023\/03\/28EB22D4-F6AC-4CEB-BA7C-B213BF044E6C.png\",\"keywords\":[\"Calcin\u00e9\",\"CEM grand Yoff\",\"Mort\",\"vigile\"],\"articleSection\":[\"ACTUALIT\u00c9S\",\"DRAME\",\"\u00c9DUCATION\",\"FAITS DIVERS\",\"justice\",\"SANT\u00c9\",\"S\u00c9CURIT\u00c9 &amp; JUSTICE\",\"S\u00c9N\u00c9GAL\",\"SOCIETE\"],\"inLanguage\":\"fr-FR\",\"potentialAction\":[{\"@type\":\"CommentAction\",\"name\":\"Comment\",\"target\":[\"https:\/\/www.public.sn\/index.php\/2023\/03\/09\/scene-dh0rreur-au-cem-grand-yoff-le-corps-sans-vie-et-clcine-du-vigile\/#respond\"]}]},{\"@type\":\"WebPage\",\"@id\":\"https:\/\/www.public.sn\/index.php\/2023\/03\/09\/scene-dh0rreur-au-cem-grand-yoff-le-corps-sans-vie-et-clcine-du-vigile\/\",\"url\":\"https:\/\/www.public.sn\/index.php\/2023\/03\/09\/scene-dh0rreur-au-cem-grand-yoff-le-corps-sans-vie-et-clcine-du-vigile\/\",\"name\":\"Sc\u00e8ne d\u2019h0rreur au CEM Grand Yoff : Le corps sans vie et c@lcin\u00e9 du vigile\u2026 - LE PUBLIC\",\"isPartOf\":{\"@id\":\"https:\/\/www.public.sn\/#website\"},\"primaryImageOfPage\":{\"@id\":\"https:\/\/www.public.sn\/index.php\/2023\/03\/09\/scene-dh0rreur-au-cem-grand-yoff-le-corps-sans-vie-et-clcine-du-vigile\/#primaryimage\"},\"image\":{\"@id\":\"https:\/\/www.public.sn\/index.php\/2023\/03\/09\/scene-dh0rreur-au-cem-grand-yoff-le-corps-sans-vie-et-clcine-du-vigile\/#primaryimage\"},\"thumbnailUrl\":\"https:\/\/www.public.sn\/wp-content\/uploads\/2023\/03\/28EB22D4-F6AC-4CEB-BA7C-B213BF044E6C.png\",\"datePublished\":\"2023-03-09T09:12:33+00:00\",\"breadcrumb\":{\"@id\":\"https:\/\/www.public.sn\/index.php\/2023\/03\/09\/scene-dh0rreur-au-cem-grand-yoff-le-corps-sans-vie-et-clcine-du-vigile\/#breadcrumb\"},\"inLanguage\":\"fr-FR\",\"potentialAction\":[{\"@type\":\"ReadAction\",\"target\":[\"https:\/\/www.public.sn\/index.php\/2023\/03\/09\/scene-dh0rreur-au-cem-grand-yoff-le-corps-sans-vie-et-clcine-du-vigile\/\"]}]},{\"@type\":\"ImageObject\",\"inLanguage\":\"fr-FR\",\"@id\":\"https:\/\/www.public.sn\/index.php\/2023\/03\/09\/scene-dh0rreur-au-cem-grand-yoff-le-corps-sans-vie-et-clcine-du-vigile\/#primaryimage\",\"url\":\"https:\/\/www.public.sn\/wp-content\/uploads\/2023\/03\/28EB22D4-F6AC-4CEB-BA7C-B213BF044E6C.png\",\"contentUrl\":\"https:\/\/www.public.sn\/wp-content\/uploads\/2023\/03\/28EB22D4-F6AC-4CEB-BA7C-B213BF044E6C.png\",\"width\":275,\"height\":183},{\"@type\":\"BreadcrumbList\",\"@id\":\"https:\/\/www.public.sn\/index.php\/2023\/03\/09\/scene-dh0rreur-au-cem-grand-yoff-le-corps-sans-vie-et-clcine-du-vigile\/#breadcrumb\",\"itemListElement\":[{\"@type\":\"ListItem\",\"position\":1,\"name\":\"Accueil\",\"item\":\"https:\/\/www.public.sn\/\"},{\"@type\":\"ListItem\",\"position\":2,\"name\":\"Sc\u00e8ne d\u2019h0rreur au CEM Grand Yoff : Le corps sans vie et c@lcin\u00e9 du vigile\u2026\"}]},{\"@type\":\"WebSite\",\"@id\":\"https:\/\/www.public.sn\/#website\",\"url\":\"https:\/\/www.public.sn\/\",\"name\":\"LE PUBLIC\",\"description\":\"\",\"publisher\":{\"@id\":\"https:\/\/www.public.sn\/#organization\"},\"potentialAction\":[{\"@type\":\"SearchAction\",\"target\":{\"@type\":\"EntryPoint\",\"urlTemplate\":\"https:\/\/www.public.sn\/?s={search_term_string}\"},\"query-input\":{\"@type\":\"PropertyValueSpecification\",\"valueRequired\":true,\"valueName\":\"search_term_string\"}}],\"inLanguage\":\"fr-FR\"},{\"@type\":\"Organization\",\"@id\":\"https:\/\/www.public.sn\/#organization\",\"name\":\"LE PUBLIC\",\"url\":\"https:\/\/www.public.sn\/\",\"logo\":{\"@type\":\"ImageObject\",\"inLanguage\":\"fr-FR\",\"@id\":\"https:\/\/www.public.sn\/#\/schema\/logo\/image\/\",\"url\":\"https:\/\/www.public.sn\/wp-content\/uploads\/2024\/05\/cropped-LOGO-PUBLIC.SN_.png\",\"contentUrl\":\"https:\/\/www.public.sn\/wp-content\/uploads\/2024\/05\/cropped-LOGO-PUBLIC.SN_.png\",\"width\":682,\"height\":192,\"caption\":\"LE PUBLIC\"},\"image\":{\"@id\":\"https:\/\/www.public.sn\/#\/schema\/logo\/image\/\"}},{\"@type\":\"Person\",\"@id\":\"https:\/\/www.public.sn\/#\/schema\/person\/cb76c8e1b8becc6be61fb5e92d6d0224\",\"name\":\"LA REDACTION\",\"image\":{\"@type\":\"ImageObject\",\"inLanguage\":\"fr-FR\",\"@id\":\"https:\/\/www.public.sn\/#\/schema\/person\/image\/\",\"url\":\"https:\/\/secure.gravatar.com\/avatar\/2dce5ddd34b8fef0180efe03aa2a9bee7d953856048f9a16b298190a3178407c?s=96&d=mm&r=g\",\"contentUrl\":\"https:\/\/secure.gravatar.com\/avatar\/2dce5ddd34b8fef0180efe03aa2a9bee7d953856048f9a16b298190a3178407c?s=96&d=mm&r=g\",\"caption\":\"LA REDACTION\"},\"url\":\"https:\/\/www.public.sn\/index.php\/author\/editeurpsn\/\"}]}<\/script>\n<!-- \/ Yoast SEO plugin. -->","yoast_head_json":{"title":"Sc\u00e8ne d\u2019h0rreur au CEM Grand Yoff : Le corps sans vie et c@lcin\u00e9 du vigile\u2026 - LE PUBLIC","robots":{"index":"index","follow":"follow","max-snippet":"max-snippet:-1","max-image-preview":"max-image-preview:large","max-video-preview":"max-video-preview:-1"},"canonical":"https:\/\/www.public.sn\/index.php\/2023\/03\/09\/scene-dh0rreur-au-cem-grand-yoff-le-corps-sans-vie-et-clcine-du-vigile\/","og_locale":"fr_FR","og_type":"article","og_title":"Sc\u00e8ne d\u2019h0rreur au CEM Grand Yoff : Le corps sans vie et c@lcin\u00e9 du vigile\u2026 - LE PUBLIC","og_description":"Sc\u00e8ne d\u2019horreur au CEM Grand Yoff. Le corps sans vie et calcin\u00e9 du vigile de l\u2019\u00e9tablissement \u00e0 \u00e9t\u00e9 d\u00e9couvert ce matin. L\u2019homme s\u2019est br\u00fbl\u00e9 alors qu\u2019il tentait d\u2019allumer un fourneau, selon les premiers \u00e9l\u00e9ments de l\u2019 enqu\u00eate. Les cours ont \u00e9t\u00e9 suspendus au sein de l\u2019\u00e9tablissement pour faciliter le travail de la police. Le corps sans vie du vigile a \u00e9t\u00e9 achemin\u00e9 \u00e0 la morgue de l\u2019h\u00f4pital g\u00e9n\u00e9ral de Grand Yoff.","og_url":"https:\/\/www.public.sn\/index.php\/2023\/03\/09\/scene-dh0rreur-au-cem-grand-yoff-le-corps-sans-vie-et-clcine-du-vigile\/","og_site_name":"LE PUBLIC","article_published_time":"2023-03-09T09:12:33+00:00","og_image":[{"width":275,"height":183,"url":"https:\/\/www.public.sn\/wp-content\/uploads\/2023\/03\/28EB22D4-F6AC-4CEB-BA7C-B213BF044E6C.png","type":"image\/png"}],"author":"LA REDACTION","twitter_card":"summary_large_image","twitter_misc":{"\u00c9crit par":"LA REDACTION","Dur\u00e9e de lecture estim\u00e9e":"1 minute"},"schema":{"@context":"https:\/\/schema.org","@graph":[{"@type":"Article","@id":"https:\/\/www.public.sn\/index.php\/2023\/03\/09\/scene-dh0rreur-au-cem-grand-yoff-le-corps-sans-vie-et-clcine-du-vigile\/#article","isPartOf":{"@id":"https:\/\/www.public.sn\/index.php\/2023\/03\/09\/scene-dh0rreur-au-cem-grand-yoff-le-corps-sans-vie-et-clcine-du-vigile\/"},"author":{"name":"LA REDACTION","@id":"https:\/\/www.public.sn\/#\/schema\/person\/cb76c8e1b8becc6be61fb5e92d6d0224"},"headline":"Sc\u00e8ne d\u2019h0rreur au CEM Grand Yoff : Le corps sans vie et c@lcin\u00e9 du vigile\u2026","datePublished":"2023-03-09T09:12:33+00:00","mainEntityOfPage":{"@id":"https:\/\/www.public.sn\/index.php\/2023\/03\/09\/scene-dh0rreur-au-cem-grand-yoff-le-corps-sans-vie-et-clcine-du-vigile\/"},"wordCount":103,"commentCount":0,"publisher":{"@id":"https:\/\/www.public.sn\/#organization"},"image":{"@id":"https:\/\/www.public.sn\/index.php\/2023\/03\/09\/scene-dh0rreur-au-cem-grand-yoff-le-corps-sans-vie-et-clcine-du-vigile\/#primaryimage"},"thumbnailUrl":"https:\/\/www.public.sn\/wp-content\/uploads\/2023\/03\/28EB22D4-F6AC-4CEB-BA7C-B213BF044E6C.png","keywords":["Calcin\u00e9","CEM grand Yoff","Mort","vigile"],"articleSection":["ACTUALIT\u00c9S","DRAME","\u00c9DUCATION","FAITS DIVERS","justice","SANT\u00c9","S\u00c9CURIT\u00c9 &amp; JUSTICE","S\u00c9N\u00c9GAL","SOCIETE"],"inLanguage":"fr-FR","potentialAction":[{"@type":"CommentAction","name":"Comment","target":["https:\/\/www.public.sn\/index.php\/2023\/03\/09\/scene-dh0rreur-au-cem-grand-yoff-le-corps-sans-vie-et-clcine-du-vigile\/#respond"]}]},{"@type":"WebPage","@id":"https:\/\/www.public.sn\/index.php\/2023\/03\/09\/scene-dh0rreur-au-cem-grand-yoff-le-corps-sans-vie-et-clcine-du-vigile\/","url":"https:\/\/www.public.sn\/index.php\/2023\/03\/09\/scene-dh0rreur-au-cem-grand-yoff-le-corps-sans-vie-et-clcine-du-vigile\/","name":"Sc\u00e8ne d\u2019h0rreur au CEM Grand Yoff : Le corps sans vie et c@lcin\u00e9 du vigile\u2026 - LE PUBLIC","isPartOf":{"@id":"https:\/\/www.public.sn\/#website"},"primaryImageOfPage":{"@id":"https:\/\/www.public.sn\/index.php\/2023\/03\/09\/scene-dh0rreur-au-cem-grand-yoff-le-corps-sans-vie-et-clcine-du-vigile\/#primaryimage"},"image":{"@id":"https:\/\/www.public.sn\/index.php\/2023\/03\/09\/scene-dh0rreur-au-cem-grand-yoff-le-corps-sans-vie-et-clcine-du-vigile\/#primaryimage"},"thumbnailUrl":"https:\/\/www.public.sn\/wp-content\/uploads\/2023\/03\/28EB22D4-F6AC-4CEB-BA7C-B213BF044E6C.png","datePublished":"2023-03-09T09:12:33+00:00","breadcrumb":{"@id":"https:\/\/www.public.sn\/index.php\/2023\/03\/09\/scene-dh0rreur-au-cem-grand-yoff-le-corps-sans-vie-et-clcine-du-vigile\/#breadcrumb"},"inLanguage":"fr-FR","potentialAction":[{"@type":"ReadAction","target":["https:\/\/www.public.sn\/index.php\/2023\/03\/09\/scene-dh0rreur-au-cem-grand-yoff-le-corps-sans-vie-et-clcine-du-vigile\/"]}]},{"@type":"ImageObject","inLanguage":"fr-FR","@id":"https:\/\/www.public.sn\/index.php\/2023\/03\/09\/scene-dh0rreur-au-cem-grand-yoff-le-corps-sans-vie-et-clcine-du-vigile\/#primaryimage","url":"https:\/\/www.public.sn\/wp-content\/uploads\/2023\/03\/28EB22D4-F6AC-4CEB-BA7C-B213BF044E6C.png","contentUrl":"https:\/\/www.public.sn\/wp-content\/uploads\/2023\/03\/28EB22D4-F6AC-4CEB-BA7C-B213BF044E6C.png","width":275,"height":183},{"@type":"BreadcrumbList","@id":"https:\/\/www.public.sn\/index.php\/2023\/03\/09\/scene-dh0rreur-au-cem-grand-yoff-le-corps-sans-vie-et-clcine-du-vigile\/#breadcrumb","itemListElement":[{"@type":"ListItem","position":1,"name":"Accueil","item":"https:\/\/www.public.sn\/"},{"@type":"ListItem","position":2,"name":"Sc\u00e8ne d\u2019h0rreur au CEM Grand Yoff : Le corps sans vie et c@lcin\u00e9 du vigile\u2026"}]},{"@type":"WebSite","@id":"https:\/\/www.public.sn\/#website","url":"https:\/\/www.public.sn\/","name":"LE PUBLIC","description":"","publisher":{"@id":"https:\/\/www.public.sn\/#organization"},"potentialAction":[{"@type":"SearchAction","target":{"@type":"EntryPoint","urlTemplate":"https:\/\/www.public.sn\/?s={search_term_string}"},"query-input":{"@type":"PropertyValueSpecification","valueRequired":true,"valueName":"search_term_string"}}],"inLanguage":"fr-FR"},{"@type":"Organization","@id":"https:\/\/www.public.sn\/#organization","name":"LE PUBLIC","url":"https:\/\/www.public.sn\/","logo":{"@type":"ImageObject","inLanguage":"fr-FR","@id":"https:\/\/www.public.sn\/#\/schema\/logo\/image\/","url":"https:\/\/www.public.sn\/wp-content\/uploads\/2024\/05\/cropped-LOGO-PUBLIC.SN_.png","contentUrl":"https:\/\/www.public.sn\/wp-content\/uploads\/2024\/05\/cropped-LOGO-PUBLIC.SN_.png","width":682,"height":192,"caption":"LE PUBLIC"},"image":{"@id":"https:\/\/www.public.sn\/#\/schema\/logo\/image\/"}},{"@type":"Person","@id":"https:\/\/www.public.sn\/#\/schema\/person\/cb76c8e1b8becc6be61fb5e92d6d0224","name":"LA REDACTION","image":{"@type":"ImageObject","inLanguage":"fr-FR","@id":"https:\/\/www.public.sn\/#\/schema\/person\/image\/","url":"https:\/\/secure.gravatar.com\/avatar\/2dce5ddd34b8fef0180efe03aa2a9bee7d953856048f9a16b298190a3178407c?s=96&d=mm&r=g","contentUrl":"https:\/\/secure.gravatar.com\/avatar\/2dce5ddd34b8fef0180efe03aa2a9bee7d953856048f9a16b298190a3178407c?s=96&d=mm&r=g","caption":"LA REDACTION"},"url":"https:\/\/www.public.sn\/index.php\/author\/editeurpsn\/"}]}},"jetpack_featured_media_url":"https:\/\/www.public.sn\/wp-content\/uploads\/2023\/03\/28EB22D4-F6AC-4CEB-BA7C-B213BF044E6C.png","jetpack_sharing_enabled":true,"_links":{"self":[{"href":"https:\/\/www.public.sn\/index.php\/wp-json\/wp\/v2\/posts\/17594","targetHints":{"allow":["GET"]}}],"collection":[{"href":"https:\/\/www.public.sn\/index.php\/wp-json\/wp\/v2\/posts"}],"about":[{"href":"https:\/\/www.public.sn\/index.php\/wp-json\/wp\/v2\/types\/post"}],"author":[{"embeddable":true,"href":"https:\/\/www.public.sn\/index.php\/wp-json\/wp\/v2\/users\/7"}],"replies":[{"embeddable":true,"href":"https:\/\/www.public.sn\/index.php\/wp-json\/wp\/v2\/comments?post=17594"}],"version-history":[{"count":1,"href":"https:\/\/www.public.sn\/index.php\/wp-json\/wp\/v2\/posts\/17594\/revisions"}],"predecessor-version":[{"id":17596,"href":"https:\/\/www.public.sn\/index.php\/wp-json\/wp\/v2\/posts\/17594\/revisions\/17596"}],"wp:featuredmedia":[{"embeddable":true,"href":"https:\/\/www.public.sn\/index.php\/wp-json\/wp\/v2\/media\/17595"}],"wp:attachment":[{"href":"https:\/\/www.public.sn\/index.php\/wp-json\/wp\/v2\/media?parent=17594"}],"wp:term":[{"taxonomy":"category","embeddable":true,"href":"https:\/\/www.public.sn\/index.php\/wp-json\/wp\/v2\/categories?post=17594"},{"taxonomy":"post_tag","embeddable":true,"href":"https:\/\/www.public.sn\/index.php\/wp-json\/wp\/v2\/tags?post=17594"}],"curies":[{"name":"wp","href":"https:\/\/api.w.org\/{rel}","templated":true}]}}