{"id":17606,"date":"2023-03-09T10:50:14","date_gmt":"2023-03-09T10:50:14","guid":{"rendered":"https:\/\/www.public.sn\/?p=17606"},"modified":"2023-03-09T10:50:14","modified_gmt":"2023-03-09T10:50:14","slug":"necrologie-lartiste-comedien-ibrahima-bassene-nest-plus","status":"publish","type":"post","link":"https:\/\/www.public.sn\/index.php\/2023\/03\/09\/necrologie-lartiste-comedien-ibrahima-bassene-nest-plus\/","title":{"rendered":"N\u00e9crologie : L\u2019artiste com\u00e9dien Ibrahima Bass\u00e8ne n\u2019est plus"},"content":{"rendered":"<p><strong>Le monde de la culture est en deuil. Ibrahima Bass\u00e8ne n\u2019est plus. L\u2019Imam Mbissane, comme on l\u2019appelait affectueusement, a incarn\u00e9 des r\u00f4les dans plusieurs s\u00e9ries. Il a jou\u00e9 dans \u00ab\u00a0M\u0153urs\u00a0\u00bb de Evenprod et dans \u00ab\u00a0Salma\u00a0\u00bb du groupe invictus Mediagroup. Dans la s\u00e9rie \u00ab\u00a0Salma\u00a0\u00bb, il a interpr\u00e9t\u00e9 le r\u00f4le de Tiecoro.<\/strong><\/p><div class=\"publi-paragraphe1\" style=\"margin-top: 10px;margin-bottom: 10px;margin-left: auto;margin-right: auto;text-align: center;\" id=\"publi-817159783\"><div class=\"publi-adlabel\">Publicit\u00e9<\/div><script async src=\"\/\/pagead2.googlesyndication.com\/pagead\/js\/adsbygoogle.js?client=ca-pub-4089586018074219\" crossorigin=\"anonymous\"><\/script><ins class=\"adsbygoogle\" style=\"display:block;\" data-ad-client=\"ca-pub-4089586018074219\" \ndata-ad-slot=\"2087940154\" \ndata-ad-format=\"auto\"><\/ins>\n<script> \n(adsbygoogle = window.adsbygoogle || []).push({}); \n<\/script>\n<\/div>\n<p>Ibrahima Bessane \u00e9tait un artiste d\u2019un talent exceptionnel et d\u2019une humanit\u00e9 encore plus grande. Il a \u00e9t\u00e9 un conseiller pour les jeunes acteurs et un soutien ind\u00e9fectible pour l\u2019\u00e9quipe \u00a0d\u2019invictus.<\/p>\n<p><strong>Public.sn<\/strong> pr\u00e9sente ses condol\u00e9ances \u00e0 sa famille et \u00e0 tous ceux qui l\u2019ont c\u00f4toy\u00e9.<\/p>\n<div class=\"publi-apres-le-contenu\" style=\"margin-top: 10px;margin-bottom: 10px;margin-left: auto;margin-right: auto;text-align: center;\" id=\"publi-809857324\"><div class=\"publi-adlabel\">Publicit\u00e9<\/div><script async src=\"\/\/pagead2.googlesyndication.com\/pagead\/js\/adsbygoogle.js?client=ca-pub-4089586018074219\" crossorigin=\"anonymous\"><\/script><ins class=\"adsbygoogle\" style=\"display:block;\" data-ad-client=\"ca-pub-4089586018074219\" \ndata-ad-slot=\"2087940154\" \ndata-ad-format=\"auto\"><\/ins>\n<script> \n(adsbygoogle = window.adsbygoogle || []).push({}); \n<\/script>\n<\/div>","protected":false},"excerpt":{"rendered":"<p>Le monde de la culture est en deuil. Ibrahima Bass\u00e8ne n\u2019est plus. L\u2019Imam Mbissane, comme on l\u2019appelait affectueusement, a incarn\u00e9 des r\u00f4les dans plusieurs s\u00e9ries. Il a jou\u00e9 dans \u00ab\u00a0M\u0153urs\u00a0\u00bb de Evenprod et dans \u00ab\u00a0Salma\u00a0\u00bb du groupe invictus Mediagroup. Dans la s\u00e9rie \u00ab\u00a0Salma\u00a0\u00bb, il a interpr\u00e9t\u00e9 le r\u00f4le de Tiecoro. Ibrahima Bessane \u00e9tait un artiste d\u2019un talent exceptionnel et d\u2019une humanit\u00e9 encore plus grande. Il a \u00e9t\u00e9 un conseiller pour les jeunes acteurs et un soutien ind\u00e9fectible pour l\u2019\u00e9quipe \u00a0d\u2019invictus. Public.sn pr\u00e9sente ses condol\u00e9ances \u00e0 sa famille et \u00e0 tous ceux qui l\u2019ont c\u00f4toy\u00e9.<\/p>\n","protected":false},"author":7,"featured_media":17607,"comment_status":"open","ping_status":"open","sticky":false,"template":"","format":"standard","meta":{"_jetpack_memberships_contains_paid_content":false,"footnotes":""},"categories":[375,371,1574,865,372],"tags":[4716,492],"class_list":["post-17606","post","type-post","status-publish","format-standard","has-post-thumbnail","hentry","category-actualites","category-necrologie","category-sante","category-series-cinemas","category-vedette","tag-ibrahima-bassene","tag-mort","entry","has-media","owp-thumbs-layout-horizontal","owp-btn-normal","owp-tabs-layout-horizontal","has-no-thumbnails","has-product-nav"],"yoast_head":"<!-- This site is optimized with the Yoast SEO plugin v25.5 - https:\/\/yoast.com\/wordpress\/plugins\/seo\/ -->\n<title>N\u00e9crologie : L\u2019artiste com\u00e9dien Ibrahima Bass\u00e8ne n\u2019est plus - LE PUBLIC<\/title>\n<meta name=\"robots\" content=\"index, follow, max-snippet:-1, max-image-preview:large, max-video-preview:-1\" \/>\n<link rel=\"canonical\" href=\"https:\/\/www.public.sn\/index.php\/2023\/03\/09\/necrologie-lartiste-comedien-ibrahima-bassene-nest-plus\/\" \/>\n<meta property=\"og:locale\" content=\"fr_FR\" \/>\n<meta property=\"og:type\" content=\"article\" \/>\n<meta property=\"og:title\" content=\"N\u00e9crologie : L\u2019artiste com\u00e9dien Ibrahima Bass\u00e8ne n\u2019est plus - LE PUBLIC\" \/>\n<meta property=\"og:description\" content=\"Le monde de la culture est en deuil. Ibrahima Bass\u00e8ne n\u2019est plus. L\u2019Imam Mbissane, comme on l\u2019appelait affectueusement, a incarn\u00e9 des r\u00f4les dans plusieurs s\u00e9ries. Il a jou\u00e9 dans \u00ab\u00a0M\u0153urs\u00a0\u00bb de Evenprod et dans \u00ab\u00a0Salma\u00a0\u00bb du groupe invictus Mediagroup. Dans la s\u00e9rie \u00ab\u00a0Salma\u00a0\u00bb, il a interpr\u00e9t\u00e9 le r\u00f4le de Tiecoro. Ibrahima Bessane \u00e9tait un artiste d\u2019un talent exceptionnel et d\u2019une humanit\u00e9 encore plus grande. Il a \u00e9t\u00e9 un conseiller pour les jeunes acteurs et un soutien ind\u00e9fectible pour l\u2019\u00e9quipe \u00a0d\u2019invictus. Public.sn pr\u00e9sente ses condol\u00e9ances \u00e0 sa famille et \u00e0 tous ceux qui l\u2019ont c\u00f4toy\u00e9.\" \/>\n<meta property=\"og:url\" content=\"https:\/\/www.public.sn\/index.php\/2023\/03\/09\/necrologie-lartiste-comedien-ibrahima-bassene-nest-plus\/\" \/>\n<meta property=\"og:site_name\" content=\"LE PUBLIC\" \/>\n<meta property=\"article:published_time\" content=\"2023-03-09T10:50:14+00:00\" \/>\n<meta property=\"og:image\" content=\"https:\/\/www.public.sn\/wp-content\/uploads\/2023\/03\/imam_8592.jpg\" \/>\n\t<meta property=\"og:image:width\" content=\"841\" \/>\n\t<meta property=\"og:image:height\" content=\"540\" \/>\n\t<meta property=\"og:image:type\" content=\"image\/jpeg\" \/>\n<meta name=\"author\" content=\"LA REDACTION\" \/>\n<meta name=\"twitter:card\" content=\"summary_large_image\" \/>\n<meta name=\"twitter:label1\" content=\"\u00c9crit par\" \/>\n\t<meta name=\"twitter:data1\" content=\"LA REDACTION\" \/>\n\t<meta name=\"twitter:label2\" content=\"Dur\u00e9e de lecture estim\u00e9e\" \/>\n\t<meta name=\"twitter:data2\" content=\"1 minute\" \/>\n<script type=\"application\/ld+json\" class=\"yoast-schema-graph\">{\"@context\":\"https:\/\/schema.org\",\"@graph\":[{\"@type\":\"Article\",\"@id\":\"https:\/\/www.public.sn\/index.php\/2023\/03\/09\/necrologie-lartiste-comedien-ibrahima-bassene-nest-plus\/#article\",\"isPartOf\":{\"@id\":\"https:\/\/www.public.sn\/index.php\/2023\/03\/09\/necrologie-lartiste-comedien-ibrahima-bassene-nest-plus\/\"},\"author\":{\"name\":\"LA REDACTION\",\"@id\":\"https:\/\/www.public.sn\/#\/schema\/person\/cb76c8e1b8becc6be61fb5e92d6d0224\"},\"headline\":\"N\u00e9crologie : L\u2019artiste com\u00e9dien Ibrahima Bass\u00e8ne n\u2019est plus\",\"datePublished\":\"2023-03-09T10:50:14+00:00\",\"mainEntityOfPage\":{\"@id\":\"https:\/\/www.public.sn\/index.php\/2023\/03\/09\/necrologie-lartiste-comedien-ibrahima-bassene-nest-plus\/\"},\"wordCount\":124,\"commentCount\":0,\"publisher\":{\"@id\":\"https:\/\/www.public.sn\/#organization\"},\"image\":{\"@id\":\"https:\/\/www.public.sn\/index.php\/2023\/03\/09\/necrologie-lartiste-comedien-ibrahima-bassene-nest-plus\/#primaryimage\"},\"thumbnailUrl\":\"https:\/\/www.public.sn\/wp-content\/uploads\/2023\/03\/imam_8592.jpg\",\"keywords\":[\"Ibrahima Bass\u00e8ne\",\"Mort\"],\"articleSection\":[\"ACTUALIT\u00c9S\",\"N\u00c9CROLOGIE\",\"SANT\u00c9\",\"S\u00c9RIES &amp; CIN\u00c9MAS\",\"VEDETTE\"],\"inLanguage\":\"fr-FR\",\"potentialAction\":[{\"@type\":\"CommentAction\",\"name\":\"Comment\",\"target\":[\"https:\/\/www.public.sn\/index.php\/2023\/03\/09\/necrologie-lartiste-comedien-ibrahima-bassene-nest-plus\/#respond\"]}]},{\"@type\":\"WebPage\",\"@id\":\"https:\/\/www.public.sn\/index.php\/2023\/03\/09\/necrologie-lartiste-comedien-ibrahima-bassene-nest-plus\/\",\"url\":\"https:\/\/www.public.sn\/index.php\/2023\/03\/09\/necrologie-lartiste-comedien-ibrahima-bassene-nest-plus\/\",\"name\":\"N\u00e9crologie : L\u2019artiste com\u00e9dien Ibrahima Bass\u00e8ne n\u2019est plus - LE PUBLIC\",\"isPartOf\":{\"@id\":\"https:\/\/www.public.sn\/#website\"},\"primaryImageOfPage\":{\"@id\":\"https:\/\/www.public.sn\/index.php\/2023\/03\/09\/necrologie-lartiste-comedien-ibrahima-bassene-nest-plus\/#primaryimage\"},\"image\":{\"@id\":\"https:\/\/www.public.sn\/index.php\/2023\/03\/09\/necrologie-lartiste-comedien-ibrahima-bassene-nest-plus\/#primaryimage\"},\"thumbnailUrl\":\"https:\/\/www.public.sn\/wp-content\/uploads\/2023\/03\/imam_8592.jpg\",\"datePublished\":\"2023-03-09T10:50:14+00:00\",\"breadcrumb\":{\"@id\":\"https:\/\/www.public.sn\/index.php\/2023\/03\/09\/necrologie-lartiste-comedien-ibrahima-bassene-nest-plus\/#breadcrumb\"},\"inLanguage\":\"fr-FR\",\"potentialAction\":[{\"@type\":\"ReadAction\",\"target\":[\"https:\/\/www.public.sn\/index.php\/2023\/03\/09\/necrologie-lartiste-comedien-ibrahima-bassene-nest-plus\/\"]}]},{\"@type\":\"ImageObject\",\"inLanguage\":\"fr-FR\",\"@id\":\"https:\/\/www.public.sn\/index.php\/2023\/03\/09\/necrologie-lartiste-comedien-ibrahima-bassene-nest-plus\/#primaryimage\",\"url\":\"https:\/\/www.public.sn\/wp-content\/uploads\/2023\/03\/imam_8592.jpg\",\"contentUrl\":\"https:\/\/www.public.sn\/wp-content\/uploads\/2023\/03\/imam_8592.jpg\",\"width\":841,\"height\":540},{\"@type\":\"BreadcrumbList\",\"@id\":\"https:\/\/www.public.sn\/index.php\/2023\/03\/09\/necrologie-lartiste-comedien-ibrahima-bassene-nest-plus\/#breadcrumb\",\"itemListElement\":[{\"@type\":\"ListItem\",\"position\":1,\"name\":\"Accueil\",\"item\":\"https:\/\/www.public.sn\/\"},{\"@type\":\"ListItem\",\"position\":2,\"name\":\"N\u00e9crologie : L\u2019artiste com\u00e9dien Ibrahima Bass\u00e8ne n\u2019est plus\"}]},{\"@type\":\"WebSite\",\"@id\":\"https:\/\/www.public.sn\/#website\",\"url\":\"https:\/\/www.public.sn\/\",\"name\":\"LE PUBLIC\",\"description\":\"\",\"publisher\":{\"@id\":\"https:\/\/www.public.sn\/#organization\"},\"potentialAction\":[{\"@type\":\"SearchAction\",\"target\":{\"@type\":\"EntryPoint\",\"urlTemplate\":\"https:\/\/www.public.sn\/?s={search_term_string}\"},\"query-input\":{\"@type\":\"PropertyValueSpecification\",\"valueRequired\":true,\"valueName\":\"search_term_string\"}}],\"inLanguage\":\"fr-FR\"},{\"@type\":\"Organization\",\"@id\":\"https:\/\/www.public.sn\/#organization\",\"name\":\"LE PUBLIC\",\"url\":\"https:\/\/www.public.sn\/\",\"logo\":{\"@type\":\"ImageObject\",\"inLanguage\":\"fr-FR\",\"@id\":\"https:\/\/www.public.sn\/#\/schema\/logo\/image\/\",\"url\":\"https:\/\/www.public.sn\/wp-content\/uploads\/2024\/05\/cropped-LOGO-PUBLIC.SN_.png\",\"contentUrl\":\"https:\/\/www.public.sn\/wp-content\/uploads\/2024\/05\/cropped-LOGO-PUBLIC.SN_.png\",\"width\":682,\"height\":192,\"caption\":\"LE PUBLIC\"},\"image\":{\"@id\":\"https:\/\/www.public.sn\/#\/schema\/logo\/image\/\"}},{\"@type\":\"Person\",\"@id\":\"https:\/\/www.public.sn\/#\/schema\/person\/cb76c8e1b8becc6be61fb5e92d6d0224\",\"name\":\"LA REDACTION\",\"image\":{\"@type\":\"ImageObject\",\"inLanguage\":\"fr-FR\",\"@id\":\"https:\/\/www.public.sn\/#\/schema\/person\/image\/\",\"url\":\"https:\/\/secure.gravatar.com\/avatar\/2dce5ddd34b8fef0180efe03aa2a9bee7d953856048f9a16b298190a3178407c?s=96&d=mm&r=g\",\"contentUrl\":\"https:\/\/secure.gravatar.com\/avatar\/2dce5ddd34b8fef0180efe03aa2a9bee7d953856048f9a16b298190a3178407c?s=96&d=mm&r=g\",\"caption\":\"LA REDACTION\"},\"url\":\"https:\/\/www.public.sn\/index.php\/author\/editeurpsn\/\"}]}<\/script>\n<!-- \/ Yoast SEO plugin. -->","yoast_head_json":{"title":"N\u00e9crologie : L\u2019artiste com\u00e9dien Ibrahima Bass\u00e8ne n\u2019est plus - LE PUBLIC","robots":{"index":"index","follow":"follow","max-snippet":"max-snippet:-1","max-image-preview":"max-image-preview:large","max-video-preview":"max-video-preview:-1"},"canonical":"https:\/\/www.public.sn\/index.php\/2023\/03\/09\/necrologie-lartiste-comedien-ibrahima-bassene-nest-plus\/","og_locale":"fr_FR","og_type":"article","og_title":"N\u00e9crologie : L\u2019artiste com\u00e9dien Ibrahima Bass\u00e8ne n\u2019est plus - LE PUBLIC","og_description":"Le monde de la culture est en deuil. Ibrahima Bass\u00e8ne n\u2019est plus. L\u2019Imam Mbissane, comme on l\u2019appelait affectueusement, a incarn\u00e9 des r\u00f4les dans plusieurs s\u00e9ries. Il a jou\u00e9 dans \u00ab\u00a0M\u0153urs\u00a0\u00bb de Evenprod et dans \u00ab\u00a0Salma\u00a0\u00bb du groupe invictus Mediagroup. Dans la s\u00e9rie \u00ab\u00a0Salma\u00a0\u00bb, il a interpr\u00e9t\u00e9 le r\u00f4le de Tiecoro. Ibrahima Bessane \u00e9tait un artiste d\u2019un talent exceptionnel et d\u2019une humanit\u00e9 encore plus grande. Il a \u00e9t\u00e9 un conseiller pour les jeunes acteurs et un soutien ind\u00e9fectible pour l\u2019\u00e9quipe \u00a0d\u2019invictus. Public.sn pr\u00e9sente ses condol\u00e9ances \u00e0 sa famille et \u00e0 tous ceux qui l\u2019ont c\u00f4toy\u00e9.","og_url":"https:\/\/www.public.sn\/index.php\/2023\/03\/09\/necrologie-lartiste-comedien-ibrahima-bassene-nest-plus\/","og_site_name":"LE PUBLIC","article_published_time":"2023-03-09T10:50:14+00:00","og_image":[{"width":841,"height":540,"url":"https:\/\/www.public.sn\/wp-content\/uploads\/2023\/03\/imam_8592.jpg","type":"image\/jpeg"}],"author":"LA REDACTION","twitter_card":"summary_large_image","twitter_misc":{"\u00c9crit par":"LA REDACTION","Dur\u00e9e de lecture estim\u00e9e":"1 minute"},"schema":{"@context":"https:\/\/schema.org","@graph":[{"@type":"Article","@id":"https:\/\/www.public.sn\/index.php\/2023\/03\/09\/necrologie-lartiste-comedien-ibrahima-bassene-nest-plus\/#article","isPartOf":{"@id":"https:\/\/www.public.sn\/index.php\/2023\/03\/09\/necrologie-lartiste-comedien-ibrahima-bassene-nest-plus\/"},"author":{"name":"LA REDACTION","@id":"https:\/\/www.public.sn\/#\/schema\/person\/cb76c8e1b8becc6be61fb5e92d6d0224"},"headline":"N\u00e9crologie : L\u2019artiste com\u00e9dien Ibrahima Bass\u00e8ne n\u2019est plus","datePublished":"2023-03-09T10:50:14+00:00","mainEntityOfPage":{"@id":"https:\/\/www.public.sn\/index.php\/2023\/03\/09\/necrologie-lartiste-comedien-ibrahima-bassene-nest-plus\/"},"wordCount":124,"commentCount":0,"publisher":{"@id":"https:\/\/www.public.sn\/#organization"},"image":{"@id":"https:\/\/www.public.sn\/index.php\/2023\/03\/09\/necrologie-lartiste-comedien-ibrahima-bassene-nest-plus\/#primaryimage"},"thumbnailUrl":"https:\/\/www.public.sn\/wp-content\/uploads\/2023\/03\/imam_8592.jpg","keywords":["Ibrahima Bass\u00e8ne","Mort"],"articleSection":["ACTUALIT\u00c9S","N\u00c9CROLOGIE","SANT\u00c9","S\u00c9RIES &amp; CIN\u00c9MAS","VEDETTE"],"inLanguage":"fr-FR","potentialAction":[{"@type":"CommentAction","name":"Comment","target":["https:\/\/www.public.sn\/index.php\/2023\/03\/09\/necrologie-lartiste-comedien-ibrahima-bassene-nest-plus\/#respond"]}]},{"@type":"WebPage","@id":"https:\/\/www.public.sn\/index.php\/2023\/03\/09\/necrologie-lartiste-comedien-ibrahima-bassene-nest-plus\/","url":"https:\/\/www.public.sn\/index.php\/2023\/03\/09\/necrologie-lartiste-comedien-ibrahima-bassene-nest-plus\/","name":"N\u00e9crologie : L\u2019artiste com\u00e9dien Ibrahima Bass\u00e8ne n\u2019est plus - LE PUBLIC","isPartOf":{"@id":"https:\/\/www.public.sn\/#website"},"primaryImageOfPage":{"@id":"https:\/\/www.public.sn\/index.php\/2023\/03\/09\/necrologie-lartiste-comedien-ibrahima-bassene-nest-plus\/#primaryimage"},"image":{"@id":"https:\/\/www.public.sn\/index.php\/2023\/03\/09\/necrologie-lartiste-comedien-ibrahima-bassene-nest-plus\/#primaryimage"},"thumbnailUrl":"https:\/\/www.public.sn\/wp-content\/uploads\/2023\/03\/imam_8592.jpg","datePublished":"2023-03-09T10:50:14+00:00","breadcrumb":{"@id":"https:\/\/www.public.sn\/index.php\/2023\/03\/09\/necrologie-lartiste-comedien-ibrahima-bassene-nest-plus\/#breadcrumb"},"inLanguage":"fr-FR","potentialAction":[{"@type":"ReadAction","target":["https:\/\/www.public.sn\/index.php\/2023\/03\/09\/necrologie-lartiste-comedien-ibrahima-bassene-nest-plus\/"]}]},{"@type":"ImageObject","inLanguage":"fr-FR","@id":"https:\/\/www.public.sn\/index.php\/2023\/03\/09\/necrologie-lartiste-comedien-ibrahima-bassene-nest-plus\/#primaryimage","url":"https:\/\/www.public.sn\/wp-content\/uploads\/2023\/03\/imam_8592.jpg","contentUrl":"https:\/\/www.public.sn\/wp-content\/uploads\/2023\/03\/imam_8592.jpg","width":841,"height":540},{"@type":"BreadcrumbList","@id":"https:\/\/www.public.sn\/index.php\/2023\/03\/09\/necrologie-lartiste-comedien-ibrahima-bassene-nest-plus\/#breadcrumb","itemListElement":[{"@type":"ListItem","position":1,"name":"Accueil","item":"https:\/\/www.public.sn\/"},{"@type":"ListItem","position":2,"name":"N\u00e9crologie : L\u2019artiste com\u00e9dien Ibrahima Bass\u00e8ne n\u2019est plus"}]},{"@type":"WebSite","@id":"https:\/\/www.public.sn\/#website","url":"https:\/\/www.public.sn\/","name":"LE PUBLIC","description":"","publisher":{"@id":"https:\/\/www.public.sn\/#organization"},"potentialAction":[{"@type":"SearchAction","target":{"@type":"EntryPoint","urlTemplate":"https:\/\/www.public.sn\/?s={search_term_string}"},"query-input":{"@type":"PropertyValueSpecification","valueRequired":true,"valueName":"search_term_string"}}],"inLanguage":"fr-FR"},{"@type":"Organization","@id":"https:\/\/www.public.sn\/#organization","name":"LE PUBLIC","url":"https:\/\/www.public.sn\/","logo":{"@type":"ImageObject","inLanguage":"fr-FR","@id":"https:\/\/www.public.sn\/#\/schema\/logo\/image\/","url":"https:\/\/www.public.sn\/wp-content\/uploads\/2024\/05\/cropped-LOGO-PUBLIC.SN_.png","contentUrl":"https:\/\/www.public.sn\/wp-content\/uploads\/2024\/05\/cropped-LOGO-PUBLIC.SN_.png","width":682,"height":192,"caption":"LE PUBLIC"},"image":{"@id":"https:\/\/www.public.sn\/#\/schema\/logo\/image\/"}},{"@type":"Person","@id":"https:\/\/www.public.sn\/#\/schema\/person\/cb76c8e1b8becc6be61fb5e92d6d0224","name":"LA REDACTION","image":{"@type":"ImageObject","inLanguage":"fr-FR","@id":"https:\/\/www.public.sn\/#\/schema\/person\/image\/","url":"https:\/\/secure.gravatar.com\/avatar\/2dce5ddd34b8fef0180efe03aa2a9bee7d953856048f9a16b298190a3178407c?s=96&d=mm&r=g","contentUrl":"https:\/\/secure.gravatar.com\/avatar\/2dce5ddd34b8fef0180efe03aa2a9bee7d953856048f9a16b298190a3178407c?s=96&d=mm&r=g","caption":"LA REDACTION"},"url":"https:\/\/www.public.sn\/index.php\/author\/editeurpsn\/"}]}},"jetpack_featured_media_url":"https:\/\/www.public.sn\/wp-content\/uploads\/2023\/03\/imam_8592.jpg","jetpack_sharing_enabled":true,"_links":{"self":[{"href":"https:\/\/www.public.sn\/index.php\/wp-json\/wp\/v2\/posts\/17606","targetHints":{"allow":["GET"]}}],"collection":[{"href":"https:\/\/www.public.sn\/index.php\/wp-json\/wp\/v2\/posts"}],"about":[{"href":"https:\/\/www.public.sn\/index.php\/wp-json\/wp\/v2\/types\/post"}],"author":[{"embeddable":true,"href":"https:\/\/www.public.sn\/index.php\/wp-json\/wp\/v2\/users\/7"}],"replies":[{"embeddable":true,"href":"https:\/\/www.public.sn\/index.php\/wp-json\/wp\/v2\/comments?post=17606"}],"version-history":[{"count":1,"href":"https:\/\/www.public.sn\/index.php\/wp-json\/wp\/v2\/posts\/17606\/revisions"}],"predecessor-version":[{"id":17608,"href":"https:\/\/www.public.sn\/index.php\/wp-json\/wp\/v2\/posts\/17606\/revisions\/17608"}],"wp:featuredmedia":[{"embeddable":true,"href":"https:\/\/www.public.sn\/index.php\/wp-json\/wp\/v2\/media\/17607"}],"wp:attachment":[{"href":"https:\/\/www.public.sn\/index.php\/wp-json\/wp\/v2\/media?parent=17606"}],"wp:term":[{"taxonomy":"category","embeddable":true,"href":"https:\/\/www.public.sn\/index.php\/wp-json\/wp\/v2\/categories?post=17606"},{"taxonomy":"post_tag","embeddable":true,"href":"https:\/\/www.public.sn\/index.php\/wp-json\/wp\/v2\/tags?post=17606"}],"curies":[{"name":"wp","href":"https:\/\/api.w.org\/{rel}","templated":true}]}}