{"id":17642,"date":"2023-03-09T17:06:11","date_gmt":"2023-03-09T17:06:11","guid":{"rendered":"https:\/\/www.public.sn\/?p=17642"},"modified":"2023-03-09T17:06:11","modified_gmt":"2023-03-09T17:06:11","slug":"adji-mbergane-kanoute-presidente-uds-a-et-coordinatrice-de-macky-2012-hadjibou-soumare-a-lobligation-de-sexpliquer","status":"publish","type":"post","link":"https:\/\/www.public.sn\/index.php\/2023\/03\/09\/adji-mbergane-kanoute-presidente-uds-a-et-coordinatrice-de-macky-2012-hadjibou-soumare-a-lobligation-de-sexpliquer\/","title":{"rendered":"Adji Mbergane Kanout\u00e9 : Pr\u00e9sidente Uds\/A et coordinatrice de Macky 2012 \u00abHadjibou Soumar\u00e9 a l\u2019obligation de s\u2019expliquer\u00a0\u00bb"},"content":{"rendered":"<p>Interpell\u00e9e sur la convocation de Hadjibou Soumar\u00e9, la coordinatrice de Macky 2012 soutient que Hadjibou Soumar\u00e9 \u00e0 l\u2019obligation de s\u2019expliquer sur les insinuations gratuite, fallacieuses. Selon elle, des all\u00e9gations \u00a0contenues dans un texte interpellatif \u00e0 l\u2019endroit de l\u2019institution que repr\u00e9sente le Pr\u00e9sident de la R\u00e9publique exige une convocation.\u00a0 En l\u2019en croire le d\u00e9put\u00e9 de la 14\u00e9me l\u00e9gislature, on ne peut pas se lever all\u00e9grement accuser le premier des S\u00e9n\u00e9galais d\u2019avoir remis 7,9 milliards \u00e0 Marie Le Pen, leader de l\u2019extr\u00eame droite fran\u00e7aise sans en \u00eatre inqui\u00e9ter, ni \u00eatre entendu par la suret\u00e9 urbaine. Pour elle, le S\u00e9n\u00e9gal est le seul pays au monde ou un citoyen peut dire ce qu\u2019il veut et comme il le veut sans \u00eatre inqui\u00e9ter. A son avis, accus\u00e9 le chef de l\u2019Etat pour se rappeler au bon souvenir des s\u00e9n\u00e9galais, esp\u00e9rant ainsi rebondir politiquement, est m\u00e9chant et injuste. A cet effet, l\u2019honorable d\u00e9put\u00e9 \u00a0rappelle que le S\u00e9n\u00e9gal est un pays de droit ou la v\u00e9rit\u00e9 doit surgir.<\/p><div class=\"publi-paragraphe1\" style=\"margin-top: 10px;margin-bottom: 10px;margin-left: auto;margin-right: auto;text-align: center;\" id=\"publi-1707678228\"><div class=\"publi-adlabel\">Publicit\u00e9<\/div><script async src=\"\/\/pagead2.googlesyndication.com\/pagead\/js\/adsbygoogle.js?client=ca-pub-4089586018074219\" crossorigin=\"anonymous\"><\/script><ins class=\"adsbygoogle\" style=\"display:block;\" data-ad-client=\"ca-pub-4089586018074219\" \ndata-ad-slot=\"2087940154\" \ndata-ad-format=\"auto\"><\/ins>\n<script> \n(adsbygoogle = window.adsbygoogle || []).push({}); \n<\/script>\n<\/div>\n<p><strong>Ndeye Khady MBAYE GOUDIABY<\/strong><\/p>\n<p>.<\/p>\n<div class=\"publi-apres-le-contenu\" style=\"margin-top: 10px;margin-bottom: 10px;margin-left: auto;margin-right: auto;text-align: center;\" id=\"publi-861991685\"><div class=\"publi-adlabel\">Publicit\u00e9<\/div><script async src=\"\/\/pagead2.googlesyndication.com\/pagead\/js\/adsbygoogle.js?client=ca-pub-4089586018074219\" crossorigin=\"anonymous\"><\/script><ins class=\"adsbygoogle\" style=\"display:block;\" data-ad-client=\"ca-pub-4089586018074219\" \ndata-ad-slot=\"2087940154\" \ndata-ad-format=\"auto\"><\/ins>\n<script> \n(adsbygoogle = window.adsbygoogle || []).push({}); \n<\/script>\n<\/div>","protected":false},"excerpt":{"rendered":"<p>Interpell\u00e9e sur la convocation de Hadjibou Soumar\u00e9, la coordinatrice de Macky 2012 soutient que Hadjibou Soumar\u00e9 \u00e0 l\u2019obligation de s\u2019expliquer sur les insinuations gratuite, fallacieuses. Selon elle, des all\u00e9gations \u00a0contenues dans un texte interpellatif \u00e0 l\u2019endroit de l\u2019institution que repr\u00e9sente le Pr\u00e9sident de la R\u00e9publique exige une convocation.\u00a0 En l\u2019en croire le d\u00e9put\u00e9 de la 14\u00e9me l\u00e9gislature, on ne peut pas se lever all\u00e9grement accuser le premier des S\u00e9n\u00e9galais d\u2019avoir remis 7,9 milliards \u00e0 Marie Le Pen, leader de l\u2019extr\u00eame droite fran\u00e7aise sans en \u00eatre inqui\u00e9ter, ni \u00eatre entendu par la suret\u00e9 urbaine. Pour elle, le S\u00e9n\u00e9gal est le seul pays au monde ou un citoyen peut dire ce qu\u2019il veut et comme il le veut sans \u00eatre inqui\u00e9ter. A son avis, accus\u00e9 le chef de l\u2019Etat pour se rappeler au bon souvenir des s\u00e9n\u00e9galais, esp\u00e9rant ainsi rebondir politiquement, est m\u00e9chant et injuste. A cet effet, l\u2019honorable d\u00e9put\u00e9 \u00a0rappelle que le S\u00e9n\u00e9gal est un pays de droit ou la v\u00e9rit\u00e9 doit surgir. Ndeye Khady MBAYE GOUDIABY .<\/p>\n","protected":false},"author":7,"featured_media":17643,"comment_status":"open","ping_status":"open","sticky":false,"template":"","format":"standard","meta":{"_jetpack_memberships_contains_paid_content":false,"footnotes":""},"categories":[375,3724,3,376,1,4,372],"tags":[4731,4732,24],"class_list":["post-17642","post","type-post","status-publish","format-standard","has-post-thumbnail","hentry","category-actualites","category-justice","category-politique","category-securite-justice","category-non-classe","category-societe","category-vedette","tag-adji-mbergane-kanoute","tag-hadjibou-soumare","tag-justice","entry","has-media","owp-thumbs-layout-horizontal","owp-btn-normal","owp-tabs-layout-horizontal","has-no-thumbnails","has-product-nav"],"yoast_head":"<!-- This site is optimized with the Yoast SEO plugin v25.5 - https:\/\/yoast.com\/wordpress\/plugins\/seo\/ -->\n<title>Adji Mbergane Kanout\u00e9 : Pr\u00e9sidente Uds\/A et coordinatrice de Macky 2012 \u00abHadjibou Soumar\u00e9 a l\u2019obligation de s\u2019expliquer\u00a0\u00bb - LE PUBLIC<\/title>\n<meta name=\"robots\" content=\"index, follow, max-snippet:-1, max-image-preview:large, max-video-preview:-1\" \/>\n<link rel=\"canonical\" href=\"https:\/\/www.public.sn\/index.php\/2023\/03\/09\/adji-mbergane-kanoute-presidente-uds-a-et-coordinatrice-de-macky-2012-hadjibou-soumare-a-lobligation-de-sexpliquer\/\" \/>\n<meta property=\"og:locale\" content=\"fr_FR\" \/>\n<meta property=\"og:type\" content=\"article\" \/>\n<meta property=\"og:title\" content=\"Adji Mbergane Kanout\u00e9 : Pr\u00e9sidente Uds\/A et coordinatrice de Macky 2012 \u00abHadjibou Soumar\u00e9 a l\u2019obligation de s\u2019expliquer\u00a0\u00bb - LE PUBLIC\" \/>\n<meta property=\"og:description\" content=\"Interpell\u00e9e sur la convocation de Hadjibou Soumar\u00e9, la coordinatrice de Macky 2012 soutient que Hadjibou Soumar\u00e9 \u00e0 l\u2019obligation de s\u2019expliquer sur les insinuations gratuite, fallacieuses. Selon elle, des all\u00e9gations \u00a0contenues dans un texte interpellatif \u00e0 l\u2019endroit de l\u2019institution que repr\u00e9sente le Pr\u00e9sident de la R\u00e9publique exige une convocation.\u00a0 En l\u2019en croire le d\u00e9put\u00e9 de la 14\u00e9me l\u00e9gislature, on ne peut pas se lever all\u00e9grement accuser le premier des S\u00e9n\u00e9galais d\u2019avoir remis 7,9 milliards \u00e0 Marie Le Pen, leader de l\u2019extr\u00eame droite fran\u00e7aise sans en \u00eatre inqui\u00e9ter, ni \u00eatre entendu par la suret\u00e9 urbaine. Pour elle, le S\u00e9n\u00e9gal est le seul pays au monde ou un citoyen peut dire ce qu\u2019il veut et comme il le veut sans \u00eatre inqui\u00e9ter. A son avis, accus\u00e9 le chef de l\u2019Etat pour se rappeler au bon souvenir des s\u00e9n\u00e9galais, esp\u00e9rant ainsi rebondir politiquement, est m\u00e9chant et injuste. A cet effet, l\u2019honorable d\u00e9put\u00e9 \u00a0rappelle que le S\u00e9n\u00e9gal est un pays de droit ou la v\u00e9rit\u00e9 doit surgir. Ndeye Khady MBAYE GOUDIABY .\" \/>\n<meta property=\"og:url\" content=\"https:\/\/www.public.sn\/index.php\/2023\/03\/09\/adji-mbergane-kanoute-presidente-uds-a-et-coordinatrice-de-macky-2012-hadjibou-soumare-a-lobligation-de-sexpliquer\/\" \/>\n<meta property=\"og:site_name\" content=\"LE PUBLIC\" \/>\n<meta property=\"article:published_time\" content=\"2023-03-09T17:06:11+00:00\" \/>\n<meta property=\"og:image\" content=\"https:\/\/www.public.sn\/wp-content\/uploads\/2023\/03\/Adji-Mergane-Kanoute.jpg\" \/>\n\t<meta property=\"og:image:width\" content=\"882\" \/>\n\t<meta property=\"og:image:height\" content=\"768\" \/>\n\t<meta property=\"og:image:type\" content=\"image\/jpeg\" \/>\n<meta name=\"author\" content=\"LA REDACTION\" \/>\n<meta name=\"twitter:card\" content=\"summary_large_image\" \/>\n<meta name=\"twitter:label1\" content=\"\u00c9crit par\" \/>\n\t<meta name=\"twitter:data1\" content=\"LA REDACTION\" \/>\n\t<meta name=\"twitter:label2\" content=\"Dur\u00e9e de lecture estim\u00e9e\" \/>\n\t<meta name=\"twitter:data2\" content=\"1 minute\" \/>\n<script type=\"application\/ld+json\" class=\"yoast-schema-graph\">{\"@context\":\"https:\/\/schema.org\",\"@graph\":[{\"@type\":\"Article\",\"@id\":\"https:\/\/www.public.sn\/index.php\/2023\/03\/09\/adji-mbergane-kanoute-presidente-uds-a-et-coordinatrice-de-macky-2012-hadjibou-soumare-a-lobligation-de-sexpliquer\/#article\",\"isPartOf\":{\"@id\":\"https:\/\/www.public.sn\/index.php\/2023\/03\/09\/adji-mbergane-kanoute-presidente-uds-a-et-coordinatrice-de-macky-2012-hadjibou-soumare-a-lobligation-de-sexpliquer\/\"},\"author\":{\"name\":\"LA REDACTION\",\"@id\":\"https:\/\/www.public.sn\/#\/schema\/person\/cb76c8e1b8becc6be61fb5e92d6d0224\"},\"headline\":\"Adji Mbergane Kanout\u00e9 : Pr\u00e9sidente Uds\/A et coordinatrice de Macky 2012 \u00abHadjibou Soumar\u00e9 a l\u2019obligation de s\u2019expliquer\u00a0\u00bb\",\"datePublished\":\"2023-03-09T17:06:11+00:00\",\"mainEntityOfPage\":{\"@id\":\"https:\/\/www.public.sn\/index.php\/2023\/03\/09\/adji-mbergane-kanoute-presidente-uds-a-et-coordinatrice-de-macky-2012-hadjibou-soumare-a-lobligation-de-sexpliquer\/\"},\"wordCount\":214,\"commentCount\":0,\"publisher\":{\"@id\":\"https:\/\/www.public.sn\/#organization\"},\"image\":{\"@id\":\"https:\/\/www.public.sn\/index.php\/2023\/03\/09\/adji-mbergane-kanoute-presidente-uds-a-et-coordinatrice-de-macky-2012-hadjibou-soumare-a-lobligation-de-sexpliquer\/#primaryimage\"},\"thumbnailUrl\":\"https:\/\/www.public.sn\/wp-content\/uploads\/2023\/03\/Adji-Mergane-Kanoute.jpg\",\"keywords\":[\"Adji Mbergane Kanout\u00e9\",\"Hadjibou Soumar\u00e9\",\"Justice\"],\"articleSection\":[\"ACTUALIT\u00c9S\",\"justice\",\"POLITIQUE\",\"S\u00c9CURIT\u00c9 &amp; JUSTICE\",\"S\u00c9N\u00c9GAL\",\"SOCIETE\",\"VEDETTE\"],\"inLanguage\":\"fr-FR\",\"potentialAction\":[{\"@type\":\"CommentAction\",\"name\":\"Comment\",\"target\":[\"https:\/\/www.public.sn\/index.php\/2023\/03\/09\/adji-mbergane-kanoute-presidente-uds-a-et-coordinatrice-de-macky-2012-hadjibou-soumare-a-lobligation-de-sexpliquer\/#respond\"]}]},{\"@type\":\"WebPage\",\"@id\":\"https:\/\/www.public.sn\/index.php\/2023\/03\/09\/adji-mbergane-kanoute-presidente-uds-a-et-coordinatrice-de-macky-2012-hadjibou-soumare-a-lobligation-de-sexpliquer\/\",\"url\":\"https:\/\/www.public.sn\/index.php\/2023\/03\/09\/adji-mbergane-kanoute-presidente-uds-a-et-coordinatrice-de-macky-2012-hadjibou-soumare-a-lobligation-de-sexpliquer\/\",\"name\":\"Adji Mbergane Kanout\u00e9 : Pr\u00e9sidente Uds\/A et coordinatrice de Macky 2012 \u00abHadjibou Soumar\u00e9 a l\u2019obligation de s\u2019expliquer\u00a0\u00bb - LE PUBLIC\",\"isPartOf\":{\"@id\":\"https:\/\/www.public.sn\/#website\"},\"primaryImageOfPage\":{\"@id\":\"https:\/\/www.public.sn\/index.php\/2023\/03\/09\/adji-mbergane-kanoute-presidente-uds-a-et-coordinatrice-de-macky-2012-hadjibou-soumare-a-lobligation-de-sexpliquer\/#primaryimage\"},\"image\":{\"@id\":\"https:\/\/www.public.sn\/index.php\/2023\/03\/09\/adji-mbergane-kanoute-presidente-uds-a-et-coordinatrice-de-macky-2012-hadjibou-soumare-a-lobligation-de-sexpliquer\/#primaryimage\"},\"thumbnailUrl\":\"https:\/\/www.public.sn\/wp-content\/uploads\/2023\/03\/Adji-Mergane-Kanoute.jpg\",\"datePublished\":\"2023-03-09T17:06:11+00:00\",\"breadcrumb\":{\"@id\":\"https:\/\/www.public.sn\/index.php\/2023\/03\/09\/adji-mbergane-kanoute-presidente-uds-a-et-coordinatrice-de-macky-2012-hadjibou-soumare-a-lobligation-de-sexpliquer\/#breadcrumb\"},\"inLanguage\":\"fr-FR\",\"potentialAction\":[{\"@type\":\"ReadAction\",\"target\":[\"https:\/\/www.public.sn\/index.php\/2023\/03\/09\/adji-mbergane-kanoute-presidente-uds-a-et-coordinatrice-de-macky-2012-hadjibou-soumare-a-lobligation-de-sexpliquer\/\"]}]},{\"@type\":\"ImageObject\",\"inLanguage\":\"fr-FR\",\"@id\":\"https:\/\/www.public.sn\/index.php\/2023\/03\/09\/adji-mbergane-kanoute-presidente-uds-a-et-coordinatrice-de-macky-2012-hadjibou-soumare-a-lobligation-de-sexpliquer\/#primaryimage\",\"url\":\"https:\/\/www.public.sn\/wp-content\/uploads\/2023\/03\/Adji-Mergane-Kanoute.jpg\",\"contentUrl\":\"https:\/\/www.public.sn\/wp-content\/uploads\/2023\/03\/Adji-Mergane-Kanoute.jpg\",\"width\":882,\"height\":768},{\"@type\":\"BreadcrumbList\",\"@id\":\"https:\/\/www.public.sn\/index.php\/2023\/03\/09\/adji-mbergane-kanoute-presidente-uds-a-et-coordinatrice-de-macky-2012-hadjibou-soumare-a-lobligation-de-sexpliquer\/#breadcrumb\",\"itemListElement\":[{\"@type\":\"ListItem\",\"position\":1,\"name\":\"Accueil\",\"item\":\"https:\/\/www.public.sn\/\"},{\"@type\":\"ListItem\",\"position\":2,\"name\":\"Adji Mbergane Kanout\u00e9 : Pr\u00e9sidente Uds\/A et coordinatrice de Macky 2012 \u00abHadjibou Soumar\u00e9 a l\u2019obligation de s\u2019expliquer\u00a0\u00bb\"}]},{\"@type\":\"WebSite\",\"@id\":\"https:\/\/www.public.sn\/#website\",\"url\":\"https:\/\/www.public.sn\/\",\"name\":\"LE PUBLIC\",\"description\":\"\",\"publisher\":{\"@id\":\"https:\/\/www.public.sn\/#organization\"},\"potentialAction\":[{\"@type\":\"SearchAction\",\"target\":{\"@type\":\"EntryPoint\",\"urlTemplate\":\"https:\/\/www.public.sn\/?s={search_term_string}\"},\"query-input\":{\"@type\":\"PropertyValueSpecification\",\"valueRequired\":true,\"valueName\":\"search_term_string\"}}],\"inLanguage\":\"fr-FR\"},{\"@type\":\"Organization\",\"@id\":\"https:\/\/www.public.sn\/#organization\",\"name\":\"LE PUBLIC\",\"url\":\"https:\/\/www.public.sn\/\",\"logo\":{\"@type\":\"ImageObject\",\"inLanguage\":\"fr-FR\",\"@id\":\"https:\/\/www.public.sn\/#\/schema\/logo\/image\/\",\"url\":\"https:\/\/www.public.sn\/wp-content\/uploads\/2024\/05\/cropped-LOGO-PUBLIC.SN_.png\",\"contentUrl\":\"https:\/\/www.public.sn\/wp-content\/uploads\/2024\/05\/cropped-LOGO-PUBLIC.SN_.png\",\"width\":682,\"height\":192,\"caption\":\"LE PUBLIC\"},\"image\":{\"@id\":\"https:\/\/www.public.sn\/#\/schema\/logo\/image\/\"}},{\"@type\":\"Person\",\"@id\":\"https:\/\/www.public.sn\/#\/schema\/person\/cb76c8e1b8becc6be61fb5e92d6d0224\",\"name\":\"LA REDACTION\",\"image\":{\"@type\":\"ImageObject\",\"inLanguage\":\"fr-FR\",\"@id\":\"https:\/\/www.public.sn\/#\/schema\/person\/image\/\",\"url\":\"https:\/\/secure.gravatar.com\/avatar\/2dce5ddd34b8fef0180efe03aa2a9bee7d953856048f9a16b298190a3178407c?s=96&d=mm&r=g\",\"contentUrl\":\"https:\/\/secure.gravatar.com\/avatar\/2dce5ddd34b8fef0180efe03aa2a9bee7d953856048f9a16b298190a3178407c?s=96&d=mm&r=g\",\"caption\":\"LA REDACTION\"},\"url\":\"https:\/\/www.public.sn\/index.php\/author\/editeurpsn\/\"}]}<\/script>\n<!-- \/ Yoast SEO plugin. -->","yoast_head_json":{"title":"Adji Mbergane Kanout\u00e9 : Pr\u00e9sidente Uds\/A et coordinatrice de Macky 2012 \u00abHadjibou Soumar\u00e9 a l\u2019obligation de s\u2019expliquer\u00a0\u00bb - LE PUBLIC","robots":{"index":"index","follow":"follow","max-snippet":"max-snippet:-1","max-image-preview":"max-image-preview:large","max-video-preview":"max-video-preview:-1"},"canonical":"https:\/\/www.public.sn\/index.php\/2023\/03\/09\/adji-mbergane-kanoute-presidente-uds-a-et-coordinatrice-de-macky-2012-hadjibou-soumare-a-lobligation-de-sexpliquer\/","og_locale":"fr_FR","og_type":"article","og_title":"Adji Mbergane Kanout\u00e9 : Pr\u00e9sidente Uds\/A et coordinatrice de Macky 2012 \u00abHadjibou Soumar\u00e9 a l\u2019obligation de s\u2019expliquer\u00a0\u00bb - LE PUBLIC","og_description":"Interpell\u00e9e sur la convocation de Hadjibou Soumar\u00e9, la coordinatrice de Macky 2012 soutient que Hadjibou Soumar\u00e9 \u00e0 l\u2019obligation de s\u2019expliquer sur les insinuations gratuite, fallacieuses. Selon elle, des all\u00e9gations \u00a0contenues dans un texte interpellatif \u00e0 l\u2019endroit de l\u2019institution que repr\u00e9sente le Pr\u00e9sident de la R\u00e9publique exige une convocation.\u00a0 En l\u2019en croire le d\u00e9put\u00e9 de la 14\u00e9me l\u00e9gislature, on ne peut pas se lever all\u00e9grement accuser le premier des S\u00e9n\u00e9galais d\u2019avoir remis 7,9 milliards \u00e0 Marie Le Pen, leader de l\u2019extr\u00eame droite fran\u00e7aise sans en \u00eatre inqui\u00e9ter, ni \u00eatre entendu par la suret\u00e9 urbaine. Pour elle, le S\u00e9n\u00e9gal est le seul pays au monde ou un citoyen peut dire ce qu\u2019il veut et comme il le veut sans \u00eatre inqui\u00e9ter. A son avis, accus\u00e9 le chef de l\u2019Etat pour se rappeler au bon souvenir des s\u00e9n\u00e9galais, esp\u00e9rant ainsi rebondir politiquement, est m\u00e9chant et injuste. A cet effet, l\u2019honorable d\u00e9put\u00e9 \u00a0rappelle que le S\u00e9n\u00e9gal est un pays de droit ou la v\u00e9rit\u00e9 doit surgir. Ndeye Khady MBAYE GOUDIABY .","og_url":"https:\/\/www.public.sn\/index.php\/2023\/03\/09\/adji-mbergane-kanoute-presidente-uds-a-et-coordinatrice-de-macky-2012-hadjibou-soumare-a-lobligation-de-sexpliquer\/","og_site_name":"LE PUBLIC","article_published_time":"2023-03-09T17:06:11+00:00","og_image":[{"width":882,"height":768,"url":"https:\/\/www.public.sn\/wp-content\/uploads\/2023\/03\/Adji-Mergane-Kanoute.jpg","type":"image\/jpeg"}],"author":"LA REDACTION","twitter_card":"summary_large_image","twitter_misc":{"\u00c9crit par":"LA REDACTION","Dur\u00e9e de lecture estim\u00e9e":"1 minute"},"schema":{"@context":"https:\/\/schema.org","@graph":[{"@type":"Article","@id":"https:\/\/www.public.sn\/index.php\/2023\/03\/09\/adji-mbergane-kanoute-presidente-uds-a-et-coordinatrice-de-macky-2012-hadjibou-soumare-a-lobligation-de-sexpliquer\/#article","isPartOf":{"@id":"https:\/\/www.public.sn\/index.php\/2023\/03\/09\/adji-mbergane-kanoute-presidente-uds-a-et-coordinatrice-de-macky-2012-hadjibou-soumare-a-lobligation-de-sexpliquer\/"},"author":{"name":"LA REDACTION","@id":"https:\/\/www.public.sn\/#\/schema\/person\/cb76c8e1b8becc6be61fb5e92d6d0224"},"headline":"Adji Mbergane Kanout\u00e9 : Pr\u00e9sidente Uds\/A et coordinatrice de Macky 2012 \u00abHadjibou Soumar\u00e9 a l\u2019obligation de s\u2019expliquer\u00a0\u00bb","datePublished":"2023-03-09T17:06:11+00:00","mainEntityOfPage":{"@id":"https:\/\/www.public.sn\/index.php\/2023\/03\/09\/adji-mbergane-kanoute-presidente-uds-a-et-coordinatrice-de-macky-2012-hadjibou-soumare-a-lobligation-de-sexpliquer\/"},"wordCount":214,"commentCount":0,"publisher":{"@id":"https:\/\/www.public.sn\/#organization"},"image":{"@id":"https:\/\/www.public.sn\/index.php\/2023\/03\/09\/adji-mbergane-kanoute-presidente-uds-a-et-coordinatrice-de-macky-2012-hadjibou-soumare-a-lobligation-de-sexpliquer\/#primaryimage"},"thumbnailUrl":"https:\/\/www.public.sn\/wp-content\/uploads\/2023\/03\/Adji-Mergane-Kanoute.jpg","keywords":["Adji Mbergane Kanout\u00e9","Hadjibou Soumar\u00e9","Justice"],"articleSection":["ACTUALIT\u00c9S","justice","POLITIQUE","S\u00c9CURIT\u00c9 &amp; JUSTICE","S\u00c9N\u00c9GAL","SOCIETE","VEDETTE"],"inLanguage":"fr-FR","potentialAction":[{"@type":"CommentAction","name":"Comment","target":["https:\/\/www.public.sn\/index.php\/2023\/03\/09\/adji-mbergane-kanoute-presidente-uds-a-et-coordinatrice-de-macky-2012-hadjibou-soumare-a-lobligation-de-sexpliquer\/#respond"]}]},{"@type":"WebPage","@id":"https:\/\/www.public.sn\/index.php\/2023\/03\/09\/adji-mbergane-kanoute-presidente-uds-a-et-coordinatrice-de-macky-2012-hadjibou-soumare-a-lobligation-de-sexpliquer\/","url":"https:\/\/www.public.sn\/index.php\/2023\/03\/09\/adji-mbergane-kanoute-presidente-uds-a-et-coordinatrice-de-macky-2012-hadjibou-soumare-a-lobligation-de-sexpliquer\/","name":"Adji Mbergane Kanout\u00e9 : Pr\u00e9sidente Uds\/A et coordinatrice de Macky 2012 \u00abHadjibou Soumar\u00e9 a l\u2019obligation de s\u2019expliquer\u00a0\u00bb - LE PUBLIC","isPartOf":{"@id":"https:\/\/www.public.sn\/#website"},"primaryImageOfPage":{"@id":"https:\/\/www.public.sn\/index.php\/2023\/03\/09\/adji-mbergane-kanoute-presidente-uds-a-et-coordinatrice-de-macky-2012-hadjibou-soumare-a-lobligation-de-sexpliquer\/#primaryimage"},"image":{"@id":"https:\/\/www.public.sn\/index.php\/2023\/03\/09\/adji-mbergane-kanoute-presidente-uds-a-et-coordinatrice-de-macky-2012-hadjibou-soumare-a-lobligation-de-sexpliquer\/#primaryimage"},"thumbnailUrl":"https:\/\/www.public.sn\/wp-content\/uploads\/2023\/03\/Adji-Mergane-Kanoute.jpg","datePublished":"2023-03-09T17:06:11+00:00","breadcrumb":{"@id":"https:\/\/www.public.sn\/index.php\/2023\/03\/09\/adji-mbergane-kanoute-presidente-uds-a-et-coordinatrice-de-macky-2012-hadjibou-soumare-a-lobligation-de-sexpliquer\/#breadcrumb"},"inLanguage":"fr-FR","potentialAction":[{"@type":"ReadAction","target":["https:\/\/www.public.sn\/index.php\/2023\/03\/09\/adji-mbergane-kanoute-presidente-uds-a-et-coordinatrice-de-macky-2012-hadjibou-soumare-a-lobligation-de-sexpliquer\/"]}]},{"@type":"ImageObject","inLanguage":"fr-FR","@id":"https:\/\/www.public.sn\/index.php\/2023\/03\/09\/adji-mbergane-kanoute-presidente-uds-a-et-coordinatrice-de-macky-2012-hadjibou-soumare-a-lobligation-de-sexpliquer\/#primaryimage","url":"https:\/\/www.public.sn\/wp-content\/uploads\/2023\/03\/Adji-Mergane-Kanoute.jpg","contentUrl":"https:\/\/www.public.sn\/wp-content\/uploads\/2023\/03\/Adji-Mergane-Kanoute.jpg","width":882,"height":768},{"@type":"BreadcrumbList","@id":"https:\/\/www.public.sn\/index.php\/2023\/03\/09\/adji-mbergane-kanoute-presidente-uds-a-et-coordinatrice-de-macky-2012-hadjibou-soumare-a-lobligation-de-sexpliquer\/#breadcrumb","itemListElement":[{"@type":"ListItem","position":1,"name":"Accueil","item":"https:\/\/www.public.sn\/"},{"@type":"ListItem","position":2,"name":"Adji Mbergane Kanout\u00e9 : Pr\u00e9sidente Uds\/A et coordinatrice de Macky 2012 \u00abHadjibou Soumar\u00e9 a l\u2019obligation de s\u2019expliquer\u00a0\u00bb"}]},{"@type":"WebSite","@id":"https:\/\/www.public.sn\/#website","url":"https:\/\/www.public.sn\/","name":"LE PUBLIC","description":"","publisher":{"@id":"https:\/\/www.public.sn\/#organization"},"potentialAction":[{"@type":"SearchAction","target":{"@type":"EntryPoint","urlTemplate":"https:\/\/www.public.sn\/?s={search_term_string}"},"query-input":{"@type":"PropertyValueSpecification","valueRequired":true,"valueName":"search_term_string"}}],"inLanguage":"fr-FR"},{"@type":"Organization","@id":"https:\/\/www.public.sn\/#organization","name":"LE PUBLIC","url":"https:\/\/www.public.sn\/","logo":{"@type":"ImageObject","inLanguage":"fr-FR","@id":"https:\/\/www.public.sn\/#\/schema\/logo\/image\/","url":"https:\/\/www.public.sn\/wp-content\/uploads\/2024\/05\/cropped-LOGO-PUBLIC.SN_.png","contentUrl":"https:\/\/www.public.sn\/wp-content\/uploads\/2024\/05\/cropped-LOGO-PUBLIC.SN_.png","width":682,"height":192,"caption":"LE PUBLIC"},"image":{"@id":"https:\/\/www.public.sn\/#\/schema\/logo\/image\/"}},{"@type":"Person","@id":"https:\/\/www.public.sn\/#\/schema\/person\/cb76c8e1b8becc6be61fb5e92d6d0224","name":"LA REDACTION","image":{"@type":"ImageObject","inLanguage":"fr-FR","@id":"https:\/\/www.public.sn\/#\/schema\/person\/image\/","url":"https:\/\/secure.gravatar.com\/avatar\/2dce5ddd34b8fef0180efe03aa2a9bee7d953856048f9a16b298190a3178407c?s=96&d=mm&r=g","contentUrl":"https:\/\/secure.gravatar.com\/avatar\/2dce5ddd34b8fef0180efe03aa2a9bee7d953856048f9a16b298190a3178407c?s=96&d=mm&r=g","caption":"LA REDACTION"},"url":"https:\/\/www.public.sn\/index.php\/author\/editeurpsn\/"}]}},"jetpack_featured_media_url":"https:\/\/www.public.sn\/wp-content\/uploads\/2023\/03\/Adji-Mergane-Kanoute.jpg","jetpack_sharing_enabled":true,"_links":{"self":[{"href":"https:\/\/www.public.sn\/index.php\/wp-json\/wp\/v2\/posts\/17642","targetHints":{"allow":["GET"]}}],"collection":[{"href":"https:\/\/www.public.sn\/index.php\/wp-json\/wp\/v2\/posts"}],"about":[{"href":"https:\/\/www.public.sn\/index.php\/wp-json\/wp\/v2\/types\/post"}],"author":[{"embeddable":true,"href":"https:\/\/www.public.sn\/index.php\/wp-json\/wp\/v2\/users\/7"}],"replies":[{"embeddable":true,"href":"https:\/\/www.public.sn\/index.php\/wp-json\/wp\/v2\/comments?post=17642"}],"version-history":[{"count":1,"href":"https:\/\/www.public.sn\/index.php\/wp-json\/wp\/v2\/posts\/17642\/revisions"}],"predecessor-version":[{"id":17644,"href":"https:\/\/www.public.sn\/index.php\/wp-json\/wp\/v2\/posts\/17642\/revisions\/17644"}],"wp:featuredmedia":[{"embeddable":true,"href":"https:\/\/www.public.sn\/index.php\/wp-json\/wp\/v2\/media\/17643"}],"wp:attachment":[{"href":"https:\/\/www.public.sn\/index.php\/wp-json\/wp\/v2\/media?parent=17642"}],"wp:term":[{"taxonomy":"category","embeddable":true,"href":"https:\/\/www.public.sn\/index.php\/wp-json\/wp\/v2\/categories?post=17642"},{"taxonomy":"post_tag","embeddable":true,"href":"https:\/\/www.public.sn\/index.php\/wp-json\/wp\/v2\/tags?post=17642"}],"curies":[{"name":"wp","href":"https:\/\/api.w.org\/{rel}","templated":true}]}}