{"id":17660,"date":"2023-03-09T21:03:34","date_gmt":"2023-03-09T21:03:34","guid":{"rendered":"https:\/\/www.public.sn\/?p=17660"},"modified":"2023-03-09T21:03:34","modified_gmt":"2023-03-09T21:03:34","slug":"yarakh-des-jeunes-en-colere-barrent-la-route-et-brulent-des-pneus","status":"publish","type":"post","link":"https:\/\/www.public.sn\/index.php\/2023\/03\/09\/yarakh-des-jeunes-en-colere-barrent-la-route-et-brulent-des-pneus\/","title":{"rendered":"Yarakh: Des jeunes en col\u00e8re barrent la route et br\u00fblent des pneus"},"content":{"rendered":"<h3 class=\"access\">La situation est tendue \u00e0 Yarakh, ce jeudi. Des jeunes ont dress\u00e9 des barrages routiers et incendi\u00e9 des pneus pour protester contre la construction d\u2019une gare maritime. Toujours en rapport avec cette m\u00eame affaire, il y avait eu des incidents similaires, le 1er f\u00e9vrier dernier.<\/h3>\n<p class=\"responsive-video-wrap clr\"><iframe title=\"Foncier : les jeunes de Yarakh manifestent de nouveau leur col\u00e8re\" width=\"1200\" height=\"675\" src=\"https:\/\/www.youtube.com\/embed\/ZdBqV6V-9_Q?feature=oembed\" frameborder=\"0\" allow=\"accelerometer; autoplay; clipboard-write; encrypted-media; gyroscope; picture-in-picture; web-share\" allowfullscreen><\/iframe><\/p>\n<div class=\"publi-apres-le-contenu\" style=\"margin-top: 10px;margin-bottom: 10px;margin-left: auto;margin-right: auto;text-align: center;\" id=\"publi-2614521924\"><div class=\"publi-adlabel\">Publicit\u00e9<\/div><script async src=\"\/\/pagead2.googlesyndication.com\/pagead\/js\/adsbygoogle.js?client=ca-pub-4089586018074219\" crossorigin=\"anonymous\"><\/script><ins class=\"adsbygoogle\" style=\"display:block;\" data-ad-client=\"ca-pub-4089586018074219\" \ndata-ad-slot=\"2087940154\" \ndata-ad-format=\"auto\"><\/ins>\n<script> \n(adsbygoogle = window.adsbygoogle || []).push({}); \n<\/script>\n<\/div>","protected":false},"excerpt":{"rendered":"<p>La situation est tendue \u00e0 Yarakh, ce jeudi. Des jeunes ont dress\u00e9 des barrages routiers et incendi\u00e9 des pneus pour protester contre la construction d\u2019une gare maritime. Toujours en rapport avec cette m\u00eame affaire, il y avait eu des incidents similaires, le 1er f\u00e9vrier dernier.<\/p>\n","protected":false},"author":7,"featured_media":17661,"comment_status":"open","ping_status":"open","sticky":false,"template":"","format":"standard","meta":{"_jetpack_memberships_contains_paid_content":false,"footnotes":""},"categories":[375,379,3724,4353,376,1,4,6],"tags":[4737,4738,1154,4736],"class_list":["post-17660","post","type-post","status-publish","format-standard","has-post-thumbnail","hentry","category-actualites","category-faits-divers","category-justice","category-manifestations","category-securite-justice","category-non-classe","category-societe","category-videos","tag-brule-de-pneu","tag-gare-maritime","tag-manifestation","tag-yaraakh","entry","has-media","owp-thumbs-layout-horizontal","owp-btn-normal","owp-tabs-layout-horizontal","has-no-thumbnails","has-product-nav"],"yoast_head":"<!-- This site is optimized with the Yoast SEO plugin v25.5 - https:\/\/yoast.com\/wordpress\/plugins\/seo\/ -->\n<title>Yarakh: Des jeunes en col\u00e8re barrent la route et br\u00fblent des pneus - LE PUBLIC<\/title>\n<meta name=\"robots\" content=\"index, follow, max-snippet:-1, max-image-preview:large, max-video-preview:-1\" \/>\n<link rel=\"canonical\" href=\"https:\/\/www.public.sn\/index.php\/2023\/03\/09\/yarakh-des-jeunes-en-colere-barrent-la-route-et-brulent-des-pneus\/\" \/>\n<meta property=\"og:locale\" content=\"fr_FR\" \/>\n<meta property=\"og:type\" content=\"article\" \/>\n<meta property=\"og:title\" content=\"Yarakh: Des jeunes en col\u00e8re barrent la route et br\u00fblent des pneus - LE PUBLIC\" \/>\n<meta property=\"og:description\" content=\"La situation est tendue \u00e0 Yarakh, ce jeudi. Des jeunes ont dress\u00e9 des barrages routiers et incendi\u00e9 des pneus pour protester contre la construction d\u2019une gare maritime. Toujours en rapport avec cette m\u00eame affaire, il y avait eu des incidents similaires, le 1er f\u00e9vrier dernier.\" \/>\n<meta property=\"og:url\" content=\"https:\/\/www.public.sn\/index.php\/2023\/03\/09\/yarakh-des-jeunes-en-colere-barrent-la-route-et-brulent-des-pneus\/\" \/>\n<meta property=\"og:site_name\" content=\"LE PUBLIC\" \/>\n<meta property=\"article:published_time\" content=\"2023-03-09T21:03:34+00:00\" \/>\n<meta property=\"og:image\" content=\"https:\/\/www.public.sn\/wp-content\/uploads\/2023\/03\/Yarakh.jpg\" \/>\n\t<meta property=\"og:image:width\" content=\"1280\" \/>\n\t<meta property=\"og:image:height\" content=\"720\" \/>\n\t<meta property=\"og:image:type\" content=\"image\/jpeg\" \/>\n<meta name=\"author\" content=\"LA REDACTION\" \/>\n<meta name=\"twitter:card\" content=\"summary_large_image\" \/>\n<meta name=\"twitter:label1\" content=\"\u00c9crit par\" \/>\n\t<meta name=\"twitter:data1\" content=\"LA REDACTION\" \/>\n\t<meta name=\"twitter:label2\" content=\"Dur\u00e9e de lecture estim\u00e9e\" \/>\n\t<meta name=\"twitter:data2\" content=\"1 minute\" \/>\n<script type=\"application\/ld+json\" class=\"yoast-schema-graph\">{\"@context\":\"https:\/\/schema.org\",\"@graph\":[{\"@type\":\"Article\",\"@id\":\"https:\/\/www.public.sn\/index.php\/2023\/03\/09\/yarakh-des-jeunes-en-colere-barrent-la-route-et-brulent-des-pneus\/#article\",\"isPartOf\":{\"@id\":\"https:\/\/www.public.sn\/index.php\/2023\/03\/09\/yarakh-des-jeunes-en-colere-barrent-la-route-et-brulent-des-pneus\/\"},\"author\":{\"name\":\"LA REDACTION\",\"@id\":\"https:\/\/www.public.sn\/#\/schema\/person\/cb76c8e1b8becc6be61fb5e92d6d0224\"},\"headline\":\"Yarakh: Des jeunes en col\u00e8re barrent la route et br\u00fblent des pneus\",\"datePublished\":\"2023-03-09T21:03:34+00:00\",\"mainEntityOfPage\":{\"@id\":\"https:\/\/www.public.sn\/index.php\/2023\/03\/09\/yarakh-des-jeunes-en-colere-barrent-la-route-et-brulent-des-pneus\/\"},\"wordCount\":67,\"commentCount\":0,\"publisher\":{\"@id\":\"https:\/\/www.public.sn\/#organization\"},\"image\":{\"@id\":\"https:\/\/www.public.sn\/index.php\/2023\/03\/09\/yarakh-des-jeunes-en-colere-barrent-la-route-et-brulent-des-pneus\/#primaryimage\"},\"thumbnailUrl\":\"https:\/\/www.public.sn\/wp-content\/uploads\/2023\/03\/Yarakh.jpg\",\"keywords\":[\"brule de pneu\",\"gare maritime\",\"manifestation\",\"Yaraakh\"],\"articleSection\":[\"ACTUALIT\u00c9S\",\"FAITS DIVERS\",\"justice\",\"MANIFESTATIONS\",\"S\u00c9CURIT\u00c9 &amp; JUSTICE\",\"S\u00c9N\u00c9GAL\",\"SOCIETE\",\"VIDEOS\"],\"inLanguage\":\"fr-FR\",\"potentialAction\":[{\"@type\":\"CommentAction\",\"name\":\"Comment\",\"target\":[\"https:\/\/www.public.sn\/index.php\/2023\/03\/09\/yarakh-des-jeunes-en-colere-barrent-la-route-et-brulent-des-pneus\/#respond\"]}]},{\"@type\":\"WebPage\",\"@id\":\"https:\/\/www.public.sn\/index.php\/2023\/03\/09\/yarakh-des-jeunes-en-colere-barrent-la-route-et-brulent-des-pneus\/\",\"url\":\"https:\/\/www.public.sn\/index.php\/2023\/03\/09\/yarakh-des-jeunes-en-colere-barrent-la-route-et-brulent-des-pneus\/\",\"name\":\"Yarakh: Des jeunes en col\u00e8re barrent la route et br\u00fblent des pneus - LE PUBLIC\",\"isPartOf\":{\"@id\":\"https:\/\/www.public.sn\/#website\"},\"primaryImageOfPage\":{\"@id\":\"https:\/\/www.public.sn\/index.php\/2023\/03\/09\/yarakh-des-jeunes-en-colere-barrent-la-route-et-brulent-des-pneus\/#primaryimage\"},\"image\":{\"@id\":\"https:\/\/www.public.sn\/index.php\/2023\/03\/09\/yarakh-des-jeunes-en-colere-barrent-la-route-et-brulent-des-pneus\/#primaryimage\"},\"thumbnailUrl\":\"https:\/\/www.public.sn\/wp-content\/uploads\/2023\/03\/Yarakh.jpg\",\"datePublished\":\"2023-03-09T21:03:34+00:00\",\"breadcrumb\":{\"@id\":\"https:\/\/www.public.sn\/index.php\/2023\/03\/09\/yarakh-des-jeunes-en-colere-barrent-la-route-et-brulent-des-pneus\/#breadcrumb\"},\"inLanguage\":\"fr-FR\",\"potentialAction\":[{\"@type\":\"ReadAction\",\"target\":[\"https:\/\/www.public.sn\/index.php\/2023\/03\/09\/yarakh-des-jeunes-en-colere-barrent-la-route-et-brulent-des-pneus\/\"]}]},{\"@type\":\"ImageObject\",\"inLanguage\":\"fr-FR\",\"@id\":\"https:\/\/www.public.sn\/index.php\/2023\/03\/09\/yarakh-des-jeunes-en-colere-barrent-la-route-et-brulent-des-pneus\/#primaryimage\",\"url\":\"https:\/\/www.public.sn\/wp-content\/uploads\/2023\/03\/Yarakh.jpg\",\"contentUrl\":\"https:\/\/www.public.sn\/wp-content\/uploads\/2023\/03\/Yarakh.jpg\",\"width\":1280,\"height\":720},{\"@type\":\"BreadcrumbList\",\"@id\":\"https:\/\/www.public.sn\/index.php\/2023\/03\/09\/yarakh-des-jeunes-en-colere-barrent-la-route-et-brulent-des-pneus\/#breadcrumb\",\"itemListElement\":[{\"@type\":\"ListItem\",\"position\":1,\"name\":\"Accueil\",\"item\":\"https:\/\/www.public.sn\/\"},{\"@type\":\"ListItem\",\"position\":2,\"name\":\"Yarakh: Des jeunes en col\u00e8re barrent la route et br\u00fblent des pneus\"}]},{\"@type\":\"WebSite\",\"@id\":\"https:\/\/www.public.sn\/#website\",\"url\":\"https:\/\/www.public.sn\/\",\"name\":\"LE PUBLIC\",\"description\":\"\",\"publisher\":{\"@id\":\"https:\/\/www.public.sn\/#organization\"},\"potentialAction\":[{\"@type\":\"SearchAction\",\"target\":{\"@type\":\"EntryPoint\",\"urlTemplate\":\"https:\/\/www.public.sn\/?s={search_term_string}\"},\"query-input\":{\"@type\":\"PropertyValueSpecification\",\"valueRequired\":true,\"valueName\":\"search_term_string\"}}],\"inLanguage\":\"fr-FR\"},{\"@type\":\"Organization\",\"@id\":\"https:\/\/www.public.sn\/#organization\",\"name\":\"LE PUBLIC\",\"url\":\"https:\/\/www.public.sn\/\",\"logo\":{\"@type\":\"ImageObject\",\"inLanguage\":\"fr-FR\",\"@id\":\"https:\/\/www.public.sn\/#\/schema\/logo\/image\/\",\"url\":\"https:\/\/www.public.sn\/wp-content\/uploads\/2024\/05\/cropped-LOGO-PUBLIC.SN_.png\",\"contentUrl\":\"https:\/\/www.public.sn\/wp-content\/uploads\/2024\/05\/cropped-LOGO-PUBLIC.SN_.png\",\"width\":682,\"height\":192,\"caption\":\"LE PUBLIC\"},\"image\":{\"@id\":\"https:\/\/www.public.sn\/#\/schema\/logo\/image\/\"}},{\"@type\":\"Person\",\"@id\":\"https:\/\/www.public.sn\/#\/schema\/person\/cb76c8e1b8becc6be61fb5e92d6d0224\",\"name\":\"LA REDACTION\",\"image\":{\"@type\":\"ImageObject\",\"inLanguage\":\"fr-FR\",\"@id\":\"https:\/\/www.public.sn\/#\/schema\/person\/image\/\",\"url\":\"https:\/\/secure.gravatar.com\/avatar\/2dce5ddd34b8fef0180efe03aa2a9bee7d953856048f9a16b298190a3178407c?s=96&d=mm&r=g\",\"contentUrl\":\"https:\/\/secure.gravatar.com\/avatar\/2dce5ddd34b8fef0180efe03aa2a9bee7d953856048f9a16b298190a3178407c?s=96&d=mm&r=g\",\"caption\":\"LA REDACTION\"},\"url\":\"https:\/\/www.public.sn\/index.php\/author\/editeurpsn\/\"}]}<\/script>\n<!-- \/ Yoast SEO plugin. -->","yoast_head_json":{"title":"Yarakh: Des jeunes en col\u00e8re barrent la route et br\u00fblent des pneus - LE PUBLIC","robots":{"index":"index","follow":"follow","max-snippet":"max-snippet:-1","max-image-preview":"max-image-preview:large","max-video-preview":"max-video-preview:-1"},"canonical":"https:\/\/www.public.sn\/index.php\/2023\/03\/09\/yarakh-des-jeunes-en-colere-barrent-la-route-et-brulent-des-pneus\/","og_locale":"fr_FR","og_type":"article","og_title":"Yarakh: Des jeunes en col\u00e8re barrent la route et br\u00fblent des pneus - LE PUBLIC","og_description":"La situation est tendue \u00e0 Yarakh, ce jeudi. Des jeunes ont dress\u00e9 des barrages routiers et incendi\u00e9 des pneus pour protester contre la construction d\u2019une gare maritime. Toujours en rapport avec cette m\u00eame affaire, il y avait eu des incidents similaires, le 1er f\u00e9vrier dernier.","og_url":"https:\/\/www.public.sn\/index.php\/2023\/03\/09\/yarakh-des-jeunes-en-colere-barrent-la-route-et-brulent-des-pneus\/","og_site_name":"LE PUBLIC","article_published_time":"2023-03-09T21:03:34+00:00","og_image":[{"width":1280,"height":720,"url":"https:\/\/www.public.sn\/wp-content\/uploads\/2023\/03\/Yarakh.jpg","type":"image\/jpeg"}],"author":"LA REDACTION","twitter_card":"summary_large_image","twitter_misc":{"\u00c9crit par":"LA REDACTION","Dur\u00e9e de lecture estim\u00e9e":"1 minute"},"schema":{"@context":"https:\/\/schema.org","@graph":[{"@type":"Article","@id":"https:\/\/www.public.sn\/index.php\/2023\/03\/09\/yarakh-des-jeunes-en-colere-barrent-la-route-et-brulent-des-pneus\/#article","isPartOf":{"@id":"https:\/\/www.public.sn\/index.php\/2023\/03\/09\/yarakh-des-jeunes-en-colere-barrent-la-route-et-brulent-des-pneus\/"},"author":{"name":"LA REDACTION","@id":"https:\/\/www.public.sn\/#\/schema\/person\/cb76c8e1b8becc6be61fb5e92d6d0224"},"headline":"Yarakh: Des jeunes en col\u00e8re barrent la route et br\u00fblent des pneus","datePublished":"2023-03-09T21:03:34+00:00","mainEntityOfPage":{"@id":"https:\/\/www.public.sn\/index.php\/2023\/03\/09\/yarakh-des-jeunes-en-colere-barrent-la-route-et-brulent-des-pneus\/"},"wordCount":67,"commentCount":0,"publisher":{"@id":"https:\/\/www.public.sn\/#organization"},"image":{"@id":"https:\/\/www.public.sn\/index.php\/2023\/03\/09\/yarakh-des-jeunes-en-colere-barrent-la-route-et-brulent-des-pneus\/#primaryimage"},"thumbnailUrl":"https:\/\/www.public.sn\/wp-content\/uploads\/2023\/03\/Yarakh.jpg","keywords":["brule de pneu","gare maritime","manifestation","Yaraakh"],"articleSection":["ACTUALIT\u00c9S","FAITS DIVERS","justice","MANIFESTATIONS","S\u00c9CURIT\u00c9 &amp; JUSTICE","S\u00c9N\u00c9GAL","SOCIETE","VIDEOS"],"inLanguage":"fr-FR","potentialAction":[{"@type":"CommentAction","name":"Comment","target":["https:\/\/www.public.sn\/index.php\/2023\/03\/09\/yarakh-des-jeunes-en-colere-barrent-la-route-et-brulent-des-pneus\/#respond"]}]},{"@type":"WebPage","@id":"https:\/\/www.public.sn\/index.php\/2023\/03\/09\/yarakh-des-jeunes-en-colere-barrent-la-route-et-brulent-des-pneus\/","url":"https:\/\/www.public.sn\/index.php\/2023\/03\/09\/yarakh-des-jeunes-en-colere-barrent-la-route-et-brulent-des-pneus\/","name":"Yarakh: Des jeunes en col\u00e8re barrent la route et br\u00fblent des pneus - LE PUBLIC","isPartOf":{"@id":"https:\/\/www.public.sn\/#website"},"primaryImageOfPage":{"@id":"https:\/\/www.public.sn\/index.php\/2023\/03\/09\/yarakh-des-jeunes-en-colere-barrent-la-route-et-brulent-des-pneus\/#primaryimage"},"image":{"@id":"https:\/\/www.public.sn\/index.php\/2023\/03\/09\/yarakh-des-jeunes-en-colere-barrent-la-route-et-brulent-des-pneus\/#primaryimage"},"thumbnailUrl":"https:\/\/www.public.sn\/wp-content\/uploads\/2023\/03\/Yarakh.jpg","datePublished":"2023-03-09T21:03:34+00:00","breadcrumb":{"@id":"https:\/\/www.public.sn\/index.php\/2023\/03\/09\/yarakh-des-jeunes-en-colere-barrent-la-route-et-brulent-des-pneus\/#breadcrumb"},"inLanguage":"fr-FR","potentialAction":[{"@type":"ReadAction","target":["https:\/\/www.public.sn\/index.php\/2023\/03\/09\/yarakh-des-jeunes-en-colere-barrent-la-route-et-brulent-des-pneus\/"]}]},{"@type":"ImageObject","inLanguage":"fr-FR","@id":"https:\/\/www.public.sn\/index.php\/2023\/03\/09\/yarakh-des-jeunes-en-colere-barrent-la-route-et-brulent-des-pneus\/#primaryimage","url":"https:\/\/www.public.sn\/wp-content\/uploads\/2023\/03\/Yarakh.jpg","contentUrl":"https:\/\/www.public.sn\/wp-content\/uploads\/2023\/03\/Yarakh.jpg","width":1280,"height":720},{"@type":"BreadcrumbList","@id":"https:\/\/www.public.sn\/index.php\/2023\/03\/09\/yarakh-des-jeunes-en-colere-barrent-la-route-et-brulent-des-pneus\/#breadcrumb","itemListElement":[{"@type":"ListItem","position":1,"name":"Accueil","item":"https:\/\/www.public.sn\/"},{"@type":"ListItem","position":2,"name":"Yarakh: Des jeunes en col\u00e8re barrent la route et br\u00fblent des pneus"}]},{"@type":"WebSite","@id":"https:\/\/www.public.sn\/#website","url":"https:\/\/www.public.sn\/","name":"LE PUBLIC","description":"","publisher":{"@id":"https:\/\/www.public.sn\/#organization"},"potentialAction":[{"@type":"SearchAction","target":{"@type":"EntryPoint","urlTemplate":"https:\/\/www.public.sn\/?s={search_term_string}"},"query-input":{"@type":"PropertyValueSpecification","valueRequired":true,"valueName":"search_term_string"}}],"inLanguage":"fr-FR"},{"@type":"Organization","@id":"https:\/\/www.public.sn\/#organization","name":"LE PUBLIC","url":"https:\/\/www.public.sn\/","logo":{"@type":"ImageObject","inLanguage":"fr-FR","@id":"https:\/\/www.public.sn\/#\/schema\/logo\/image\/","url":"https:\/\/www.public.sn\/wp-content\/uploads\/2024\/05\/cropped-LOGO-PUBLIC.SN_.png","contentUrl":"https:\/\/www.public.sn\/wp-content\/uploads\/2024\/05\/cropped-LOGO-PUBLIC.SN_.png","width":682,"height":192,"caption":"LE PUBLIC"},"image":{"@id":"https:\/\/www.public.sn\/#\/schema\/logo\/image\/"}},{"@type":"Person","@id":"https:\/\/www.public.sn\/#\/schema\/person\/cb76c8e1b8becc6be61fb5e92d6d0224","name":"LA REDACTION","image":{"@type":"ImageObject","inLanguage":"fr-FR","@id":"https:\/\/www.public.sn\/#\/schema\/person\/image\/","url":"https:\/\/secure.gravatar.com\/avatar\/2dce5ddd34b8fef0180efe03aa2a9bee7d953856048f9a16b298190a3178407c?s=96&d=mm&r=g","contentUrl":"https:\/\/secure.gravatar.com\/avatar\/2dce5ddd34b8fef0180efe03aa2a9bee7d953856048f9a16b298190a3178407c?s=96&d=mm&r=g","caption":"LA REDACTION"},"url":"https:\/\/www.public.sn\/index.php\/author\/editeurpsn\/"}]}},"jetpack_featured_media_url":"https:\/\/www.public.sn\/wp-content\/uploads\/2023\/03\/Yarakh.jpg","jetpack_sharing_enabled":true,"_links":{"self":[{"href":"https:\/\/www.public.sn\/index.php\/wp-json\/wp\/v2\/posts\/17660","targetHints":{"allow":["GET"]}}],"collection":[{"href":"https:\/\/www.public.sn\/index.php\/wp-json\/wp\/v2\/posts"}],"about":[{"href":"https:\/\/www.public.sn\/index.php\/wp-json\/wp\/v2\/types\/post"}],"author":[{"embeddable":true,"href":"https:\/\/www.public.sn\/index.php\/wp-json\/wp\/v2\/users\/7"}],"replies":[{"embeddable":true,"href":"https:\/\/www.public.sn\/index.php\/wp-json\/wp\/v2\/comments?post=17660"}],"version-history":[{"count":1,"href":"https:\/\/www.public.sn\/index.php\/wp-json\/wp\/v2\/posts\/17660\/revisions"}],"predecessor-version":[{"id":17662,"href":"https:\/\/www.public.sn\/index.php\/wp-json\/wp\/v2\/posts\/17660\/revisions\/17662"}],"wp:featuredmedia":[{"embeddable":true,"href":"https:\/\/www.public.sn\/index.php\/wp-json\/wp\/v2\/media\/17661"}],"wp:attachment":[{"href":"https:\/\/www.public.sn\/index.php\/wp-json\/wp\/v2\/media?parent=17660"}],"wp:term":[{"taxonomy":"category","embeddable":true,"href":"https:\/\/www.public.sn\/index.php\/wp-json\/wp\/v2\/categories?post=17660"},{"taxonomy":"post_tag","embeddable":true,"href":"https:\/\/www.public.sn\/index.php\/wp-json\/wp\/v2\/tags?post=17660"}],"curies":[{"name":"wp","href":"https:\/\/api.w.org\/{rel}","templated":true}]}}