{"id":17663,"date":"2023-03-09T21:07:22","date_gmt":"2023-03-09T21:07:22","guid":{"rendered":"https:\/\/www.public.sn\/?p=17663"},"modified":"2023-03-09T21:07:22","modified_gmt":"2023-03-09T21:07:22","slug":"urgent-adjibou-soumare-ancien-premier-ministre-place-en-garde-a-vue","status":"publish","type":"post","link":"https:\/\/www.public.sn\/index.php\/2023\/03\/09\/urgent-adjibou-soumare-ancien-premier-ministre-place-en-garde-a-vue\/","title":{"rendered":"Urgent: Adjibou Soumar\u00e9, ancien Premier Ministre, plac\u00e9 en garde \u00e0 vue"},"content":{"rendered":"<p><strong>L&rsquo;ancien Premier Ministre Adjibou Soumar\u00e9 est plac\u00e9 en garde \u00e0 vue sur demande du procureur de la R\u00e9publique.<\/strong><\/p><div class=\"publi-paragraphe1\" style=\"margin-top: 10px;margin-bottom: 10px;margin-left: auto;margin-right: auto;text-align: center;\" id=\"publi-3423696411\"><div class=\"publi-adlabel\">Publicit\u00e9<\/div><script async src=\"\/\/pagead2.googlesyndication.com\/pagead\/js\/adsbygoogle.js?client=ca-pub-4089586018074219\" crossorigin=\"anonymous\"><\/script><ins class=\"adsbygoogle\" style=\"display:block;\" data-ad-client=\"ca-pub-4089586018074219\" \ndata-ad-slot=\"2087940154\" \ndata-ad-format=\"auto\"><\/ins>\n<script> \n(adsbygoogle = window.adsbygoogle || []).push({}); \n<\/script>\n<\/div>\n<p>Son interrogatoire face aux \u00e9l\u00e9ments du Commissariat central fait suite \u00e0 ses all\u00e9gations faisant \u00e9tat d&rsquo;un suppos\u00e9 don financier du Pr\u00e9sident Macky Sall \u00e0 Marine Le Pen.<\/p>\n<div class=\"publi-apres-le-contenu\" style=\"margin-top: 10px;margin-bottom: 10px;margin-left: auto;margin-right: auto;text-align: center;\" id=\"publi-3755072335\"><div class=\"publi-adlabel\">Publicit\u00e9<\/div><script async src=\"\/\/pagead2.googlesyndication.com\/pagead\/js\/adsbygoogle.js?client=ca-pub-4089586018074219\" crossorigin=\"anonymous\"><\/script><ins class=\"adsbygoogle\" style=\"display:block;\" data-ad-client=\"ca-pub-4089586018074219\" \ndata-ad-slot=\"2087940154\" \ndata-ad-format=\"auto\"><\/ins>\n<script> \n(adsbygoogle = window.adsbygoogle || []).push({}); \n<\/script>\n<\/div>","protected":false},"excerpt":{"rendered":"<p>L&rsquo;ancien Premier Ministre Adjibou Soumar\u00e9 est plac\u00e9 en garde \u00e0 vue sur demande du procureur de la R\u00e9publique. Son interrogatoire face aux \u00e9l\u00e9ments du Commissariat central fait suite \u00e0 ses all\u00e9gations faisant \u00e9tat d&rsquo;un suppos\u00e9 don financier du Pr\u00e9sident Macky Sall \u00e0 Marine Le Pen.<\/p>\n","protected":false},"author":7,"featured_media":17664,"comment_status":"open","ping_status":"open","sticky":false,"template":"","format":"standard","meta":{"_jetpack_memberships_contains_paid_content":false,"footnotes":""},"categories":[375,3724,3,376,1,372],"tags":[4739,423,11,408],"class_list":["post-17663","post","type-post","status-publish","format-standard","has-post-thumbnail","hentry","category-actualites","category-justice","category-politique","category-securite-justice","category-non-classe","category-vedette","tag-adjibou-soumare","tag-garde-a-vue","tag-macky-sall","tag-surete-urbaine","entry","has-media","owp-thumbs-layout-horizontal","owp-btn-normal","owp-tabs-layout-horizontal","has-no-thumbnails","has-product-nav"],"yoast_head":"<!-- This site is optimized with the Yoast SEO plugin v25.5 - https:\/\/yoast.com\/wordpress\/plugins\/seo\/ -->\n<title>Urgent: Adjibou Soumar\u00e9, ancien Premier Ministre, plac\u00e9 en garde \u00e0 vue - LE PUBLIC<\/title>\n<meta name=\"robots\" content=\"index, follow, max-snippet:-1, max-image-preview:large, max-video-preview:-1\" \/>\n<link rel=\"canonical\" href=\"https:\/\/www.public.sn\/index.php\/2023\/03\/09\/urgent-adjibou-soumare-ancien-premier-ministre-place-en-garde-a-vue\/\" \/>\n<meta property=\"og:locale\" content=\"fr_FR\" \/>\n<meta property=\"og:type\" content=\"article\" \/>\n<meta property=\"og:title\" content=\"Urgent: Adjibou Soumar\u00e9, ancien Premier Ministre, plac\u00e9 en garde \u00e0 vue - LE PUBLIC\" \/>\n<meta property=\"og:description\" content=\"L&rsquo;ancien Premier Ministre Adjibou Soumar\u00e9 est plac\u00e9 en garde \u00e0 vue sur demande du procureur de la R\u00e9publique. Son interrogatoire face aux \u00e9l\u00e9ments du Commissariat central fait suite \u00e0 ses all\u00e9gations faisant \u00e9tat d&rsquo;un suppos\u00e9 don financier du Pr\u00e9sident Macky Sall \u00e0 Marine Le Pen.\" \/>\n<meta property=\"og:url\" content=\"https:\/\/www.public.sn\/index.php\/2023\/03\/09\/urgent-adjibou-soumare-ancien-premier-ministre-place-en-garde-a-vue\/\" \/>\n<meta property=\"og:site_name\" content=\"LE PUBLIC\" \/>\n<meta property=\"article:published_time\" content=\"2023-03-09T21:07:22+00:00\" \/>\n<meta property=\"og:image\" content=\"https:\/\/www.public.sn\/wp-content\/uploads\/2023\/03\/hadjibou_0_0.jpg\" \/>\n\t<meta property=\"og:image:width\" content=\"700\" \/>\n\t<meta property=\"og:image:height\" content=\"451\" \/>\n\t<meta property=\"og:image:type\" content=\"image\/jpeg\" \/>\n<meta name=\"author\" content=\"LA REDACTION\" \/>\n<meta name=\"twitter:card\" content=\"summary_large_image\" \/>\n<meta name=\"twitter:label1\" content=\"\u00c9crit par\" \/>\n\t<meta name=\"twitter:data1\" content=\"LA REDACTION\" \/>\n\t<meta name=\"twitter:label2\" content=\"Dur\u00e9e de lecture estim\u00e9e\" \/>\n\t<meta name=\"twitter:data2\" content=\"1 minute\" \/>\n<script type=\"application\/ld+json\" class=\"yoast-schema-graph\">{\"@context\":\"https:\/\/schema.org\",\"@graph\":[{\"@type\":\"Article\",\"@id\":\"https:\/\/www.public.sn\/index.php\/2023\/03\/09\/urgent-adjibou-soumare-ancien-premier-ministre-place-en-garde-a-vue\/#article\",\"isPartOf\":{\"@id\":\"https:\/\/www.public.sn\/index.php\/2023\/03\/09\/urgent-adjibou-soumare-ancien-premier-ministre-place-en-garde-a-vue\/\"},\"author\":{\"name\":\"LA REDACTION\",\"@id\":\"https:\/\/www.public.sn\/#\/schema\/person\/cb76c8e1b8becc6be61fb5e92d6d0224\"},\"headline\":\"Urgent: Adjibou Soumar\u00e9, ancien Premier Ministre, plac\u00e9 en garde \u00e0 vue\",\"datePublished\":\"2023-03-09T21:07:22+00:00\",\"mainEntityOfPage\":{\"@id\":\"https:\/\/www.public.sn\/index.php\/2023\/03\/09\/urgent-adjibou-soumare-ancien-premier-ministre-place-en-garde-a-vue\/\"},\"wordCount\":56,\"commentCount\":0,\"publisher\":{\"@id\":\"https:\/\/www.public.sn\/#organization\"},\"image\":{\"@id\":\"https:\/\/www.public.sn\/index.php\/2023\/03\/09\/urgent-adjibou-soumare-ancien-premier-ministre-place-en-garde-a-vue\/#primaryimage\"},\"thumbnailUrl\":\"https:\/\/www.public.sn\/wp-content\/uploads\/2023\/03\/hadjibou_0_0.jpg\",\"keywords\":[\"Adjibou Soumar\u00e9\",\"Garde \u00e0 vue\",\"Macky Sall\",\"Suret\u00e9 Urbaine\"],\"articleSection\":[\"ACTUALIT\u00c9S\",\"justice\",\"POLITIQUE\",\"S\u00c9CURIT\u00c9 &amp; JUSTICE\",\"S\u00c9N\u00c9GAL\",\"VEDETTE\"],\"inLanguage\":\"fr-FR\",\"potentialAction\":[{\"@type\":\"CommentAction\",\"name\":\"Comment\",\"target\":[\"https:\/\/www.public.sn\/index.php\/2023\/03\/09\/urgent-adjibou-soumare-ancien-premier-ministre-place-en-garde-a-vue\/#respond\"]}]},{\"@type\":\"WebPage\",\"@id\":\"https:\/\/www.public.sn\/index.php\/2023\/03\/09\/urgent-adjibou-soumare-ancien-premier-ministre-place-en-garde-a-vue\/\",\"url\":\"https:\/\/www.public.sn\/index.php\/2023\/03\/09\/urgent-adjibou-soumare-ancien-premier-ministre-place-en-garde-a-vue\/\",\"name\":\"Urgent: Adjibou Soumar\u00e9, ancien Premier Ministre, plac\u00e9 en garde \u00e0 vue - LE PUBLIC\",\"isPartOf\":{\"@id\":\"https:\/\/www.public.sn\/#website\"},\"primaryImageOfPage\":{\"@id\":\"https:\/\/www.public.sn\/index.php\/2023\/03\/09\/urgent-adjibou-soumare-ancien-premier-ministre-place-en-garde-a-vue\/#primaryimage\"},\"image\":{\"@id\":\"https:\/\/www.public.sn\/index.php\/2023\/03\/09\/urgent-adjibou-soumare-ancien-premier-ministre-place-en-garde-a-vue\/#primaryimage\"},\"thumbnailUrl\":\"https:\/\/www.public.sn\/wp-content\/uploads\/2023\/03\/hadjibou_0_0.jpg\",\"datePublished\":\"2023-03-09T21:07:22+00:00\",\"breadcrumb\":{\"@id\":\"https:\/\/www.public.sn\/index.php\/2023\/03\/09\/urgent-adjibou-soumare-ancien-premier-ministre-place-en-garde-a-vue\/#breadcrumb\"},\"inLanguage\":\"fr-FR\",\"potentialAction\":[{\"@type\":\"ReadAction\",\"target\":[\"https:\/\/www.public.sn\/index.php\/2023\/03\/09\/urgent-adjibou-soumare-ancien-premier-ministre-place-en-garde-a-vue\/\"]}]},{\"@type\":\"ImageObject\",\"inLanguage\":\"fr-FR\",\"@id\":\"https:\/\/www.public.sn\/index.php\/2023\/03\/09\/urgent-adjibou-soumare-ancien-premier-ministre-place-en-garde-a-vue\/#primaryimage\",\"url\":\"https:\/\/www.public.sn\/wp-content\/uploads\/2023\/03\/hadjibou_0_0.jpg\",\"contentUrl\":\"https:\/\/www.public.sn\/wp-content\/uploads\/2023\/03\/hadjibou_0_0.jpg\",\"width\":700,\"height\":451},{\"@type\":\"BreadcrumbList\",\"@id\":\"https:\/\/www.public.sn\/index.php\/2023\/03\/09\/urgent-adjibou-soumare-ancien-premier-ministre-place-en-garde-a-vue\/#breadcrumb\",\"itemListElement\":[{\"@type\":\"ListItem\",\"position\":1,\"name\":\"Accueil\",\"item\":\"https:\/\/www.public.sn\/\"},{\"@type\":\"ListItem\",\"position\":2,\"name\":\"Urgent: Adjibou Soumar\u00e9, ancien Premier Ministre, plac\u00e9 en garde \u00e0 vue\"}]},{\"@type\":\"WebSite\",\"@id\":\"https:\/\/www.public.sn\/#website\",\"url\":\"https:\/\/www.public.sn\/\",\"name\":\"LE PUBLIC\",\"description\":\"\",\"publisher\":{\"@id\":\"https:\/\/www.public.sn\/#organization\"},\"potentialAction\":[{\"@type\":\"SearchAction\",\"target\":{\"@type\":\"EntryPoint\",\"urlTemplate\":\"https:\/\/www.public.sn\/?s={search_term_string}\"},\"query-input\":{\"@type\":\"PropertyValueSpecification\",\"valueRequired\":true,\"valueName\":\"search_term_string\"}}],\"inLanguage\":\"fr-FR\"},{\"@type\":\"Organization\",\"@id\":\"https:\/\/www.public.sn\/#organization\",\"name\":\"LE PUBLIC\",\"url\":\"https:\/\/www.public.sn\/\",\"logo\":{\"@type\":\"ImageObject\",\"inLanguage\":\"fr-FR\",\"@id\":\"https:\/\/www.public.sn\/#\/schema\/logo\/image\/\",\"url\":\"https:\/\/www.public.sn\/wp-content\/uploads\/2024\/05\/cropped-LOGO-PUBLIC.SN_.png\",\"contentUrl\":\"https:\/\/www.public.sn\/wp-content\/uploads\/2024\/05\/cropped-LOGO-PUBLIC.SN_.png\",\"width\":682,\"height\":192,\"caption\":\"LE PUBLIC\"},\"image\":{\"@id\":\"https:\/\/www.public.sn\/#\/schema\/logo\/image\/\"}},{\"@type\":\"Person\",\"@id\":\"https:\/\/www.public.sn\/#\/schema\/person\/cb76c8e1b8becc6be61fb5e92d6d0224\",\"name\":\"LA REDACTION\",\"image\":{\"@type\":\"ImageObject\",\"inLanguage\":\"fr-FR\",\"@id\":\"https:\/\/www.public.sn\/#\/schema\/person\/image\/\",\"url\":\"https:\/\/secure.gravatar.com\/avatar\/2dce5ddd34b8fef0180efe03aa2a9bee7d953856048f9a16b298190a3178407c?s=96&d=mm&r=g\",\"contentUrl\":\"https:\/\/secure.gravatar.com\/avatar\/2dce5ddd34b8fef0180efe03aa2a9bee7d953856048f9a16b298190a3178407c?s=96&d=mm&r=g\",\"caption\":\"LA REDACTION\"},\"url\":\"https:\/\/www.public.sn\/index.php\/author\/editeurpsn\/\"}]}<\/script>\n<!-- \/ Yoast SEO plugin. -->","yoast_head_json":{"title":"Urgent: Adjibou Soumar\u00e9, ancien Premier Ministre, plac\u00e9 en garde \u00e0 vue - LE PUBLIC","robots":{"index":"index","follow":"follow","max-snippet":"max-snippet:-1","max-image-preview":"max-image-preview:large","max-video-preview":"max-video-preview:-1"},"canonical":"https:\/\/www.public.sn\/index.php\/2023\/03\/09\/urgent-adjibou-soumare-ancien-premier-ministre-place-en-garde-a-vue\/","og_locale":"fr_FR","og_type":"article","og_title":"Urgent: Adjibou Soumar\u00e9, ancien Premier Ministre, plac\u00e9 en garde \u00e0 vue - LE PUBLIC","og_description":"L&rsquo;ancien Premier Ministre Adjibou Soumar\u00e9 est plac\u00e9 en garde \u00e0 vue sur demande du procureur de la R\u00e9publique. Son interrogatoire face aux \u00e9l\u00e9ments du Commissariat central fait suite \u00e0 ses all\u00e9gations faisant \u00e9tat d&rsquo;un suppos\u00e9 don financier du Pr\u00e9sident Macky Sall \u00e0 Marine Le Pen.","og_url":"https:\/\/www.public.sn\/index.php\/2023\/03\/09\/urgent-adjibou-soumare-ancien-premier-ministre-place-en-garde-a-vue\/","og_site_name":"LE PUBLIC","article_published_time":"2023-03-09T21:07:22+00:00","og_image":[{"width":700,"height":451,"url":"https:\/\/www.public.sn\/wp-content\/uploads\/2023\/03\/hadjibou_0_0.jpg","type":"image\/jpeg"}],"author":"LA REDACTION","twitter_card":"summary_large_image","twitter_misc":{"\u00c9crit par":"LA REDACTION","Dur\u00e9e de lecture estim\u00e9e":"1 minute"},"schema":{"@context":"https:\/\/schema.org","@graph":[{"@type":"Article","@id":"https:\/\/www.public.sn\/index.php\/2023\/03\/09\/urgent-adjibou-soumare-ancien-premier-ministre-place-en-garde-a-vue\/#article","isPartOf":{"@id":"https:\/\/www.public.sn\/index.php\/2023\/03\/09\/urgent-adjibou-soumare-ancien-premier-ministre-place-en-garde-a-vue\/"},"author":{"name":"LA REDACTION","@id":"https:\/\/www.public.sn\/#\/schema\/person\/cb76c8e1b8becc6be61fb5e92d6d0224"},"headline":"Urgent: Adjibou Soumar\u00e9, ancien Premier Ministre, plac\u00e9 en garde \u00e0 vue","datePublished":"2023-03-09T21:07:22+00:00","mainEntityOfPage":{"@id":"https:\/\/www.public.sn\/index.php\/2023\/03\/09\/urgent-adjibou-soumare-ancien-premier-ministre-place-en-garde-a-vue\/"},"wordCount":56,"commentCount":0,"publisher":{"@id":"https:\/\/www.public.sn\/#organization"},"image":{"@id":"https:\/\/www.public.sn\/index.php\/2023\/03\/09\/urgent-adjibou-soumare-ancien-premier-ministre-place-en-garde-a-vue\/#primaryimage"},"thumbnailUrl":"https:\/\/www.public.sn\/wp-content\/uploads\/2023\/03\/hadjibou_0_0.jpg","keywords":["Adjibou Soumar\u00e9","Garde \u00e0 vue","Macky Sall","Suret\u00e9 Urbaine"],"articleSection":["ACTUALIT\u00c9S","justice","POLITIQUE","S\u00c9CURIT\u00c9 &amp; JUSTICE","S\u00c9N\u00c9GAL","VEDETTE"],"inLanguage":"fr-FR","potentialAction":[{"@type":"CommentAction","name":"Comment","target":["https:\/\/www.public.sn\/index.php\/2023\/03\/09\/urgent-adjibou-soumare-ancien-premier-ministre-place-en-garde-a-vue\/#respond"]}]},{"@type":"WebPage","@id":"https:\/\/www.public.sn\/index.php\/2023\/03\/09\/urgent-adjibou-soumare-ancien-premier-ministre-place-en-garde-a-vue\/","url":"https:\/\/www.public.sn\/index.php\/2023\/03\/09\/urgent-adjibou-soumare-ancien-premier-ministre-place-en-garde-a-vue\/","name":"Urgent: Adjibou Soumar\u00e9, ancien Premier Ministre, plac\u00e9 en garde \u00e0 vue - LE PUBLIC","isPartOf":{"@id":"https:\/\/www.public.sn\/#website"},"primaryImageOfPage":{"@id":"https:\/\/www.public.sn\/index.php\/2023\/03\/09\/urgent-adjibou-soumare-ancien-premier-ministre-place-en-garde-a-vue\/#primaryimage"},"image":{"@id":"https:\/\/www.public.sn\/index.php\/2023\/03\/09\/urgent-adjibou-soumare-ancien-premier-ministre-place-en-garde-a-vue\/#primaryimage"},"thumbnailUrl":"https:\/\/www.public.sn\/wp-content\/uploads\/2023\/03\/hadjibou_0_0.jpg","datePublished":"2023-03-09T21:07:22+00:00","breadcrumb":{"@id":"https:\/\/www.public.sn\/index.php\/2023\/03\/09\/urgent-adjibou-soumare-ancien-premier-ministre-place-en-garde-a-vue\/#breadcrumb"},"inLanguage":"fr-FR","potentialAction":[{"@type":"ReadAction","target":["https:\/\/www.public.sn\/index.php\/2023\/03\/09\/urgent-adjibou-soumare-ancien-premier-ministre-place-en-garde-a-vue\/"]}]},{"@type":"ImageObject","inLanguage":"fr-FR","@id":"https:\/\/www.public.sn\/index.php\/2023\/03\/09\/urgent-adjibou-soumare-ancien-premier-ministre-place-en-garde-a-vue\/#primaryimage","url":"https:\/\/www.public.sn\/wp-content\/uploads\/2023\/03\/hadjibou_0_0.jpg","contentUrl":"https:\/\/www.public.sn\/wp-content\/uploads\/2023\/03\/hadjibou_0_0.jpg","width":700,"height":451},{"@type":"BreadcrumbList","@id":"https:\/\/www.public.sn\/index.php\/2023\/03\/09\/urgent-adjibou-soumare-ancien-premier-ministre-place-en-garde-a-vue\/#breadcrumb","itemListElement":[{"@type":"ListItem","position":1,"name":"Accueil","item":"https:\/\/www.public.sn\/"},{"@type":"ListItem","position":2,"name":"Urgent: Adjibou Soumar\u00e9, ancien Premier Ministre, plac\u00e9 en garde \u00e0 vue"}]},{"@type":"WebSite","@id":"https:\/\/www.public.sn\/#website","url":"https:\/\/www.public.sn\/","name":"LE PUBLIC","description":"","publisher":{"@id":"https:\/\/www.public.sn\/#organization"},"potentialAction":[{"@type":"SearchAction","target":{"@type":"EntryPoint","urlTemplate":"https:\/\/www.public.sn\/?s={search_term_string}"},"query-input":{"@type":"PropertyValueSpecification","valueRequired":true,"valueName":"search_term_string"}}],"inLanguage":"fr-FR"},{"@type":"Organization","@id":"https:\/\/www.public.sn\/#organization","name":"LE PUBLIC","url":"https:\/\/www.public.sn\/","logo":{"@type":"ImageObject","inLanguage":"fr-FR","@id":"https:\/\/www.public.sn\/#\/schema\/logo\/image\/","url":"https:\/\/www.public.sn\/wp-content\/uploads\/2024\/05\/cropped-LOGO-PUBLIC.SN_.png","contentUrl":"https:\/\/www.public.sn\/wp-content\/uploads\/2024\/05\/cropped-LOGO-PUBLIC.SN_.png","width":682,"height":192,"caption":"LE PUBLIC"},"image":{"@id":"https:\/\/www.public.sn\/#\/schema\/logo\/image\/"}},{"@type":"Person","@id":"https:\/\/www.public.sn\/#\/schema\/person\/cb76c8e1b8becc6be61fb5e92d6d0224","name":"LA REDACTION","image":{"@type":"ImageObject","inLanguage":"fr-FR","@id":"https:\/\/www.public.sn\/#\/schema\/person\/image\/","url":"https:\/\/secure.gravatar.com\/avatar\/2dce5ddd34b8fef0180efe03aa2a9bee7d953856048f9a16b298190a3178407c?s=96&d=mm&r=g","contentUrl":"https:\/\/secure.gravatar.com\/avatar\/2dce5ddd34b8fef0180efe03aa2a9bee7d953856048f9a16b298190a3178407c?s=96&d=mm&r=g","caption":"LA REDACTION"},"url":"https:\/\/www.public.sn\/index.php\/author\/editeurpsn\/"}]}},"jetpack_featured_media_url":"https:\/\/www.public.sn\/wp-content\/uploads\/2023\/03\/hadjibou_0_0.jpg","jetpack_sharing_enabled":true,"_links":{"self":[{"href":"https:\/\/www.public.sn\/index.php\/wp-json\/wp\/v2\/posts\/17663","targetHints":{"allow":["GET"]}}],"collection":[{"href":"https:\/\/www.public.sn\/index.php\/wp-json\/wp\/v2\/posts"}],"about":[{"href":"https:\/\/www.public.sn\/index.php\/wp-json\/wp\/v2\/types\/post"}],"author":[{"embeddable":true,"href":"https:\/\/www.public.sn\/index.php\/wp-json\/wp\/v2\/users\/7"}],"replies":[{"embeddable":true,"href":"https:\/\/www.public.sn\/index.php\/wp-json\/wp\/v2\/comments?post=17663"}],"version-history":[{"count":1,"href":"https:\/\/www.public.sn\/index.php\/wp-json\/wp\/v2\/posts\/17663\/revisions"}],"predecessor-version":[{"id":17665,"href":"https:\/\/www.public.sn\/index.php\/wp-json\/wp\/v2\/posts\/17663\/revisions\/17665"}],"wp:featuredmedia":[{"embeddable":true,"href":"https:\/\/www.public.sn\/index.php\/wp-json\/wp\/v2\/media\/17664"}],"wp:attachment":[{"href":"https:\/\/www.public.sn\/index.php\/wp-json\/wp\/v2\/media?parent=17663"}],"wp:term":[{"taxonomy":"category","embeddable":true,"href":"https:\/\/www.public.sn\/index.php\/wp-json\/wp\/v2\/categories?post=17663"},{"taxonomy":"post_tag","embeddable":true,"href":"https:\/\/www.public.sn\/index.php\/wp-json\/wp\/v2\/tags?post=17663"}],"curies":[{"name":"wp","href":"https:\/\/api.w.org\/{rel}","templated":true}]}}