{"id":17666,"date":"2023-03-09T21:12:17","date_gmt":"2023-03-09T21:12:17","guid":{"rendered":"https:\/\/www.public.sn\/?p=17666"},"modified":"2023-03-09T21:12:17","modified_gmt":"2023-03-09T21:12:17","slug":"la-chronique-de-kaccoor-sur-les-tournees-de-macky-sall","status":"publish","type":"post","link":"https:\/\/www.public.sn\/index.php\/2023\/03\/09\/la-chronique-de-kaccoor-sur-les-tournees-de-macky-sall\/","title":{"rendered":"La chronique de Kaccoor sur les tourn\u00e9es de Macky Sall"},"content":{"rendered":"<p><strong>De la politique\u2026<\/strong><\/p><div class=\"publi-paragraphe1\" style=\"margin-top: 10px;margin-bottom: 10px;margin-left: auto;margin-right: auto;text-align: center;\" id=\"publi-3820626676\"><div class=\"publi-adlabel\">Publicit\u00e9<\/div><script async src=\"\/\/pagead2.googlesyndication.com\/pagead\/js\/adsbygoogle.js?client=ca-pub-4089586018074219\" crossorigin=\"anonymous\"><\/script><ins class=\"adsbygoogle\" style=\"display:block;\" data-ad-client=\"ca-pub-4089586018074219\" \ndata-ad-slot=\"2087940154\" \ndata-ad-format=\"auto\"><\/ins>\n<script> \n(adsbygoogle = window.adsbygoogle || []).push({}); \n<\/script>\n<\/div>\n<p>La pens\u00e9e est une nourriture. Elle participe \u00e0 la construction de l\u2019intellect. Elle alimente aussi l\u2019esprit, l\u2019irrigue de belles dispositions et l\u2019agr\u00e9mente de mille et une senteurs cognitives. Cette belle substantifique moelle contribue \u00e0 l\u2019\u00e9closion d\u2019une citoyennet\u00e9 responsable, entreprenante, dynamique. Elle \u00e9l\u00e8ve un pays dont elle forme les meilleurs fils et filles de mani\u00e8re que, outre leur comp\u00e9tence, ils soient anim\u00e9s seulement de patriotisme.<\/p>\n<p>Pour contribuer \u00e0 son d\u00e9veloppement. C\u2019est justement ce qui manque et emp\u00eache notre d\u00e9veloppement \u00e9conomique depuis des d\u00e9cennies. On l\u2019esp\u00e9rait quand l\u2019autre th\u00e9orisait l\u2019esprit de la Patrie avant le Parti. Une rupture qui nous promettait des lendemains meilleurs. Les r\u00e9centes tourn\u00e9es du Chef renseignent que, plut\u00f4t que de militants ayant des convictions, ce pays rec\u00e8le plut\u00f4t de mercenaires. Ils agissent pour p\u00e9renniser des rentes. On ne comprend pas tout cet exc\u00e8s qui fait courir ces responsables. Se ruiner pour mobiliser des foules.<\/p>\n<div class=\"nty nty-post-middle nty-float-center nty-align-center nty-column-1 nty-clearfix no-bg-box-model\">\n<div id=\"nty-3576-955625862\" class=\"nty-container nty-type-code \" data-adid=\"3576\" data-type=\"code\">\n<div id=\"nty-3576-955625862-place\"><ins class=\"adsbygoogle\" data-ad-client=\"ca-pub-9473846353102696\" data-ad-slot=\"4242883252\" data-ad-layout=\"in-article\" data-ad-format=\"fluid\" data-adsbygoogle-status=\"done\" data-ad-status=\"unfilled\"><\/p>\n<div id=\"aswift_5_host\" tabindex=\"0\" title=\"Advertisement\" aria-label=\"Advertisement\"><\/div>\n<p><\/ins><\/div>\n<\/div>\n<\/div>\n<p>Lesquelles sont pr\u00e9sent\u00e9es comme de la chair \u00e0 canon. Pardon, du b\u00e9tail \u00e0 faire pr\u00e9valoir pour esp\u00e9rer plus. Ils exposent des hommes et femmes dans l\u2019espoir d\u2019avoir plus de privil\u00e8ges. Tout y passe. Des publireportages pay\u00e9s \u00e0 coup de millions, des annonces racoleuses \u00e0 la \u00ab Une \u00bb des p\u00e9riodiques. Leur seule et unique obsession : montrer leur force afin de b\u00e9n\u00e9ficier de plus de pr\u00e9bendes. C\u2019est \u00e0 croire que tous ces cadres que comptent nos minist\u00e8res et soci\u00e9t\u00e9s publiques militent dans la formation politique au pouvoir qu\u2019ils quitteront d\u00e8s que le Chef perdra le pouvoir. Comme si on ne pouvait servir son pays avec patriotisme et loyaut\u00e9 sans \u00eatre membre du parti au pouvoir.<\/p>\n<p>Tous ces messieurs et dames qui courent et crient comme des ali\u00e9n\u00e9s lors des tourn\u00e9es \u00e9conomiques du Chef, s\u2019accrochant \u00e0 son v\u00e9hicule comme de vulgaires \u00ab coxeurs \u00bb, abusent de l\u2019argent public. Et ils sont toujours les premiers \u00e0 tirer sur ceux qui ne pensent pas comme eux. Pourquoi donc pensez- vous au pauvre Hadjibou Soumare ?<\/p>\n<p>L\u2019ancien Premier ministre est ainsi convoqu\u00e9 \u00e0 la suret\u00e9 urbaine pour avoir os\u00e9 poser des questions au Chef. Rien que \u00e7a ? Bon, il faudra que tout le monde la ferme. Surtout nous autres journalistes, qui avons la propension \u00e0 poser des questions qui f\u00e2chent. Et tant pis pour la libert\u00e9 de presse.<\/p>\n<p><strong>Kaccoor Bi-Le T\u00e9moin<\/strong><\/p>\n<div class=\"publi-apres-le-contenu\" style=\"margin-top: 10px;margin-bottom: 10px;margin-left: auto;margin-right: auto;text-align: center;\" id=\"publi-411932771\"><div class=\"publi-adlabel\">Publicit\u00e9<\/div><script async src=\"\/\/pagead2.googlesyndication.com\/pagead\/js\/adsbygoogle.js?client=ca-pub-4089586018074219\" crossorigin=\"anonymous\"><\/script><ins class=\"adsbygoogle\" style=\"display:block;\" data-ad-client=\"ca-pub-4089586018074219\" \ndata-ad-slot=\"2087940154\" \ndata-ad-format=\"auto\"><\/ins>\n<script> \n(adsbygoogle = window.adsbygoogle || []).push({}); \n<\/script>\n<\/div>","protected":false},"excerpt":{"rendered":"<p>De la politique\u2026 La pens\u00e9e est une nourriture. Elle participe \u00e0 la construction de l\u2019intellect. Elle alimente aussi l\u2019esprit, l\u2019irrigue de belles dispositions et l\u2019agr\u00e9mente de mille et une senteurs cognitives. Cette belle substantifique moelle contribue \u00e0 l\u2019\u00e9closion d\u2019une citoyennet\u00e9 responsable, entreprenante, dynamique. Elle \u00e9l\u00e8ve un pays dont elle forme les meilleurs fils et filles de mani\u00e8re que, outre leur comp\u00e9tence, ils soient anim\u00e9s seulement de patriotisme. Pour contribuer \u00e0 son d\u00e9veloppement. C\u2019est justement ce qui manque et emp\u00eache notre d\u00e9veloppement \u00e9conomique depuis des d\u00e9cennies. On l\u2019esp\u00e9rait quand l\u2019autre th\u00e9orisait l\u2019esprit de la Patrie avant le Parti. Une rupture qui nous promettait des lendemains meilleurs. Les r\u00e9centes tourn\u00e9es du Chef renseignent que, plut\u00f4t que de militants ayant des convictions, ce pays rec\u00e8le plut\u00f4t de mercenaires. Ils agissent pour p\u00e9renniser des rentes. On ne comprend pas tout cet exc\u00e8s qui fait courir ces responsables. Se ruiner pour mobiliser des foules. Lesquelles sont pr\u00e9sent\u00e9es comme de la chair \u00e0 canon. Pardon, du b\u00e9tail \u00e0 faire pr\u00e9valoir pour esp\u00e9rer plus. Ils exposent des hommes et femmes dans l\u2019espoir d\u2019avoir plus de privil\u00e8ges. Tout y passe. Des publireportages pay\u00e9s \u00e0 coup de millions, des annonces racoleuses \u00e0 la \u00ab Une \u00bb des p\u00e9riodiques. Leur seule et unique obsession : montrer leur force afin de b\u00e9n\u00e9ficier de plus de pr\u00e9bendes. C\u2019est \u00e0 croire que tous ces cadres que comptent nos minist\u00e8res et soci\u00e9t\u00e9s publiques militent dans la formation politique au pouvoir qu\u2019ils quitteront d\u00e8s que le Chef perdra le pouvoir. Comme si on ne pouvait servir son pays avec patriotisme et loyaut\u00e9 sans \u00eatre membre du parti au pouvoir. Tous ces messieurs et dames qui courent et crient comme des ali\u00e9n\u00e9s lors des tourn\u00e9es \u00e9conomiques du Chef, s\u2019accrochant \u00e0 son v\u00e9hicule comme de vulgaires \u00ab coxeurs \u00bb, abusent de l\u2019argent public. Et ils sont toujours les premiers \u00e0 tirer sur ceux qui ne pensent pas comme eux. Pourquoi donc pensez- vous au pauvre Hadjibou Soumare ? L\u2019ancien Premier ministre est ainsi convoqu\u00e9 \u00e0 la suret\u00e9 urbaine pour avoir os\u00e9 poser des questions au Chef. Rien que \u00e7a ? Bon, il faudra que tout le monde la ferme. Surtout nous autres journalistes, qui avons la propension \u00e0 poser des questions qui f\u00e2chent. Et tant pis pour la libert\u00e9 de presse. Kaccoor Bi-Le T\u00e9moin<\/p>\n","protected":false},"author":7,"featured_media":17667,"comment_status":"open","ping_status":"open","sticky":false,"template":"","format":"standard","meta":{"_jetpack_memberships_contains_paid_content":false,"footnotes":""},"categories":[375,1023,1575,3,1,4,372],"tags":[4740,4595,11,4325],"class_list":["post-17666","post","type-post","status-publish","format-standard","has-post-thumbnail","hentry","category-actualites","category-buzz","category-contributions","category-politique","category-non-classe","category-societe","category-vedette","tag-chronique","tag-kaccoor","tag-macky-sall","tag-tournee-economique","entry","has-media","owp-thumbs-layout-horizontal","owp-btn-normal","owp-tabs-layout-horizontal","has-no-thumbnails","has-product-nav"],"yoast_head":"<!-- This site is optimized with the Yoast SEO plugin v25.5 - https:\/\/yoast.com\/wordpress\/plugins\/seo\/ -->\n<title>La chronique de Kaccoor sur les tourn\u00e9es de Macky Sall - LE PUBLIC<\/title>\n<meta name=\"robots\" content=\"index, follow, max-snippet:-1, max-image-preview:large, max-video-preview:-1\" \/>\n<link rel=\"canonical\" href=\"https:\/\/www.public.sn\/index.php\/2023\/03\/09\/la-chronique-de-kaccoor-sur-les-tournees-de-macky-sall\/\" \/>\n<meta property=\"og:locale\" content=\"fr_FR\" \/>\n<meta property=\"og:type\" content=\"article\" \/>\n<meta property=\"og:title\" content=\"La chronique de Kaccoor sur les tourn\u00e9es de Macky Sall - LE PUBLIC\" \/>\n<meta property=\"og:description\" content=\"De la politique\u2026 La pens\u00e9e est une nourriture. Elle participe \u00e0 la construction de l\u2019intellect. Elle alimente aussi l\u2019esprit, l\u2019irrigue de belles dispositions et l\u2019agr\u00e9mente de mille et une senteurs cognitives. Cette belle substantifique moelle contribue \u00e0 l\u2019\u00e9closion d\u2019une citoyennet\u00e9 responsable, entreprenante, dynamique. Elle \u00e9l\u00e8ve un pays dont elle forme les meilleurs fils et filles de mani\u00e8re que, outre leur comp\u00e9tence, ils soient anim\u00e9s seulement de patriotisme. Pour contribuer \u00e0 son d\u00e9veloppement. C\u2019est justement ce qui manque et emp\u00eache notre d\u00e9veloppement \u00e9conomique depuis des d\u00e9cennies. On l\u2019esp\u00e9rait quand l\u2019autre th\u00e9orisait l\u2019esprit de la Patrie avant le Parti. Une rupture qui nous promettait des lendemains meilleurs. Les r\u00e9centes tourn\u00e9es du Chef renseignent que, plut\u00f4t que de militants ayant des convictions, ce pays rec\u00e8le plut\u00f4t de mercenaires. Ils agissent pour p\u00e9renniser des rentes. On ne comprend pas tout cet exc\u00e8s qui fait courir ces responsables. Se ruiner pour mobiliser des foules. Lesquelles sont pr\u00e9sent\u00e9es comme de la chair \u00e0 canon. Pardon, du b\u00e9tail \u00e0 faire pr\u00e9valoir pour esp\u00e9rer plus. Ils exposent des hommes et femmes dans l\u2019espoir d\u2019avoir plus de privil\u00e8ges. Tout y passe. Des publireportages pay\u00e9s \u00e0 coup de millions, des annonces racoleuses \u00e0 la \u00ab Une \u00bb des p\u00e9riodiques. Leur seule et unique obsession : montrer leur force afin de b\u00e9n\u00e9ficier de plus de pr\u00e9bendes. C\u2019est \u00e0 croire que tous ces cadres que comptent nos minist\u00e8res et soci\u00e9t\u00e9s publiques militent dans la formation politique au pouvoir qu\u2019ils quitteront d\u00e8s que le Chef perdra le pouvoir. Comme si on ne pouvait servir son pays avec patriotisme et loyaut\u00e9 sans \u00eatre membre du parti au pouvoir. Tous ces messieurs et dames qui courent et crient comme des ali\u00e9n\u00e9s lors des tourn\u00e9es \u00e9conomiques du Chef, s\u2019accrochant \u00e0 son v\u00e9hicule comme de vulgaires \u00ab coxeurs \u00bb, abusent de l\u2019argent public. Et ils sont toujours les premiers \u00e0 tirer sur ceux qui ne pensent pas comme eux. Pourquoi donc pensez- vous au pauvre Hadjibou Soumare ? L\u2019ancien Premier ministre est ainsi convoqu\u00e9 \u00e0 la suret\u00e9 urbaine pour avoir os\u00e9 poser des questions au Chef. Rien que \u00e7a ? Bon, il faudra que tout le monde la ferme. Surtout nous autres journalistes, qui avons la propension \u00e0 poser des questions qui f\u00e2chent. Et tant pis pour la libert\u00e9 de presse. Kaccoor Bi-Le T\u00e9moin\" \/>\n<meta property=\"og:url\" content=\"https:\/\/www.public.sn\/index.php\/2023\/03\/09\/la-chronique-de-kaccoor-sur-les-tournees-de-macky-sall\/\" \/>\n<meta property=\"og:site_name\" content=\"LE PUBLIC\" \/>\n<meta property=\"article:published_time\" content=\"2023-03-09T21:12:17+00:00\" \/>\n<meta property=\"og:image\" content=\"https:\/\/www.public.sn\/wp-content\/uploads\/2023\/03\/Tourne-economique.jpg\" \/>\n\t<meta property=\"og:image:width\" content=\"800\" \/>\n\t<meta property=\"og:image:height\" content=\"458\" \/>\n\t<meta property=\"og:image:type\" content=\"image\/jpeg\" \/>\n<meta name=\"author\" content=\"LA REDACTION\" \/>\n<meta name=\"twitter:card\" content=\"summary_large_image\" \/>\n<meta name=\"twitter:label1\" content=\"\u00c9crit par\" \/>\n\t<meta name=\"twitter:data1\" content=\"LA REDACTION\" \/>\n\t<meta name=\"twitter:label2\" content=\"Dur\u00e9e de lecture estim\u00e9e\" \/>\n\t<meta name=\"twitter:data2\" content=\"2 minutes\" \/>\n<script type=\"application\/ld+json\" class=\"yoast-schema-graph\">{\"@context\":\"https:\/\/schema.org\",\"@graph\":[{\"@type\":\"Article\",\"@id\":\"https:\/\/www.public.sn\/index.php\/2023\/03\/09\/la-chronique-de-kaccoor-sur-les-tournees-de-macky-sall\/#article\",\"isPartOf\":{\"@id\":\"https:\/\/www.public.sn\/index.php\/2023\/03\/09\/la-chronique-de-kaccoor-sur-les-tournees-de-macky-sall\/\"},\"author\":{\"name\":\"LA REDACTION\",\"@id\":\"https:\/\/www.public.sn\/#\/schema\/person\/cb76c8e1b8becc6be61fb5e92d6d0224\"},\"headline\":\"La chronique de Kaccoor sur les tourn\u00e9es de Macky Sall\",\"datePublished\":\"2023-03-09T21:12:17+00:00\",\"mainEntityOfPage\":{\"@id\":\"https:\/\/www.public.sn\/index.php\/2023\/03\/09\/la-chronique-de-kaccoor-sur-les-tournees-de-macky-sall\/\"},\"wordCount\":426,\"commentCount\":0,\"publisher\":{\"@id\":\"https:\/\/www.public.sn\/#organization\"},\"image\":{\"@id\":\"https:\/\/www.public.sn\/index.php\/2023\/03\/09\/la-chronique-de-kaccoor-sur-les-tournees-de-macky-sall\/#primaryimage\"},\"thumbnailUrl\":\"https:\/\/www.public.sn\/wp-content\/uploads\/2023\/03\/Tourne-economique.jpg\",\"keywords\":[\"chronique\",\"Kaccoor\",\"Macky Sall\",\"tourn\u00e9e \u00e9conomique\"],\"articleSection\":[\"ACTUALIT\u00c9S\",\"BUZZ\",\"CONTRIBUTIONS\",\"POLITIQUE\",\"S\u00c9N\u00c9GAL\",\"SOCIETE\",\"VEDETTE\"],\"inLanguage\":\"fr-FR\",\"potentialAction\":[{\"@type\":\"CommentAction\",\"name\":\"Comment\",\"target\":[\"https:\/\/www.public.sn\/index.php\/2023\/03\/09\/la-chronique-de-kaccoor-sur-les-tournees-de-macky-sall\/#respond\"]}]},{\"@type\":\"WebPage\",\"@id\":\"https:\/\/www.public.sn\/index.php\/2023\/03\/09\/la-chronique-de-kaccoor-sur-les-tournees-de-macky-sall\/\",\"url\":\"https:\/\/www.public.sn\/index.php\/2023\/03\/09\/la-chronique-de-kaccoor-sur-les-tournees-de-macky-sall\/\",\"name\":\"La chronique de Kaccoor sur les tourn\u00e9es de Macky Sall - LE PUBLIC\",\"isPartOf\":{\"@id\":\"https:\/\/www.public.sn\/#website\"},\"primaryImageOfPage\":{\"@id\":\"https:\/\/www.public.sn\/index.php\/2023\/03\/09\/la-chronique-de-kaccoor-sur-les-tournees-de-macky-sall\/#primaryimage\"},\"image\":{\"@id\":\"https:\/\/www.public.sn\/index.php\/2023\/03\/09\/la-chronique-de-kaccoor-sur-les-tournees-de-macky-sall\/#primaryimage\"},\"thumbnailUrl\":\"https:\/\/www.public.sn\/wp-content\/uploads\/2023\/03\/Tourne-economique.jpg\",\"datePublished\":\"2023-03-09T21:12:17+00:00\",\"breadcrumb\":{\"@id\":\"https:\/\/www.public.sn\/index.php\/2023\/03\/09\/la-chronique-de-kaccoor-sur-les-tournees-de-macky-sall\/#breadcrumb\"},\"inLanguage\":\"fr-FR\",\"potentialAction\":[{\"@type\":\"ReadAction\",\"target\":[\"https:\/\/www.public.sn\/index.php\/2023\/03\/09\/la-chronique-de-kaccoor-sur-les-tournees-de-macky-sall\/\"]}]},{\"@type\":\"ImageObject\",\"inLanguage\":\"fr-FR\",\"@id\":\"https:\/\/www.public.sn\/index.php\/2023\/03\/09\/la-chronique-de-kaccoor-sur-les-tournees-de-macky-sall\/#primaryimage\",\"url\":\"https:\/\/www.public.sn\/wp-content\/uploads\/2023\/03\/Tourne-economique.jpg\",\"contentUrl\":\"https:\/\/www.public.sn\/wp-content\/uploads\/2023\/03\/Tourne-economique.jpg\",\"width\":800,\"height\":458},{\"@type\":\"BreadcrumbList\",\"@id\":\"https:\/\/www.public.sn\/index.php\/2023\/03\/09\/la-chronique-de-kaccoor-sur-les-tournees-de-macky-sall\/#breadcrumb\",\"itemListElement\":[{\"@type\":\"ListItem\",\"position\":1,\"name\":\"Accueil\",\"item\":\"https:\/\/www.public.sn\/\"},{\"@type\":\"ListItem\",\"position\":2,\"name\":\"La chronique de Kaccoor sur les tourn\u00e9es de Macky Sall\"}]},{\"@type\":\"WebSite\",\"@id\":\"https:\/\/www.public.sn\/#website\",\"url\":\"https:\/\/www.public.sn\/\",\"name\":\"LE PUBLIC\",\"description\":\"\",\"publisher\":{\"@id\":\"https:\/\/www.public.sn\/#organization\"},\"potentialAction\":[{\"@type\":\"SearchAction\",\"target\":{\"@type\":\"EntryPoint\",\"urlTemplate\":\"https:\/\/www.public.sn\/?s={search_term_string}\"},\"query-input\":{\"@type\":\"PropertyValueSpecification\",\"valueRequired\":true,\"valueName\":\"search_term_string\"}}],\"inLanguage\":\"fr-FR\"},{\"@type\":\"Organization\",\"@id\":\"https:\/\/www.public.sn\/#organization\",\"name\":\"LE PUBLIC\",\"url\":\"https:\/\/www.public.sn\/\",\"logo\":{\"@type\":\"ImageObject\",\"inLanguage\":\"fr-FR\",\"@id\":\"https:\/\/www.public.sn\/#\/schema\/logo\/image\/\",\"url\":\"https:\/\/www.public.sn\/wp-content\/uploads\/2024\/05\/cropped-LOGO-PUBLIC.SN_.png\",\"contentUrl\":\"https:\/\/www.public.sn\/wp-content\/uploads\/2024\/05\/cropped-LOGO-PUBLIC.SN_.png\",\"width\":682,\"height\":192,\"caption\":\"LE PUBLIC\"},\"image\":{\"@id\":\"https:\/\/www.public.sn\/#\/schema\/logo\/image\/\"}},{\"@type\":\"Person\",\"@id\":\"https:\/\/www.public.sn\/#\/schema\/person\/cb76c8e1b8becc6be61fb5e92d6d0224\",\"name\":\"LA REDACTION\",\"image\":{\"@type\":\"ImageObject\",\"inLanguage\":\"fr-FR\",\"@id\":\"https:\/\/www.public.sn\/#\/schema\/person\/image\/\",\"url\":\"https:\/\/secure.gravatar.com\/avatar\/2dce5ddd34b8fef0180efe03aa2a9bee7d953856048f9a16b298190a3178407c?s=96&d=mm&r=g\",\"contentUrl\":\"https:\/\/secure.gravatar.com\/avatar\/2dce5ddd34b8fef0180efe03aa2a9bee7d953856048f9a16b298190a3178407c?s=96&d=mm&r=g\",\"caption\":\"LA REDACTION\"},\"url\":\"https:\/\/www.public.sn\/index.php\/author\/editeurpsn\/\"}]}<\/script>\n<!-- \/ Yoast SEO plugin. -->","yoast_head_json":{"title":"La chronique de Kaccoor sur les tourn\u00e9es de Macky Sall - LE PUBLIC","robots":{"index":"index","follow":"follow","max-snippet":"max-snippet:-1","max-image-preview":"max-image-preview:large","max-video-preview":"max-video-preview:-1"},"canonical":"https:\/\/www.public.sn\/index.php\/2023\/03\/09\/la-chronique-de-kaccoor-sur-les-tournees-de-macky-sall\/","og_locale":"fr_FR","og_type":"article","og_title":"La chronique de Kaccoor sur les tourn\u00e9es de Macky Sall - LE PUBLIC","og_description":"De la politique\u2026 La pens\u00e9e est une nourriture. Elle participe \u00e0 la construction de l\u2019intellect. Elle alimente aussi l\u2019esprit, l\u2019irrigue de belles dispositions et l\u2019agr\u00e9mente de mille et une senteurs cognitives. Cette belle substantifique moelle contribue \u00e0 l\u2019\u00e9closion d\u2019une citoyennet\u00e9 responsable, entreprenante, dynamique. Elle \u00e9l\u00e8ve un pays dont elle forme les meilleurs fils et filles de mani\u00e8re que, outre leur comp\u00e9tence, ils soient anim\u00e9s seulement de patriotisme. Pour contribuer \u00e0 son d\u00e9veloppement. C\u2019est justement ce qui manque et emp\u00eache notre d\u00e9veloppement \u00e9conomique depuis des d\u00e9cennies. On l\u2019esp\u00e9rait quand l\u2019autre th\u00e9orisait l\u2019esprit de la Patrie avant le Parti. Une rupture qui nous promettait des lendemains meilleurs. Les r\u00e9centes tourn\u00e9es du Chef renseignent que, plut\u00f4t que de militants ayant des convictions, ce pays rec\u00e8le plut\u00f4t de mercenaires. Ils agissent pour p\u00e9renniser des rentes. On ne comprend pas tout cet exc\u00e8s qui fait courir ces responsables. Se ruiner pour mobiliser des foules. Lesquelles sont pr\u00e9sent\u00e9es comme de la chair \u00e0 canon. Pardon, du b\u00e9tail \u00e0 faire pr\u00e9valoir pour esp\u00e9rer plus. Ils exposent des hommes et femmes dans l\u2019espoir d\u2019avoir plus de privil\u00e8ges. Tout y passe. Des publireportages pay\u00e9s \u00e0 coup de millions, des annonces racoleuses \u00e0 la \u00ab Une \u00bb des p\u00e9riodiques. Leur seule et unique obsession : montrer leur force afin de b\u00e9n\u00e9ficier de plus de pr\u00e9bendes. C\u2019est \u00e0 croire que tous ces cadres que comptent nos minist\u00e8res et soci\u00e9t\u00e9s publiques militent dans la formation politique au pouvoir qu\u2019ils quitteront d\u00e8s que le Chef perdra le pouvoir. Comme si on ne pouvait servir son pays avec patriotisme et loyaut\u00e9 sans \u00eatre membre du parti au pouvoir. Tous ces messieurs et dames qui courent et crient comme des ali\u00e9n\u00e9s lors des tourn\u00e9es \u00e9conomiques du Chef, s\u2019accrochant \u00e0 son v\u00e9hicule comme de vulgaires \u00ab coxeurs \u00bb, abusent de l\u2019argent public. Et ils sont toujours les premiers \u00e0 tirer sur ceux qui ne pensent pas comme eux. Pourquoi donc pensez- vous au pauvre Hadjibou Soumare ? L\u2019ancien Premier ministre est ainsi convoqu\u00e9 \u00e0 la suret\u00e9 urbaine pour avoir os\u00e9 poser des questions au Chef. Rien que \u00e7a ? Bon, il faudra que tout le monde la ferme. Surtout nous autres journalistes, qui avons la propension \u00e0 poser des questions qui f\u00e2chent. Et tant pis pour la libert\u00e9 de presse. Kaccoor Bi-Le T\u00e9moin","og_url":"https:\/\/www.public.sn\/index.php\/2023\/03\/09\/la-chronique-de-kaccoor-sur-les-tournees-de-macky-sall\/","og_site_name":"LE PUBLIC","article_published_time":"2023-03-09T21:12:17+00:00","og_image":[{"width":800,"height":458,"url":"https:\/\/www.public.sn\/wp-content\/uploads\/2023\/03\/Tourne-economique.jpg","type":"image\/jpeg"}],"author":"LA REDACTION","twitter_card":"summary_large_image","twitter_misc":{"\u00c9crit par":"LA REDACTION","Dur\u00e9e de lecture estim\u00e9e":"2 minutes"},"schema":{"@context":"https:\/\/schema.org","@graph":[{"@type":"Article","@id":"https:\/\/www.public.sn\/index.php\/2023\/03\/09\/la-chronique-de-kaccoor-sur-les-tournees-de-macky-sall\/#article","isPartOf":{"@id":"https:\/\/www.public.sn\/index.php\/2023\/03\/09\/la-chronique-de-kaccoor-sur-les-tournees-de-macky-sall\/"},"author":{"name":"LA REDACTION","@id":"https:\/\/www.public.sn\/#\/schema\/person\/cb76c8e1b8becc6be61fb5e92d6d0224"},"headline":"La chronique de Kaccoor sur les tourn\u00e9es de Macky Sall","datePublished":"2023-03-09T21:12:17+00:00","mainEntityOfPage":{"@id":"https:\/\/www.public.sn\/index.php\/2023\/03\/09\/la-chronique-de-kaccoor-sur-les-tournees-de-macky-sall\/"},"wordCount":426,"commentCount":0,"publisher":{"@id":"https:\/\/www.public.sn\/#organization"},"image":{"@id":"https:\/\/www.public.sn\/index.php\/2023\/03\/09\/la-chronique-de-kaccoor-sur-les-tournees-de-macky-sall\/#primaryimage"},"thumbnailUrl":"https:\/\/www.public.sn\/wp-content\/uploads\/2023\/03\/Tourne-economique.jpg","keywords":["chronique","Kaccoor","Macky Sall","tourn\u00e9e \u00e9conomique"],"articleSection":["ACTUALIT\u00c9S","BUZZ","CONTRIBUTIONS","POLITIQUE","S\u00c9N\u00c9GAL","SOCIETE","VEDETTE"],"inLanguage":"fr-FR","potentialAction":[{"@type":"CommentAction","name":"Comment","target":["https:\/\/www.public.sn\/index.php\/2023\/03\/09\/la-chronique-de-kaccoor-sur-les-tournees-de-macky-sall\/#respond"]}]},{"@type":"WebPage","@id":"https:\/\/www.public.sn\/index.php\/2023\/03\/09\/la-chronique-de-kaccoor-sur-les-tournees-de-macky-sall\/","url":"https:\/\/www.public.sn\/index.php\/2023\/03\/09\/la-chronique-de-kaccoor-sur-les-tournees-de-macky-sall\/","name":"La chronique de Kaccoor sur les tourn\u00e9es de Macky Sall - LE PUBLIC","isPartOf":{"@id":"https:\/\/www.public.sn\/#website"},"primaryImageOfPage":{"@id":"https:\/\/www.public.sn\/index.php\/2023\/03\/09\/la-chronique-de-kaccoor-sur-les-tournees-de-macky-sall\/#primaryimage"},"image":{"@id":"https:\/\/www.public.sn\/index.php\/2023\/03\/09\/la-chronique-de-kaccoor-sur-les-tournees-de-macky-sall\/#primaryimage"},"thumbnailUrl":"https:\/\/www.public.sn\/wp-content\/uploads\/2023\/03\/Tourne-economique.jpg","datePublished":"2023-03-09T21:12:17+00:00","breadcrumb":{"@id":"https:\/\/www.public.sn\/index.php\/2023\/03\/09\/la-chronique-de-kaccoor-sur-les-tournees-de-macky-sall\/#breadcrumb"},"inLanguage":"fr-FR","potentialAction":[{"@type":"ReadAction","target":["https:\/\/www.public.sn\/index.php\/2023\/03\/09\/la-chronique-de-kaccoor-sur-les-tournees-de-macky-sall\/"]}]},{"@type":"ImageObject","inLanguage":"fr-FR","@id":"https:\/\/www.public.sn\/index.php\/2023\/03\/09\/la-chronique-de-kaccoor-sur-les-tournees-de-macky-sall\/#primaryimage","url":"https:\/\/www.public.sn\/wp-content\/uploads\/2023\/03\/Tourne-economique.jpg","contentUrl":"https:\/\/www.public.sn\/wp-content\/uploads\/2023\/03\/Tourne-economique.jpg","width":800,"height":458},{"@type":"BreadcrumbList","@id":"https:\/\/www.public.sn\/index.php\/2023\/03\/09\/la-chronique-de-kaccoor-sur-les-tournees-de-macky-sall\/#breadcrumb","itemListElement":[{"@type":"ListItem","position":1,"name":"Accueil","item":"https:\/\/www.public.sn\/"},{"@type":"ListItem","position":2,"name":"La chronique de Kaccoor sur les tourn\u00e9es de Macky Sall"}]},{"@type":"WebSite","@id":"https:\/\/www.public.sn\/#website","url":"https:\/\/www.public.sn\/","name":"LE PUBLIC","description":"","publisher":{"@id":"https:\/\/www.public.sn\/#organization"},"potentialAction":[{"@type":"SearchAction","target":{"@type":"EntryPoint","urlTemplate":"https:\/\/www.public.sn\/?s={search_term_string}"},"query-input":{"@type":"PropertyValueSpecification","valueRequired":true,"valueName":"search_term_string"}}],"inLanguage":"fr-FR"},{"@type":"Organization","@id":"https:\/\/www.public.sn\/#organization","name":"LE PUBLIC","url":"https:\/\/www.public.sn\/","logo":{"@type":"ImageObject","inLanguage":"fr-FR","@id":"https:\/\/www.public.sn\/#\/schema\/logo\/image\/","url":"https:\/\/www.public.sn\/wp-content\/uploads\/2024\/05\/cropped-LOGO-PUBLIC.SN_.png","contentUrl":"https:\/\/www.public.sn\/wp-content\/uploads\/2024\/05\/cropped-LOGO-PUBLIC.SN_.png","width":682,"height":192,"caption":"LE PUBLIC"},"image":{"@id":"https:\/\/www.public.sn\/#\/schema\/logo\/image\/"}},{"@type":"Person","@id":"https:\/\/www.public.sn\/#\/schema\/person\/cb76c8e1b8becc6be61fb5e92d6d0224","name":"LA REDACTION","image":{"@type":"ImageObject","inLanguage":"fr-FR","@id":"https:\/\/www.public.sn\/#\/schema\/person\/image\/","url":"https:\/\/secure.gravatar.com\/avatar\/2dce5ddd34b8fef0180efe03aa2a9bee7d953856048f9a16b298190a3178407c?s=96&d=mm&r=g","contentUrl":"https:\/\/secure.gravatar.com\/avatar\/2dce5ddd34b8fef0180efe03aa2a9bee7d953856048f9a16b298190a3178407c?s=96&d=mm&r=g","caption":"LA REDACTION"},"url":"https:\/\/www.public.sn\/index.php\/author\/editeurpsn\/"}]}},"jetpack_featured_media_url":"https:\/\/www.public.sn\/wp-content\/uploads\/2023\/03\/Tourne-economique.jpg","jetpack_sharing_enabled":true,"_links":{"self":[{"href":"https:\/\/www.public.sn\/index.php\/wp-json\/wp\/v2\/posts\/17666","targetHints":{"allow":["GET"]}}],"collection":[{"href":"https:\/\/www.public.sn\/index.php\/wp-json\/wp\/v2\/posts"}],"about":[{"href":"https:\/\/www.public.sn\/index.php\/wp-json\/wp\/v2\/types\/post"}],"author":[{"embeddable":true,"href":"https:\/\/www.public.sn\/index.php\/wp-json\/wp\/v2\/users\/7"}],"replies":[{"embeddable":true,"href":"https:\/\/www.public.sn\/index.php\/wp-json\/wp\/v2\/comments?post=17666"}],"version-history":[{"count":1,"href":"https:\/\/www.public.sn\/index.php\/wp-json\/wp\/v2\/posts\/17666\/revisions"}],"predecessor-version":[{"id":17668,"href":"https:\/\/www.public.sn\/index.php\/wp-json\/wp\/v2\/posts\/17666\/revisions\/17668"}],"wp:featuredmedia":[{"embeddable":true,"href":"https:\/\/www.public.sn\/index.php\/wp-json\/wp\/v2\/media\/17667"}],"wp:attachment":[{"href":"https:\/\/www.public.sn\/index.php\/wp-json\/wp\/v2\/media?parent=17666"}],"wp:term":[{"taxonomy":"category","embeddable":true,"href":"https:\/\/www.public.sn\/index.php\/wp-json\/wp\/v2\/categories?post=17666"},{"taxonomy":"post_tag","embeddable":true,"href":"https:\/\/www.public.sn\/index.php\/wp-json\/wp\/v2\/tags?post=17666"}],"curies":[{"name":"wp","href":"https:\/\/api.w.org\/{rel}","templated":true}]}}