{"id":17881,"date":"2023-03-12T19:41:36","date_gmt":"2023-03-12T19:41:36","guid":{"rendered":"https:\/\/www.public.sn\/?p=17881"},"modified":"2023-03-12T19:41:36","modified_gmt":"2023-03-12T19:41:36","slug":"apres-leur-sacre-les-lionceaux-recus-au-palais-ce-lundi","status":"publish","type":"post","link":"https:\/\/www.public.sn\/index.php\/2023\/03\/12\/apres-leur-sacre-les-lionceaux-recus-au-palais-ce-lundi\/","title":{"rendered":"Apr\u00e8s leur sacre, les Lionceaux re\u00e7us au Palais ce lundi"},"content":{"rendered":"<p><strong>La F\u00e9d\u00e9ration s\u00e9n\u00e9galaise de football porte \u00e0 la connaissance du public que le Chef de l\u2019Etat a affr\u00e9t\u00e9 un vol sp\u00e9cial \u00e0 la s\u00e9lection nationale des U20, \u00e0 la suite de son sacre en \u00c9gypte dans le cadre de la CAN U20 Egypte 2023.<\/strong><\/p><div class=\"publi-paragraphe1\" style=\"margin-top: 10px;margin-bottom: 10px;margin-left: auto;margin-right: auto;text-align: center;\" id=\"publi-2071207932\"><div class=\"publi-adlabel\">Publicit\u00e9<\/div><script async src=\"\/\/pagead2.googlesyndication.com\/pagead\/js\/adsbygoogle.js?client=ca-pub-4089586018074219\" crossorigin=\"anonymous\"><\/script><ins class=\"adsbygoogle\" style=\"display:block;\" data-ad-client=\"ca-pub-4089586018074219\" \ndata-ad-slot=\"2087940154\" \ndata-ad-format=\"auto\"><\/ins>\n<script> \n(adsbygoogle = window.adsbygoogle || []).push({}); \n<\/script>\n<\/div>\n<p>La d\u00e9l\u00e9gation va atterrir \u00e0 l\u2019a\u00e9roport L\u00e9opold S\u00e9dar Senghor de Yoff \u00a0le lundi 13 mars \u00e0 16h00.<\/p>\n<p>Cette activit\u00e9 sera sous la supervision du Minist\u00e8re des Sports, en collaboration avec la F\u00e9d\u00e9ration s\u00e9n\u00e9galaise de football.<\/p>\n<p>Les populations sont invit\u00e9es \u00e0 leur r\u00e9server un accueil triomphal.<\/p>\n<div class=\"publi-apres-le-contenu\" style=\"margin-top: 10px;margin-bottom: 10px;margin-left: auto;margin-right: auto;text-align: center;\" id=\"publi-945585443\"><div class=\"publi-adlabel\">Publicit\u00e9<\/div><script async src=\"\/\/pagead2.googlesyndication.com\/pagead\/js\/adsbygoogle.js?client=ca-pub-4089586018074219\" crossorigin=\"anonymous\"><\/script><ins class=\"adsbygoogle\" style=\"display:block;\" data-ad-client=\"ca-pub-4089586018074219\" \ndata-ad-slot=\"2087940154\" \ndata-ad-format=\"auto\"><\/ins>\n<script> \n(adsbygoogle = window.adsbygoogle || []).push({}); \n<\/script>\n<\/div>","protected":false},"excerpt":{"rendered":"<p>La F\u00e9d\u00e9ration s\u00e9n\u00e9galaise de football porte \u00e0 la connaissance du public que le Chef de l\u2019Etat a affr\u00e9t\u00e9 un vol sp\u00e9cial \u00e0 la s\u00e9lection nationale des U20, \u00e0 la suite de son sacre en \u00c9gypte dans le cadre de la CAN U20 Egypte 2023. La d\u00e9l\u00e9gation va atterrir \u00e0 l\u2019a\u00e9roport L\u00e9opold S\u00e9dar Senghor de Yoff \u00a0le lundi 13 mars \u00e0 16h00. Cette activit\u00e9 sera sous la supervision du Minist\u00e8re des Sports, en collaboration avec la F\u00e9d\u00e9ration s\u00e9n\u00e9galaise de football. Les populations sont invit\u00e9es \u00e0 leur r\u00e9server un accueil triomphal.<\/p>\n","protected":false},"author":7,"featured_media":17903,"comment_status":"open","ping_status":"open","sticky":false,"template":"","format":"standard","meta":{"_jetpack_memberships_contains_paid_content":false,"footnotes":""},"categories":[375,550,3412,1,7],"tags":[4616,4754,11],"class_list":["post-17881","post","type-post","status-publish","format-standard","has-post-thumbnail","hentry","category-actualites","category-afrique-monde","category-football","category-non-classe","category-sport","tag-can-u20","tag-lionceaux","tag-macky-sall","entry","has-media","owp-thumbs-layout-horizontal","owp-btn-normal","owp-tabs-layout-horizontal","has-no-thumbnails","has-product-nav"],"yoast_head":"<!-- This site is optimized with the Yoast SEO plugin v25.5 - https:\/\/yoast.com\/wordpress\/plugins\/seo\/ -->\n<title>Apr\u00e8s leur sacre, les Lionceaux re\u00e7us au Palais ce lundi - LE PUBLIC<\/title>\n<meta name=\"robots\" content=\"index, follow, max-snippet:-1, max-image-preview:large, max-video-preview:-1\" \/>\n<link rel=\"canonical\" href=\"https:\/\/www.public.sn\/index.php\/2023\/03\/12\/apres-leur-sacre-les-lionceaux-recus-au-palais-ce-lundi\/\" \/>\n<meta property=\"og:locale\" content=\"fr_FR\" \/>\n<meta property=\"og:type\" content=\"article\" \/>\n<meta property=\"og:title\" content=\"Apr\u00e8s leur sacre, les Lionceaux re\u00e7us au Palais ce lundi - LE PUBLIC\" \/>\n<meta property=\"og:description\" content=\"La F\u00e9d\u00e9ration s\u00e9n\u00e9galaise de football porte \u00e0 la connaissance du public que le Chef de l\u2019Etat a affr\u00e9t\u00e9 un vol sp\u00e9cial \u00e0 la s\u00e9lection nationale des U20, \u00e0 la suite de son sacre en \u00c9gypte dans le cadre de la CAN U20 Egypte 2023. La d\u00e9l\u00e9gation va atterrir \u00e0 l\u2019a\u00e9roport L\u00e9opold S\u00e9dar Senghor de Yoff \u00a0le lundi 13 mars \u00e0 16h00. Cette activit\u00e9 sera sous la supervision du Minist\u00e8re des Sports, en collaboration avec la F\u00e9d\u00e9ration s\u00e9n\u00e9galaise de football. Les populations sont invit\u00e9es \u00e0 leur r\u00e9server un accueil triomphal.\" \/>\n<meta property=\"og:url\" content=\"https:\/\/www.public.sn\/index.php\/2023\/03\/12\/apres-leur-sacre-les-lionceaux-recus-au-palais-ce-lundi\/\" \/>\n<meta property=\"og:site_name\" content=\"LE PUBLIC\" \/>\n<meta property=\"article:published_time\" content=\"2023-03-12T19:41:36+00:00\" \/>\n<meta property=\"og:image\" content=\"https:\/\/www.public.sn\/wp-content\/uploads\/2023\/03\/335234400_514508244176769_8222807388456823758_n.jpg\" \/>\n\t<meta property=\"og:image:width\" content=\"2048\" \/>\n\t<meta property=\"og:image:height\" content=\"1451\" \/>\n\t<meta property=\"og:image:type\" content=\"image\/jpeg\" \/>\n<meta name=\"author\" content=\"LA REDACTION\" \/>\n<meta name=\"twitter:card\" content=\"summary_large_image\" \/>\n<meta name=\"twitter:label1\" content=\"\u00c9crit par\" \/>\n\t<meta name=\"twitter:data1\" content=\"LA REDACTION\" \/>\n\t<meta name=\"twitter:label2\" content=\"Dur\u00e9e de lecture estim\u00e9e\" \/>\n\t<meta name=\"twitter:data2\" content=\"1 minute\" \/>\n<script type=\"application\/ld+json\" class=\"yoast-schema-graph\">{\"@context\":\"https:\/\/schema.org\",\"@graph\":[{\"@type\":\"Article\",\"@id\":\"https:\/\/www.public.sn\/index.php\/2023\/03\/12\/apres-leur-sacre-les-lionceaux-recus-au-palais-ce-lundi\/#article\",\"isPartOf\":{\"@id\":\"https:\/\/www.public.sn\/index.php\/2023\/03\/12\/apres-leur-sacre-les-lionceaux-recus-au-palais-ce-lundi\/\"},\"author\":{\"name\":\"LA REDACTION\",\"@id\":\"https:\/\/www.public.sn\/#\/schema\/person\/cb76c8e1b8becc6be61fb5e92d6d0224\"},\"headline\":\"Apr\u00e8s leur sacre, les Lionceaux re\u00e7us au Palais ce lundi\",\"datePublished\":\"2023-03-12T19:41:36+00:00\",\"mainEntityOfPage\":{\"@id\":\"https:\/\/www.public.sn\/index.php\/2023\/03\/12\/apres-leur-sacre-les-lionceaux-recus-au-palais-ce-lundi\/\"},\"wordCount\":114,\"commentCount\":0,\"publisher\":{\"@id\":\"https:\/\/www.public.sn\/#organization\"},\"image\":{\"@id\":\"https:\/\/www.public.sn\/index.php\/2023\/03\/12\/apres-leur-sacre-les-lionceaux-recus-au-palais-ce-lundi\/#primaryimage\"},\"thumbnailUrl\":\"https:\/\/www.public.sn\/wp-content\/uploads\/2023\/03\/335234400_514508244176769_8222807388456823758_n.jpg\",\"keywords\":[\"Can U20\",\"lionceaux\",\"Macky Sall\"],\"articleSection\":[\"ACTUALIT\u00c9S\",\"AFRIQUE &amp; MONDE\",\"FOOTBALL\",\"S\u00c9N\u00c9GAL\",\"SPORTS\"],\"inLanguage\":\"fr-FR\",\"potentialAction\":[{\"@type\":\"CommentAction\",\"name\":\"Comment\",\"target\":[\"https:\/\/www.public.sn\/index.php\/2023\/03\/12\/apres-leur-sacre-les-lionceaux-recus-au-palais-ce-lundi\/#respond\"]}]},{\"@type\":\"WebPage\",\"@id\":\"https:\/\/www.public.sn\/index.php\/2023\/03\/12\/apres-leur-sacre-les-lionceaux-recus-au-palais-ce-lundi\/\",\"url\":\"https:\/\/www.public.sn\/index.php\/2023\/03\/12\/apres-leur-sacre-les-lionceaux-recus-au-palais-ce-lundi\/\",\"name\":\"Apr\u00e8s leur sacre, les Lionceaux re\u00e7us au Palais ce lundi - LE PUBLIC\",\"isPartOf\":{\"@id\":\"https:\/\/www.public.sn\/#website\"},\"primaryImageOfPage\":{\"@id\":\"https:\/\/www.public.sn\/index.php\/2023\/03\/12\/apres-leur-sacre-les-lionceaux-recus-au-palais-ce-lundi\/#primaryimage\"},\"image\":{\"@id\":\"https:\/\/www.public.sn\/index.php\/2023\/03\/12\/apres-leur-sacre-les-lionceaux-recus-au-palais-ce-lundi\/#primaryimage\"},\"thumbnailUrl\":\"https:\/\/www.public.sn\/wp-content\/uploads\/2023\/03\/335234400_514508244176769_8222807388456823758_n.jpg\",\"datePublished\":\"2023-03-12T19:41:36+00:00\",\"breadcrumb\":{\"@id\":\"https:\/\/www.public.sn\/index.php\/2023\/03\/12\/apres-leur-sacre-les-lionceaux-recus-au-palais-ce-lundi\/#breadcrumb\"},\"inLanguage\":\"fr-FR\",\"potentialAction\":[{\"@type\":\"ReadAction\",\"target\":[\"https:\/\/www.public.sn\/index.php\/2023\/03\/12\/apres-leur-sacre-les-lionceaux-recus-au-palais-ce-lundi\/\"]}]},{\"@type\":\"ImageObject\",\"inLanguage\":\"fr-FR\",\"@id\":\"https:\/\/www.public.sn\/index.php\/2023\/03\/12\/apres-leur-sacre-les-lionceaux-recus-au-palais-ce-lundi\/#primaryimage\",\"url\":\"https:\/\/www.public.sn\/wp-content\/uploads\/2023\/03\/335234400_514508244176769_8222807388456823758_n.jpg\",\"contentUrl\":\"https:\/\/www.public.sn\/wp-content\/uploads\/2023\/03\/335234400_514508244176769_8222807388456823758_n.jpg\",\"width\":2048,\"height\":1451},{\"@type\":\"BreadcrumbList\",\"@id\":\"https:\/\/www.public.sn\/index.php\/2023\/03\/12\/apres-leur-sacre-les-lionceaux-recus-au-palais-ce-lundi\/#breadcrumb\",\"itemListElement\":[{\"@type\":\"ListItem\",\"position\":1,\"name\":\"Accueil\",\"item\":\"https:\/\/www.public.sn\/\"},{\"@type\":\"ListItem\",\"position\":2,\"name\":\"Apr\u00e8s leur sacre, les Lionceaux re\u00e7us au Palais ce lundi\"}]},{\"@type\":\"WebSite\",\"@id\":\"https:\/\/www.public.sn\/#website\",\"url\":\"https:\/\/www.public.sn\/\",\"name\":\"LE PUBLIC\",\"description\":\"\",\"publisher\":{\"@id\":\"https:\/\/www.public.sn\/#organization\"},\"potentialAction\":[{\"@type\":\"SearchAction\",\"target\":{\"@type\":\"EntryPoint\",\"urlTemplate\":\"https:\/\/www.public.sn\/?s={search_term_string}\"},\"query-input\":{\"@type\":\"PropertyValueSpecification\",\"valueRequired\":true,\"valueName\":\"search_term_string\"}}],\"inLanguage\":\"fr-FR\"},{\"@type\":\"Organization\",\"@id\":\"https:\/\/www.public.sn\/#organization\",\"name\":\"LE PUBLIC\",\"url\":\"https:\/\/www.public.sn\/\",\"logo\":{\"@type\":\"ImageObject\",\"inLanguage\":\"fr-FR\",\"@id\":\"https:\/\/www.public.sn\/#\/schema\/logo\/image\/\",\"url\":\"https:\/\/www.public.sn\/wp-content\/uploads\/2024\/05\/cropped-LOGO-PUBLIC.SN_.png\",\"contentUrl\":\"https:\/\/www.public.sn\/wp-content\/uploads\/2024\/05\/cropped-LOGO-PUBLIC.SN_.png\",\"width\":682,\"height\":192,\"caption\":\"LE PUBLIC\"},\"image\":{\"@id\":\"https:\/\/www.public.sn\/#\/schema\/logo\/image\/\"}},{\"@type\":\"Person\",\"@id\":\"https:\/\/www.public.sn\/#\/schema\/person\/cb76c8e1b8becc6be61fb5e92d6d0224\",\"name\":\"LA REDACTION\",\"image\":{\"@type\":\"ImageObject\",\"inLanguage\":\"fr-FR\",\"@id\":\"https:\/\/www.public.sn\/#\/schema\/person\/image\/\",\"url\":\"https:\/\/secure.gravatar.com\/avatar\/2dce5ddd34b8fef0180efe03aa2a9bee7d953856048f9a16b298190a3178407c?s=96&d=mm&r=g\",\"contentUrl\":\"https:\/\/secure.gravatar.com\/avatar\/2dce5ddd34b8fef0180efe03aa2a9bee7d953856048f9a16b298190a3178407c?s=96&d=mm&r=g\",\"caption\":\"LA REDACTION\"},\"url\":\"https:\/\/www.public.sn\/index.php\/author\/editeurpsn\/\"}]}<\/script>\n<!-- \/ Yoast SEO plugin. -->","yoast_head_json":{"title":"Apr\u00e8s leur sacre, les Lionceaux re\u00e7us au Palais ce lundi - LE PUBLIC","robots":{"index":"index","follow":"follow","max-snippet":"max-snippet:-1","max-image-preview":"max-image-preview:large","max-video-preview":"max-video-preview:-1"},"canonical":"https:\/\/www.public.sn\/index.php\/2023\/03\/12\/apres-leur-sacre-les-lionceaux-recus-au-palais-ce-lundi\/","og_locale":"fr_FR","og_type":"article","og_title":"Apr\u00e8s leur sacre, les Lionceaux re\u00e7us au Palais ce lundi - LE PUBLIC","og_description":"La F\u00e9d\u00e9ration s\u00e9n\u00e9galaise de football porte \u00e0 la connaissance du public que le Chef de l\u2019Etat a affr\u00e9t\u00e9 un vol sp\u00e9cial \u00e0 la s\u00e9lection nationale des U20, \u00e0 la suite de son sacre en \u00c9gypte dans le cadre de la CAN U20 Egypte 2023. La d\u00e9l\u00e9gation va atterrir \u00e0 l\u2019a\u00e9roport L\u00e9opold S\u00e9dar Senghor de Yoff \u00a0le lundi 13 mars \u00e0 16h00. Cette activit\u00e9 sera sous la supervision du Minist\u00e8re des Sports, en collaboration avec la F\u00e9d\u00e9ration s\u00e9n\u00e9galaise de football. Les populations sont invit\u00e9es \u00e0 leur r\u00e9server un accueil triomphal.","og_url":"https:\/\/www.public.sn\/index.php\/2023\/03\/12\/apres-leur-sacre-les-lionceaux-recus-au-palais-ce-lundi\/","og_site_name":"LE PUBLIC","article_published_time":"2023-03-12T19:41:36+00:00","og_image":[{"width":2048,"height":1451,"url":"https:\/\/www.public.sn\/wp-content\/uploads\/2023\/03\/335234400_514508244176769_8222807388456823758_n.jpg","type":"image\/jpeg"}],"author":"LA REDACTION","twitter_card":"summary_large_image","twitter_misc":{"\u00c9crit par":"LA REDACTION","Dur\u00e9e de lecture estim\u00e9e":"1 minute"},"schema":{"@context":"https:\/\/schema.org","@graph":[{"@type":"Article","@id":"https:\/\/www.public.sn\/index.php\/2023\/03\/12\/apres-leur-sacre-les-lionceaux-recus-au-palais-ce-lundi\/#article","isPartOf":{"@id":"https:\/\/www.public.sn\/index.php\/2023\/03\/12\/apres-leur-sacre-les-lionceaux-recus-au-palais-ce-lundi\/"},"author":{"name":"LA REDACTION","@id":"https:\/\/www.public.sn\/#\/schema\/person\/cb76c8e1b8becc6be61fb5e92d6d0224"},"headline":"Apr\u00e8s leur sacre, les Lionceaux re\u00e7us au Palais ce lundi","datePublished":"2023-03-12T19:41:36+00:00","mainEntityOfPage":{"@id":"https:\/\/www.public.sn\/index.php\/2023\/03\/12\/apres-leur-sacre-les-lionceaux-recus-au-palais-ce-lundi\/"},"wordCount":114,"commentCount":0,"publisher":{"@id":"https:\/\/www.public.sn\/#organization"},"image":{"@id":"https:\/\/www.public.sn\/index.php\/2023\/03\/12\/apres-leur-sacre-les-lionceaux-recus-au-palais-ce-lundi\/#primaryimage"},"thumbnailUrl":"https:\/\/www.public.sn\/wp-content\/uploads\/2023\/03\/335234400_514508244176769_8222807388456823758_n.jpg","keywords":["Can U20","lionceaux","Macky Sall"],"articleSection":["ACTUALIT\u00c9S","AFRIQUE &amp; MONDE","FOOTBALL","S\u00c9N\u00c9GAL","SPORTS"],"inLanguage":"fr-FR","potentialAction":[{"@type":"CommentAction","name":"Comment","target":["https:\/\/www.public.sn\/index.php\/2023\/03\/12\/apres-leur-sacre-les-lionceaux-recus-au-palais-ce-lundi\/#respond"]}]},{"@type":"WebPage","@id":"https:\/\/www.public.sn\/index.php\/2023\/03\/12\/apres-leur-sacre-les-lionceaux-recus-au-palais-ce-lundi\/","url":"https:\/\/www.public.sn\/index.php\/2023\/03\/12\/apres-leur-sacre-les-lionceaux-recus-au-palais-ce-lundi\/","name":"Apr\u00e8s leur sacre, les Lionceaux re\u00e7us au Palais ce lundi - LE PUBLIC","isPartOf":{"@id":"https:\/\/www.public.sn\/#website"},"primaryImageOfPage":{"@id":"https:\/\/www.public.sn\/index.php\/2023\/03\/12\/apres-leur-sacre-les-lionceaux-recus-au-palais-ce-lundi\/#primaryimage"},"image":{"@id":"https:\/\/www.public.sn\/index.php\/2023\/03\/12\/apres-leur-sacre-les-lionceaux-recus-au-palais-ce-lundi\/#primaryimage"},"thumbnailUrl":"https:\/\/www.public.sn\/wp-content\/uploads\/2023\/03\/335234400_514508244176769_8222807388456823758_n.jpg","datePublished":"2023-03-12T19:41:36+00:00","breadcrumb":{"@id":"https:\/\/www.public.sn\/index.php\/2023\/03\/12\/apres-leur-sacre-les-lionceaux-recus-au-palais-ce-lundi\/#breadcrumb"},"inLanguage":"fr-FR","potentialAction":[{"@type":"ReadAction","target":["https:\/\/www.public.sn\/index.php\/2023\/03\/12\/apres-leur-sacre-les-lionceaux-recus-au-palais-ce-lundi\/"]}]},{"@type":"ImageObject","inLanguage":"fr-FR","@id":"https:\/\/www.public.sn\/index.php\/2023\/03\/12\/apres-leur-sacre-les-lionceaux-recus-au-palais-ce-lundi\/#primaryimage","url":"https:\/\/www.public.sn\/wp-content\/uploads\/2023\/03\/335234400_514508244176769_8222807388456823758_n.jpg","contentUrl":"https:\/\/www.public.sn\/wp-content\/uploads\/2023\/03\/335234400_514508244176769_8222807388456823758_n.jpg","width":2048,"height":1451},{"@type":"BreadcrumbList","@id":"https:\/\/www.public.sn\/index.php\/2023\/03\/12\/apres-leur-sacre-les-lionceaux-recus-au-palais-ce-lundi\/#breadcrumb","itemListElement":[{"@type":"ListItem","position":1,"name":"Accueil","item":"https:\/\/www.public.sn\/"},{"@type":"ListItem","position":2,"name":"Apr\u00e8s leur sacre, les Lionceaux re\u00e7us au Palais ce lundi"}]},{"@type":"WebSite","@id":"https:\/\/www.public.sn\/#website","url":"https:\/\/www.public.sn\/","name":"LE PUBLIC","description":"","publisher":{"@id":"https:\/\/www.public.sn\/#organization"},"potentialAction":[{"@type":"SearchAction","target":{"@type":"EntryPoint","urlTemplate":"https:\/\/www.public.sn\/?s={search_term_string}"},"query-input":{"@type":"PropertyValueSpecification","valueRequired":true,"valueName":"search_term_string"}}],"inLanguage":"fr-FR"},{"@type":"Organization","@id":"https:\/\/www.public.sn\/#organization","name":"LE PUBLIC","url":"https:\/\/www.public.sn\/","logo":{"@type":"ImageObject","inLanguage":"fr-FR","@id":"https:\/\/www.public.sn\/#\/schema\/logo\/image\/","url":"https:\/\/www.public.sn\/wp-content\/uploads\/2024\/05\/cropped-LOGO-PUBLIC.SN_.png","contentUrl":"https:\/\/www.public.sn\/wp-content\/uploads\/2024\/05\/cropped-LOGO-PUBLIC.SN_.png","width":682,"height":192,"caption":"LE PUBLIC"},"image":{"@id":"https:\/\/www.public.sn\/#\/schema\/logo\/image\/"}},{"@type":"Person","@id":"https:\/\/www.public.sn\/#\/schema\/person\/cb76c8e1b8becc6be61fb5e92d6d0224","name":"LA REDACTION","image":{"@type":"ImageObject","inLanguage":"fr-FR","@id":"https:\/\/www.public.sn\/#\/schema\/person\/image\/","url":"https:\/\/secure.gravatar.com\/avatar\/2dce5ddd34b8fef0180efe03aa2a9bee7d953856048f9a16b298190a3178407c?s=96&d=mm&r=g","contentUrl":"https:\/\/secure.gravatar.com\/avatar\/2dce5ddd34b8fef0180efe03aa2a9bee7d953856048f9a16b298190a3178407c?s=96&d=mm&r=g","caption":"LA REDACTION"},"url":"https:\/\/www.public.sn\/index.php\/author\/editeurpsn\/"}]}},"jetpack_featured_media_url":"https:\/\/www.public.sn\/wp-content\/uploads\/2023\/03\/335234400_514508244176769_8222807388456823758_n.jpg","jetpack_sharing_enabled":true,"_links":{"self":[{"href":"https:\/\/www.public.sn\/index.php\/wp-json\/wp\/v2\/posts\/17881","targetHints":{"allow":["GET"]}}],"collection":[{"href":"https:\/\/www.public.sn\/index.php\/wp-json\/wp\/v2\/posts"}],"about":[{"href":"https:\/\/www.public.sn\/index.php\/wp-json\/wp\/v2\/types\/post"}],"author":[{"embeddable":true,"href":"https:\/\/www.public.sn\/index.php\/wp-json\/wp\/v2\/users\/7"}],"replies":[{"embeddable":true,"href":"https:\/\/www.public.sn\/index.php\/wp-json\/wp\/v2\/comments?post=17881"}],"version-history":[{"count":1,"href":"https:\/\/www.public.sn\/index.php\/wp-json\/wp\/v2\/posts\/17881\/revisions"}],"predecessor-version":[{"id":17902,"href":"https:\/\/www.public.sn\/index.php\/wp-json\/wp\/v2\/posts\/17881\/revisions\/17902"}],"wp:featuredmedia":[{"embeddable":true,"href":"https:\/\/www.public.sn\/index.php\/wp-json\/wp\/v2\/media\/17903"}],"wp:attachment":[{"href":"https:\/\/www.public.sn\/index.php\/wp-json\/wp\/v2\/media?parent=17881"}],"wp:term":[{"taxonomy":"category","embeddable":true,"href":"https:\/\/www.public.sn\/index.php\/wp-json\/wp\/v2\/categories?post=17881"},{"taxonomy":"post_tag","embeddable":true,"href":"https:\/\/www.public.sn\/index.php\/wp-json\/wp\/v2\/tags?post=17881"}],"curies":[{"name":"wp","href":"https:\/\/api.w.org\/{rel}","templated":true}]}}