{"id":17891,"date":"2023-03-12T17:23:10","date_gmt":"2023-03-12T17:23:10","guid":{"rendered":"https:\/\/www.public.sn\/?p=17891"},"modified":"2023-03-12T17:23:10","modified_gmt":"2023-03-12T17:23:10","slug":"bayern-munchen-des-critiques-severes-envers-sadio-mane-pour-sa","status":"publish","type":"post","link":"https:\/\/www.public.sn\/index.php\/2023\/03\/12\/bayern-munchen-des-critiques-severes-envers-sadio-mane-pour-sa\/","title":{"rendered":"Bayern M\u00fcnchen : Des critiques s\u00e9v\u00e8res envers Sadio Man\u00e9 pour sa &#8230;"},"content":{"rendered":"<p><strong>Malgr\u00e9 sa belle prestation face \u00e0 Augsbourg, Sadio Man\u00e9 a essuy\u00e9 quelques critiques, notamment sur Twitter, pour ses d\u00e9chets techniques dans le temps.\u00a0 Mais la star s\u00e9n\u00e9galaise a tout de m\u00eame salu\u00e9 la performance collective de son \u00e9quipe.<\/strong><\/p><div class=\"publi-paragraphe1\" style=\"margin-top: 10px;margin-bottom: 10px;margin-left: auto;margin-right: auto;text-align: center;\" id=\"publi-46292674\"><div class=\"publi-adlabel\">Publicit\u00e9<\/div><script async src=\"\/\/pagead2.googlesyndication.com\/pagead\/js\/adsbygoogle.js?client=ca-pub-4089586018074219\" crossorigin=\"anonymous\"><\/script><ins class=\"adsbygoogle\" style=\"display:block;\" data-ad-client=\"ca-pub-4089586018074219\" \ndata-ad-slot=\"2087940154\" \ndata-ad-format=\"auto\"><\/ins>\n<script> \n(adsbygoogle = window.adsbygoogle || []).push({}); \n<\/script>\n<\/div>\n<p>Sadio Man\u00e9, de retour apr\u00e8s une longue blessure, a \u00e9t\u00e9 un \u00e9l\u00e9ment cl\u00e9 de la victoire 5-3 du Bayern Munich contre Augsbourg en Bundesliga. Bien qu\u2019il n\u2019ait pas marqu\u00e9 de but, l\u2019attaquant s\u00e9n\u00e9galais a \u00e9t\u00e9 tr\u00e8s utile sur le terrain. Il a \u00e9galement affirm\u00e9 que son d\u00e9part de Liverpool n\u2019affectait pas son moral.<\/p>\n<p>Apr\u00e8s le match, Sadio Man\u00e9 a fait une d\u00e9claration en zone mixte, o\u00f9 il a exprim\u00e9 sa satisfaction de jouer \u00e0 nouveau et a remerci\u00e9 ses co\u00e9quipiers pour leur soutien. Le Ballon d\u2019Or Africain 2022 semble \u00eatre de retour \u00e0 son meilleur niveau et pr\u00eat \u00e0 aider son \u00e9quipe \u00e0 remporter de nouveaux titres.<\/p>\n<p>\u00abNous sommes tr\u00e8s heureux. Nous avons eu des probl\u00e8mes au d\u00e9but, mais nous avons bien r\u00e9agi. Ensuite, nous avons marqu\u00e9 beaucoup de buts et nous avons surtout travaill\u00e9 de mani\u00e8re agressive et compacte en dehors du terrain\u00bb,\u00a0a analys\u00e9 Sadio Man\u00e9, critiqu\u00e9 sur le r\u00e9seau social pour sa prestation.<\/p>\n<blockquote><p>Sur sa passe d\u00e9cisive pour Benjamin Pavard, le Champion d\u2019Afrique a ajout\u00e9 :\u00a0\u00abquand j\u2019ai fait ma passe d\u00e9cisive pour Benji, je voulais juste faire entrer le ballon. Il s\u2019est bien d\u00e9brouill\u00e9. D\u2019une mani\u00e8re g\u00e9n\u00e9rale, nous avons un banc tr\u00e8s solide, ce qui distingue un grand club comme le Bayern. Nous sommes tr\u00e8s heureux d\u2019avoir des joueurs aussi forts\u00bb.<\/p><\/blockquote>\n<div class=\"publi-apres-le-contenu\" style=\"margin-top: 10px;margin-bottom: 10px;margin-left: auto;margin-right: auto;text-align: center;\" id=\"publi-4073831062\"><div class=\"publi-adlabel\">Publicit\u00e9<\/div><script async src=\"\/\/pagead2.googlesyndication.com\/pagead\/js\/adsbygoogle.js?client=ca-pub-4089586018074219\" crossorigin=\"anonymous\"><\/script><ins class=\"adsbygoogle\" style=\"display:block;\" data-ad-client=\"ca-pub-4089586018074219\" \ndata-ad-slot=\"2087940154\" \ndata-ad-format=\"auto\"><\/ins>\n<script> \n(adsbygoogle = window.adsbygoogle || []).push({}); \n<\/script>\n<\/div>","protected":false},"excerpt":{"rendered":"<p>Malgr\u00e9 sa belle prestation face \u00e0 Augsbourg, Sadio Man\u00e9 a essuy\u00e9 quelques critiques, notamment sur Twitter, pour ses d\u00e9chets techniques dans le temps.\u00a0 Mais la star s\u00e9n\u00e9galaise a tout de m\u00eame salu\u00e9 la performance collective de son \u00e9quipe. Sadio Man\u00e9, de retour apr\u00e8s une longue blessure, a \u00e9t\u00e9 un \u00e9l\u00e9ment cl\u00e9 de la victoire 5-3 du Bayern Munich contre Augsbourg en Bundesliga. Bien qu\u2019il n\u2019ait pas marqu\u00e9 de but, l\u2019attaquant s\u00e9n\u00e9galais a \u00e9t\u00e9 tr\u00e8s utile sur le terrain. Il a \u00e9galement affirm\u00e9 que son d\u00e9part de Liverpool n\u2019affectait pas son moral. Apr\u00e8s le match, Sadio Man\u00e9 a fait une d\u00e9claration en zone mixte, o\u00f9 il a exprim\u00e9 sa satisfaction de jouer \u00e0 nouveau et a remerci\u00e9 ses co\u00e9quipiers pour leur soutien. Le Ballon d\u2019Or Africain 2022 semble \u00eatre de retour \u00e0 son meilleur niveau et pr\u00eat \u00e0 aider son \u00e9quipe \u00e0 remporter de nouveaux titres. \u00abNous sommes tr\u00e8s heureux. Nous avons eu des probl\u00e8mes au d\u00e9but, mais nous avons bien r\u00e9agi. Ensuite, nous avons marqu\u00e9 beaucoup de buts et nous avons surtout travaill\u00e9 de mani\u00e8re agressive et compacte en dehors du terrain\u00bb,\u00a0a analys\u00e9 Sadio Man\u00e9, critiqu\u00e9 sur le r\u00e9seau social pour sa prestation. Sur sa passe d\u00e9cisive pour Benjamin Pavard, le Champion d\u2019Afrique a ajout\u00e9 :\u00a0\u00abquand j\u2019ai fait ma passe d\u00e9cisive pour Benji, je voulais juste faire entrer le ballon. Il s\u2019est bien d\u00e9brouill\u00e9. D\u2019une mani\u00e8re g\u00e9n\u00e9rale, nous avons un banc tr\u00e8s solide, ce qui distingue un grand club comme le Bayern. Nous sommes tr\u00e8s heureux d\u2019avoir des joueurs aussi forts\u00bb.<\/p>\n","protected":false},"author":7,"featured_media":17892,"comment_status":"open","ping_status":"open","sticky":false,"template":"","format":"standard","meta":{"_jetpack_memberships_contains_paid_content":false,"footnotes":""},"categories":[375,550,3412,3728,5,4,7,372],"tags":[1313,3481,47],"class_list":["post-17891","post","type-post","status-publish","format-standard","has-post-thumbnail","hentry","category-actualites","category-afrique-monde","category-football","category-internationale","category-people","category-societe","category-sport","category-vedette","tag-bayern","tag-critique","tag-sadio-mane","entry","has-media","owp-thumbs-layout-horizontal","owp-btn-normal","owp-tabs-layout-horizontal","has-no-thumbnails","has-product-nav"],"yoast_head":"<!-- This site is optimized with the Yoast SEO plugin v25.5 - https:\/\/yoast.com\/wordpress\/plugins\/seo\/ -->\n<title>Bayern M\u00fcnchen : Des critiques s\u00e9v\u00e8res envers Sadio Man\u00e9 pour sa ... - LE PUBLIC<\/title>\n<meta name=\"robots\" content=\"index, follow, max-snippet:-1, max-image-preview:large, max-video-preview:-1\" \/>\n<link rel=\"canonical\" href=\"https:\/\/www.public.sn\/index.php\/2023\/03\/12\/bayern-munchen-des-critiques-severes-envers-sadio-mane-pour-sa\/\" \/>\n<meta property=\"og:locale\" content=\"fr_FR\" \/>\n<meta property=\"og:type\" content=\"article\" \/>\n<meta property=\"og:title\" content=\"Bayern M\u00fcnchen : Des critiques s\u00e9v\u00e8res envers Sadio Man\u00e9 pour sa ... - LE PUBLIC\" \/>\n<meta property=\"og:description\" content=\"Malgr\u00e9 sa belle prestation face \u00e0 Augsbourg, Sadio Man\u00e9 a essuy\u00e9 quelques critiques, notamment sur Twitter, pour ses d\u00e9chets techniques dans le temps.\u00a0 Mais la star s\u00e9n\u00e9galaise a tout de m\u00eame salu\u00e9 la performance collective de son \u00e9quipe. Sadio Man\u00e9, de retour apr\u00e8s une longue blessure, a \u00e9t\u00e9 un \u00e9l\u00e9ment cl\u00e9 de la victoire 5-3 du Bayern Munich contre Augsbourg en Bundesliga. Bien qu\u2019il n\u2019ait pas marqu\u00e9 de but, l\u2019attaquant s\u00e9n\u00e9galais a \u00e9t\u00e9 tr\u00e8s utile sur le terrain. Il a \u00e9galement affirm\u00e9 que son d\u00e9part de Liverpool n\u2019affectait pas son moral. Apr\u00e8s le match, Sadio Man\u00e9 a fait une d\u00e9claration en zone mixte, o\u00f9 il a exprim\u00e9 sa satisfaction de jouer \u00e0 nouveau et a remerci\u00e9 ses co\u00e9quipiers pour leur soutien. Le Ballon d\u2019Or Africain 2022 semble \u00eatre de retour \u00e0 son meilleur niveau et pr\u00eat \u00e0 aider son \u00e9quipe \u00e0 remporter de nouveaux titres. \u00abNous sommes tr\u00e8s heureux. Nous avons eu des probl\u00e8mes au d\u00e9but, mais nous avons bien r\u00e9agi. Ensuite, nous avons marqu\u00e9 beaucoup de buts et nous avons surtout travaill\u00e9 de mani\u00e8re agressive et compacte en dehors du terrain\u00bb,\u00a0a analys\u00e9 Sadio Man\u00e9, critiqu\u00e9 sur le r\u00e9seau social pour sa prestation. Sur sa passe d\u00e9cisive pour Benjamin Pavard, le Champion d\u2019Afrique a ajout\u00e9 :\u00a0\u00abquand j\u2019ai fait ma passe d\u00e9cisive pour Benji, je voulais juste faire entrer le ballon. Il s\u2019est bien d\u00e9brouill\u00e9. D\u2019une mani\u00e8re g\u00e9n\u00e9rale, nous avons un banc tr\u00e8s solide, ce qui distingue un grand club comme le Bayern. Nous sommes tr\u00e8s heureux d\u2019avoir des joueurs aussi forts\u00bb.\" \/>\n<meta property=\"og:url\" content=\"https:\/\/www.public.sn\/index.php\/2023\/03\/12\/bayern-munchen-des-critiques-severes-envers-sadio-mane-pour-sa\/\" \/>\n<meta property=\"og:site_name\" content=\"LE PUBLIC\" \/>\n<meta property=\"article:published_time\" content=\"2023-03-12T17:23:10+00:00\" \/>\n<meta property=\"og:image\" content=\"https:\/\/www.public.sn\/wp-content\/uploads\/2023\/03\/231A44A8-1E37-49AB-B2D9-CC22E2846F6D.jpeg\" \/>\n\t<meta property=\"og:image:width\" content=\"1200\" \/>\n\t<meta property=\"og:image:height\" content=\"640\" \/>\n\t<meta property=\"og:image:type\" content=\"image\/jpeg\" \/>\n<meta name=\"author\" content=\"LA REDACTION\" \/>\n<meta name=\"twitter:card\" content=\"summary_large_image\" \/>\n<meta name=\"twitter:label1\" content=\"\u00c9crit par\" \/>\n\t<meta name=\"twitter:data1\" content=\"LA REDACTION\" \/>\n\t<meta name=\"twitter:label2\" content=\"Dur\u00e9e de lecture estim\u00e9e\" \/>\n\t<meta name=\"twitter:data2\" content=\"2 minutes\" \/>\n<script type=\"application\/ld+json\" class=\"yoast-schema-graph\">{\"@context\":\"https:\/\/schema.org\",\"@graph\":[{\"@type\":\"Article\",\"@id\":\"https:\/\/www.public.sn\/index.php\/2023\/03\/12\/bayern-munchen-des-critiques-severes-envers-sadio-mane-pour-sa\/#article\",\"isPartOf\":{\"@id\":\"https:\/\/www.public.sn\/index.php\/2023\/03\/12\/bayern-munchen-des-critiques-severes-envers-sadio-mane-pour-sa\/\"},\"author\":{\"name\":\"LA REDACTION\",\"@id\":\"https:\/\/www.public.sn\/#\/schema\/person\/cb76c8e1b8becc6be61fb5e92d6d0224\"},\"headline\":\"Bayern M\u00fcnchen : Des critiques s\u00e9v\u00e8res envers Sadio Man\u00e9 pour sa &#8230;\",\"datePublished\":\"2023-03-12T17:23:10+00:00\",\"mainEntityOfPage\":{\"@id\":\"https:\/\/www.public.sn\/index.php\/2023\/03\/12\/bayern-munchen-des-critiques-severes-envers-sadio-mane-pour-sa\/\"},\"wordCount\":297,\"commentCount\":0,\"publisher\":{\"@id\":\"https:\/\/www.public.sn\/#organization\"},\"image\":{\"@id\":\"https:\/\/www.public.sn\/index.php\/2023\/03\/12\/bayern-munchen-des-critiques-severes-envers-sadio-mane-pour-sa\/#primaryimage\"},\"thumbnailUrl\":\"https:\/\/www.public.sn\/wp-content\/uploads\/2023\/03\/231A44A8-1E37-49AB-B2D9-CC22E2846F6D.jpeg\",\"keywords\":[\"bayern\",\"critique\",\"Sadio Man\u00e9\"],\"articleSection\":[\"ACTUALIT\u00c9S\",\"AFRIQUE &amp; MONDE\",\"FOOTBALL\",\"internationale\",\"PEOPLE\",\"SOCIETE\",\"SPORTS\",\"VEDETTE\"],\"inLanguage\":\"fr-FR\",\"potentialAction\":[{\"@type\":\"CommentAction\",\"name\":\"Comment\",\"target\":[\"https:\/\/www.public.sn\/index.php\/2023\/03\/12\/bayern-munchen-des-critiques-severes-envers-sadio-mane-pour-sa\/#respond\"]}]},{\"@type\":\"WebPage\",\"@id\":\"https:\/\/www.public.sn\/index.php\/2023\/03\/12\/bayern-munchen-des-critiques-severes-envers-sadio-mane-pour-sa\/\",\"url\":\"https:\/\/www.public.sn\/index.php\/2023\/03\/12\/bayern-munchen-des-critiques-severes-envers-sadio-mane-pour-sa\/\",\"name\":\"Bayern M\u00fcnchen : Des critiques s\u00e9v\u00e8res envers Sadio Man\u00e9 pour sa ... - LE PUBLIC\",\"isPartOf\":{\"@id\":\"https:\/\/www.public.sn\/#website\"},\"primaryImageOfPage\":{\"@id\":\"https:\/\/www.public.sn\/index.php\/2023\/03\/12\/bayern-munchen-des-critiques-severes-envers-sadio-mane-pour-sa\/#primaryimage\"},\"image\":{\"@id\":\"https:\/\/www.public.sn\/index.php\/2023\/03\/12\/bayern-munchen-des-critiques-severes-envers-sadio-mane-pour-sa\/#primaryimage\"},\"thumbnailUrl\":\"https:\/\/www.public.sn\/wp-content\/uploads\/2023\/03\/231A44A8-1E37-49AB-B2D9-CC22E2846F6D.jpeg\",\"datePublished\":\"2023-03-12T17:23:10+00:00\",\"breadcrumb\":{\"@id\":\"https:\/\/www.public.sn\/index.php\/2023\/03\/12\/bayern-munchen-des-critiques-severes-envers-sadio-mane-pour-sa\/#breadcrumb\"},\"inLanguage\":\"fr-FR\",\"potentialAction\":[{\"@type\":\"ReadAction\",\"target\":[\"https:\/\/www.public.sn\/index.php\/2023\/03\/12\/bayern-munchen-des-critiques-severes-envers-sadio-mane-pour-sa\/\"]}]},{\"@type\":\"ImageObject\",\"inLanguage\":\"fr-FR\",\"@id\":\"https:\/\/www.public.sn\/index.php\/2023\/03\/12\/bayern-munchen-des-critiques-severes-envers-sadio-mane-pour-sa\/#primaryimage\",\"url\":\"https:\/\/www.public.sn\/wp-content\/uploads\/2023\/03\/231A44A8-1E37-49AB-B2D9-CC22E2846F6D.jpeg\",\"contentUrl\":\"https:\/\/www.public.sn\/wp-content\/uploads\/2023\/03\/231A44A8-1E37-49AB-B2D9-CC22E2846F6D.jpeg\",\"width\":1200,\"height\":640},{\"@type\":\"BreadcrumbList\",\"@id\":\"https:\/\/www.public.sn\/index.php\/2023\/03\/12\/bayern-munchen-des-critiques-severes-envers-sadio-mane-pour-sa\/#breadcrumb\",\"itemListElement\":[{\"@type\":\"ListItem\",\"position\":1,\"name\":\"Accueil\",\"item\":\"https:\/\/www.public.sn\/\"},{\"@type\":\"ListItem\",\"position\":2,\"name\":\"Bayern M\u00fcnchen : Des critiques s\u00e9v\u00e8res envers Sadio Man\u00e9 pour sa &#8230;\"}]},{\"@type\":\"WebSite\",\"@id\":\"https:\/\/www.public.sn\/#website\",\"url\":\"https:\/\/www.public.sn\/\",\"name\":\"LE PUBLIC\",\"description\":\"\",\"publisher\":{\"@id\":\"https:\/\/www.public.sn\/#organization\"},\"potentialAction\":[{\"@type\":\"SearchAction\",\"target\":{\"@type\":\"EntryPoint\",\"urlTemplate\":\"https:\/\/www.public.sn\/?s={search_term_string}\"},\"query-input\":{\"@type\":\"PropertyValueSpecification\",\"valueRequired\":true,\"valueName\":\"search_term_string\"}}],\"inLanguage\":\"fr-FR\"},{\"@type\":\"Organization\",\"@id\":\"https:\/\/www.public.sn\/#organization\",\"name\":\"LE PUBLIC\",\"url\":\"https:\/\/www.public.sn\/\",\"logo\":{\"@type\":\"ImageObject\",\"inLanguage\":\"fr-FR\",\"@id\":\"https:\/\/www.public.sn\/#\/schema\/logo\/image\/\",\"url\":\"https:\/\/www.public.sn\/wp-content\/uploads\/2024\/05\/cropped-LOGO-PUBLIC.SN_.png\",\"contentUrl\":\"https:\/\/www.public.sn\/wp-content\/uploads\/2024\/05\/cropped-LOGO-PUBLIC.SN_.png\",\"width\":682,\"height\":192,\"caption\":\"LE PUBLIC\"},\"image\":{\"@id\":\"https:\/\/www.public.sn\/#\/schema\/logo\/image\/\"}},{\"@type\":\"Person\",\"@id\":\"https:\/\/www.public.sn\/#\/schema\/person\/cb76c8e1b8becc6be61fb5e92d6d0224\",\"name\":\"LA REDACTION\",\"image\":{\"@type\":\"ImageObject\",\"inLanguage\":\"fr-FR\",\"@id\":\"https:\/\/www.public.sn\/#\/schema\/person\/image\/\",\"url\":\"https:\/\/secure.gravatar.com\/avatar\/2dce5ddd34b8fef0180efe03aa2a9bee7d953856048f9a16b298190a3178407c?s=96&d=mm&r=g\",\"contentUrl\":\"https:\/\/secure.gravatar.com\/avatar\/2dce5ddd34b8fef0180efe03aa2a9bee7d953856048f9a16b298190a3178407c?s=96&d=mm&r=g\",\"caption\":\"LA REDACTION\"},\"url\":\"https:\/\/www.public.sn\/index.php\/author\/editeurpsn\/\"}]}<\/script>\n<!-- \/ Yoast SEO plugin. -->","yoast_head_json":{"title":"Bayern M\u00fcnchen : Des critiques s\u00e9v\u00e8res envers Sadio Man\u00e9 pour sa ... - LE PUBLIC","robots":{"index":"index","follow":"follow","max-snippet":"max-snippet:-1","max-image-preview":"max-image-preview:large","max-video-preview":"max-video-preview:-1"},"canonical":"https:\/\/www.public.sn\/index.php\/2023\/03\/12\/bayern-munchen-des-critiques-severes-envers-sadio-mane-pour-sa\/","og_locale":"fr_FR","og_type":"article","og_title":"Bayern M\u00fcnchen : Des critiques s\u00e9v\u00e8res envers Sadio Man\u00e9 pour sa ... - LE PUBLIC","og_description":"Malgr\u00e9 sa belle prestation face \u00e0 Augsbourg, Sadio Man\u00e9 a essuy\u00e9 quelques critiques, notamment sur Twitter, pour ses d\u00e9chets techniques dans le temps.\u00a0 Mais la star s\u00e9n\u00e9galaise a tout de m\u00eame salu\u00e9 la performance collective de son \u00e9quipe. Sadio Man\u00e9, de retour apr\u00e8s une longue blessure, a \u00e9t\u00e9 un \u00e9l\u00e9ment cl\u00e9 de la victoire 5-3 du Bayern Munich contre Augsbourg en Bundesliga. Bien qu\u2019il n\u2019ait pas marqu\u00e9 de but, l\u2019attaquant s\u00e9n\u00e9galais a \u00e9t\u00e9 tr\u00e8s utile sur le terrain. Il a \u00e9galement affirm\u00e9 que son d\u00e9part de Liverpool n\u2019affectait pas son moral. Apr\u00e8s le match, Sadio Man\u00e9 a fait une d\u00e9claration en zone mixte, o\u00f9 il a exprim\u00e9 sa satisfaction de jouer \u00e0 nouveau et a remerci\u00e9 ses co\u00e9quipiers pour leur soutien. Le Ballon d\u2019Or Africain 2022 semble \u00eatre de retour \u00e0 son meilleur niveau et pr\u00eat \u00e0 aider son \u00e9quipe \u00e0 remporter de nouveaux titres. \u00abNous sommes tr\u00e8s heureux. Nous avons eu des probl\u00e8mes au d\u00e9but, mais nous avons bien r\u00e9agi. Ensuite, nous avons marqu\u00e9 beaucoup de buts et nous avons surtout travaill\u00e9 de mani\u00e8re agressive et compacte en dehors du terrain\u00bb,\u00a0a analys\u00e9 Sadio Man\u00e9, critiqu\u00e9 sur le r\u00e9seau social pour sa prestation. Sur sa passe d\u00e9cisive pour Benjamin Pavard, le Champion d\u2019Afrique a ajout\u00e9 :\u00a0\u00abquand j\u2019ai fait ma passe d\u00e9cisive pour Benji, je voulais juste faire entrer le ballon. Il s\u2019est bien d\u00e9brouill\u00e9. D\u2019une mani\u00e8re g\u00e9n\u00e9rale, nous avons un banc tr\u00e8s solide, ce qui distingue un grand club comme le Bayern. Nous sommes tr\u00e8s heureux d\u2019avoir des joueurs aussi forts\u00bb.","og_url":"https:\/\/www.public.sn\/index.php\/2023\/03\/12\/bayern-munchen-des-critiques-severes-envers-sadio-mane-pour-sa\/","og_site_name":"LE PUBLIC","article_published_time":"2023-03-12T17:23:10+00:00","og_image":[{"width":1200,"height":640,"url":"https:\/\/www.public.sn\/wp-content\/uploads\/2023\/03\/231A44A8-1E37-49AB-B2D9-CC22E2846F6D.jpeg","type":"image\/jpeg"}],"author":"LA REDACTION","twitter_card":"summary_large_image","twitter_misc":{"\u00c9crit par":"LA REDACTION","Dur\u00e9e de lecture estim\u00e9e":"2 minutes"},"schema":{"@context":"https:\/\/schema.org","@graph":[{"@type":"Article","@id":"https:\/\/www.public.sn\/index.php\/2023\/03\/12\/bayern-munchen-des-critiques-severes-envers-sadio-mane-pour-sa\/#article","isPartOf":{"@id":"https:\/\/www.public.sn\/index.php\/2023\/03\/12\/bayern-munchen-des-critiques-severes-envers-sadio-mane-pour-sa\/"},"author":{"name":"LA REDACTION","@id":"https:\/\/www.public.sn\/#\/schema\/person\/cb76c8e1b8becc6be61fb5e92d6d0224"},"headline":"Bayern M\u00fcnchen : Des critiques s\u00e9v\u00e8res envers Sadio Man\u00e9 pour sa &#8230;","datePublished":"2023-03-12T17:23:10+00:00","mainEntityOfPage":{"@id":"https:\/\/www.public.sn\/index.php\/2023\/03\/12\/bayern-munchen-des-critiques-severes-envers-sadio-mane-pour-sa\/"},"wordCount":297,"commentCount":0,"publisher":{"@id":"https:\/\/www.public.sn\/#organization"},"image":{"@id":"https:\/\/www.public.sn\/index.php\/2023\/03\/12\/bayern-munchen-des-critiques-severes-envers-sadio-mane-pour-sa\/#primaryimage"},"thumbnailUrl":"https:\/\/www.public.sn\/wp-content\/uploads\/2023\/03\/231A44A8-1E37-49AB-B2D9-CC22E2846F6D.jpeg","keywords":["bayern","critique","Sadio Man\u00e9"],"articleSection":["ACTUALIT\u00c9S","AFRIQUE &amp; MONDE","FOOTBALL","internationale","PEOPLE","SOCIETE","SPORTS","VEDETTE"],"inLanguage":"fr-FR","potentialAction":[{"@type":"CommentAction","name":"Comment","target":["https:\/\/www.public.sn\/index.php\/2023\/03\/12\/bayern-munchen-des-critiques-severes-envers-sadio-mane-pour-sa\/#respond"]}]},{"@type":"WebPage","@id":"https:\/\/www.public.sn\/index.php\/2023\/03\/12\/bayern-munchen-des-critiques-severes-envers-sadio-mane-pour-sa\/","url":"https:\/\/www.public.sn\/index.php\/2023\/03\/12\/bayern-munchen-des-critiques-severes-envers-sadio-mane-pour-sa\/","name":"Bayern M\u00fcnchen : Des critiques s\u00e9v\u00e8res envers Sadio Man\u00e9 pour sa ... - LE PUBLIC","isPartOf":{"@id":"https:\/\/www.public.sn\/#website"},"primaryImageOfPage":{"@id":"https:\/\/www.public.sn\/index.php\/2023\/03\/12\/bayern-munchen-des-critiques-severes-envers-sadio-mane-pour-sa\/#primaryimage"},"image":{"@id":"https:\/\/www.public.sn\/index.php\/2023\/03\/12\/bayern-munchen-des-critiques-severes-envers-sadio-mane-pour-sa\/#primaryimage"},"thumbnailUrl":"https:\/\/www.public.sn\/wp-content\/uploads\/2023\/03\/231A44A8-1E37-49AB-B2D9-CC22E2846F6D.jpeg","datePublished":"2023-03-12T17:23:10+00:00","breadcrumb":{"@id":"https:\/\/www.public.sn\/index.php\/2023\/03\/12\/bayern-munchen-des-critiques-severes-envers-sadio-mane-pour-sa\/#breadcrumb"},"inLanguage":"fr-FR","potentialAction":[{"@type":"ReadAction","target":["https:\/\/www.public.sn\/index.php\/2023\/03\/12\/bayern-munchen-des-critiques-severes-envers-sadio-mane-pour-sa\/"]}]},{"@type":"ImageObject","inLanguage":"fr-FR","@id":"https:\/\/www.public.sn\/index.php\/2023\/03\/12\/bayern-munchen-des-critiques-severes-envers-sadio-mane-pour-sa\/#primaryimage","url":"https:\/\/www.public.sn\/wp-content\/uploads\/2023\/03\/231A44A8-1E37-49AB-B2D9-CC22E2846F6D.jpeg","contentUrl":"https:\/\/www.public.sn\/wp-content\/uploads\/2023\/03\/231A44A8-1E37-49AB-B2D9-CC22E2846F6D.jpeg","width":1200,"height":640},{"@type":"BreadcrumbList","@id":"https:\/\/www.public.sn\/index.php\/2023\/03\/12\/bayern-munchen-des-critiques-severes-envers-sadio-mane-pour-sa\/#breadcrumb","itemListElement":[{"@type":"ListItem","position":1,"name":"Accueil","item":"https:\/\/www.public.sn\/"},{"@type":"ListItem","position":2,"name":"Bayern M\u00fcnchen : Des critiques s\u00e9v\u00e8res envers Sadio Man\u00e9 pour sa &#8230;"}]},{"@type":"WebSite","@id":"https:\/\/www.public.sn\/#website","url":"https:\/\/www.public.sn\/","name":"LE PUBLIC","description":"","publisher":{"@id":"https:\/\/www.public.sn\/#organization"},"potentialAction":[{"@type":"SearchAction","target":{"@type":"EntryPoint","urlTemplate":"https:\/\/www.public.sn\/?s={search_term_string}"},"query-input":{"@type":"PropertyValueSpecification","valueRequired":true,"valueName":"search_term_string"}}],"inLanguage":"fr-FR"},{"@type":"Organization","@id":"https:\/\/www.public.sn\/#organization","name":"LE PUBLIC","url":"https:\/\/www.public.sn\/","logo":{"@type":"ImageObject","inLanguage":"fr-FR","@id":"https:\/\/www.public.sn\/#\/schema\/logo\/image\/","url":"https:\/\/www.public.sn\/wp-content\/uploads\/2024\/05\/cropped-LOGO-PUBLIC.SN_.png","contentUrl":"https:\/\/www.public.sn\/wp-content\/uploads\/2024\/05\/cropped-LOGO-PUBLIC.SN_.png","width":682,"height":192,"caption":"LE PUBLIC"},"image":{"@id":"https:\/\/www.public.sn\/#\/schema\/logo\/image\/"}},{"@type":"Person","@id":"https:\/\/www.public.sn\/#\/schema\/person\/cb76c8e1b8becc6be61fb5e92d6d0224","name":"LA REDACTION","image":{"@type":"ImageObject","inLanguage":"fr-FR","@id":"https:\/\/www.public.sn\/#\/schema\/person\/image\/","url":"https:\/\/secure.gravatar.com\/avatar\/2dce5ddd34b8fef0180efe03aa2a9bee7d953856048f9a16b298190a3178407c?s=96&d=mm&r=g","contentUrl":"https:\/\/secure.gravatar.com\/avatar\/2dce5ddd34b8fef0180efe03aa2a9bee7d953856048f9a16b298190a3178407c?s=96&d=mm&r=g","caption":"LA REDACTION"},"url":"https:\/\/www.public.sn\/index.php\/author\/editeurpsn\/"}]}},"jetpack_featured_media_url":"https:\/\/www.public.sn\/wp-content\/uploads\/2023\/03\/231A44A8-1E37-49AB-B2D9-CC22E2846F6D.jpeg","jetpack_sharing_enabled":true,"_links":{"self":[{"href":"https:\/\/www.public.sn\/index.php\/wp-json\/wp\/v2\/posts\/17891","targetHints":{"allow":["GET"]}}],"collection":[{"href":"https:\/\/www.public.sn\/index.php\/wp-json\/wp\/v2\/posts"}],"about":[{"href":"https:\/\/www.public.sn\/index.php\/wp-json\/wp\/v2\/types\/post"}],"author":[{"embeddable":true,"href":"https:\/\/www.public.sn\/index.php\/wp-json\/wp\/v2\/users\/7"}],"replies":[{"embeddable":true,"href":"https:\/\/www.public.sn\/index.php\/wp-json\/wp\/v2\/comments?post=17891"}],"version-history":[{"count":1,"href":"https:\/\/www.public.sn\/index.php\/wp-json\/wp\/v2\/posts\/17891\/revisions"}],"predecessor-version":[{"id":17893,"href":"https:\/\/www.public.sn\/index.php\/wp-json\/wp\/v2\/posts\/17891\/revisions\/17893"}],"wp:featuredmedia":[{"embeddable":true,"href":"https:\/\/www.public.sn\/index.php\/wp-json\/wp\/v2\/media\/17892"}],"wp:attachment":[{"href":"https:\/\/www.public.sn\/index.php\/wp-json\/wp\/v2\/media?parent=17891"}],"wp:term":[{"taxonomy":"category","embeddable":true,"href":"https:\/\/www.public.sn\/index.php\/wp-json\/wp\/v2\/categories?post=17891"},{"taxonomy":"post_tag","embeddable":true,"href":"https:\/\/www.public.sn\/index.php\/wp-json\/wp\/v2\/tags?post=17891"}],"curies":[{"name":"wp","href":"https:\/\/api.w.org\/{rel}","templated":true}]}}