{"id":18003,"date":"2023-03-14T11:43:00","date_gmt":"2023-03-14T11:43:00","guid":{"rendered":"https:\/\/www.public.sn\/?p=18003"},"modified":"2023-03-14T11:43:00","modified_gmt":"2023-03-14T11:43:00","slug":"politique-nous-allons-bruler-sa-maisonles-propos-graves-dun-responsable-de-lapr","status":"publish","type":"post","link":"https:\/\/www.public.sn\/index.php\/2023\/03\/14\/politique-nous-allons-bruler-sa-maisonles-propos-graves-dun-responsable-de-lapr\/","title":{"rendered":"Politique \u00abNous allons br\u00fbler sa maison\u00bb\u2026les propos graves d\u2019un responsable de l\u2019APR"},"content":{"rendered":"<p><strong>Le ministre de la Jeunesse, Pape Malick Ndour, a convoqu\u00e9 une r\u00e9union de tous les jeunes militants de l\u2019APR ce lundi apr\u00e8s-midi pour pr\u00e9parer une riposte face \u00e0 la mobilisation des membres de Yewwi Askan wi. Prenant la parole, Amadou Niang a prof\u00e9r\u00e9 des menaces \u00e0 l\u2019encontre du leader de Pastef en annon\u00e7ant que si quelqu\u2019un venait \u00e0 casser des r\u00e9alisations de l\u2019\u00c9tat, Ousmane Sonko en subirait les cons\u00e9quences en payant le prix fort, y compris mettre le feu sur sa maison.<\/strong><\/p><div class=\"publi-paragraphe1\" style=\"margin-top: 10px;margin-bottom: 10px;margin-left: auto;margin-right: auto;text-align: center;\" id=\"publi-3886002020\"><div class=\"publi-adlabel\">Publicit\u00e9<\/div><script async src=\"\/\/pagead2.googlesyndication.com\/pagead\/js\/adsbygoogle.js?client=ca-pub-4089586018074219\" crossorigin=\"anonymous\"><\/script><ins class=\"adsbygoogle\" style=\"display:block;\" data-ad-client=\"ca-pub-4089586018074219\" \ndata-ad-slot=\"2087940154\" \ndata-ad-format=\"auto\"><\/ins>\n<script> \n(adsbygoogle = window.adsbygoogle || []).push({}); \n<\/script>\n<\/div>\n<div class=\"oceanwp-oembed-wrap clr\">\n<blockquote class=\"tiktok-embed\" cite=\"https:\/\/www.tiktok.com\/@d.thiounejrofficiel\/video\/7210133016763518213\" data-video-id=\"7210133016763518213\" data-embed-from=\"oembed\" style=\"max-width: 605px;min-width: 325px;\" >\n<section> <a target=\"_blank\" title=\"@d.thiounejrofficiel\" href=\"https:\/\/www.tiktok.com\/@d.thiounejrofficiel?refer=embed\">@d.thiounejrofficiel<\/a> <\/p>\n<p>Ce jeune de l\u2019Apr menace d\u2019incendier la maison d\u2019Ousmane Sonko:\u00a0 \u201cJe n\u2019ai qu\u2019un message \u00e0 lancer. Le 14, 15 et le 16, tout individu qui d\u00e9truira des r\u00e9alisations du Pr Macky Sall ou br\u00fblera la maison d\u2019autrui, nous br\u00fblerons la maison d\u2019Ousmane Sonko sise \u00e0 la cit\u00e9 Keur Gorgui\u201d.<\/p>\n<p> <a target=\"_blank\" title=\"\u266c son original - D.Thioune Jr. Officiel\" href=\"https:\/\/www.tiktok.com\/music\/son-original-7210133001163623174?refer=embed\">\u266c son original &#8211; D.Thioune Jr. Officiel<\/a> <\/section>\n<\/blockquote>\n<p> <script async src=\"https:\/\/www.tiktok.com\/embed.js\"><\/script><\/div>\n<div class=\"publi-apres-le-contenu\" style=\"margin-top: 10px;margin-bottom: 10px;margin-left: auto;margin-right: auto;text-align: center;\" id=\"publi-1064910492\"><div class=\"publi-adlabel\">Publicit\u00e9<\/div><script async src=\"\/\/pagead2.googlesyndication.com\/pagead\/js\/adsbygoogle.js?client=ca-pub-4089586018074219\" crossorigin=\"anonymous\"><\/script><ins class=\"adsbygoogle\" style=\"display:block;\" data-ad-client=\"ca-pub-4089586018074219\" \ndata-ad-slot=\"2087940154\" \ndata-ad-format=\"auto\"><\/ins>\n<script> \n(adsbygoogle = window.adsbygoogle || []).push({}); \n<\/script>\n<\/div>","protected":false},"excerpt":{"rendered":"<p>Le ministre de la Jeunesse, Pape Malick Ndour, a convoqu\u00e9 une r\u00e9union de tous les jeunes militants de l\u2019APR ce lundi apr\u00e8s-midi pour pr\u00e9parer une riposte face \u00e0 la mobilisation des membres de Yewwi Askan wi. Prenant la parole, Amadou Niang a prof\u00e9r\u00e9 des menaces \u00e0 l\u2019encontre du leader de Pastef en annon\u00e7ant que si quelqu\u2019un venait \u00e0 casser des r\u00e9alisations de l\u2019\u00c9tat, Ousmane Sonko en subirait les cons\u00e9quences en payant le prix fort, y compris mettre le feu sur sa maison. @d.thiounejrofficiel Ce jeune de l\u2019Apr menace d\u2019incendier la maison d\u2019Ousmane Sonko:\u00a0 \u201cJe n\u2019ai qu\u2019un message \u00e0 lancer. Le 14, 15 et le 16, tout individu qui d\u00e9truira des r\u00e9alisations du Pr Macky Sall ou br\u00fblera la maison d\u2019autrui, nous br\u00fblerons la maison d\u2019Ousmane Sonko sise \u00e0 la cit\u00e9 Keur Gorgui\u201d. \u266c son original &#8211; D.Thioune Jr. Officiel<\/p>\n","protected":false},"author":7,"featured_media":18005,"comment_status":"open","ping_status":"open","sticky":false,"template":"","format":"standard","meta":{"_jetpack_memberships_contains_paid_content":false,"footnotes":""},"categories":[375,3,1,4,372],"tags":[742,4800,1154,306],"class_list":["post-18003","post","type-post","status-publish","format-standard","has-post-thumbnail","hentry","category-actualites","category-politique","category-non-classe","category-societe","category-vedette","tag-apr","tag-maenace-de-bruler-la-maison","tag-manifestation","tag-sonko","entry","has-media","owp-thumbs-layout-horizontal","owp-btn-normal","owp-tabs-layout-horizontal","has-no-thumbnails","has-product-nav"],"yoast_head":"<!-- This site is optimized with the Yoast SEO plugin v25.5 - https:\/\/yoast.com\/wordpress\/plugins\/seo\/ -->\n<title>Politique \u00abNous allons br\u00fbler sa maison\u00bb\u2026les propos graves d\u2019un responsable de l\u2019APR - LE PUBLIC<\/title>\n<meta name=\"robots\" content=\"index, follow, max-snippet:-1, max-image-preview:large, max-video-preview:-1\" \/>\n<link rel=\"canonical\" href=\"https:\/\/www.public.sn\/index.php\/2023\/03\/14\/politique-nous-allons-bruler-sa-maisonles-propos-graves-dun-responsable-de-lapr\/\" \/>\n<meta property=\"og:locale\" content=\"fr_FR\" \/>\n<meta property=\"og:type\" content=\"article\" \/>\n<meta property=\"og:title\" content=\"Politique \u00abNous allons br\u00fbler sa maison\u00bb\u2026les propos graves d\u2019un responsable de l\u2019APR - LE PUBLIC\" \/>\n<meta property=\"og:description\" content=\"Le ministre de la Jeunesse, Pape Malick Ndour, a convoqu\u00e9 une r\u00e9union de tous les jeunes militants de l\u2019APR ce lundi apr\u00e8s-midi pour pr\u00e9parer une riposte face \u00e0 la mobilisation des membres de Yewwi Askan wi. Prenant la parole, Amadou Niang a prof\u00e9r\u00e9 des menaces \u00e0 l\u2019encontre du leader de Pastef en annon\u00e7ant que si quelqu\u2019un venait \u00e0 casser des r\u00e9alisations de l\u2019\u00c9tat, Ousmane Sonko en subirait les cons\u00e9quences en payant le prix fort, y compris mettre le feu sur sa maison. @d.thiounejrofficiel Ce jeune de l\u2019Apr menace d\u2019incendier la maison d\u2019Ousmane Sonko:\u00a0 \u201cJe n\u2019ai qu\u2019un message \u00e0 lancer. Le 14, 15 et le 16, tout individu qui d\u00e9truira des r\u00e9alisations du Pr Macky Sall ou br\u00fblera la maison d\u2019autrui, nous br\u00fblerons la maison d\u2019Ousmane Sonko sise \u00e0 la cit\u00e9 Keur Gorgui\u201d. \u266c son original &#8211; D.Thioune Jr. Officiel\" \/>\n<meta property=\"og:url\" content=\"https:\/\/www.public.sn\/index.php\/2023\/03\/14\/politique-nous-allons-bruler-sa-maisonles-propos-graves-dun-responsable-de-lapr\/\" \/>\n<meta property=\"og:site_name\" content=\"LE PUBLIC\" \/>\n<meta property=\"article:published_time\" content=\"2023-03-14T11:43:00+00:00\" \/>\n<meta property=\"og:image\" content=\"https:\/\/www.public.sn\/wp-content\/uploads\/2023\/03\/Politique.jpg\" \/>\n\t<meta property=\"og:image:width\" content=\"882\" \/>\n\t<meta property=\"og:image:height\" content=\"572\" \/>\n\t<meta property=\"og:image:type\" content=\"image\/jpeg\" \/>\n<meta name=\"author\" content=\"LA REDACTION\" \/>\n<meta name=\"twitter:card\" content=\"summary_large_image\" \/>\n<meta name=\"twitter:label1\" content=\"\u00c9crit par\" \/>\n\t<meta name=\"twitter:data1\" content=\"LA REDACTION\" \/>\n\t<meta name=\"twitter:label2\" content=\"Dur\u00e9e de lecture estim\u00e9e\" \/>\n\t<meta name=\"twitter:data2\" content=\"1 minute\" \/>\n<script type=\"application\/ld+json\" class=\"yoast-schema-graph\">{\"@context\":\"https:\/\/schema.org\",\"@graph\":[{\"@type\":\"Article\",\"@id\":\"https:\/\/www.public.sn\/index.php\/2023\/03\/14\/politique-nous-allons-bruler-sa-maisonles-propos-graves-dun-responsable-de-lapr\/#article\",\"isPartOf\":{\"@id\":\"https:\/\/www.public.sn\/index.php\/2023\/03\/14\/politique-nous-allons-bruler-sa-maisonles-propos-graves-dun-responsable-de-lapr\/\"},\"author\":{\"name\":\"LA REDACTION\",\"@id\":\"https:\/\/www.public.sn\/#\/schema\/person\/cb76c8e1b8becc6be61fb5e92d6d0224\"},\"headline\":\"Politique \u00abNous allons br\u00fbler sa maison\u00bb\u2026les propos graves d\u2019un responsable de l\u2019APR\",\"datePublished\":\"2023-03-14T11:43:00+00:00\",\"mainEntityOfPage\":{\"@id\":\"https:\/\/www.public.sn\/index.php\/2023\/03\/14\/politique-nous-allons-bruler-sa-maisonles-propos-graves-dun-responsable-de-lapr\/\"},\"wordCount\":120,\"commentCount\":0,\"publisher\":{\"@id\":\"https:\/\/www.public.sn\/#organization\"},\"image\":{\"@id\":\"https:\/\/www.public.sn\/index.php\/2023\/03\/14\/politique-nous-allons-bruler-sa-maisonles-propos-graves-dun-responsable-de-lapr\/#primaryimage\"},\"thumbnailUrl\":\"https:\/\/www.public.sn\/wp-content\/uploads\/2023\/03\/Politique.jpg\",\"keywords\":[\"Apr\",\"maenace de bruler la maison\",\"manifestation\",\"sonko\"],\"articleSection\":[\"ACTUALIT\u00c9S\",\"POLITIQUE\",\"S\u00c9N\u00c9GAL\",\"SOCIETE\",\"VEDETTE\"],\"inLanguage\":\"fr-FR\",\"potentialAction\":[{\"@type\":\"CommentAction\",\"name\":\"Comment\",\"target\":[\"https:\/\/www.public.sn\/index.php\/2023\/03\/14\/politique-nous-allons-bruler-sa-maisonles-propos-graves-dun-responsable-de-lapr\/#respond\"]}]},{\"@type\":\"WebPage\",\"@id\":\"https:\/\/www.public.sn\/index.php\/2023\/03\/14\/politique-nous-allons-bruler-sa-maisonles-propos-graves-dun-responsable-de-lapr\/\",\"url\":\"https:\/\/www.public.sn\/index.php\/2023\/03\/14\/politique-nous-allons-bruler-sa-maisonles-propos-graves-dun-responsable-de-lapr\/\",\"name\":\"Politique \u00abNous allons br\u00fbler sa maison\u00bb\u2026les propos graves d\u2019un responsable de l\u2019APR - LE PUBLIC\",\"isPartOf\":{\"@id\":\"https:\/\/www.public.sn\/#website\"},\"primaryImageOfPage\":{\"@id\":\"https:\/\/www.public.sn\/index.php\/2023\/03\/14\/politique-nous-allons-bruler-sa-maisonles-propos-graves-dun-responsable-de-lapr\/#primaryimage\"},\"image\":{\"@id\":\"https:\/\/www.public.sn\/index.php\/2023\/03\/14\/politique-nous-allons-bruler-sa-maisonles-propos-graves-dun-responsable-de-lapr\/#primaryimage\"},\"thumbnailUrl\":\"https:\/\/www.public.sn\/wp-content\/uploads\/2023\/03\/Politique.jpg\",\"datePublished\":\"2023-03-14T11:43:00+00:00\",\"breadcrumb\":{\"@id\":\"https:\/\/www.public.sn\/index.php\/2023\/03\/14\/politique-nous-allons-bruler-sa-maisonles-propos-graves-dun-responsable-de-lapr\/#breadcrumb\"},\"inLanguage\":\"fr-FR\",\"potentialAction\":[{\"@type\":\"ReadAction\",\"target\":[\"https:\/\/www.public.sn\/index.php\/2023\/03\/14\/politique-nous-allons-bruler-sa-maisonles-propos-graves-dun-responsable-de-lapr\/\"]}]},{\"@type\":\"ImageObject\",\"inLanguage\":\"fr-FR\",\"@id\":\"https:\/\/www.public.sn\/index.php\/2023\/03\/14\/politique-nous-allons-bruler-sa-maisonles-propos-graves-dun-responsable-de-lapr\/#primaryimage\",\"url\":\"https:\/\/www.public.sn\/wp-content\/uploads\/2023\/03\/Politique.jpg\",\"contentUrl\":\"https:\/\/www.public.sn\/wp-content\/uploads\/2023\/03\/Politique.jpg\",\"width\":882,\"height\":572},{\"@type\":\"BreadcrumbList\",\"@id\":\"https:\/\/www.public.sn\/index.php\/2023\/03\/14\/politique-nous-allons-bruler-sa-maisonles-propos-graves-dun-responsable-de-lapr\/#breadcrumb\",\"itemListElement\":[{\"@type\":\"ListItem\",\"position\":1,\"name\":\"Accueil\",\"item\":\"https:\/\/www.public.sn\/\"},{\"@type\":\"ListItem\",\"position\":2,\"name\":\"Politique \u00abNous allons br\u00fbler sa maison\u00bb\u2026les propos graves d\u2019un responsable de l\u2019APR\"}]},{\"@type\":\"WebSite\",\"@id\":\"https:\/\/www.public.sn\/#website\",\"url\":\"https:\/\/www.public.sn\/\",\"name\":\"LE PUBLIC\",\"description\":\"\",\"publisher\":{\"@id\":\"https:\/\/www.public.sn\/#organization\"},\"potentialAction\":[{\"@type\":\"SearchAction\",\"target\":{\"@type\":\"EntryPoint\",\"urlTemplate\":\"https:\/\/www.public.sn\/?s={search_term_string}\"},\"query-input\":{\"@type\":\"PropertyValueSpecification\",\"valueRequired\":true,\"valueName\":\"search_term_string\"}}],\"inLanguage\":\"fr-FR\"},{\"@type\":\"Organization\",\"@id\":\"https:\/\/www.public.sn\/#organization\",\"name\":\"LE PUBLIC\",\"url\":\"https:\/\/www.public.sn\/\",\"logo\":{\"@type\":\"ImageObject\",\"inLanguage\":\"fr-FR\",\"@id\":\"https:\/\/www.public.sn\/#\/schema\/logo\/image\/\",\"url\":\"https:\/\/www.public.sn\/wp-content\/uploads\/2024\/05\/cropped-LOGO-PUBLIC.SN_.png\",\"contentUrl\":\"https:\/\/www.public.sn\/wp-content\/uploads\/2024\/05\/cropped-LOGO-PUBLIC.SN_.png\",\"width\":682,\"height\":192,\"caption\":\"LE PUBLIC\"},\"image\":{\"@id\":\"https:\/\/www.public.sn\/#\/schema\/logo\/image\/\"}},{\"@type\":\"Person\",\"@id\":\"https:\/\/www.public.sn\/#\/schema\/person\/cb76c8e1b8becc6be61fb5e92d6d0224\",\"name\":\"LA REDACTION\",\"image\":{\"@type\":\"ImageObject\",\"inLanguage\":\"fr-FR\",\"@id\":\"https:\/\/www.public.sn\/#\/schema\/person\/image\/\",\"url\":\"https:\/\/secure.gravatar.com\/avatar\/2dce5ddd34b8fef0180efe03aa2a9bee7d953856048f9a16b298190a3178407c?s=96&d=mm&r=g\",\"contentUrl\":\"https:\/\/secure.gravatar.com\/avatar\/2dce5ddd34b8fef0180efe03aa2a9bee7d953856048f9a16b298190a3178407c?s=96&d=mm&r=g\",\"caption\":\"LA REDACTION\"},\"url\":\"https:\/\/www.public.sn\/index.php\/author\/editeurpsn\/\"}]}<\/script>\n<!-- \/ Yoast SEO plugin. -->","yoast_head_json":{"title":"Politique \u00abNous allons br\u00fbler sa maison\u00bb\u2026les propos graves d\u2019un responsable de l\u2019APR - LE PUBLIC","robots":{"index":"index","follow":"follow","max-snippet":"max-snippet:-1","max-image-preview":"max-image-preview:large","max-video-preview":"max-video-preview:-1"},"canonical":"https:\/\/www.public.sn\/index.php\/2023\/03\/14\/politique-nous-allons-bruler-sa-maisonles-propos-graves-dun-responsable-de-lapr\/","og_locale":"fr_FR","og_type":"article","og_title":"Politique \u00abNous allons br\u00fbler sa maison\u00bb\u2026les propos graves d\u2019un responsable de l\u2019APR - LE PUBLIC","og_description":"Le ministre de la Jeunesse, Pape Malick Ndour, a convoqu\u00e9 une r\u00e9union de tous les jeunes militants de l\u2019APR ce lundi apr\u00e8s-midi pour pr\u00e9parer une riposte face \u00e0 la mobilisation des membres de Yewwi Askan wi. Prenant la parole, Amadou Niang a prof\u00e9r\u00e9 des menaces \u00e0 l\u2019encontre du leader de Pastef en annon\u00e7ant que si quelqu\u2019un venait \u00e0 casser des r\u00e9alisations de l\u2019\u00c9tat, Ousmane Sonko en subirait les cons\u00e9quences en payant le prix fort, y compris mettre le feu sur sa maison. @d.thiounejrofficiel Ce jeune de l\u2019Apr menace d\u2019incendier la maison d\u2019Ousmane Sonko:\u00a0 \u201cJe n\u2019ai qu\u2019un message \u00e0 lancer. Le 14, 15 et le 16, tout individu qui d\u00e9truira des r\u00e9alisations du Pr Macky Sall ou br\u00fblera la maison d\u2019autrui, nous br\u00fblerons la maison d\u2019Ousmane Sonko sise \u00e0 la cit\u00e9 Keur Gorgui\u201d. \u266c son original &#8211; D.Thioune Jr. Officiel","og_url":"https:\/\/www.public.sn\/index.php\/2023\/03\/14\/politique-nous-allons-bruler-sa-maisonles-propos-graves-dun-responsable-de-lapr\/","og_site_name":"LE PUBLIC","article_published_time":"2023-03-14T11:43:00+00:00","og_image":[{"width":882,"height":572,"url":"https:\/\/www.public.sn\/wp-content\/uploads\/2023\/03\/Politique.jpg","type":"image\/jpeg"}],"author":"LA REDACTION","twitter_card":"summary_large_image","twitter_misc":{"\u00c9crit par":"LA REDACTION","Dur\u00e9e de lecture estim\u00e9e":"1 minute"},"schema":{"@context":"https:\/\/schema.org","@graph":[{"@type":"Article","@id":"https:\/\/www.public.sn\/index.php\/2023\/03\/14\/politique-nous-allons-bruler-sa-maisonles-propos-graves-dun-responsable-de-lapr\/#article","isPartOf":{"@id":"https:\/\/www.public.sn\/index.php\/2023\/03\/14\/politique-nous-allons-bruler-sa-maisonles-propos-graves-dun-responsable-de-lapr\/"},"author":{"name":"LA REDACTION","@id":"https:\/\/www.public.sn\/#\/schema\/person\/cb76c8e1b8becc6be61fb5e92d6d0224"},"headline":"Politique \u00abNous allons br\u00fbler sa maison\u00bb\u2026les propos graves d\u2019un responsable de l\u2019APR","datePublished":"2023-03-14T11:43:00+00:00","mainEntityOfPage":{"@id":"https:\/\/www.public.sn\/index.php\/2023\/03\/14\/politique-nous-allons-bruler-sa-maisonles-propos-graves-dun-responsable-de-lapr\/"},"wordCount":120,"commentCount":0,"publisher":{"@id":"https:\/\/www.public.sn\/#organization"},"image":{"@id":"https:\/\/www.public.sn\/index.php\/2023\/03\/14\/politique-nous-allons-bruler-sa-maisonles-propos-graves-dun-responsable-de-lapr\/#primaryimage"},"thumbnailUrl":"https:\/\/www.public.sn\/wp-content\/uploads\/2023\/03\/Politique.jpg","keywords":["Apr","maenace de bruler la maison","manifestation","sonko"],"articleSection":["ACTUALIT\u00c9S","POLITIQUE","S\u00c9N\u00c9GAL","SOCIETE","VEDETTE"],"inLanguage":"fr-FR","potentialAction":[{"@type":"CommentAction","name":"Comment","target":["https:\/\/www.public.sn\/index.php\/2023\/03\/14\/politique-nous-allons-bruler-sa-maisonles-propos-graves-dun-responsable-de-lapr\/#respond"]}]},{"@type":"WebPage","@id":"https:\/\/www.public.sn\/index.php\/2023\/03\/14\/politique-nous-allons-bruler-sa-maisonles-propos-graves-dun-responsable-de-lapr\/","url":"https:\/\/www.public.sn\/index.php\/2023\/03\/14\/politique-nous-allons-bruler-sa-maisonles-propos-graves-dun-responsable-de-lapr\/","name":"Politique \u00abNous allons br\u00fbler sa maison\u00bb\u2026les propos graves d\u2019un responsable de l\u2019APR - LE PUBLIC","isPartOf":{"@id":"https:\/\/www.public.sn\/#website"},"primaryImageOfPage":{"@id":"https:\/\/www.public.sn\/index.php\/2023\/03\/14\/politique-nous-allons-bruler-sa-maisonles-propos-graves-dun-responsable-de-lapr\/#primaryimage"},"image":{"@id":"https:\/\/www.public.sn\/index.php\/2023\/03\/14\/politique-nous-allons-bruler-sa-maisonles-propos-graves-dun-responsable-de-lapr\/#primaryimage"},"thumbnailUrl":"https:\/\/www.public.sn\/wp-content\/uploads\/2023\/03\/Politique.jpg","datePublished":"2023-03-14T11:43:00+00:00","breadcrumb":{"@id":"https:\/\/www.public.sn\/index.php\/2023\/03\/14\/politique-nous-allons-bruler-sa-maisonles-propos-graves-dun-responsable-de-lapr\/#breadcrumb"},"inLanguage":"fr-FR","potentialAction":[{"@type":"ReadAction","target":["https:\/\/www.public.sn\/index.php\/2023\/03\/14\/politique-nous-allons-bruler-sa-maisonles-propos-graves-dun-responsable-de-lapr\/"]}]},{"@type":"ImageObject","inLanguage":"fr-FR","@id":"https:\/\/www.public.sn\/index.php\/2023\/03\/14\/politique-nous-allons-bruler-sa-maisonles-propos-graves-dun-responsable-de-lapr\/#primaryimage","url":"https:\/\/www.public.sn\/wp-content\/uploads\/2023\/03\/Politique.jpg","contentUrl":"https:\/\/www.public.sn\/wp-content\/uploads\/2023\/03\/Politique.jpg","width":882,"height":572},{"@type":"BreadcrumbList","@id":"https:\/\/www.public.sn\/index.php\/2023\/03\/14\/politique-nous-allons-bruler-sa-maisonles-propos-graves-dun-responsable-de-lapr\/#breadcrumb","itemListElement":[{"@type":"ListItem","position":1,"name":"Accueil","item":"https:\/\/www.public.sn\/"},{"@type":"ListItem","position":2,"name":"Politique \u00abNous allons br\u00fbler sa maison\u00bb\u2026les propos graves d\u2019un responsable de l\u2019APR"}]},{"@type":"WebSite","@id":"https:\/\/www.public.sn\/#website","url":"https:\/\/www.public.sn\/","name":"LE PUBLIC","description":"","publisher":{"@id":"https:\/\/www.public.sn\/#organization"},"potentialAction":[{"@type":"SearchAction","target":{"@type":"EntryPoint","urlTemplate":"https:\/\/www.public.sn\/?s={search_term_string}"},"query-input":{"@type":"PropertyValueSpecification","valueRequired":true,"valueName":"search_term_string"}}],"inLanguage":"fr-FR"},{"@type":"Organization","@id":"https:\/\/www.public.sn\/#organization","name":"LE PUBLIC","url":"https:\/\/www.public.sn\/","logo":{"@type":"ImageObject","inLanguage":"fr-FR","@id":"https:\/\/www.public.sn\/#\/schema\/logo\/image\/","url":"https:\/\/www.public.sn\/wp-content\/uploads\/2024\/05\/cropped-LOGO-PUBLIC.SN_.png","contentUrl":"https:\/\/www.public.sn\/wp-content\/uploads\/2024\/05\/cropped-LOGO-PUBLIC.SN_.png","width":682,"height":192,"caption":"LE PUBLIC"},"image":{"@id":"https:\/\/www.public.sn\/#\/schema\/logo\/image\/"}},{"@type":"Person","@id":"https:\/\/www.public.sn\/#\/schema\/person\/cb76c8e1b8becc6be61fb5e92d6d0224","name":"LA REDACTION","image":{"@type":"ImageObject","inLanguage":"fr-FR","@id":"https:\/\/www.public.sn\/#\/schema\/person\/image\/","url":"https:\/\/secure.gravatar.com\/avatar\/2dce5ddd34b8fef0180efe03aa2a9bee7d953856048f9a16b298190a3178407c?s=96&d=mm&r=g","contentUrl":"https:\/\/secure.gravatar.com\/avatar\/2dce5ddd34b8fef0180efe03aa2a9bee7d953856048f9a16b298190a3178407c?s=96&d=mm&r=g","caption":"LA REDACTION"},"url":"https:\/\/www.public.sn\/index.php\/author\/editeurpsn\/"}]}},"jetpack_featured_media_url":"https:\/\/www.public.sn\/wp-content\/uploads\/2023\/03\/Politique.jpg","jetpack_sharing_enabled":true,"_links":{"self":[{"href":"https:\/\/www.public.sn\/index.php\/wp-json\/wp\/v2\/posts\/18003","targetHints":{"allow":["GET"]}}],"collection":[{"href":"https:\/\/www.public.sn\/index.php\/wp-json\/wp\/v2\/posts"}],"about":[{"href":"https:\/\/www.public.sn\/index.php\/wp-json\/wp\/v2\/types\/post"}],"author":[{"embeddable":true,"href":"https:\/\/www.public.sn\/index.php\/wp-json\/wp\/v2\/users\/7"}],"replies":[{"embeddable":true,"href":"https:\/\/www.public.sn\/index.php\/wp-json\/wp\/v2\/comments?post=18003"}],"version-history":[{"count":1,"href":"https:\/\/www.public.sn\/index.php\/wp-json\/wp\/v2\/posts\/18003\/revisions"}],"predecessor-version":[{"id":18006,"href":"https:\/\/www.public.sn\/index.php\/wp-json\/wp\/v2\/posts\/18003\/revisions\/18006"}],"wp:featuredmedia":[{"embeddable":true,"href":"https:\/\/www.public.sn\/index.php\/wp-json\/wp\/v2\/media\/18005"}],"wp:attachment":[{"href":"https:\/\/www.public.sn\/index.php\/wp-json\/wp\/v2\/media?parent=18003"}],"wp:term":[{"taxonomy":"category","embeddable":true,"href":"https:\/\/www.public.sn\/index.php\/wp-json\/wp\/v2\/categories?post=18003"},{"taxonomy":"post_tag","embeddable":true,"href":"https:\/\/www.public.sn\/index.php\/wp-json\/wp\/v2\/tags?post=18003"}],"curies":[{"name":"wp","href":"https:\/\/api.w.org\/{rel}","templated":true}]}}