{"id":18004,"date":"2023-03-14T12:05:08","date_gmt":"2023-03-14T12:05:08","guid":{"rendered":"https:\/\/www.public.sn\/?p=18004"},"modified":"2023-03-14T12:08:01","modified_gmt":"2023-03-14T12:08:01","slug":"14-mars-2021-14-mars-2023-02-ans-apres-la-disparition-de-thione-seck","status":"publish","type":"post","link":"https:\/\/www.public.sn\/index.php\/2023\/03\/14\/14-mars-2021-14-mars-2023-02-ans-apres-la-disparition-de-thione-seck\/","title":{"rendered":"14 Mars 2021 \u2013 14 Mars 2023: 02 ans apr\u00e8s la disparition de Thione Seck"},"content":{"rendered":"<p><strong>Le chanteur et parolier Thione Seck, l\u2019un des \u00ab seigneurs \u00bb de la musique s\u00e9n\u00e9galaise depuis une quarantaine d\u2019ann\u00e9es, est d\u00e9c\u00e9d\u00e9 dimanche 14 mars 2021 \u00e0 l\u2019\u00e2ge de 66 ans \u00e0 Dakar. L\u2019artiste, leader du Raam Daam et p\u00e8re du chanteur Wally Seck a succomb\u00e9 des suites d\u2019une maladie \u00e0 l\u2019h\u00f4pital Fann de Dakar, rappelle.<\/strong><\/p><div class=\"publi-paragraphe1\" style=\"margin-top: 10px;margin-bottom: 10px;margin-left: auto;margin-right: auto;text-align: center;\" id=\"publi-240856349\"><div class=\"publi-adlabel\">Publicit\u00e9<\/div><script async src=\"\/\/pagead2.googlesyndication.com\/pagead\/js\/adsbygoogle.js?client=ca-pub-4089586018074219\" crossorigin=\"anonymous\"><\/script><ins class=\"adsbygoogle\" style=\"display:block;\" data-ad-client=\"ca-pub-4089586018074219\" \ndata-ad-slot=\"2087940154\" \ndata-ad-format=\"auto\"><\/ins>\n<script> \n(adsbygoogle = window.adsbygoogle || []).push({}); \n<\/script>\n<\/div>\n<p>Issu d\u2019une famille de griots, Thione Ballago Seck de son nom complet \u00e9tait l\u2019un des plus c\u00e9l\u00e8bres musiciens du pays avec Youssou N\u2019Dour, Omar P\u00e8ne, Isma\u00ebl L\u00f4 ou encore son propre fils, Wally Seck.<\/p>\n<p>Ancien chanteur dans les ann\u00e9es 1970 de l\u2019Orchestre Baobab, une formation adepte d\u2019une salsa afro-cubaine \u00e0 la sauce s\u00e9n\u00e9galaise, Thione Seck avait fond\u00e9 dans les ann\u00e9es 1980 \u00ab Raam Daam \u00bb, un groupe de pur mbalax, genre n\u00e9 de la rencontre entre plusieurs rythmes locaux, le chant, le funk, et parfois le reggae. Sa discographie comprend notamment \u00ab All\u00f4 Petit \u00bb, \u00ab Orientissime \u00bb et \u00ab Diaga \u00bb, rappelle Rewmi.<\/p>\n<p>\u00ab Monument \u00bb de la musique s\u00e9n\u00e9galaise<\/p>\n<p>Les hommages se sont succ\u00e9d\u00e9 au S\u00e9n\u00e9gal d\u00e8s l\u2019annonce de sa disparition. Sur Twitter, l\u2019ancien maire de Dakar Khalifa Sall a salu\u00e9 le d\u00e9part d\u2019un \u00ab v\u00e9ritable monument de la musique s\u00e9n\u00e9galaise \u00bb. \u00ab Thione Seck fait partie des artistes h\u00e9ros d\u2019une \u00e9poque. Libre, \u00e9nergique, m\u00e9lodique (\u2026), il a persist\u00e9 dans la cr\u00e9ation, passant du traditionnel au moderne, bravant les \u00e9cueils et l\u2019incompr\u00e9hension d\u2019une soci\u00e9t\u00e9 qui a peu cru \u00e0 l\u2019art comme mode de vie et moyen de vivre \u00bb, a tweet\u00e9 l\u2019ancien journaliste El Hadji Hamidou Kass\u00e9, actuellement conseiller du pr\u00e9sident Macky Sall pour les affaires culturelles. Selon les m\u00e9dias s\u00e9n\u00e9galais, Thione Seck devait \u00eatre inhum\u00e9 au cimeti\u00e8re musulman de Yoff, un quartier de la capitale.<\/p>\n<p>Les derni\u00e8res ann\u00e9es du musicien ont \u00e9t\u00e9 ternies par une longue saga judiciaire dans une affaire de faux billets, qui lui a valu une d\u00e9tention provisoire de neuf mois en 2015. D\u00e9but mars, la Cour supr\u00eame du S\u00e9n\u00e9gal avait annul\u00e9 toute la proc\u00e9dure \u00e0 son encontre, a indiqu\u00e9 dimanche son avocat, Ousmane Seye.<\/p>\n<div class=\"publi-apres-le-contenu\" style=\"margin-top: 10px;margin-bottom: 10px;margin-left: auto;margin-right: auto;text-align: center;\" id=\"publi-681323465\"><div class=\"publi-adlabel\">Publicit\u00e9<\/div><script async src=\"\/\/pagead2.googlesyndication.com\/pagead\/js\/adsbygoogle.js?client=ca-pub-4089586018074219\" crossorigin=\"anonymous\"><\/script><ins class=\"adsbygoogle\" style=\"display:block;\" data-ad-client=\"ca-pub-4089586018074219\" \ndata-ad-slot=\"2087940154\" \ndata-ad-format=\"auto\"><\/ins>\n<script> \n(adsbygoogle = window.adsbygoogle || []).push({}); \n<\/script>\n<\/div>","protected":false},"excerpt":{"rendered":"<p>Le chanteur et parolier Thione Seck, l\u2019un des \u00ab seigneurs \u00bb de la musique s\u00e9n\u00e9galaise depuis une quarantaine d\u2019ann\u00e9es, est d\u00e9c\u00e9d\u00e9 dimanche 14 mars 2021 \u00e0 l\u2019\u00e2ge de 66 ans \u00e0 Dakar. L\u2019artiste, leader du Raam Daam et p\u00e8re du chanteur Wally Seck a succomb\u00e9 des suites d\u2019une maladie \u00e0 l\u2019h\u00f4pital Fann de Dakar, rappelle. Issu d\u2019une famille de griots, Thione Ballago Seck de son nom complet \u00e9tait l\u2019un des plus c\u00e9l\u00e8bres musiciens du pays avec Youssou N\u2019Dour, Omar P\u00e8ne, Isma\u00ebl L\u00f4 ou encore son propre fils, Wally Seck. Ancien chanteur dans les ann\u00e9es 1970 de l\u2019Orchestre Baobab, une formation adepte d\u2019une salsa afro-cubaine \u00e0 la sauce s\u00e9n\u00e9galaise, Thione Seck avait fond\u00e9 dans les ann\u00e9es 1980 \u00ab Raam Daam \u00bb, un groupe de pur mbalax, genre n\u00e9 de la rencontre entre plusieurs rythmes locaux, le chant, le funk, et parfois le reggae. Sa discographie comprend notamment \u00ab All\u00f4 Petit \u00bb, \u00ab Orientissime \u00bb et \u00ab Diaga \u00bb, rappelle Rewmi. \u00ab Monument \u00bb de la musique s\u00e9n\u00e9galaise Les hommages se sont succ\u00e9d\u00e9 au S\u00e9n\u00e9gal d\u00e8s l\u2019annonce de sa disparition. Sur Twitter, l\u2019ancien maire de Dakar Khalifa Sall a salu\u00e9 le d\u00e9part d\u2019un \u00ab v\u00e9ritable monument de la musique s\u00e9n\u00e9galaise \u00bb. \u00ab Thione Seck fait partie des artistes h\u00e9ros d\u2019une \u00e9poque. Libre, \u00e9nergique, m\u00e9lodique (\u2026), il a persist\u00e9 dans la cr\u00e9ation, passant du traditionnel au moderne, bravant les \u00e9cueils et l\u2019incompr\u00e9hension d\u2019une soci\u00e9t\u00e9 qui a peu cru \u00e0 l\u2019art comme mode de vie et moyen de vivre \u00bb, a tweet\u00e9 l\u2019ancien journaliste El Hadji Hamidou Kass\u00e9, actuellement conseiller du pr\u00e9sident Macky Sall pour les affaires culturelles. Selon les m\u00e9dias s\u00e9n\u00e9galais, Thione Seck devait \u00eatre inhum\u00e9 au cimeti\u00e8re musulman de Yoff, un quartier de la capitale. Les derni\u00e8res ann\u00e9es du musicien ont \u00e9t\u00e9 ternies par une longue saga judiciaire dans une affaire de faux billets, qui lui a valu une d\u00e9tention provisoire de neuf mois en 2015. D\u00e9but mars, la Cour supr\u00eame du S\u00e9n\u00e9gal avait annul\u00e9 toute la proc\u00e9dure \u00e0 son encontre, a indiqu\u00e9 dimanche son avocat, Ousmane Seye.<\/p>\n","protected":false},"author":7,"featured_media":18008,"comment_status":"open","ping_status":"open","sticky":false,"template":"","format":"standard","meta":{"_jetpack_memberships_contains_paid_content":false,"footnotes":""},"categories":[375,1034,371,5,1,881,372],"tags":[374,4801,326],"class_list":["post-18004","post","type-post","status-publish","format-standard","has-post-thumbnail","hentry","category-actualites","category-musique","category-necrologie","category-people","category-non-classe","category-souvenirs","category-vedette","tag-deces","tag-souvenir","tag-thione-seck","entry","has-media","owp-thumbs-layout-horizontal","owp-btn-normal","owp-tabs-layout-horizontal","has-no-thumbnails","has-product-nav"],"yoast_head":"<!-- This site is optimized with the Yoast SEO plugin v25.5 - https:\/\/yoast.com\/wordpress\/plugins\/seo\/ -->\n<title>14 Mars 2021 \u2013 14 Mars 2023: 02 ans apr\u00e8s la disparition de Thione Seck - LE PUBLIC<\/title>\n<meta name=\"robots\" content=\"index, follow, max-snippet:-1, max-image-preview:large, max-video-preview:-1\" \/>\n<link rel=\"canonical\" href=\"https:\/\/www.public.sn\/index.php\/2023\/03\/14\/14-mars-2021-14-mars-2023-02-ans-apres-la-disparition-de-thione-seck\/\" \/>\n<meta property=\"og:locale\" content=\"fr_FR\" \/>\n<meta property=\"og:type\" content=\"article\" \/>\n<meta property=\"og:title\" content=\"14 Mars 2021 \u2013 14 Mars 2023: 02 ans apr\u00e8s la disparition de Thione Seck - LE PUBLIC\" \/>\n<meta property=\"og:description\" content=\"Le chanteur et parolier Thione Seck, l\u2019un des \u00ab seigneurs \u00bb de la musique s\u00e9n\u00e9galaise depuis une quarantaine d\u2019ann\u00e9es, est d\u00e9c\u00e9d\u00e9 dimanche 14 mars 2021 \u00e0 l\u2019\u00e2ge de 66 ans \u00e0 Dakar. L\u2019artiste, leader du Raam Daam et p\u00e8re du chanteur Wally Seck a succomb\u00e9 des suites d\u2019une maladie \u00e0 l\u2019h\u00f4pital Fann de Dakar, rappelle. Issu d\u2019une famille de griots, Thione Ballago Seck de son nom complet \u00e9tait l\u2019un des plus c\u00e9l\u00e8bres musiciens du pays avec Youssou N\u2019Dour, Omar P\u00e8ne, Isma\u00ebl L\u00f4 ou encore son propre fils, Wally Seck. Ancien chanteur dans les ann\u00e9es 1970 de l\u2019Orchestre Baobab, une formation adepte d\u2019une salsa afro-cubaine \u00e0 la sauce s\u00e9n\u00e9galaise, Thione Seck avait fond\u00e9 dans les ann\u00e9es 1980 \u00ab Raam Daam \u00bb, un groupe de pur mbalax, genre n\u00e9 de la rencontre entre plusieurs rythmes locaux, le chant, le funk, et parfois le reggae. Sa discographie comprend notamment \u00ab All\u00f4 Petit \u00bb, \u00ab Orientissime \u00bb et \u00ab Diaga \u00bb, rappelle Rewmi. \u00ab Monument \u00bb de la musique s\u00e9n\u00e9galaise Les hommages se sont succ\u00e9d\u00e9 au S\u00e9n\u00e9gal d\u00e8s l\u2019annonce de sa disparition. Sur Twitter, l\u2019ancien maire de Dakar Khalifa Sall a salu\u00e9 le d\u00e9part d\u2019un \u00ab v\u00e9ritable monument de la musique s\u00e9n\u00e9galaise \u00bb. \u00ab Thione Seck fait partie des artistes h\u00e9ros d\u2019une \u00e9poque. Libre, \u00e9nergique, m\u00e9lodique (\u2026), il a persist\u00e9 dans la cr\u00e9ation, passant du traditionnel au moderne, bravant les \u00e9cueils et l\u2019incompr\u00e9hension d\u2019une soci\u00e9t\u00e9 qui a peu cru \u00e0 l\u2019art comme mode de vie et moyen de vivre \u00bb, a tweet\u00e9 l\u2019ancien journaliste El Hadji Hamidou Kass\u00e9, actuellement conseiller du pr\u00e9sident Macky Sall pour les affaires culturelles. Selon les m\u00e9dias s\u00e9n\u00e9galais, Thione Seck devait \u00eatre inhum\u00e9 au cimeti\u00e8re musulman de Yoff, un quartier de la capitale. Les derni\u00e8res ann\u00e9es du musicien ont \u00e9t\u00e9 ternies par une longue saga judiciaire dans une affaire de faux billets, qui lui a valu une d\u00e9tention provisoire de neuf mois en 2015. D\u00e9but mars, la Cour supr\u00eame du S\u00e9n\u00e9gal avait annul\u00e9 toute la proc\u00e9dure \u00e0 son encontre, a indiqu\u00e9 dimanche son avocat, Ousmane Seye.\" \/>\n<meta property=\"og:url\" content=\"https:\/\/www.public.sn\/index.php\/2023\/03\/14\/14-mars-2021-14-mars-2023-02-ans-apres-la-disparition-de-thione-seck\/\" \/>\n<meta property=\"og:site_name\" content=\"LE PUBLIC\" \/>\n<meta property=\"article:published_time\" content=\"2023-03-14T12:05:08+00:00\" \/>\n<meta property=\"article:modified_time\" content=\"2023-03-14T12:08:01+00:00\" \/>\n<meta property=\"og:image\" content=\"https:\/\/www.public.sn\/wp-content\/uploads\/2023\/03\/Thione-Ballago-seck.jpg\" \/>\n\t<meta property=\"og:image:width\" content=\"592\" \/>\n\t<meta property=\"og:image:height\" content=\"296\" \/>\n\t<meta property=\"og:image:type\" content=\"image\/jpeg\" \/>\n<meta name=\"author\" content=\"LA REDACTION\" \/>\n<meta name=\"twitter:card\" content=\"summary_large_image\" \/>\n<meta name=\"twitter:label1\" content=\"\u00c9crit par\" \/>\n\t<meta name=\"twitter:data1\" content=\"LA REDACTION\" \/>\n\t<meta name=\"twitter:label2\" content=\"Dur\u00e9e de lecture estim\u00e9e\" \/>\n\t<meta name=\"twitter:data2\" content=\"2 minutes\" \/>\n<script type=\"application\/ld+json\" class=\"yoast-schema-graph\">{\"@context\":\"https:\/\/schema.org\",\"@graph\":[{\"@type\":\"Article\",\"@id\":\"https:\/\/www.public.sn\/index.php\/2023\/03\/14\/14-mars-2021-14-mars-2023-02-ans-apres-la-disparition-de-thione-seck\/#article\",\"isPartOf\":{\"@id\":\"https:\/\/www.public.sn\/index.php\/2023\/03\/14\/14-mars-2021-14-mars-2023-02-ans-apres-la-disparition-de-thione-seck\/\"},\"author\":{\"name\":\"LA REDACTION\",\"@id\":\"https:\/\/www.public.sn\/#\/schema\/person\/cb76c8e1b8becc6be61fb5e92d6d0224\"},\"headline\":\"14 Mars 2021 \u2013 14 Mars 2023: 02 ans apr\u00e8s la disparition de Thione Seck\",\"datePublished\":\"2023-03-14T12:05:08+00:00\",\"dateModified\":\"2023-03-14T12:08:01+00:00\",\"mainEntityOfPage\":{\"@id\":\"https:\/\/www.public.sn\/index.php\/2023\/03\/14\/14-mars-2021-14-mars-2023-02-ans-apres-la-disparition-de-thione-seck\/\"},\"wordCount\":379,\"commentCount\":0,\"publisher\":{\"@id\":\"https:\/\/www.public.sn\/#organization\"},\"image\":{\"@id\":\"https:\/\/www.public.sn\/index.php\/2023\/03\/14\/14-mars-2021-14-mars-2023-02-ans-apres-la-disparition-de-thione-seck\/#primaryimage\"},\"thumbnailUrl\":\"https:\/\/www.public.sn\/wp-content\/uploads\/2023\/03\/Thione-Ballago-seck.jpg\",\"keywords\":[\"d\u00e9c\u00e8s\",\"souvenir\",\"Thione Seck\"],\"articleSection\":[\"ACTUALIT\u00c9S\",\"MUSIQUE\",\"N\u00c9CROLOGIE\",\"PEOPLE\",\"S\u00c9N\u00c9GAL\",\"SOUVENIRS\",\"VEDETTE\"],\"inLanguage\":\"fr-FR\",\"potentialAction\":[{\"@type\":\"CommentAction\",\"name\":\"Comment\",\"target\":[\"https:\/\/www.public.sn\/index.php\/2023\/03\/14\/14-mars-2021-14-mars-2023-02-ans-apres-la-disparition-de-thione-seck\/#respond\"]}]},{\"@type\":\"WebPage\",\"@id\":\"https:\/\/www.public.sn\/index.php\/2023\/03\/14\/14-mars-2021-14-mars-2023-02-ans-apres-la-disparition-de-thione-seck\/\",\"url\":\"https:\/\/www.public.sn\/index.php\/2023\/03\/14\/14-mars-2021-14-mars-2023-02-ans-apres-la-disparition-de-thione-seck\/\",\"name\":\"14 Mars 2021 \u2013 14 Mars 2023: 02 ans apr\u00e8s la disparition de Thione Seck - LE PUBLIC\",\"isPartOf\":{\"@id\":\"https:\/\/www.public.sn\/#website\"},\"primaryImageOfPage\":{\"@id\":\"https:\/\/www.public.sn\/index.php\/2023\/03\/14\/14-mars-2021-14-mars-2023-02-ans-apres-la-disparition-de-thione-seck\/#primaryimage\"},\"image\":{\"@id\":\"https:\/\/www.public.sn\/index.php\/2023\/03\/14\/14-mars-2021-14-mars-2023-02-ans-apres-la-disparition-de-thione-seck\/#primaryimage\"},\"thumbnailUrl\":\"https:\/\/www.public.sn\/wp-content\/uploads\/2023\/03\/Thione-Ballago-seck.jpg\",\"datePublished\":\"2023-03-14T12:05:08+00:00\",\"dateModified\":\"2023-03-14T12:08:01+00:00\",\"breadcrumb\":{\"@id\":\"https:\/\/www.public.sn\/index.php\/2023\/03\/14\/14-mars-2021-14-mars-2023-02-ans-apres-la-disparition-de-thione-seck\/#breadcrumb\"},\"inLanguage\":\"fr-FR\",\"potentialAction\":[{\"@type\":\"ReadAction\",\"target\":[\"https:\/\/www.public.sn\/index.php\/2023\/03\/14\/14-mars-2021-14-mars-2023-02-ans-apres-la-disparition-de-thione-seck\/\"]}]},{\"@type\":\"ImageObject\",\"inLanguage\":\"fr-FR\",\"@id\":\"https:\/\/www.public.sn\/index.php\/2023\/03\/14\/14-mars-2021-14-mars-2023-02-ans-apres-la-disparition-de-thione-seck\/#primaryimage\",\"url\":\"https:\/\/www.public.sn\/wp-content\/uploads\/2023\/03\/Thione-Ballago-seck.jpg\",\"contentUrl\":\"https:\/\/www.public.sn\/wp-content\/uploads\/2023\/03\/Thione-Ballago-seck.jpg\",\"width\":592,\"height\":296},{\"@type\":\"BreadcrumbList\",\"@id\":\"https:\/\/www.public.sn\/index.php\/2023\/03\/14\/14-mars-2021-14-mars-2023-02-ans-apres-la-disparition-de-thione-seck\/#breadcrumb\",\"itemListElement\":[{\"@type\":\"ListItem\",\"position\":1,\"name\":\"Accueil\",\"item\":\"https:\/\/www.public.sn\/\"},{\"@type\":\"ListItem\",\"position\":2,\"name\":\"14 Mars 2021 \u2013 14 Mars 2023: 02 ans apr\u00e8s la disparition de Thione Seck\"}]},{\"@type\":\"WebSite\",\"@id\":\"https:\/\/www.public.sn\/#website\",\"url\":\"https:\/\/www.public.sn\/\",\"name\":\"LE PUBLIC\",\"description\":\"\",\"publisher\":{\"@id\":\"https:\/\/www.public.sn\/#organization\"},\"potentialAction\":[{\"@type\":\"SearchAction\",\"target\":{\"@type\":\"EntryPoint\",\"urlTemplate\":\"https:\/\/www.public.sn\/?s={search_term_string}\"},\"query-input\":{\"@type\":\"PropertyValueSpecification\",\"valueRequired\":true,\"valueName\":\"search_term_string\"}}],\"inLanguage\":\"fr-FR\"},{\"@type\":\"Organization\",\"@id\":\"https:\/\/www.public.sn\/#organization\",\"name\":\"LE PUBLIC\",\"url\":\"https:\/\/www.public.sn\/\",\"logo\":{\"@type\":\"ImageObject\",\"inLanguage\":\"fr-FR\",\"@id\":\"https:\/\/www.public.sn\/#\/schema\/logo\/image\/\",\"url\":\"https:\/\/www.public.sn\/wp-content\/uploads\/2024\/05\/cropped-LOGO-PUBLIC.SN_.png\",\"contentUrl\":\"https:\/\/www.public.sn\/wp-content\/uploads\/2024\/05\/cropped-LOGO-PUBLIC.SN_.png\",\"width\":682,\"height\":192,\"caption\":\"LE PUBLIC\"},\"image\":{\"@id\":\"https:\/\/www.public.sn\/#\/schema\/logo\/image\/\"}},{\"@type\":\"Person\",\"@id\":\"https:\/\/www.public.sn\/#\/schema\/person\/cb76c8e1b8becc6be61fb5e92d6d0224\",\"name\":\"LA REDACTION\",\"image\":{\"@type\":\"ImageObject\",\"inLanguage\":\"fr-FR\",\"@id\":\"https:\/\/www.public.sn\/#\/schema\/person\/image\/\",\"url\":\"https:\/\/secure.gravatar.com\/avatar\/2dce5ddd34b8fef0180efe03aa2a9bee7d953856048f9a16b298190a3178407c?s=96&d=mm&r=g\",\"contentUrl\":\"https:\/\/secure.gravatar.com\/avatar\/2dce5ddd34b8fef0180efe03aa2a9bee7d953856048f9a16b298190a3178407c?s=96&d=mm&r=g\",\"caption\":\"LA REDACTION\"},\"url\":\"https:\/\/www.public.sn\/index.php\/author\/editeurpsn\/\"}]}<\/script>\n<!-- \/ Yoast SEO plugin. -->","yoast_head_json":{"title":"14 Mars 2021 \u2013 14 Mars 2023: 02 ans apr\u00e8s la disparition de Thione Seck - LE PUBLIC","robots":{"index":"index","follow":"follow","max-snippet":"max-snippet:-1","max-image-preview":"max-image-preview:large","max-video-preview":"max-video-preview:-1"},"canonical":"https:\/\/www.public.sn\/index.php\/2023\/03\/14\/14-mars-2021-14-mars-2023-02-ans-apres-la-disparition-de-thione-seck\/","og_locale":"fr_FR","og_type":"article","og_title":"14 Mars 2021 \u2013 14 Mars 2023: 02 ans apr\u00e8s la disparition de Thione Seck - LE PUBLIC","og_description":"Le chanteur et parolier Thione Seck, l\u2019un des \u00ab seigneurs \u00bb de la musique s\u00e9n\u00e9galaise depuis une quarantaine d\u2019ann\u00e9es, est d\u00e9c\u00e9d\u00e9 dimanche 14 mars 2021 \u00e0 l\u2019\u00e2ge de 66 ans \u00e0 Dakar. L\u2019artiste, leader du Raam Daam et p\u00e8re du chanteur Wally Seck a succomb\u00e9 des suites d\u2019une maladie \u00e0 l\u2019h\u00f4pital Fann de Dakar, rappelle. Issu d\u2019une famille de griots, Thione Ballago Seck de son nom complet \u00e9tait l\u2019un des plus c\u00e9l\u00e8bres musiciens du pays avec Youssou N\u2019Dour, Omar P\u00e8ne, Isma\u00ebl L\u00f4 ou encore son propre fils, Wally Seck. Ancien chanteur dans les ann\u00e9es 1970 de l\u2019Orchestre Baobab, une formation adepte d\u2019une salsa afro-cubaine \u00e0 la sauce s\u00e9n\u00e9galaise, Thione Seck avait fond\u00e9 dans les ann\u00e9es 1980 \u00ab Raam Daam \u00bb, un groupe de pur mbalax, genre n\u00e9 de la rencontre entre plusieurs rythmes locaux, le chant, le funk, et parfois le reggae. Sa discographie comprend notamment \u00ab All\u00f4 Petit \u00bb, \u00ab Orientissime \u00bb et \u00ab Diaga \u00bb, rappelle Rewmi. \u00ab Monument \u00bb de la musique s\u00e9n\u00e9galaise Les hommages se sont succ\u00e9d\u00e9 au S\u00e9n\u00e9gal d\u00e8s l\u2019annonce de sa disparition. Sur Twitter, l\u2019ancien maire de Dakar Khalifa Sall a salu\u00e9 le d\u00e9part d\u2019un \u00ab v\u00e9ritable monument de la musique s\u00e9n\u00e9galaise \u00bb. \u00ab Thione Seck fait partie des artistes h\u00e9ros d\u2019une \u00e9poque. Libre, \u00e9nergique, m\u00e9lodique (\u2026), il a persist\u00e9 dans la cr\u00e9ation, passant du traditionnel au moderne, bravant les \u00e9cueils et l\u2019incompr\u00e9hension d\u2019une soci\u00e9t\u00e9 qui a peu cru \u00e0 l\u2019art comme mode de vie et moyen de vivre \u00bb, a tweet\u00e9 l\u2019ancien journaliste El Hadji Hamidou Kass\u00e9, actuellement conseiller du pr\u00e9sident Macky Sall pour les affaires culturelles. Selon les m\u00e9dias s\u00e9n\u00e9galais, Thione Seck devait \u00eatre inhum\u00e9 au cimeti\u00e8re musulman de Yoff, un quartier de la capitale. Les derni\u00e8res ann\u00e9es du musicien ont \u00e9t\u00e9 ternies par une longue saga judiciaire dans une affaire de faux billets, qui lui a valu une d\u00e9tention provisoire de neuf mois en 2015. D\u00e9but mars, la Cour supr\u00eame du S\u00e9n\u00e9gal avait annul\u00e9 toute la proc\u00e9dure \u00e0 son encontre, a indiqu\u00e9 dimanche son avocat, Ousmane Seye.","og_url":"https:\/\/www.public.sn\/index.php\/2023\/03\/14\/14-mars-2021-14-mars-2023-02-ans-apres-la-disparition-de-thione-seck\/","og_site_name":"LE PUBLIC","article_published_time":"2023-03-14T12:05:08+00:00","article_modified_time":"2023-03-14T12:08:01+00:00","og_image":[{"width":592,"height":296,"url":"https:\/\/www.public.sn\/wp-content\/uploads\/2023\/03\/Thione-Ballago-seck.jpg","type":"image\/jpeg"}],"author":"LA REDACTION","twitter_card":"summary_large_image","twitter_misc":{"\u00c9crit par":"LA REDACTION","Dur\u00e9e de lecture estim\u00e9e":"2 minutes"},"schema":{"@context":"https:\/\/schema.org","@graph":[{"@type":"Article","@id":"https:\/\/www.public.sn\/index.php\/2023\/03\/14\/14-mars-2021-14-mars-2023-02-ans-apres-la-disparition-de-thione-seck\/#article","isPartOf":{"@id":"https:\/\/www.public.sn\/index.php\/2023\/03\/14\/14-mars-2021-14-mars-2023-02-ans-apres-la-disparition-de-thione-seck\/"},"author":{"name":"LA REDACTION","@id":"https:\/\/www.public.sn\/#\/schema\/person\/cb76c8e1b8becc6be61fb5e92d6d0224"},"headline":"14 Mars 2021 \u2013 14 Mars 2023: 02 ans apr\u00e8s la disparition de Thione Seck","datePublished":"2023-03-14T12:05:08+00:00","dateModified":"2023-03-14T12:08:01+00:00","mainEntityOfPage":{"@id":"https:\/\/www.public.sn\/index.php\/2023\/03\/14\/14-mars-2021-14-mars-2023-02-ans-apres-la-disparition-de-thione-seck\/"},"wordCount":379,"commentCount":0,"publisher":{"@id":"https:\/\/www.public.sn\/#organization"},"image":{"@id":"https:\/\/www.public.sn\/index.php\/2023\/03\/14\/14-mars-2021-14-mars-2023-02-ans-apres-la-disparition-de-thione-seck\/#primaryimage"},"thumbnailUrl":"https:\/\/www.public.sn\/wp-content\/uploads\/2023\/03\/Thione-Ballago-seck.jpg","keywords":["d\u00e9c\u00e8s","souvenir","Thione Seck"],"articleSection":["ACTUALIT\u00c9S","MUSIQUE","N\u00c9CROLOGIE","PEOPLE","S\u00c9N\u00c9GAL","SOUVENIRS","VEDETTE"],"inLanguage":"fr-FR","potentialAction":[{"@type":"CommentAction","name":"Comment","target":["https:\/\/www.public.sn\/index.php\/2023\/03\/14\/14-mars-2021-14-mars-2023-02-ans-apres-la-disparition-de-thione-seck\/#respond"]}]},{"@type":"WebPage","@id":"https:\/\/www.public.sn\/index.php\/2023\/03\/14\/14-mars-2021-14-mars-2023-02-ans-apres-la-disparition-de-thione-seck\/","url":"https:\/\/www.public.sn\/index.php\/2023\/03\/14\/14-mars-2021-14-mars-2023-02-ans-apres-la-disparition-de-thione-seck\/","name":"14 Mars 2021 \u2013 14 Mars 2023: 02 ans apr\u00e8s la disparition de Thione Seck - LE PUBLIC","isPartOf":{"@id":"https:\/\/www.public.sn\/#website"},"primaryImageOfPage":{"@id":"https:\/\/www.public.sn\/index.php\/2023\/03\/14\/14-mars-2021-14-mars-2023-02-ans-apres-la-disparition-de-thione-seck\/#primaryimage"},"image":{"@id":"https:\/\/www.public.sn\/index.php\/2023\/03\/14\/14-mars-2021-14-mars-2023-02-ans-apres-la-disparition-de-thione-seck\/#primaryimage"},"thumbnailUrl":"https:\/\/www.public.sn\/wp-content\/uploads\/2023\/03\/Thione-Ballago-seck.jpg","datePublished":"2023-03-14T12:05:08+00:00","dateModified":"2023-03-14T12:08:01+00:00","breadcrumb":{"@id":"https:\/\/www.public.sn\/index.php\/2023\/03\/14\/14-mars-2021-14-mars-2023-02-ans-apres-la-disparition-de-thione-seck\/#breadcrumb"},"inLanguage":"fr-FR","potentialAction":[{"@type":"ReadAction","target":["https:\/\/www.public.sn\/index.php\/2023\/03\/14\/14-mars-2021-14-mars-2023-02-ans-apres-la-disparition-de-thione-seck\/"]}]},{"@type":"ImageObject","inLanguage":"fr-FR","@id":"https:\/\/www.public.sn\/index.php\/2023\/03\/14\/14-mars-2021-14-mars-2023-02-ans-apres-la-disparition-de-thione-seck\/#primaryimage","url":"https:\/\/www.public.sn\/wp-content\/uploads\/2023\/03\/Thione-Ballago-seck.jpg","contentUrl":"https:\/\/www.public.sn\/wp-content\/uploads\/2023\/03\/Thione-Ballago-seck.jpg","width":592,"height":296},{"@type":"BreadcrumbList","@id":"https:\/\/www.public.sn\/index.php\/2023\/03\/14\/14-mars-2021-14-mars-2023-02-ans-apres-la-disparition-de-thione-seck\/#breadcrumb","itemListElement":[{"@type":"ListItem","position":1,"name":"Accueil","item":"https:\/\/www.public.sn\/"},{"@type":"ListItem","position":2,"name":"14 Mars 2021 \u2013 14 Mars 2023: 02 ans apr\u00e8s la disparition de Thione Seck"}]},{"@type":"WebSite","@id":"https:\/\/www.public.sn\/#website","url":"https:\/\/www.public.sn\/","name":"LE PUBLIC","description":"","publisher":{"@id":"https:\/\/www.public.sn\/#organization"},"potentialAction":[{"@type":"SearchAction","target":{"@type":"EntryPoint","urlTemplate":"https:\/\/www.public.sn\/?s={search_term_string}"},"query-input":{"@type":"PropertyValueSpecification","valueRequired":true,"valueName":"search_term_string"}}],"inLanguage":"fr-FR"},{"@type":"Organization","@id":"https:\/\/www.public.sn\/#organization","name":"LE PUBLIC","url":"https:\/\/www.public.sn\/","logo":{"@type":"ImageObject","inLanguage":"fr-FR","@id":"https:\/\/www.public.sn\/#\/schema\/logo\/image\/","url":"https:\/\/www.public.sn\/wp-content\/uploads\/2024\/05\/cropped-LOGO-PUBLIC.SN_.png","contentUrl":"https:\/\/www.public.sn\/wp-content\/uploads\/2024\/05\/cropped-LOGO-PUBLIC.SN_.png","width":682,"height":192,"caption":"LE PUBLIC"},"image":{"@id":"https:\/\/www.public.sn\/#\/schema\/logo\/image\/"}},{"@type":"Person","@id":"https:\/\/www.public.sn\/#\/schema\/person\/cb76c8e1b8becc6be61fb5e92d6d0224","name":"LA REDACTION","image":{"@type":"ImageObject","inLanguage":"fr-FR","@id":"https:\/\/www.public.sn\/#\/schema\/person\/image\/","url":"https:\/\/secure.gravatar.com\/avatar\/2dce5ddd34b8fef0180efe03aa2a9bee7d953856048f9a16b298190a3178407c?s=96&d=mm&r=g","contentUrl":"https:\/\/secure.gravatar.com\/avatar\/2dce5ddd34b8fef0180efe03aa2a9bee7d953856048f9a16b298190a3178407c?s=96&d=mm&r=g","caption":"LA REDACTION"},"url":"https:\/\/www.public.sn\/index.php\/author\/editeurpsn\/"}]}},"jetpack_featured_media_url":"https:\/\/www.public.sn\/wp-content\/uploads\/2023\/03\/Thione-Ballago-seck.jpg","jetpack_sharing_enabled":true,"_links":{"self":[{"href":"https:\/\/www.public.sn\/index.php\/wp-json\/wp\/v2\/posts\/18004","targetHints":{"allow":["GET"]}}],"collection":[{"href":"https:\/\/www.public.sn\/index.php\/wp-json\/wp\/v2\/posts"}],"about":[{"href":"https:\/\/www.public.sn\/index.php\/wp-json\/wp\/v2\/types\/post"}],"author":[{"embeddable":true,"href":"https:\/\/www.public.sn\/index.php\/wp-json\/wp\/v2\/users\/7"}],"replies":[{"embeddable":true,"href":"https:\/\/www.public.sn\/index.php\/wp-json\/wp\/v2\/comments?post=18004"}],"version-history":[{"count":1,"href":"https:\/\/www.public.sn\/index.php\/wp-json\/wp\/v2\/posts\/18004\/revisions"}],"predecessor-version":[{"id":18009,"href":"https:\/\/www.public.sn\/index.php\/wp-json\/wp\/v2\/posts\/18004\/revisions\/18009"}],"wp:featuredmedia":[{"embeddable":true,"href":"https:\/\/www.public.sn\/index.php\/wp-json\/wp\/v2\/media\/18008"}],"wp:attachment":[{"href":"https:\/\/www.public.sn\/index.php\/wp-json\/wp\/v2\/media?parent=18004"}],"wp:term":[{"taxonomy":"category","embeddable":true,"href":"https:\/\/www.public.sn\/index.php\/wp-json\/wp\/v2\/categories?post=18004"},{"taxonomy":"post_tag","embeddable":true,"href":"https:\/\/www.public.sn\/index.php\/wp-json\/wp\/v2\/tags?post=18004"}],"curies":[{"name":"wp","href":"https:\/\/api.w.org\/{rel}","templated":true}]}}