{"id":18010,"date":"2023-03-14T13:56:04","date_gmt":"2023-03-14T13:56:04","guid":{"rendered":"https:\/\/www.public.sn\/?p=18010"},"modified":"2023-03-14T13:56:37","modified_gmt":"2023-03-14T13:56:37","slug":"le-roi-mohamed-vi-a-dakarle-vendredi-17-mars","status":"publish","type":"post","link":"https:\/\/www.public.sn\/index.php\/2023\/03\/14\/le-roi-mohamed-vi-a-dakarle-vendredi-17-mars\/","title":{"rendered":"Le Roi Mohamed VI \u00e0 Dakar\u2026le vendredi 17 mars"},"content":{"rendered":"<p><strong>Cette fois est la bonne. Du moins d\u2019apr\u00e8s une source, qui annonce que\u00a0<a href=\"https:\/\/www.xibaaru.sn\/le-roi-du-maroc-a-dakar-hommage-a-bruno-diatta-par-mbaye-diouf\/\" target=\"_blank\" rel=\"noopener\">le roi du Maroc<\/a>\u00a0sera \u00e0 Dakar vendredi prochain.<\/strong><\/p><div class=\"publi-paragraphe1\" style=\"margin-top: 10px;margin-bottom: 10px;margin-left: auto;margin-right: auto;text-align: center;\" id=\"publi-2618118274\"><div class=\"publi-adlabel\">Publicit\u00e9<\/div><script async src=\"\/\/pagead2.googlesyndication.com\/pagead\/js\/adsbygoogle.js?client=ca-pub-4089586018074219\" crossorigin=\"anonymous\"><\/script><ins class=\"adsbygoogle\" style=\"display:block;\" data-ad-client=\"ca-pub-4089586018074219\" \ndata-ad-slot=\"2087940154\" \ndata-ad-format=\"auto\"><\/ins>\n<script> \n(adsbygoogle = window.adsbygoogle || []).push({}); \n<\/script>\n<\/div>\n<p>Cette visite a connu plus d\u2019un report. Le dernier \u00e9tait d\u00fb \u00e0 une petite maladie de Mohamed VI.<\/p>\n<div class=\"dbe dbe-post-middle dbe-float-center dbe-align-center dbe-column-1 dbe-clearfix no-bg-box-model\">\n<div id=\"dbe-3576-1308760244\" class=\"dbe-container dbe-type-code \" data-adid=\"3576\" data-type=\"code\">\n<div id=\"dbe-3576-1308760244-place\"><\/div>\n<\/div>\n<\/div>\n<p>La source ne donne pas le programme du souverain marocain. Mais initialement, il devait inaugurer le village des p\u00eacheurs de Soumb\u00e9dioune, le centre de formation professionnelle du P\u00f4le urbain de Diamniadio. Ces deux projets sont financ\u00e9s par le Royaume ch\u00e9rifien.<\/p>\n<p>La remise par le Roi du Maroc d\u2019un don de 5000 tonnes d\u2019engrais au S\u00e9n\u00e9gal, des entretiens bilat\u00e9raux, la signature de nouveaux accords entre les deux pays \u00e9taient \u00e9galement au menu.<\/p>\n<div class=\"publi-apres-le-contenu\" style=\"margin-top: 10px;margin-bottom: 10px;margin-left: auto;margin-right: auto;text-align: center;\" id=\"publi-2947325363\"><div class=\"publi-adlabel\">Publicit\u00e9<\/div><script async src=\"\/\/pagead2.googlesyndication.com\/pagead\/js\/adsbygoogle.js?client=ca-pub-4089586018074219\" crossorigin=\"anonymous\"><\/script><ins class=\"adsbygoogle\" style=\"display:block;\" data-ad-client=\"ca-pub-4089586018074219\" \ndata-ad-slot=\"2087940154\" \ndata-ad-format=\"auto\"><\/ins>\n<script> \n(adsbygoogle = window.adsbygoogle || []).push({}); \n<\/script>\n<\/div>","protected":false},"excerpt":{"rendered":"<p>Cette fois est la bonne. Du moins d\u2019apr\u00e8s une source, qui annonce que\u00a0le roi du Maroc\u00a0sera \u00e0 Dakar vendredi prochain. Cette visite a connu plus d\u2019un report. Le dernier \u00e9tait d\u00fb \u00e0 une petite maladie de Mohamed VI. La source ne donne pas le programme du souverain marocain. Mais initialement, il devait inaugurer le village des p\u00eacheurs de Soumb\u00e9dioune, le centre de formation professionnelle du P\u00f4le urbain de Diamniadio. Ces deux projets sont financ\u00e9s par le Royaume ch\u00e9rifien. La remise par le Roi du Maroc d\u2019un don de 5000 tonnes d\u2019engrais au S\u00e9n\u00e9gal, des entretiens bilat\u00e9raux, la signature de nouveaux accords entre les deux pays \u00e9taient \u00e9galement au menu.<\/p>\n","protected":false},"author":7,"featured_media":18016,"comment_status":"open","ping_status":"open","sticky":false,"template":"","format":"standard","meta":{"_jetpack_memberships_contains_paid_content":false,"footnotes":""},"categories":[375,550,379,602,3,1,4,372],"tags":[4802,766,649],"class_list":["post-18010","post","type-post","status-publish","format-standard","has-post-thumbnail","hentry","category-actualites","category-afrique-monde","category-faits-divers","category-partenaires","category-politique","category-non-classe","category-societe","category-vedette","tag-mouhamed-vi","tag-senegal","tag-visite","entry","has-media","owp-thumbs-layout-horizontal","owp-btn-normal","owp-tabs-layout-horizontal","has-no-thumbnails","has-product-nav"],"yoast_head":"<!-- This site is optimized with the Yoast SEO plugin v25.5 - https:\/\/yoast.com\/wordpress\/plugins\/seo\/ -->\n<title>Le Roi Mohamed VI \u00e0 Dakar\u2026le vendredi 17 mars - LE PUBLIC<\/title>\n<meta name=\"robots\" content=\"index, follow, max-snippet:-1, max-image-preview:large, max-video-preview:-1\" \/>\n<link rel=\"canonical\" href=\"https:\/\/www.public.sn\/index.php\/2023\/03\/14\/le-roi-mohamed-vi-a-dakarle-vendredi-17-mars\/\" \/>\n<meta property=\"og:locale\" content=\"fr_FR\" \/>\n<meta property=\"og:type\" content=\"article\" \/>\n<meta property=\"og:title\" content=\"Le Roi Mohamed VI \u00e0 Dakar\u2026le vendredi 17 mars - LE PUBLIC\" \/>\n<meta property=\"og:description\" content=\"Cette fois est la bonne. Du moins d\u2019apr\u00e8s une source, qui annonce que\u00a0le roi du Maroc\u00a0sera \u00e0 Dakar vendredi prochain. Cette visite a connu plus d\u2019un report. Le dernier \u00e9tait d\u00fb \u00e0 une petite maladie de Mohamed VI. La source ne donne pas le programme du souverain marocain. Mais initialement, il devait inaugurer le village des p\u00eacheurs de Soumb\u00e9dioune, le centre de formation professionnelle du P\u00f4le urbain de Diamniadio. Ces deux projets sont financ\u00e9s par le Royaume ch\u00e9rifien. La remise par le Roi du Maroc d\u2019un don de 5000 tonnes d\u2019engrais au S\u00e9n\u00e9gal, des entretiens bilat\u00e9raux, la signature de nouveaux accords entre les deux pays \u00e9taient \u00e9galement au menu.\" \/>\n<meta property=\"og:url\" content=\"https:\/\/www.public.sn\/index.php\/2023\/03\/14\/le-roi-mohamed-vi-a-dakarle-vendredi-17-mars\/\" \/>\n<meta property=\"og:site_name\" content=\"LE PUBLIC\" \/>\n<meta property=\"article:published_time\" content=\"2023-03-14T13:56:04+00:00\" \/>\n<meta property=\"article:modified_time\" content=\"2023-03-14T13:56:37+00:00\" \/>\n<meta property=\"og:image\" content=\"https:\/\/www.public.sn\/wp-content\/uploads\/2023\/03\/Mouhamed-VI.jpeg\" \/>\n\t<meta property=\"og:image:width\" content=\"1280\" \/>\n\t<meta property=\"og:image:height\" content=\"960\" \/>\n\t<meta property=\"og:image:type\" content=\"image\/jpeg\" \/>\n<meta name=\"author\" content=\"LA REDACTION\" \/>\n<meta name=\"twitter:card\" content=\"summary_large_image\" \/>\n<meta name=\"twitter:label1\" content=\"\u00c9crit par\" \/>\n\t<meta name=\"twitter:data1\" content=\"LA REDACTION\" \/>\n\t<meta name=\"twitter:label2\" content=\"Dur\u00e9e de lecture estim\u00e9e\" \/>\n\t<meta name=\"twitter:data2\" content=\"1 minute\" \/>\n<script type=\"application\/ld+json\" class=\"yoast-schema-graph\">{\"@context\":\"https:\/\/schema.org\",\"@graph\":[{\"@type\":\"Article\",\"@id\":\"https:\/\/www.public.sn\/index.php\/2023\/03\/14\/le-roi-mohamed-vi-a-dakarle-vendredi-17-mars\/#article\",\"isPartOf\":{\"@id\":\"https:\/\/www.public.sn\/index.php\/2023\/03\/14\/le-roi-mohamed-vi-a-dakarle-vendredi-17-mars\/\"},\"author\":{\"name\":\"LA REDACTION\",\"@id\":\"https:\/\/www.public.sn\/#\/schema\/person\/cb76c8e1b8becc6be61fb5e92d6d0224\"},\"headline\":\"Le Roi Mohamed VI \u00e0 Dakar\u2026le vendredi 17 mars\",\"datePublished\":\"2023-03-14T13:56:04+00:00\",\"dateModified\":\"2023-03-14T13:56:37+00:00\",\"mainEntityOfPage\":{\"@id\":\"https:\/\/www.public.sn\/index.php\/2023\/03\/14\/le-roi-mohamed-vi-a-dakarle-vendredi-17-mars\/\"},\"wordCount\":129,\"commentCount\":0,\"publisher\":{\"@id\":\"https:\/\/www.public.sn\/#organization\"},\"image\":{\"@id\":\"https:\/\/www.public.sn\/index.php\/2023\/03\/14\/le-roi-mohamed-vi-a-dakarle-vendredi-17-mars\/#primaryimage\"},\"thumbnailUrl\":\"https:\/\/www.public.sn\/wp-content\/uploads\/2023\/03\/Mouhamed-VI.jpeg\",\"keywords\":[\"Mouhamed VI\",\"S\u00e9n\u00e9gal\",\"Visite\"],\"articleSection\":[\"ACTUALIT\u00c9S\",\"AFRIQUE &amp; MONDE\",\"FAITS DIVERS\",\"PARTENAIRES\",\"POLITIQUE\",\"S\u00c9N\u00c9GAL\",\"SOCIETE\",\"VEDETTE\"],\"inLanguage\":\"fr-FR\",\"potentialAction\":[{\"@type\":\"CommentAction\",\"name\":\"Comment\",\"target\":[\"https:\/\/www.public.sn\/index.php\/2023\/03\/14\/le-roi-mohamed-vi-a-dakarle-vendredi-17-mars\/#respond\"]}]},{\"@type\":\"WebPage\",\"@id\":\"https:\/\/www.public.sn\/index.php\/2023\/03\/14\/le-roi-mohamed-vi-a-dakarle-vendredi-17-mars\/\",\"url\":\"https:\/\/www.public.sn\/index.php\/2023\/03\/14\/le-roi-mohamed-vi-a-dakarle-vendredi-17-mars\/\",\"name\":\"Le Roi Mohamed VI \u00e0 Dakar\u2026le vendredi 17 mars - LE PUBLIC\",\"isPartOf\":{\"@id\":\"https:\/\/www.public.sn\/#website\"},\"primaryImageOfPage\":{\"@id\":\"https:\/\/www.public.sn\/index.php\/2023\/03\/14\/le-roi-mohamed-vi-a-dakarle-vendredi-17-mars\/#primaryimage\"},\"image\":{\"@id\":\"https:\/\/www.public.sn\/index.php\/2023\/03\/14\/le-roi-mohamed-vi-a-dakarle-vendredi-17-mars\/#primaryimage\"},\"thumbnailUrl\":\"https:\/\/www.public.sn\/wp-content\/uploads\/2023\/03\/Mouhamed-VI.jpeg\",\"datePublished\":\"2023-03-14T13:56:04+00:00\",\"dateModified\":\"2023-03-14T13:56:37+00:00\",\"breadcrumb\":{\"@id\":\"https:\/\/www.public.sn\/index.php\/2023\/03\/14\/le-roi-mohamed-vi-a-dakarle-vendredi-17-mars\/#breadcrumb\"},\"inLanguage\":\"fr-FR\",\"potentialAction\":[{\"@type\":\"ReadAction\",\"target\":[\"https:\/\/www.public.sn\/index.php\/2023\/03\/14\/le-roi-mohamed-vi-a-dakarle-vendredi-17-mars\/\"]}]},{\"@type\":\"ImageObject\",\"inLanguage\":\"fr-FR\",\"@id\":\"https:\/\/www.public.sn\/index.php\/2023\/03\/14\/le-roi-mohamed-vi-a-dakarle-vendredi-17-mars\/#primaryimage\",\"url\":\"https:\/\/www.public.sn\/wp-content\/uploads\/2023\/03\/Mouhamed-VI.jpeg\",\"contentUrl\":\"https:\/\/www.public.sn\/wp-content\/uploads\/2023\/03\/Mouhamed-VI.jpeg\",\"width\":1280,\"height\":960},{\"@type\":\"BreadcrumbList\",\"@id\":\"https:\/\/www.public.sn\/index.php\/2023\/03\/14\/le-roi-mohamed-vi-a-dakarle-vendredi-17-mars\/#breadcrumb\",\"itemListElement\":[{\"@type\":\"ListItem\",\"position\":1,\"name\":\"Accueil\",\"item\":\"https:\/\/www.public.sn\/\"},{\"@type\":\"ListItem\",\"position\":2,\"name\":\"Le Roi Mohamed VI \u00e0 Dakar\u2026le vendredi 17 mars\"}]},{\"@type\":\"WebSite\",\"@id\":\"https:\/\/www.public.sn\/#website\",\"url\":\"https:\/\/www.public.sn\/\",\"name\":\"LE PUBLIC\",\"description\":\"\",\"publisher\":{\"@id\":\"https:\/\/www.public.sn\/#organization\"},\"potentialAction\":[{\"@type\":\"SearchAction\",\"target\":{\"@type\":\"EntryPoint\",\"urlTemplate\":\"https:\/\/www.public.sn\/?s={search_term_string}\"},\"query-input\":{\"@type\":\"PropertyValueSpecification\",\"valueRequired\":true,\"valueName\":\"search_term_string\"}}],\"inLanguage\":\"fr-FR\"},{\"@type\":\"Organization\",\"@id\":\"https:\/\/www.public.sn\/#organization\",\"name\":\"LE PUBLIC\",\"url\":\"https:\/\/www.public.sn\/\",\"logo\":{\"@type\":\"ImageObject\",\"inLanguage\":\"fr-FR\",\"@id\":\"https:\/\/www.public.sn\/#\/schema\/logo\/image\/\",\"url\":\"https:\/\/www.public.sn\/wp-content\/uploads\/2024\/05\/cropped-LOGO-PUBLIC.SN_.png\",\"contentUrl\":\"https:\/\/www.public.sn\/wp-content\/uploads\/2024\/05\/cropped-LOGO-PUBLIC.SN_.png\",\"width\":682,\"height\":192,\"caption\":\"LE PUBLIC\"},\"image\":{\"@id\":\"https:\/\/www.public.sn\/#\/schema\/logo\/image\/\"}},{\"@type\":\"Person\",\"@id\":\"https:\/\/www.public.sn\/#\/schema\/person\/cb76c8e1b8becc6be61fb5e92d6d0224\",\"name\":\"LA REDACTION\",\"image\":{\"@type\":\"ImageObject\",\"inLanguage\":\"fr-FR\",\"@id\":\"https:\/\/www.public.sn\/#\/schema\/person\/image\/\",\"url\":\"https:\/\/secure.gravatar.com\/avatar\/2dce5ddd34b8fef0180efe03aa2a9bee7d953856048f9a16b298190a3178407c?s=96&d=mm&r=g\",\"contentUrl\":\"https:\/\/secure.gravatar.com\/avatar\/2dce5ddd34b8fef0180efe03aa2a9bee7d953856048f9a16b298190a3178407c?s=96&d=mm&r=g\",\"caption\":\"LA REDACTION\"},\"url\":\"https:\/\/www.public.sn\/index.php\/author\/editeurpsn\/\"}]}<\/script>\n<!-- \/ Yoast SEO plugin. -->","yoast_head_json":{"title":"Le Roi Mohamed VI \u00e0 Dakar\u2026le vendredi 17 mars - LE PUBLIC","robots":{"index":"index","follow":"follow","max-snippet":"max-snippet:-1","max-image-preview":"max-image-preview:large","max-video-preview":"max-video-preview:-1"},"canonical":"https:\/\/www.public.sn\/index.php\/2023\/03\/14\/le-roi-mohamed-vi-a-dakarle-vendredi-17-mars\/","og_locale":"fr_FR","og_type":"article","og_title":"Le Roi Mohamed VI \u00e0 Dakar\u2026le vendredi 17 mars - LE PUBLIC","og_description":"Cette fois est la bonne. Du moins d\u2019apr\u00e8s une source, qui annonce que\u00a0le roi du Maroc\u00a0sera \u00e0 Dakar vendredi prochain. Cette visite a connu plus d\u2019un report. Le dernier \u00e9tait d\u00fb \u00e0 une petite maladie de Mohamed VI. La source ne donne pas le programme du souverain marocain. Mais initialement, il devait inaugurer le village des p\u00eacheurs de Soumb\u00e9dioune, le centre de formation professionnelle du P\u00f4le urbain de Diamniadio. Ces deux projets sont financ\u00e9s par le Royaume ch\u00e9rifien. La remise par le Roi du Maroc d\u2019un don de 5000 tonnes d\u2019engrais au S\u00e9n\u00e9gal, des entretiens bilat\u00e9raux, la signature de nouveaux accords entre les deux pays \u00e9taient \u00e9galement au menu.","og_url":"https:\/\/www.public.sn\/index.php\/2023\/03\/14\/le-roi-mohamed-vi-a-dakarle-vendredi-17-mars\/","og_site_name":"LE PUBLIC","article_published_time":"2023-03-14T13:56:04+00:00","article_modified_time":"2023-03-14T13:56:37+00:00","og_image":[{"width":1280,"height":960,"url":"https:\/\/www.public.sn\/wp-content\/uploads\/2023\/03\/Mouhamed-VI.jpeg","type":"image\/jpeg"}],"author":"LA REDACTION","twitter_card":"summary_large_image","twitter_misc":{"\u00c9crit par":"LA REDACTION","Dur\u00e9e de lecture estim\u00e9e":"1 minute"},"schema":{"@context":"https:\/\/schema.org","@graph":[{"@type":"Article","@id":"https:\/\/www.public.sn\/index.php\/2023\/03\/14\/le-roi-mohamed-vi-a-dakarle-vendredi-17-mars\/#article","isPartOf":{"@id":"https:\/\/www.public.sn\/index.php\/2023\/03\/14\/le-roi-mohamed-vi-a-dakarle-vendredi-17-mars\/"},"author":{"name":"LA REDACTION","@id":"https:\/\/www.public.sn\/#\/schema\/person\/cb76c8e1b8becc6be61fb5e92d6d0224"},"headline":"Le Roi Mohamed VI \u00e0 Dakar\u2026le vendredi 17 mars","datePublished":"2023-03-14T13:56:04+00:00","dateModified":"2023-03-14T13:56:37+00:00","mainEntityOfPage":{"@id":"https:\/\/www.public.sn\/index.php\/2023\/03\/14\/le-roi-mohamed-vi-a-dakarle-vendredi-17-mars\/"},"wordCount":129,"commentCount":0,"publisher":{"@id":"https:\/\/www.public.sn\/#organization"},"image":{"@id":"https:\/\/www.public.sn\/index.php\/2023\/03\/14\/le-roi-mohamed-vi-a-dakarle-vendredi-17-mars\/#primaryimage"},"thumbnailUrl":"https:\/\/www.public.sn\/wp-content\/uploads\/2023\/03\/Mouhamed-VI.jpeg","keywords":["Mouhamed VI","S\u00e9n\u00e9gal","Visite"],"articleSection":["ACTUALIT\u00c9S","AFRIQUE &amp; MONDE","FAITS DIVERS","PARTENAIRES","POLITIQUE","S\u00c9N\u00c9GAL","SOCIETE","VEDETTE"],"inLanguage":"fr-FR","potentialAction":[{"@type":"CommentAction","name":"Comment","target":["https:\/\/www.public.sn\/index.php\/2023\/03\/14\/le-roi-mohamed-vi-a-dakarle-vendredi-17-mars\/#respond"]}]},{"@type":"WebPage","@id":"https:\/\/www.public.sn\/index.php\/2023\/03\/14\/le-roi-mohamed-vi-a-dakarle-vendredi-17-mars\/","url":"https:\/\/www.public.sn\/index.php\/2023\/03\/14\/le-roi-mohamed-vi-a-dakarle-vendredi-17-mars\/","name":"Le Roi Mohamed VI \u00e0 Dakar\u2026le vendredi 17 mars - LE PUBLIC","isPartOf":{"@id":"https:\/\/www.public.sn\/#website"},"primaryImageOfPage":{"@id":"https:\/\/www.public.sn\/index.php\/2023\/03\/14\/le-roi-mohamed-vi-a-dakarle-vendredi-17-mars\/#primaryimage"},"image":{"@id":"https:\/\/www.public.sn\/index.php\/2023\/03\/14\/le-roi-mohamed-vi-a-dakarle-vendredi-17-mars\/#primaryimage"},"thumbnailUrl":"https:\/\/www.public.sn\/wp-content\/uploads\/2023\/03\/Mouhamed-VI.jpeg","datePublished":"2023-03-14T13:56:04+00:00","dateModified":"2023-03-14T13:56:37+00:00","breadcrumb":{"@id":"https:\/\/www.public.sn\/index.php\/2023\/03\/14\/le-roi-mohamed-vi-a-dakarle-vendredi-17-mars\/#breadcrumb"},"inLanguage":"fr-FR","potentialAction":[{"@type":"ReadAction","target":["https:\/\/www.public.sn\/index.php\/2023\/03\/14\/le-roi-mohamed-vi-a-dakarle-vendredi-17-mars\/"]}]},{"@type":"ImageObject","inLanguage":"fr-FR","@id":"https:\/\/www.public.sn\/index.php\/2023\/03\/14\/le-roi-mohamed-vi-a-dakarle-vendredi-17-mars\/#primaryimage","url":"https:\/\/www.public.sn\/wp-content\/uploads\/2023\/03\/Mouhamed-VI.jpeg","contentUrl":"https:\/\/www.public.sn\/wp-content\/uploads\/2023\/03\/Mouhamed-VI.jpeg","width":1280,"height":960},{"@type":"BreadcrumbList","@id":"https:\/\/www.public.sn\/index.php\/2023\/03\/14\/le-roi-mohamed-vi-a-dakarle-vendredi-17-mars\/#breadcrumb","itemListElement":[{"@type":"ListItem","position":1,"name":"Accueil","item":"https:\/\/www.public.sn\/"},{"@type":"ListItem","position":2,"name":"Le Roi Mohamed VI \u00e0 Dakar\u2026le vendredi 17 mars"}]},{"@type":"WebSite","@id":"https:\/\/www.public.sn\/#website","url":"https:\/\/www.public.sn\/","name":"LE PUBLIC","description":"","publisher":{"@id":"https:\/\/www.public.sn\/#organization"},"potentialAction":[{"@type":"SearchAction","target":{"@type":"EntryPoint","urlTemplate":"https:\/\/www.public.sn\/?s={search_term_string}"},"query-input":{"@type":"PropertyValueSpecification","valueRequired":true,"valueName":"search_term_string"}}],"inLanguage":"fr-FR"},{"@type":"Organization","@id":"https:\/\/www.public.sn\/#organization","name":"LE PUBLIC","url":"https:\/\/www.public.sn\/","logo":{"@type":"ImageObject","inLanguage":"fr-FR","@id":"https:\/\/www.public.sn\/#\/schema\/logo\/image\/","url":"https:\/\/www.public.sn\/wp-content\/uploads\/2024\/05\/cropped-LOGO-PUBLIC.SN_.png","contentUrl":"https:\/\/www.public.sn\/wp-content\/uploads\/2024\/05\/cropped-LOGO-PUBLIC.SN_.png","width":682,"height":192,"caption":"LE PUBLIC"},"image":{"@id":"https:\/\/www.public.sn\/#\/schema\/logo\/image\/"}},{"@type":"Person","@id":"https:\/\/www.public.sn\/#\/schema\/person\/cb76c8e1b8becc6be61fb5e92d6d0224","name":"LA REDACTION","image":{"@type":"ImageObject","inLanguage":"fr-FR","@id":"https:\/\/www.public.sn\/#\/schema\/person\/image\/","url":"https:\/\/secure.gravatar.com\/avatar\/2dce5ddd34b8fef0180efe03aa2a9bee7d953856048f9a16b298190a3178407c?s=96&d=mm&r=g","contentUrl":"https:\/\/secure.gravatar.com\/avatar\/2dce5ddd34b8fef0180efe03aa2a9bee7d953856048f9a16b298190a3178407c?s=96&d=mm&r=g","caption":"LA REDACTION"},"url":"https:\/\/www.public.sn\/index.php\/author\/editeurpsn\/"}]}},"jetpack_featured_media_url":"https:\/\/www.public.sn\/wp-content\/uploads\/2023\/03\/Mouhamed-VI.jpeg","jetpack_sharing_enabled":true,"_links":{"self":[{"href":"https:\/\/www.public.sn\/index.php\/wp-json\/wp\/v2\/posts\/18010","targetHints":{"allow":["GET"]}}],"collection":[{"href":"https:\/\/www.public.sn\/index.php\/wp-json\/wp\/v2\/posts"}],"about":[{"href":"https:\/\/www.public.sn\/index.php\/wp-json\/wp\/v2\/types\/post"}],"author":[{"embeddable":true,"href":"https:\/\/www.public.sn\/index.php\/wp-json\/wp\/v2\/users\/7"}],"replies":[{"embeddable":true,"href":"https:\/\/www.public.sn\/index.php\/wp-json\/wp\/v2\/comments?post=18010"}],"version-history":[{"count":1,"href":"https:\/\/www.public.sn\/index.php\/wp-json\/wp\/v2\/posts\/18010\/revisions"}],"predecessor-version":[{"id":18017,"href":"https:\/\/www.public.sn\/index.php\/wp-json\/wp\/v2\/posts\/18010\/revisions\/18017"}],"wp:featuredmedia":[{"embeddable":true,"href":"https:\/\/www.public.sn\/index.php\/wp-json\/wp\/v2\/media\/18016"}],"wp:attachment":[{"href":"https:\/\/www.public.sn\/index.php\/wp-json\/wp\/v2\/media?parent=18010"}],"wp:term":[{"taxonomy":"category","embeddable":true,"href":"https:\/\/www.public.sn\/index.php\/wp-json\/wp\/v2\/categories?post=18010"},{"taxonomy":"post_tag","embeddable":true,"href":"https:\/\/www.public.sn\/index.php\/wp-json\/wp\/v2\/tags?post=18010"}],"curies":[{"name":"wp","href":"https:\/\/api.w.org\/{rel}","templated":true}]}}