{"id":18018,"date":"2023-03-14T14:33:40","date_gmt":"2023-03-14T14:33:40","guid":{"rendered":"https:\/\/www.public.sn\/?p=18018"},"modified":"2023-03-14T14:33:40","modified_gmt":"2023-03-14T14:33:40","slug":"giga-meeting-de-yewwi-askanwi-dakar-retient-son-souffle","status":"publish","type":"post","link":"https:\/\/www.public.sn\/index.php\/2023\/03\/14\/giga-meeting-de-yewwi-askanwi-dakar-retient-son-souffle\/","title":{"rendered":"Giga meeting de Yewwi Askanwi: Dakar retient son souffle !"},"content":{"rendered":"<p><strong>Unie, derri\u00e8re Ousmane Sonko, la grande coalition de l&rsquo;opposition s\u00e9n\u00e9galaise appelle \u00e0 la rue. Les principaux adversaires du pr\u00e9sident Macky Sall appellent \u00e0 un \u00ab Giga meeting \u00bb ce 14 mars 2023 avant louverture, le 16 mars, du proc\u00eas pour diffamation d&rsquo;Ousmane Sonko.<\/strong><br \/>\nDakar retient son souffle, Yewwi Askan Wi appelle \u00e0 manifester. Ce mardi 14 mars, le grand terrain des Parcelles Assainies Acapes recoit le principal adversaire de la coalition Benno Bokk Yakar. Ce sera une grande manifestation d&rsquo;apr\u00e8s les membres du Pastef. de taxawou Dakar de Khalifa Sall, et de PRP de D\u00e9thie Fall. Ce qui fait que les Parcelles assainies restent le lieu de ralliement. A cet effet. le maire de la commune des Parcelles Djamil Sy \u00e9galement membre de Yewwi Askan wi se mobilise corps et \u00e2me pour le bon d\u00e9roulement du meeting.<\/p><div class=\"publi-paragraphe1\" style=\"margin-top: 10px;margin-bottom: 10px;margin-left: auto;margin-right: auto;text-align: center;\" id=\"publi-810565147\"><div class=\"publi-adlabel\">Publicit\u00e9<\/div><script async src=\"\/\/pagead2.googlesyndication.com\/pagead\/js\/adsbygoogle.js?client=ca-pub-4089586018074219\" crossorigin=\"anonymous\"><\/script><ins class=\"adsbygoogle\" style=\"display:block;\" data-ad-client=\"ca-pub-4089586018074219\" \ndata-ad-slot=\"2087940154\" \ndata-ad-format=\"auto\"><\/ins>\n<script> \n(adsbygoogle = window.adsbygoogle || []).push({}); \n<\/script>\n<\/div>\n<p>Un message fort que compte lancer l&rsquo;opposant et candidat \u00e0 la pr\u00e9sidentielle de 2024 compte lancer un signal fort avant le proc\u00e8s du 16 mars. Il doit compara\u00eetre devant le tribunal correctionnel de Dakar pour \u00ab diffamation, injures, faux et usage de faux \u00bb. Apr\u00e8s une plainte de Mame Mbaye Niang. le ministre du tourisme, qui s&rsquo;est constitu\u00e9 partie civile.<br \/>\nPour parer \u00e0 toute \u00e9ventualit\u00e9, les patriotes se mobilisent derri\u00e8re leur leader, Ousmane Sonko pour lui montrer leur soutien, leur solidarit\u00e9 et leur abn\u00e9gation.<br \/>\nA noter que ce proc\u00e8s est d&rsquo;un enjeu majeur pour le leader du Pastef car s&rsquo;il est reconnu coupable, il risque une peine d&rsquo;in\u00e9ligibilit\u00e9 pour la pr\u00e9sidentielle de 2024.<\/p>\n<div class=\"publi-apres-le-contenu\" style=\"margin-top: 10px;margin-bottom: 10px;margin-left: auto;margin-right: auto;text-align: center;\" id=\"publi-4100989424\"><div class=\"publi-adlabel\">Publicit\u00e9<\/div><script async src=\"\/\/pagead2.googlesyndication.com\/pagead\/js\/adsbygoogle.js?client=ca-pub-4089586018074219\" crossorigin=\"anonymous\"><\/script><ins class=\"adsbygoogle\" style=\"display:block;\" data-ad-client=\"ca-pub-4089586018074219\" \ndata-ad-slot=\"2087940154\" \ndata-ad-format=\"auto\"><\/ins>\n<script> \n(adsbygoogle = window.adsbygoogle || []).push({}); \n<\/script>\n<\/div>","protected":false},"excerpt":{"rendered":"<p>Unie, derri\u00e8re Ousmane Sonko, la grande coalition de l&rsquo;opposition s\u00e9n\u00e9galaise appelle \u00e0 la rue. Les principaux adversaires du pr\u00e9sident Macky Sall appellent \u00e0 un \u00ab Giga meeting \u00bb ce 14 mars 2023 avant louverture, le 16 mars, du proc\u00eas pour diffamation d&rsquo;Ousmane Sonko. Dakar retient son souffle, Yewwi Askan Wi appelle \u00e0 manifester. Ce mardi 14 mars, le grand terrain des Parcelles Assainies Acapes recoit le principal adversaire de la coalition Benno Bokk Yakar. Ce sera une grande manifestation d&rsquo;apr\u00e8s les membres du Pastef. de taxawou Dakar de Khalifa Sall, et de PRP de D\u00e9thie Fall. Ce qui fait que les Parcelles assainies restent le lieu de ralliement. A cet effet. le maire de la commune des Parcelles Djamil Sy \u00e9galement membre de Yewwi Askan wi se mobilise corps et \u00e2me pour le bon d\u00e9roulement du meeting. Un message fort que compte lancer l&rsquo;opposant et candidat \u00e0 la pr\u00e9sidentielle de 2024 compte lancer un signal fort avant le proc\u00e8s du 16 mars. Il doit compara\u00eetre devant le tribunal correctionnel de Dakar pour \u00ab diffamation, injures, faux et usage de faux \u00bb. Apr\u00e8s une plainte de Mame Mbaye Niang. le ministre du tourisme, qui s&rsquo;est constitu\u00e9 partie civile. Pour parer \u00e0 toute \u00e9ventualit\u00e9, les patriotes se mobilisent derri\u00e8re leur leader, Ousmane Sonko pour lui montrer leur soutien, leur solidarit\u00e9 et leur abn\u00e9gation. A noter que ce proc\u00e8s est d&rsquo;un enjeu majeur pour le leader du Pastef car s&rsquo;il est reconnu coupable, il risque une peine d&rsquo;in\u00e9ligibilit\u00e9 pour la pr\u00e9sidentielle de 2024.<\/p>\n","protected":false},"author":7,"featured_media":18019,"comment_status":"open","ping_status":"open","sticky":false,"template":"","format":"standard","meta":{"_jetpack_memberships_contains_paid_content":false,"footnotes":""},"categories":[375,379,4353,3,376,1,4,372],"tags":[4804,766,306],"class_list":["post-18018","post","type-post","status-publish","format-standard","has-post-thumbnail","hentry","category-actualites","category-faits-divers","category-manifestations","category-politique","category-securite-justice","category-non-classe","category-societe","category-vedette","tag-manif","tag-senegal","tag-sonko","entry","has-media","owp-thumbs-layout-horizontal","owp-btn-normal","owp-tabs-layout-horizontal","has-no-thumbnails","has-product-nav"],"yoast_head":"<!-- This site is optimized with the Yoast SEO plugin v25.5 - https:\/\/yoast.com\/wordpress\/plugins\/seo\/ -->\n<title>Giga meeting de Yewwi Askanwi: Dakar retient son souffle ! - LE PUBLIC<\/title>\n<meta name=\"robots\" content=\"index, follow, max-snippet:-1, max-image-preview:large, max-video-preview:-1\" \/>\n<link rel=\"canonical\" href=\"https:\/\/www.public.sn\/index.php\/2023\/03\/14\/giga-meeting-de-yewwi-askanwi-dakar-retient-son-souffle\/\" \/>\n<meta property=\"og:locale\" content=\"fr_FR\" \/>\n<meta property=\"og:type\" content=\"article\" \/>\n<meta property=\"og:title\" content=\"Giga meeting de Yewwi Askanwi: Dakar retient son souffle ! - LE PUBLIC\" \/>\n<meta property=\"og:description\" content=\"Unie, derri\u00e8re Ousmane Sonko, la grande coalition de l&rsquo;opposition s\u00e9n\u00e9galaise appelle \u00e0 la rue. Les principaux adversaires du pr\u00e9sident Macky Sall appellent \u00e0 un \u00ab Giga meeting \u00bb ce 14 mars 2023 avant louverture, le 16 mars, du proc\u00eas pour diffamation d&rsquo;Ousmane Sonko. Dakar retient son souffle, Yewwi Askan Wi appelle \u00e0 manifester. Ce mardi 14 mars, le grand terrain des Parcelles Assainies Acapes recoit le principal adversaire de la coalition Benno Bokk Yakar. Ce sera une grande manifestation d&rsquo;apr\u00e8s les membres du Pastef. de taxawou Dakar de Khalifa Sall, et de PRP de D\u00e9thie Fall. Ce qui fait que les Parcelles assainies restent le lieu de ralliement. A cet effet. le maire de la commune des Parcelles Djamil Sy \u00e9galement membre de Yewwi Askan wi se mobilise corps et \u00e2me pour le bon d\u00e9roulement du meeting. Un message fort que compte lancer l&rsquo;opposant et candidat \u00e0 la pr\u00e9sidentielle de 2024 compte lancer un signal fort avant le proc\u00e8s du 16 mars. Il doit compara\u00eetre devant le tribunal correctionnel de Dakar pour \u00ab diffamation, injures, faux et usage de faux \u00bb. Apr\u00e8s une plainte de Mame Mbaye Niang. le ministre du tourisme, qui s&rsquo;est constitu\u00e9 partie civile. Pour parer \u00e0 toute \u00e9ventualit\u00e9, les patriotes se mobilisent derri\u00e8re leur leader, Ousmane Sonko pour lui montrer leur soutien, leur solidarit\u00e9 et leur abn\u00e9gation. A noter que ce proc\u00e8s est d&rsquo;un enjeu majeur pour le leader du Pastef car s&rsquo;il est reconnu coupable, il risque une peine d&rsquo;in\u00e9ligibilit\u00e9 pour la pr\u00e9sidentielle de 2024.\" \/>\n<meta property=\"og:url\" content=\"https:\/\/www.public.sn\/index.php\/2023\/03\/14\/giga-meeting-de-yewwi-askanwi-dakar-retient-son-souffle\/\" \/>\n<meta property=\"og:site_name\" content=\"LE PUBLIC\" \/>\n<meta property=\"article:published_time\" content=\"2023-03-14T14:33:40+00:00\" \/>\n<meta property=\"og:image\" content=\"https:\/\/www.public.sn\/wp-content\/uploads\/2023\/03\/manif-a-dakar.jpg\" \/>\n\t<meta property=\"og:image:width\" content=\"664\" \/>\n\t<meta property=\"og:image:height\" content=\"443\" \/>\n\t<meta property=\"og:image:type\" content=\"image\/jpeg\" \/>\n<meta name=\"author\" content=\"LA REDACTION\" \/>\n<meta name=\"twitter:card\" content=\"summary_large_image\" \/>\n<meta name=\"twitter:label1\" content=\"\u00c9crit par\" \/>\n\t<meta name=\"twitter:data1\" content=\"LA REDACTION\" \/>\n\t<meta name=\"twitter:label2\" content=\"Dur\u00e9e de lecture estim\u00e9e\" \/>\n\t<meta name=\"twitter:data2\" content=\"2 minutes\" \/>\n<script type=\"application\/ld+json\" class=\"yoast-schema-graph\">{\"@context\":\"https:\/\/schema.org\",\"@graph\":[{\"@type\":\"Article\",\"@id\":\"https:\/\/www.public.sn\/index.php\/2023\/03\/14\/giga-meeting-de-yewwi-askanwi-dakar-retient-son-souffle\/#article\",\"isPartOf\":{\"@id\":\"https:\/\/www.public.sn\/index.php\/2023\/03\/14\/giga-meeting-de-yewwi-askanwi-dakar-retient-son-souffle\/\"},\"author\":{\"name\":\"LA REDACTION\",\"@id\":\"https:\/\/www.public.sn\/#\/schema\/person\/cb76c8e1b8becc6be61fb5e92d6d0224\"},\"headline\":\"Giga meeting de Yewwi Askanwi: Dakar retient son souffle !\",\"datePublished\":\"2023-03-14T14:33:40+00:00\",\"mainEntityOfPage\":{\"@id\":\"https:\/\/www.public.sn\/index.php\/2023\/03\/14\/giga-meeting-de-yewwi-askanwi-dakar-retient-son-souffle\/\"},\"wordCount\":260,\"commentCount\":0,\"publisher\":{\"@id\":\"https:\/\/www.public.sn\/#organization\"},\"image\":{\"@id\":\"https:\/\/www.public.sn\/index.php\/2023\/03\/14\/giga-meeting-de-yewwi-askanwi-dakar-retient-son-souffle\/#primaryimage\"},\"thumbnailUrl\":\"https:\/\/www.public.sn\/wp-content\/uploads\/2023\/03\/manif-a-dakar.jpg\",\"keywords\":[\"manif\",\"S\u00e9n\u00e9gal\",\"sonko\"],\"articleSection\":[\"ACTUALIT\u00c9S\",\"FAITS DIVERS\",\"MANIFESTATIONS\",\"POLITIQUE\",\"S\u00c9CURIT\u00c9 &amp; JUSTICE\",\"S\u00c9N\u00c9GAL\",\"SOCIETE\",\"VEDETTE\"],\"inLanguage\":\"fr-FR\",\"potentialAction\":[{\"@type\":\"CommentAction\",\"name\":\"Comment\",\"target\":[\"https:\/\/www.public.sn\/index.php\/2023\/03\/14\/giga-meeting-de-yewwi-askanwi-dakar-retient-son-souffle\/#respond\"]}]},{\"@type\":\"WebPage\",\"@id\":\"https:\/\/www.public.sn\/index.php\/2023\/03\/14\/giga-meeting-de-yewwi-askanwi-dakar-retient-son-souffle\/\",\"url\":\"https:\/\/www.public.sn\/index.php\/2023\/03\/14\/giga-meeting-de-yewwi-askanwi-dakar-retient-son-souffle\/\",\"name\":\"Giga meeting de Yewwi Askanwi: Dakar retient son souffle ! - LE PUBLIC\",\"isPartOf\":{\"@id\":\"https:\/\/www.public.sn\/#website\"},\"primaryImageOfPage\":{\"@id\":\"https:\/\/www.public.sn\/index.php\/2023\/03\/14\/giga-meeting-de-yewwi-askanwi-dakar-retient-son-souffle\/#primaryimage\"},\"image\":{\"@id\":\"https:\/\/www.public.sn\/index.php\/2023\/03\/14\/giga-meeting-de-yewwi-askanwi-dakar-retient-son-souffle\/#primaryimage\"},\"thumbnailUrl\":\"https:\/\/www.public.sn\/wp-content\/uploads\/2023\/03\/manif-a-dakar.jpg\",\"datePublished\":\"2023-03-14T14:33:40+00:00\",\"breadcrumb\":{\"@id\":\"https:\/\/www.public.sn\/index.php\/2023\/03\/14\/giga-meeting-de-yewwi-askanwi-dakar-retient-son-souffle\/#breadcrumb\"},\"inLanguage\":\"fr-FR\",\"potentialAction\":[{\"@type\":\"ReadAction\",\"target\":[\"https:\/\/www.public.sn\/index.php\/2023\/03\/14\/giga-meeting-de-yewwi-askanwi-dakar-retient-son-souffle\/\"]}]},{\"@type\":\"ImageObject\",\"inLanguage\":\"fr-FR\",\"@id\":\"https:\/\/www.public.sn\/index.php\/2023\/03\/14\/giga-meeting-de-yewwi-askanwi-dakar-retient-son-souffle\/#primaryimage\",\"url\":\"https:\/\/www.public.sn\/wp-content\/uploads\/2023\/03\/manif-a-dakar.jpg\",\"contentUrl\":\"https:\/\/www.public.sn\/wp-content\/uploads\/2023\/03\/manif-a-dakar.jpg\",\"width\":664,\"height\":443,\"caption\":\"A demonstrator holds up a Senegalese flag during protests against the arrest of opposition leader and former presidential candidate Ousmane Sonko in Dakar, Senegal, Friday, March 5, 2021. Days of violent protests in Senegal have killed at least one person, local reports say, as young people take to the streets nationwide in support of the main opposition leader who was detained Wednesday. (AP Photo\/Leo Correa)\"},{\"@type\":\"BreadcrumbList\",\"@id\":\"https:\/\/www.public.sn\/index.php\/2023\/03\/14\/giga-meeting-de-yewwi-askanwi-dakar-retient-son-souffle\/#breadcrumb\",\"itemListElement\":[{\"@type\":\"ListItem\",\"position\":1,\"name\":\"Accueil\",\"item\":\"https:\/\/www.public.sn\/\"},{\"@type\":\"ListItem\",\"position\":2,\"name\":\"Giga meeting de Yewwi Askanwi: Dakar retient son souffle !\"}]},{\"@type\":\"WebSite\",\"@id\":\"https:\/\/www.public.sn\/#website\",\"url\":\"https:\/\/www.public.sn\/\",\"name\":\"LE PUBLIC\",\"description\":\"\",\"publisher\":{\"@id\":\"https:\/\/www.public.sn\/#organization\"},\"potentialAction\":[{\"@type\":\"SearchAction\",\"target\":{\"@type\":\"EntryPoint\",\"urlTemplate\":\"https:\/\/www.public.sn\/?s={search_term_string}\"},\"query-input\":{\"@type\":\"PropertyValueSpecification\",\"valueRequired\":true,\"valueName\":\"search_term_string\"}}],\"inLanguage\":\"fr-FR\"},{\"@type\":\"Organization\",\"@id\":\"https:\/\/www.public.sn\/#organization\",\"name\":\"LE PUBLIC\",\"url\":\"https:\/\/www.public.sn\/\",\"logo\":{\"@type\":\"ImageObject\",\"inLanguage\":\"fr-FR\",\"@id\":\"https:\/\/www.public.sn\/#\/schema\/logo\/image\/\",\"url\":\"https:\/\/www.public.sn\/wp-content\/uploads\/2024\/05\/cropped-LOGO-PUBLIC.SN_.png\",\"contentUrl\":\"https:\/\/www.public.sn\/wp-content\/uploads\/2024\/05\/cropped-LOGO-PUBLIC.SN_.png\",\"width\":682,\"height\":192,\"caption\":\"LE PUBLIC\"},\"image\":{\"@id\":\"https:\/\/www.public.sn\/#\/schema\/logo\/image\/\"}},{\"@type\":\"Person\",\"@id\":\"https:\/\/www.public.sn\/#\/schema\/person\/cb76c8e1b8becc6be61fb5e92d6d0224\",\"name\":\"LA REDACTION\",\"image\":{\"@type\":\"ImageObject\",\"inLanguage\":\"fr-FR\",\"@id\":\"https:\/\/www.public.sn\/#\/schema\/person\/image\/\",\"url\":\"https:\/\/secure.gravatar.com\/avatar\/2dce5ddd34b8fef0180efe03aa2a9bee7d953856048f9a16b298190a3178407c?s=96&d=mm&r=g\",\"contentUrl\":\"https:\/\/secure.gravatar.com\/avatar\/2dce5ddd34b8fef0180efe03aa2a9bee7d953856048f9a16b298190a3178407c?s=96&d=mm&r=g\",\"caption\":\"LA REDACTION\"},\"url\":\"https:\/\/www.public.sn\/index.php\/author\/editeurpsn\/\"}]}<\/script>\n<!-- \/ Yoast SEO plugin. -->","yoast_head_json":{"title":"Giga meeting de Yewwi Askanwi: Dakar retient son souffle ! - LE PUBLIC","robots":{"index":"index","follow":"follow","max-snippet":"max-snippet:-1","max-image-preview":"max-image-preview:large","max-video-preview":"max-video-preview:-1"},"canonical":"https:\/\/www.public.sn\/index.php\/2023\/03\/14\/giga-meeting-de-yewwi-askanwi-dakar-retient-son-souffle\/","og_locale":"fr_FR","og_type":"article","og_title":"Giga meeting de Yewwi Askanwi: Dakar retient son souffle ! - LE PUBLIC","og_description":"Unie, derri\u00e8re Ousmane Sonko, la grande coalition de l&rsquo;opposition s\u00e9n\u00e9galaise appelle \u00e0 la rue. Les principaux adversaires du pr\u00e9sident Macky Sall appellent \u00e0 un \u00ab Giga meeting \u00bb ce 14 mars 2023 avant louverture, le 16 mars, du proc\u00eas pour diffamation d&rsquo;Ousmane Sonko. Dakar retient son souffle, Yewwi Askan Wi appelle \u00e0 manifester. Ce mardi 14 mars, le grand terrain des Parcelles Assainies Acapes recoit le principal adversaire de la coalition Benno Bokk Yakar. Ce sera une grande manifestation d&rsquo;apr\u00e8s les membres du Pastef. de taxawou Dakar de Khalifa Sall, et de PRP de D\u00e9thie Fall. Ce qui fait que les Parcelles assainies restent le lieu de ralliement. A cet effet. le maire de la commune des Parcelles Djamil Sy \u00e9galement membre de Yewwi Askan wi se mobilise corps et \u00e2me pour le bon d\u00e9roulement du meeting. Un message fort que compte lancer l&rsquo;opposant et candidat \u00e0 la pr\u00e9sidentielle de 2024 compte lancer un signal fort avant le proc\u00e8s du 16 mars. Il doit compara\u00eetre devant le tribunal correctionnel de Dakar pour \u00ab diffamation, injures, faux et usage de faux \u00bb. Apr\u00e8s une plainte de Mame Mbaye Niang. le ministre du tourisme, qui s&rsquo;est constitu\u00e9 partie civile. Pour parer \u00e0 toute \u00e9ventualit\u00e9, les patriotes se mobilisent derri\u00e8re leur leader, Ousmane Sonko pour lui montrer leur soutien, leur solidarit\u00e9 et leur abn\u00e9gation. A noter que ce proc\u00e8s est d&rsquo;un enjeu majeur pour le leader du Pastef car s&rsquo;il est reconnu coupable, il risque une peine d&rsquo;in\u00e9ligibilit\u00e9 pour la pr\u00e9sidentielle de 2024.","og_url":"https:\/\/www.public.sn\/index.php\/2023\/03\/14\/giga-meeting-de-yewwi-askanwi-dakar-retient-son-souffle\/","og_site_name":"LE PUBLIC","article_published_time":"2023-03-14T14:33:40+00:00","og_image":[{"width":664,"height":443,"url":"https:\/\/www.public.sn\/wp-content\/uploads\/2023\/03\/manif-a-dakar.jpg","type":"image\/jpeg"}],"author":"LA REDACTION","twitter_card":"summary_large_image","twitter_misc":{"\u00c9crit par":"LA REDACTION","Dur\u00e9e de lecture estim\u00e9e":"2 minutes"},"schema":{"@context":"https:\/\/schema.org","@graph":[{"@type":"Article","@id":"https:\/\/www.public.sn\/index.php\/2023\/03\/14\/giga-meeting-de-yewwi-askanwi-dakar-retient-son-souffle\/#article","isPartOf":{"@id":"https:\/\/www.public.sn\/index.php\/2023\/03\/14\/giga-meeting-de-yewwi-askanwi-dakar-retient-son-souffle\/"},"author":{"name":"LA REDACTION","@id":"https:\/\/www.public.sn\/#\/schema\/person\/cb76c8e1b8becc6be61fb5e92d6d0224"},"headline":"Giga meeting de Yewwi Askanwi: Dakar retient son souffle !","datePublished":"2023-03-14T14:33:40+00:00","mainEntityOfPage":{"@id":"https:\/\/www.public.sn\/index.php\/2023\/03\/14\/giga-meeting-de-yewwi-askanwi-dakar-retient-son-souffle\/"},"wordCount":260,"commentCount":0,"publisher":{"@id":"https:\/\/www.public.sn\/#organization"},"image":{"@id":"https:\/\/www.public.sn\/index.php\/2023\/03\/14\/giga-meeting-de-yewwi-askanwi-dakar-retient-son-souffle\/#primaryimage"},"thumbnailUrl":"https:\/\/www.public.sn\/wp-content\/uploads\/2023\/03\/manif-a-dakar.jpg","keywords":["manif","S\u00e9n\u00e9gal","sonko"],"articleSection":["ACTUALIT\u00c9S","FAITS DIVERS","MANIFESTATIONS","POLITIQUE","S\u00c9CURIT\u00c9 &amp; JUSTICE","S\u00c9N\u00c9GAL","SOCIETE","VEDETTE"],"inLanguage":"fr-FR","potentialAction":[{"@type":"CommentAction","name":"Comment","target":["https:\/\/www.public.sn\/index.php\/2023\/03\/14\/giga-meeting-de-yewwi-askanwi-dakar-retient-son-souffle\/#respond"]}]},{"@type":"WebPage","@id":"https:\/\/www.public.sn\/index.php\/2023\/03\/14\/giga-meeting-de-yewwi-askanwi-dakar-retient-son-souffle\/","url":"https:\/\/www.public.sn\/index.php\/2023\/03\/14\/giga-meeting-de-yewwi-askanwi-dakar-retient-son-souffle\/","name":"Giga meeting de Yewwi Askanwi: Dakar retient son souffle ! - LE PUBLIC","isPartOf":{"@id":"https:\/\/www.public.sn\/#website"},"primaryImageOfPage":{"@id":"https:\/\/www.public.sn\/index.php\/2023\/03\/14\/giga-meeting-de-yewwi-askanwi-dakar-retient-son-souffle\/#primaryimage"},"image":{"@id":"https:\/\/www.public.sn\/index.php\/2023\/03\/14\/giga-meeting-de-yewwi-askanwi-dakar-retient-son-souffle\/#primaryimage"},"thumbnailUrl":"https:\/\/www.public.sn\/wp-content\/uploads\/2023\/03\/manif-a-dakar.jpg","datePublished":"2023-03-14T14:33:40+00:00","breadcrumb":{"@id":"https:\/\/www.public.sn\/index.php\/2023\/03\/14\/giga-meeting-de-yewwi-askanwi-dakar-retient-son-souffle\/#breadcrumb"},"inLanguage":"fr-FR","potentialAction":[{"@type":"ReadAction","target":["https:\/\/www.public.sn\/index.php\/2023\/03\/14\/giga-meeting-de-yewwi-askanwi-dakar-retient-son-souffle\/"]}]},{"@type":"ImageObject","inLanguage":"fr-FR","@id":"https:\/\/www.public.sn\/index.php\/2023\/03\/14\/giga-meeting-de-yewwi-askanwi-dakar-retient-son-souffle\/#primaryimage","url":"https:\/\/www.public.sn\/wp-content\/uploads\/2023\/03\/manif-a-dakar.jpg","contentUrl":"https:\/\/www.public.sn\/wp-content\/uploads\/2023\/03\/manif-a-dakar.jpg","width":664,"height":443,"caption":"A demonstrator holds up a Senegalese flag during protests against the arrest of opposition leader and former presidential candidate Ousmane Sonko in Dakar, Senegal, Friday, March 5, 2021. Days of violent protests in Senegal have killed at least one person, local reports say, as young people take to the streets nationwide in support of the main opposition leader who was detained Wednesday. (AP Photo\/Leo Correa)"},{"@type":"BreadcrumbList","@id":"https:\/\/www.public.sn\/index.php\/2023\/03\/14\/giga-meeting-de-yewwi-askanwi-dakar-retient-son-souffle\/#breadcrumb","itemListElement":[{"@type":"ListItem","position":1,"name":"Accueil","item":"https:\/\/www.public.sn\/"},{"@type":"ListItem","position":2,"name":"Giga meeting de Yewwi Askanwi: Dakar retient son souffle !"}]},{"@type":"WebSite","@id":"https:\/\/www.public.sn\/#website","url":"https:\/\/www.public.sn\/","name":"LE PUBLIC","description":"","publisher":{"@id":"https:\/\/www.public.sn\/#organization"},"potentialAction":[{"@type":"SearchAction","target":{"@type":"EntryPoint","urlTemplate":"https:\/\/www.public.sn\/?s={search_term_string}"},"query-input":{"@type":"PropertyValueSpecification","valueRequired":true,"valueName":"search_term_string"}}],"inLanguage":"fr-FR"},{"@type":"Organization","@id":"https:\/\/www.public.sn\/#organization","name":"LE PUBLIC","url":"https:\/\/www.public.sn\/","logo":{"@type":"ImageObject","inLanguage":"fr-FR","@id":"https:\/\/www.public.sn\/#\/schema\/logo\/image\/","url":"https:\/\/www.public.sn\/wp-content\/uploads\/2024\/05\/cropped-LOGO-PUBLIC.SN_.png","contentUrl":"https:\/\/www.public.sn\/wp-content\/uploads\/2024\/05\/cropped-LOGO-PUBLIC.SN_.png","width":682,"height":192,"caption":"LE PUBLIC"},"image":{"@id":"https:\/\/www.public.sn\/#\/schema\/logo\/image\/"}},{"@type":"Person","@id":"https:\/\/www.public.sn\/#\/schema\/person\/cb76c8e1b8becc6be61fb5e92d6d0224","name":"LA REDACTION","image":{"@type":"ImageObject","inLanguage":"fr-FR","@id":"https:\/\/www.public.sn\/#\/schema\/person\/image\/","url":"https:\/\/secure.gravatar.com\/avatar\/2dce5ddd34b8fef0180efe03aa2a9bee7d953856048f9a16b298190a3178407c?s=96&d=mm&r=g","contentUrl":"https:\/\/secure.gravatar.com\/avatar\/2dce5ddd34b8fef0180efe03aa2a9bee7d953856048f9a16b298190a3178407c?s=96&d=mm&r=g","caption":"LA REDACTION"},"url":"https:\/\/www.public.sn\/index.php\/author\/editeurpsn\/"}]}},"jetpack_featured_media_url":"https:\/\/www.public.sn\/wp-content\/uploads\/2023\/03\/manif-a-dakar.jpg","jetpack_sharing_enabled":true,"_links":{"self":[{"href":"https:\/\/www.public.sn\/index.php\/wp-json\/wp\/v2\/posts\/18018","targetHints":{"allow":["GET"]}}],"collection":[{"href":"https:\/\/www.public.sn\/index.php\/wp-json\/wp\/v2\/posts"}],"about":[{"href":"https:\/\/www.public.sn\/index.php\/wp-json\/wp\/v2\/types\/post"}],"author":[{"embeddable":true,"href":"https:\/\/www.public.sn\/index.php\/wp-json\/wp\/v2\/users\/7"}],"replies":[{"embeddable":true,"href":"https:\/\/www.public.sn\/index.php\/wp-json\/wp\/v2\/comments?post=18018"}],"version-history":[{"count":1,"href":"https:\/\/www.public.sn\/index.php\/wp-json\/wp\/v2\/posts\/18018\/revisions"}],"predecessor-version":[{"id":18021,"href":"https:\/\/www.public.sn\/index.php\/wp-json\/wp\/v2\/posts\/18018\/revisions\/18021"}],"wp:featuredmedia":[{"embeddable":true,"href":"https:\/\/www.public.sn\/index.php\/wp-json\/wp\/v2\/media\/18019"}],"wp:attachment":[{"href":"https:\/\/www.public.sn\/index.php\/wp-json\/wp\/v2\/media?parent=18018"}],"wp:term":[{"taxonomy":"category","embeddable":true,"href":"https:\/\/www.public.sn\/index.php\/wp-json\/wp\/v2\/categories?post=18018"},{"taxonomy":"post_tag","embeddable":true,"href":"https:\/\/www.public.sn\/index.php\/wp-json\/wp\/v2\/tags?post=18018"}],"curies":[{"name":"wp","href":"https:\/\/api.w.org\/{rel}","templated":true}]}}