{"id":18048,"date":"2023-03-15T09:52:14","date_gmt":"2023-03-15T09:52:14","guid":{"rendered":"https:\/\/www.public.sn\/?p=18048"},"modified":"2023-03-15T09:52:14","modified_gmt":"2023-03-15T09:52:14","slug":"marche-de-pastef-a-mbacke-le-prefet-donne-son-verdict","status":"publish","type":"post","link":"https:\/\/www.public.sn\/index.php\/2023\/03\/15\/marche-de-pastef-a-mbacke-le-prefet-donne-son-verdict\/","title":{"rendered":"Marche de Pastef \u00e0 Mback\u00e9 : Le pr\u00e9fet donne son verdict"},"content":{"rendered":"<p><strong>Cheikh Thioro Mback\u00e9, d\u00e9put\u00e9 de Pastef, a d\u00e9clar\u00e9 que \u00ab Nous marcherons peu importe la d\u00e9cision du pr\u00e9fet. Qu\u2019il l\u2019autorise ou pas \u00bb.<\/strong><\/p><div class=\"publi-paragraphe1\" style=\"margin-top: 10px;margin-bottom: 10px;margin-left: auto;margin-right: auto;text-align: center;\" id=\"publi-3082271300\"><div class=\"publi-adlabel\">Publicit\u00e9<\/div><script async src=\"\/\/pagead2.googlesyndication.com\/pagead\/js\/adsbygoogle.js?client=ca-pub-4089586018074219\" crossorigin=\"anonymous\"><\/script><ins class=\"adsbygoogle\" style=\"display:block;\" data-ad-client=\"ca-pub-4089586018074219\" \ndata-ad-slot=\"2087940154\" \ndata-ad-format=\"auto\"><\/ins>\n<script> \n(adsbygoogle = window.adsbygoogle || []).push({}); \n<\/script>\n<\/div>\n<p>Finalement, la marche de la coalition Yewwi Askan Wi a \u00e9t\u00e9 autoris\u00e9e par le pr\u00e9fet de Mback\u00e9 pour l\u2019apr\u00e8s-midi du mercredi 15 mars, soulageant les craintes de d\u00e9bordements en cas de refus. Cette autorisation est un soulagement pour les habitants de Mback\u00e9, qui avaient \u00e9t\u00e9 t\u00e9moins de l\u2019interdiction du meeting de Sonko dans la m\u00eame localit\u00e9 il y a quelques semaines.<\/p>\n<div class=\"publi-apres-le-contenu\" style=\"margin-top: 10px;margin-bottom: 10px;margin-left: auto;margin-right: auto;text-align: center;\" id=\"publi-1626031604\"><div class=\"publi-adlabel\">Publicit\u00e9<\/div><script async src=\"\/\/pagead2.googlesyndication.com\/pagead\/js\/adsbygoogle.js?client=ca-pub-4089586018074219\" crossorigin=\"anonymous\"><\/script><ins class=\"adsbygoogle\" style=\"display:block;\" data-ad-client=\"ca-pub-4089586018074219\" \ndata-ad-slot=\"2087940154\" \ndata-ad-format=\"auto\"><\/ins>\n<script> \n(adsbygoogle = window.adsbygoogle || []).push({}); \n<\/script>\n<\/div>","protected":false},"excerpt":{"rendered":"<p>Cheikh Thioro Mback\u00e9, d\u00e9put\u00e9 de Pastef, a d\u00e9clar\u00e9 que \u00ab Nous marcherons peu importe la d\u00e9cision du pr\u00e9fet. Qu\u2019il l\u2019autorise ou pas \u00bb. Finalement, la marche de la coalition Yewwi Askan Wi a \u00e9t\u00e9 autoris\u00e9e par le pr\u00e9fet de Mback\u00e9 pour l\u2019apr\u00e8s-midi du mercredi 15 mars, soulageant les craintes de d\u00e9bordements en cas de refus. Cette autorisation est un soulagement pour les habitants de Mback\u00e9, qui avaient \u00e9t\u00e9 t\u00e9moins de l\u2019interdiction du meeting de Sonko dans la m\u00eame localit\u00e9 il y a quelques semaines.<\/p>\n","protected":false},"author":7,"featured_media":18001,"comment_status":"open","ping_status":"open","sticky":false,"template":"","format":"standard","meta":{"_jetpack_memberships_contains_paid_content":false,"footnotes":""},"categories":[375,9,4353,3,376,1,4,372],"tags":[4804,1529,672,2161],"class_list":["post-18048","post","type-post","status-publish","format-standard","has-post-thumbnail","hentry","category-actualites","category-communique","category-manifestations","category-politique","category-securite-justice","category-non-classe","category-societe","category-vedette","tag-manif","tag-mbacke","tag-pastef","tag-prefet","entry","has-media","owp-thumbs-layout-horizontal","owp-btn-normal","owp-tabs-layout-horizontal","has-no-thumbnails","has-product-nav"],"yoast_head":"<!-- This site is optimized with the Yoast SEO plugin v25.5 - https:\/\/yoast.com\/wordpress\/plugins\/seo\/ -->\n<title>Marche de Pastef \u00e0 Mback\u00e9 : Le pr\u00e9fet donne son verdict - LE PUBLIC<\/title>\n<meta name=\"robots\" content=\"index, follow, max-snippet:-1, max-image-preview:large, max-video-preview:-1\" \/>\n<link rel=\"canonical\" href=\"https:\/\/www.public.sn\/index.php\/2023\/03\/15\/marche-de-pastef-a-mbacke-le-prefet-donne-son-verdict\/\" \/>\n<meta property=\"og:locale\" content=\"fr_FR\" \/>\n<meta property=\"og:type\" content=\"article\" \/>\n<meta property=\"og:title\" content=\"Marche de Pastef \u00e0 Mback\u00e9 : Le pr\u00e9fet donne son verdict - LE PUBLIC\" \/>\n<meta property=\"og:description\" content=\"Cheikh Thioro Mback\u00e9, d\u00e9put\u00e9 de Pastef, a d\u00e9clar\u00e9 que \u00ab Nous marcherons peu importe la d\u00e9cision du pr\u00e9fet. Qu\u2019il l\u2019autorise ou pas \u00bb. Finalement, la marche de la coalition Yewwi Askan Wi a \u00e9t\u00e9 autoris\u00e9e par le pr\u00e9fet de Mback\u00e9 pour l\u2019apr\u00e8s-midi du mercredi 15 mars, soulageant les craintes de d\u00e9bordements en cas de refus. Cette autorisation est un soulagement pour les habitants de Mback\u00e9, qui avaient \u00e9t\u00e9 t\u00e9moins de l\u2019interdiction du meeting de Sonko dans la m\u00eame localit\u00e9 il y a quelques semaines.\" \/>\n<meta property=\"og:url\" content=\"https:\/\/www.public.sn\/index.php\/2023\/03\/15\/marche-de-pastef-a-mbacke-le-prefet-donne-son-verdict\/\" \/>\n<meta property=\"og:site_name\" content=\"LE PUBLIC\" \/>\n<meta property=\"article:published_time\" content=\"2023-03-15T09:52:14+00:00\" \/>\n<meta property=\"og:image\" content=\"https:\/\/www.public.sn\/wp-content\/uploads\/2023\/03\/manifs.jpg\" \/>\n\t<meta property=\"og:image:width\" content=\"664\" \/>\n\t<meta property=\"og:image:height\" content=\"443\" \/>\n\t<meta property=\"og:image:type\" content=\"image\/jpeg\" \/>\n<meta name=\"author\" content=\"LA REDACTION\" \/>\n<meta name=\"twitter:card\" content=\"summary_large_image\" \/>\n<meta name=\"twitter:label1\" content=\"\u00c9crit par\" \/>\n\t<meta name=\"twitter:data1\" content=\"LA REDACTION\" \/>\n\t<meta name=\"twitter:label2\" content=\"Dur\u00e9e de lecture estim\u00e9e\" \/>\n\t<meta name=\"twitter:data2\" content=\"1 minute\" \/>\n<script type=\"application\/ld+json\" class=\"yoast-schema-graph\">{\"@context\":\"https:\/\/schema.org\",\"@graph\":[{\"@type\":\"Article\",\"@id\":\"https:\/\/www.public.sn\/index.php\/2023\/03\/15\/marche-de-pastef-a-mbacke-le-prefet-donne-son-verdict\/#article\",\"isPartOf\":{\"@id\":\"https:\/\/www.public.sn\/index.php\/2023\/03\/15\/marche-de-pastef-a-mbacke-le-prefet-donne-son-verdict\/\"},\"author\":{\"name\":\"LA REDACTION\",\"@id\":\"https:\/\/www.public.sn\/#\/schema\/person\/cb76c8e1b8becc6be61fb5e92d6d0224\"},\"headline\":\"Marche de Pastef \u00e0 Mback\u00e9 : Le pr\u00e9fet donne son verdict\",\"datePublished\":\"2023-03-15T09:52:14+00:00\",\"mainEntityOfPage\":{\"@id\":\"https:\/\/www.public.sn\/index.php\/2023\/03\/15\/marche-de-pastef-a-mbacke-le-prefet-donne-son-verdict\/\"},\"wordCount\":105,\"commentCount\":0,\"publisher\":{\"@id\":\"https:\/\/www.public.sn\/#organization\"},\"image\":{\"@id\":\"https:\/\/www.public.sn\/index.php\/2023\/03\/15\/marche-de-pastef-a-mbacke-le-prefet-donne-son-verdict\/#primaryimage\"},\"thumbnailUrl\":\"https:\/\/www.public.sn\/wp-content\/uploads\/2023\/03\/manifs.jpg\",\"keywords\":[\"manif\",\"mback\u00e9\",\"Pastef\",\"prefet\"],\"articleSection\":[\"ACTUALIT\u00c9S\",\"COMMUNIQU\u00c9\",\"MANIFESTATIONS\",\"POLITIQUE\",\"S\u00c9CURIT\u00c9 &amp; JUSTICE\",\"S\u00c9N\u00c9GAL\",\"SOCIETE\",\"VEDETTE\"],\"inLanguage\":\"fr-FR\",\"potentialAction\":[{\"@type\":\"CommentAction\",\"name\":\"Comment\",\"target\":[\"https:\/\/www.public.sn\/index.php\/2023\/03\/15\/marche-de-pastef-a-mbacke-le-prefet-donne-son-verdict\/#respond\"]}]},{\"@type\":\"WebPage\",\"@id\":\"https:\/\/www.public.sn\/index.php\/2023\/03\/15\/marche-de-pastef-a-mbacke-le-prefet-donne-son-verdict\/\",\"url\":\"https:\/\/www.public.sn\/index.php\/2023\/03\/15\/marche-de-pastef-a-mbacke-le-prefet-donne-son-verdict\/\",\"name\":\"Marche de Pastef \u00e0 Mback\u00e9 : Le pr\u00e9fet donne son verdict - LE PUBLIC\",\"isPartOf\":{\"@id\":\"https:\/\/www.public.sn\/#website\"},\"primaryImageOfPage\":{\"@id\":\"https:\/\/www.public.sn\/index.php\/2023\/03\/15\/marche-de-pastef-a-mbacke-le-prefet-donne-son-verdict\/#primaryimage\"},\"image\":{\"@id\":\"https:\/\/www.public.sn\/index.php\/2023\/03\/15\/marche-de-pastef-a-mbacke-le-prefet-donne-son-verdict\/#primaryimage\"},\"thumbnailUrl\":\"https:\/\/www.public.sn\/wp-content\/uploads\/2023\/03\/manifs.jpg\",\"datePublished\":\"2023-03-15T09:52:14+00:00\",\"breadcrumb\":{\"@id\":\"https:\/\/www.public.sn\/index.php\/2023\/03\/15\/marche-de-pastef-a-mbacke-le-prefet-donne-son-verdict\/#breadcrumb\"},\"inLanguage\":\"fr-FR\",\"potentialAction\":[{\"@type\":\"ReadAction\",\"target\":[\"https:\/\/www.public.sn\/index.php\/2023\/03\/15\/marche-de-pastef-a-mbacke-le-prefet-donne-son-verdict\/\"]}]},{\"@type\":\"ImageObject\",\"inLanguage\":\"fr-FR\",\"@id\":\"https:\/\/www.public.sn\/index.php\/2023\/03\/15\/marche-de-pastef-a-mbacke-le-prefet-donne-son-verdict\/#primaryimage\",\"url\":\"https:\/\/www.public.sn\/wp-content\/uploads\/2023\/03\/manifs.jpg\",\"contentUrl\":\"https:\/\/www.public.sn\/wp-content\/uploads\/2023\/03\/manifs.jpg\",\"width\":664,\"height\":443,\"caption\":\"A demonstrator holds up a Senegalese flag during protests against the arrest of opposition leader and former presidential candidate Ousmane Sonko in Dakar, Senegal, Friday, March 5, 2021. Days of violent protests in Senegal have killed at least one person, local reports say, as young people take to the streets nationwide in support of the main opposition leader who was detained Wednesday. (AP Photo\/Leo Correa)\"},{\"@type\":\"BreadcrumbList\",\"@id\":\"https:\/\/www.public.sn\/index.php\/2023\/03\/15\/marche-de-pastef-a-mbacke-le-prefet-donne-son-verdict\/#breadcrumb\",\"itemListElement\":[{\"@type\":\"ListItem\",\"position\":1,\"name\":\"Accueil\",\"item\":\"https:\/\/www.public.sn\/\"},{\"@type\":\"ListItem\",\"position\":2,\"name\":\"Marche de Pastef \u00e0 Mback\u00e9 : Le pr\u00e9fet donne son verdict\"}]},{\"@type\":\"WebSite\",\"@id\":\"https:\/\/www.public.sn\/#website\",\"url\":\"https:\/\/www.public.sn\/\",\"name\":\"LE PUBLIC\",\"description\":\"\",\"publisher\":{\"@id\":\"https:\/\/www.public.sn\/#organization\"},\"potentialAction\":[{\"@type\":\"SearchAction\",\"target\":{\"@type\":\"EntryPoint\",\"urlTemplate\":\"https:\/\/www.public.sn\/?s={search_term_string}\"},\"query-input\":{\"@type\":\"PropertyValueSpecification\",\"valueRequired\":true,\"valueName\":\"search_term_string\"}}],\"inLanguage\":\"fr-FR\"},{\"@type\":\"Organization\",\"@id\":\"https:\/\/www.public.sn\/#organization\",\"name\":\"LE PUBLIC\",\"url\":\"https:\/\/www.public.sn\/\",\"logo\":{\"@type\":\"ImageObject\",\"inLanguage\":\"fr-FR\",\"@id\":\"https:\/\/www.public.sn\/#\/schema\/logo\/image\/\",\"url\":\"https:\/\/www.public.sn\/wp-content\/uploads\/2024\/05\/cropped-LOGO-PUBLIC.SN_.png\",\"contentUrl\":\"https:\/\/www.public.sn\/wp-content\/uploads\/2024\/05\/cropped-LOGO-PUBLIC.SN_.png\",\"width\":682,\"height\":192,\"caption\":\"LE PUBLIC\"},\"image\":{\"@id\":\"https:\/\/www.public.sn\/#\/schema\/logo\/image\/\"}},{\"@type\":\"Person\",\"@id\":\"https:\/\/www.public.sn\/#\/schema\/person\/cb76c8e1b8becc6be61fb5e92d6d0224\",\"name\":\"LA REDACTION\",\"image\":{\"@type\":\"ImageObject\",\"inLanguage\":\"fr-FR\",\"@id\":\"https:\/\/www.public.sn\/#\/schema\/person\/image\/\",\"url\":\"https:\/\/secure.gravatar.com\/avatar\/2dce5ddd34b8fef0180efe03aa2a9bee7d953856048f9a16b298190a3178407c?s=96&d=mm&r=g\",\"contentUrl\":\"https:\/\/secure.gravatar.com\/avatar\/2dce5ddd34b8fef0180efe03aa2a9bee7d953856048f9a16b298190a3178407c?s=96&d=mm&r=g\",\"caption\":\"LA REDACTION\"},\"url\":\"https:\/\/www.public.sn\/index.php\/author\/editeurpsn\/\"}]}<\/script>\n<!-- \/ Yoast SEO plugin. -->","yoast_head_json":{"title":"Marche de Pastef \u00e0 Mback\u00e9 : Le pr\u00e9fet donne son verdict - LE PUBLIC","robots":{"index":"index","follow":"follow","max-snippet":"max-snippet:-1","max-image-preview":"max-image-preview:large","max-video-preview":"max-video-preview:-1"},"canonical":"https:\/\/www.public.sn\/index.php\/2023\/03\/15\/marche-de-pastef-a-mbacke-le-prefet-donne-son-verdict\/","og_locale":"fr_FR","og_type":"article","og_title":"Marche de Pastef \u00e0 Mback\u00e9 : Le pr\u00e9fet donne son verdict - LE PUBLIC","og_description":"Cheikh Thioro Mback\u00e9, d\u00e9put\u00e9 de Pastef, a d\u00e9clar\u00e9 que \u00ab Nous marcherons peu importe la d\u00e9cision du pr\u00e9fet. Qu\u2019il l\u2019autorise ou pas \u00bb. Finalement, la marche de la coalition Yewwi Askan Wi a \u00e9t\u00e9 autoris\u00e9e par le pr\u00e9fet de Mback\u00e9 pour l\u2019apr\u00e8s-midi du mercredi 15 mars, soulageant les craintes de d\u00e9bordements en cas de refus. Cette autorisation est un soulagement pour les habitants de Mback\u00e9, qui avaient \u00e9t\u00e9 t\u00e9moins de l\u2019interdiction du meeting de Sonko dans la m\u00eame localit\u00e9 il y a quelques semaines.","og_url":"https:\/\/www.public.sn\/index.php\/2023\/03\/15\/marche-de-pastef-a-mbacke-le-prefet-donne-son-verdict\/","og_site_name":"LE PUBLIC","article_published_time":"2023-03-15T09:52:14+00:00","og_image":[{"width":664,"height":443,"url":"https:\/\/www.public.sn\/wp-content\/uploads\/2023\/03\/manifs.jpg","type":"image\/jpeg"}],"author":"LA REDACTION","twitter_card":"summary_large_image","twitter_misc":{"\u00c9crit par":"LA REDACTION","Dur\u00e9e de lecture estim\u00e9e":"1 minute"},"schema":{"@context":"https:\/\/schema.org","@graph":[{"@type":"Article","@id":"https:\/\/www.public.sn\/index.php\/2023\/03\/15\/marche-de-pastef-a-mbacke-le-prefet-donne-son-verdict\/#article","isPartOf":{"@id":"https:\/\/www.public.sn\/index.php\/2023\/03\/15\/marche-de-pastef-a-mbacke-le-prefet-donne-son-verdict\/"},"author":{"name":"LA REDACTION","@id":"https:\/\/www.public.sn\/#\/schema\/person\/cb76c8e1b8becc6be61fb5e92d6d0224"},"headline":"Marche de Pastef \u00e0 Mback\u00e9 : Le pr\u00e9fet donne son verdict","datePublished":"2023-03-15T09:52:14+00:00","mainEntityOfPage":{"@id":"https:\/\/www.public.sn\/index.php\/2023\/03\/15\/marche-de-pastef-a-mbacke-le-prefet-donne-son-verdict\/"},"wordCount":105,"commentCount":0,"publisher":{"@id":"https:\/\/www.public.sn\/#organization"},"image":{"@id":"https:\/\/www.public.sn\/index.php\/2023\/03\/15\/marche-de-pastef-a-mbacke-le-prefet-donne-son-verdict\/#primaryimage"},"thumbnailUrl":"https:\/\/www.public.sn\/wp-content\/uploads\/2023\/03\/manifs.jpg","keywords":["manif","mback\u00e9","Pastef","prefet"],"articleSection":["ACTUALIT\u00c9S","COMMUNIQU\u00c9","MANIFESTATIONS","POLITIQUE","S\u00c9CURIT\u00c9 &amp; JUSTICE","S\u00c9N\u00c9GAL","SOCIETE","VEDETTE"],"inLanguage":"fr-FR","potentialAction":[{"@type":"CommentAction","name":"Comment","target":["https:\/\/www.public.sn\/index.php\/2023\/03\/15\/marche-de-pastef-a-mbacke-le-prefet-donne-son-verdict\/#respond"]}]},{"@type":"WebPage","@id":"https:\/\/www.public.sn\/index.php\/2023\/03\/15\/marche-de-pastef-a-mbacke-le-prefet-donne-son-verdict\/","url":"https:\/\/www.public.sn\/index.php\/2023\/03\/15\/marche-de-pastef-a-mbacke-le-prefet-donne-son-verdict\/","name":"Marche de Pastef \u00e0 Mback\u00e9 : Le pr\u00e9fet donne son verdict - LE PUBLIC","isPartOf":{"@id":"https:\/\/www.public.sn\/#website"},"primaryImageOfPage":{"@id":"https:\/\/www.public.sn\/index.php\/2023\/03\/15\/marche-de-pastef-a-mbacke-le-prefet-donne-son-verdict\/#primaryimage"},"image":{"@id":"https:\/\/www.public.sn\/index.php\/2023\/03\/15\/marche-de-pastef-a-mbacke-le-prefet-donne-son-verdict\/#primaryimage"},"thumbnailUrl":"https:\/\/www.public.sn\/wp-content\/uploads\/2023\/03\/manifs.jpg","datePublished":"2023-03-15T09:52:14+00:00","breadcrumb":{"@id":"https:\/\/www.public.sn\/index.php\/2023\/03\/15\/marche-de-pastef-a-mbacke-le-prefet-donne-son-verdict\/#breadcrumb"},"inLanguage":"fr-FR","potentialAction":[{"@type":"ReadAction","target":["https:\/\/www.public.sn\/index.php\/2023\/03\/15\/marche-de-pastef-a-mbacke-le-prefet-donne-son-verdict\/"]}]},{"@type":"ImageObject","inLanguage":"fr-FR","@id":"https:\/\/www.public.sn\/index.php\/2023\/03\/15\/marche-de-pastef-a-mbacke-le-prefet-donne-son-verdict\/#primaryimage","url":"https:\/\/www.public.sn\/wp-content\/uploads\/2023\/03\/manifs.jpg","contentUrl":"https:\/\/www.public.sn\/wp-content\/uploads\/2023\/03\/manifs.jpg","width":664,"height":443,"caption":"A demonstrator holds up a Senegalese flag during protests against the arrest of opposition leader and former presidential candidate Ousmane Sonko in Dakar, Senegal, Friday, March 5, 2021. Days of violent protests in Senegal have killed at least one person, local reports say, as young people take to the streets nationwide in support of the main opposition leader who was detained Wednesday. (AP Photo\/Leo Correa)"},{"@type":"BreadcrumbList","@id":"https:\/\/www.public.sn\/index.php\/2023\/03\/15\/marche-de-pastef-a-mbacke-le-prefet-donne-son-verdict\/#breadcrumb","itemListElement":[{"@type":"ListItem","position":1,"name":"Accueil","item":"https:\/\/www.public.sn\/"},{"@type":"ListItem","position":2,"name":"Marche de Pastef \u00e0 Mback\u00e9 : Le pr\u00e9fet donne son verdict"}]},{"@type":"WebSite","@id":"https:\/\/www.public.sn\/#website","url":"https:\/\/www.public.sn\/","name":"LE PUBLIC","description":"","publisher":{"@id":"https:\/\/www.public.sn\/#organization"},"potentialAction":[{"@type":"SearchAction","target":{"@type":"EntryPoint","urlTemplate":"https:\/\/www.public.sn\/?s={search_term_string}"},"query-input":{"@type":"PropertyValueSpecification","valueRequired":true,"valueName":"search_term_string"}}],"inLanguage":"fr-FR"},{"@type":"Organization","@id":"https:\/\/www.public.sn\/#organization","name":"LE PUBLIC","url":"https:\/\/www.public.sn\/","logo":{"@type":"ImageObject","inLanguage":"fr-FR","@id":"https:\/\/www.public.sn\/#\/schema\/logo\/image\/","url":"https:\/\/www.public.sn\/wp-content\/uploads\/2024\/05\/cropped-LOGO-PUBLIC.SN_.png","contentUrl":"https:\/\/www.public.sn\/wp-content\/uploads\/2024\/05\/cropped-LOGO-PUBLIC.SN_.png","width":682,"height":192,"caption":"LE PUBLIC"},"image":{"@id":"https:\/\/www.public.sn\/#\/schema\/logo\/image\/"}},{"@type":"Person","@id":"https:\/\/www.public.sn\/#\/schema\/person\/cb76c8e1b8becc6be61fb5e92d6d0224","name":"LA REDACTION","image":{"@type":"ImageObject","inLanguage":"fr-FR","@id":"https:\/\/www.public.sn\/#\/schema\/person\/image\/","url":"https:\/\/secure.gravatar.com\/avatar\/2dce5ddd34b8fef0180efe03aa2a9bee7d953856048f9a16b298190a3178407c?s=96&d=mm&r=g","contentUrl":"https:\/\/secure.gravatar.com\/avatar\/2dce5ddd34b8fef0180efe03aa2a9bee7d953856048f9a16b298190a3178407c?s=96&d=mm&r=g","caption":"LA REDACTION"},"url":"https:\/\/www.public.sn\/index.php\/author\/editeurpsn\/"}]}},"jetpack_featured_media_url":"https:\/\/www.public.sn\/wp-content\/uploads\/2023\/03\/manifs.jpg","jetpack_sharing_enabled":true,"_links":{"self":[{"href":"https:\/\/www.public.sn\/index.php\/wp-json\/wp\/v2\/posts\/18048","targetHints":{"allow":["GET"]}}],"collection":[{"href":"https:\/\/www.public.sn\/index.php\/wp-json\/wp\/v2\/posts"}],"about":[{"href":"https:\/\/www.public.sn\/index.php\/wp-json\/wp\/v2\/types\/post"}],"author":[{"embeddable":true,"href":"https:\/\/www.public.sn\/index.php\/wp-json\/wp\/v2\/users\/7"}],"replies":[{"embeddable":true,"href":"https:\/\/www.public.sn\/index.php\/wp-json\/wp\/v2\/comments?post=18048"}],"version-history":[{"count":1,"href":"https:\/\/www.public.sn\/index.php\/wp-json\/wp\/v2\/posts\/18048\/revisions"}],"predecessor-version":[{"id":18049,"href":"https:\/\/www.public.sn\/index.php\/wp-json\/wp\/v2\/posts\/18048\/revisions\/18049"}],"wp:featuredmedia":[{"embeddable":true,"href":"https:\/\/www.public.sn\/index.php\/wp-json\/wp\/v2\/media\/18001"}],"wp:attachment":[{"href":"https:\/\/www.public.sn\/index.php\/wp-json\/wp\/v2\/media?parent=18048"}],"wp:term":[{"taxonomy":"category","embeddable":true,"href":"https:\/\/www.public.sn\/index.php\/wp-json\/wp\/v2\/categories?post=18048"},{"taxonomy":"post_tag","embeddable":true,"href":"https:\/\/www.public.sn\/index.php\/wp-json\/wp\/v2\/tags?post=18048"}],"curies":[{"name":"wp","href":"https:\/\/api.w.org\/{rel}","templated":true}]}}