{"id":1809,"date":"2022-09-11T22:41:14","date_gmt":"2022-09-11T22:41:14","guid":{"rendered":"https:\/\/www.public.sn\/?p=1809"},"modified":"2022-09-11T22:41:14","modified_gmt":"2022-09-11T22:41:14","slug":"air-senegal-une-situation-inquietante-plonge-les-passagers-dans-la-galere","status":"publish","type":"post","link":"https:\/\/www.public.sn\/index.php\/2022\/09\/11\/air-senegal-une-situation-inquietante-plonge-les-passagers-dans-la-galere\/","title":{"rendered":"Air S\u00e9n\u00e9gal: Une situation inqui\u00e9tante plonge les passagers dans la gal\u00e8re."},"content":{"rendered":"\n<p>\u00c0 ce rythme, acheter un billet Air S\u00e9n\u00e9gal sera synonyme de souscription \u00e0 un parcours du combattant. Pire, d\u2019un voyage vers l\u2019inconnu. Ce dimanche 11 septembre, vers 15 heures, un car de tourisme a pris feu sur la bande d\u2019arr\u00eat d\u2019urgence de l\u2019autoroute A7, \u00e0 Valence, dans le sens Sud\/Nord, selon les m\u00e9dias fran\u00e7ais. Le sinistre a g\u00e9n\u00e9r\u00e9 d\u2019importantes fum\u00e9es, visibles et ressenties dans le centre-ville de Valence.<\/p><div class=\"publi-paragraphe1\" style=\"margin-top: 10px;margin-bottom: 10px;margin-left: auto;margin-right: auto;text-align: center;\" id=\"publi-567062494\"><div class=\"publi-adlabel\">Publicit\u00e9<\/div><script async src=\"\/\/pagead2.googlesyndication.com\/pagead\/js\/adsbygoogle.js?client=ca-pub-4089586018074219\" crossorigin=\"anonymous\"><\/script><ins class=\"adsbygoogle\" style=\"display:block;\" data-ad-client=\"ca-pub-4089586018074219\" \ndata-ad-slot=\"2087940154\" \ndata-ad-format=\"auto\"><\/ins>\n<script> \n(adsbygoogle = window.adsbygoogle || []).push({}); \n<\/script>\n<\/div>\n\n\n\n<p>\u00c0 l\u2019int\u00e9rieur du bus, des passagers qui, \u00e0 l\u2019origine, avaient r\u00e9serv\u00e9 un vol direct entre Dakar et Lyon op\u00e9r\u00e9 par la compagnie Air S\u00e9n\u00e9gal. Pour une raison inconnue, l\u2019avion a d\u00fb atterrir \u00e0 Marseille, o\u00f9 les usagers ont \u00e9t\u00e9 invit\u00e9s \u00e0 poursuivre le trajet dans un car de remplacement. Seulement, durant le trajet, un pneu du car a \u00e9clat\u00e9, provoquant un incendie. Les 41 passagers ont \u00e9t\u00e9 secourus par&nbsp;<\/p>\n\n\n\n<p>Cette \u00e9ni\u00e8me m\u00e9saventure va encore faire couler beaucoup d\u2019encre et de salive sur la compagnie Air S\u00e9n\u00e9gal, qui a l\u2019habitude de faire parler d\u2019elle. Le 30 ao\u00fbt, par exemple, un avion de la compagnie qui effectuait la liaison Dakar-Barcelone-Dakar, a heurt\u00e9 un camion sur le tarmac de l\u2019a\u00e9roport de Barcelone. L\u00e0 encore, sans faire de bless\u00e9s.<\/p>\n<div class=\"publi-apres-le-contenu\" style=\"margin-top: 10px;margin-bottom: 10px;margin-left: auto;margin-right: auto;text-align: center;\" id=\"publi-2592570967\"><div class=\"publi-adlabel\">Publicit\u00e9<\/div><script async src=\"\/\/pagead2.googlesyndication.com\/pagead\/js\/adsbygoogle.js?client=ca-pub-4089586018074219\" crossorigin=\"anonymous\"><\/script><ins class=\"adsbygoogle\" style=\"display:block;\" data-ad-client=\"ca-pub-4089586018074219\" \ndata-ad-slot=\"2087940154\" \ndata-ad-format=\"auto\"><\/ins>\n<script> \n(adsbygoogle = window.adsbygoogle || []).push({}); \n<\/script>\n<\/div>","protected":false},"excerpt":{"rendered":"<p>\u00c0 ce rythme, acheter un billet Air S\u00e9n\u00e9gal sera synonyme de souscription \u00e0 un parcours du combattant. Pire, d\u2019un voyage vers l\u2019inconnu. Ce dimanche 11 septembre, vers 15 heures, un car de tourisme a pris feu sur la bande d\u2019arr\u00eat d\u2019urgence de l\u2019autoroute A7, \u00e0 Valence, dans le sens Sud\/Nord, selon les m\u00e9dias fran\u00e7ais. Le sinistre a g\u00e9n\u00e9r\u00e9 d\u2019importantes fum\u00e9es, visibles et ressenties dans le centre-ville de Valence. \u00c0 l\u2019int\u00e9rieur du bus, des passagers qui, \u00e0 l\u2019origine, avaient r\u00e9serv\u00e9 un vol direct entre Dakar et Lyon op\u00e9r\u00e9 par la compagnie Air S\u00e9n\u00e9gal. Pour une raison inconnue, l\u2019avion a d\u00fb atterrir \u00e0 Marseille, o\u00f9 les usagers ont \u00e9t\u00e9 invit\u00e9s \u00e0 poursuivre le trajet dans un car de remplacement. Seulement, durant le trajet, un pneu du car a \u00e9clat\u00e9, provoquant un incendie. Les 41 passagers ont \u00e9t\u00e9 secourus par&nbsp; Cette \u00e9ni\u00e8me m\u00e9saventure va encore faire couler beaucoup d\u2019encre et de salive sur la compagnie Air S\u00e9n\u00e9gal, qui a l\u2019habitude de faire parler d\u2019elle. Le 30 ao\u00fbt, par exemple, un avion de la compagnie qui effectuait la liaison Dakar-Barcelone-Dakar, a heurt\u00e9 un camion sur le tarmac de l\u2019a\u00e9roport de Barcelone. L\u00e0 encore, sans faire de bless\u00e9s.<\/p>\n","protected":false},"author":1,"featured_media":1810,"comment_status":"open","ping_status":"open","sticky":false,"template":"","format":"standard","meta":{"_jetpack_memberships_contains_paid_content":false,"footnotes":""},"categories":[375],"tags":[717,718,237],"class_list":["post-1809","post","type-post","status-publish","format-standard","has-post-thumbnail","hentry","category-actualites","tag-air-senegal","tag-passagers","tag-vol","entry","has-media","owp-thumbs-layout-horizontal","owp-btn-normal","owp-tabs-layout-horizontal","has-no-thumbnails","has-product-nav"],"yoast_head":"<!-- This site is optimized with the Yoast SEO plugin v25.5 - https:\/\/yoast.com\/wordpress\/plugins\/seo\/ -->\n<title>Air S\u00e9n\u00e9gal: Une situation inqui\u00e9tante plonge les passagers dans la gal\u00e8re. - LE PUBLIC<\/title>\n<meta name=\"robots\" content=\"index, follow, max-snippet:-1, max-image-preview:large, max-video-preview:-1\" \/>\n<link rel=\"canonical\" href=\"https:\/\/www.public.sn\/index.php\/2022\/09\/11\/air-senegal-une-situation-inquietante-plonge-les-passagers-dans-la-galere\/\" \/>\n<meta property=\"og:locale\" content=\"fr_FR\" \/>\n<meta property=\"og:type\" content=\"article\" \/>\n<meta property=\"og:title\" content=\"Air S\u00e9n\u00e9gal: Une situation inqui\u00e9tante plonge les passagers dans la gal\u00e8re. - LE PUBLIC\" \/>\n<meta property=\"og:description\" content=\"\u00c0 ce rythme, acheter un billet Air S\u00e9n\u00e9gal sera synonyme de souscription \u00e0 un parcours du combattant. Pire, d\u2019un voyage vers l\u2019inconnu. Ce dimanche 11 septembre, vers 15 heures, un car de tourisme a pris feu sur la bande d\u2019arr\u00eat d\u2019urgence de l\u2019autoroute A7, \u00e0 Valence, dans le sens Sud\/Nord, selon les m\u00e9dias fran\u00e7ais. Le sinistre a g\u00e9n\u00e9r\u00e9 d\u2019importantes fum\u00e9es, visibles et ressenties dans le centre-ville de Valence. \u00c0 l\u2019int\u00e9rieur du bus, des passagers qui, \u00e0 l\u2019origine, avaient r\u00e9serv\u00e9 un vol direct entre Dakar et Lyon op\u00e9r\u00e9 par la compagnie Air S\u00e9n\u00e9gal. Pour une raison inconnue, l\u2019avion a d\u00fb atterrir \u00e0 Marseille, o\u00f9 les usagers ont \u00e9t\u00e9 invit\u00e9s \u00e0 poursuivre le trajet dans un car de remplacement. Seulement, durant le trajet, un pneu du car a \u00e9clat\u00e9, provoquant un incendie. Les 41 passagers ont \u00e9t\u00e9 secourus par&nbsp; Cette \u00e9ni\u00e8me m\u00e9saventure va encore faire couler beaucoup d\u2019encre et de salive sur la compagnie Air S\u00e9n\u00e9gal, qui a l\u2019habitude de faire parler d\u2019elle. Le 30 ao\u00fbt, par exemple, un avion de la compagnie qui effectuait la liaison Dakar-Barcelone-Dakar, a heurt\u00e9 un camion sur le tarmac de l\u2019a\u00e9roport de Barcelone. L\u00e0 encore, sans faire de bless\u00e9s.\" \/>\n<meta property=\"og:url\" content=\"https:\/\/www.public.sn\/index.php\/2022\/09\/11\/air-senegal-une-situation-inquietante-plonge-les-passagers-dans-la-galere\/\" \/>\n<meta property=\"og:site_name\" content=\"LE PUBLIC\" \/>\n<meta property=\"article:published_time\" content=\"2022-09-11T22:41:14+00:00\" \/>\n<meta property=\"og:image\" content=\"https:\/\/www.public.sn\/wp-content\/uploads\/2022\/09\/EF0CC606-7A76-4960-ACFF-55E9A4E91B9C.jpeg\" \/>\n\t<meta property=\"og:image:width\" content=\"640\" \/>\n\t<meta property=\"og:image:height\" content=\"480\" \/>\n\t<meta property=\"og:image:type\" content=\"image\/jpeg\" \/>\n<meta name=\"author\" content=\"LA REDACTION\" \/>\n<meta name=\"twitter:card\" content=\"summary_large_image\" \/>\n<meta name=\"twitter:label1\" content=\"\u00c9crit par\" \/>\n\t<meta name=\"twitter:data1\" content=\"LA REDACTION\" \/>\n\t<meta name=\"twitter:label2\" content=\"Dur\u00e9e de lecture estim\u00e9e\" \/>\n\t<meta name=\"twitter:data2\" content=\"1 minute\" \/>\n<script type=\"application\/ld+json\" class=\"yoast-schema-graph\">{\"@context\":\"https:\/\/schema.org\",\"@graph\":[{\"@type\":\"Article\",\"@id\":\"https:\/\/www.public.sn\/index.php\/2022\/09\/11\/air-senegal-une-situation-inquietante-plonge-les-passagers-dans-la-galere\/#article\",\"isPartOf\":{\"@id\":\"https:\/\/www.public.sn\/index.php\/2022\/09\/11\/air-senegal-une-situation-inquietante-plonge-les-passagers-dans-la-galere\/\"},\"author\":{\"name\":\"LA REDACTION\",\"@id\":\"https:\/\/www.public.sn\/#\/schema\/person\/e3f4a11b037d4203902db148f9bc8d5a\"},\"headline\":\"Air S\u00e9n\u00e9gal: Une situation inqui\u00e9tante plonge les passagers dans la gal\u00e8re.\",\"datePublished\":\"2022-09-11T22:41:14+00:00\",\"mainEntityOfPage\":{\"@id\":\"https:\/\/www.public.sn\/index.php\/2022\/09\/11\/air-senegal-une-situation-inquietante-plonge-les-passagers-dans-la-galere\/\"},\"wordCount\":233,\"commentCount\":0,\"publisher\":{\"@id\":\"https:\/\/www.public.sn\/#organization\"},\"image\":{\"@id\":\"https:\/\/www.public.sn\/index.php\/2022\/09\/11\/air-senegal-une-situation-inquietante-plonge-les-passagers-dans-la-galere\/#primaryimage\"},\"thumbnailUrl\":\"https:\/\/www.public.sn\/wp-content\/uploads\/2022\/09\/EF0CC606-7A76-4960-ACFF-55E9A4E91B9C.jpeg\",\"keywords\":[\"Air S\u00e9n\u00e9gal\",\"Passagers\",\"Vol\"],\"articleSection\":[\"ACTUALIT\u00c9S\"],\"inLanguage\":\"fr-FR\",\"potentialAction\":[{\"@type\":\"CommentAction\",\"name\":\"Comment\",\"target\":[\"https:\/\/www.public.sn\/index.php\/2022\/09\/11\/air-senegal-une-situation-inquietante-plonge-les-passagers-dans-la-galere\/#respond\"]}]},{\"@type\":\"WebPage\",\"@id\":\"https:\/\/www.public.sn\/index.php\/2022\/09\/11\/air-senegal-une-situation-inquietante-plonge-les-passagers-dans-la-galere\/\",\"url\":\"https:\/\/www.public.sn\/index.php\/2022\/09\/11\/air-senegal-une-situation-inquietante-plonge-les-passagers-dans-la-galere\/\",\"name\":\"Air S\u00e9n\u00e9gal: Une situation inqui\u00e9tante plonge les passagers dans la gal\u00e8re. - LE PUBLIC\",\"isPartOf\":{\"@id\":\"https:\/\/www.public.sn\/#website\"},\"primaryImageOfPage\":{\"@id\":\"https:\/\/www.public.sn\/index.php\/2022\/09\/11\/air-senegal-une-situation-inquietante-plonge-les-passagers-dans-la-galere\/#primaryimage\"},\"image\":{\"@id\":\"https:\/\/www.public.sn\/index.php\/2022\/09\/11\/air-senegal-une-situation-inquietante-plonge-les-passagers-dans-la-galere\/#primaryimage\"},\"thumbnailUrl\":\"https:\/\/www.public.sn\/wp-content\/uploads\/2022\/09\/EF0CC606-7A76-4960-ACFF-55E9A4E91B9C.jpeg\",\"datePublished\":\"2022-09-11T22:41:14+00:00\",\"breadcrumb\":{\"@id\":\"https:\/\/www.public.sn\/index.php\/2022\/09\/11\/air-senegal-une-situation-inquietante-plonge-les-passagers-dans-la-galere\/#breadcrumb\"},\"inLanguage\":\"fr-FR\",\"potentialAction\":[{\"@type\":\"ReadAction\",\"target\":[\"https:\/\/www.public.sn\/index.php\/2022\/09\/11\/air-senegal-une-situation-inquietante-plonge-les-passagers-dans-la-galere\/\"]}]},{\"@type\":\"ImageObject\",\"inLanguage\":\"fr-FR\",\"@id\":\"https:\/\/www.public.sn\/index.php\/2022\/09\/11\/air-senegal-une-situation-inquietante-plonge-les-passagers-dans-la-galere\/#primaryimage\",\"url\":\"https:\/\/www.public.sn\/wp-content\/uploads\/2022\/09\/EF0CC606-7A76-4960-ACFF-55E9A4E91B9C.jpeg\",\"contentUrl\":\"https:\/\/www.public.sn\/wp-content\/uploads\/2022\/09\/EF0CC606-7A76-4960-ACFF-55E9A4E91B9C.jpeg\",\"width\":640,\"height\":480},{\"@type\":\"BreadcrumbList\",\"@id\":\"https:\/\/www.public.sn\/index.php\/2022\/09\/11\/air-senegal-une-situation-inquietante-plonge-les-passagers-dans-la-galere\/#breadcrumb\",\"itemListElement\":[{\"@type\":\"ListItem\",\"position\":1,\"name\":\"Accueil\",\"item\":\"https:\/\/www.public.sn\/\"},{\"@type\":\"ListItem\",\"position\":2,\"name\":\"Air S\u00e9n\u00e9gal: Une situation inqui\u00e9tante plonge les passagers dans la gal\u00e8re.\"}]},{\"@type\":\"WebSite\",\"@id\":\"https:\/\/www.public.sn\/#website\",\"url\":\"https:\/\/www.public.sn\/\",\"name\":\"LE PUBLIC\",\"description\":\"\",\"publisher\":{\"@id\":\"https:\/\/www.public.sn\/#organization\"},\"potentialAction\":[{\"@type\":\"SearchAction\",\"target\":{\"@type\":\"EntryPoint\",\"urlTemplate\":\"https:\/\/www.public.sn\/?s={search_term_string}\"},\"query-input\":{\"@type\":\"PropertyValueSpecification\",\"valueRequired\":true,\"valueName\":\"search_term_string\"}}],\"inLanguage\":\"fr-FR\"},{\"@type\":\"Organization\",\"@id\":\"https:\/\/www.public.sn\/#organization\",\"name\":\"LE PUBLIC\",\"url\":\"https:\/\/www.public.sn\/\",\"logo\":{\"@type\":\"ImageObject\",\"inLanguage\":\"fr-FR\",\"@id\":\"https:\/\/www.public.sn\/#\/schema\/logo\/image\/\",\"url\":\"https:\/\/www.public.sn\/wp-content\/uploads\/2024\/05\/cropped-LOGO-PUBLIC.SN_.png\",\"contentUrl\":\"https:\/\/www.public.sn\/wp-content\/uploads\/2024\/05\/cropped-LOGO-PUBLIC.SN_.png\",\"width\":682,\"height\":192,\"caption\":\"LE PUBLIC\"},\"image\":{\"@id\":\"https:\/\/www.public.sn\/#\/schema\/logo\/image\/\"}},{\"@type\":\"Person\",\"@id\":\"https:\/\/www.public.sn\/#\/schema\/person\/e3f4a11b037d4203902db148f9bc8d5a\",\"name\":\"LA REDACTION\",\"image\":{\"@type\":\"ImageObject\",\"inLanguage\":\"fr-FR\",\"@id\":\"https:\/\/www.public.sn\/#\/schema\/person\/image\/\",\"url\":\"https:\/\/secure.gravatar.com\/avatar\/d6c030db45db2883c075085c5d6c6258654a801a93766b49af0b82d4f454e2a5?s=96&d=mm&r=g\",\"contentUrl\":\"https:\/\/secure.gravatar.com\/avatar\/d6c030db45db2883c075085c5d6c6258654a801a93766b49af0b82d4f454e2a5?s=96&d=mm&r=g\",\"caption\":\"LA REDACTION\"},\"sameAs\":[\"http:\/\/www.public.sn\"],\"url\":\"https:\/\/www.public.sn\/index.php\/author\/admin7324\/\"}]}<\/script>\n<!-- \/ Yoast SEO plugin. -->","yoast_head_json":{"title":"Air S\u00e9n\u00e9gal: Une situation inqui\u00e9tante plonge les passagers dans la gal\u00e8re. - LE PUBLIC","robots":{"index":"index","follow":"follow","max-snippet":"max-snippet:-1","max-image-preview":"max-image-preview:large","max-video-preview":"max-video-preview:-1"},"canonical":"https:\/\/www.public.sn\/index.php\/2022\/09\/11\/air-senegal-une-situation-inquietante-plonge-les-passagers-dans-la-galere\/","og_locale":"fr_FR","og_type":"article","og_title":"Air S\u00e9n\u00e9gal: Une situation inqui\u00e9tante plonge les passagers dans la gal\u00e8re. - LE PUBLIC","og_description":"\u00c0 ce rythme, acheter un billet Air S\u00e9n\u00e9gal sera synonyme de souscription \u00e0 un parcours du combattant. Pire, d\u2019un voyage vers l\u2019inconnu. Ce dimanche 11 septembre, vers 15 heures, un car de tourisme a pris feu sur la bande d\u2019arr\u00eat d\u2019urgence de l\u2019autoroute A7, \u00e0 Valence, dans le sens Sud\/Nord, selon les m\u00e9dias fran\u00e7ais. Le sinistre a g\u00e9n\u00e9r\u00e9 d\u2019importantes fum\u00e9es, visibles et ressenties dans le centre-ville de Valence. \u00c0 l\u2019int\u00e9rieur du bus, des passagers qui, \u00e0 l\u2019origine, avaient r\u00e9serv\u00e9 un vol direct entre Dakar et Lyon op\u00e9r\u00e9 par la compagnie Air S\u00e9n\u00e9gal. Pour une raison inconnue, l\u2019avion a d\u00fb atterrir \u00e0 Marseille, o\u00f9 les usagers ont \u00e9t\u00e9 invit\u00e9s \u00e0 poursuivre le trajet dans un car de remplacement. Seulement, durant le trajet, un pneu du car a \u00e9clat\u00e9, provoquant un incendie. Les 41 passagers ont \u00e9t\u00e9 secourus par&nbsp; Cette \u00e9ni\u00e8me m\u00e9saventure va encore faire couler beaucoup d\u2019encre et de salive sur la compagnie Air S\u00e9n\u00e9gal, qui a l\u2019habitude de faire parler d\u2019elle. Le 30 ao\u00fbt, par exemple, un avion de la compagnie qui effectuait la liaison Dakar-Barcelone-Dakar, a heurt\u00e9 un camion sur le tarmac de l\u2019a\u00e9roport de Barcelone. L\u00e0 encore, sans faire de bless\u00e9s.","og_url":"https:\/\/www.public.sn\/index.php\/2022\/09\/11\/air-senegal-une-situation-inquietante-plonge-les-passagers-dans-la-galere\/","og_site_name":"LE PUBLIC","article_published_time":"2022-09-11T22:41:14+00:00","og_image":[{"width":640,"height":480,"url":"https:\/\/www.public.sn\/wp-content\/uploads\/2022\/09\/EF0CC606-7A76-4960-ACFF-55E9A4E91B9C.jpeg","type":"image\/jpeg"}],"author":"LA REDACTION","twitter_card":"summary_large_image","twitter_misc":{"\u00c9crit par":"LA REDACTION","Dur\u00e9e de lecture estim\u00e9e":"1 minute"},"schema":{"@context":"https:\/\/schema.org","@graph":[{"@type":"Article","@id":"https:\/\/www.public.sn\/index.php\/2022\/09\/11\/air-senegal-une-situation-inquietante-plonge-les-passagers-dans-la-galere\/#article","isPartOf":{"@id":"https:\/\/www.public.sn\/index.php\/2022\/09\/11\/air-senegal-une-situation-inquietante-plonge-les-passagers-dans-la-galere\/"},"author":{"name":"LA REDACTION","@id":"https:\/\/www.public.sn\/#\/schema\/person\/e3f4a11b037d4203902db148f9bc8d5a"},"headline":"Air S\u00e9n\u00e9gal: Une situation inqui\u00e9tante plonge les passagers dans la gal\u00e8re.","datePublished":"2022-09-11T22:41:14+00:00","mainEntityOfPage":{"@id":"https:\/\/www.public.sn\/index.php\/2022\/09\/11\/air-senegal-une-situation-inquietante-plonge-les-passagers-dans-la-galere\/"},"wordCount":233,"commentCount":0,"publisher":{"@id":"https:\/\/www.public.sn\/#organization"},"image":{"@id":"https:\/\/www.public.sn\/index.php\/2022\/09\/11\/air-senegal-une-situation-inquietante-plonge-les-passagers-dans-la-galere\/#primaryimage"},"thumbnailUrl":"https:\/\/www.public.sn\/wp-content\/uploads\/2022\/09\/EF0CC606-7A76-4960-ACFF-55E9A4E91B9C.jpeg","keywords":["Air S\u00e9n\u00e9gal","Passagers","Vol"],"articleSection":["ACTUALIT\u00c9S"],"inLanguage":"fr-FR","potentialAction":[{"@type":"CommentAction","name":"Comment","target":["https:\/\/www.public.sn\/index.php\/2022\/09\/11\/air-senegal-une-situation-inquietante-plonge-les-passagers-dans-la-galere\/#respond"]}]},{"@type":"WebPage","@id":"https:\/\/www.public.sn\/index.php\/2022\/09\/11\/air-senegal-une-situation-inquietante-plonge-les-passagers-dans-la-galere\/","url":"https:\/\/www.public.sn\/index.php\/2022\/09\/11\/air-senegal-une-situation-inquietante-plonge-les-passagers-dans-la-galere\/","name":"Air S\u00e9n\u00e9gal: Une situation inqui\u00e9tante plonge les passagers dans la gal\u00e8re. - LE PUBLIC","isPartOf":{"@id":"https:\/\/www.public.sn\/#website"},"primaryImageOfPage":{"@id":"https:\/\/www.public.sn\/index.php\/2022\/09\/11\/air-senegal-une-situation-inquietante-plonge-les-passagers-dans-la-galere\/#primaryimage"},"image":{"@id":"https:\/\/www.public.sn\/index.php\/2022\/09\/11\/air-senegal-une-situation-inquietante-plonge-les-passagers-dans-la-galere\/#primaryimage"},"thumbnailUrl":"https:\/\/www.public.sn\/wp-content\/uploads\/2022\/09\/EF0CC606-7A76-4960-ACFF-55E9A4E91B9C.jpeg","datePublished":"2022-09-11T22:41:14+00:00","breadcrumb":{"@id":"https:\/\/www.public.sn\/index.php\/2022\/09\/11\/air-senegal-une-situation-inquietante-plonge-les-passagers-dans-la-galere\/#breadcrumb"},"inLanguage":"fr-FR","potentialAction":[{"@type":"ReadAction","target":["https:\/\/www.public.sn\/index.php\/2022\/09\/11\/air-senegal-une-situation-inquietante-plonge-les-passagers-dans-la-galere\/"]}]},{"@type":"ImageObject","inLanguage":"fr-FR","@id":"https:\/\/www.public.sn\/index.php\/2022\/09\/11\/air-senegal-une-situation-inquietante-plonge-les-passagers-dans-la-galere\/#primaryimage","url":"https:\/\/www.public.sn\/wp-content\/uploads\/2022\/09\/EF0CC606-7A76-4960-ACFF-55E9A4E91B9C.jpeg","contentUrl":"https:\/\/www.public.sn\/wp-content\/uploads\/2022\/09\/EF0CC606-7A76-4960-ACFF-55E9A4E91B9C.jpeg","width":640,"height":480},{"@type":"BreadcrumbList","@id":"https:\/\/www.public.sn\/index.php\/2022\/09\/11\/air-senegal-une-situation-inquietante-plonge-les-passagers-dans-la-galere\/#breadcrumb","itemListElement":[{"@type":"ListItem","position":1,"name":"Accueil","item":"https:\/\/www.public.sn\/"},{"@type":"ListItem","position":2,"name":"Air S\u00e9n\u00e9gal: Une situation inqui\u00e9tante plonge les passagers dans la gal\u00e8re."}]},{"@type":"WebSite","@id":"https:\/\/www.public.sn\/#website","url":"https:\/\/www.public.sn\/","name":"LE PUBLIC","description":"","publisher":{"@id":"https:\/\/www.public.sn\/#organization"},"potentialAction":[{"@type":"SearchAction","target":{"@type":"EntryPoint","urlTemplate":"https:\/\/www.public.sn\/?s={search_term_string}"},"query-input":{"@type":"PropertyValueSpecification","valueRequired":true,"valueName":"search_term_string"}}],"inLanguage":"fr-FR"},{"@type":"Organization","@id":"https:\/\/www.public.sn\/#organization","name":"LE PUBLIC","url":"https:\/\/www.public.sn\/","logo":{"@type":"ImageObject","inLanguage":"fr-FR","@id":"https:\/\/www.public.sn\/#\/schema\/logo\/image\/","url":"https:\/\/www.public.sn\/wp-content\/uploads\/2024\/05\/cropped-LOGO-PUBLIC.SN_.png","contentUrl":"https:\/\/www.public.sn\/wp-content\/uploads\/2024\/05\/cropped-LOGO-PUBLIC.SN_.png","width":682,"height":192,"caption":"LE PUBLIC"},"image":{"@id":"https:\/\/www.public.sn\/#\/schema\/logo\/image\/"}},{"@type":"Person","@id":"https:\/\/www.public.sn\/#\/schema\/person\/e3f4a11b037d4203902db148f9bc8d5a","name":"LA REDACTION","image":{"@type":"ImageObject","inLanguage":"fr-FR","@id":"https:\/\/www.public.sn\/#\/schema\/person\/image\/","url":"https:\/\/secure.gravatar.com\/avatar\/d6c030db45db2883c075085c5d6c6258654a801a93766b49af0b82d4f454e2a5?s=96&d=mm&r=g","contentUrl":"https:\/\/secure.gravatar.com\/avatar\/d6c030db45db2883c075085c5d6c6258654a801a93766b49af0b82d4f454e2a5?s=96&d=mm&r=g","caption":"LA REDACTION"},"sameAs":["http:\/\/www.public.sn"],"url":"https:\/\/www.public.sn\/index.php\/author\/admin7324\/"}]}},"jetpack_featured_media_url":"https:\/\/www.public.sn\/wp-content\/uploads\/2022\/09\/EF0CC606-7A76-4960-ACFF-55E9A4E91B9C.jpeg","jetpack_sharing_enabled":true,"_links":{"self":[{"href":"https:\/\/www.public.sn\/index.php\/wp-json\/wp\/v2\/posts\/1809","targetHints":{"allow":["GET"]}}],"collection":[{"href":"https:\/\/www.public.sn\/index.php\/wp-json\/wp\/v2\/posts"}],"about":[{"href":"https:\/\/www.public.sn\/index.php\/wp-json\/wp\/v2\/types\/post"}],"author":[{"embeddable":true,"href":"https:\/\/www.public.sn\/index.php\/wp-json\/wp\/v2\/users\/1"}],"replies":[{"embeddable":true,"href":"https:\/\/www.public.sn\/index.php\/wp-json\/wp\/v2\/comments?post=1809"}],"version-history":[{"count":1,"href":"https:\/\/www.public.sn\/index.php\/wp-json\/wp\/v2\/posts\/1809\/revisions"}],"predecessor-version":[{"id":1811,"href":"https:\/\/www.public.sn\/index.php\/wp-json\/wp\/v2\/posts\/1809\/revisions\/1811"}],"wp:featuredmedia":[{"embeddable":true,"href":"https:\/\/www.public.sn\/index.php\/wp-json\/wp\/v2\/media\/1810"}],"wp:attachment":[{"href":"https:\/\/www.public.sn\/index.php\/wp-json\/wp\/v2\/media?parent=1809"}],"wp:term":[{"taxonomy":"category","embeddable":true,"href":"https:\/\/www.public.sn\/index.php\/wp-json\/wp\/v2\/categories?post=1809"},{"taxonomy":"post_tag","embeddable":true,"href":"https:\/\/www.public.sn\/index.php\/wp-json\/wp\/v2\/tags?post=1809"}],"curies":[{"name":"wp","href":"https:\/\/api.w.org\/{rel}","templated":true}]}}