{"id":18128,"date":"2023-03-16T11:37:39","date_gmt":"2023-03-16T11:37:39","guid":{"rendered":"https:\/\/www.public.sn\/?p=18128"},"modified":"2023-03-18T13:11:04","modified_gmt":"2023-03-18T13:11:04","slug":"proces-mame-mbaye-niang-ousmane-sonko-est-reporte","status":"publish","type":"post","link":"https:\/\/www.public.sn\/index.php\/2023\/03\/16\/proces-mame-mbaye-niang-ousmane-sonko-est-reporte\/","title":{"rendered":"Proc\u00e8s Mame Mbaye Niang \u2013Ousmane Sonko est suspendu"},"content":{"rendered":"<p>Le proc\u00e8s opposant le leader du Pastef Ousmane Sonko et le ministre du tourisme \u00a0Mame Mbaye Niang est report\u00e9 jusqu&rsquo;\u00e0 nouvel ordre. \u00a0La tension politique est mont\u00e9e d\u2019un cran apr\u00e8s quelques \u00a0\u00e9chauffour\u00e9es entre les forces de l\u2019ordre et les militants du Pastef. Ce jeudi 16 mars 2023, les forces de d\u00e9fense et de s\u00e9curit\u00e9 ont barricad\u00e9 le passage d\u2019Ousmane Sonko qui devait s\u2019acheminer au tribunal de Dakar. A \u00a0noter que des accrochages \u00a0entre les militants du Pastef prennent une ampleur inqui\u00e9tante si l\u2019on voit les coups de gaz lacrymog\u00e8nes qui enfument les rues de Dakar.<\/p><div class=\"publi-paragraphe1\" style=\"margin-top: 10px;margin-bottom: 10px;margin-left: auto;margin-right: auto;text-align: center;\" id=\"publi-1322728970\"><div class=\"publi-adlabel\">Publicit\u00e9<\/div><script async src=\"\/\/pagead2.googlesyndication.com\/pagead\/js\/adsbygoogle.js?client=ca-pub-4089586018074219\" crossorigin=\"anonymous\"><\/script><ins class=\"adsbygoogle\" style=\"display:block;\" data-ad-client=\"ca-pub-4089586018074219\" \ndata-ad-slot=\"2087940154\" \ndata-ad-format=\"auto\"><\/ins>\n<script> \n(adsbygoogle = window.adsbygoogle || []).push({}); \n<\/script>\n<\/div>\n<div class=\"publi-apres-le-contenu\" style=\"margin-top: 10px;margin-bottom: 10px;margin-left: auto;margin-right: auto;text-align: center;\" id=\"publi-3335677449\"><div class=\"publi-adlabel\">Publicit\u00e9<\/div><script async src=\"\/\/pagead2.googlesyndication.com\/pagead\/js\/adsbygoogle.js?client=ca-pub-4089586018074219\" crossorigin=\"anonymous\"><\/script><ins class=\"adsbygoogle\" style=\"display:block;\" data-ad-client=\"ca-pub-4089586018074219\" \ndata-ad-slot=\"2087940154\" \ndata-ad-format=\"auto\"><\/ins>\n<script> \n(adsbygoogle = window.adsbygoogle || []).push({}); \n<\/script>\n<\/div>","protected":false},"excerpt":{"rendered":"<p>Le proc\u00e8s opposant le leader du Pastef Ousmane Sonko et le ministre du tourisme \u00a0Mame Mbaye Niang est report\u00e9 jusqu&rsquo;\u00e0 nouvel ordre. \u00a0La tension politique est mont\u00e9e d\u2019un cran apr\u00e8s quelques \u00a0\u00e9chauffour\u00e9es entre les forces de l\u2019ordre et les militants du Pastef. Ce jeudi 16 mars 2023, les forces de d\u00e9fense et de s\u00e9curit\u00e9 ont barricad\u00e9 le passage d\u2019Ousmane Sonko qui devait s\u2019acheminer au tribunal de Dakar. A \u00a0noter que des accrochages \u00a0entre les militants du Pastef prennent une ampleur inqui\u00e9tante si l\u2019on voit les coups de gaz lacrymog\u00e8nes qui enfument les rues de Dakar.<\/p>\n","protected":false},"author":7,"featured_media":18258,"comment_status":"open","ping_status":"open","sticky":false,"template":"","format":"standard","meta":{"_jetpack_memberships_contains_paid_content":false,"footnotes":""},"categories":[375,1],"tags":[],"class_list":["post-18128","post","type-post","status-publish","format-standard","has-post-thumbnail","hentry","category-actualites","category-non-classe","entry","has-media","owp-thumbs-layout-horizontal","owp-btn-normal","owp-tabs-layout-horizontal","has-no-thumbnails","has-product-nav"],"yoast_head":"<!-- This site is optimized with the Yoast SEO plugin v25.5 - https:\/\/yoast.com\/wordpress\/plugins\/seo\/ -->\n<title>Proc\u00e8s Mame Mbaye Niang \u2013Ousmane Sonko est suspendu - LE PUBLIC<\/title>\n<meta name=\"robots\" content=\"index, follow, max-snippet:-1, max-image-preview:large, max-video-preview:-1\" \/>\n<link rel=\"canonical\" href=\"https:\/\/www.public.sn\/index.php\/2023\/03\/16\/proces-mame-mbaye-niang-ousmane-sonko-est-reporte\/\" \/>\n<meta property=\"og:locale\" content=\"fr_FR\" \/>\n<meta property=\"og:type\" content=\"article\" \/>\n<meta property=\"og:title\" content=\"Proc\u00e8s Mame Mbaye Niang \u2013Ousmane Sonko est suspendu - LE PUBLIC\" \/>\n<meta property=\"og:description\" content=\"Le proc\u00e8s opposant le leader du Pastef Ousmane Sonko et le ministre du tourisme \u00a0Mame Mbaye Niang est report\u00e9 jusqu&rsquo;\u00e0 nouvel ordre. \u00a0La tension politique est mont\u00e9e d\u2019un cran apr\u00e8s quelques \u00a0\u00e9chauffour\u00e9es entre les forces de l\u2019ordre et les militants du Pastef. Ce jeudi 16 mars 2023, les forces de d\u00e9fense et de s\u00e9curit\u00e9 ont barricad\u00e9 le passage d\u2019Ousmane Sonko qui devait s\u2019acheminer au tribunal de Dakar. A \u00a0noter que des accrochages \u00a0entre les militants du Pastef prennent une ampleur inqui\u00e9tante si l\u2019on voit les coups de gaz lacrymog\u00e8nes qui enfument les rues de Dakar.\" \/>\n<meta property=\"og:url\" content=\"https:\/\/www.public.sn\/index.php\/2023\/03\/16\/proces-mame-mbaye-niang-ousmane-sonko-est-reporte\/\" \/>\n<meta property=\"og:site_name\" content=\"LE PUBLIC\" \/>\n<meta property=\"article:published_time\" content=\"2023-03-16T11:37:39+00:00\" \/>\n<meta property=\"article:modified_time\" content=\"2023-03-18T13:11:04+00:00\" \/>\n<meta property=\"og:image\" content=\"https:\/\/www.public.sn\/wp-content\/uploads\/2023\/03\/mame-mbaye-niang-vs-ousmane-sonko.jpg\" \/>\n\t<meta property=\"og:image:width\" content=\"660\" \/>\n\t<meta property=\"og:image:height\" content=\"330\" \/>\n\t<meta property=\"og:image:type\" content=\"image\/jpeg\" \/>\n<meta name=\"author\" content=\"LA REDACTION\" \/>\n<meta name=\"twitter:card\" content=\"summary_large_image\" \/>\n<meta name=\"twitter:label1\" content=\"\u00c9crit par\" \/>\n\t<meta name=\"twitter:data1\" content=\"LA REDACTION\" \/>\n\t<meta name=\"twitter:label2\" content=\"Dur\u00e9e de lecture estim\u00e9e\" \/>\n\t<meta name=\"twitter:data2\" content=\"1 minute\" \/>\n<script type=\"application\/ld+json\" class=\"yoast-schema-graph\">{\"@context\":\"https:\/\/schema.org\",\"@graph\":[{\"@type\":\"Article\",\"@id\":\"https:\/\/www.public.sn\/index.php\/2023\/03\/16\/proces-mame-mbaye-niang-ousmane-sonko-est-reporte\/#article\",\"isPartOf\":{\"@id\":\"https:\/\/www.public.sn\/index.php\/2023\/03\/16\/proces-mame-mbaye-niang-ousmane-sonko-est-reporte\/\"},\"author\":{\"name\":\"LA REDACTION\",\"@id\":\"https:\/\/www.public.sn\/#\/schema\/person\/cb76c8e1b8becc6be61fb5e92d6d0224\"},\"headline\":\"Proc\u00e8s Mame Mbaye Niang \u2013Ousmane Sonko est suspendu\",\"datePublished\":\"2023-03-16T11:37:39+00:00\",\"dateModified\":\"2023-03-18T13:11:04+00:00\",\"mainEntityOfPage\":{\"@id\":\"https:\/\/www.public.sn\/index.php\/2023\/03\/16\/proces-mame-mbaye-niang-ousmane-sonko-est-reporte\/\"},\"wordCount\":115,\"commentCount\":0,\"publisher\":{\"@id\":\"https:\/\/www.public.sn\/#organization\"},\"image\":{\"@id\":\"https:\/\/www.public.sn\/index.php\/2023\/03\/16\/proces-mame-mbaye-niang-ousmane-sonko-est-reporte\/#primaryimage\"},\"thumbnailUrl\":\"https:\/\/www.public.sn\/wp-content\/uploads\/2023\/03\/mame-mbaye-niang-vs-ousmane-sonko.jpg\",\"articleSection\":[\"ACTUALIT\u00c9S\",\"S\u00c9N\u00c9GAL\"],\"inLanguage\":\"fr-FR\",\"potentialAction\":[{\"@type\":\"CommentAction\",\"name\":\"Comment\",\"target\":[\"https:\/\/www.public.sn\/index.php\/2023\/03\/16\/proces-mame-mbaye-niang-ousmane-sonko-est-reporte\/#respond\"]}]},{\"@type\":\"WebPage\",\"@id\":\"https:\/\/www.public.sn\/index.php\/2023\/03\/16\/proces-mame-mbaye-niang-ousmane-sonko-est-reporte\/\",\"url\":\"https:\/\/www.public.sn\/index.php\/2023\/03\/16\/proces-mame-mbaye-niang-ousmane-sonko-est-reporte\/\",\"name\":\"Proc\u00e8s Mame Mbaye Niang \u2013Ousmane Sonko est suspendu - LE PUBLIC\",\"isPartOf\":{\"@id\":\"https:\/\/www.public.sn\/#website\"},\"primaryImageOfPage\":{\"@id\":\"https:\/\/www.public.sn\/index.php\/2023\/03\/16\/proces-mame-mbaye-niang-ousmane-sonko-est-reporte\/#primaryimage\"},\"image\":{\"@id\":\"https:\/\/www.public.sn\/index.php\/2023\/03\/16\/proces-mame-mbaye-niang-ousmane-sonko-est-reporte\/#primaryimage\"},\"thumbnailUrl\":\"https:\/\/www.public.sn\/wp-content\/uploads\/2023\/03\/mame-mbaye-niang-vs-ousmane-sonko.jpg\",\"datePublished\":\"2023-03-16T11:37:39+00:00\",\"dateModified\":\"2023-03-18T13:11:04+00:00\",\"breadcrumb\":{\"@id\":\"https:\/\/www.public.sn\/index.php\/2023\/03\/16\/proces-mame-mbaye-niang-ousmane-sonko-est-reporte\/#breadcrumb\"},\"inLanguage\":\"fr-FR\",\"potentialAction\":[{\"@type\":\"ReadAction\",\"target\":[\"https:\/\/www.public.sn\/index.php\/2023\/03\/16\/proces-mame-mbaye-niang-ousmane-sonko-est-reporte\/\"]}]},{\"@type\":\"ImageObject\",\"inLanguage\":\"fr-FR\",\"@id\":\"https:\/\/www.public.sn\/index.php\/2023\/03\/16\/proces-mame-mbaye-niang-ousmane-sonko-est-reporte\/#primaryimage\",\"url\":\"https:\/\/www.public.sn\/wp-content\/uploads\/2023\/03\/mame-mbaye-niang-vs-ousmane-sonko.jpg\",\"contentUrl\":\"https:\/\/www.public.sn\/wp-content\/uploads\/2023\/03\/mame-mbaye-niang-vs-ousmane-sonko.jpg\",\"width\":660,\"height\":330},{\"@type\":\"BreadcrumbList\",\"@id\":\"https:\/\/www.public.sn\/index.php\/2023\/03\/16\/proces-mame-mbaye-niang-ousmane-sonko-est-reporte\/#breadcrumb\",\"itemListElement\":[{\"@type\":\"ListItem\",\"position\":1,\"name\":\"Accueil\",\"item\":\"https:\/\/www.public.sn\/\"},{\"@type\":\"ListItem\",\"position\":2,\"name\":\"Proc\u00e8s Mame Mbaye Niang \u2013Ousmane Sonko est suspendu\"}]},{\"@type\":\"WebSite\",\"@id\":\"https:\/\/www.public.sn\/#website\",\"url\":\"https:\/\/www.public.sn\/\",\"name\":\"LE PUBLIC\",\"description\":\"\",\"publisher\":{\"@id\":\"https:\/\/www.public.sn\/#organization\"},\"potentialAction\":[{\"@type\":\"SearchAction\",\"target\":{\"@type\":\"EntryPoint\",\"urlTemplate\":\"https:\/\/www.public.sn\/?s={search_term_string}\"},\"query-input\":{\"@type\":\"PropertyValueSpecification\",\"valueRequired\":true,\"valueName\":\"search_term_string\"}}],\"inLanguage\":\"fr-FR\"},{\"@type\":\"Organization\",\"@id\":\"https:\/\/www.public.sn\/#organization\",\"name\":\"LE PUBLIC\",\"url\":\"https:\/\/www.public.sn\/\",\"logo\":{\"@type\":\"ImageObject\",\"inLanguage\":\"fr-FR\",\"@id\":\"https:\/\/www.public.sn\/#\/schema\/logo\/image\/\",\"url\":\"https:\/\/www.public.sn\/wp-content\/uploads\/2024\/05\/cropped-LOGO-PUBLIC.SN_.png\",\"contentUrl\":\"https:\/\/www.public.sn\/wp-content\/uploads\/2024\/05\/cropped-LOGO-PUBLIC.SN_.png\",\"width\":682,\"height\":192,\"caption\":\"LE PUBLIC\"},\"image\":{\"@id\":\"https:\/\/www.public.sn\/#\/schema\/logo\/image\/\"}},{\"@type\":\"Person\",\"@id\":\"https:\/\/www.public.sn\/#\/schema\/person\/cb76c8e1b8becc6be61fb5e92d6d0224\",\"name\":\"LA REDACTION\",\"image\":{\"@type\":\"ImageObject\",\"inLanguage\":\"fr-FR\",\"@id\":\"https:\/\/www.public.sn\/#\/schema\/person\/image\/\",\"url\":\"https:\/\/secure.gravatar.com\/avatar\/2dce5ddd34b8fef0180efe03aa2a9bee7d953856048f9a16b298190a3178407c?s=96&d=mm&r=g\",\"contentUrl\":\"https:\/\/secure.gravatar.com\/avatar\/2dce5ddd34b8fef0180efe03aa2a9bee7d953856048f9a16b298190a3178407c?s=96&d=mm&r=g\",\"caption\":\"LA REDACTION\"},\"url\":\"https:\/\/www.public.sn\/index.php\/author\/editeurpsn\/\"}]}<\/script>\n<!-- \/ Yoast SEO plugin. -->","yoast_head_json":{"title":"Proc\u00e8s Mame Mbaye Niang \u2013Ousmane Sonko est suspendu - LE PUBLIC","robots":{"index":"index","follow":"follow","max-snippet":"max-snippet:-1","max-image-preview":"max-image-preview:large","max-video-preview":"max-video-preview:-1"},"canonical":"https:\/\/www.public.sn\/index.php\/2023\/03\/16\/proces-mame-mbaye-niang-ousmane-sonko-est-reporte\/","og_locale":"fr_FR","og_type":"article","og_title":"Proc\u00e8s Mame Mbaye Niang \u2013Ousmane Sonko est suspendu - LE PUBLIC","og_description":"Le proc\u00e8s opposant le leader du Pastef Ousmane Sonko et le ministre du tourisme \u00a0Mame Mbaye Niang est report\u00e9 jusqu&rsquo;\u00e0 nouvel ordre. \u00a0La tension politique est mont\u00e9e d\u2019un cran apr\u00e8s quelques \u00a0\u00e9chauffour\u00e9es entre les forces de l\u2019ordre et les militants du Pastef. Ce jeudi 16 mars 2023, les forces de d\u00e9fense et de s\u00e9curit\u00e9 ont barricad\u00e9 le passage d\u2019Ousmane Sonko qui devait s\u2019acheminer au tribunal de Dakar. A \u00a0noter que des accrochages \u00a0entre les militants du Pastef prennent une ampleur inqui\u00e9tante si l\u2019on voit les coups de gaz lacrymog\u00e8nes qui enfument les rues de Dakar.","og_url":"https:\/\/www.public.sn\/index.php\/2023\/03\/16\/proces-mame-mbaye-niang-ousmane-sonko-est-reporte\/","og_site_name":"LE PUBLIC","article_published_time":"2023-03-16T11:37:39+00:00","article_modified_time":"2023-03-18T13:11:04+00:00","og_image":[{"width":660,"height":330,"url":"https:\/\/www.public.sn\/wp-content\/uploads\/2023\/03\/mame-mbaye-niang-vs-ousmane-sonko.jpg","type":"image\/jpeg"}],"author":"LA REDACTION","twitter_card":"summary_large_image","twitter_misc":{"\u00c9crit par":"LA REDACTION","Dur\u00e9e de lecture estim\u00e9e":"1 minute"},"schema":{"@context":"https:\/\/schema.org","@graph":[{"@type":"Article","@id":"https:\/\/www.public.sn\/index.php\/2023\/03\/16\/proces-mame-mbaye-niang-ousmane-sonko-est-reporte\/#article","isPartOf":{"@id":"https:\/\/www.public.sn\/index.php\/2023\/03\/16\/proces-mame-mbaye-niang-ousmane-sonko-est-reporte\/"},"author":{"name":"LA REDACTION","@id":"https:\/\/www.public.sn\/#\/schema\/person\/cb76c8e1b8becc6be61fb5e92d6d0224"},"headline":"Proc\u00e8s Mame Mbaye Niang \u2013Ousmane Sonko est suspendu","datePublished":"2023-03-16T11:37:39+00:00","dateModified":"2023-03-18T13:11:04+00:00","mainEntityOfPage":{"@id":"https:\/\/www.public.sn\/index.php\/2023\/03\/16\/proces-mame-mbaye-niang-ousmane-sonko-est-reporte\/"},"wordCount":115,"commentCount":0,"publisher":{"@id":"https:\/\/www.public.sn\/#organization"},"image":{"@id":"https:\/\/www.public.sn\/index.php\/2023\/03\/16\/proces-mame-mbaye-niang-ousmane-sonko-est-reporte\/#primaryimage"},"thumbnailUrl":"https:\/\/www.public.sn\/wp-content\/uploads\/2023\/03\/mame-mbaye-niang-vs-ousmane-sonko.jpg","articleSection":["ACTUALIT\u00c9S","S\u00c9N\u00c9GAL"],"inLanguage":"fr-FR","potentialAction":[{"@type":"CommentAction","name":"Comment","target":["https:\/\/www.public.sn\/index.php\/2023\/03\/16\/proces-mame-mbaye-niang-ousmane-sonko-est-reporte\/#respond"]}]},{"@type":"WebPage","@id":"https:\/\/www.public.sn\/index.php\/2023\/03\/16\/proces-mame-mbaye-niang-ousmane-sonko-est-reporte\/","url":"https:\/\/www.public.sn\/index.php\/2023\/03\/16\/proces-mame-mbaye-niang-ousmane-sonko-est-reporte\/","name":"Proc\u00e8s Mame Mbaye Niang \u2013Ousmane Sonko est suspendu - LE PUBLIC","isPartOf":{"@id":"https:\/\/www.public.sn\/#website"},"primaryImageOfPage":{"@id":"https:\/\/www.public.sn\/index.php\/2023\/03\/16\/proces-mame-mbaye-niang-ousmane-sonko-est-reporte\/#primaryimage"},"image":{"@id":"https:\/\/www.public.sn\/index.php\/2023\/03\/16\/proces-mame-mbaye-niang-ousmane-sonko-est-reporte\/#primaryimage"},"thumbnailUrl":"https:\/\/www.public.sn\/wp-content\/uploads\/2023\/03\/mame-mbaye-niang-vs-ousmane-sonko.jpg","datePublished":"2023-03-16T11:37:39+00:00","dateModified":"2023-03-18T13:11:04+00:00","breadcrumb":{"@id":"https:\/\/www.public.sn\/index.php\/2023\/03\/16\/proces-mame-mbaye-niang-ousmane-sonko-est-reporte\/#breadcrumb"},"inLanguage":"fr-FR","potentialAction":[{"@type":"ReadAction","target":["https:\/\/www.public.sn\/index.php\/2023\/03\/16\/proces-mame-mbaye-niang-ousmane-sonko-est-reporte\/"]}]},{"@type":"ImageObject","inLanguage":"fr-FR","@id":"https:\/\/www.public.sn\/index.php\/2023\/03\/16\/proces-mame-mbaye-niang-ousmane-sonko-est-reporte\/#primaryimage","url":"https:\/\/www.public.sn\/wp-content\/uploads\/2023\/03\/mame-mbaye-niang-vs-ousmane-sonko.jpg","contentUrl":"https:\/\/www.public.sn\/wp-content\/uploads\/2023\/03\/mame-mbaye-niang-vs-ousmane-sonko.jpg","width":660,"height":330},{"@type":"BreadcrumbList","@id":"https:\/\/www.public.sn\/index.php\/2023\/03\/16\/proces-mame-mbaye-niang-ousmane-sonko-est-reporte\/#breadcrumb","itemListElement":[{"@type":"ListItem","position":1,"name":"Accueil","item":"https:\/\/www.public.sn\/"},{"@type":"ListItem","position":2,"name":"Proc\u00e8s Mame Mbaye Niang \u2013Ousmane Sonko est suspendu"}]},{"@type":"WebSite","@id":"https:\/\/www.public.sn\/#website","url":"https:\/\/www.public.sn\/","name":"LE PUBLIC","description":"","publisher":{"@id":"https:\/\/www.public.sn\/#organization"},"potentialAction":[{"@type":"SearchAction","target":{"@type":"EntryPoint","urlTemplate":"https:\/\/www.public.sn\/?s={search_term_string}"},"query-input":{"@type":"PropertyValueSpecification","valueRequired":true,"valueName":"search_term_string"}}],"inLanguage":"fr-FR"},{"@type":"Organization","@id":"https:\/\/www.public.sn\/#organization","name":"LE PUBLIC","url":"https:\/\/www.public.sn\/","logo":{"@type":"ImageObject","inLanguage":"fr-FR","@id":"https:\/\/www.public.sn\/#\/schema\/logo\/image\/","url":"https:\/\/www.public.sn\/wp-content\/uploads\/2024\/05\/cropped-LOGO-PUBLIC.SN_.png","contentUrl":"https:\/\/www.public.sn\/wp-content\/uploads\/2024\/05\/cropped-LOGO-PUBLIC.SN_.png","width":682,"height":192,"caption":"LE PUBLIC"},"image":{"@id":"https:\/\/www.public.sn\/#\/schema\/logo\/image\/"}},{"@type":"Person","@id":"https:\/\/www.public.sn\/#\/schema\/person\/cb76c8e1b8becc6be61fb5e92d6d0224","name":"LA REDACTION","image":{"@type":"ImageObject","inLanguage":"fr-FR","@id":"https:\/\/www.public.sn\/#\/schema\/person\/image\/","url":"https:\/\/secure.gravatar.com\/avatar\/2dce5ddd34b8fef0180efe03aa2a9bee7d953856048f9a16b298190a3178407c?s=96&d=mm&r=g","contentUrl":"https:\/\/secure.gravatar.com\/avatar\/2dce5ddd34b8fef0180efe03aa2a9bee7d953856048f9a16b298190a3178407c?s=96&d=mm&r=g","caption":"LA REDACTION"},"url":"https:\/\/www.public.sn\/index.php\/author\/editeurpsn\/"}]}},"jetpack_featured_media_url":"https:\/\/www.public.sn\/wp-content\/uploads\/2023\/03\/mame-mbaye-niang-vs-ousmane-sonko.jpg","jetpack_sharing_enabled":true,"_links":{"self":[{"href":"https:\/\/www.public.sn\/index.php\/wp-json\/wp\/v2\/posts\/18128","targetHints":{"allow":["GET"]}}],"collection":[{"href":"https:\/\/www.public.sn\/index.php\/wp-json\/wp\/v2\/posts"}],"about":[{"href":"https:\/\/www.public.sn\/index.php\/wp-json\/wp\/v2\/types\/post"}],"author":[{"embeddable":true,"href":"https:\/\/www.public.sn\/index.php\/wp-json\/wp\/v2\/users\/7"}],"replies":[{"embeddable":true,"href":"https:\/\/www.public.sn\/index.php\/wp-json\/wp\/v2\/comments?post=18128"}],"version-history":[{"count":5,"href":"https:\/\/www.public.sn\/index.php\/wp-json\/wp\/v2\/posts\/18128\/revisions"}],"predecessor-version":[{"id":18259,"href":"https:\/\/www.public.sn\/index.php\/wp-json\/wp\/v2\/posts\/18128\/revisions\/18259"}],"wp:featuredmedia":[{"embeddable":true,"href":"https:\/\/www.public.sn\/index.php\/wp-json\/wp\/v2\/media\/18258"}],"wp:attachment":[{"href":"https:\/\/www.public.sn\/index.php\/wp-json\/wp\/v2\/media?parent=18128"}],"wp:term":[{"taxonomy":"category","embeddable":true,"href":"https:\/\/www.public.sn\/index.php\/wp-json\/wp\/v2\/categories?post=18128"},{"taxonomy":"post_tag","embeddable":true,"href":"https:\/\/www.public.sn\/index.php\/wp-json\/wp\/v2\/tags?post=18128"}],"curies":[{"name":"wp","href":"https:\/\/api.w.org\/{rel}","templated":true}]}}