{"id":18146,"date":"2023-03-16T15:10:16","date_gmt":"2023-03-16T15:10:16","guid":{"rendered":"https:\/\/www.public.sn\/?p=18146"},"modified":"2023-03-18T12:55:18","modified_gmt":"2023-03-18T12:55:18","slug":"urgent-le-proces-sonko-niang-renvoye-au-30-mars-en-audience-speciale","status":"publish","type":"post","link":"https:\/\/www.public.sn\/index.php\/2023\/03\/16\/urgent-le-proces-sonko-niang-renvoye-au-30-mars-en-audience-speciale\/","title":{"rendered":"Urgent : le proc\u00e8s Sonko &#8211; Niang renvoy\u00e9 au 30 mars en audience sp\u00e9ciale"},"content":{"rendered":"<p><strong>La nouvelle vient de tomber. Apr\u00e8s deux renvois, le proc\u00e8s du Programme des domaines Agricoles Communautaire (Prodac), une affaire de diffamation opposant Mame Mbaye Niang \u00e0 Ousmane Sonko, est de nouveau renvoy\u00e9 au 30 mars en audience sp\u00e9ciale, au tribunal correctionnel de Dakar.<\/strong><\/p><div class=\"publi-paragraphe1\" style=\"margin-top: 10px;margin-bottom: 10px;margin-left: auto;margin-right: auto;text-align: center;\" id=\"publi-3272793217\"><div class=\"publi-adlabel\">Publicit\u00e9<\/div><script async src=\"\/\/pagead2.googlesyndication.com\/pagead\/js\/adsbygoogle.js?client=ca-pub-4089586018074219\" crossorigin=\"anonymous\"><\/script><ins class=\"adsbygoogle\" style=\"display:block;\" data-ad-client=\"ca-pub-4089586018074219\" \ndata-ad-slot=\"2087940154\" \ndata-ad-format=\"auto\"><\/ins>\n<script> \n(adsbygoogle = window.adsbygoogle || []).push({}); \n<\/script>\n<\/div>\n<p>&nbsp;<\/p>\n<div class=\"publi-apres-le-contenu\" style=\"margin-top: 10px;margin-bottom: 10px;margin-left: auto;margin-right: auto;text-align: center;\" id=\"publi-1336052033\"><div class=\"publi-adlabel\">Publicit\u00e9<\/div><script async src=\"\/\/pagead2.googlesyndication.com\/pagead\/js\/adsbygoogle.js?client=ca-pub-4089586018074219\" crossorigin=\"anonymous\"><\/script><ins class=\"adsbygoogle\" style=\"display:block;\" data-ad-client=\"ca-pub-4089586018074219\" \ndata-ad-slot=\"2087940154\" \ndata-ad-format=\"auto\"><\/ins>\n<script> \n(adsbygoogle = window.adsbygoogle || []).push({}); \n<\/script>\n<\/div>","protected":false},"excerpt":{"rendered":"<p>La nouvelle vient de tomber. Apr\u00e8s deux renvois, le proc\u00e8s du Programme des domaines Agricoles Communautaire (Prodac), une affaire de diffamation opposant Mame Mbaye Niang \u00e0 Ousmane Sonko, est de nouveau renvoy\u00e9 au 30 mars en audience sp\u00e9ciale, au tribunal correctionnel de Dakar. &nbsp;<\/p>\n","protected":false},"author":1,"featured_media":18215,"comment_status":"open","ping_status":"open","sticky":false,"template":"","format":"standard","meta":{"_jetpack_memberships_contains_paid_content":false,"footnotes":""},"categories":[375,3,376,1,372],"tags":[293,611,306],"class_list":["post-18146","post","type-post","status-publish","format-standard","has-post-thumbnail","hentry","category-actualites","category-politique","category-securite-justice","category-non-classe","category-vedette","tag-mame-mbaye-niang","tag-proces","tag-sonko","entry","has-media","owp-thumbs-layout-horizontal","owp-btn-normal","owp-tabs-layout-horizontal","has-no-thumbnails","has-product-nav"],"yoast_head":"<!-- This site is optimized with the Yoast SEO plugin v25.5 - https:\/\/yoast.com\/wordpress\/plugins\/seo\/ -->\n<title>Urgent : le proc\u00e8s Sonko - Niang renvoy\u00e9 au 30 mars en audience sp\u00e9ciale - LE PUBLIC<\/title>\n<meta name=\"description\" content=\"La nouvelle vient de tomber. Apr\u00e8s deux renvois, le proc\u00e8s du Programme des domaines Agricoles Communautaire (Prodac), une affaire de diffamation opposant Mame Mbaye Niang \u00e0 Ousmane Sonko, est de nouveau renvoy\u00e9 au 30 mars en audience sp\u00e9ciale, au tribunal correctionnel de Dakar.\" \/>\n<meta name=\"robots\" content=\"index, follow, max-snippet:-1, max-image-preview:large, max-video-preview:-1\" \/>\n<link rel=\"canonical\" href=\"https:\/\/www.public.sn\/index.php\/2023\/03\/16\/urgent-le-proces-sonko-niang-renvoye-au-30-mars-en-audience-speciale\/\" \/>\n<meta property=\"og:locale\" content=\"fr_FR\" \/>\n<meta property=\"og:type\" content=\"article\" \/>\n<meta property=\"og:title\" content=\"Urgent : le proc\u00e8s Sonko - Niang renvoy\u00e9 au 30 mars en audience sp\u00e9ciale - LE PUBLIC\" \/>\n<meta property=\"og:description\" content=\"La nouvelle vient de tomber. Apr\u00e8s deux renvois, le proc\u00e8s du Programme des domaines Agricoles Communautaire (Prodac), une affaire de diffamation opposant Mame Mbaye Niang \u00e0 Ousmane Sonko, est de nouveau renvoy\u00e9 au 30 mars en audience sp\u00e9ciale, au tribunal correctionnel de Dakar.\" \/>\n<meta property=\"og:url\" content=\"https:\/\/www.public.sn\/index.php\/2023\/03\/16\/urgent-le-proces-sonko-niang-renvoye-au-30-mars-en-audience-speciale\/\" \/>\n<meta property=\"og:site_name\" content=\"LE PUBLIC\" \/>\n<meta property=\"article:published_time\" content=\"2023-03-16T15:10:16+00:00\" \/>\n<meta property=\"article:modified_time\" content=\"2023-03-18T12:55:18+00:00\" \/>\n<meta property=\"og:image\" content=\"https:\/\/www.public.sn\/wp-content\/uploads\/2023\/03\/SOnko-Mame-Mbaye-1200x675-2.webp\" \/>\n\t<meta property=\"og:image:width\" content=\"1200\" \/>\n\t<meta property=\"og:image:height\" content=\"675\" \/>\n\t<meta property=\"og:image:type\" content=\"image\/webp\" \/>\n<meta name=\"author\" content=\"LA REDACTION\" \/>\n<meta name=\"twitter:card\" content=\"summary_large_image\" \/>\n<meta name=\"twitter:label1\" content=\"\u00c9crit par\" \/>\n\t<meta name=\"twitter:data1\" content=\"LA REDACTION\" \/>\n\t<meta name=\"twitter:label2\" content=\"Dur\u00e9e de lecture estim\u00e9e\" \/>\n\t<meta name=\"twitter:data2\" content=\"1 minute\" \/>\n<script type=\"application\/ld+json\" class=\"yoast-schema-graph\">{\"@context\":\"https:\/\/schema.org\",\"@graph\":[{\"@type\":\"Article\",\"@id\":\"https:\/\/www.public.sn\/index.php\/2023\/03\/16\/urgent-le-proces-sonko-niang-renvoye-au-30-mars-en-audience-speciale\/#article\",\"isPartOf\":{\"@id\":\"https:\/\/www.public.sn\/index.php\/2023\/03\/16\/urgent-le-proces-sonko-niang-renvoye-au-30-mars-en-audience-speciale\/\"},\"author\":{\"name\":\"LA REDACTION\",\"@id\":\"https:\/\/www.public.sn\/#\/schema\/person\/e3f4a11b037d4203902db148f9bc8d5a\"},\"headline\":\"Urgent : le proc\u00e8s Sonko &#8211; Niang renvoy\u00e9 au 30 mars en audience sp\u00e9ciale\",\"datePublished\":\"2023-03-16T15:10:16+00:00\",\"dateModified\":\"2023-03-18T12:55:18+00:00\",\"mainEntityOfPage\":{\"@id\":\"https:\/\/www.public.sn\/index.php\/2023\/03\/16\/urgent-le-proces-sonko-niang-renvoye-au-30-mars-en-audience-speciale\/\"},\"wordCount\":59,\"commentCount\":0,\"publisher\":{\"@id\":\"https:\/\/www.public.sn\/#organization\"},\"image\":{\"@id\":\"https:\/\/www.public.sn\/index.php\/2023\/03\/16\/urgent-le-proces-sonko-niang-renvoye-au-30-mars-en-audience-speciale\/#primaryimage\"},\"thumbnailUrl\":\"https:\/\/www.public.sn\/wp-content\/uploads\/2023\/03\/SOnko-Mame-Mbaye-1200x675-2.webp\",\"keywords\":[\"Mame Mbaye Niang\",\"Proc\u00e8s\",\"sonko\"],\"articleSection\":[\"ACTUALIT\u00c9S\",\"POLITIQUE\",\"S\u00c9CURIT\u00c9 &amp; JUSTICE\",\"S\u00c9N\u00c9GAL\",\"VEDETTE\"],\"inLanguage\":\"fr-FR\",\"potentialAction\":[{\"@type\":\"CommentAction\",\"name\":\"Comment\",\"target\":[\"https:\/\/www.public.sn\/index.php\/2023\/03\/16\/urgent-le-proces-sonko-niang-renvoye-au-30-mars-en-audience-speciale\/#respond\"]}]},{\"@type\":\"WebPage\",\"@id\":\"https:\/\/www.public.sn\/index.php\/2023\/03\/16\/urgent-le-proces-sonko-niang-renvoye-au-30-mars-en-audience-speciale\/\",\"url\":\"https:\/\/www.public.sn\/index.php\/2023\/03\/16\/urgent-le-proces-sonko-niang-renvoye-au-30-mars-en-audience-speciale\/\",\"name\":\"Urgent : le proc\u00e8s Sonko - Niang renvoy\u00e9 au 30 mars en audience sp\u00e9ciale - LE PUBLIC\",\"isPartOf\":{\"@id\":\"https:\/\/www.public.sn\/#website\"},\"primaryImageOfPage\":{\"@id\":\"https:\/\/www.public.sn\/index.php\/2023\/03\/16\/urgent-le-proces-sonko-niang-renvoye-au-30-mars-en-audience-speciale\/#primaryimage\"},\"image\":{\"@id\":\"https:\/\/www.public.sn\/index.php\/2023\/03\/16\/urgent-le-proces-sonko-niang-renvoye-au-30-mars-en-audience-speciale\/#primaryimage\"},\"thumbnailUrl\":\"https:\/\/www.public.sn\/wp-content\/uploads\/2023\/03\/SOnko-Mame-Mbaye-1200x675-2.webp\",\"datePublished\":\"2023-03-16T15:10:16+00:00\",\"dateModified\":\"2023-03-18T12:55:18+00:00\",\"description\":\"La nouvelle vient de tomber. Apr\u00e8s deux renvois, le proc\u00e8s du Programme des domaines Agricoles Communautaire (Prodac), une affaire de diffamation opposant Mame Mbaye Niang \u00e0 Ousmane Sonko, est de nouveau renvoy\u00e9 au 30 mars en audience sp\u00e9ciale, au tribunal correctionnel de Dakar.\",\"breadcrumb\":{\"@id\":\"https:\/\/www.public.sn\/index.php\/2023\/03\/16\/urgent-le-proces-sonko-niang-renvoye-au-30-mars-en-audience-speciale\/#breadcrumb\"},\"inLanguage\":\"fr-FR\",\"potentialAction\":[{\"@type\":\"ReadAction\",\"target\":[\"https:\/\/www.public.sn\/index.php\/2023\/03\/16\/urgent-le-proces-sonko-niang-renvoye-au-30-mars-en-audience-speciale\/\"]}]},{\"@type\":\"ImageObject\",\"inLanguage\":\"fr-FR\",\"@id\":\"https:\/\/www.public.sn\/index.php\/2023\/03\/16\/urgent-le-proces-sonko-niang-renvoye-au-30-mars-en-audience-speciale\/#primaryimage\",\"url\":\"https:\/\/www.public.sn\/wp-content\/uploads\/2023\/03\/SOnko-Mame-Mbaye-1200x675-2.webp\",\"contentUrl\":\"https:\/\/www.public.sn\/wp-content\/uploads\/2023\/03\/SOnko-Mame-Mbaye-1200x675-2.webp\",\"width\":1200,\"height\":675},{\"@type\":\"BreadcrumbList\",\"@id\":\"https:\/\/www.public.sn\/index.php\/2023\/03\/16\/urgent-le-proces-sonko-niang-renvoye-au-30-mars-en-audience-speciale\/#breadcrumb\",\"itemListElement\":[{\"@type\":\"ListItem\",\"position\":1,\"name\":\"Accueil\",\"item\":\"https:\/\/www.public.sn\/\"},{\"@type\":\"ListItem\",\"position\":2,\"name\":\"Urgent : le proc\u00e8s Sonko &#8211; Niang renvoy\u00e9 au 30 mars en audience sp\u00e9ciale\"}]},{\"@type\":\"WebSite\",\"@id\":\"https:\/\/www.public.sn\/#website\",\"url\":\"https:\/\/www.public.sn\/\",\"name\":\"LE PUBLIC\",\"description\":\"\",\"publisher\":{\"@id\":\"https:\/\/www.public.sn\/#organization\"},\"potentialAction\":[{\"@type\":\"SearchAction\",\"target\":{\"@type\":\"EntryPoint\",\"urlTemplate\":\"https:\/\/www.public.sn\/?s={search_term_string}\"},\"query-input\":{\"@type\":\"PropertyValueSpecification\",\"valueRequired\":true,\"valueName\":\"search_term_string\"}}],\"inLanguage\":\"fr-FR\"},{\"@type\":\"Organization\",\"@id\":\"https:\/\/www.public.sn\/#organization\",\"name\":\"LE PUBLIC\",\"url\":\"https:\/\/www.public.sn\/\",\"logo\":{\"@type\":\"ImageObject\",\"inLanguage\":\"fr-FR\",\"@id\":\"https:\/\/www.public.sn\/#\/schema\/logo\/image\/\",\"url\":\"https:\/\/www.public.sn\/wp-content\/uploads\/2024\/05\/cropped-LOGO-PUBLIC.SN_.png\",\"contentUrl\":\"https:\/\/www.public.sn\/wp-content\/uploads\/2024\/05\/cropped-LOGO-PUBLIC.SN_.png\",\"width\":682,\"height\":192,\"caption\":\"LE PUBLIC\"},\"image\":{\"@id\":\"https:\/\/www.public.sn\/#\/schema\/logo\/image\/\"}},{\"@type\":\"Person\",\"@id\":\"https:\/\/www.public.sn\/#\/schema\/person\/e3f4a11b037d4203902db148f9bc8d5a\",\"name\":\"LA REDACTION\",\"image\":{\"@type\":\"ImageObject\",\"inLanguage\":\"fr-FR\",\"@id\":\"https:\/\/www.public.sn\/#\/schema\/person\/image\/\",\"url\":\"https:\/\/secure.gravatar.com\/avatar\/d6c030db45db2883c075085c5d6c6258654a801a93766b49af0b82d4f454e2a5?s=96&d=mm&r=g\",\"contentUrl\":\"https:\/\/secure.gravatar.com\/avatar\/d6c030db45db2883c075085c5d6c6258654a801a93766b49af0b82d4f454e2a5?s=96&d=mm&r=g\",\"caption\":\"LA REDACTION\"},\"sameAs\":[\"http:\/\/www.public.sn\"],\"url\":\"https:\/\/www.public.sn\/index.php\/author\/admin7324\/\"}]}<\/script>\n<!-- \/ Yoast SEO plugin. -->","yoast_head_json":{"title":"Urgent : le proc\u00e8s Sonko - Niang renvoy\u00e9 au 30 mars en audience sp\u00e9ciale - LE PUBLIC","description":"La nouvelle vient de tomber. Apr\u00e8s deux renvois, le proc\u00e8s du Programme des domaines Agricoles Communautaire (Prodac), une affaire de diffamation opposant Mame Mbaye Niang \u00e0 Ousmane Sonko, est de nouveau renvoy\u00e9 au 30 mars en audience sp\u00e9ciale, au tribunal correctionnel de Dakar.","robots":{"index":"index","follow":"follow","max-snippet":"max-snippet:-1","max-image-preview":"max-image-preview:large","max-video-preview":"max-video-preview:-1"},"canonical":"https:\/\/www.public.sn\/index.php\/2023\/03\/16\/urgent-le-proces-sonko-niang-renvoye-au-30-mars-en-audience-speciale\/","og_locale":"fr_FR","og_type":"article","og_title":"Urgent : le proc\u00e8s Sonko - Niang renvoy\u00e9 au 30 mars en audience sp\u00e9ciale - LE PUBLIC","og_description":"La nouvelle vient de tomber. Apr\u00e8s deux renvois, le proc\u00e8s du Programme des domaines Agricoles Communautaire (Prodac), une affaire de diffamation opposant Mame Mbaye Niang \u00e0 Ousmane Sonko, est de nouveau renvoy\u00e9 au 30 mars en audience sp\u00e9ciale, au tribunal correctionnel de Dakar.","og_url":"https:\/\/www.public.sn\/index.php\/2023\/03\/16\/urgent-le-proces-sonko-niang-renvoye-au-30-mars-en-audience-speciale\/","og_site_name":"LE PUBLIC","article_published_time":"2023-03-16T15:10:16+00:00","article_modified_time":"2023-03-18T12:55:18+00:00","og_image":[{"width":1200,"height":675,"url":"https:\/\/www.public.sn\/wp-content\/uploads\/2023\/03\/SOnko-Mame-Mbaye-1200x675-2.webp","type":"image\/webp"}],"author":"LA REDACTION","twitter_card":"summary_large_image","twitter_misc":{"\u00c9crit par":"LA REDACTION","Dur\u00e9e de lecture estim\u00e9e":"1 minute"},"schema":{"@context":"https:\/\/schema.org","@graph":[{"@type":"Article","@id":"https:\/\/www.public.sn\/index.php\/2023\/03\/16\/urgent-le-proces-sonko-niang-renvoye-au-30-mars-en-audience-speciale\/#article","isPartOf":{"@id":"https:\/\/www.public.sn\/index.php\/2023\/03\/16\/urgent-le-proces-sonko-niang-renvoye-au-30-mars-en-audience-speciale\/"},"author":{"name":"LA REDACTION","@id":"https:\/\/www.public.sn\/#\/schema\/person\/e3f4a11b037d4203902db148f9bc8d5a"},"headline":"Urgent : le proc\u00e8s Sonko &#8211; Niang renvoy\u00e9 au 30 mars en audience sp\u00e9ciale","datePublished":"2023-03-16T15:10:16+00:00","dateModified":"2023-03-18T12:55:18+00:00","mainEntityOfPage":{"@id":"https:\/\/www.public.sn\/index.php\/2023\/03\/16\/urgent-le-proces-sonko-niang-renvoye-au-30-mars-en-audience-speciale\/"},"wordCount":59,"commentCount":0,"publisher":{"@id":"https:\/\/www.public.sn\/#organization"},"image":{"@id":"https:\/\/www.public.sn\/index.php\/2023\/03\/16\/urgent-le-proces-sonko-niang-renvoye-au-30-mars-en-audience-speciale\/#primaryimage"},"thumbnailUrl":"https:\/\/www.public.sn\/wp-content\/uploads\/2023\/03\/SOnko-Mame-Mbaye-1200x675-2.webp","keywords":["Mame Mbaye Niang","Proc\u00e8s","sonko"],"articleSection":["ACTUALIT\u00c9S","POLITIQUE","S\u00c9CURIT\u00c9 &amp; JUSTICE","S\u00c9N\u00c9GAL","VEDETTE"],"inLanguage":"fr-FR","potentialAction":[{"@type":"CommentAction","name":"Comment","target":["https:\/\/www.public.sn\/index.php\/2023\/03\/16\/urgent-le-proces-sonko-niang-renvoye-au-30-mars-en-audience-speciale\/#respond"]}]},{"@type":"WebPage","@id":"https:\/\/www.public.sn\/index.php\/2023\/03\/16\/urgent-le-proces-sonko-niang-renvoye-au-30-mars-en-audience-speciale\/","url":"https:\/\/www.public.sn\/index.php\/2023\/03\/16\/urgent-le-proces-sonko-niang-renvoye-au-30-mars-en-audience-speciale\/","name":"Urgent : le proc\u00e8s Sonko - Niang renvoy\u00e9 au 30 mars en audience sp\u00e9ciale - LE PUBLIC","isPartOf":{"@id":"https:\/\/www.public.sn\/#website"},"primaryImageOfPage":{"@id":"https:\/\/www.public.sn\/index.php\/2023\/03\/16\/urgent-le-proces-sonko-niang-renvoye-au-30-mars-en-audience-speciale\/#primaryimage"},"image":{"@id":"https:\/\/www.public.sn\/index.php\/2023\/03\/16\/urgent-le-proces-sonko-niang-renvoye-au-30-mars-en-audience-speciale\/#primaryimage"},"thumbnailUrl":"https:\/\/www.public.sn\/wp-content\/uploads\/2023\/03\/SOnko-Mame-Mbaye-1200x675-2.webp","datePublished":"2023-03-16T15:10:16+00:00","dateModified":"2023-03-18T12:55:18+00:00","description":"La nouvelle vient de tomber. Apr\u00e8s deux renvois, le proc\u00e8s du Programme des domaines Agricoles Communautaire (Prodac), une affaire de diffamation opposant Mame Mbaye Niang \u00e0 Ousmane Sonko, est de nouveau renvoy\u00e9 au 30 mars en audience sp\u00e9ciale, au tribunal correctionnel de Dakar.","breadcrumb":{"@id":"https:\/\/www.public.sn\/index.php\/2023\/03\/16\/urgent-le-proces-sonko-niang-renvoye-au-30-mars-en-audience-speciale\/#breadcrumb"},"inLanguage":"fr-FR","potentialAction":[{"@type":"ReadAction","target":["https:\/\/www.public.sn\/index.php\/2023\/03\/16\/urgent-le-proces-sonko-niang-renvoye-au-30-mars-en-audience-speciale\/"]}]},{"@type":"ImageObject","inLanguage":"fr-FR","@id":"https:\/\/www.public.sn\/index.php\/2023\/03\/16\/urgent-le-proces-sonko-niang-renvoye-au-30-mars-en-audience-speciale\/#primaryimage","url":"https:\/\/www.public.sn\/wp-content\/uploads\/2023\/03\/SOnko-Mame-Mbaye-1200x675-2.webp","contentUrl":"https:\/\/www.public.sn\/wp-content\/uploads\/2023\/03\/SOnko-Mame-Mbaye-1200x675-2.webp","width":1200,"height":675},{"@type":"BreadcrumbList","@id":"https:\/\/www.public.sn\/index.php\/2023\/03\/16\/urgent-le-proces-sonko-niang-renvoye-au-30-mars-en-audience-speciale\/#breadcrumb","itemListElement":[{"@type":"ListItem","position":1,"name":"Accueil","item":"https:\/\/www.public.sn\/"},{"@type":"ListItem","position":2,"name":"Urgent : le proc\u00e8s Sonko &#8211; Niang renvoy\u00e9 au 30 mars en audience sp\u00e9ciale"}]},{"@type":"WebSite","@id":"https:\/\/www.public.sn\/#website","url":"https:\/\/www.public.sn\/","name":"LE PUBLIC","description":"","publisher":{"@id":"https:\/\/www.public.sn\/#organization"},"potentialAction":[{"@type":"SearchAction","target":{"@type":"EntryPoint","urlTemplate":"https:\/\/www.public.sn\/?s={search_term_string}"},"query-input":{"@type":"PropertyValueSpecification","valueRequired":true,"valueName":"search_term_string"}}],"inLanguage":"fr-FR"},{"@type":"Organization","@id":"https:\/\/www.public.sn\/#organization","name":"LE PUBLIC","url":"https:\/\/www.public.sn\/","logo":{"@type":"ImageObject","inLanguage":"fr-FR","@id":"https:\/\/www.public.sn\/#\/schema\/logo\/image\/","url":"https:\/\/www.public.sn\/wp-content\/uploads\/2024\/05\/cropped-LOGO-PUBLIC.SN_.png","contentUrl":"https:\/\/www.public.sn\/wp-content\/uploads\/2024\/05\/cropped-LOGO-PUBLIC.SN_.png","width":682,"height":192,"caption":"LE PUBLIC"},"image":{"@id":"https:\/\/www.public.sn\/#\/schema\/logo\/image\/"}},{"@type":"Person","@id":"https:\/\/www.public.sn\/#\/schema\/person\/e3f4a11b037d4203902db148f9bc8d5a","name":"LA REDACTION","image":{"@type":"ImageObject","inLanguage":"fr-FR","@id":"https:\/\/www.public.sn\/#\/schema\/person\/image\/","url":"https:\/\/secure.gravatar.com\/avatar\/d6c030db45db2883c075085c5d6c6258654a801a93766b49af0b82d4f454e2a5?s=96&d=mm&r=g","contentUrl":"https:\/\/secure.gravatar.com\/avatar\/d6c030db45db2883c075085c5d6c6258654a801a93766b49af0b82d4f454e2a5?s=96&d=mm&r=g","caption":"LA REDACTION"},"sameAs":["http:\/\/www.public.sn"],"url":"https:\/\/www.public.sn\/index.php\/author\/admin7324\/"}]}},"jetpack_featured_media_url":"https:\/\/www.public.sn\/wp-content\/uploads\/2023\/03\/SOnko-Mame-Mbaye-1200x675-2.webp","jetpack_sharing_enabled":true,"_links":{"self":[{"href":"https:\/\/www.public.sn\/index.php\/wp-json\/wp\/v2\/posts\/18146","targetHints":{"allow":["GET"]}}],"collection":[{"href":"https:\/\/www.public.sn\/index.php\/wp-json\/wp\/v2\/posts"}],"about":[{"href":"https:\/\/www.public.sn\/index.php\/wp-json\/wp\/v2\/types\/post"}],"author":[{"embeddable":true,"href":"https:\/\/www.public.sn\/index.php\/wp-json\/wp\/v2\/users\/1"}],"replies":[{"embeddable":true,"href":"https:\/\/www.public.sn\/index.php\/wp-json\/wp\/v2\/comments?post=18146"}],"version-history":[{"count":1,"href":"https:\/\/www.public.sn\/index.php\/wp-json\/wp\/v2\/posts\/18146\/revisions"}],"predecessor-version":[{"id":18147,"href":"https:\/\/www.public.sn\/index.php\/wp-json\/wp\/v2\/posts\/18146\/revisions\/18147"}],"wp:featuredmedia":[{"embeddable":true,"href":"https:\/\/www.public.sn\/index.php\/wp-json\/wp\/v2\/media\/18215"}],"wp:attachment":[{"href":"https:\/\/www.public.sn\/index.php\/wp-json\/wp\/v2\/media?parent=18146"}],"wp:term":[{"taxonomy":"category","embeddable":true,"href":"https:\/\/www.public.sn\/index.php\/wp-json\/wp\/v2\/categories?post=18146"},{"taxonomy":"post_tag","embeddable":true,"href":"https:\/\/www.public.sn\/index.php\/wp-json\/wp\/v2\/tags?post=18146"}],"curies":[{"name":"wp","href":"https:\/\/api.w.org\/{rel}","templated":true}]}}