{"id":182,"date":"2022-08-19T15:20:47","date_gmt":"2022-08-19T13:20:47","guid":{"rendered":"https:\/\/www.public.sn\/?p=182"},"modified":"2022-08-19T15:21:44","modified_gmt":"2022-08-19T13:21:44","slug":"qatar-2022-la-federation-algerienne-de-football-refuse-de-jouer-au-bresil-contre-la-selecao","status":"publish","type":"post","link":"https:\/\/www.public.sn\/index.php\/2022\/08\/19\/qatar-2022-la-federation-algerienne-de-football-refuse-de-jouer-au-bresil-contre-la-selecao\/","title":{"rendered":"Qatar 2022 : La f\u00e9d\u00e9ration Alg\u00e9rienne de Football refuse de jouer au Br\u00e9sil contre la Sele\u00e7ao."},"content":{"rendered":"\n<p class=\"has-drop-cap\">L&rsquo;\u00e9quipe nationale br\u00e9silienne, log\u00e9e dans le groupe G en compagnie du Cameroun, de la Suisse et de la Serbie, a fait son choix sur deux nations africaines pour les pr\u00e9paratifs de la coupe du Monde 2022. Il s&rsquo;agissait bien entendu de la Tunisie et de l&rsquo;Alg\u00e9rie.<\/p><div class=\"publi-paragraphe1\" style=\"margin-top: 10px;margin-bottom: 10px;margin-left: auto;margin-right: auto;text-align: center;\" id=\"publi-1662636978\"><div class=\"publi-adlabel\">Publicit\u00e9<\/div><script async src=\"\/\/pagead2.googlesyndication.com\/pagead\/js\/adsbygoogle.js?client=ca-pub-4089586018074219\" crossorigin=\"anonymous\"><\/script><ins class=\"adsbygoogle\" style=\"display:block;\" data-ad-client=\"ca-pub-4089586018074219\" \ndata-ad-slot=\"2087940154\" \ndata-ad-format=\"auto\"><\/ins>\n<script> \n(adsbygoogle = window.adsbygoogle || []).push({}); \n<\/script>\n<\/div>\n\n\n\n<p>Ainsi, le m\u00e9dia DZ Foot nous informe que ce vendredi qu&rsquo;il n&rsquo;en reste plus qu&rsquo;une seule, puisque les champions d&rsquo;Afrique 2019 ont refus\u00e9 la demande de la Sele\u00e7ao pour un match amical pr\u00e9vu en septembre. La raison ? La f\u00e9d\u00e9ration Alg\u00e9rienne de Football (FAF) avait d\u00e9j\u00e0 fix\u00e9 deux rencontres amicales avant la proposition des sud-am\u00e9ricains.<\/p>\n\n\n\n<p><em>\u00ab\u00a0Les deux matches programm\u00e9s en septembre  prochain se joueront \u00e0 Oran. Concernant les adversaires, rien n&rsquo;a \u00e9t\u00e9 conclu pour le moment, en attendant de signer le contrat d&rsquo;ici \u00e0 dimanche ou lundi prochains. Je ne peux pas d\u00e9voiler plus de d\u00e9tails, jusqu&rsquo;\u00e0 ce que les choses s&rsquo;officialisent\u00a0\u00bb, <\/em>a affirm\u00e9 \u00e0 l&rsquo;APS le premier responsable de la FAF.<\/p>\n\n\n\n<p>Le groupe de Riyad Mahrez va affronter la Guin\u00e9e et le Ghana \u00e0 Oran lors de la prochaine fen\u00eatre internationale. Au d\u00e9triment du Br\u00e9sil qui va devoir se trouver un adversaire.<\/p>\n\n\n\n<p><em>R\u00e9daction Public SN<\/em><\/p>\n<div class=\"publi-apres-le-contenu\" style=\"margin-top: 10px;margin-bottom: 10px;margin-left: auto;margin-right: auto;text-align: center;\" id=\"publi-1167611654\"><div class=\"publi-adlabel\">Publicit\u00e9<\/div><script async src=\"\/\/pagead2.googlesyndication.com\/pagead\/js\/adsbygoogle.js?client=ca-pub-4089586018074219\" crossorigin=\"anonymous\"><\/script><ins class=\"adsbygoogle\" style=\"display:block;\" data-ad-client=\"ca-pub-4089586018074219\" \ndata-ad-slot=\"2087940154\" \ndata-ad-format=\"auto\"><\/ins>\n<script> \n(adsbygoogle = window.adsbygoogle || []).push({}); \n<\/script>\n<\/div>","protected":false},"excerpt":{"rendered":"<p>L&rsquo;\u00e9quipe nationale br\u00e9silienne, log\u00e9e dans le groupe G en compagnie du Cameroun, de la Suisse et de la Serbie, a fait son choix sur deux nations africaines pour les pr\u00e9paratifs de la coupe du Monde 2022. Il s&rsquo;agissait bien entendu de la Tunisie et de l&rsquo;Alg\u00e9rie. Ainsi, le m\u00e9dia DZ Foot nous informe que ce vendredi qu&rsquo;il n&rsquo;en reste plus qu&rsquo;une seule, puisque les champions d&rsquo;Afrique 2019 ont refus\u00e9 la demande de la Sele\u00e7ao pour un match amical pr\u00e9vu en septembre. La raison ? La f\u00e9d\u00e9ration Alg\u00e9rienne de Football (FAF) avait d\u00e9j\u00e0 fix\u00e9 deux rencontres amicales avant la proposition des sud-am\u00e9ricains. \u00ab\u00a0Les deux matches programm\u00e9s en septembre prochain se joueront \u00e0 Oran. Concernant les adversaires, rien n&rsquo;a \u00e9t\u00e9 conclu pour le moment, en attendant de signer le contrat d&rsquo;ici \u00e0 dimanche ou lundi prochains. Je ne peux pas d\u00e9voiler plus de d\u00e9tails, jusqu&rsquo;\u00e0 ce que les choses s&rsquo;officialisent\u00a0\u00bb, a affirm\u00e9 \u00e0 l&rsquo;APS le premier responsable de la FAF. Le groupe de Riyad Mahrez va affronter la Guin\u00e9e et le Ghana \u00e0 Oran lors de la prochaine fen\u00eatre internationale. Au d\u00e9triment du Br\u00e9sil qui va devoir se trouver un adversaire. R\u00e9daction Public SN<\/p>\n","protected":false},"author":1,"featured_media":183,"comment_status":"open","ping_status":"open","sticky":false,"template":"","format":"standard","meta":{"_jetpack_memberships_contains_paid_content":false,"footnotes":""},"categories":[7],"tags":[65,64,68,67,56,66],"class_list":["post-182","post","type-post","status-publish","format-standard","has-post-thumbnail","hentry","category-sport","tag-bresil","tag-faf","tag-football","tag-mahrez","tag-qatar-2022","tag-selecao","entry","has-media","owp-thumbs-layout-horizontal","owp-btn-normal","owp-tabs-layout-horizontal","has-no-thumbnails","has-product-nav"],"yoast_head":"<!-- This site is optimized with the Yoast SEO plugin v25.5 - https:\/\/yoast.com\/wordpress\/plugins\/seo\/ -->\n<title>Qatar 2022 : La f\u00e9d\u00e9ration Alg\u00e9rienne de Football refuse de jouer au Br\u00e9sil contre la Sele\u00e7ao. - LE PUBLIC<\/title>\n<meta name=\"robots\" content=\"index, follow, max-snippet:-1, max-image-preview:large, max-video-preview:-1\" \/>\n<link rel=\"canonical\" href=\"https:\/\/www.public.sn\/index.php\/2022\/08\/19\/qatar-2022-la-federation-algerienne-de-football-refuse-de-jouer-au-bresil-contre-la-selecao\/\" \/>\n<meta property=\"og:locale\" content=\"fr_FR\" \/>\n<meta property=\"og:type\" content=\"article\" \/>\n<meta property=\"og:title\" content=\"Qatar 2022 : La f\u00e9d\u00e9ration Alg\u00e9rienne de Football refuse de jouer au Br\u00e9sil contre la Sele\u00e7ao. - LE PUBLIC\" \/>\n<meta property=\"og:description\" content=\"L&rsquo;\u00e9quipe nationale br\u00e9silienne, log\u00e9e dans le groupe G en compagnie du Cameroun, de la Suisse et de la Serbie, a fait son choix sur deux nations africaines pour les pr\u00e9paratifs de la coupe du Monde 2022. Il s&rsquo;agissait bien entendu de la Tunisie et de l&rsquo;Alg\u00e9rie. Ainsi, le m\u00e9dia DZ Foot nous informe que ce vendredi qu&rsquo;il n&rsquo;en reste plus qu&rsquo;une seule, puisque les champions d&rsquo;Afrique 2019 ont refus\u00e9 la demande de la Sele\u00e7ao pour un match amical pr\u00e9vu en septembre. La raison ? La f\u00e9d\u00e9ration Alg\u00e9rienne de Football (FAF) avait d\u00e9j\u00e0 fix\u00e9 deux rencontres amicales avant la proposition des sud-am\u00e9ricains. \u00ab\u00a0Les deux matches programm\u00e9s en septembre prochain se joueront \u00e0 Oran. Concernant les adversaires, rien n&rsquo;a \u00e9t\u00e9 conclu pour le moment, en attendant de signer le contrat d&rsquo;ici \u00e0 dimanche ou lundi prochains. Je ne peux pas d\u00e9voiler plus de d\u00e9tails, jusqu&rsquo;\u00e0 ce que les choses s&rsquo;officialisent\u00a0\u00bb, a affirm\u00e9 \u00e0 l&rsquo;APS le premier responsable de la FAF. Le groupe de Riyad Mahrez va affronter la Guin\u00e9e et le Ghana \u00e0 Oran lors de la prochaine fen\u00eatre internationale. Au d\u00e9triment du Br\u00e9sil qui va devoir se trouver un adversaire. R\u00e9daction Public SN\" \/>\n<meta property=\"og:url\" content=\"https:\/\/www.public.sn\/index.php\/2022\/08\/19\/qatar-2022-la-federation-algerienne-de-football-refuse-de-jouer-au-bresil-contre-la-selecao\/\" \/>\n<meta property=\"og:site_name\" content=\"LE PUBLIC\" \/>\n<meta property=\"article:published_time\" content=\"2022-08-19T13:20:47+00:00\" \/>\n<meta property=\"article:modified_time\" content=\"2022-08-19T13:21:44+00:00\" \/>\n<meta property=\"og:image\" content=\"https:\/\/www.public.sn\/wp-content\/uploads\/2022\/08\/bd12a.jpeg\" \/>\n\t<meta property=\"og:image:width\" content=\"828\" \/>\n\t<meta property=\"og:image:height\" content=\"552\" \/>\n\t<meta property=\"og:image:type\" content=\"image\/jpeg\" \/>\n<meta name=\"author\" content=\"LA REDACTION\" \/>\n<meta name=\"twitter:card\" content=\"summary_large_image\" \/>\n<meta name=\"twitter:label1\" content=\"\u00c9crit par\" \/>\n\t<meta name=\"twitter:data1\" content=\"LA REDACTION\" \/>\n\t<meta name=\"twitter:label2\" content=\"Dur\u00e9e de lecture estim\u00e9e\" \/>\n\t<meta name=\"twitter:data2\" content=\"1 minute\" \/>\n<script type=\"application\/ld+json\" class=\"yoast-schema-graph\">{\"@context\":\"https:\/\/schema.org\",\"@graph\":[{\"@type\":\"Article\",\"@id\":\"https:\/\/www.public.sn\/index.php\/2022\/08\/19\/qatar-2022-la-federation-algerienne-de-football-refuse-de-jouer-au-bresil-contre-la-selecao\/#article\",\"isPartOf\":{\"@id\":\"https:\/\/www.public.sn\/index.php\/2022\/08\/19\/qatar-2022-la-federation-algerienne-de-football-refuse-de-jouer-au-bresil-contre-la-selecao\/\"},\"author\":{\"name\":\"LA REDACTION\",\"@id\":\"https:\/\/www.public.sn\/#\/schema\/person\/e3f4a11b037d4203902db148f9bc8d5a\"},\"headline\":\"Qatar 2022 : La f\u00e9d\u00e9ration Alg\u00e9rienne de Football refuse de jouer au Br\u00e9sil contre la Sele\u00e7ao.\",\"datePublished\":\"2022-08-19T13:20:47+00:00\",\"dateModified\":\"2022-08-19T13:21:44+00:00\",\"mainEntityOfPage\":{\"@id\":\"https:\/\/www.public.sn\/index.php\/2022\/08\/19\/qatar-2022-la-federation-algerienne-de-football-refuse-de-jouer-au-bresil-contre-la-selecao\/\"},\"wordCount\":225,\"commentCount\":0,\"publisher\":{\"@id\":\"https:\/\/www.public.sn\/#organization\"},\"image\":{\"@id\":\"https:\/\/www.public.sn\/index.php\/2022\/08\/19\/qatar-2022-la-federation-algerienne-de-football-refuse-de-jouer-au-bresil-contre-la-selecao\/#primaryimage\"},\"thumbnailUrl\":\"https:\/\/www.public.sn\/wp-content\/uploads\/2022\/08\/bd12a.jpeg\",\"keywords\":[\"Br\u00e9sil\",\"FAF\",\"Football\",\"Mahrez\",\"Qatar 2022\",\"Sele\u00e7ao\"],\"articleSection\":[\"SPORTS\"],\"inLanguage\":\"fr-FR\",\"potentialAction\":[{\"@type\":\"CommentAction\",\"name\":\"Comment\",\"target\":[\"https:\/\/www.public.sn\/index.php\/2022\/08\/19\/qatar-2022-la-federation-algerienne-de-football-refuse-de-jouer-au-bresil-contre-la-selecao\/#respond\"]}]},{\"@type\":\"WebPage\",\"@id\":\"https:\/\/www.public.sn\/index.php\/2022\/08\/19\/qatar-2022-la-federation-algerienne-de-football-refuse-de-jouer-au-bresil-contre-la-selecao\/\",\"url\":\"https:\/\/www.public.sn\/index.php\/2022\/08\/19\/qatar-2022-la-federation-algerienne-de-football-refuse-de-jouer-au-bresil-contre-la-selecao\/\",\"name\":\"Qatar 2022 : La f\u00e9d\u00e9ration Alg\u00e9rienne de Football refuse de jouer au Br\u00e9sil contre la Sele\u00e7ao. - LE PUBLIC\",\"isPartOf\":{\"@id\":\"https:\/\/www.public.sn\/#website\"},\"primaryImageOfPage\":{\"@id\":\"https:\/\/www.public.sn\/index.php\/2022\/08\/19\/qatar-2022-la-federation-algerienne-de-football-refuse-de-jouer-au-bresil-contre-la-selecao\/#primaryimage\"},\"image\":{\"@id\":\"https:\/\/www.public.sn\/index.php\/2022\/08\/19\/qatar-2022-la-federation-algerienne-de-football-refuse-de-jouer-au-bresil-contre-la-selecao\/#primaryimage\"},\"thumbnailUrl\":\"https:\/\/www.public.sn\/wp-content\/uploads\/2022\/08\/bd12a.jpeg\",\"datePublished\":\"2022-08-19T13:20:47+00:00\",\"dateModified\":\"2022-08-19T13:21:44+00:00\",\"breadcrumb\":{\"@id\":\"https:\/\/www.public.sn\/index.php\/2022\/08\/19\/qatar-2022-la-federation-algerienne-de-football-refuse-de-jouer-au-bresil-contre-la-selecao\/#breadcrumb\"},\"inLanguage\":\"fr-FR\",\"potentialAction\":[{\"@type\":\"ReadAction\",\"target\":[\"https:\/\/www.public.sn\/index.php\/2022\/08\/19\/qatar-2022-la-federation-algerienne-de-football-refuse-de-jouer-au-bresil-contre-la-selecao\/\"]}]},{\"@type\":\"ImageObject\",\"inLanguage\":\"fr-FR\",\"@id\":\"https:\/\/www.public.sn\/index.php\/2022\/08\/19\/qatar-2022-la-federation-algerienne-de-football-refuse-de-jouer-au-bresil-contre-la-selecao\/#primaryimage\",\"url\":\"https:\/\/www.public.sn\/wp-content\/uploads\/2022\/08\/bd12a.jpeg\",\"contentUrl\":\"https:\/\/www.public.sn\/wp-content\/uploads\/2022\/08\/bd12a.jpeg\",\"width\":828,\"height\":552},{\"@type\":\"BreadcrumbList\",\"@id\":\"https:\/\/www.public.sn\/index.php\/2022\/08\/19\/qatar-2022-la-federation-algerienne-de-football-refuse-de-jouer-au-bresil-contre-la-selecao\/#breadcrumb\",\"itemListElement\":[{\"@type\":\"ListItem\",\"position\":1,\"name\":\"Accueil\",\"item\":\"https:\/\/www.public.sn\/\"},{\"@type\":\"ListItem\",\"position\":2,\"name\":\"Qatar 2022 : La f\u00e9d\u00e9ration Alg\u00e9rienne de Football refuse de jouer au Br\u00e9sil contre la Sele\u00e7ao.\"}]},{\"@type\":\"WebSite\",\"@id\":\"https:\/\/www.public.sn\/#website\",\"url\":\"https:\/\/www.public.sn\/\",\"name\":\"LE PUBLIC\",\"description\":\"\",\"publisher\":{\"@id\":\"https:\/\/www.public.sn\/#organization\"},\"potentialAction\":[{\"@type\":\"SearchAction\",\"target\":{\"@type\":\"EntryPoint\",\"urlTemplate\":\"https:\/\/www.public.sn\/?s={search_term_string}\"},\"query-input\":{\"@type\":\"PropertyValueSpecification\",\"valueRequired\":true,\"valueName\":\"search_term_string\"}}],\"inLanguage\":\"fr-FR\"},{\"@type\":\"Organization\",\"@id\":\"https:\/\/www.public.sn\/#organization\",\"name\":\"LE PUBLIC\",\"url\":\"https:\/\/www.public.sn\/\",\"logo\":{\"@type\":\"ImageObject\",\"inLanguage\":\"fr-FR\",\"@id\":\"https:\/\/www.public.sn\/#\/schema\/logo\/image\/\",\"url\":\"https:\/\/www.public.sn\/wp-content\/uploads\/2024\/05\/cropped-LOGO-PUBLIC.SN_.png\",\"contentUrl\":\"https:\/\/www.public.sn\/wp-content\/uploads\/2024\/05\/cropped-LOGO-PUBLIC.SN_.png\",\"width\":682,\"height\":192,\"caption\":\"LE PUBLIC\"},\"image\":{\"@id\":\"https:\/\/www.public.sn\/#\/schema\/logo\/image\/\"}},{\"@type\":\"Person\",\"@id\":\"https:\/\/www.public.sn\/#\/schema\/person\/e3f4a11b037d4203902db148f9bc8d5a\",\"name\":\"LA REDACTION\",\"image\":{\"@type\":\"ImageObject\",\"inLanguage\":\"fr-FR\",\"@id\":\"https:\/\/www.public.sn\/#\/schema\/person\/image\/\",\"url\":\"https:\/\/secure.gravatar.com\/avatar\/d6c030db45db2883c075085c5d6c6258654a801a93766b49af0b82d4f454e2a5?s=96&d=mm&r=g\",\"contentUrl\":\"https:\/\/secure.gravatar.com\/avatar\/d6c030db45db2883c075085c5d6c6258654a801a93766b49af0b82d4f454e2a5?s=96&d=mm&r=g\",\"caption\":\"LA REDACTION\"},\"sameAs\":[\"http:\/\/www.public.sn\"],\"url\":\"https:\/\/www.public.sn\/index.php\/author\/admin7324\/\"}]}<\/script>\n<!-- \/ Yoast SEO plugin. -->","yoast_head_json":{"title":"Qatar 2022 : La f\u00e9d\u00e9ration Alg\u00e9rienne de Football refuse de jouer au Br\u00e9sil contre la Sele\u00e7ao. - LE PUBLIC","robots":{"index":"index","follow":"follow","max-snippet":"max-snippet:-1","max-image-preview":"max-image-preview:large","max-video-preview":"max-video-preview:-1"},"canonical":"https:\/\/www.public.sn\/index.php\/2022\/08\/19\/qatar-2022-la-federation-algerienne-de-football-refuse-de-jouer-au-bresil-contre-la-selecao\/","og_locale":"fr_FR","og_type":"article","og_title":"Qatar 2022 : La f\u00e9d\u00e9ration Alg\u00e9rienne de Football refuse de jouer au Br\u00e9sil contre la Sele\u00e7ao. - LE PUBLIC","og_description":"L&rsquo;\u00e9quipe nationale br\u00e9silienne, log\u00e9e dans le groupe G en compagnie du Cameroun, de la Suisse et de la Serbie, a fait son choix sur deux nations africaines pour les pr\u00e9paratifs de la coupe du Monde 2022. Il s&rsquo;agissait bien entendu de la Tunisie et de l&rsquo;Alg\u00e9rie. Ainsi, le m\u00e9dia DZ Foot nous informe que ce vendredi qu&rsquo;il n&rsquo;en reste plus qu&rsquo;une seule, puisque les champions d&rsquo;Afrique 2019 ont refus\u00e9 la demande de la Sele\u00e7ao pour un match amical pr\u00e9vu en septembre. La raison ? La f\u00e9d\u00e9ration Alg\u00e9rienne de Football (FAF) avait d\u00e9j\u00e0 fix\u00e9 deux rencontres amicales avant la proposition des sud-am\u00e9ricains. \u00ab\u00a0Les deux matches programm\u00e9s en septembre prochain se joueront \u00e0 Oran. Concernant les adversaires, rien n&rsquo;a \u00e9t\u00e9 conclu pour le moment, en attendant de signer le contrat d&rsquo;ici \u00e0 dimanche ou lundi prochains. Je ne peux pas d\u00e9voiler plus de d\u00e9tails, jusqu&rsquo;\u00e0 ce que les choses s&rsquo;officialisent\u00a0\u00bb, a affirm\u00e9 \u00e0 l&rsquo;APS le premier responsable de la FAF. Le groupe de Riyad Mahrez va affronter la Guin\u00e9e et le Ghana \u00e0 Oran lors de la prochaine fen\u00eatre internationale. Au d\u00e9triment du Br\u00e9sil qui va devoir se trouver un adversaire. R\u00e9daction Public SN","og_url":"https:\/\/www.public.sn\/index.php\/2022\/08\/19\/qatar-2022-la-federation-algerienne-de-football-refuse-de-jouer-au-bresil-contre-la-selecao\/","og_site_name":"LE PUBLIC","article_published_time":"2022-08-19T13:20:47+00:00","article_modified_time":"2022-08-19T13:21:44+00:00","og_image":[{"width":828,"height":552,"url":"https:\/\/www.public.sn\/wp-content\/uploads\/2022\/08\/bd12a.jpeg","type":"image\/jpeg"}],"author":"LA REDACTION","twitter_card":"summary_large_image","twitter_misc":{"\u00c9crit par":"LA REDACTION","Dur\u00e9e de lecture estim\u00e9e":"1 minute"},"schema":{"@context":"https:\/\/schema.org","@graph":[{"@type":"Article","@id":"https:\/\/www.public.sn\/index.php\/2022\/08\/19\/qatar-2022-la-federation-algerienne-de-football-refuse-de-jouer-au-bresil-contre-la-selecao\/#article","isPartOf":{"@id":"https:\/\/www.public.sn\/index.php\/2022\/08\/19\/qatar-2022-la-federation-algerienne-de-football-refuse-de-jouer-au-bresil-contre-la-selecao\/"},"author":{"name":"LA REDACTION","@id":"https:\/\/www.public.sn\/#\/schema\/person\/e3f4a11b037d4203902db148f9bc8d5a"},"headline":"Qatar 2022 : La f\u00e9d\u00e9ration Alg\u00e9rienne de Football refuse de jouer au Br\u00e9sil contre la Sele\u00e7ao.","datePublished":"2022-08-19T13:20:47+00:00","dateModified":"2022-08-19T13:21:44+00:00","mainEntityOfPage":{"@id":"https:\/\/www.public.sn\/index.php\/2022\/08\/19\/qatar-2022-la-federation-algerienne-de-football-refuse-de-jouer-au-bresil-contre-la-selecao\/"},"wordCount":225,"commentCount":0,"publisher":{"@id":"https:\/\/www.public.sn\/#organization"},"image":{"@id":"https:\/\/www.public.sn\/index.php\/2022\/08\/19\/qatar-2022-la-federation-algerienne-de-football-refuse-de-jouer-au-bresil-contre-la-selecao\/#primaryimage"},"thumbnailUrl":"https:\/\/www.public.sn\/wp-content\/uploads\/2022\/08\/bd12a.jpeg","keywords":["Br\u00e9sil","FAF","Football","Mahrez","Qatar 2022","Sele\u00e7ao"],"articleSection":["SPORTS"],"inLanguage":"fr-FR","potentialAction":[{"@type":"CommentAction","name":"Comment","target":["https:\/\/www.public.sn\/index.php\/2022\/08\/19\/qatar-2022-la-federation-algerienne-de-football-refuse-de-jouer-au-bresil-contre-la-selecao\/#respond"]}]},{"@type":"WebPage","@id":"https:\/\/www.public.sn\/index.php\/2022\/08\/19\/qatar-2022-la-federation-algerienne-de-football-refuse-de-jouer-au-bresil-contre-la-selecao\/","url":"https:\/\/www.public.sn\/index.php\/2022\/08\/19\/qatar-2022-la-federation-algerienne-de-football-refuse-de-jouer-au-bresil-contre-la-selecao\/","name":"Qatar 2022 : La f\u00e9d\u00e9ration Alg\u00e9rienne de Football refuse de jouer au Br\u00e9sil contre la Sele\u00e7ao. - LE PUBLIC","isPartOf":{"@id":"https:\/\/www.public.sn\/#website"},"primaryImageOfPage":{"@id":"https:\/\/www.public.sn\/index.php\/2022\/08\/19\/qatar-2022-la-federation-algerienne-de-football-refuse-de-jouer-au-bresil-contre-la-selecao\/#primaryimage"},"image":{"@id":"https:\/\/www.public.sn\/index.php\/2022\/08\/19\/qatar-2022-la-federation-algerienne-de-football-refuse-de-jouer-au-bresil-contre-la-selecao\/#primaryimage"},"thumbnailUrl":"https:\/\/www.public.sn\/wp-content\/uploads\/2022\/08\/bd12a.jpeg","datePublished":"2022-08-19T13:20:47+00:00","dateModified":"2022-08-19T13:21:44+00:00","breadcrumb":{"@id":"https:\/\/www.public.sn\/index.php\/2022\/08\/19\/qatar-2022-la-federation-algerienne-de-football-refuse-de-jouer-au-bresil-contre-la-selecao\/#breadcrumb"},"inLanguage":"fr-FR","potentialAction":[{"@type":"ReadAction","target":["https:\/\/www.public.sn\/index.php\/2022\/08\/19\/qatar-2022-la-federation-algerienne-de-football-refuse-de-jouer-au-bresil-contre-la-selecao\/"]}]},{"@type":"ImageObject","inLanguage":"fr-FR","@id":"https:\/\/www.public.sn\/index.php\/2022\/08\/19\/qatar-2022-la-federation-algerienne-de-football-refuse-de-jouer-au-bresil-contre-la-selecao\/#primaryimage","url":"https:\/\/www.public.sn\/wp-content\/uploads\/2022\/08\/bd12a.jpeg","contentUrl":"https:\/\/www.public.sn\/wp-content\/uploads\/2022\/08\/bd12a.jpeg","width":828,"height":552},{"@type":"BreadcrumbList","@id":"https:\/\/www.public.sn\/index.php\/2022\/08\/19\/qatar-2022-la-federation-algerienne-de-football-refuse-de-jouer-au-bresil-contre-la-selecao\/#breadcrumb","itemListElement":[{"@type":"ListItem","position":1,"name":"Accueil","item":"https:\/\/www.public.sn\/"},{"@type":"ListItem","position":2,"name":"Qatar 2022 : La f\u00e9d\u00e9ration Alg\u00e9rienne de Football refuse de jouer au Br\u00e9sil contre la Sele\u00e7ao."}]},{"@type":"WebSite","@id":"https:\/\/www.public.sn\/#website","url":"https:\/\/www.public.sn\/","name":"LE PUBLIC","description":"","publisher":{"@id":"https:\/\/www.public.sn\/#organization"},"potentialAction":[{"@type":"SearchAction","target":{"@type":"EntryPoint","urlTemplate":"https:\/\/www.public.sn\/?s={search_term_string}"},"query-input":{"@type":"PropertyValueSpecification","valueRequired":true,"valueName":"search_term_string"}}],"inLanguage":"fr-FR"},{"@type":"Organization","@id":"https:\/\/www.public.sn\/#organization","name":"LE PUBLIC","url":"https:\/\/www.public.sn\/","logo":{"@type":"ImageObject","inLanguage":"fr-FR","@id":"https:\/\/www.public.sn\/#\/schema\/logo\/image\/","url":"https:\/\/www.public.sn\/wp-content\/uploads\/2024\/05\/cropped-LOGO-PUBLIC.SN_.png","contentUrl":"https:\/\/www.public.sn\/wp-content\/uploads\/2024\/05\/cropped-LOGO-PUBLIC.SN_.png","width":682,"height":192,"caption":"LE PUBLIC"},"image":{"@id":"https:\/\/www.public.sn\/#\/schema\/logo\/image\/"}},{"@type":"Person","@id":"https:\/\/www.public.sn\/#\/schema\/person\/e3f4a11b037d4203902db148f9bc8d5a","name":"LA REDACTION","image":{"@type":"ImageObject","inLanguage":"fr-FR","@id":"https:\/\/www.public.sn\/#\/schema\/person\/image\/","url":"https:\/\/secure.gravatar.com\/avatar\/d6c030db45db2883c075085c5d6c6258654a801a93766b49af0b82d4f454e2a5?s=96&d=mm&r=g","contentUrl":"https:\/\/secure.gravatar.com\/avatar\/d6c030db45db2883c075085c5d6c6258654a801a93766b49af0b82d4f454e2a5?s=96&d=mm&r=g","caption":"LA REDACTION"},"sameAs":["http:\/\/www.public.sn"],"url":"https:\/\/www.public.sn\/index.php\/author\/admin7324\/"}]}},"jetpack_featured_media_url":"https:\/\/www.public.sn\/wp-content\/uploads\/2022\/08\/bd12a.jpeg","jetpack_sharing_enabled":true,"_links":{"self":[{"href":"https:\/\/www.public.sn\/index.php\/wp-json\/wp\/v2\/posts\/182","targetHints":{"allow":["GET"]}}],"collection":[{"href":"https:\/\/www.public.sn\/index.php\/wp-json\/wp\/v2\/posts"}],"about":[{"href":"https:\/\/www.public.sn\/index.php\/wp-json\/wp\/v2\/types\/post"}],"author":[{"embeddable":true,"href":"https:\/\/www.public.sn\/index.php\/wp-json\/wp\/v2\/users\/1"}],"replies":[{"embeddable":true,"href":"https:\/\/www.public.sn\/index.php\/wp-json\/wp\/v2\/comments?post=182"}],"version-history":[{"count":2,"href":"https:\/\/www.public.sn\/index.php\/wp-json\/wp\/v2\/posts\/182\/revisions"}],"predecessor-version":[{"id":185,"href":"https:\/\/www.public.sn\/index.php\/wp-json\/wp\/v2\/posts\/182\/revisions\/185"}],"wp:featuredmedia":[{"embeddable":true,"href":"https:\/\/www.public.sn\/index.php\/wp-json\/wp\/v2\/media\/183"}],"wp:attachment":[{"href":"https:\/\/www.public.sn\/index.php\/wp-json\/wp\/v2\/media?parent=182"}],"wp:term":[{"taxonomy":"category","embeddable":true,"href":"https:\/\/www.public.sn\/index.php\/wp-json\/wp\/v2\/categories?post=182"},{"taxonomy":"post_tag","embeddable":true,"href":"https:\/\/www.public.sn\/index.php\/wp-json\/wp\/v2\/tags?post=182"}],"curies":[{"name":"wp","href":"https:\/\/api.w.org\/{rel}","templated":true}]}}