{"id":18243,"date":"2023-03-18T11:18:33","date_gmt":"2023-03-18T11:18:33","guid":{"rendered":"https:\/\/www.public.sn\/?p=18243"},"modified":"2023-03-18T11:18:33","modified_gmt":"2023-03-18T11:18:33","slug":"affaire-prodac-ousmane-sonko-invite-a-faire-amende-honorable","status":"publish","type":"post","link":"https:\/\/www.public.sn\/index.php\/2023\/03\/18\/affaire-prodac-ousmane-sonko-invite-a-faire-amende-honorable\/","title":{"rendered":"Affaire Prodac : Ousmane Sonko invit\u00e9 \u00e0 faire amende honorable"},"content":{"rendered":"<p>A<\/p><div class=\"publi-paragraphe1\" style=\"margin-top: 10px;margin-bottom: 10px;margin-left: auto;margin-right: auto;text-align: center;\" id=\"publi-2401899214\"><div class=\"publi-adlabel\">Publicit\u00e9<\/div><script async src=\"\/\/pagead2.googlesyndication.com\/pagead\/js\/adsbygoogle.js?client=ca-pub-4089586018074219\" crossorigin=\"anonymous\"><\/script><ins class=\"adsbygoogle\" style=\"display:block;\" data-ad-client=\"ca-pub-4089586018074219\" \ndata-ad-slot=\"2087940154\" \ndata-ad-format=\"auto\"><\/ins>\n<script> \n(adsbygoogle = window.adsbygoogle || []).push({}); \n<\/script>\n<\/div>\n<div dir=\"auto\">Monsieur Ousmane Sonko<\/div>\n<div dir=\"auto\">President des Pastefs.<\/div>\n<div dir=\"auto\"><\/div>\n<div dir=\"auto\">Monsieur Le Pr\u00e9sident,<\/div>\n<div dir=\"auto\"><\/div>\n<div dir=\"auto\">Les paysans de la Casamance\u00a0 , les laitiers du Fouta , les poissonniers de toutes les c\u00f4tes,\u00a0 les arachidiers du centre vivent dans l\u2019angoisse la plus totale.<\/div>\n<div dir=\"auto\"><\/div>\n<div dir=\"auto\">Les artisans de Ngaye Mekhe,\u00a0 les acteurs de l\u2019informel, les salari\u00e9s en CDI et en CDD dans les secteurs de notre \u00e9conomie m\u00e9ritent une attention toute particuli\u00e8re en ce moment de di\u00e8te et de disette .<\/div>\n<div dir=\"auto\"><\/div>\n<div dir=\"auto\">Le S\u00e9n\u00e9gal et les s\u00e9n\u00e9galais ont peur de la chute vertigineuse de leur qui\u00e9tude sociale , de l\u2019ins\u00e9curit\u00e9 \u00e9conomique ambiante et surtout des horizons nuageux quant au devenir de notre nation , de notre peuple et de nos institutions tr\u00e8s perturb\u00e9s par les vagues de violence d\u00e9clench\u00e9es \u00e0 la veille,\u00a0 au cours et apr\u00e8s chacune de vos comparutions devant la justice dans cette affaire de diffamation qui vous oppose au Ministre du Tourisme,\u00a0 Monsieur Mame Mbaye Niang.<\/div>\n<div dir=\"auto\"><\/div>\n<div dir=\"auto\">Si par erreur, vous \u00eates convaincu d\u2019avoir \u00e9t\u00e9 induit en erreur ou de vous \u00eatre tromp\u00e9 de bonne foi , alors Monsieur le Pr\u00e9sident, faites amende honorable.<\/div>\n<div class=\"dbe dbe-post-middle dbe-float-center dbe-align-center dbe-column-1 dbe-clearfix no-bg-box-model\">\n<div id=\"dbe-3576-882700864\" class=\"dbe-container dbe-type-code \" data-adid=\"3576\" data-type=\"code\">\n<div id=\"dbe-3576-882700864-place\"><\/div>\n<\/div>\n<\/div>\n<div dir=\"auto\"><\/div>\n<div dir=\"auto\">Cela vous grandira davantage car avant notre si\u00e8cle, il \u00e9tait \u00e9crit que : \u00a0\u00bb quand on a\u00a0 tout\u00a0 perdu , la seule chose \u00e0 sauver est l\u2019honneur \u00ab\u00a0.<\/div>\n<div dir=\"auto\"><\/div>\n<div dir=\"auto\">Monsieur Le Pr\u00e9sident, reconna\u00eetre ses limites et accepter la r\u00e9paration du tort involontairement ou par m\u00e9garde\u00a0 fait \u00e0 autrui constitue les premiers jalons que le peuple attend de celle ou de celui qui demande sa confiance\u00a0 .<\/div>\n<div dir=\"auto\"><\/div>\n<div dir=\"auto\">Si tel serait le cas , vous sauriez trouver les voies et moyens de faire la paix avec votre accusateur .<\/div>\n<div dir=\"auto\"><\/div>\n<div dir=\"auto\">Au nom de la R\u00e9publique ,<\/div>\n<div dir=\"auto\">Au nom de la d\u00e9mocratie et<\/div>\n<div dir=\"auto\">Pour le\u00a0 peuple et\u00a0 la nation agissez vite Monsieur Le Pr\u00e9sident.<\/div>\n<div dir=\"auto\"><\/div>\n<div dir=\"auto\"><strong>Birahim Camara.\u00a0<\/strong><\/div>\n<div class=\"publi-apres-le-contenu\" style=\"margin-top: 10px;margin-bottom: 10px;margin-left: auto;margin-right: auto;text-align: center;\" id=\"publi-560412045\"><div class=\"publi-adlabel\">Publicit\u00e9<\/div><script async src=\"\/\/pagead2.googlesyndication.com\/pagead\/js\/adsbygoogle.js?client=ca-pub-4089586018074219\" crossorigin=\"anonymous\"><\/script><ins class=\"adsbygoogle\" style=\"display:block;\" data-ad-client=\"ca-pub-4089586018074219\" \ndata-ad-slot=\"2087940154\" \ndata-ad-format=\"auto\"><\/ins>\n<script> \n(adsbygoogle = window.adsbygoogle || []).push({}); \n<\/script>\n<\/div>","protected":false},"excerpt":{"rendered":"<p>A Monsieur Ousmane Sonko President des Pastefs. Monsieur Le Pr\u00e9sident, Les paysans de la Casamance\u00a0 , les laitiers du Fouta , les poissonniers de toutes les c\u00f4tes,\u00a0 les arachidiers du centre vivent dans l\u2019angoisse la plus totale. Les artisans de Ngaye Mekhe,\u00a0 les acteurs de l\u2019informel, les salari\u00e9s en CDI et en CDD dans les secteurs de notre \u00e9conomie m\u00e9ritent une attention toute particuli\u00e8re en ce moment de di\u00e8te et de disette . Le S\u00e9n\u00e9gal et les s\u00e9n\u00e9galais ont peur de la chute vertigineuse de leur qui\u00e9tude sociale , de l\u2019ins\u00e9curit\u00e9 \u00e9conomique ambiante et surtout des horizons nuageux quant au devenir de notre nation , de notre peuple et de nos institutions tr\u00e8s perturb\u00e9s par les vagues de violence d\u00e9clench\u00e9es \u00e0 la veille,\u00a0 au cours et apr\u00e8s chacune de vos comparutions devant la justice dans cette affaire de diffamation qui vous oppose au Ministre du Tourisme,\u00a0 Monsieur Mame Mbaye Niang. Si par erreur, vous \u00eates convaincu d\u2019avoir \u00e9t\u00e9 induit en erreur ou de vous \u00eatre tromp\u00e9 de bonne foi , alors Monsieur le Pr\u00e9sident, faites amende honorable. Cela vous grandira davantage car avant notre si\u00e8cle, il \u00e9tait \u00e9crit que : \u00a0\u00bb quand on a\u00a0 tout\u00a0 perdu , la seule chose \u00e0 sauver est l\u2019honneur \u00ab\u00a0. Monsieur Le Pr\u00e9sident, reconna\u00eetre ses limites et accepter la r\u00e9paration du tort involontairement ou par m\u00e9garde\u00a0 fait \u00e0 autrui constitue les premiers jalons que le peuple attend de celle ou de celui qui demande sa confiance\u00a0 . Si tel serait le cas , vous sauriez trouver les voies et moyens de faire la paix avec votre accusateur . Au nom de la R\u00e9publique , Au nom de la d\u00e9mocratie et Pour le\u00a0 peuple et\u00a0 la nation agissez vite Monsieur Le Pr\u00e9sident. Birahim Camara.\u00a0<\/p>\n","protected":false},"author":7,"featured_media":18244,"comment_status":"open","ping_status":"open","sticky":false,"template":"","format":"standard","meta":{"_jetpack_memberships_contains_paid_content":false,"footnotes":""},"categories":[375,9,3,376,1,4],"tags":[4832,16],"class_list":["post-18243","post","type-post","status-publish","format-standard","has-post-thumbnail","hentry","category-actualites","category-communique","category-politique","category-securite-justice","category-non-classe","category-societe","tag-birahim-camara","tag-ousmane-sonko","entry","has-media","owp-thumbs-layout-horizontal","owp-btn-normal","owp-tabs-layout-horizontal","has-no-thumbnails","has-product-nav"],"yoast_head":"<!-- This site is optimized with the Yoast SEO plugin v25.5 - https:\/\/yoast.com\/wordpress\/plugins\/seo\/ -->\n<title>Affaire Prodac : Ousmane Sonko invit\u00e9 \u00e0 faire amende honorable - LE PUBLIC<\/title>\n<meta name=\"robots\" content=\"index, follow, max-snippet:-1, max-image-preview:large, max-video-preview:-1\" \/>\n<link rel=\"canonical\" href=\"https:\/\/www.public.sn\/index.php\/2023\/03\/18\/affaire-prodac-ousmane-sonko-invite-a-faire-amende-honorable\/\" \/>\n<meta property=\"og:locale\" content=\"fr_FR\" \/>\n<meta property=\"og:type\" content=\"article\" \/>\n<meta property=\"og:title\" content=\"Affaire Prodac : Ousmane Sonko invit\u00e9 \u00e0 faire amende honorable - LE PUBLIC\" \/>\n<meta property=\"og:description\" content=\"A Monsieur Ousmane Sonko President des Pastefs. Monsieur Le Pr\u00e9sident, Les paysans de la Casamance\u00a0 , les laitiers du Fouta , les poissonniers de toutes les c\u00f4tes,\u00a0 les arachidiers du centre vivent dans l\u2019angoisse la plus totale. Les artisans de Ngaye Mekhe,\u00a0 les acteurs de l\u2019informel, les salari\u00e9s en CDI et en CDD dans les secteurs de notre \u00e9conomie m\u00e9ritent une attention toute particuli\u00e8re en ce moment de di\u00e8te et de disette . Le S\u00e9n\u00e9gal et les s\u00e9n\u00e9galais ont peur de la chute vertigineuse de leur qui\u00e9tude sociale , de l\u2019ins\u00e9curit\u00e9 \u00e9conomique ambiante et surtout des horizons nuageux quant au devenir de notre nation , de notre peuple et de nos institutions tr\u00e8s perturb\u00e9s par les vagues de violence d\u00e9clench\u00e9es \u00e0 la veille,\u00a0 au cours et apr\u00e8s chacune de vos comparutions devant la justice dans cette affaire de diffamation qui vous oppose au Ministre du Tourisme,\u00a0 Monsieur Mame Mbaye Niang. Si par erreur, vous \u00eates convaincu d\u2019avoir \u00e9t\u00e9 induit en erreur ou de vous \u00eatre tromp\u00e9 de bonne foi , alors Monsieur le Pr\u00e9sident, faites amende honorable. Cela vous grandira davantage car avant notre si\u00e8cle, il \u00e9tait \u00e9crit que : \u00a0\u00bb quand on a\u00a0 tout\u00a0 perdu , la seule chose \u00e0 sauver est l\u2019honneur \u00ab\u00a0. Monsieur Le Pr\u00e9sident, reconna\u00eetre ses limites et accepter la r\u00e9paration du tort involontairement ou par m\u00e9garde\u00a0 fait \u00e0 autrui constitue les premiers jalons que le peuple attend de celle ou de celui qui demande sa confiance\u00a0 . Si tel serait le cas , vous sauriez trouver les voies et moyens de faire la paix avec votre accusateur . Au nom de la R\u00e9publique , Au nom de la d\u00e9mocratie et Pour le\u00a0 peuple et\u00a0 la nation agissez vite Monsieur Le Pr\u00e9sident. Birahim Camara.\u00a0\" \/>\n<meta property=\"og:url\" content=\"https:\/\/www.public.sn\/index.php\/2023\/03\/18\/affaire-prodac-ousmane-sonko-invite-a-faire-amende-honorable\/\" \/>\n<meta property=\"og:site_name\" content=\"LE PUBLIC\" \/>\n<meta property=\"article:published_time\" content=\"2023-03-18T11:18:33+00:00\" \/>\n<meta property=\"og:image\" content=\"https:\/\/www.public.sn\/wp-content\/uploads\/2023\/03\/ousmane-sonko.jpg\" \/>\n\t<meta property=\"og:image:width\" content=\"1024\" \/>\n\t<meta property=\"og:image:height\" content=\"682\" \/>\n\t<meta property=\"og:image:type\" content=\"image\/jpeg\" \/>\n<meta name=\"author\" content=\"LA REDACTION\" \/>\n<meta name=\"twitter:card\" content=\"summary_large_image\" \/>\n<meta name=\"twitter:label1\" content=\"\u00c9crit par\" \/>\n\t<meta name=\"twitter:data1\" content=\"LA REDACTION\" \/>\n\t<meta name=\"twitter:label2\" content=\"Dur\u00e9e de lecture estim\u00e9e\" \/>\n\t<meta name=\"twitter:data2\" content=\"2 minutes\" \/>\n<script type=\"application\/ld+json\" class=\"yoast-schema-graph\">{\"@context\":\"https:\/\/schema.org\",\"@graph\":[{\"@type\":\"Article\",\"@id\":\"https:\/\/www.public.sn\/index.php\/2023\/03\/18\/affaire-prodac-ousmane-sonko-invite-a-faire-amende-honorable\/#article\",\"isPartOf\":{\"@id\":\"https:\/\/www.public.sn\/index.php\/2023\/03\/18\/affaire-prodac-ousmane-sonko-invite-a-faire-amende-honorable\/\"},\"author\":{\"name\":\"LA REDACTION\",\"@id\":\"https:\/\/www.public.sn\/#\/schema\/person\/cb76c8e1b8becc6be61fb5e92d6d0224\"},\"headline\":\"Affaire Prodac : Ousmane Sonko invit\u00e9 \u00e0 faire amende honorable\",\"datePublished\":\"2023-03-18T11:18:33+00:00\",\"mainEntityOfPage\":{\"@id\":\"https:\/\/www.public.sn\/index.php\/2023\/03\/18\/affaire-prodac-ousmane-sonko-invite-a-faire-amende-honorable\/\"},\"wordCount\":310,\"commentCount\":1,\"publisher\":{\"@id\":\"https:\/\/www.public.sn\/#organization\"},\"image\":{\"@id\":\"https:\/\/www.public.sn\/index.php\/2023\/03\/18\/affaire-prodac-ousmane-sonko-invite-a-faire-amende-honorable\/#primaryimage\"},\"thumbnailUrl\":\"https:\/\/www.public.sn\/wp-content\/uploads\/2023\/03\/ousmane-sonko.jpg\",\"keywords\":[\"Birahim Camara\",\"Ousmane Sonko\"],\"articleSection\":[\"ACTUALIT\u00c9S\",\"COMMUNIQU\u00c9\",\"POLITIQUE\",\"S\u00c9CURIT\u00c9 &amp; JUSTICE\",\"S\u00c9N\u00c9GAL\",\"SOCIETE\"],\"inLanguage\":\"fr-FR\",\"potentialAction\":[{\"@type\":\"CommentAction\",\"name\":\"Comment\",\"target\":[\"https:\/\/www.public.sn\/index.php\/2023\/03\/18\/affaire-prodac-ousmane-sonko-invite-a-faire-amende-honorable\/#respond\"]}]},{\"@type\":\"WebPage\",\"@id\":\"https:\/\/www.public.sn\/index.php\/2023\/03\/18\/affaire-prodac-ousmane-sonko-invite-a-faire-amende-honorable\/\",\"url\":\"https:\/\/www.public.sn\/index.php\/2023\/03\/18\/affaire-prodac-ousmane-sonko-invite-a-faire-amende-honorable\/\",\"name\":\"Affaire Prodac : Ousmane Sonko invit\u00e9 \u00e0 faire amende honorable - LE PUBLIC\",\"isPartOf\":{\"@id\":\"https:\/\/www.public.sn\/#website\"},\"primaryImageOfPage\":{\"@id\":\"https:\/\/www.public.sn\/index.php\/2023\/03\/18\/affaire-prodac-ousmane-sonko-invite-a-faire-amende-honorable\/#primaryimage\"},\"image\":{\"@id\":\"https:\/\/www.public.sn\/index.php\/2023\/03\/18\/affaire-prodac-ousmane-sonko-invite-a-faire-amende-honorable\/#primaryimage\"},\"thumbnailUrl\":\"https:\/\/www.public.sn\/wp-content\/uploads\/2023\/03\/ousmane-sonko.jpg\",\"datePublished\":\"2023-03-18T11:18:33+00:00\",\"breadcrumb\":{\"@id\":\"https:\/\/www.public.sn\/index.php\/2023\/03\/18\/affaire-prodac-ousmane-sonko-invite-a-faire-amende-honorable\/#breadcrumb\"},\"inLanguage\":\"fr-FR\",\"potentialAction\":[{\"@type\":\"ReadAction\",\"target\":[\"https:\/\/www.public.sn\/index.php\/2023\/03\/18\/affaire-prodac-ousmane-sonko-invite-a-faire-amende-honorable\/\"]}]},{\"@type\":\"ImageObject\",\"inLanguage\":\"fr-FR\",\"@id\":\"https:\/\/www.public.sn\/index.php\/2023\/03\/18\/affaire-prodac-ousmane-sonko-invite-a-faire-amende-honorable\/#primaryimage\",\"url\":\"https:\/\/www.public.sn\/wp-content\/uploads\/2023\/03\/ousmane-sonko.jpg\",\"contentUrl\":\"https:\/\/www.public.sn\/wp-content\/uploads\/2023\/03\/ousmane-sonko.jpg\",\"width\":1024,\"height\":682},{\"@type\":\"BreadcrumbList\",\"@id\":\"https:\/\/www.public.sn\/index.php\/2023\/03\/18\/affaire-prodac-ousmane-sonko-invite-a-faire-amende-honorable\/#breadcrumb\",\"itemListElement\":[{\"@type\":\"ListItem\",\"position\":1,\"name\":\"Accueil\",\"item\":\"https:\/\/www.public.sn\/\"},{\"@type\":\"ListItem\",\"position\":2,\"name\":\"Affaire Prodac : Ousmane Sonko invit\u00e9 \u00e0 faire amende honorable\"}]},{\"@type\":\"WebSite\",\"@id\":\"https:\/\/www.public.sn\/#website\",\"url\":\"https:\/\/www.public.sn\/\",\"name\":\"LE PUBLIC\",\"description\":\"\",\"publisher\":{\"@id\":\"https:\/\/www.public.sn\/#organization\"},\"potentialAction\":[{\"@type\":\"SearchAction\",\"target\":{\"@type\":\"EntryPoint\",\"urlTemplate\":\"https:\/\/www.public.sn\/?s={search_term_string}\"},\"query-input\":{\"@type\":\"PropertyValueSpecification\",\"valueRequired\":true,\"valueName\":\"search_term_string\"}}],\"inLanguage\":\"fr-FR\"},{\"@type\":\"Organization\",\"@id\":\"https:\/\/www.public.sn\/#organization\",\"name\":\"LE PUBLIC\",\"url\":\"https:\/\/www.public.sn\/\",\"logo\":{\"@type\":\"ImageObject\",\"inLanguage\":\"fr-FR\",\"@id\":\"https:\/\/www.public.sn\/#\/schema\/logo\/image\/\",\"url\":\"https:\/\/www.public.sn\/wp-content\/uploads\/2024\/05\/cropped-LOGO-PUBLIC.SN_.png\",\"contentUrl\":\"https:\/\/www.public.sn\/wp-content\/uploads\/2024\/05\/cropped-LOGO-PUBLIC.SN_.png\",\"width\":682,\"height\":192,\"caption\":\"LE PUBLIC\"},\"image\":{\"@id\":\"https:\/\/www.public.sn\/#\/schema\/logo\/image\/\"}},{\"@type\":\"Person\",\"@id\":\"https:\/\/www.public.sn\/#\/schema\/person\/cb76c8e1b8becc6be61fb5e92d6d0224\",\"name\":\"LA REDACTION\",\"image\":{\"@type\":\"ImageObject\",\"inLanguage\":\"fr-FR\",\"@id\":\"https:\/\/www.public.sn\/#\/schema\/person\/image\/\",\"url\":\"https:\/\/secure.gravatar.com\/avatar\/2dce5ddd34b8fef0180efe03aa2a9bee7d953856048f9a16b298190a3178407c?s=96&d=mm&r=g\",\"contentUrl\":\"https:\/\/secure.gravatar.com\/avatar\/2dce5ddd34b8fef0180efe03aa2a9bee7d953856048f9a16b298190a3178407c?s=96&d=mm&r=g\",\"caption\":\"LA REDACTION\"},\"url\":\"https:\/\/www.public.sn\/index.php\/author\/editeurpsn\/\"}]}<\/script>\n<!-- \/ Yoast SEO plugin. -->","yoast_head_json":{"title":"Affaire Prodac : Ousmane Sonko invit\u00e9 \u00e0 faire amende honorable - LE PUBLIC","robots":{"index":"index","follow":"follow","max-snippet":"max-snippet:-1","max-image-preview":"max-image-preview:large","max-video-preview":"max-video-preview:-1"},"canonical":"https:\/\/www.public.sn\/index.php\/2023\/03\/18\/affaire-prodac-ousmane-sonko-invite-a-faire-amende-honorable\/","og_locale":"fr_FR","og_type":"article","og_title":"Affaire Prodac : Ousmane Sonko invit\u00e9 \u00e0 faire amende honorable - LE PUBLIC","og_description":"A Monsieur Ousmane Sonko President des Pastefs. Monsieur Le Pr\u00e9sident, Les paysans de la Casamance\u00a0 , les laitiers du Fouta , les poissonniers de toutes les c\u00f4tes,\u00a0 les arachidiers du centre vivent dans l\u2019angoisse la plus totale. Les artisans de Ngaye Mekhe,\u00a0 les acteurs de l\u2019informel, les salari\u00e9s en CDI et en CDD dans les secteurs de notre \u00e9conomie m\u00e9ritent une attention toute particuli\u00e8re en ce moment de di\u00e8te et de disette . Le S\u00e9n\u00e9gal et les s\u00e9n\u00e9galais ont peur de la chute vertigineuse de leur qui\u00e9tude sociale , de l\u2019ins\u00e9curit\u00e9 \u00e9conomique ambiante et surtout des horizons nuageux quant au devenir de notre nation , de notre peuple et de nos institutions tr\u00e8s perturb\u00e9s par les vagues de violence d\u00e9clench\u00e9es \u00e0 la veille,\u00a0 au cours et apr\u00e8s chacune de vos comparutions devant la justice dans cette affaire de diffamation qui vous oppose au Ministre du Tourisme,\u00a0 Monsieur Mame Mbaye Niang. Si par erreur, vous \u00eates convaincu d\u2019avoir \u00e9t\u00e9 induit en erreur ou de vous \u00eatre tromp\u00e9 de bonne foi , alors Monsieur le Pr\u00e9sident, faites amende honorable. Cela vous grandira davantage car avant notre si\u00e8cle, il \u00e9tait \u00e9crit que : \u00a0\u00bb quand on a\u00a0 tout\u00a0 perdu , la seule chose \u00e0 sauver est l\u2019honneur \u00ab\u00a0. Monsieur Le Pr\u00e9sident, reconna\u00eetre ses limites et accepter la r\u00e9paration du tort involontairement ou par m\u00e9garde\u00a0 fait \u00e0 autrui constitue les premiers jalons que le peuple attend de celle ou de celui qui demande sa confiance\u00a0 . Si tel serait le cas , vous sauriez trouver les voies et moyens de faire la paix avec votre accusateur . Au nom de la R\u00e9publique , Au nom de la d\u00e9mocratie et Pour le\u00a0 peuple et\u00a0 la nation agissez vite Monsieur Le Pr\u00e9sident. Birahim Camara.\u00a0","og_url":"https:\/\/www.public.sn\/index.php\/2023\/03\/18\/affaire-prodac-ousmane-sonko-invite-a-faire-amende-honorable\/","og_site_name":"LE PUBLIC","article_published_time":"2023-03-18T11:18:33+00:00","og_image":[{"width":1024,"height":682,"url":"https:\/\/www.public.sn\/wp-content\/uploads\/2023\/03\/ousmane-sonko.jpg","type":"image\/jpeg"}],"author":"LA REDACTION","twitter_card":"summary_large_image","twitter_misc":{"\u00c9crit par":"LA REDACTION","Dur\u00e9e de lecture estim\u00e9e":"2 minutes"},"schema":{"@context":"https:\/\/schema.org","@graph":[{"@type":"Article","@id":"https:\/\/www.public.sn\/index.php\/2023\/03\/18\/affaire-prodac-ousmane-sonko-invite-a-faire-amende-honorable\/#article","isPartOf":{"@id":"https:\/\/www.public.sn\/index.php\/2023\/03\/18\/affaire-prodac-ousmane-sonko-invite-a-faire-amende-honorable\/"},"author":{"name":"LA REDACTION","@id":"https:\/\/www.public.sn\/#\/schema\/person\/cb76c8e1b8becc6be61fb5e92d6d0224"},"headline":"Affaire Prodac : Ousmane Sonko invit\u00e9 \u00e0 faire amende honorable","datePublished":"2023-03-18T11:18:33+00:00","mainEntityOfPage":{"@id":"https:\/\/www.public.sn\/index.php\/2023\/03\/18\/affaire-prodac-ousmane-sonko-invite-a-faire-amende-honorable\/"},"wordCount":310,"commentCount":1,"publisher":{"@id":"https:\/\/www.public.sn\/#organization"},"image":{"@id":"https:\/\/www.public.sn\/index.php\/2023\/03\/18\/affaire-prodac-ousmane-sonko-invite-a-faire-amende-honorable\/#primaryimage"},"thumbnailUrl":"https:\/\/www.public.sn\/wp-content\/uploads\/2023\/03\/ousmane-sonko.jpg","keywords":["Birahim Camara","Ousmane Sonko"],"articleSection":["ACTUALIT\u00c9S","COMMUNIQU\u00c9","POLITIQUE","S\u00c9CURIT\u00c9 &amp; JUSTICE","S\u00c9N\u00c9GAL","SOCIETE"],"inLanguage":"fr-FR","potentialAction":[{"@type":"CommentAction","name":"Comment","target":["https:\/\/www.public.sn\/index.php\/2023\/03\/18\/affaire-prodac-ousmane-sonko-invite-a-faire-amende-honorable\/#respond"]}]},{"@type":"WebPage","@id":"https:\/\/www.public.sn\/index.php\/2023\/03\/18\/affaire-prodac-ousmane-sonko-invite-a-faire-amende-honorable\/","url":"https:\/\/www.public.sn\/index.php\/2023\/03\/18\/affaire-prodac-ousmane-sonko-invite-a-faire-amende-honorable\/","name":"Affaire Prodac : Ousmane Sonko invit\u00e9 \u00e0 faire amende honorable - LE PUBLIC","isPartOf":{"@id":"https:\/\/www.public.sn\/#website"},"primaryImageOfPage":{"@id":"https:\/\/www.public.sn\/index.php\/2023\/03\/18\/affaire-prodac-ousmane-sonko-invite-a-faire-amende-honorable\/#primaryimage"},"image":{"@id":"https:\/\/www.public.sn\/index.php\/2023\/03\/18\/affaire-prodac-ousmane-sonko-invite-a-faire-amende-honorable\/#primaryimage"},"thumbnailUrl":"https:\/\/www.public.sn\/wp-content\/uploads\/2023\/03\/ousmane-sonko.jpg","datePublished":"2023-03-18T11:18:33+00:00","breadcrumb":{"@id":"https:\/\/www.public.sn\/index.php\/2023\/03\/18\/affaire-prodac-ousmane-sonko-invite-a-faire-amende-honorable\/#breadcrumb"},"inLanguage":"fr-FR","potentialAction":[{"@type":"ReadAction","target":["https:\/\/www.public.sn\/index.php\/2023\/03\/18\/affaire-prodac-ousmane-sonko-invite-a-faire-amende-honorable\/"]}]},{"@type":"ImageObject","inLanguage":"fr-FR","@id":"https:\/\/www.public.sn\/index.php\/2023\/03\/18\/affaire-prodac-ousmane-sonko-invite-a-faire-amende-honorable\/#primaryimage","url":"https:\/\/www.public.sn\/wp-content\/uploads\/2023\/03\/ousmane-sonko.jpg","contentUrl":"https:\/\/www.public.sn\/wp-content\/uploads\/2023\/03\/ousmane-sonko.jpg","width":1024,"height":682},{"@type":"BreadcrumbList","@id":"https:\/\/www.public.sn\/index.php\/2023\/03\/18\/affaire-prodac-ousmane-sonko-invite-a-faire-amende-honorable\/#breadcrumb","itemListElement":[{"@type":"ListItem","position":1,"name":"Accueil","item":"https:\/\/www.public.sn\/"},{"@type":"ListItem","position":2,"name":"Affaire Prodac : Ousmane Sonko invit\u00e9 \u00e0 faire amende honorable"}]},{"@type":"WebSite","@id":"https:\/\/www.public.sn\/#website","url":"https:\/\/www.public.sn\/","name":"LE PUBLIC","description":"","publisher":{"@id":"https:\/\/www.public.sn\/#organization"},"potentialAction":[{"@type":"SearchAction","target":{"@type":"EntryPoint","urlTemplate":"https:\/\/www.public.sn\/?s={search_term_string}"},"query-input":{"@type":"PropertyValueSpecification","valueRequired":true,"valueName":"search_term_string"}}],"inLanguage":"fr-FR"},{"@type":"Organization","@id":"https:\/\/www.public.sn\/#organization","name":"LE PUBLIC","url":"https:\/\/www.public.sn\/","logo":{"@type":"ImageObject","inLanguage":"fr-FR","@id":"https:\/\/www.public.sn\/#\/schema\/logo\/image\/","url":"https:\/\/www.public.sn\/wp-content\/uploads\/2024\/05\/cropped-LOGO-PUBLIC.SN_.png","contentUrl":"https:\/\/www.public.sn\/wp-content\/uploads\/2024\/05\/cropped-LOGO-PUBLIC.SN_.png","width":682,"height":192,"caption":"LE PUBLIC"},"image":{"@id":"https:\/\/www.public.sn\/#\/schema\/logo\/image\/"}},{"@type":"Person","@id":"https:\/\/www.public.sn\/#\/schema\/person\/cb76c8e1b8becc6be61fb5e92d6d0224","name":"LA REDACTION","image":{"@type":"ImageObject","inLanguage":"fr-FR","@id":"https:\/\/www.public.sn\/#\/schema\/person\/image\/","url":"https:\/\/secure.gravatar.com\/avatar\/2dce5ddd34b8fef0180efe03aa2a9bee7d953856048f9a16b298190a3178407c?s=96&d=mm&r=g","contentUrl":"https:\/\/secure.gravatar.com\/avatar\/2dce5ddd34b8fef0180efe03aa2a9bee7d953856048f9a16b298190a3178407c?s=96&d=mm&r=g","caption":"LA REDACTION"},"url":"https:\/\/www.public.sn\/index.php\/author\/editeurpsn\/"}]}},"jetpack_featured_media_url":"https:\/\/www.public.sn\/wp-content\/uploads\/2023\/03\/ousmane-sonko.jpg","jetpack_sharing_enabled":true,"_links":{"self":[{"href":"https:\/\/www.public.sn\/index.php\/wp-json\/wp\/v2\/posts\/18243","targetHints":{"allow":["GET"]}}],"collection":[{"href":"https:\/\/www.public.sn\/index.php\/wp-json\/wp\/v2\/posts"}],"about":[{"href":"https:\/\/www.public.sn\/index.php\/wp-json\/wp\/v2\/types\/post"}],"author":[{"embeddable":true,"href":"https:\/\/www.public.sn\/index.php\/wp-json\/wp\/v2\/users\/7"}],"replies":[{"embeddable":true,"href":"https:\/\/www.public.sn\/index.php\/wp-json\/wp\/v2\/comments?post=18243"}],"version-history":[{"count":1,"href":"https:\/\/www.public.sn\/index.php\/wp-json\/wp\/v2\/posts\/18243\/revisions"}],"predecessor-version":[{"id":18245,"href":"https:\/\/www.public.sn\/index.php\/wp-json\/wp\/v2\/posts\/18243\/revisions\/18245"}],"wp:featuredmedia":[{"embeddable":true,"href":"https:\/\/www.public.sn\/index.php\/wp-json\/wp\/v2\/media\/18244"}],"wp:attachment":[{"href":"https:\/\/www.public.sn\/index.php\/wp-json\/wp\/v2\/media?parent=18243"}],"wp:term":[{"taxonomy":"category","embeddable":true,"href":"https:\/\/www.public.sn\/index.php\/wp-json\/wp\/v2\/categories?post=18243"},{"taxonomy":"post_tag","embeddable":true,"href":"https:\/\/www.public.sn\/index.php\/wp-json\/wp\/v2\/tags?post=18243"}],"curies":[{"name":"wp","href":"https:\/\/api.w.org\/{rel}","templated":true}]}}