{"id":18246,"date":"2023-03-18T11:27:34","date_gmt":"2023-03-18T11:27:34","guid":{"rendered":"https:\/\/www.public.sn\/?p=18246"},"modified":"2023-03-18T11:27:34","modified_gmt":"2023-03-18T11:27:34","slug":"suma-ce-que-lequipe-medicale-a-dit-a-la-delegation-du-pds","status":"publish","type":"post","link":"https:\/\/www.public.sn\/index.php\/2023\/03\/18\/suma-ce-que-lequipe-medicale-a-dit-a-la-delegation-du-pds\/","title":{"rendered":"SUMA : Ce que l\u2019\u00e9quipe m\u00e9dicale a dit \u00e0 la d\u00e9l\u00e9gation du PDS"},"content":{"rendered":"<div><strong><span style=\"font-size: x-large;\">C\u2019\u00e9tait annonc\u00e9 qu\u2019<a href=\"https:\/\/www.public.sn\/index.php\/2023\/03\/18\/le-pds-envoie-une-delegation-au-chevet-de-ousmane-sonko\/\">une d\u00e9l\u00e9gation du Parti d\u00e9mocratique s\u00e9n\u00e9galais (PDS) allait rendre visite au patron de Pastef\/Les patriotes<\/a>, Ousmane Sonko intern\u00e9 \u00e0 la clinique Suma assistance sise \u00e0 la Cit\u00e9 Keur Gorgui, pour y recevoir des soins.<\/span><\/strong><\/div>\n<div><span style=\"font-size: x-large;\">\u00a0<\/span><\/div>\n<div><span style=\"font-size: x-large;\">Cependant, Dakaractu informe que le porte-parole, Assane B\u00e2, le d\u00e9put\u00e9 Serigne Abo Thiam et le secr\u00e9taire national de l\u2019Union des jeunesses travaillistes et lib\u00e9rales (UJTL) Frank Daddy Diatta ont pu seulement rencontrer l\u2019\u00e9quipe m\u00e9dicale. \u00abElle a estim\u00e9 que Ousmane Sonko a besoin de repos pour que les m\u00e9dicaments pris fassent effet \u00bb, souligne-t-on.<\/span><\/div>\n<div><span style=\"font-size: x-large;\">\u00a0<\/span><\/div>\n<div><span style=\"font-size: x-large;\">Les visiteurs, indique toujours la source, ont transmis le message du PDS au leader de Pastef-Les Patriotes en lui souhaitant un prompt r\u00e9tablissement.<\/span><\/div>\n<div><span style=\"font-size: x-large;\">\u00a0<\/span><\/div>\n<div><span style=\"font-size: x-large;\">Ousmane Sonko dit \u00eatre sujet \u00e0 de terribles vertiges. \u00abje souffre de douleurs au bas ventre et j&rsquo;\u00e9prouve des difficult\u00e9s respiratoires \u00bb, a-t-il ajout\u00e9, hier apr\u00e8s sa chaude journ\u00e9e avec les Forces de d\u00e9fense et de s\u00e9curit\u00e9.<\/span><\/div>\n<div class=\"publi-apres-le-contenu\" style=\"margin-top: 10px;margin-bottom: 10px;margin-left: auto;margin-right: auto;text-align: center;\" id=\"publi-2451536843\"><div class=\"publi-adlabel\">Publicit\u00e9<\/div><script async src=\"\/\/pagead2.googlesyndication.com\/pagead\/js\/adsbygoogle.js?client=ca-pub-4089586018074219\" crossorigin=\"anonymous\"><\/script><ins class=\"adsbygoogle\" style=\"display:block;\" data-ad-client=\"ca-pub-4089586018074219\" \ndata-ad-slot=\"2087940154\" \ndata-ad-format=\"auto\"><\/ins>\n<script> \n(adsbygoogle = window.adsbygoogle || []).push({}); \n<\/script>\n<\/div>","protected":false},"excerpt":{"rendered":"<p>C\u2019\u00e9tait annonc\u00e9 qu\u2019une d\u00e9l\u00e9gation du Parti d\u00e9mocratique s\u00e9n\u00e9galais (PDS) allait rendre visite au patron de Pastef\/Les patriotes, Ousmane Sonko intern\u00e9 \u00e0 la clinique Suma assistance sise \u00e0 la Cit\u00e9 Keur Gorgui, pour y recevoir des soins. \u00a0 Cependant, Dakaractu informe que le porte-parole, Assane B\u00e2, le d\u00e9put\u00e9 Serigne Abo Thiam et le secr\u00e9taire national de l\u2019Union des jeunesses travaillistes et lib\u00e9rales (UJTL) Frank Daddy Diatta ont pu seulement rencontrer l\u2019\u00e9quipe m\u00e9dicale. \u00abElle a estim\u00e9 que Ousmane Sonko a besoin de repos pour que les m\u00e9dicaments pris fassent effet \u00bb, souligne-t-on. \u00a0 Les visiteurs, indique toujours la source, ont transmis le message du PDS au leader de Pastef-Les Patriotes en lui souhaitant un prompt r\u00e9tablissement. \u00a0 Ousmane Sonko dit \u00eatre sujet \u00e0 de terribles vertiges. \u00abje souffre de douleurs au bas ventre et j&rsquo;\u00e9prouve des difficult\u00e9s respiratoires \u00bb, a-t-il ajout\u00e9, hier apr\u00e8s sa chaude journ\u00e9e avec les Forces de d\u00e9fense et de s\u00e9curit\u00e9.<\/p>\n","protected":false},"author":7,"featured_media":18247,"comment_status":"open","ping_status":"open","sticky":false,"template":"","format":"standard","meta":{"_jetpack_memberships_contains_paid_content":false,"footnotes":""},"categories":[375,3,1574,376,1,372],"tags":[16,297,4834,4833],"class_list":["post-18246","post","type-post","status-publish","format-standard","has-post-thumbnail","hentry","category-actualites","category-politique","category-sante","category-securite-justice","category-non-classe","category-vedette","tag-ousmane-sonko","tag-pds","tag-suma","tag-viisite","entry","has-media","owp-thumbs-layout-horizontal","owp-btn-normal","owp-tabs-layout-horizontal","has-no-thumbnails","has-product-nav"],"yoast_head":"<!-- This site is optimized with the Yoast SEO plugin v25.5 - https:\/\/yoast.com\/wordpress\/plugins\/seo\/ -->\n<title>SUMA : Ce que l\u2019\u00e9quipe m\u00e9dicale a dit \u00e0 la d\u00e9l\u00e9gation du PDS - LE PUBLIC<\/title>\n<meta name=\"robots\" content=\"index, follow, max-snippet:-1, max-image-preview:large, max-video-preview:-1\" \/>\n<link rel=\"canonical\" href=\"https:\/\/www.public.sn\/index.php\/2023\/03\/18\/suma-ce-que-lequipe-medicale-a-dit-a-la-delegation-du-pds\/\" \/>\n<meta property=\"og:locale\" content=\"fr_FR\" \/>\n<meta property=\"og:type\" content=\"article\" \/>\n<meta property=\"og:title\" content=\"SUMA : Ce que l\u2019\u00e9quipe m\u00e9dicale a dit \u00e0 la d\u00e9l\u00e9gation du PDS - LE PUBLIC\" \/>\n<meta property=\"og:description\" content=\"C\u2019\u00e9tait annonc\u00e9 qu\u2019une d\u00e9l\u00e9gation du Parti d\u00e9mocratique s\u00e9n\u00e9galais (PDS) allait rendre visite au patron de Pastef\/Les patriotes, Ousmane Sonko intern\u00e9 \u00e0 la clinique Suma assistance sise \u00e0 la Cit\u00e9 Keur Gorgui, pour y recevoir des soins. \u00a0 Cependant, Dakaractu informe que le porte-parole, Assane B\u00e2, le d\u00e9put\u00e9 Serigne Abo Thiam et le secr\u00e9taire national de l\u2019Union des jeunesses travaillistes et lib\u00e9rales (UJTL) Frank Daddy Diatta ont pu seulement rencontrer l\u2019\u00e9quipe m\u00e9dicale. \u00abElle a estim\u00e9 que Ousmane Sonko a besoin de repos pour que les m\u00e9dicaments pris fassent effet \u00bb, souligne-t-on. \u00a0 Les visiteurs, indique toujours la source, ont transmis le message du PDS au leader de Pastef-Les Patriotes en lui souhaitant un prompt r\u00e9tablissement. \u00a0 Ousmane Sonko dit \u00eatre sujet \u00e0 de terribles vertiges. \u00abje souffre de douleurs au bas ventre et j&rsquo;\u00e9prouve des difficult\u00e9s respiratoires \u00bb, a-t-il ajout\u00e9, hier apr\u00e8s sa chaude journ\u00e9e avec les Forces de d\u00e9fense et de s\u00e9curit\u00e9.\" \/>\n<meta property=\"og:url\" content=\"https:\/\/www.public.sn\/index.php\/2023\/03\/18\/suma-ce-que-lequipe-medicale-a-dit-a-la-delegation-du-pds\/\" \/>\n<meta property=\"og:site_name\" content=\"LE PUBLIC\" \/>\n<meta property=\"article:published_time\" content=\"2023-03-18T11:27:34+00:00\" \/>\n<meta property=\"og:image\" content=\"https:\/\/www.public.sn\/wp-content\/uploads\/2023\/03\/image_2023-03-18_112644231.png\" \/>\n\t<meta property=\"og:image:width\" content=\"612\" \/>\n\t<meta property=\"og:image:height\" content=\"298\" \/>\n\t<meta property=\"og:image:type\" content=\"image\/png\" \/>\n<meta name=\"author\" content=\"LA REDACTION\" \/>\n<meta name=\"twitter:card\" content=\"summary_large_image\" \/>\n<meta name=\"twitter:label1\" content=\"\u00c9crit par\" \/>\n\t<meta name=\"twitter:data1\" content=\"LA REDACTION\" \/>\n\t<meta name=\"twitter:label2\" content=\"Dur\u00e9e de lecture estim\u00e9e\" \/>\n\t<meta name=\"twitter:data2\" content=\"1 minute\" \/>\n<script type=\"application\/ld+json\" class=\"yoast-schema-graph\">{\"@context\":\"https:\/\/schema.org\",\"@graph\":[{\"@type\":\"Article\",\"@id\":\"https:\/\/www.public.sn\/index.php\/2023\/03\/18\/suma-ce-que-lequipe-medicale-a-dit-a-la-delegation-du-pds\/#article\",\"isPartOf\":{\"@id\":\"https:\/\/www.public.sn\/index.php\/2023\/03\/18\/suma-ce-que-lequipe-medicale-a-dit-a-la-delegation-du-pds\/\"},\"author\":{\"name\":\"LA REDACTION\",\"@id\":\"https:\/\/www.public.sn\/#\/schema\/person\/cb76c8e1b8becc6be61fb5e92d6d0224\"},\"headline\":\"SUMA : Ce que l\u2019\u00e9quipe m\u00e9dicale a dit \u00e0 la d\u00e9l\u00e9gation du PDS\",\"datePublished\":\"2023-03-18T11:27:34+00:00\",\"mainEntityOfPage\":{\"@id\":\"https:\/\/www.public.sn\/index.php\/2023\/03\/18\/suma-ce-que-lequipe-medicale-a-dit-a-la-delegation-du-pds\/\"},\"wordCount\":181,\"commentCount\":0,\"publisher\":{\"@id\":\"https:\/\/www.public.sn\/#organization\"},\"image\":{\"@id\":\"https:\/\/www.public.sn\/index.php\/2023\/03\/18\/suma-ce-que-lequipe-medicale-a-dit-a-la-delegation-du-pds\/#primaryimage\"},\"thumbnailUrl\":\"https:\/\/www.public.sn\/wp-content\/uploads\/2023\/03\/image_2023-03-18_112644231.png\",\"keywords\":[\"Ousmane Sonko\",\"Pds\",\"SUMA\",\"viisite\"],\"articleSection\":[\"ACTUALIT\u00c9S\",\"POLITIQUE\",\"SANT\u00c9\",\"S\u00c9CURIT\u00c9 &amp; JUSTICE\",\"S\u00c9N\u00c9GAL\",\"VEDETTE\"],\"inLanguage\":\"fr-FR\",\"potentialAction\":[{\"@type\":\"CommentAction\",\"name\":\"Comment\",\"target\":[\"https:\/\/www.public.sn\/index.php\/2023\/03\/18\/suma-ce-que-lequipe-medicale-a-dit-a-la-delegation-du-pds\/#respond\"]}]},{\"@type\":\"WebPage\",\"@id\":\"https:\/\/www.public.sn\/index.php\/2023\/03\/18\/suma-ce-que-lequipe-medicale-a-dit-a-la-delegation-du-pds\/\",\"url\":\"https:\/\/www.public.sn\/index.php\/2023\/03\/18\/suma-ce-que-lequipe-medicale-a-dit-a-la-delegation-du-pds\/\",\"name\":\"SUMA : Ce que l\u2019\u00e9quipe m\u00e9dicale a dit \u00e0 la d\u00e9l\u00e9gation du PDS - LE PUBLIC\",\"isPartOf\":{\"@id\":\"https:\/\/www.public.sn\/#website\"},\"primaryImageOfPage\":{\"@id\":\"https:\/\/www.public.sn\/index.php\/2023\/03\/18\/suma-ce-que-lequipe-medicale-a-dit-a-la-delegation-du-pds\/#primaryimage\"},\"image\":{\"@id\":\"https:\/\/www.public.sn\/index.php\/2023\/03\/18\/suma-ce-que-lequipe-medicale-a-dit-a-la-delegation-du-pds\/#primaryimage\"},\"thumbnailUrl\":\"https:\/\/www.public.sn\/wp-content\/uploads\/2023\/03\/image_2023-03-18_112644231.png\",\"datePublished\":\"2023-03-18T11:27:34+00:00\",\"breadcrumb\":{\"@id\":\"https:\/\/www.public.sn\/index.php\/2023\/03\/18\/suma-ce-que-lequipe-medicale-a-dit-a-la-delegation-du-pds\/#breadcrumb\"},\"inLanguage\":\"fr-FR\",\"potentialAction\":[{\"@type\":\"ReadAction\",\"target\":[\"https:\/\/www.public.sn\/index.php\/2023\/03\/18\/suma-ce-que-lequipe-medicale-a-dit-a-la-delegation-du-pds\/\"]}]},{\"@type\":\"ImageObject\",\"inLanguage\":\"fr-FR\",\"@id\":\"https:\/\/www.public.sn\/index.php\/2023\/03\/18\/suma-ce-que-lequipe-medicale-a-dit-a-la-delegation-du-pds\/#primaryimage\",\"url\":\"https:\/\/www.public.sn\/wp-content\/uploads\/2023\/03\/image_2023-03-18_112644231.png\",\"contentUrl\":\"https:\/\/www.public.sn\/wp-content\/uploads\/2023\/03\/image_2023-03-18_112644231.png\",\"width\":612,\"height\":298},{\"@type\":\"BreadcrumbList\",\"@id\":\"https:\/\/www.public.sn\/index.php\/2023\/03\/18\/suma-ce-que-lequipe-medicale-a-dit-a-la-delegation-du-pds\/#breadcrumb\",\"itemListElement\":[{\"@type\":\"ListItem\",\"position\":1,\"name\":\"Accueil\",\"item\":\"https:\/\/www.public.sn\/\"},{\"@type\":\"ListItem\",\"position\":2,\"name\":\"SUMA : Ce que l\u2019\u00e9quipe m\u00e9dicale a dit \u00e0 la d\u00e9l\u00e9gation du PDS\"}]},{\"@type\":\"WebSite\",\"@id\":\"https:\/\/www.public.sn\/#website\",\"url\":\"https:\/\/www.public.sn\/\",\"name\":\"LE PUBLIC\",\"description\":\"\",\"publisher\":{\"@id\":\"https:\/\/www.public.sn\/#organization\"},\"potentialAction\":[{\"@type\":\"SearchAction\",\"target\":{\"@type\":\"EntryPoint\",\"urlTemplate\":\"https:\/\/www.public.sn\/?s={search_term_string}\"},\"query-input\":{\"@type\":\"PropertyValueSpecification\",\"valueRequired\":true,\"valueName\":\"search_term_string\"}}],\"inLanguage\":\"fr-FR\"},{\"@type\":\"Organization\",\"@id\":\"https:\/\/www.public.sn\/#organization\",\"name\":\"LE PUBLIC\",\"url\":\"https:\/\/www.public.sn\/\",\"logo\":{\"@type\":\"ImageObject\",\"inLanguage\":\"fr-FR\",\"@id\":\"https:\/\/www.public.sn\/#\/schema\/logo\/image\/\",\"url\":\"https:\/\/www.public.sn\/wp-content\/uploads\/2024\/05\/cropped-LOGO-PUBLIC.SN_.png\",\"contentUrl\":\"https:\/\/www.public.sn\/wp-content\/uploads\/2024\/05\/cropped-LOGO-PUBLIC.SN_.png\",\"width\":682,\"height\":192,\"caption\":\"LE PUBLIC\"},\"image\":{\"@id\":\"https:\/\/www.public.sn\/#\/schema\/logo\/image\/\"}},{\"@type\":\"Person\",\"@id\":\"https:\/\/www.public.sn\/#\/schema\/person\/cb76c8e1b8becc6be61fb5e92d6d0224\",\"name\":\"LA REDACTION\",\"image\":{\"@type\":\"ImageObject\",\"inLanguage\":\"fr-FR\",\"@id\":\"https:\/\/www.public.sn\/#\/schema\/person\/image\/\",\"url\":\"https:\/\/secure.gravatar.com\/avatar\/2dce5ddd34b8fef0180efe03aa2a9bee7d953856048f9a16b298190a3178407c?s=96&d=mm&r=g\",\"contentUrl\":\"https:\/\/secure.gravatar.com\/avatar\/2dce5ddd34b8fef0180efe03aa2a9bee7d953856048f9a16b298190a3178407c?s=96&d=mm&r=g\",\"caption\":\"LA REDACTION\"},\"url\":\"https:\/\/www.public.sn\/index.php\/author\/editeurpsn\/\"}]}<\/script>\n<!-- \/ Yoast SEO plugin. -->","yoast_head_json":{"title":"SUMA : Ce que l\u2019\u00e9quipe m\u00e9dicale a dit \u00e0 la d\u00e9l\u00e9gation du PDS - LE PUBLIC","robots":{"index":"index","follow":"follow","max-snippet":"max-snippet:-1","max-image-preview":"max-image-preview:large","max-video-preview":"max-video-preview:-1"},"canonical":"https:\/\/www.public.sn\/index.php\/2023\/03\/18\/suma-ce-que-lequipe-medicale-a-dit-a-la-delegation-du-pds\/","og_locale":"fr_FR","og_type":"article","og_title":"SUMA : Ce que l\u2019\u00e9quipe m\u00e9dicale a dit \u00e0 la d\u00e9l\u00e9gation du PDS - LE PUBLIC","og_description":"C\u2019\u00e9tait annonc\u00e9 qu\u2019une d\u00e9l\u00e9gation du Parti d\u00e9mocratique s\u00e9n\u00e9galais (PDS) allait rendre visite au patron de Pastef\/Les patriotes, Ousmane Sonko intern\u00e9 \u00e0 la clinique Suma assistance sise \u00e0 la Cit\u00e9 Keur Gorgui, pour y recevoir des soins. \u00a0 Cependant, Dakaractu informe que le porte-parole, Assane B\u00e2, le d\u00e9put\u00e9 Serigne Abo Thiam et le secr\u00e9taire national de l\u2019Union des jeunesses travaillistes et lib\u00e9rales (UJTL) Frank Daddy Diatta ont pu seulement rencontrer l\u2019\u00e9quipe m\u00e9dicale. \u00abElle a estim\u00e9 que Ousmane Sonko a besoin de repos pour que les m\u00e9dicaments pris fassent effet \u00bb, souligne-t-on. \u00a0 Les visiteurs, indique toujours la source, ont transmis le message du PDS au leader de Pastef-Les Patriotes en lui souhaitant un prompt r\u00e9tablissement. \u00a0 Ousmane Sonko dit \u00eatre sujet \u00e0 de terribles vertiges. \u00abje souffre de douleurs au bas ventre et j&rsquo;\u00e9prouve des difficult\u00e9s respiratoires \u00bb, a-t-il ajout\u00e9, hier apr\u00e8s sa chaude journ\u00e9e avec les Forces de d\u00e9fense et de s\u00e9curit\u00e9.","og_url":"https:\/\/www.public.sn\/index.php\/2023\/03\/18\/suma-ce-que-lequipe-medicale-a-dit-a-la-delegation-du-pds\/","og_site_name":"LE PUBLIC","article_published_time":"2023-03-18T11:27:34+00:00","og_image":[{"width":612,"height":298,"url":"https:\/\/www.public.sn\/wp-content\/uploads\/2023\/03\/image_2023-03-18_112644231.png","type":"image\/png"}],"author":"LA REDACTION","twitter_card":"summary_large_image","twitter_misc":{"\u00c9crit par":"LA REDACTION","Dur\u00e9e de lecture estim\u00e9e":"1 minute"},"schema":{"@context":"https:\/\/schema.org","@graph":[{"@type":"Article","@id":"https:\/\/www.public.sn\/index.php\/2023\/03\/18\/suma-ce-que-lequipe-medicale-a-dit-a-la-delegation-du-pds\/#article","isPartOf":{"@id":"https:\/\/www.public.sn\/index.php\/2023\/03\/18\/suma-ce-que-lequipe-medicale-a-dit-a-la-delegation-du-pds\/"},"author":{"name":"LA REDACTION","@id":"https:\/\/www.public.sn\/#\/schema\/person\/cb76c8e1b8becc6be61fb5e92d6d0224"},"headline":"SUMA : Ce que l\u2019\u00e9quipe m\u00e9dicale a dit \u00e0 la d\u00e9l\u00e9gation du PDS","datePublished":"2023-03-18T11:27:34+00:00","mainEntityOfPage":{"@id":"https:\/\/www.public.sn\/index.php\/2023\/03\/18\/suma-ce-que-lequipe-medicale-a-dit-a-la-delegation-du-pds\/"},"wordCount":181,"commentCount":0,"publisher":{"@id":"https:\/\/www.public.sn\/#organization"},"image":{"@id":"https:\/\/www.public.sn\/index.php\/2023\/03\/18\/suma-ce-que-lequipe-medicale-a-dit-a-la-delegation-du-pds\/#primaryimage"},"thumbnailUrl":"https:\/\/www.public.sn\/wp-content\/uploads\/2023\/03\/image_2023-03-18_112644231.png","keywords":["Ousmane Sonko","Pds","SUMA","viisite"],"articleSection":["ACTUALIT\u00c9S","POLITIQUE","SANT\u00c9","S\u00c9CURIT\u00c9 &amp; JUSTICE","S\u00c9N\u00c9GAL","VEDETTE"],"inLanguage":"fr-FR","potentialAction":[{"@type":"CommentAction","name":"Comment","target":["https:\/\/www.public.sn\/index.php\/2023\/03\/18\/suma-ce-que-lequipe-medicale-a-dit-a-la-delegation-du-pds\/#respond"]}]},{"@type":"WebPage","@id":"https:\/\/www.public.sn\/index.php\/2023\/03\/18\/suma-ce-que-lequipe-medicale-a-dit-a-la-delegation-du-pds\/","url":"https:\/\/www.public.sn\/index.php\/2023\/03\/18\/suma-ce-que-lequipe-medicale-a-dit-a-la-delegation-du-pds\/","name":"SUMA : Ce que l\u2019\u00e9quipe m\u00e9dicale a dit \u00e0 la d\u00e9l\u00e9gation du PDS - LE PUBLIC","isPartOf":{"@id":"https:\/\/www.public.sn\/#website"},"primaryImageOfPage":{"@id":"https:\/\/www.public.sn\/index.php\/2023\/03\/18\/suma-ce-que-lequipe-medicale-a-dit-a-la-delegation-du-pds\/#primaryimage"},"image":{"@id":"https:\/\/www.public.sn\/index.php\/2023\/03\/18\/suma-ce-que-lequipe-medicale-a-dit-a-la-delegation-du-pds\/#primaryimage"},"thumbnailUrl":"https:\/\/www.public.sn\/wp-content\/uploads\/2023\/03\/image_2023-03-18_112644231.png","datePublished":"2023-03-18T11:27:34+00:00","breadcrumb":{"@id":"https:\/\/www.public.sn\/index.php\/2023\/03\/18\/suma-ce-que-lequipe-medicale-a-dit-a-la-delegation-du-pds\/#breadcrumb"},"inLanguage":"fr-FR","potentialAction":[{"@type":"ReadAction","target":["https:\/\/www.public.sn\/index.php\/2023\/03\/18\/suma-ce-que-lequipe-medicale-a-dit-a-la-delegation-du-pds\/"]}]},{"@type":"ImageObject","inLanguage":"fr-FR","@id":"https:\/\/www.public.sn\/index.php\/2023\/03\/18\/suma-ce-que-lequipe-medicale-a-dit-a-la-delegation-du-pds\/#primaryimage","url":"https:\/\/www.public.sn\/wp-content\/uploads\/2023\/03\/image_2023-03-18_112644231.png","contentUrl":"https:\/\/www.public.sn\/wp-content\/uploads\/2023\/03\/image_2023-03-18_112644231.png","width":612,"height":298},{"@type":"BreadcrumbList","@id":"https:\/\/www.public.sn\/index.php\/2023\/03\/18\/suma-ce-que-lequipe-medicale-a-dit-a-la-delegation-du-pds\/#breadcrumb","itemListElement":[{"@type":"ListItem","position":1,"name":"Accueil","item":"https:\/\/www.public.sn\/"},{"@type":"ListItem","position":2,"name":"SUMA : Ce que l\u2019\u00e9quipe m\u00e9dicale a dit \u00e0 la d\u00e9l\u00e9gation du PDS"}]},{"@type":"WebSite","@id":"https:\/\/www.public.sn\/#website","url":"https:\/\/www.public.sn\/","name":"LE PUBLIC","description":"","publisher":{"@id":"https:\/\/www.public.sn\/#organization"},"potentialAction":[{"@type":"SearchAction","target":{"@type":"EntryPoint","urlTemplate":"https:\/\/www.public.sn\/?s={search_term_string}"},"query-input":{"@type":"PropertyValueSpecification","valueRequired":true,"valueName":"search_term_string"}}],"inLanguage":"fr-FR"},{"@type":"Organization","@id":"https:\/\/www.public.sn\/#organization","name":"LE PUBLIC","url":"https:\/\/www.public.sn\/","logo":{"@type":"ImageObject","inLanguage":"fr-FR","@id":"https:\/\/www.public.sn\/#\/schema\/logo\/image\/","url":"https:\/\/www.public.sn\/wp-content\/uploads\/2024\/05\/cropped-LOGO-PUBLIC.SN_.png","contentUrl":"https:\/\/www.public.sn\/wp-content\/uploads\/2024\/05\/cropped-LOGO-PUBLIC.SN_.png","width":682,"height":192,"caption":"LE PUBLIC"},"image":{"@id":"https:\/\/www.public.sn\/#\/schema\/logo\/image\/"}},{"@type":"Person","@id":"https:\/\/www.public.sn\/#\/schema\/person\/cb76c8e1b8becc6be61fb5e92d6d0224","name":"LA REDACTION","image":{"@type":"ImageObject","inLanguage":"fr-FR","@id":"https:\/\/www.public.sn\/#\/schema\/person\/image\/","url":"https:\/\/secure.gravatar.com\/avatar\/2dce5ddd34b8fef0180efe03aa2a9bee7d953856048f9a16b298190a3178407c?s=96&d=mm&r=g","contentUrl":"https:\/\/secure.gravatar.com\/avatar\/2dce5ddd34b8fef0180efe03aa2a9bee7d953856048f9a16b298190a3178407c?s=96&d=mm&r=g","caption":"LA REDACTION"},"url":"https:\/\/www.public.sn\/index.php\/author\/editeurpsn\/"}]}},"jetpack_featured_media_url":"https:\/\/www.public.sn\/wp-content\/uploads\/2023\/03\/image_2023-03-18_112644231.png","jetpack_sharing_enabled":true,"_links":{"self":[{"href":"https:\/\/www.public.sn\/index.php\/wp-json\/wp\/v2\/posts\/18246","targetHints":{"allow":["GET"]}}],"collection":[{"href":"https:\/\/www.public.sn\/index.php\/wp-json\/wp\/v2\/posts"}],"about":[{"href":"https:\/\/www.public.sn\/index.php\/wp-json\/wp\/v2\/types\/post"}],"author":[{"embeddable":true,"href":"https:\/\/www.public.sn\/index.php\/wp-json\/wp\/v2\/users\/7"}],"replies":[{"embeddable":true,"href":"https:\/\/www.public.sn\/index.php\/wp-json\/wp\/v2\/comments?post=18246"}],"version-history":[{"count":2,"href":"https:\/\/www.public.sn\/index.php\/wp-json\/wp\/v2\/posts\/18246\/revisions"}],"predecessor-version":[{"id":18249,"href":"https:\/\/www.public.sn\/index.php\/wp-json\/wp\/v2\/posts\/18246\/revisions\/18249"}],"wp:featuredmedia":[{"embeddable":true,"href":"https:\/\/www.public.sn\/index.php\/wp-json\/wp\/v2\/media\/18247"}],"wp:attachment":[{"href":"https:\/\/www.public.sn\/index.php\/wp-json\/wp\/v2\/media?parent=18246"}],"wp:term":[{"taxonomy":"category","embeddable":true,"href":"https:\/\/www.public.sn\/index.php\/wp-json\/wp\/v2\/categories?post=18246"},{"taxonomy":"post_tag","embeddable":true,"href":"https:\/\/www.public.sn\/index.php\/wp-json\/wp\/v2\/tags?post=18246"}],"curies":[{"name":"wp","href":"https:\/\/api.w.org\/{rel}","templated":true}]}}