{"id":18306,"date":"2023-03-18T21:36:28","date_gmt":"2023-03-18T21:36:28","guid":{"rendered":"https:\/\/www.public.sn\/?p=18306"},"modified":"2023-03-18T21:46:05","modified_gmt":"2023-03-18T21:46:05","slug":"18306","status":"publish","type":"post","link":"https:\/\/www.public.sn\/index.php\/2023\/03\/18\/18306\/","title":{"rendered":"Le maire de la M\u00e9dina Bamba Fall pleure son bras droit Doudou"},"content":{"rendered":"<p><strong>Pr\u00e9sents en masse lors de l&rsquo;enterrement du jeune Doudou Fall, le maire de Dakar Plateau Seydou\u00a0 Gueye ainsi que d&rsquo;autres autorit\u00e9s politiques et religieuses, le maire de la ville de M\u00e9dina Bamba Fall pleure le d\u00e9c\u00e8s de son bras droit\u00a0 Doudou Fall lynch\u00e9 \u00e0 mort lors des manifestations du mercredi 16 mars 2023.<\/strong><\/p><div class=\"publi-paragraphe1\" style=\"margin-top: 10px;margin-bottom: 10px;margin-left: auto;margin-right: auto;text-align: center;\" id=\"publi-1748503785\"><div class=\"publi-adlabel\">Publicit\u00e9<\/div><script async src=\"\/\/pagead2.googlesyndication.com\/pagead\/js\/adsbygoogle.js?client=ca-pub-4089586018074219\" crossorigin=\"anonymous\"><\/script><ins class=\"adsbygoogle\" style=\"display:block;\" data-ad-client=\"ca-pub-4089586018074219\" \ndata-ad-slot=\"2087940154\" \ndata-ad-format=\"auto\"><\/ins>\n<script> \n(adsbygoogle = window.adsbygoogle || []).push({}); \n<\/script>\n<\/div>\n<p><img fetchpriority=\"high\" decoding=\"async\" class=\"alignnone wp-image-18303 size-full\" src=\"https:\/\/www.public.sn\/wp-content\/uploads\/2023\/03\/WhatsApp-Image-2023-03-18-at-20.47.57-2.jpeg\" alt=\"\" width=\"1600\" height=\"900\" srcset=\"https:\/\/www.public.sn\/wp-content\/uploads\/2023\/03\/WhatsApp-Image-2023-03-18-at-20.47.57-2.jpeg 1600w, https:\/\/www.public.sn\/wp-content\/uploads\/2023\/03\/WhatsApp-Image-2023-03-18-at-20.47.57-2-600x338.jpeg 600w, https:\/\/www.public.sn\/wp-content\/uploads\/2023\/03\/WhatsApp-Image-2023-03-18-at-20.47.57-2-300x169.jpeg 300w, https:\/\/www.public.sn\/wp-content\/uploads\/2023\/03\/WhatsApp-Image-2023-03-18-at-20.47.57-2-1024x576.jpeg 1024w, https:\/\/www.public.sn\/wp-content\/uploads\/2023\/03\/WhatsApp-Image-2023-03-18-at-20.47.57-2-768x432.jpeg 768w, https:\/\/www.public.sn\/wp-content\/uploads\/2023\/03\/WhatsApp-Image-2023-03-18-at-20.47.57-2-1536x864.jpeg 1536w, https:\/\/www.public.sn\/wp-content\/uploads\/2023\/03\/WhatsApp-Image-2023-03-18-at-20.47.57-2-800x450.jpeg 800w\" sizes=\"(max-width: 1600px) 100vw, 1600px\" \/><\/p>\n<p><img decoding=\"async\" class=\"alignnone wp-image-18305 size-full\" src=\"https:\/\/www.public.sn\/wp-content\/uploads\/2023\/03\/WhatsApp-Image-2023-03-18-at-20.47.57.jpeg\" alt=\"\" width=\"1600\" height=\"900\" srcset=\"https:\/\/www.public.sn\/wp-content\/uploads\/2023\/03\/WhatsApp-Image-2023-03-18-at-20.47.57.jpeg 1600w, https:\/\/www.public.sn\/wp-content\/uploads\/2023\/03\/WhatsApp-Image-2023-03-18-at-20.47.57-600x338.jpeg 600w, https:\/\/www.public.sn\/wp-content\/uploads\/2023\/03\/WhatsApp-Image-2023-03-18-at-20.47.57-300x169.jpeg 300w, https:\/\/www.public.sn\/wp-content\/uploads\/2023\/03\/WhatsApp-Image-2023-03-18-at-20.47.57-1024x576.jpeg 1024w, https:\/\/www.public.sn\/wp-content\/uploads\/2023\/03\/WhatsApp-Image-2023-03-18-at-20.47.57-768x432.jpeg 768w, https:\/\/www.public.sn\/wp-content\/uploads\/2023\/03\/WhatsApp-Image-2023-03-18-at-20.47.57-1536x864.jpeg 1536w, https:\/\/www.public.sn\/wp-content\/uploads\/2023\/03\/WhatsApp-Image-2023-03-18-at-20.47.57-800x450.jpeg 800w\" sizes=\"(max-width: 1600px) 100vw, 1600px\" \/><\/p>\n<p><img decoding=\"async\" class=\"alignnone wp-image-18304 size-full\" src=\"https:\/\/www.public.sn\/wp-content\/uploads\/2023\/03\/WhatsApp-Image-2023-03-18-at-20.47.57-1.jpeg\" alt=\"\" width=\"1600\" height=\"900\" srcset=\"https:\/\/www.public.sn\/wp-content\/uploads\/2023\/03\/WhatsApp-Image-2023-03-18-at-20.47.57-1.jpeg 1600w, https:\/\/www.public.sn\/wp-content\/uploads\/2023\/03\/WhatsApp-Image-2023-03-18-at-20.47.57-1-600x338.jpeg 600w, https:\/\/www.public.sn\/wp-content\/uploads\/2023\/03\/WhatsApp-Image-2023-03-18-at-20.47.57-1-300x169.jpeg 300w, https:\/\/www.public.sn\/wp-content\/uploads\/2023\/03\/WhatsApp-Image-2023-03-18-at-20.47.57-1-1024x576.jpeg 1024w, https:\/\/www.public.sn\/wp-content\/uploads\/2023\/03\/WhatsApp-Image-2023-03-18-at-20.47.57-1-768x432.jpeg 768w, https:\/\/www.public.sn\/wp-content\/uploads\/2023\/03\/WhatsApp-Image-2023-03-18-at-20.47.57-1-1536x864.jpeg 1536w, https:\/\/www.public.sn\/wp-content\/uploads\/2023\/03\/WhatsApp-Image-2023-03-18-at-20.47.57-1-800x450.jpeg 800w\" sizes=\"(max-width: 1600px) 100vw, 1600px\" \/><\/p>\n<p><img loading=\"lazy\" decoding=\"async\" class=\"alignnone wp-image-18302 size-full\" src=\"https:\/\/www.public.sn\/wp-content\/uploads\/2023\/03\/WhatsApp-Image-2023-03-18-at-20.47.58.jpeg\" alt=\"\" width=\"1600\" height=\"900\" srcset=\"https:\/\/www.public.sn\/wp-content\/uploads\/2023\/03\/WhatsApp-Image-2023-03-18-at-20.47.58.jpeg 1600w, https:\/\/www.public.sn\/wp-content\/uploads\/2023\/03\/WhatsApp-Image-2023-03-18-at-20.47.58-600x338.jpeg 600w, https:\/\/www.public.sn\/wp-content\/uploads\/2023\/03\/WhatsApp-Image-2023-03-18-at-20.47.58-300x169.jpeg 300w, https:\/\/www.public.sn\/wp-content\/uploads\/2023\/03\/WhatsApp-Image-2023-03-18-at-20.47.58-1024x576.jpeg 1024w, https:\/\/www.public.sn\/wp-content\/uploads\/2023\/03\/WhatsApp-Image-2023-03-18-at-20.47.58-768x432.jpeg 768w, https:\/\/www.public.sn\/wp-content\/uploads\/2023\/03\/WhatsApp-Image-2023-03-18-at-20.47.58-1536x864.jpeg 1536w, https:\/\/www.public.sn\/wp-content\/uploads\/2023\/03\/WhatsApp-Image-2023-03-18-at-20.47.58-800x450.jpeg 800w\" sizes=\"(max-width: 1600px) 100vw, 1600px\" \/><\/p>\n<p><img loading=\"lazy\" decoding=\"async\" class=\"alignnone wp-image-18301 size-full\" src=\"https:\/\/www.public.sn\/wp-content\/uploads\/2023\/03\/WhatsApp-Image-2023-03-18-at-20.47.58-1.jpeg\" alt=\"\" width=\"1600\" height=\"900\" srcset=\"https:\/\/www.public.sn\/wp-content\/uploads\/2023\/03\/WhatsApp-Image-2023-03-18-at-20.47.58-1.jpeg 1600w, https:\/\/www.public.sn\/wp-content\/uploads\/2023\/03\/WhatsApp-Image-2023-03-18-at-20.47.58-1-600x338.jpeg 600w, https:\/\/www.public.sn\/wp-content\/uploads\/2023\/03\/WhatsApp-Image-2023-03-18-at-20.47.58-1-300x169.jpeg 300w, https:\/\/www.public.sn\/wp-content\/uploads\/2023\/03\/WhatsApp-Image-2023-03-18-at-20.47.58-1-1024x576.jpeg 1024w, https:\/\/www.public.sn\/wp-content\/uploads\/2023\/03\/WhatsApp-Image-2023-03-18-at-20.47.58-1-768x432.jpeg 768w, https:\/\/www.public.sn\/wp-content\/uploads\/2023\/03\/WhatsApp-Image-2023-03-18-at-20.47.58-1-1536x864.jpeg 1536w, https:\/\/www.public.sn\/wp-content\/uploads\/2023\/03\/WhatsApp-Image-2023-03-18-at-20.47.58-1-800x450.jpeg 800w\" sizes=\"(max-width: 1600px) 100vw, 1600px\" \/><\/p>\n<p><img loading=\"lazy\" decoding=\"async\" class=\"alignnone wp-image-18300 size-full\" src=\"https:\/\/www.public.sn\/wp-content\/uploads\/2023\/03\/WhatsApp-Image-2023-03-18-at-20.47.58-2.jpeg\" alt=\"\" width=\"1600\" height=\"900\" srcset=\"https:\/\/www.public.sn\/wp-content\/uploads\/2023\/03\/WhatsApp-Image-2023-03-18-at-20.47.58-2.jpeg 1600w, https:\/\/www.public.sn\/wp-content\/uploads\/2023\/03\/WhatsApp-Image-2023-03-18-at-20.47.58-2-600x338.jpeg 600w, https:\/\/www.public.sn\/wp-content\/uploads\/2023\/03\/WhatsApp-Image-2023-03-18-at-20.47.58-2-300x169.jpeg 300w, https:\/\/www.public.sn\/wp-content\/uploads\/2023\/03\/WhatsApp-Image-2023-03-18-at-20.47.58-2-1024x576.jpeg 1024w, https:\/\/www.public.sn\/wp-content\/uploads\/2023\/03\/WhatsApp-Image-2023-03-18-at-20.47.58-2-768x432.jpeg 768w, https:\/\/www.public.sn\/wp-content\/uploads\/2023\/03\/WhatsApp-Image-2023-03-18-at-20.47.58-2-1536x864.jpeg 1536w, https:\/\/www.public.sn\/wp-content\/uploads\/2023\/03\/WhatsApp-Image-2023-03-18-at-20.47.58-2-800x450.jpeg 800w\" sizes=\"(max-width: 1600px) 100vw, 1600px\" \/><\/p>\n<p><img loading=\"lazy\" decoding=\"async\" class=\"alignnone wp-image-18299 size-full\" src=\"https:\/\/www.public.sn\/wp-content\/uploads\/2023\/03\/WhatsApp-Image-2023-03-18-at-20.47.59.jpeg\" alt=\"\" width=\"1600\" height=\"900\" srcset=\"https:\/\/www.public.sn\/wp-content\/uploads\/2023\/03\/WhatsApp-Image-2023-03-18-at-20.47.59.jpeg 1600w, https:\/\/www.public.sn\/wp-content\/uploads\/2023\/03\/WhatsApp-Image-2023-03-18-at-20.47.59-600x338.jpeg 600w, https:\/\/www.public.sn\/wp-content\/uploads\/2023\/03\/WhatsApp-Image-2023-03-18-at-20.47.59-300x169.jpeg 300w, https:\/\/www.public.sn\/wp-content\/uploads\/2023\/03\/WhatsApp-Image-2023-03-18-at-20.47.59-1024x576.jpeg 1024w, https:\/\/www.public.sn\/wp-content\/uploads\/2023\/03\/WhatsApp-Image-2023-03-18-at-20.47.59-768x432.jpeg 768w, https:\/\/www.public.sn\/wp-content\/uploads\/2023\/03\/WhatsApp-Image-2023-03-18-at-20.47.59-1536x864.jpeg 1536w, https:\/\/www.public.sn\/wp-content\/uploads\/2023\/03\/WhatsApp-Image-2023-03-18-at-20.47.59-800x450.jpeg 800w\" sizes=\"(max-width: 1600px) 100vw, 1600px\" \/><\/p>\n<p><img loading=\"lazy\" decoding=\"async\" class=\"alignnone wp-image-18297 size-full\" src=\"https:\/\/www.public.sn\/wp-content\/uploads\/2023\/03\/WhatsApp-Image-2023-03-18-at-20.42.58.jpeg\" alt=\"\" width=\"828\" height=\"992\" srcset=\"https:\/\/www.public.sn\/wp-content\/uploads\/2023\/03\/WhatsApp-Image-2023-03-18-at-20.42.58.jpeg 828w, https:\/\/www.public.sn\/wp-content\/uploads\/2023\/03\/WhatsApp-Image-2023-03-18-at-20.42.58-600x719.jpeg 600w, https:\/\/www.public.sn\/wp-content\/uploads\/2023\/03\/WhatsApp-Image-2023-03-18-at-20.42.58-250x300.jpeg 250w, https:\/\/www.public.sn\/wp-content\/uploads\/2023\/03\/WhatsApp-Image-2023-03-18-at-20.42.58-768x920.jpeg 768w\" sizes=\"(max-width: 828px) 100vw, 828px\" \/><\/p>\n<div class=\"publi-apres-le-contenu\" style=\"margin-top: 10px;margin-bottom: 10px;margin-left: auto;margin-right: auto;text-align: center;\" id=\"publi-4021929017\"><div class=\"publi-adlabel\">Publicit\u00e9<\/div><script async src=\"\/\/pagead2.googlesyndication.com\/pagead\/js\/adsbygoogle.js?client=ca-pub-4089586018074219\" crossorigin=\"anonymous\"><\/script><ins class=\"adsbygoogle\" style=\"display:block;\" data-ad-client=\"ca-pub-4089586018074219\" \ndata-ad-slot=\"2087940154\" \ndata-ad-format=\"auto\"><\/ins>\n<script> \n(adsbygoogle = window.adsbygoogle || []).push({}); \n<\/script>\n<\/div>","protected":false},"excerpt":{"rendered":"<p>Pr\u00e9sents en masse lors de l&rsquo;enterrement du jeune Doudou Fall, le maire de Dakar Plateau Seydou\u00a0 Gueye ainsi que d&rsquo;autres autorit\u00e9s politiques et religieuses, le maire de la ville de M\u00e9dina Bamba Fall pleure le d\u00e9c\u00e8s de son bras droit\u00a0 Doudou Fall lynch\u00e9 \u00e0 mort lors des manifestations du mercredi 16 mars 2023.<\/p>\n","protected":false},"author":7,"featured_media":18299,"comment_status":"open","ping_status":"open","sticky":false,"template":"","format":"standard","meta":{"_jetpack_memberships_contains_paid_content":false,"footnotes":""},"categories":[375,4353,371,1],"tags":[374,4837,4352],"class_list":["post-18306","post","type-post","status-publish","format-standard","has-post-thumbnail","hentry","category-actualites","category-manifestations","category-necrologie","category-non-classe","tag-deces","tag-funerailles","tag-manifestations","entry","has-media","owp-thumbs-layout-horizontal","owp-btn-normal","owp-tabs-layout-horizontal","has-no-thumbnails","has-product-nav"],"yoast_head":"<!-- This site is optimized with the Yoast SEO plugin v25.5 - https:\/\/yoast.com\/wordpress\/plugins\/seo\/ -->\n<title>Le maire de la M\u00e9dina Bamba Fall pleure son bras droit Doudou - LE PUBLIC<\/title>\n<meta name=\"robots\" content=\"index, follow, max-snippet:-1, max-image-preview:large, max-video-preview:-1\" \/>\n<link rel=\"canonical\" href=\"https:\/\/www.public.sn\/index.php\/2023\/03\/18\/18306\/\" \/>\n<meta property=\"og:locale\" content=\"fr_FR\" \/>\n<meta property=\"og:type\" content=\"article\" \/>\n<meta property=\"og:title\" content=\"Le maire de la M\u00e9dina Bamba Fall pleure son bras droit Doudou - LE PUBLIC\" \/>\n<meta property=\"og:description\" content=\"Pr\u00e9sents en masse lors de l&rsquo;enterrement du jeune Doudou Fall, le maire de Dakar Plateau Seydou\u00a0 Gueye ainsi que d&rsquo;autres autorit\u00e9s politiques et religieuses, le maire de la ville de M\u00e9dina Bamba Fall pleure le d\u00e9c\u00e8s de son bras droit\u00a0 Doudou Fall lynch\u00e9 \u00e0 mort lors des manifestations du mercredi 16 mars 2023.\" \/>\n<meta property=\"og:url\" content=\"https:\/\/www.public.sn\/index.php\/2023\/03\/18\/18306\/\" \/>\n<meta property=\"og:site_name\" content=\"LE PUBLIC\" \/>\n<meta property=\"article:published_time\" content=\"2023-03-18T21:36:28+00:00\" \/>\n<meta property=\"article:modified_time\" content=\"2023-03-18T21:46:05+00:00\" \/>\n<meta property=\"og:image\" content=\"https:\/\/www.public.sn\/wp-content\/uploads\/2023\/03\/WhatsApp-Image-2023-03-18-at-20.47.59.jpeg\" \/>\n\t<meta property=\"og:image:width\" content=\"1600\" \/>\n\t<meta property=\"og:image:height\" content=\"900\" \/>\n\t<meta property=\"og:image:type\" content=\"image\/jpeg\" \/>\n<meta name=\"author\" content=\"LA REDACTION\" \/>\n<meta name=\"twitter:card\" content=\"summary_large_image\" \/>\n<meta name=\"twitter:label1\" content=\"\u00c9crit par\" \/>\n\t<meta name=\"twitter:data1\" content=\"LA REDACTION\" \/>\n\t<meta name=\"twitter:label2\" content=\"Dur\u00e9e de lecture estim\u00e9e\" \/>\n\t<meta name=\"twitter:data2\" content=\"2 minutes\" \/>\n<script type=\"application\/ld+json\" class=\"yoast-schema-graph\">{\"@context\":\"https:\/\/schema.org\",\"@graph\":[{\"@type\":\"Article\",\"@id\":\"https:\/\/www.public.sn\/index.php\/2023\/03\/18\/18306\/#article\",\"isPartOf\":{\"@id\":\"https:\/\/www.public.sn\/index.php\/2023\/03\/18\/18306\/\"},\"author\":{\"name\":\"LA REDACTION\",\"@id\":\"https:\/\/www.public.sn\/#\/schema\/person\/cb76c8e1b8becc6be61fb5e92d6d0224\"},\"headline\":\"Le maire de la M\u00e9dina Bamba Fall pleure son bras droit Doudou\",\"datePublished\":\"2023-03-18T21:36:28+00:00\",\"dateModified\":\"2023-03-18T21:46:05+00:00\",\"mainEntityOfPage\":{\"@id\":\"https:\/\/www.public.sn\/index.php\/2023\/03\/18\/18306\/\"},\"wordCount\":68,\"commentCount\":0,\"publisher\":{\"@id\":\"https:\/\/www.public.sn\/#organization\"},\"image\":{\"@id\":\"https:\/\/www.public.sn\/index.php\/2023\/03\/18\/18306\/#primaryimage\"},\"thumbnailUrl\":\"https:\/\/www.public.sn\/wp-content\/uploads\/2023\/03\/WhatsApp-Image-2023-03-18-at-20.47.59.jpeg\",\"keywords\":[\"d\u00e9c\u00e8s\",\"Funerailles\",\"manifestations\"],\"articleSection\":[\"ACTUALIT\u00c9S\",\"MANIFESTATIONS\",\"N\u00c9CROLOGIE\",\"S\u00c9N\u00c9GAL\"],\"inLanguage\":\"fr-FR\",\"potentialAction\":[{\"@type\":\"CommentAction\",\"name\":\"Comment\",\"target\":[\"https:\/\/www.public.sn\/index.php\/2023\/03\/18\/18306\/#respond\"]}]},{\"@type\":\"WebPage\",\"@id\":\"https:\/\/www.public.sn\/index.php\/2023\/03\/18\/18306\/\",\"url\":\"https:\/\/www.public.sn\/index.php\/2023\/03\/18\/18306\/\",\"name\":\"Le maire de la M\u00e9dina Bamba Fall pleure son bras droit Doudou - LE PUBLIC\",\"isPartOf\":{\"@id\":\"https:\/\/www.public.sn\/#website\"},\"primaryImageOfPage\":{\"@id\":\"https:\/\/www.public.sn\/index.php\/2023\/03\/18\/18306\/#primaryimage\"},\"image\":{\"@id\":\"https:\/\/www.public.sn\/index.php\/2023\/03\/18\/18306\/#primaryimage\"},\"thumbnailUrl\":\"https:\/\/www.public.sn\/wp-content\/uploads\/2023\/03\/WhatsApp-Image-2023-03-18-at-20.47.59.jpeg\",\"datePublished\":\"2023-03-18T21:36:28+00:00\",\"dateModified\":\"2023-03-18T21:46:05+00:00\",\"breadcrumb\":{\"@id\":\"https:\/\/www.public.sn\/index.php\/2023\/03\/18\/18306\/#breadcrumb\"},\"inLanguage\":\"fr-FR\",\"potentialAction\":[{\"@type\":\"ReadAction\",\"target\":[\"https:\/\/www.public.sn\/index.php\/2023\/03\/18\/18306\/\"]}]},{\"@type\":\"ImageObject\",\"inLanguage\":\"fr-FR\",\"@id\":\"https:\/\/www.public.sn\/index.php\/2023\/03\/18\/18306\/#primaryimage\",\"url\":\"https:\/\/www.public.sn\/wp-content\/uploads\/2023\/03\/WhatsApp-Image-2023-03-18-at-20.47.59.jpeg\",\"contentUrl\":\"https:\/\/www.public.sn\/wp-content\/uploads\/2023\/03\/WhatsApp-Image-2023-03-18-at-20.47.59.jpeg\",\"width\":1600,\"height\":900},{\"@type\":\"BreadcrumbList\",\"@id\":\"https:\/\/www.public.sn\/index.php\/2023\/03\/18\/18306\/#breadcrumb\",\"itemListElement\":[{\"@type\":\"ListItem\",\"position\":1,\"name\":\"Accueil\",\"item\":\"https:\/\/www.public.sn\/\"},{\"@type\":\"ListItem\",\"position\":2,\"name\":\"Le maire de la M\u00e9dina Bamba Fall pleure son bras droit Doudou\"}]},{\"@type\":\"WebSite\",\"@id\":\"https:\/\/www.public.sn\/#website\",\"url\":\"https:\/\/www.public.sn\/\",\"name\":\"LE PUBLIC\",\"description\":\"\",\"publisher\":{\"@id\":\"https:\/\/www.public.sn\/#organization\"},\"potentialAction\":[{\"@type\":\"SearchAction\",\"target\":{\"@type\":\"EntryPoint\",\"urlTemplate\":\"https:\/\/www.public.sn\/?s={search_term_string}\"},\"query-input\":{\"@type\":\"PropertyValueSpecification\",\"valueRequired\":true,\"valueName\":\"search_term_string\"}}],\"inLanguage\":\"fr-FR\"},{\"@type\":\"Organization\",\"@id\":\"https:\/\/www.public.sn\/#organization\",\"name\":\"LE PUBLIC\",\"url\":\"https:\/\/www.public.sn\/\",\"logo\":{\"@type\":\"ImageObject\",\"inLanguage\":\"fr-FR\",\"@id\":\"https:\/\/www.public.sn\/#\/schema\/logo\/image\/\",\"url\":\"https:\/\/www.public.sn\/wp-content\/uploads\/2024\/05\/cropped-LOGO-PUBLIC.SN_.png\",\"contentUrl\":\"https:\/\/www.public.sn\/wp-content\/uploads\/2024\/05\/cropped-LOGO-PUBLIC.SN_.png\",\"width\":682,\"height\":192,\"caption\":\"LE PUBLIC\"},\"image\":{\"@id\":\"https:\/\/www.public.sn\/#\/schema\/logo\/image\/\"}},{\"@type\":\"Person\",\"@id\":\"https:\/\/www.public.sn\/#\/schema\/person\/cb76c8e1b8becc6be61fb5e92d6d0224\",\"name\":\"LA REDACTION\",\"image\":{\"@type\":\"ImageObject\",\"inLanguage\":\"fr-FR\",\"@id\":\"https:\/\/www.public.sn\/#\/schema\/person\/image\/\",\"url\":\"https:\/\/secure.gravatar.com\/avatar\/2dce5ddd34b8fef0180efe03aa2a9bee7d953856048f9a16b298190a3178407c?s=96&d=mm&r=g\",\"contentUrl\":\"https:\/\/secure.gravatar.com\/avatar\/2dce5ddd34b8fef0180efe03aa2a9bee7d953856048f9a16b298190a3178407c?s=96&d=mm&r=g\",\"caption\":\"LA REDACTION\"},\"url\":\"https:\/\/www.public.sn\/index.php\/author\/editeurpsn\/\"}]}<\/script>\n<!-- \/ Yoast SEO plugin. -->","yoast_head_json":{"title":"Le maire de la M\u00e9dina Bamba Fall pleure son bras droit Doudou - LE PUBLIC","robots":{"index":"index","follow":"follow","max-snippet":"max-snippet:-1","max-image-preview":"max-image-preview:large","max-video-preview":"max-video-preview:-1"},"canonical":"https:\/\/www.public.sn\/index.php\/2023\/03\/18\/18306\/","og_locale":"fr_FR","og_type":"article","og_title":"Le maire de la M\u00e9dina Bamba Fall pleure son bras droit Doudou - LE PUBLIC","og_description":"Pr\u00e9sents en masse lors de l&rsquo;enterrement du jeune Doudou Fall, le maire de Dakar Plateau Seydou\u00a0 Gueye ainsi que d&rsquo;autres autorit\u00e9s politiques et religieuses, le maire de la ville de M\u00e9dina Bamba Fall pleure le d\u00e9c\u00e8s de son bras droit\u00a0 Doudou Fall lynch\u00e9 \u00e0 mort lors des manifestations du mercredi 16 mars 2023.","og_url":"https:\/\/www.public.sn\/index.php\/2023\/03\/18\/18306\/","og_site_name":"LE PUBLIC","article_published_time":"2023-03-18T21:36:28+00:00","article_modified_time":"2023-03-18T21:46:05+00:00","og_image":[{"width":1600,"height":900,"url":"https:\/\/www.public.sn\/wp-content\/uploads\/2023\/03\/WhatsApp-Image-2023-03-18-at-20.47.59.jpeg","type":"image\/jpeg"}],"author":"LA REDACTION","twitter_card":"summary_large_image","twitter_misc":{"\u00c9crit par":"LA REDACTION","Dur\u00e9e de lecture estim\u00e9e":"2 minutes"},"schema":{"@context":"https:\/\/schema.org","@graph":[{"@type":"Article","@id":"https:\/\/www.public.sn\/index.php\/2023\/03\/18\/18306\/#article","isPartOf":{"@id":"https:\/\/www.public.sn\/index.php\/2023\/03\/18\/18306\/"},"author":{"name":"LA REDACTION","@id":"https:\/\/www.public.sn\/#\/schema\/person\/cb76c8e1b8becc6be61fb5e92d6d0224"},"headline":"Le maire de la M\u00e9dina Bamba Fall pleure son bras droit Doudou","datePublished":"2023-03-18T21:36:28+00:00","dateModified":"2023-03-18T21:46:05+00:00","mainEntityOfPage":{"@id":"https:\/\/www.public.sn\/index.php\/2023\/03\/18\/18306\/"},"wordCount":68,"commentCount":0,"publisher":{"@id":"https:\/\/www.public.sn\/#organization"},"image":{"@id":"https:\/\/www.public.sn\/index.php\/2023\/03\/18\/18306\/#primaryimage"},"thumbnailUrl":"https:\/\/www.public.sn\/wp-content\/uploads\/2023\/03\/WhatsApp-Image-2023-03-18-at-20.47.59.jpeg","keywords":["d\u00e9c\u00e8s","Funerailles","manifestations"],"articleSection":["ACTUALIT\u00c9S","MANIFESTATIONS","N\u00c9CROLOGIE","S\u00c9N\u00c9GAL"],"inLanguage":"fr-FR","potentialAction":[{"@type":"CommentAction","name":"Comment","target":["https:\/\/www.public.sn\/index.php\/2023\/03\/18\/18306\/#respond"]}]},{"@type":"WebPage","@id":"https:\/\/www.public.sn\/index.php\/2023\/03\/18\/18306\/","url":"https:\/\/www.public.sn\/index.php\/2023\/03\/18\/18306\/","name":"Le maire de la M\u00e9dina Bamba Fall pleure son bras droit Doudou - LE PUBLIC","isPartOf":{"@id":"https:\/\/www.public.sn\/#website"},"primaryImageOfPage":{"@id":"https:\/\/www.public.sn\/index.php\/2023\/03\/18\/18306\/#primaryimage"},"image":{"@id":"https:\/\/www.public.sn\/index.php\/2023\/03\/18\/18306\/#primaryimage"},"thumbnailUrl":"https:\/\/www.public.sn\/wp-content\/uploads\/2023\/03\/WhatsApp-Image-2023-03-18-at-20.47.59.jpeg","datePublished":"2023-03-18T21:36:28+00:00","dateModified":"2023-03-18T21:46:05+00:00","breadcrumb":{"@id":"https:\/\/www.public.sn\/index.php\/2023\/03\/18\/18306\/#breadcrumb"},"inLanguage":"fr-FR","potentialAction":[{"@type":"ReadAction","target":["https:\/\/www.public.sn\/index.php\/2023\/03\/18\/18306\/"]}]},{"@type":"ImageObject","inLanguage":"fr-FR","@id":"https:\/\/www.public.sn\/index.php\/2023\/03\/18\/18306\/#primaryimage","url":"https:\/\/www.public.sn\/wp-content\/uploads\/2023\/03\/WhatsApp-Image-2023-03-18-at-20.47.59.jpeg","contentUrl":"https:\/\/www.public.sn\/wp-content\/uploads\/2023\/03\/WhatsApp-Image-2023-03-18-at-20.47.59.jpeg","width":1600,"height":900},{"@type":"BreadcrumbList","@id":"https:\/\/www.public.sn\/index.php\/2023\/03\/18\/18306\/#breadcrumb","itemListElement":[{"@type":"ListItem","position":1,"name":"Accueil","item":"https:\/\/www.public.sn\/"},{"@type":"ListItem","position":2,"name":"Le maire de la M\u00e9dina Bamba Fall pleure son bras droit Doudou"}]},{"@type":"WebSite","@id":"https:\/\/www.public.sn\/#website","url":"https:\/\/www.public.sn\/","name":"LE PUBLIC","description":"","publisher":{"@id":"https:\/\/www.public.sn\/#organization"},"potentialAction":[{"@type":"SearchAction","target":{"@type":"EntryPoint","urlTemplate":"https:\/\/www.public.sn\/?s={search_term_string}"},"query-input":{"@type":"PropertyValueSpecification","valueRequired":true,"valueName":"search_term_string"}}],"inLanguage":"fr-FR"},{"@type":"Organization","@id":"https:\/\/www.public.sn\/#organization","name":"LE PUBLIC","url":"https:\/\/www.public.sn\/","logo":{"@type":"ImageObject","inLanguage":"fr-FR","@id":"https:\/\/www.public.sn\/#\/schema\/logo\/image\/","url":"https:\/\/www.public.sn\/wp-content\/uploads\/2024\/05\/cropped-LOGO-PUBLIC.SN_.png","contentUrl":"https:\/\/www.public.sn\/wp-content\/uploads\/2024\/05\/cropped-LOGO-PUBLIC.SN_.png","width":682,"height":192,"caption":"LE PUBLIC"},"image":{"@id":"https:\/\/www.public.sn\/#\/schema\/logo\/image\/"}},{"@type":"Person","@id":"https:\/\/www.public.sn\/#\/schema\/person\/cb76c8e1b8becc6be61fb5e92d6d0224","name":"LA REDACTION","image":{"@type":"ImageObject","inLanguage":"fr-FR","@id":"https:\/\/www.public.sn\/#\/schema\/person\/image\/","url":"https:\/\/secure.gravatar.com\/avatar\/2dce5ddd34b8fef0180efe03aa2a9bee7d953856048f9a16b298190a3178407c?s=96&d=mm&r=g","contentUrl":"https:\/\/secure.gravatar.com\/avatar\/2dce5ddd34b8fef0180efe03aa2a9bee7d953856048f9a16b298190a3178407c?s=96&d=mm&r=g","caption":"LA REDACTION"},"url":"https:\/\/www.public.sn\/index.php\/author\/editeurpsn\/"}]}},"jetpack_featured_media_url":"https:\/\/www.public.sn\/wp-content\/uploads\/2023\/03\/WhatsApp-Image-2023-03-18-at-20.47.59.jpeg","jetpack_sharing_enabled":true,"_links":{"self":[{"href":"https:\/\/www.public.sn\/index.php\/wp-json\/wp\/v2\/posts\/18306","targetHints":{"allow":["GET"]}}],"collection":[{"href":"https:\/\/www.public.sn\/index.php\/wp-json\/wp\/v2\/posts"}],"about":[{"href":"https:\/\/www.public.sn\/index.php\/wp-json\/wp\/v2\/types\/post"}],"author":[{"embeddable":true,"href":"https:\/\/www.public.sn\/index.php\/wp-json\/wp\/v2\/users\/7"}],"replies":[{"embeddable":true,"href":"https:\/\/www.public.sn\/index.php\/wp-json\/wp\/v2\/comments?post=18306"}],"version-history":[{"count":3,"href":"https:\/\/www.public.sn\/index.php\/wp-json\/wp\/v2\/posts\/18306\/revisions"}],"predecessor-version":[{"id":18310,"href":"https:\/\/www.public.sn\/index.php\/wp-json\/wp\/v2\/posts\/18306\/revisions\/18310"}],"wp:featuredmedia":[{"embeddable":true,"href":"https:\/\/www.public.sn\/index.php\/wp-json\/wp\/v2\/media\/18299"}],"wp:attachment":[{"href":"https:\/\/www.public.sn\/index.php\/wp-json\/wp\/v2\/media?parent=18306"}],"wp:term":[{"taxonomy":"category","embeddable":true,"href":"https:\/\/www.public.sn\/index.php\/wp-json\/wp\/v2\/categories?post=18306"},{"taxonomy":"post_tag","embeddable":true,"href":"https:\/\/www.public.sn\/index.php\/wp-json\/wp\/v2\/tags?post=18306"}],"curies":[{"name":"wp","href":"https:\/\/api.w.org\/{rel}","templated":true}]}}