{"id":1831,"date":"2022-09-12T13:56:02","date_gmt":"2022-09-12T13:56:02","guid":{"rendered":"https:\/\/www.public.sn\/?p=1831"},"modified":"2022-09-12T23:42:02","modified_gmt":"2022-09-12T23:42:02","slug":"assemblee-nationale-les-deputes-reveillent-les-mauvaises-et-vieilles-habitudes","status":"publish","type":"post","link":"https:\/\/www.public.sn\/index.php\/2022\/09\/12\/assemblee-nationale-les-deputes-reveillent-les-mauvaises-et-vieilles-habitudes\/","title":{"rendered":"Assembl\u00e9e nationale: Les d\u00e9put\u00e9s r\u00e9veillent les mauvaises et vieilles habitudes."},"content":{"rendered":"\n<p><strong>Visiblement les d\u00e9put\u00e9s s\u00e9n\u00e9galais n\u2019ont toujours pas rompu avec les mauvaises habitudes. La premi\u00e8re session de la 14e L\u00e9gislature d\u00e9marre mal. <\/strong><br>L\u2019installation des d\u00e9put\u00e9s de ce lundi 12 septembre devrait se tenir \u00e0 10h00 (Gmt). Malheureusement un retard de plus de deux heures de temps plombent les travaux.&nbsp;<\/p><div class=\"publi-paragraphe1\" style=\"margin-top: 10px;margin-bottom: 10px;margin-left: auto;margin-right: auto;text-align: center;\" id=\"publi-2941427076\"><div class=\"publi-adlabel\">Publicit\u00e9<\/div><script async src=\"\/\/pagead2.googlesyndication.com\/pagead\/js\/adsbygoogle.js?client=ca-pub-4089586018074219\" crossorigin=\"anonymous\"><\/script><ins class=\"adsbygoogle\" style=\"display:block;\" data-ad-client=\"ca-pub-4089586018074219\" \ndata-ad-slot=\"2087940154\" \ndata-ad-format=\"auto\"><\/ins>\n<script> \n(adsbygoogle = window.adsbygoogle || []).push({}); \n<\/script>\n<\/div>\n\n\n\n<p>Et pourtant par le pass\u00e9, Moustapha Niasse, ancien pr\u00e9sident de l\u2019Assembl\u00e9e nationale, avait d\u00e9plor\u00e9 le retard et l\u2019absent\u00e9isme de ses coll\u00e8gues.<em> \u201cIl arrive que des d\u00e9put\u00e9s s\u2019absentent des r\u00e9unions de commissions permanentes, et aussi des s\u00e9ances pl\u00e9ni\u00e8res, de mani\u00e8re r\u00e9p\u00e9t\u00e9e voire constante. J\u2019invite les coll\u00e8gues \u00e0 abandonner cette pratique. C\u2019est un mal qu\u2019il faut \u00e9radiquer<\/em>\u201d, avait lanc\u00e9 l\u2019ancien pr\u00e9sident Moustapha Niasse.<\/p>\n\n\n\n<p>Esp\u00e9rons que cette nouvelle l\u00e9gislature ne va se murer dans ces mauvaises pratiques.<\/p>\n\n\n\n<figure class=\"wp-block-embed is-type-rich is-provider-prise-en-charge-des-contenus-embarques wp-block-embed-prise-en-charge-des-contenus-embarques wp-embed-aspect-16-9 wp-has-aspect-ratio\"><div class=\"wp-block-embed__wrapper\">\n<p class=\"responsive-video-wrap clr\"><iframe title=\"Serigne Khadim Thioune annonce les b\u0153ufs convoy\u00e9s \u00e0 Touba,Lien entre Cheikh B\u00e9thio et S\u00e9rigne Saliou\" width=\"1200\" height=\"675\" src=\"https:\/\/www.youtube.com\/embed\/UKdUCAtYeOE?feature=oembed\" frameborder=\"0\" allow=\"accelerometer; autoplay; clipboard-write; encrypted-media; gyroscope; picture-in-picture\" allowfullscreen><\/iframe><\/p>\n<\/div><\/figure>\n<div class=\"publi-apres-le-contenu\" style=\"margin-top: 10px;margin-bottom: 10px;margin-left: auto;margin-right: auto;text-align: center;\" id=\"publi-2152875400\"><div class=\"publi-adlabel\">Publicit\u00e9<\/div><script async src=\"\/\/pagead2.googlesyndication.com\/pagead\/js\/adsbygoogle.js?client=ca-pub-4089586018074219\" crossorigin=\"anonymous\"><\/script><ins class=\"adsbygoogle\" style=\"display:block;\" data-ad-client=\"ca-pub-4089586018074219\" \ndata-ad-slot=\"2087940154\" \ndata-ad-format=\"auto\"><\/ins>\n<script> \n(adsbygoogle = window.adsbygoogle || []).push({}); \n<\/script>\n<\/div>","protected":false},"excerpt":{"rendered":"<p>Visiblement les d\u00e9put\u00e9s s\u00e9n\u00e9galais n\u2019ont toujours pas rompu avec les mauvaises habitudes. La premi\u00e8re session de la 14e L\u00e9gislature d\u00e9marre mal. L\u2019installation des d\u00e9put\u00e9s de ce lundi 12 septembre devrait se tenir \u00e0 10h00 (Gmt). Malheureusement un retard de plus de deux heures de temps plombent les travaux.&nbsp; Et pourtant par le pass\u00e9, Moustapha Niasse, ancien pr\u00e9sident de l\u2019Assembl\u00e9e nationale, avait d\u00e9plor\u00e9 le retard et l\u2019absent\u00e9isme de ses coll\u00e8gues. \u201cIl arrive que des d\u00e9put\u00e9s s\u2019absentent des r\u00e9unions de commissions permanentes, et aussi des s\u00e9ances pl\u00e9ni\u00e8res, de mani\u00e8re r\u00e9p\u00e9t\u00e9e voire constante. J\u2019invite les coll\u00e8gues \u00e0 abandonner cette pratique. C\u2019est un mal qu\u2019il faut \u00e9radiquer\u201d, avait lanc\u00e9 l\u2019ancien pr\u00e9sident Moustapha Niasse. Esp\u00e9rons que cette nouvelle l\u00e9gislature ne va se murer dans ces mauvaises pratiques.<\/p>\n","protected":false},"author":1,"featured_media":1832,"comment_status":"open","ping_status":"open","sticky":false,"template":"","format":"standard","meta":{"_jetpack_memberships_contains_paid_content":false,"footnotes":""},"categories":[375,3,372],"tags":[12,92,11,17,20],"class_list":["post-1831","post","type-post","status-publish","format-standard","has-post-thumbnail","hentry","category-actualites","category-politique","category-vedette","tag-assemblee-nationale","tag-inondations","tag-macky-sall","tag-opposition","tag-presidentielle-2024","entry","has-media","owp-thumbs-layout-horizontal","owp-btn-normal","owp-tabs-layout-horizontal","has-no-thumbnails","has-product-nav"],"yoast_head":"<!-- This site is optimized with the Yoast SEO plugin v25.5 - https:\/\/yoast.com\/wordpress\/plugins\/seo\/ -->\n<title>Assembl\u00e9e nationale: Les d\u00e9put\u00e9s r\u00e9veillent les mauvaises et vieilles habitudes. - LE PUBLIC<\/title>\n<meta name=\"robots\" content=\"index, follow, max-snippet:-1, max-image-preview:large, max-video-preview:-1\" \/>\n<link rel=\"canonical\" href=\"https:\/\/www.public.sn\/index.php\/2022\/09\/12\/assemblee-nationale-les-deputes-reveillent-les-mauvaises-et-vieilles-habitudes\/\" \/>\n<meta property=\"og:locale\" content=\"fr_FR\" \/>\n<meta property=\"og:type\" content=\"article\" \/>\n<meta property=\"og:title\" content=\"Assembl\u00e9e nationale: Les d\u00e9put\u00e9s r\u00e9veillent les mauvaises et vieilles habitudes. - LE PUBLIC\" \/>\n<meta property=\"og:description\" content=\"Visiblement les d\u00e9put\u00e9s s\u00e9n\u00e9galais n\u2019ont toujours pas rompu avec les mauvaises habitudes. La premi\u00e8re session de la 14e L\u00e9gislature d\u00e9marre mal. L\u2019installation des d\u00e9put\u00e9s de ce lundi 12 septembre devrait se tenir \u00e0 10h00 (Gmt). Malheureusement un retard de plus de deux heures de temps plombent les travaux.&nbsp; Et pourtant par le pass\u00e9, Moustapha Niasse, ancien pr\u00e9sident de l\u2019Assembl\u00e9e nationale, avait d\u00e9plor\u00e9 le retard et l\u2019absent\u00e9isme de ses coll\u00e8gues. \u201cIl arrive que des d\u00e9put\u00e9s s\u2019absentent des r\u00e9unions de commissions permanentes, et aussi des s\u00e9ances pl\u00e9ni\u00e8res, de mani\u00e8re r\u00e9p\u00e9t\u00e9e voire constante. J\u2019invite les coll\u00e8gues \u00e0 abandonner cette pratique. C\u2019est un mal qu\u2019il faut \u00e9radiquer\u201d, avait lanc\u00e9 l\u2019ancien pr\u00e9sident Moustapha Niasse. Esp\u00e9rons que cette nouvelle l\u00e9gislature ne va se murer dans ces mauvaises pratiques.\" \/>\n<meta property=\"og:url\" content=\"https:\/\/www.public.sn\/index.php\/2022\/09\/12\/assemblee-nationale-les-deputes-reveillent-les-mauvaises-et-vieilles-habitudes\/\" \/>\n<meta property=\"og:site_name\" content=\"LE PUBLIC\" \/>\n<meta property=\"article:published_time\" content=\"2022-09-12T13:56:02+00:00\" \/>\n<meta property=\"article:modified_time\" content=\"2022-09-12T23:42:02+00:00\" \/>\n<meta property=\"og:image\" content=\"https:\/\/www.public.sn\/wp-content\/uploads\/2022\/09\/8A479071-5C16-4CEB-A6A4-578F1BD2113C.jpeg\" \/>\n\t<meta property=\"og:image:width\" content=\"303\" \/>\n\t<meta property=\"og:image:height\" content=\"166\" \/>\n\t<meta property=\"og:image:type\" content=\"image\/jpeg\" \/>\n<meta name=\"author\" content=\"LA REDACTION\" \/>\n<meta name=\"twitter:card\" content=\"summary_large_image\" \/>\n<meta name=\"twitter:label1\" content=\"\u00c9crit par\" \/>\n\t<meta name=\"twitter:data1\" content=\"LA REDACTION\" \/>\n\t<meta name=\"twitter:label2\" content=\"Dur\u00e9e de lecture estim\u00e9e\" \/>\n\t<meta name=\"twitter:data2\" content=\"1 minute\" \/>\n<script type=\"application\/ld+json\" class=\"yoast-schema-graph\">{\"@context\":\"https:\/\/schema.org\",\"@graph\":[{\"@type\":\"Article\",\"@id\":\"https:\/\/www.public.sn\/index.php\/2022\/09\/12\/assemblee-nationale-les-deputes-reveillent-les-mauvaises-et-vieilles-habitudes\/#article\",\"isPartOf\":{\"@id\":\"https:\/\/www.public.sn\/index.php\/2022\/09\/12\/assemblee-nationale-les-deputes-reveillent-les-mauvaises-et-vieilles-habitudes\/\"},\"author\":{\"name\":\"LA REDACTION\",\"@id\":\"https:\/\/www.public.sn\/#\/schema\/person\/e3f4a11b037d4203902db148f9bc8d5a\"},\"headline\":\"Assembl\u00e9e nationale: Les d\u00e9put\u00e9s r\u00e9veillent les mauvaises et vieilles habitudes.\",\"datePublished\":\"2022-09-12T13:56:02+00:00\",\"dateModified\":\"2022-09-12T23:42:02+00:00\",\"mainEntityOfPage\":{\"@id\":\"https:\/\/www.public.sn\/index.php\/2022\/09\/12\/assemblee-nationale-les-deputes-reveillent-les-mauvaises-et-vieilles-habitudes\/\"},\"wordCount\":177,\"commentCount\":0,\"publisher\":{\"@id\":\"https:\/\/www.public.sn\/#organization\"},\"image\":{\"@id\":\"https:\/\/www.public.sn\/index.php\/2022\/09\/12\/assemblee-nationale-les-deputes-reveillent-les-mauvaises-et-vieilles-habitudes\/#primaryimage\"},\"thumbnailUrl\":\"https:\/\/www.public.sn\/wp-content\/uploads\/2022\/09\/8A479071-5C16-4CEB-A6A4-578F1BD2113C.jpeg\",\"keywords\":[\"Assembl\u00e9e Nationale\",\"Inondations\",\"Macky Sall\",\"Opposition\",\"Pr\u00e9sidentielle 2024\"],\"articleSection\":[\"ACTUALIT\u00c9S\",\"POLITIQUE\",\"VEDETTE\"],\"inLanguage\":\"fr-FR\",\"potentialAction\":[{\"@type\":\"CommentAction\",\"name\":\"Comment\",\"target\":[\"https:\/\/www.public.sn\/index.php\/2022\/09\/12\/assemblee-nationale-les-deputes-reveillent-les-mauvaises-et-vieilles-habitudes\/#respond\"]}]},{\"@type\":\"WebPage\",\"@id\":\"https:\/\/www.public.sn\/index.php\/2022\/09\/12\/assemblee-nationale-les-deputes-reveillent-les-mauvaises-et-vieilles-habitudes\/\",\"url\":\"https:\/\/www.public.sn\/index.php\/2022\/09\/12\/assemblee-nationale-les-deputes-reveillent-les-mauvaises-et-vieilles-habitudes\/\",\"name\":\"Assembl\u00e9e nationale: Les d\u00e9put\u00e9s r\u00e9veillent les mauvaises et vieilles habitudes. - LE PUBLIC\",\"isPartOf\":{\"@id\":\"https:\/\/www.public.sn\/#website\"},\"primaryImageOfPage\":{\"@id\":\"https:\/\/www.public.sn\/index.php\/2022\/09\/12\/assemblee-nationale-les-deputes-reveillent-les-mauvaises-et-vieilles-habitudes\/#primaryimage\"},\"image\":{\"@id\":\"https:\/\/www.public.sn\/index.php\/2022\/09\/12\/assemblee-nationale-les-deputes-reveillent-les-mauvaises-et-vieilles-habitudes\/#primaryimage\"},\"thumbnailUrl\":\"https:\/\/www.public.sn\/wp-content\/uploads\/2022\/09\/8A479071-5C16-4CEB-A6A4-578F1BD2113C.jpeg\",\"datePublished\":\"2022-09-12T13:56:02+00:00\",\"dateModified\":\"2022-09-12T23:42:02+00:00\",\"breadcrumb\":{\"@id\":\"https:\/\/www.public.sn\/index.php\/2022\/09\/12\/assemblee-nationale-les-deputes-reveillent-les-mauvaises-et-vieilles-habitudes\/#breadcrumb\"},\"inLanguage\":\"fr-FR\",\"potentialAction\":[{\"@type\":\"ReadAction\",\"target\":[\"https:\/\/www.public.sn\/index.php\/2022\/09\/12\/assemblee-nationale-les-deputes-reveillent-les-mauvaises-et-vieilles-habitudes\/\"]}]},{\"@type\":\"ImageObject\",\"inLanguage\":\"fr-FR\",\"@id\":\"https:\/\/www.public.sn\/index.php\/2022\/09\/12\/assemblee-nationale-les-deputes-reveillent-les-mauvaises-et-vieilles-habitudes\/#primaryimage\",\"url\":\"https:\/\/www.public.sn\/wp-content\/uploads\/2022\/09\/8A479071-5C16-4CEB-A6A4-578F1BD2113C.jpeg\",\"contentUrl\":\"https:\/\/www.public.sn\/wp-content\/uploads\/2022\/09\/8A479071-5C16-4CEB-A6A4-578F1BD2113C.jpeg\",\"width\":303,\"height\":166},{\"@type\":\"BreadcrumbList\",\"@id\":\"https:\/\/www.public.sn\/index.php\/2022\/09\/12\/assemblee-nationale-les-deputes-reveillent-les-mauvaises-et-vieilles-habitudes\/#breadcrumb\",\"itemListElement\":[{\"@type\":\"ListItem\",\"position\":1,\"name\":\"Accueil\",\"item\":\"https:\/\/www.public.sn\/\"},{\"@type\":\"ListItem\",\"position\":2,\"name\":\"Assembl\u00e9e nationale: Les d\u00e9put\u00e9s r\u00e9veillent les mauvaises et vieilles habitudes.\"}]},{\"@type\":\"WebSite\",\"@id\":\"https:\/\/www.public.sn\/#website\",\"url\":\"https:\/\/www.public.sn\/\",\"name\":\"LE PUBLIC\",\"description\":\"\",\"publisher\":{\"@id\":\"https:\/\/www.public.sn\/#organization\"},\"potentialAction\":[{\"@type\":\"SearchAction\",\"target\":{\"@type\":\"EntryPoint\",\"urlTemplate\":\"https:\/\/www.public.sn\/?s={search_term_string}\"},\"query-input\":{\"@type\":\"PropertyValueSpecification\",\"valueRequired\":true,\"valueName\":\"search_term_string\"}}],\"inLanguage\":\"fr-FR\"},{\"@type\":\"Organization\",\"@id\":\"https:\/\/www.public.sn\/#organization\",\"name\":\"LE PUBLIC\",\"url\":\"https:\/\/www.public.sn\/\",\"logo\":{\"@type\":\"ImageObject\",\"inLanguage\":\"fr-FR\",\"@id\":\"https:\/\/www.public.sn\/#\/schema\/logo\/image\/\",\"url\":\"https:\/\/www.public.sn\/wp-content\/uploads\/2024\/05\/cropped-LOGO-PUBLIC.SN_.png\",\"contentUrl\":\"https:\/\/www.public.sn\/wp-content\/uploads\/2024\/05\/cropped-LOGO-PUBLIC.SN_.png\",\"width\":682,\"height\":192,\"caption\":\"LE PUBLIC\"},\"image\":{\"@id\":\"https:\/\/www.public.sn\/#\/schema\/logo\/image\/\"}},{\"@type\":\"Person\",\"@id\":\"https:\/\/www.public.sn\/#\/schema\/person\/e3f4a11b037d4203902db148f9bc8d5a\",\"name\":\"LA REDACTION\",\"image\":{\"@type\":\"ImageObject\",\"inLanguage\":\"fr-FR\",\"@id\":\"https:\/\/www.public.sn\/#\/schema\/person\/image\/\",\"url\":\"https:\/\/secure.gravatar.com\/avatar\/d6c030db45db2883c075085c5d6c6258654a801a93766b49af0b82d4f454e2a5?s=96&d=mm&r=g\",\"contentUrl\":\"https:\/\/secure.gravatar.com\/avatar\/d6c030db45db2883c075085c5d6c6258654a801a93766b49af0b82d4f454e2a5?s=96&d=mm&r=g\",\"caption\":\"LA REDACTION\"},\"sameAs\":[\"http:\/\/www.public.sn\"],\"url\":\"https:\/\/www.public.sn\/index.php\/author\/admin7324\/\"}]}<\/script>\n<!-- \/ Yoast SEO plugin. -->","yoast_head_json":{"title":"Assembl\u00e9e nationale: Les d\u00e9put\u00e9s r\u00e9veillent les mauvaises et vieilles habitudes. - LE PUBLIC","robots":{"index":"index","follow":"follow","max-snippet":"max-snippet:-1","max-image-preview":"max-image-preview:large","max-video-preview":"max-video-preview:-1"},"canonical":"https:\/\/www.public.sn\/index.php\/2022\/09\/12\/assemblee-nationale-les-deputes-reveillent-les-mauvaises-et-vieilles-habitudes\/","og_locale":"fr_FR","og_type":"article","og_title":"Assembl\u00e9e nationale: Les d\u00e9put\u00e9s r\u00e9veillent les mauvaises et vieilles habitudes. - LE PUBLIC","og_description":"Visiblement les d\u00e9put\u00e9s s\u00e9n\u00e9galais n\u2019ont toujours pas rompu avec les mauvaises habitudes. La premi\u00e8re session de la 14e L\u00e9gislature d\u00e9marre mal. L\u2019installation des d\u00e9put\u00e9s de ce lundi 12 septembre devrait se tenir \u00e0 10h00 (Gmt). Malheureusement un retard de plus de deux heures de temps plombent les travaux.&nbsp; Et pourtant par le pass\u00e9, Moustapha Niasse, ancien pr\u00e9sident de l\u2019Assembl\u00e9e nationale, avait d\u00e9plor\u00e9 le retard et l\u2019absent\u00e9isme de ses coll\u00e8gues. \u201cIl arrive que des d\u00e9put\u00e9s s\u2019absentent des r\u00e9unions de commissions permanentes, et aussi des s\u00e9ances pl\u00e9ni\u00e8res, de mani\u00e8re r\u00e9p\u00e9t\u00e9e voire constante. J\u2019invite les coll\u00e8gues \u00e0 abandonner cette pratique. C\u2019est un mal qu\u2019il faut \u00e9radiquer\u201d, avait lanc\u00e9 l\u2019ancien pr\u00e9sident Moustapha Niasse. Esp\u00e9rons que cette nouvelle l\u00e9gislature ne va se murer dans ces mauvaises pratiques.","og_url":"https:\/\/www.public.sn\/index.php\/2022\/09\/12\/assemblee-nationale-les-deputes-reveillent-les-mauvaises-et-vieilles-habitudes\/","og_site_name":"LE PUBLIC","article_published_time":"2022-09-12T13:56:02+00:00","article_modified_time":"2022-09-12T23:42:02+00:00","og_image":[{"width":303,"height":166,"url":"https:\/\/www.public.sn\/wp-content\/uploads\/2022\/09\/8A479071-5C16-4CEB-A6A4-578F1BD2113C.jpeg","type":"image\/jpeg"}],"author":"LA REDACTION","twitter_card":"summary_large_image","twitter_misc":{"\u00c9crit par":"LA REDACTION","Dur\u00e9e de lecture estim\u00e9e":"1 minute"},"schema":{"@context":"https:\/\/schema.org","@graph":[{"@type":"Article","@id":"https:\/\/www.public.sn\/index.php\/2022\/09\/12\/assemblee-nationale-les-deputes-reveillent-les-mauvaises-et-vieilles-habitudes\/#article","isPartOf":{"@id":"https:\/\/www.public.sn\/index.php\/2022\/09\/12\/assemblee-nationale-les-deputes-reveillent-les-mauvaises-et-vieilles-habitudes\/"},"author":{"name":"LA REDACTION","@id":"https:\/\/www.public.sn\/#\/schema\/person\/e3f4a11b037d4203902db148f9bc8d5a"},"headline":"Assembl\u00e9e nationale: Les d\u00e9put\u00e9s r\u00e9veillent les mauvaises et vieilles habitudes.","datePublished":"2022-09-12T13:56:02+00:00","dateModified":"2022-09-12T23:42:02+00:00","mainEntityOfPage":{"@id":"https:\/\/www.public.sn\/index.php\/2022\/09\/12\/assemblee-nationale-les-deputes-reveillent-les-mauvaises-et-vieilles-habitudes\/"},"wordCount":177,"commentCount":0,"publisher":{"@id":"https:\/\/www.public.sn\/#organization"},"image":{"@id":"https:\/\/www.public.sn\/index.php\/2022\/09\/12\/assemblee-nationale-les-deputes-reveillent-les-mauvaises-et-vieilles-habitudes\/#primaryimage"},"thumbnailUrl":"https:\/\/www.public.sn\/wp-content\/uploads\/2022\/09\/8A479071-5C16-4CEB-A6A4-578F1BD2113C.jpeg","keywords":["Assembl\u00e9e Nationale","Inondations","Macky Sall","Opposition","Pr\u00e9sidentielle 2024"],"articleSection":["ACTUALIT\u00c9S","POLITIQUE","VEDETTE"],"inLanguage":"fr-FR","potentialAction":[{"@type":"CommentAction","name":"Comment","target":["https:\/\/www.public.sn\/index.php\/2022\/09\/12\/assemblee-nationale-les-deputes-reveillent-les-mauvaises-et-vieilles-habitudes\/#respond"]}]},{"@type":"WebPage","@id":"https:\/\/www.public.sn\/index.php\/2022\/09\/12\/assemblee-nationale-les-deputes-reveillent-les-mauvaises-et-vieilles-habitudes\/","url":"https:\/\/www.public.sn\/index.php\/2022\/09\/12\/assemblee-nationale-les-deputes-reveillent-les-mauvaises-et-vieilles-habitudes\/","name":"Assembl\u00e9e nationale: Les d\u00e9put\u00e9s r\u00e9veillent les mauvaises et vieilles habitudes. - LE PUBLIC","isPartOf":{"@id":"https:\/\/www.public.sn\/#website"},"primaryImageOfPage":{"@id":"https:\/\/www.public.sn\/index.php\/2022\/09\/12\/assemblee-nationale-les-deputes-reveillent-les-mauvaises-et-vieilles-habitudes\/#primaryimage"},"image":{"@id":"https:\/\/www.public.sn\/index.php\/2022\/09\/12\/assemblee-nationale-les-deputes-reveillent-les-mauvaises-et-vieilles-habitudes\/#primaryimage"},"thumbnailUrl":"https:\/\/www.public.sn\/wp-content\/uploads\/2022\/09\/8A479071-5C16-4CEB-A6A4-578F1BD2113C.jpeg","datePublished":"2022-09-12T13:56:02+00:00","dateModified":"2022-09-12T23:42:02+00:00","breadcrumb":{"@id":"https:\/\/www.public.sn\/index.php\/2022\/09\/12\/assemblee-nationale-les-deputes-reveillent-les-mauvaises-et-vieilles-habitudes\/#breadcrumb"},"inLanguage":"fr-FR","potentialAction":[{"@type":"ReadAction","target":["https:\/\/www.public.sn\/index.php\/2022\/09\/12\/assemblee-nationale-les-deputes-reveillent-les-mauvaises-et-vieilles-habitudes\/"]}]},{"@type":"ImageObject","inLanguage":"fr-FR","@id":"https:\/\/www.public.sn\/index.php\/2022\/09\/12\/assemblee-nationale-les-deputes-reveillent-les-mauvaises-et-vieilles-habitudes\/#primaryimage","url":"https:\/\/www.public.sn\/wp-content\/uploads\/2022\/09\/8A479071-5C16-4CEB-A6A4-578F1BD2113C.jpeg","contentUrl":"https:\/\/www.public.sn\/wp-content\/uploads\/2022\/09\/8A479071-5C16-4CEB-A6A4-578F1BD2113C.jpeg","width":303,"height":166},{"@type":"BreadcrumbList","@id":"https:\/\/www.public.sn\/index.php\/2022\/09\/12\/assemblee-nationale-les-deputes-reveillent-les-mauvaises-et-vieilles-habitudes\/#breadcrumb","itemListElement":[{"@type":"ListItem","position":1,"name":"Accueil","item":"https:\/\/www.public.sn\/"},{"@type":"ListItem","position":2,"name":"Assembl\u00e9e nationale: Les d\u00e9put\u00e9s r\u00e9veillent les mauvaises et vieilles habitudes."}]},{"@type":"WebSite","@id":"https:\/\/www.public.sn\/#website","url":"https:\/\/www.public.sn\/","name":"LE PUBLIC","description":"","publisher":{"@id":"https:\/\/www.public.sn\/#organization"},"potentialAction":[{"@type":"SearchAction","target":{"@type":"EntryPoint","urlTemplate":"https:\/\/www.public.sn\/?s={search_term_string}"},"query-input":{"@type":"PropertyValueSpecification","valueRequired":true,"valueName":"search_term_string"}}],"inLanguage":"fr-FR"},{"@type":"Organization","@id":"https:\/\/www.public.sn\/#organization","name":"LE PUBLIC","url":"https:\/\/www.public.sn\/","logo":{"@type":"ImageObject","inLanguage":"fr-FR","@id":"https:\/\/www.public.sn\/#\/schema\/logo\/image\/","url":"https:\/\/www.public.sn\/wp-content\/uploads\/2024\/05\/cropped-LOGO-PUBLIC.SN_.png","contentUrl":"https:\/\/www.public.sn\/wp-content\/uploads\/2024\/05\/cropped-LOGO-PUBLIC.SN_.png","width":682,"height":192,"caption":"LE PUBLIC"},"image":{"@id":"https:\/\/www.public.sn\/#\/schema\/logo\/image\/"}},{"@type":"Person","@id":"https:\/\/www.public.sn\/#\/schema\/person\/e3f4a11b037d4203902db148f9bc8d5a","name":"LA REDACTION","image":{"@type":"ImageObject","inLanguage":"fr-FR","@id":"https:\/\/www.public.sn\/#\/schema\/person\/image\/","url":"https:\/\/secure.gravatar.com\/avatar\/d6c030db45db2883c075085c5d6c6258654a801a93766b49af0b82d4f454e2a5?s=96&d=mm&r=g","contentUrl":"https:\/\/secure.gravatar.com\/avatar\/d6c030db45db2883c075085c5d6c6258654a801a93766b49af0b82d4f454e2a5?s=96&d=mm&r=g","caption":"LA REDACTION"},"sameAs":["http:\/\/www.public.sn"],"url":"https:\/\/www.public.sn\/index.php\/author\/admin7324\/"}]}},"jetpack_featured_media_url":"https:\/\/www.public.sn\/wp-content\/uploads\/2022\/09\/8A479071-5C16-4CEB-A6A4-578F1BD2113C.jpeg","jetpack_sharing_enabled":true,"_links":{"self":[{"href":"https:\/\/www.public.sn\/index.php\/wp-json\/wp\/v2\/posts\/1831","targetHints":{"allow":["GET"]}}],"collection":[{"href":"https:\/\/www.public.sn\/index.php\/wp-json\/wp\/v2\/posts"}],"about":[{"href":"https:\/\/www.public.sn\/index.php\/wp-json\/wp\/v2\/types\/post"}],"author":[{"embeddable":true,"href":"https:\/\/www.public.sn\/index.php\/wp-json\/wp\/v2\/users\/1"}],"replies":[{"embeddable":true,"href":"https:\/\/www.public.sn\/index.php\/wp-json\/wp\/v2\/comments?post=1831"}],"version-history":[{"count":3,"href":"https:\/\/www.public.sn\/index.php\/wp-json\/wp\/v2\/posts\/1831\/revisions"}],"predecessor-version":[{"id":1887,"href":"https:\/\/www.public.sn\/index.php\/wp-json\/wp\/v2\/posts\/1831\/revisions\/1887"}],"wp:featuredmedia":[{"embeddable":true,"href":"https:\/\/www.public.sn\/index.php\/wp-json\/wp\/v2\/media\/1832"}],"wp:attachment":[{"href":"https:\/\/www.public.sn\/index.php\/wp-json\/wp\/v2\/media?parent=1831"}],"wp:term":[{"taxonomy":"category","embeddable":true,"href":"https:\/\/www.public.sn\/index.php\/wp-json\/wp\/v2\/categories?post=1831"},{"taxonomy":"post_tag","embeddable":true,"href":"https:\/\/www.public.sn\/index.php\/wp-json\/wp\/v2\/tags?post=1831"}],"curies":[{"name":"wp","href":"https:\/\/api.w.org\/{rel}","templated":true}]}}