{"id":18341,"date":"2023-03-20T10:52:44","date_gmt":"2023-03-20T10:52:44","guid":{"rendered":"https:\/\/www.public.sn\/?p=18341"},"modified":"2023-03-20T10:52:44","modified_gmt":"2023-03-20T10:52:44","slug":"alioune-tine-plaide-pour-la-restitution-du-passeport-de-sonko","status":"publish","type":"post","link":"https:\/\/www.public.sn\/index.php\/2023\/03\/20\/alioune-tine-plaide-pour-la-restitution-du-passeport-de-sonko\/","title":{"rendered":"Alioune Tine plaide pour la restitution du passeport de Sonko"},"content":{"rendered":"<p><strong>Le parti Pastef exige le passeport d\u2019Ousmane Sonko pour son \u00e9vacuation \u00e0 l\u2019ext\u00e9rieur. Et Alioune Tine pense que cette demande est bien justifi\u00e9e.<\/strong><\/p><div class=\"publi-paragraphe1\" style=\"margin-top: 10px;margin-bottom: 10px;margin-left: auto;margin-right: auto;text-align: center;\" id=\"publi-3795509424\"><div class=\"publi-adlabel\">Publicit\u00e9<\/div><script async src=\"\/\/pagead2.googlesyndication.com\/pagead\/js\/adsbygoogle.js?client=ca-pub-4089586018074219\" crossorigin=\"anonymous\"><\/script><ins class=\"adsbygoogle\" style=\"display:block;\" data-ad-client=\"ca-pub-4089586018074219\" \ndata-ad-slot=\"2087940154\" \ndata-ad-format=\"auto\"><\/ins>\n<script> \n(adsbygoogle = window.adsbygoogle || []).push({}); \n<\/script>\n<\/div>\n<div class=\"dbe dbe-post-middle dbe-float-center dbe-align-center dbe-column-1 dbe-clearfix no-bg-box-model\">\n<div id=\"dbe-3576-943489898\" class=\"dbe-container dbe-type-code \" data-adid=\"3576\" data-type=\"code\">\n<div id=\"dbe-3576-943489898-place\">\u00ab Je pense que c\u2019est une question de bon sens et des raisons humanitaires. Le pr\u00e9sident doit mettre tous les moyens \u00e0 la disposition de Sonko, d\u2019aller se soigner et mieux faire face \u00e0 la justice \u00bb, a affirm\u00e9 Alioune Tine sur Sud Fm.<\/div>\n<\/div>\n<\/div>\n<p>Mieux, pour Alioune Tine, en \u00e9vacuant Oumane Sonko, on rassure tout le monde, on apaise la tension. Cela permettra \u00e9galement d\u2019y voir plus claire sur son \u00e9tat de sant\u00e9, du suppos\u00e9 liquide qui lui aurait \u00e9t\u00e9 vers\u00e9.<\/p>\n<div class=\"publi-apres-le-contenu\" style=\"margin-top: 10px;margin-bottom: 10px;margin-left: auto;margin-right: auto;text-align: center;\" id=\"publi-3337842752\"><div class=\"publi-adlabel\">Publicit\u00e9<\/div><script async src=\"\/\/pagead2.googlesyndication.com\/pagead\/js\/adsbygoogle.js?client=ca-pub-4089586018074219\" crossorigin=\"anonymous\"><\/script><ins class=\"adsbygoogle\" style=\"display:block;\" data-ad-client=\"ca-pub-4089586018074219\" \ndata-ad-slot=\"2087940154\" \ndata-ad-format=\"auto\"><\/ins>\n<script> \n(adsbygoogle = window.adsbygoogle || []).push({}); \n<\/script>\n<\/div>","protected":false},"excerpt":{"rendered":"<p>Le parti Pastef exige le passeport d\u2019Ousmane Sonko pour son \u00e9vacuation \u00e0 l\u2019ext\u00e9rieur. Et Alioune Tine pense que cette demande est bien justifi\u00e9e. \u00ab Je pense que c\u2019est une question de bon sens et des raisons humanitaires. Le pr\u00e9sident doit mettre tous les moyens \u00e0 la disposition de Sonko, d\u2019aller se soigner et mieux faire face \u00e0 la justice \u00bb, a affirm\u00e9 Alioune Tine sur Sud Fm. Mieux, pour Alioune Tine, en \u00e9vacuant Oumane Sonko, on rassure tout le monde, on apaise la tension. Cela permettra \u00e9galement d\u2019y voir plus claire sur son \u00e9tat de sant\u00e9, du suppos\u00e9 liquide qui lui aurait \u00e9t\u00e9 vers\u00e9.<\/p>\n","protected":false},"author":7,"featured_media":18342,"comment_status":"open","ping_status":"open","sticky":false,"template":"","format":"standard","meta":{"_jetpack_memberships_contains_paid_content":false,"footnotes":""},"categories":[375,3724,961,3,1574,376,1,372],"tags":[42,16,4844,4845],"class_list":["post-18341","post","type-post","status-publish","format-standard","has-post-thumbnail","hentry","category-actualites","category-justice","category-medias","category-politique","category-sante","category-securite-justice","category-non-classe","category-vedette","tag-alioune-tine","tag-ousmane-sonko","tag-passeport","tag-restitution","entry","has-media","owp-thumbs-layout-horizontal","owp-btn-normal","owp-tabs-layout-horizontal","has-no-thumbnails","has-product-nav"],"yoast_head":"<!-- This site is optimized with the Yoast SEO plugin v25.5 - https:\/\/yoast.com\/wordpress\/plugins\/seo\/ -->\n<title>Alioune Tine plaide pour la restitution du passeport de Sonko - LE PUBLIC<\/title>\n<meta name=\"robots\" content=\"index, follow, max-snippet:-1, max-image-preview:large, max-video-preview:-1\" \/>\n<link rel=\"canonical\" href=\"https:\/\/www.public.sn\/index.php\/2023\/03\/20\/alioune-tine-plaide-pour-la-restitution-du-passeport-de-sonko\/\" \/>\n<meta property=\"og:locale\" content=\"fr_FR\" \/>\n<meta property=\"og:type\" content=\"article\" \/>\n<meta property=\"og:title\" content=\"Alioune Tine plaide pour la restitution du passeport de Sonko - LE PUBLIC\" \/>\n<meta property=\"og:description\" content=\"Le parti Pastef exige le passeport d\u2019Ousmane Sonko pour son \u00e9vacuation \u00e0 l\u2019ext\u00e9rieur. Et Alioune Tine pense que cette demande est bien justifi\u00e9e. \u00ab Je pense que c\u2019est une question de bon sens et des raisons humanitaires. Le pr\u00e9sident doit mettre tous les moyens \u00e0 la disposition de Sonko, d\u2019aller se soigner et mieux faire face \u00e0 la justice \u00bb, a affirm\u00e9 Alioune Tine sur Sud Fm. Mieux, pour Alioune Tine, en \u00e9vacuant Oumane Sonko, on rassure tout le monde, on apaise la tension. Cela permettra \u00e9galement d\u2019y voir plus claire sur son \u00e9tat de sant\u00e9, du suppos\u00e9 liquide qui lui aurait \u00e9t\u00e9 vers\u00e9.\" \/>\n<meta property=\"og:url\" content=\"https:\/\/www.public.sn\/index.php\/2023\/03\/20\/alioune-tine-plaide-pour-la-restitution-du-passeport-de-sonko\/\" \/>\n<meta property=\"og:site_name\" content=\"LE PUBLIC\" \/>\n<meta property=\"article:published_time\" content=\"2023-03-20T10:52:44+00:00\" \/>\n<meta property=\"og:image\" content=\"https:\/\/www.public.sn\/wp-content\/uploads\/2023\/03\/alioune-tine.jpg\" \/>\n\t<meta property=\"og:image:width\" content=\"640\" \/>\n\t<meta property=\"og:image:height\" content=\"361\" \/>\n\t<meta property=\"og:image:type\" content=\"image\/jpeg\" \/>\n<meta name=\"author\" content=\"LA REDACTION\" \/>\n<meta name=\"twitter:card\" content=\"summary_large_image\" \/>\n<meta name=\"twitter:label1\" content=\"\u00c9crit par\" \/>\n\t<meta name=\"twitter:data1\" content=\"LA REDACTION\" \/>\n\t<meta name=\"twitter:label2\" content=\"Dur\u00e9e de lecture estim\u00e9e\" \/>\n\t<meta name=\"twitter:data2\" content=\"1 minute\" \/>\n<script type=\"application\/ld+json\" class=\"yoast-schema-graph\">{\"@context\":\"https:\/\/schema.org\",\"@graph\":[{\"@type\":\"Article\",\"@id\":\"https:\/\/www.public.sn\/index.php\/2023\/03\/20\/alioune-tine-plaide-pour-la-restitution-du-passeport-de-sonko\/#article\",\"isPartOf\":{\"@id\":\"https:\/\/www.public.sn\/index.php\/2023\/03\/20\/alioune-tine-plaide-pour-la-restitution-du-passeport-de-sonko\/\"},\"author\":{\"name\":\"LA REDACTION\",\"@id\":\"https:\/\/www.public.sn\/#\/schema\/person\/cb76c8e1b8becc6be61fb5e92d6d0224\"},\"headline\":\"Alioune Tine plaide pour la restitution du passeport de Sonko\",\"datePublished\":\"2023-03-20T10:52:44+00:00\",\"mainEntityOfPage\":{\"@id\":\"https:\/\/www.public.sn\/index.php\/2023\/03\/20\/alioune-tine-plaide-pour-la-restitution-du-passeport-de-sonko\/\"},\"wordCount\":117,\"commentCount\":0,\"publisher\":{\"@id\":\"https:\/\/www.public.sn\/#organization\"},\"image\":{\"@id\":\"https:\/\/www.public.sn\/index.php\/2023\/03\/20\/alioune-tine-plaide-pour-la-restitution-du-passeport-de-sonko\/#primaryimage\"},\"thumbnailUrl\":\"https:\/\/www.public.sn\/wp-content\/uploads\/2023\/03\/alioune-tine.jpg\",\"keywords\":[\"Alioune Tine\",\"Ousmane Sonko\",\"Passeport\",\"restitution\"],\"articleSection\":[\"ACTUALIT\u00c9S\",\"justice\",\"M\u00c9DIAS\",\"POLITIQUE\",\"SANT\u00c9\",\"S\u00c9CURIT\u00c9 &amp; JUSTICE\",\"S\u00c9N\u00c9GAL\",\"VEDETTE\"],\"inLanguage\":\"fr-FR\",\"potentialAction\":[{\"@type\":\"CommentAction\",\"name\":\"Comment\",\"target\":[\"https:\/\/www.public.sn\/index.php\/2023\/03\/20\/alioune-tine-plaide-pour-la-restitution-du-passeport-de-sonko\/#respond\"]}]},{\"@type\":\"WebPage\",\"@id\":\"https:\/\/www.public.sn\/index.php\/2023\/03\/20\/alioune-tine-plaide-pour-la-restitution-du-passeport-de-sonko\/\",\"url\":\"https:\/\/www.public.sn\/index.php\/2023\/03\/20\/alioune-tine-plaide-pour-la-restitution-du-passeport-de-sonko\/\",\"name\":\"Alioune Tine plaide pour la restitution du passeport de Sonko - LE PUBLIC\",\"isPartOf\":{\"@id\":\"https:\/\/www.public.sn\/#website\"},\"primaryImageOfPage\":{\"@id\":\"https:\/\/www.public.sn\/index.php\/2023\/03\/20\/alioune-tine-plaide-pour-la-restitution-du-passeport-de-sonko\/#primaryimage\"},\"image\":{\"@id\":\"https:\/\/www.public.sn\/index.php\/2023\/03\/20\/alioune-tine-plaide-pour-la-restitution-du-passeport-de-sonko\/#primaryimage\"},\"thumbnailUrl\":\"https:\/\/www.public.sn\/wp-content\/uploads\/2023\/03\/alioune-tine.jpg\",\"datePublished\":\"2023-03-20T10:52:44+00:00\",\"breadcrumb\":{\"@id\":\"https:\/\/www.public.sn\/index.php\/2023\/03\/20\/alioune-tine-plaide-pour-la-restitution-du-passeport-de-sonko\/#breadcrumb\"},\"inLanguage\":\"fr-FR\",\"potentialAction\":[{\"@type\":\"ReadAction\",\"target\":[\"https:\/\/www.public.sn\/index.php\/2023\/03\/20\/alioune-tine-plaide-pour-la-restitution-du-passeport-de-sonko\/\"]}]},{\"@type\":\"ImageObject\",\"inLanguage\":\"fr-FR\",\"@id\":\"https:\/\/www.public.sn\/index.php\/2023\/03\/20\/alioune-tine-plaide-pour-la-restitution-du-passeport-de-sonko\/#primaryimage\",\"url\":\"https:\/\/www.public.sn\/wp-content\/uploads\/2023\/03\/alioune-tine.jpg\",\"contentUrl\":\"https:\/\/www.public.sn\/wp-content\/uploads\/2023\/03\/alioune-tine.jpg\",\"width\":640,\"height\":361},{\"@type\":\"BreadcrumbList\",\"@id\":\"https:\/\/www.public.sn\/index.php\/2023\/03\/20\/alioune-tine-plaide-pour-la-restitution-du-passeport-de-sonko\/#breadcrumb\",\"itemListElement\":[{\"@type\":\"ListItem\",\"position\":1,\"name\":\"Accueil\",\"item\":\"https:\/\/www.public.sn\/\"},{\"@type\":\"ListItem\",\"position\":2,\"name\":\"Alioune Tine plaide pour la restitution du passeport de Sonko\"}]},{\"@type\":\"WebSite\",\"@id\":\"https:\/\/www.public.sn\/#website\",\"url\":\"https:\/\/www.public.sn\/\",\"name\":\"LE PUBLIC\",\"description\":\"\",\"publisher\":{\"@id\":\"https:\/\/www.public.sn\/#organization\"},\"potentialAction\":[{\"@type\":\"SearchAction\",\"target\":{\"@type\":\"EntryPoint\",\"urlTemplate\":\"https:\/\/www.public.sn\/?s={search_term_string}\"},\"query-input\":{\"@type\":\"PropertyValueSpecification\",\"valueRequired\":true,\"valueName\":\"search_term_string\"}}],\"inLanguage\":\"fr-FR\"},{\"@type\":\"Organization\",\"@id\":\"https:\/\/www.public.sn\/#organization\",\"name\":\"LE PUBLIC\",\"url\":\"https:\/\/www.public.sn\/\",\"logo\":{\"@type\":\"ImageObject\",\"inLanguage\":\"fr-FR\",\"@id\":\"https:\/\/www.public.sn\/#\/schema\/logo\/image\/\",\"url\":\"https:\/\/www.public.sn\/wp-content\/uploads\/2024\/05\/cropped-LOGO-PUBLIC.SN_.png\",\"contentUrl\":\"https:\/\/www.public.sn\/wp-content\/uploads\/2024\/05\/cropped-LOGO-PUBLIC.SN_.png\",\"width\":682,\"height\":192,\"caption\":\"LE PUBLIC\"},\"image\":{\"@id\":\"https:\/\/www.public.sn\/#\/schema\/logo\/image\/\"}},{\"@type\":\"Person\",\"@id\":\"https:\/\/www.public.sn\/#\/schema\/person\/cb76c8e1b8becc6be61fb5e92d6d0224\",\"name\":\"LA REDACTION\",\"image\":{\"@type\":\"ImageObject\",\"inLanguage\":\"fr-FR\",\"@id\":\"https:\/\/www.public.sn\/#\/schema\/person\/image\/\",\"url\":\"https:\/\/secure.gravatar.com\/avatar\/2dce5ddd34b8fef0180efe03aa2a9bee7d953856048f9a16b298190a3178407c?s=96&d=mm&r=g\",\"contentUrl\":\"https:\/\/secure.gravatar.com\/avatar\/2dce5ddd34b8fef0180efe03aa2a9bee7d953856048f9a16b298190a3178407c?s=96&d=mm&r=g\",\"caption\":\"LA REDACTION\"},\"url\":\"https:\/\/www.public.sn\/index.php\/author\/editeurpsn\/\"}]}<\/script>\n<!-- \/ Yoast SEO plugin. -->","yoast_head_json":{"title":"Alioune Tine plaide pour la restitution du passeport de Sonko - LE PUBLIC","robots":{"index":"index","follow":"follow","max-snippet":"max-snippet:-1","max-image-preview":"max-image-preview:large","max-video-preview":"max-video-preview:-1"},"canonical":"https:\/\/www.public.sn\/index.php\/2023\/03\/20\/alioune-tine-plaide-pour-la-restitution-du-passeport-de-sonko\/","og_locale":"fr_FR","og_type":"article","og_title":"Alioune Tine plaide pour la restitution du passeport de Sonko - LE PUBLIC","og_description":"Le parti Pastef exige le passeport d\u2019Ousmane Sonko pour son \u00e9vacuation \u00e0 l\u2019ext\u00e9rieur. Et Alioune Tine pense que cette demande est bien justifi\u00e9e. \u00ab Je pense que c\u2019est une question de bon sens et des raisons humanitaires. Le pr\u00e9sident doit mettre tous les moyens \u00e0 la disposition de Sonko, d\u2019aller se soigner et mieux faire face \u00e0 la justice \u00bb, a affirm\u00e9 Alioune Tine sur Sud Fm. Mieux, pour Alioune Tine, en \u00e9vacuant Oumane Sonko, on rassure tout le monde, on apaise la tension. Cela permettra \u00e9galement d\u2019y voir plus claire sur son \u00e9tat de sant\u00e9, du suppos\u00e9 liquide qui lui aurait \u00e9t\u00e9 vers\u00e9.","og_url":"https:\/\/www.public.sn\/index.php\/2023\/03\/20\/alioune-tine-plaide-pour-la-restitution-du-passeport-de-sonko\/","og_site_name":"LE PUBLIC","article_published_time":"2023-03-20T10:52:44+00:00","og_image":[{"width":640,"height":361,"url":"https:\/\/www.public.sn\/wp-content\/uploads\/2023\/03\/alioune-tine.jpg","type":"image\/jpeg"}],"author":"LA REDACTION","twitter_card":"summary_large_image","twitter_misc":{"\u00c9crit par":"LA REDACTION","Dur\u00e9e de lecture estim\u00e9e":"1 minute"},"schema":{"@context":"https:\/\/schema.org","@graph":[{"@type":"Article","@id":"https:\/\/www.public.sn\/index.php\/2023\/03\/20\/alioune-tine-plaide-pour-la-restitution-du-passeport-de-sonko\/#article","isPartOf":{"@id":"https:\/\/www.public.sn\/index.php\/2023\/03\/20\/alioune-tine-plaide-pour-la-restitution-du-passeport-de-sonko\/"},"author":{"name":"LA REDACTION","@id":"https:\/\/www.public.sn\/#\/schema\/person\/cb76c8e1b8becc6be61fb5e92d6d0224"},"headline":"Alioune Tine plaide pour la restitution du passeport de Sonko","datePublished":"2023-03-20T10:52:44+00:00","mainEntityOfPage":{"@id":"https:\/\/www.public.sn\/index.php\/2023\/03\/20\/alioune-tine-plaide-pour-la-restitution-du-passeport-de-sonko\/"},"wordCount":117,"commentCount":0,"publisher":{"@id":"https:\/\/www.public.sn\/#organization"},"image":{"@id":"https:\/\/www.public.sn\/index.php\/2023\/03\/20\/alioune-tine-plaide-pour-la-restitution-du-passeport-de-sonko\/#primaryimage"},"thumbnailUrl":"https:\/\/www.public.sn\/wp-content\/uploads\/2023\/03\/alioune-tine.jpg","keywords":["Alioune Tine","Ousmane Sonko","Passeport","restitution"],"articleSection":["ACTUALIT\u00c9S","justice","M\u00c9DIAS","POLITIQUE","SANT\u00c9","S\u00c9CURIT\u00c9 &amp; JUSTICE","S\u00c9N\u00c9GAL","VEDETTE"],"inLanguage":"fr-FR","potentialAction":[{"@type":"CommentAction","name":"Comment","target":["https:\/\/www.public.sn\/index.php\/2023\/03\/20\/alioune-tine-plaide-pour-la-restitution-du-passeport-de-sonko\/#respond"]}]},{"@type":"WebPage","@id":"https:\/\/www.public.sn\/index.php\/2023\/03\/20\/alioune-tine-plaide-pour-la-restitution-du-passeport-de-sonko\/","url":"https:\/\/www.public.sn\/index.php\/2023\/03\/20\/alioune-tine-plaide-pour-la-restitution-du-passeport-de-sonko\/","name":"Alioune Tine plaide pour la restitution du passeport de Sonko - LE PUBLIC","isPartOf":{"@id":"https:\/\/www.public.sn\/#website"},"primaryImageOfPage":{"@id":"https:\/\/www.public.sn\/index.php\/2023\/03\/20\/alioune-tine-plaide-pour-la-restitution-du-passeport-de-sonko\/#primaryimage"},"image":{"@id":"https:\/\/www.public.sn\/index.php\/2023\/03\/20\/alioune-tine-plaide-pour-la-restitution-du-passeport-de-sonko\/#primaryimage"},"thumbnailUrl":"https:\/\/www.public.sn\/wp-content\/uploads\/2023\/03\/alioune-tine.jpg","datePublished":"2023-03-20T10:52:44+00:00","breadcrumb":{"@id":"https:\/\/www.public.sn\/index.php\/2023\/03\/20\/alioune-tine-plaide-pour-la-restitution-du-passeport-de-sonko\/#breadcrumb"},"inLanguage":"fr-FR","potentialAction":[{"@type":"ReadAction","target":["https:\/\/www.public.sn\/index.php\/2023\/03\/20\/alioune-tine-plaide-pour-la-restitution-du-passeport-de-sonko\/"]}]},{"@type":"ImageObject","inLanguage":"fr-FR","@id":"https:\/\/www.public.sn\/index.php\/2023\/03\/20\/alioune-tine-plaide-pour-la-restitution-du-passeport-de-sonko\/#primaryimage","url":"https:\/\/www.public.sn\/wp-content\/uploads\/2023\/03\/alioune-tine.jpg","contentUrl":"https:\/\/www.public.sn\/wp-content\/uploads\/2023\/03\/alioune-tine.jpg","width":640,"height":361},{"@type":"BreadcrumbList","@id":"https:\/\/www.public.sn\/index.php\/2023\/03\/20\/alioune-tine-plaide-pour-la-restitution-du-passeport-de-sonko\/#breadcrumb","itemListElement":[{"@type":"ListItem","position":1,"name":"Accueil","item":"https:\/\/www.public.sn\/"},{"@type":"ListItem","position":2,"name":"Alioune Tine plaide pour la restitution du passeport de Sonko"}]},{"@type":"WebSite","@id":"https:\/\/www.public.sn\/#website","url":"https:\/\/www.public.sn\/","name":"LE PUBLIC","description":"","publisher":{"@id":"https:\/\/www.public.sn\/#organization"},"potentialAction":[{"@type":"SearchAction","target":{"@type":"EntryPoint","urlTemplate":"https:\/\/www.public.sn\/?s={search_term_string}"},"query-input":{"@type":"PropertyValueSpecification","valueRequired":true,"valueName":"search_term_string"}}],"inLanguage":"fr-FR"},{"@type":"Organization","@id":"https:\/\/www.public.sn\/#organization","name":"LE PUBLIC","url":"https:\/\/www.public.sn\/","logo":{"@type":"ImageObject","inLanguage":"fr-FR","@id":"https:\/\/www.public.sn\/#\/schema\/logo\/image\/","url":"https:\/\/www.public.sn\/wp-content\/uploads\/2024\/05\/cropped-LOGO-PUBLIC.SN_.png","contentUrl":"https:\/\/www.public.sn\/wp-content\/uploads\/2024\/05\/cropped-LOGO-PUBLIC.SN_.png","width":682,"height":192,"caption":"LE PUBLIC"},"image":{"@id":"https:\/\/www.public.sn\/#\/schema\/logo\/image\/"}},{"@type":"Person","@id":"https:\/\/www.public.sn\/#\/schema\/person\/cb76c8e1b8becc6be61fb5e92d6d0224","name":"LA REDACTION","image":{"@type":"ImageObject","inLanguage":"fr-FR","@id":"https:\/\/www.public.sn\/#\/schema\/person\/image\/","url":"https:\/\/secure.gravatar.com\/avatar\/2dce5ddd34b8fef0180efe03aa2a9bee7d953856048f9a16b298190a3178407c?s=96&d=mm&r=g","contentUrl":"https:\/\/secure.gravatar.com\/avatar\/2dce5ddd34b8fef0180efe03aa2a9bee7d953856048f9a16b298190a3178407c?s=96&d=mm&r=g","caption":"LA REDACTION"},"url":"https:\/\/www.public.sn\/index.php\/author\/editeurpsn\/"}]}},"jetpack_featured_media_url":"https:\/\/www.public.sn\/wp-content\/uploads\/2023\/03\/alioune-tine.jpg","jetpack_sharing_enabled":true,"_links":{"self":[{"href":"https:\/\/www.public.sn\/index.php\/wp-json\/wp\/v2\/posts\/18341","targetHints":{"allow":["GET"]}}],"collection":[{"href":"https:\/\/www.public.sn\/index.php\/wp-json\/wp\/v2\/posts"}],"about":[{"href":"https:\/\/www.public.sn\/index.php\/wp-json\/wp\/v2\/types\/post"}],"author":[{"embeddable":true,"href":"https:\/\/www.public.sn\/index.php\/wp-json\/wp\/v2\/users\/7"}],"replies":[{"embeddable":true,"href":"https:\/\/www.public.sn\/index.php\/wp-json\/wp\/v2\/comments?post=18341"}],"version-history":[{"count":1,"href":"https:\/\/www.public.sn\/index.php\/wp-json\/wp\/v2\/posts\/18341\/revisions"}],"predecessor-version":[{"id":18343,"href":"https:\/\/www.public.sn\/index.php\/wp-json\/wp\/v2\/posts\/18341\/revisions\/18343"}],"wp:featuredmedia":[{"embeddable":true,"href":"https:\/\/www.public.sn\/index.php\/wp-json\/wp\/v2\/media\/18342"}],"wp:attachment":[{"href":"https:\/\/www.public.sn\/index.php\/wp-json\/wp\/v2\/media?parent=18341"}],"wp:term":[{"taxonomy":"category","embeddable":true,"href":"https:\/\/www.public.sn\/index.php\/wp-json\/wp\/v2\/categories?post=18341"},{"taxonomy":"post_tag","embeddable":true,"href":"https:\/\/www.public.sn\/index.php\/wp-json\/wp\/v2\/tags?post=18341"}],"curies":[{"name":"wp","href":"https:\/\/api.w.org\/{rel}","templated":true}]}}