{"id":18373,"date":"2023-03-20T15:20:00","date_gmt":"2023-03-20T15:20:00","guid":{"rendered":"https:\/\/www.public.sn\/?p=18373"},"modified":"2023-03-20T15:20:00","modified_gmt":"2023-03-20T15:20:00","slug":"manifs-du-16-mars-plus-de-400-manifestants-arretes","status":"publish","type":"post","link":"https:\/\/www.public.sn\/index.php\/2023\/03\/20\/manifs-du-16-mars-plus-de-400-manifestants-arretes\/","title":{"rendered":"Manifs du 16 mars : Plus de 400 manifestants arr\u00eat\u00e9s"},"content":{"rendered":"<p><strong>Plusieurs quartiers de Dakar ont \u00e9t\u00e9 jeudi le th\u00e9\u00e2tre de sc\u00e8nes de gu\u00e9rilla entre manifestants et forces de l\u2019ordre au moment o\u00f9 l\u2019opposant Ousmane Sonko comparaissait lors d\u2019un proc\u00e8s dont pourrait d\u00e9pendre sa candidature \u00e0 la pr\u00e9sidentielle de 2024.<\/strong><\/p><div class=\"publi-paragraphe1\" style=\"margin-top: 10px;margin-bottom: 10px;margin-left: auto;margin-right: auto;text-align: center;\" id=\"publi-4031781430\"><div class=\"publi-adlabel\">Publicit\u00e9<\/div><script async src=\"\/\/pagead2.googlesyndication.com\/pagead\/js\/adsbygoogle.js?client=ca-pub-4089586018074219\" crossorigin=\"anonymous\"><\/script><ins class=\"adsbygoogle\" style=\"display:block;\" data-ad-client=\"ca-pub-4089586018074219\" \ndata-ad-slot=\"2087940154\" \ndata-ad-format=\"auto\"><\/ins>\n<script> \n(adsbygoogle = window.adsbygoogle || []).push({}); \n<\/script>\n<\/div>\n<p>Plus de 400 arrestations ont \u00e9t\u00e9 enregistr\u00e9s depuis jeudi sur toute l\u2019\u00e9tendu du territoire national. 50 personnes sont d\u00e9tenus au commissariat central de Dakar, dont Waly Diouf Bodian d\u00e9f\u00e9r\u00e9s ce matin, le syndicat autonome des agents des imp\u00f4ts et domaines exige sa lib\u00e9ration. Cheikh Oumar Diagne est aussi plac\u00e9 en garde \u00e0 vue \u00e0 la DIC, de m\u00eame qu\u2019Abdou Karim Gueye<\/p>\n<div class=\"publi-apres-le-contenu\" style=\"margin-top: 10px;margin-bottom: 10px;margin-left: auto;margin-right: auto;text-align: center;\" id=\"publi-179026450\"><div class=\"publi-adlabel\">Publicit\u00e9<\/div><script async src=\"\/\/pagead2.googlesyndication.com\/pagead\/js\/adsbygoogle.js?client=ca-pub-4089586018074219\" crossorigin=\"anonymous\"><\/script><ins class=\"adsbygoogle\" style=\"display:block;\" data-ad-client=\"ca-pub-4089586018074219\" \ndata-ad-slot=\"2087940154\" \ndata-ad-format=\"auto\"><\/ins>\n<script> \n(adsbygoogle = window.adsbygoogle || []).push({}); \n<\/script>\n<\/div>","protected":false},"excerpt":{"rendered":"<p>Plusieurs quartiers de Dakar ont \u00e9t\u00e9 jeudi le th\u00e9\u00e2tre de sc\u00e8nes de gu\u00e9rilla entre manifestants et forces de l\u2019ordre au moment o\u00f9 l\u2019opposant Ousmane Sonko comparaissait lors d\u2019un proc\u00e8s dont pourrait d\u00e9pendre sa candidature \u00e0 la pr\u00e9sidentielle de 2024. Plus de 400 arrestations ont \u00e9t\u00e9 enregistr\u00e9s depuis jeudi sur toute l\u2019\u00e9tendu du territoire national. 50 personnes sont d\u00e9tenus au commissariat central de Dakar, dont Waly Diouf Bodian d\u00e9f\u00e9r\u00e9s ce matin, le syndicat autonome des agents des imp\u00f4ts et domaines exige sa lib\u00e9ration. Cheikh Oumar Diagne est aussi plac\u00e9 en garde \u00e0 vue \u00e0 la DIC, de m\u00eame qu\u2019Abdou Karim Gueye<\/p>\n","protected":false},"author":7,"featured_media":18374,"comment_status":"open","ping_status":"open","sticky":false,"template":"","format":"standard","meta":{"_jetpack_memberships_contains_paid_content":false,"footnotes":""},"categories":[375,3724,4353,3,376,1,4,372],"tags":[4854,1473,4804],"class_list":["post-18373","post","type-post","status-publish","format-standard","has-post-thumbnail","hentry","category-actualites","category-justice","category-manifestations","category-politique","category-securite-justice","category-non-classe","category-societe","category-vedette","tag-16-mars","tag-arrestation","tag-manif","entry","has-media","owp-thumbs-layout-horizontal","owp-btn-normal","owp-tabs-layout-horizontal","has-no-thumbnails","has-product-nav"],"yoast_head":"<!-- This site is optimized with the Yoast SEO plugin v25.5 - https:\/\/yoast.com\/wordpress\/plugins\/seo\/ -->\n<title>Manifs du 16 mars : Plus de 400 manifestants arr\u00eat\u00e9s - LE PUBLIC<\/title>\n<meta name=\"robots\" content=\"index, follow, max-snippet:-1, max-image-preview:large, max-video-preview:-1\" \/>\n<link rel=\"canonical\" href=\"https:\/\/www.public.sn\/index.php\/2023\/03\/20\/manifs-du-16-mars-plus-de-400-manifestants-arretes\/\" \/>\n<meta property=\"og:locale\" content=\"fr_FR\" \/>\n<meta property=\"og:type\" content=\"article\" \/>\n<meta property=\"og:title\" content=\"Manifs du 16 mars : Plus de 400 manifestants arr\u00eat\u00e9s - LE PUBLIC\" \/>\n<meta property=\"og:description\" content=\"Plusieurs quartiers de Dakar ont \u00e9t\u00e9 jeudi le th\u00e9\u00e2tre de sc\u00e8nes de gu\u00e9rilla entre manifestants et forces de l\u2019ordre au moment o\u00f9 l\u2019opposant Ousmane Sonko comparaissait lors d\u2019un proc\u00e8s dont pourrait d\u00e9pendre sa candidature \u00e0 la pr\u00e9sidentielle de 2024. Plus de 400 arrestations ont \u00e9t\u00e9 enregistr\u00e9s depuis jeudi sur toute l\u2019\u00e9tendu du territoire national. 50 personnes sont d\u00e9tenus au commissariat central de Dakar, dont Waly Diouf Bodian d\u00e9f\u00e9r\u00e9s ce matin, le syndicat autonome des agents des imp\u00f4ts et domaines exige sa lib\u00e9ration. Cheikh Oumar Diagne est aussi plac\u00e9 en garde \u00e0 vue \u00e0 la DIC, de m\u00eame qu\u2019Abdou Karim Gueye\" \/>\n<meta property=\"og:url\" content=\"https:\/\/www.public.sn\/index.php\/2023\/03\/20\/manifs-du-16-mars-plus-de-400-manifestants-arretes\/\" \/>\n<meta property=\"og:site_name\" content=\"LE PUBLIC\" \/>\n<meta property=\"article:published_time\" content=\"2023-03-20T15:20:00+00:00\" \/>\n<meta property=\"og:image\" content=\"https:\/\/www.public.sn\/wp-content\/uploads\/2023\/03\/manifestation.jpg\" \/>\n\t<meta property=\"og:image:width\" content=\"318\" \/>\n\t<meta property=\"og:image:height\" content=\"159\" \/>\n\t<meta property=\"og:image:type\" content=\"image\/jpeg\" \/>\n<meta name=\"author\" content=\"LA REDACTION\" \/>\n<meta name=\"twitter:card\" content=\"summary_large_image\" \/>\n<meta name=\"twitter:label1\" content=\"\u00c9crit par\" \/>\n\t<meta name=\"twitter:data1\" content=\"LA REDACTION\" \/>\n\t<meta name=\"twitter:label2\" content=\"Dur\u00e9e de lecture estim\u00e9e\" \/>\n\t<meta name=\"twitter:data2\" content=\"1 minute\" \/>\n<script type=\"application\/ld+json\" class=\"yoast-schema-graph\">{\"@context\":\"https:\/\/schema.org\",\"@graph\":[{\"@type\":\"Article\",\"@id\":\"https:\/\/www.public.sn\/index.php\/2023\/03\/20\/manifs-du-16-mars-plus-de-400-manifestants-arretes\/#article\",\"isPartOf\":{\"@id\":\"https:\/\/www.public.sn\/index.php\/2023\/03\/20\/manifs-du-16-mars-plus-de-400-manifestants-arretes\/\"},\"author\":{\"name\":\"LA REDACTION\",\"@id\":\"https:\/\/www.public.sn\/#\/schema\/person\/cb76c8e1b8becc6be61fb5e92d6d0224\"},\"headline\":\"Manifs du 16 mars : Plus de 400 manifestants arr\u00eat\u00e9s\",\"datePublished\":\"2023-03-20T15:20:00+00:00\",\"mainEntityOfPage\":{\"@id\":\"https:\/\/www.public.sn\/index.php\/2023\/03\/20\/manifs-du-16-mars-plus-de-400-manifestants-arretes\/\"},\"wordCount\":122,\"commentCount\":0,\"publisher\":{\"@id\":\"https:\/\/www.public.sn\/#organization\"},\"image\":{\"@id\":\"https:\/\/www.public.sn\/index.php\/2023\/03\/20\/manifs-du-16-mars-plus-de-400-manifestants-arretes\/#primaryimage\"},\"thumbnailUrl\":\"https:\/\/www.public.sn\/wp-content\/uploads\/2023\/03\/manifestation.jpg\",\"keywords\":[\"16 Mars\",\"arrestation\",\"manif\"],\"articleSection\":[\"ACTUALIT\u00c9S\",\"justice\",\"MANIFESTATIONS\",\"POLITIQUE\",\"S\u00c9CURIT\u00c9 &amp; JUSTICE\",\"S\u00c9N\u00c9GAL\",\"SOCIETE\",\"VEDETTE\"],\"inLanguage\":\"fr-FR\",\"potentialAction\":[{\"@type\":\"CommentAction\",\"name\":\"Comment\",\"target\":[\"https:\/\/www.public.sn\/index.php\/2023\/03\/20\/manifs-du-16-mars-plus-de-400-manifestants-arretes\/#respond\"]}]},{\"@type\":\"WebPage\",\"@id\":\"https:\/\/www.public.sn\/index.php\/2023\/03\/20\/manifs-du-16-mars-plus-de-400-manifestants-arretes\/\",\"url\":\"https:\/\/www.public.sn\/index.php\/2023\/03\/20\/manifs-du-16-mars-plus-de-400-manifestants-arretes\/\",\"name\":\"Manifs du 16 mars : Plus de 400 manifestants arr\u00eat\u00e9s - LE PUBLIC\",\"isPartOf\":{\"@id\":\"https:\/\/www.public.sn\/#website\"},\"primaryImageOfPage\":{\"@id\":\"https:\/\/www.public.sn\/index.php\/2023\/03\/20\/manifs-du-16-mars-plus-de-400-manifestants-arretes\/#primaryimage\"},\"image\":{\"@id\":\"https:\/\/www.public.sn\/index.php\/2023\/03\/20\/manifs-du-16-mars-plus-de-400-manifestants-arretes\/#primaryimage\"},\"thumbnailUrl\":\"https:\/\/www.public.sn\/wp-content\/uploads\/2023\/03\/manifestation.jpg\",\"datePublished\":\"2023-03-20T15:20:00+00:00\",\"breadcrumb\":{\"@id\":\"https:\/\/www.public.sn\/index.php\/2023\/03\/20\/manifs-du-16-mars-plus-de-400-manifestants-arretes\/#breadcrumb\"},\"inLanguage\":\"fr-FR\",\"potentialAction\":[{\"@type\":\"ReadAction\",\"target\":[\"https:\/\/www.public.sn\/index.php\/2023\/03\/20\/manifs-du-16-mars-plus-de-400-manifestants-arretes\/\"]}]},{\"@type\":\"ImageObject\",\"inLanguage\":\"fr-FR\",\"@id\":\"https:\/\/www.public.sn\/index.php\/2023\/03\/20\/manifs-du-16-mars-plus-de-400-manifestants-arretes\/#primaryimage\",\"url\":\"https:\/\/www.public.sn\/wp-content\/uploads\/2023\/03\/manifestation.jpg\",\"contentUrl\":\"https:\/\/www.public.sn\/wp-content\/uploads\/2023\/03\/manifestation.jpg\",\"width\":318,\"height\":159},{\"@type\":\"BreadcrumbList\",\"@id\":\"https:\/\/www.public.sn\/index.php\/2023\/03\/20\/manifs-du-16-mars-plus-de-400-manifestants-arretes\/#breadcrumb\",\"itemListElement\":[{\"@type\":\"ListItem\",\"position\":1,\"name\":\"Accueil\",\"item\":\"https:\/\/www.public.sn\/\"},{\"@type\":\"ListItem\",\"position\":2,\"name\":\"Manifs du 16 mars : Plus de 400 manifestants arr\u00eat\u00e9s\"}]},{\"@type\":\"WebSite\",\"@id\":\"https:\/\/www.public.sn\/#website\",\"url\":\"https:\/\/www.public.sn\/\",\"name\":\"LE PUBLIC\",\"description\":\"\",\"publisher\":{\"@id\":\"https:\/\/www.public.sn\/#organization\"},\"potentialAction\":[{\"@type\":\"SearchAction\",\"target\":{\"@type\":\"EntryPoint\",\"urlTemplate\":\"https:\/\/www.public.sn\/?s={search_term_string}\"},\"query-input\":{\"@type\":\"PropertyValueSpecification\",\"valueRequired\":true,\"valueName\":\"search_term_string\"}}],\"inLanguage\":\"fr-FR\"},{\"@type\":\"Organization\",\"@id\":\"https:\/\/www.public.sn\/#organization\",\"name\":\"LE PUBLIC\",\"url\":\"https:\/\/www.public.sn\/\",\"logo\":{\"@type\":\"ImageObject\",\"inLanguage\":\"fr-FR\",\"@id\":\"https:\/\/www.public.sn\/#\/schema\/logo\/image\/\",\"url\":\"https:\/\/www.public.sn\/wp-content\/uploads\/2024\/05\/cropped-LOGO-PUBLIC.SN_.png\",\"contentUrl\":\"https:\/\/www.public.sn\/wp-content\/uploads\/2024\/05\/cropped-LOGO-PUBLIC.SN_.png\",\"width\":682,\"height\":192,\"caption\":\"LE PUBLIC\"},\"image\":{\"@id\":\"https:\/\/www.public.sn\/#\/schema\/logo\/image\/\"}},{\"@type\":\"Person\",\"@id\":\"https:\/\/www.public.sn\/#\/schema\/person\/cb76c8e1b8becc6be61fb5e92d6d0224\",\"name\":\"LA REDACTION\",\"image\":{\"@type\":\"ImageObject\",\"inLanguage\":\"fr-FR\",\"@id\":\"https:\/\/www.public.sn\/#\/schema\/person\/image\/\",\"url\":\"https:\/\/secure.gravatar.com\/avatar\/2dce5ddd34b8fef0180efe03aa2a9bee7d953856048f9a16b298190a3178407c?s=96&d=mm&r=g\",\"contentUrl\":\"https:\/\/secure.gravatar.com\/avatar\/2dce5ddd34b8fef0180efe03aa2a9bee7d953856048f9a16b298190a3178407c?s=96&d=mm&r=g\",\"caption\":\"LA REDACTION\"},\"url\":\"https:\/\/www.public.sn\/index.php\/author\/editeurpsn\/\"}]}<\/script>\n<!-- \/ Yoast SEO plugin. -->","yoast_head_json":{"title":"Manifs du 16 mars : Plus de 400 manifestants arr\u00eat\u00e9s - LE PUBLIC","robots":{"index":"index","follow":"follow","max-snippet":"max-snippet:-1","max-image-preview":"max-image-preview:large","max-video-preview":"max-video-preview:-1"},"canonical":"https:\/\/www.public.sn\/index.php\/2023\/03\/20\/manifs-du-16-mars-plus-de-400-manifestants-arretes\/","og_locale":"fr_FR","og_type":"article","og_title":"Manifs du 16 mars : Plus de 400 manifestants arr\u00eat\u00e9s - LE PUBLIC","og_description":"Plusieurs quartiers de Dakar ont \u00e9t\u00e9 jeudi le th\u00e9\u00e2tre de sc\u00e8nes de gu\u00e9rilla entre manifestants et forces de l\u2019ordre au moment o\u00f9 l\u2019opposant Ousmane Sonko comparaissait lors d\u2019un proc\u00e8s dont pourrait d\u00e9pendre sa candidature \u00e0 la pr\u00e9sidentielle de 2024. Plus de 400 arrestations ont \u00e9t\u00e9 enregistr\u00e9s depuis jeudi sur toute l\u2019\u00e9tendu du territoire national. 50 personnes sont d\u00e9tenus au commissariat central de Dakar, dont Waly Diouf Bodian d\u00e9f\u00e9r\u00e9s ce matin, le syndicat autonome des agents des imp\u00f4ts et domaines exige sa lib\u00e9ration. Cheikh Oumar Diagne est aussi plac\u00e9 en garde \u00e0 vue \u00e0 la DIC, de m\u00eame qu\u2019Abdou Karim Gueye","og_url":"https:\/\/www.public.sn\/index.php\/2023\/03\/20\/manifs-du-16-mars-plus-de-400-manifestants-arretes\/","og_site_name":"LE PUBLIC","article_published_time":"2023-03-20T15:20:00+00:00","og_image":[{"width":318,"height":159,"url":"https:\/\/www.public.sn\/wp-content\/uploads\/2023\/03\/manifestation.jpg","type":"image\/jpeg"}],"author":"LA REDACTION","twitter_card":"summary_large_image","twitter_misc":{"\u00c9crit par":"LA REDACTION","Dur\u00e9e de lecture estim\u00e9e":"1 minute"},"schema":{"@context":"https:\/\/schema.org","@graph":[{"@type":"Article","@id":"https:\/\/www.public.sn\/index.php\/2023\/03\/20\/manifs-du-16-mars-plus-de-400-manifestants-arretes\/#article","isPartOf":{"@id":"https:\/\/www.public.sn\/index.php\/2023\/03\/20\/manifs-du-16-mars-plus-de-400-manifestants-arretes\/"},"author":{"name":"LA REDACTION","@id":"https:\/\/www.public.sn\/#\/schema\/person\/cb76c8e1b8becc6be61fb5e92d6d0224"},"headline":"Manifs du 16 mars : Plus de 400 manifestants arr\u00eat\u00e9s","datePublished":"2023-03-20T15:20:00+00:00","mainEntityOfPage":{"@id":"https:\/\/www.public.sn\/index.php\/2023\/03\/20\/manifs-du-16-mars-plus-de-400-manifestants-arretes\/"},"wordCount":122,"commentCount":0,"publisher":{"@id":"https:\/\/www.public.sn\/#organization"},"image":{"@id":"https:\/\/www.public.sn\/index.php\/2023\/03\/20\/manifs-du-16-mars-plus-de-400-manifestants-arretes\/#primaryimage"},"thumbnailUrl":"https:\/\/www.public.sn\/wp-content\/uploads\/2023\/03\/manifestation.jpg","keywords":["16 Mars","arrestation","manif"],"articleSection":["ACTUALIT\u00c9S","justice","MANIFESTATIONS","POLITIQUE","S\u00c9CURIT\u00c9 &amp; JUSTICE","S\u00c9N\u00c9GAL","SOCIETE","VEDETTE"],"inLanguage":"fr-FR","potentialAction":[{"@type":"CommentAction","name":"Comment","target":["https:\/\/www.public.sn\/index.php\/2023\/03\/20\/manifs-du-16-mars-plus-de-400-manifestants-arretes\/#respond"]}]},{"@type":"WebPage","@id":"https:\/\/www.public.sn\/index.php\/2023\/03\/20\/manifs-du-16-mars-plus-de-400-manifestants-arretes\/","url":"https:\/\/www.public.sn\/index.php\/2023\/03\/20\/manifs-du-16-mars-plus-de-400-manifestants-arretes\/","name":"Manifs du 16 mars : Plus de 400 manifestants arr\u00eat\u00e9s - LE PUBLIC","isPartOf":{"@id":"https:\/\/www.public.sn\/#website"},"primaryImageOfPage":{"@id":"https:\/\/www.public.sn\/index.php\/2023\/03\/20\/manifs-du-16-mars-plus-de-400-manifestants-arretes\/#primaryimage"},"image":{"@id":"https:\/\/www.public.sn\/index.php\/2023\/03\/20\/manifs-du-16-mars-plus-de-400-manifestants-arretes\/#primaryimage"},"thumbnailUrl":"https:\/\/www.public.sn\/wp-content\/uploads\/2023\/03\/manifestation.jpg","datePublished":"2023-03-20T15:20:00+00:00","breadcrumb":{"@id":"https:\/\/www.public.sn\/index.php\/2023\/03\/20\/manifs-du-16-mars-plus-de-400-manifestants-arretes\/#breadcrumb"},"inLanguage":"fr-FR","potentialAction":[{"@type":"ReadAction","target":["https:\/\/www.public.sn\/index.php\/2023\/03\/20\/manifs-du-16-mars-plus-de-400-manifestants-arretes\/"]}]},{"@type":"ImageObject","inLanguage":"fr-FR","@id":"https:\/\/www.public.sn\/index.php\/2023\/03\/20\/manifs-du-16-mars-plus-de-400-manifestants-arretes\/#primaryimage","url":"https:\/\/www.public.sn\/wp-content\/uploads\/2023\/03\/manifestation.jpg","contentUrl":"https:\/\/www.public.sn\/wp-content\/uploads\/2023\/03\/manifestation.jpg","width":318,"height":159},{"@type":"BreadcrumbList","@id":"https:\/\/www.public.sn\/index.php\/2023\/03\/20\/manifs-du-16-mars-plus-de-400-manifestants-arretes\/#breadcrumb","itemListElement":[{"@type":"ListItem","position":1,"name":"Accueil","item":"https:\/\/www.public.sn\/"},{"@type":"ListItem","position":2,"name":"Manifs du 16 mars : Plus de 400 manifestants arr\u00eat\u00e9s"}]},{"@type":"WebSite","@id":"https:\/\/www.public.sn\/#website","url":"https:\/\/www.public.sn\/","name":"LE PUBLIC","description":"","publisher":{"@id":"https:\/\/www.public.sn\/#organization"},"potentialAction":[{"@type":"SearchAction","target":{"@type":"EntryPoint","urlTemplate":"https:\/\/www.public.sn\/?s={search_term_string}"},"query-input":{"@type":"PropertyValueSpecification","valueRequired":true,"valueName":"search_term_string"}}],"inLanguage":"fr-FR"},{"@type":"Organization","@id":"https:\/\/www.public.sn\/#organization","name":"LE PUBLIC","url":"https:\/\/www.public.sn\/","logo":{"@type":"ImageObject","inLanguage":"fr-FR","@id":"https:\/\/www.public.sn\/#\/schema\/logo\/image\/","url":"https:\/\/www.public.sn\/wp-content\/uploads\/2024\/05\/cropped-LOGO-PUBLIC.SN_.png","contentUrl":"https:\/\/www.public.sn\/wp-content\/uploads\/2024\/05\/cropped-LOGO-PUBLIC.SN_.png","width":682,"height":192,"caption":"LE PUBLIC"},"image":{"@id":"https:\/\/www.public.sn\/#\/schema\/logo\/image\/"}},{"@type":"Person","@id":"https:\/\/www.public.sn\/#\/schema\/person\/cb76c8e1b8becc6be61fb5e92d6d0224","name":"LA REDACTION","image":{"@type":"ImageObject","inLanguage":"fr-FR","@id":"https:\/\/www.public.sn\/#\/schema\/person\/image\/","url":"https:\/\/secure.gravatar.com\/avatar\/2dce5ddd34b8fef0180efe03aa2a9bee7d953856048f9a16b298190a3178407c?s=96&d=mm&r=g","contentUrl":"https:\/\/secure.gravatar.com\/avatar\/2dce5ddd34b8fef0180efe03aa2a9bee7d953856048f9a16b298190a3178407c?s=96&d=mm&r=g","caption":"LA REDACTION"},"url":"https:\/\/www.public.sn\/index.php\/author\/editeurpsn\/"}]}},"jetpack_featured_media_url":"https:\/\/www.public.sn\/wp-content\/uploads\/2023\/03\/manifestation.jpg","jetpack_sharing_enabled":true,"_links":{"self":[{"href":"https:\/\/www.public.sn\/index.php\/wp-json\/wp\/v2\/posts\/18373","targetHints":{"allow":["GET"]}}],"collection":[{"href":"https:\/\/www.public.sn\/index.php\/wp-json\/wp\/v2\/posts"}],"about":[{"href":"https:\/\/www.public.sn\/index.php\/wp-json\/wp\/v2\/types\/post"}],"author":[{"embeddable":true,"href":"https:\/\/www.public.sn\/index.php\/wp-json\/wp\/v2\/users\/7"}],"replies":[{"embeddable":true,"href":"https:\/\/www.public.sn\/index.php\/wp-json\/wp\/v2\/comments?post=18373"}],"version-history":[{"count":1,"href":"https:\/\/www.public.sn\/index.php\/wp-json\/wp\/v2\/posts\/18373\/revisions"}],"predecessor-version":[{"id":18375,"href":"https:\/\/www.public.sn\/index.php\/wp-json\/wp\/v2\/posts\/18373\/revisions\/18375"}],"wp:featuredmedia":[{"embeddable":true,"href":"https:\/\/www.public.sn\/index.php\/wp-json\/wp\/v2\/media\/18374"}],"wp:attachment":[{"href":"https:\/\/www.public.sn\/index.php\/wp-json\/wp\/v2\/media?parent=18373"}],"wp:term":[{"taxonomy":"category","embeddable":true,"href":"https:\/\/www.public.sn\/index.php\/wp-json\/wp\/v2\/categories?post=18373"},{"taxonomy":"post_tag","embeddable":true,"href":"https:\/\/www.public.sn\/index.php\/wp-json\/wp\/v2\/tags?post=18373"}],"curies":[{"name":"wp","href":"https:\/\/api.w.org\/{rel}","templated":true}]}}