{"id":18376,"date":"2023-03-20T16:01:09","date_gmt":"2023-03-20T16:01:09","guid":{"rendered":"https:\/\/www.public.sn\/?p=18376"},"modified":"2023-03-21T18:55:23","modified_gmt":"2023-03-21T18:55:23","slug":"deces-de-palla-samb-detresse-et-consternation-a-la-maire-de-la-mairie-de-fann-point-e-amitie","status":"publish","type":"post","link":"https:\/\/www.public.sn\/index.php\/2023\/03\/20\/deces-de-palla-samb-detresse-et-consternation-a-la-maire-de-la-mairie-de-fann-point-e-amitie\/","title":{"rendered":"D\u00e9c\u00e8s de Palla Samb\u00a0: D\u00e9tresse et consternation \u00e0 la Maire de Fann Point E Amiti\u00e9"},"content":{"rendered":"<p>La commune de la mairie de Fann Point E, Amiti\u00e9, s\u2019est r\u00e9veill\u00e9e dans la tristesse et la\u00a0 consternation. Ils ont perdu\u00a0 brutalement leur maire Palla Samb. D\u00e9c\u00e9d\u00e9 suite \u00e0 un malaise, les agents municipaux et l\u2019ensemble des conseillers \u00a0sont dans un \u00e9tat d&rsquo;accablement impuissant. Troisi\u00e8me adjointe au maire Dieynaba Ba t\u00e9moigne en ces termes : c\u2019est terrifiant qu\u2019on ait \u00e0 peine les mots pour comprendre cette tristesse.\u00a0 Selon elle, le disparu \u00e9tait un homme social, un travailleur, un citoyen qui aimait sa commune. \u00ab Palla s\u2019\u00e9tait engag\u00e9 sur tous les plans pour faire rayonner sa commune \u00bb dit-elle, la mine triste.<\/p><div class=\"publi-paragraphe1\" style=\"margin-top: 10px;margin-bottom: 10px;margin-left: auto;margin-right: auto;text-align: center;\" id=\"publi-559329862\"><div class=\"publi-adlabel\">Publicit\u00e9<\/div><script async src=\"\/\/pagead2.googlesyndication.com\/pagead\/js\/adsbygoogle.js?client=ca-pub-4089586018074219\" crossorigin=\"anonymous\"><\/script><ins class=\"adsbygoogle\" style=\"display:block;\" data-ad-client=\"ca-pub-4089586018074219\" \ndata-ad-slot=\"2087940154\" \ndata-ad-format=\"auto\"><\/ins>\n<script> \n(adsbygoogle = window.adsbygoogle || []).push({}); \n<\/script>\n<\/div>\n<p>Chez la maison mortuaire, la tristesse et la concertation r\u00e8gnent en ma\u00eetre. Ses fr\u00e8res et s\u0153urs ainsi que ses partisans et membres de la mouvance politique disent s\u2019en remettre \u00e0 la volont\u00e9 divine. Les t\u00e9moignages sont unanimes Palla \u00e9tait un homme affable qui a su partager tout ce qu\u2019il avait de meilleur.<\/p>\n<p>Pour les obs\u00e8ques, la lev\u00e9e du corps aura lieu \u00e0 l\u2019h\u00f4pital Fann, suivi de l\u2019enterrement au cimeti\u00e8re musulman de Yoff ce mardi 21 mars 2023 \u00e0 10 heures.<\/p>\n<p><b>Ndeye<\/b><strong>\u00a0Khady MBAYE GOUDIABY<\/strong><\/p>\n<p>&nbsp;<\/p>\n<div class=\"publi-apres-le-contenu\" style=\"margin-top: 10px;margin-bottom: 10px;margin-left: auto;margin-right: auto;text-align: center;\" id=\"publi-2179343356\"><div class=\"publi-adlabel\">Publicit\u00e9<\/div><script async src=\"\/\/pagead2.googlesyndication.com\/pagead\/js\/adsbygoogle.js?client=ca-pub-4089586018074219\" crossorigin=\"anonymous\"><\/script><ins class=\"adsbygoogle\" style=\"display:block;\" data-ad-client=\"ca-pub-4089586018074219\" \ndata-ad-slot=\"2087940154\" \ndata-ad-format=\"auto\"><\/ins>\n<script> \n(adsbygoogle = window.adsbygoogle || []).push({}); \n<\/script>\n<\/div>","protected":false},"excerpt":{"rendered":"<p>La commune de la mairie de Fann Point E, Amiti\u00e9, s\u2019est r\u00e9veill\u00e9e dans la tristesse et la\u00a0 consternation. Ils ont perdu\u00a0 brutalement leur maire Palla Samb. D\u00e9c\u00e9d\u00e9 suite \u00e0 un malaise, les agents municipaux et l\u2019ensemble des conseillers \u00a0sont dans un \u00e9tat d&rsquo;accablement impuissant. Troisi\u00e8me adjointe au maire Dieynaba Ba t\u00e9moigne en ces termes : c\u2019est terrifiant qu\u2019on ait \u00e0 peine les mots pour comprendre cette tristesse.\u00a0 Selon elle, le disparu \u00e9tait un homme social, un travailleur, un citoyen qui aimait sa commune. \u00ab Palla s\u2019\u00e9tait engag\u00e9 sur tous les plans pour faire rayonner sa commune \u00bb dit-elle, la mine triste. Chez la maison mortuaire, la tristesse et la concertation r\u00e8gnent en ma\u00eetre. Ses fr\u00e8res et s\u0153urs ainsi que ses partisans et membres de la mouvance politique disent s\u2019en remettre \u00e0 la volont\u00e9 divine. Les t\u00e9moignages sont unanimes Palla \u00e9tait un homme affable qui a su partager tout ce qu\u2019il avait de meilleur. Pour les obs\u00e8ques, la lev\u00e9e du corps aura lieu \u00e0 l\u2019h\u00f4pital Fann, suivi de l\u2019enterrement au cimeti\u00e8re musulman de Yoff ce mardi 21 mars 2023 \u00e0 10 heures. Ndeye\u00a0Khady MBAYE GOUDIABY &nbsp;<\/p>\n","protected":false},"author":7,"featured_media":18377,"comment_status":"open","ping_status":"open","sticky":false,"template":"","format":"standard","meta":{"_jetpack_memberships_contains_paid_content":false,"footnotes":""},"categories":[375,371,3,1,372],"tags":[4855,3429,4839],"class_list":["post-18376","post","type-post","status-publish","format-standard","has-post-thumbnail","hentry","category-actualites","category-necrologie","category-politique","category-non-classe","category-vedette","tag-fann-point-e-amitie","tag-maire","tag-palla-samb","entry","has-media","owp-thumbs-layout-horizontal","owp-btn-normal","owp-tabs-layout-horizontal","has-no-thumbnails","has-product-nav"],"yoast_head":"<!-- This site is optimized with the Yoast SEO plugin v25.5 - https:\/\/yoast.com\/wordpress\/plugins\/seo\/ -->\n<title>D\u00e9c\u00e8s de Palla Samb\u00a0: D\u00e9tresse et consternation \u00e0 la Maire de Fann Point E Amiti\u00e9 - LE PUBLIC<\/title>\n<meta name=\"robots\" content=\"index, follow, max-snippet:-1, max-image-preview:large, max-video-preview:-1\" \/>\n<link rel=\"canonical\" href=\"https:\/\/www.public.sn\/index.php\/2023\/03\/20\/deces-de-palla-samb-detresse-et-consternation-a-la-maire-de-la-mairie-de-fann-point-e-amitie\/\" \/>\n<meta property=\"og:locale\" content=\"fr_FR\" \/>\n<meta property=\"og:type\" content=\"article\" \/>\n<meta property=\"og:title\" content=\"D\u00e9c\u00e8s de Palla Samb\u00a0: D\u00e9tresse et consternation \u00e0 la Maire de Fann Point E Amiti\u00e9 - LE PUBLIC\" \/>\n<meta property=\"og:description\" content=\"La commune de la mairie de Fann Point E, Amiti\u00e9, s\u2019est r\u00e9veill\u00e9e dans la tristesse et la\u00a0 consternation. Ils ont perdu\u00a0 brutalement leur maire Palla Samb. D\u00e9c\u00e9d\u00e9 suite \u00e0 un malaise, les agents municipaux et l\u2019ensemble des conseillers \u00a0sont dans un \u00e9tat d&rsquo;accablement impuissant. Troisi\u00e8me adjointe au maire Dieynaba Ba t\u00e9moigne en ces termes : c\u2019est terrifiant qu\u2019on ait \u00e0 peine les mots pour comprendre cette tristesse.\u00a0 Selon elle, le disparu \u00e9tait un homme social, un travailleur, un citoyen qui aimait sa commune. \u00ab Palla s\u2019\u00e9tait engag\u00e9 sur tous les plans pour faire rayonner sa commune \u00bb dit-elle, la mine triste. Chez la maison mortuaire, la tristesse et la concertation r\u00e8gnent en ma\u00eetre. Ses fr\u00e8res et s\u0153urs ainsi que ses partisans et membres de la mouvance politique disent s\u2019en remettre \u00e0 la volont\u00e9 divine. Les t\u00e9moignages sont unanimes Palla \u00e9tait un homme affable qui a su partager tout ce qu\u2019il avait de meilleur. Pour les obs\u00e8ques, la lev\u00e9e du corps aura lieu \u00e0 l\u2019h\u00f4pital Fann, suivi de l\u2019enterrement au cimeti\u00e8re musulman de Yoff ce mardi 21 mars 2023 \u00e0 10 heures. Ndeye\u00a0Khady MBAYE GOUDIABY &nbsp;\" \/>\n<meta property=\"og:url\" content=\"https:\/\/www.public.sn\/index.php\/2023\/03\/20\/deces-de-palla-samb-detresse-et-consternation-a-la-maire-de-la-mairie-de-fann-point-e-amitie\/\" \/>\n<meta property=\"og:site_name\" content=\"LE PUBLIC\" \/>\n<meta property=\"article:published_time\" content=\"2023-03-20T16:01:09+00:00\" \/>\n<meta property=\"article:modified_time\" content=\"2023-03-21T18:55:23+00:00\" \/>\n<meta property=\"og:image\" content=\"https:\/\/www.public.sn\/wp-content\/uploads\/2023\/03\/palla-samb-1.jpeg\" \/>\n\t<meta property=\"og:image:width\" content=\"698\" \/>\n\t<meta property=\"og:image:height\" content=\"509\" \/>\n\t<meta property=\"og:image:type\" content=\"image\/jpeg\" \/>\n<meta name=\"author\" content=\"LA REDACTION\" \/>\n<meta name=\"twitter:card\" content=\"summary_large_image\" \/>\n<meta name=\"twitter:label1\" content=\"\u00c9crit par\" \/>\n\t<meta name=\"twitter:data1\" content=\"LA REDACTION\" \/>\n\t<meta name=\"twitter:label2\" content=\"Dur\u00e9e de lecture estim\u00e9e\" \/>\n\t<meta name=\"twitter:data2\" content=\"1 minute\" \/>\n<script type=\"application\/ld+json\" class=\"yoast-schema-graph\">{\"@context\":\"https:\/\/schema.org\",\"@graph\":[{\"@type\":\"Article\",\"@id\":\"https:\/\/www.public.sn\/index.php\/2023\/03\/20\/deces-de-palla-samb-detresse-et-consternation-a-la-maire-de-la-mairie-de-fann-point-e-amitie\/#article\",\"isPartOf\":{\"@id\":\"https:\/\/www.public.sn\/index.php\/2023\/03\/20\/deces-de-palla-samb-detresse-et-consternation-a-la-maire-de-la-mairie-de-fann-point-e-amitie\/\"},\"author\":{\"name\":\"LA REDACTION\",\"@id\":\"https:\/\/www.public.sn\/#\/schema\/person\/cb76c8e1b8becc6be61fb5e92d6d0224\"},\"headline\":\"D\u00e9c\u00e8s de Palla Samb\u00a0: D\u00e9tresse et consternation \u00e0 la Maire de Fann Point E Amiti\u00e9\",\"datePublished\":\"2023-03-20T16:01:09+00:00\",\"dateModified\":\"2023-03-21T18:55:23+00:00\",\"mainEntityOfPage\":{\"@id\":\"https:\/\/www.public.sn\/index.php\/2023\/03\/20\/deces-de-palla-samb-detresse-et-consternation-a-la-maire-de-la-mairie-de-fann-point-e-amitie\/\"},\"wordCount\":216,\"commentCount\":0,\"publisher\":{\"@id\":\"https:\/\/www.public.sn\/#organization\"},\"image\":{\"@id\":\"https:\/\/www.public.sn\/index.php\/2023\/03\/20\/deces-de-palla-samb-detresse-et-consternation-a-la-maire-de-la-mairie-de-fann-point-e-amitie\/#primaryimage\"},\"thumbnailUrl\":\"https:\/\/www.public.sn\/wp-content\/uploads\/2023\/03\/palla-samb-1.jpeg\",\"keywords\":[\"fann point E Amiti\u00e9\",\"maire\",\"Palla samb\"],\"articleSection\":[\"ACTUALIT\u00c9S\",\"N\u00c9CROLOGIE\",\"POLITIQUE\",\"S\u00c9N\u00c9GAL\",\"VEDETTE\"],\"inLanguage\":\"fr-FR\",\"potentialAction\":[{\"@type\":\"CommentAction\",\"name\":\"Comment\",\"target\":[\"https:\/\/www.public.sn\/index.php\/2023\/03\/20\/deces-de-palla-samb-detresse-et-consternation-a-la-maire-de-la-mairie-de-fann-point-e-amitie\/#respond\"]}]},{\"@type\":\"WebPage\",\"@id\":\"https:\/\/www.public.sn\/index.php\/2023\/03\/20\/deces-de-palla-samb-detresse-et-consternation-a-la-maire-de-la-mairie-de-fann-point-e-amitie\/\",\"url\":\"https:\/\/www.public.sn\/index.php\/2023\/03\/20\/deces-de-palla-samb-detresse-et-consternation-a-la-maire-de-la-mairie-de-fann-point-e-amitie\/\",\"name\":\"D\u00e9c\u00e8s de Palla Samb\u00a0: D\u00e9tresse et consternation \u00e0 la Maire de Fann Point E Amiti\u00e9 - LE PUBLIC\",\"isPartOf\":{\"@id\":\"https:\/\/www.public.sn\/#website\"},\"primaryImageOfPage\":{\"@id\":\"https:\/\/www.public.sn\/index.php\/2023\/03\/20\/deces-de-palla-samb-detresse-et-consternation-a-la-maire-de-la-mairie-de-fann-point-e-amitie\/#primaryimage\"},\"image\":{\"@id\":\"https:\/\/www.public.sn\/index.php\/2023\/03\/20\/deces-de-palla-samb-detresse-et-consternation-a-la-maire-de-la-mairie-de-fann-point-e-amitie\/#primaryimage\"},\"thumbnailUrl\":\"https:\/\/www.public.sn\/wp-content\/uploads\/2023\/03\/palla-samb-1.jpeg\",\"datePublished\":\"2023-03-20T16:01:09+00:00\",\"dateModified\":\"2023-03-21T18:55:23+00:00\",\"breadcrumb\":{\"@id\":\"https:\/\/www.public.sn\/index.php\/2023\/03\/20\/deces-de-palla-samb-detresse-et-consternation-a-la-maire-de-la-mairie-de-fann-point-e-amitie\/#breadcrumb\"},\"inLanguage\":\"fr-FR\",\"potentialAction\":[{\"@type\":\"ReadAction\",\"target\":[\"https:\/\/www.public.sn\/index.php\/2023\/03\/20\/deces-de-palla-samb-detresse-et-consternation-a-la-maire-de-la-mairie-de-fann-point-e-amitie\/\"]}]},{\"@type\":\"ImageObject\",\"inLanguage\":\"fr-FR\",\"@id\":\"https:\/\/www.public.sn\/index.php\/2023\/03\/20\/deces-de-palla-samb-detresse-et-consternation-a-la-maire-de-la-mairie-de-fann-point-e-amitie\/#primaryimage\",\"url\":\"https:\/\/www.public.sn\/wp-content\/uploads\/2023\/03\/palla-samb-1.jpeg\",\"contentUrl\":\"https:\/\/www.public.sn\/wp-content\/uploads\/2023\/03\/palla-samb-1.jpeg\",\"width\":698,\"height\":509},{\"@type\":\"BreadcrumbList\",\"@id\":\"https:\/\/www.public.sn\/index.php\/2023\/03\/20\/deces-de-palla-samb-detresse-et-consternation-a-la-maire-de-la-mairie-de-fann-point-e-amitie\/#breadcrumb\",\"itemListElement\":[{\"@type\":\"ListItem\",\"position\":1,\"name\":\"Accueil\",\"item\":\"https:\/\/www.public.sn\/\"},{\"@type\":\"ListItem\",\"position\":2,\"name\":\"D\u00e9c\u00e8s de Palla Samb\u00a0: D\u00e9tresse et consternation \u00e0 la Maire de Fann Point E Amiti\u00e9\"}]},{\"@type\":\"WebSite\",\"@id\":\"https:\/\/www.public.sn\/#website\",\"url\":\"https:\/\/www.public.sn\/\",\"name\":\"LE PUBLIC\",\"description\":\"\",\"publisher\":{\"@id\":\"https:\/\/www.public.sn\/#organization\"},\"potentialAction\":[{\"@type\":\"SearchAction\",\"target\":{\"@type\":\"EntryPoint\",\"urlTemplate\":\"https:\/\/www.public.sn\/?s={search_term_string}\"},\"query-input\":{\"@type\":\"PropertyValueSpecification\",\"valueRequired\":true,\"valueName\":\"search_term_string\"}}],\"inLanguage\":\"fr-FR\"},{\"@type\":\"Organization\",\"@id\":\"https:\/\/www.public.sn\/#organization\",\"name\":\"LE PUBLIC\",\"url\":\"https:\/\/www.public.sn\/\",\"logo\":{\"@type\":\"ImageObject\",\"inLanguage\":\"fr-FR\",\"@id\":\"https:\/\/www.public.sn\/#\/schema\/logo\/image\/\",\"url\":\"https:\/\/www.public.sn\/wp-content\/uploads\/2024\/05\/cropped-LOGO-PUBLIC.SN_.png\",\"contentUrl\":\"https:\/\/www.public.sn\/wp-content\/uploads\/2024\/05\/cropped-LOGO-PUBLIC.SN_.png\",\"width\":682,\"height\":192,\"caption\":\"LE PUBLIC\"},\"image\":{\"@id\":\"https:\/\/www.public.sn\/#\/schema\/logo\/image\/\"}},{\"@type\":\"Person\",\"@id\":\"https:\/\/www.public.sn\/#\/schema\/person\/cb76c8e1b8becc6be61fb5e92d6d0224\",\"name\":\"LA REDACTION\",\"image\":{\"@type\":\"ImageObject\",\"inLanguage\":\"fr-FR\",\"@id\":\"https:\/\/www.public.sn\/#\/schema\/person\/image\/\",\"url\":\"https:\/\/secure.gravatar.com\/avatar\/2dce5ddd34b8fef0180efe03aa2a9bee7d953856048f9a16b298190a3178407c?s=96&d=mm&r=g\",\"contentUrl\":\"https:\/\/secure.gravatar.com\/avatar\/2dce5ddd34b8fef0180efe03aa2a9bee7d953856048f9a16b298190a3178407c?s=96&d=mm&r=g\",\"caption\":\"LA REDACTION\"},\"url\":\"https:\/\/www.public.sn\/index.php\/author\/editeurpsn\/\"}]}<\/script>\n<!-- \/ Yoast SEO plugin. -->","yoast_head_json":{"title":"D\u00e9c\u00e8s de Palla Samb\u00a0: D\u00e9tresse et consternation \u00e0 la Maire de Fann Point E Amiti\u00e9 - LE PUBLIC","robots":{"index":"index","follow":"follow","max-snippet":"max-snippet:-1","max-image-preview":"max-image-preview:large","max-video-preview":"max-video-preview:-1"},"canonical":"https:\/\/www.public.sn\/index.php\/2023\/03\/20\/deces-de-palla-samb-detresse-et-consternation-a-la-maire-de-la-mairie-de-fann-point-e-amitie\/","og_locale":"fr_FR","og_type":"article","og_title":"D\u00e9c\u00e8s de Palla Samb\u00a0: D\u00e9tresse et consternation \u00e0 la Maire de Fann Point E Amiti\u00e9 - LE PUBLIC","og_description":"La commune de la mairie de Fann Point E, Amiti\u00e9, s\u2019est r\u00e9veill\u00e9e dans la tristesse et la\u00a0 consternation. Ils ont perdu\u00a0 brutalement leur maire Palla Samb. D\u00e9c\u00e9d\u00e9 suite \u00e0 un malaise, les agents municipaux et l\u2019ensemble des conseillers \u00a0sont dans un \u00e9tat d&rsquo;accablement impuissant. Troisi\u00e8me adjointe au maire Dieynaba Ba t\u00e9moigne en ces termes : c\u2019est terrifiant qu\u2019on ait \u00e0 peine les mots pour comprendre cette tristesse.\u00a0 Selon elle, le disparu \u00e9tait un homme social, un travailleur, un citoyen qui aimait sa commune. \u00ab Palla s\u2019\u00e9tait engag\u00e9 sur tous les plans pour faire rayonner sa commune \u00bb dit-elle, la mine triste. Chez la maison mortuaire, la tristesse et la concertation r\u00e8gnent en ma\u00eetre. Ses fr\u00e8res et s\u0153urs ainsi que ses partisans et membres de la mouvance politique disent s\u2019en remettre \u00e0 la volont\u00e9 divine. Les t\u00e9moignages sont unanimes Palla \u00e9tait un homme affable qui a su partager tout ce qu\u2019il avait de meilleur. Pour les obs\u00e8ques, la lev\u00e9e du corps aura lieu \u00e0 l\u2019h\u00f4pital Fann, suivi de l\u2019enterrement au cimeti\u00e8re musulman de Yoff ce mardi 21 mars 2023 \u00e0 10 heures. Ndeye\u00a0Khady MBAYE GOUDIABY &nbsp;","og_url":"https:\/\/www.public.sn\/index.php\/2023\/03\/20\/deces-de-palla-samb-detresse-et-consternation-a-la-maire-de-la-mairie-de-fann-point-e-amitie\/","og_site_name":"LE PUBLIC","article_published_time":"2023-03-20T16:01:09+00:00","article_modified_time":"2023-03-21T18:55:23+00:00","og_image":[{"width":698,"height":509,"url":"https:\/\/www.public.sn\/wp-content\/uploads\/2023\/03\/palla-samb-1.jpeg","type":"image\/jpeg"}],"author":"LA REDACTION","twitter_card":"summary_large_image","twitter_misc":{"\u00c9crit par":"LA REDACTION","Dur\u00e9e de lecture estim\u00e9e":"1 minute"},"schema":{"@context":"https:\/\/schema.org","@graph":[{"@type":"Article","@id":"https:\/\/www.public.sn\/index.php\/2023\/03\/20\/deces-de-palla-samb-detresse-et-consternation-a-la-maire-de-la-mairie-de-fann-point-e-amitie\/#article","isPartOf":{"@id":"https:\/\/www.public.sn\/index.php\/2023\/03\/20\/deces-de-palla-samb-detresse-et-consternation-a-la-maire-de-la-mairie-de-fann-point-e-amitie\/"},"author":{"name":"LA REDACTION","@id":"https:\/\/www.public.sn\/#\/schema\/person\/cb76c8e1b8becc6be61fb5e92d6d0224"},"headline":"D\u00e9c\u00e8s de Palla Samb\u00a0: D\u00e9tresse et consternation \u00e0 la Maire de Fann Point E Amiti\u00e9","datePublished":"2023-03-20T16:01:09+00:00","dateModified":"2023-03-21T18:55:23+00:00","mainEntityOfPage":{"@id":"https:\/\/www.public.sn\/index.php\/2023\/03\/20\/deces-de-palla-samb-detresse-et-consternation-a-la-maire-de-la-mairie-de-fann-point-e-amitie\/"},"wordCount":216,"commentCount":0,"publisher":{"@id":"https:\/\/www.public.sn\/#organization"},"image":{"@id":"https:\/\/www.public.sn\/index.php\/2023\/03\/20\/deces-de-palla-samb-detresse-et-consternation-a-la-maire-de-la-mairie-de-fann-point-e-amitie\/#primaryimage"},"thumbnailUrl":"https:\/\/www.public.sn\/wp-content\/uploads\/2023\/03\/palla-samb-1.jpeg","keywords":["fann point E Amiti\u00e9","maire","Palla samb"],"articleSection":["ACTUALIT\u00c9S","N\u00c9CROLOGIE","POLITIQUE","S\u00c9N\u00c9GAL","VEDETTE"],"inLanguage":"fr-FR","potentialAction":[{"@type":"CommentAction","name":"Comment","target":["https:\/\/www.public.sn\/index.php\/2023\/03\/20\/deces-de-palla-samb-detresse-et-consternation-a-la-maire-de-la-mairie-de-fann-point-e-amitie\/#respond"]}]},{"@type":"WebPage","@id":"https:\/\/www.public.sn\/index.php\/2023\/03\/20\/deces-de-palla-samb-detresse-et-consternation-a-la-maire-de-la-mairie-de-fann-point-e-amitie\/","url":"https:\/\/www.public.sn\/index.php\/2023\/03\/20\/deces-de-palla-samb-detresse-et-consternation-a-la-maire-de-la-mairie-de-fann-point-e-amitie\/","name":"D\u00e9c\u00e8s de Palla Samb\u00a0: D\u00e9tresse et consternation \u00e0 la Maire de Fann Point E Amiti\u00e9 - LE PUBLIC","isPartOf":{"@id":"https:\/\/www.public.sn\/#website"},"primaryImageOfPage":{"@id":"https:\/\/www.public.sn\/index.php\/2023\/03\/20\/deces-de-palla-samb-detresse-et-consternation-a-la-maire-de-la-mairie-de-fann-point-e-amitie\/#primaryimage"},"image":{"@id":"https:\/\/www.public.sn\/index.php\/2023\/03\/20\/deces-de-palla-samb-detresse-et-consternation-a-la-maire-de-la-mairie-de-fann-point-e-amitie\/#primaryimage"},"thumbnailUrl":"https:\/\/www.public.sn\/wp-content\/uploads\/2023\/03\/palla-samb-1.jpeg","datePublished":"2023-03-20T16:01:09+00:00","dateModified":"2023-03-21T18:55:23+00:00","breadcrumb":{"@id":"https:\/\/www.public.sn\/index.php\/2023\/03\/20\/deces-de-palla-samb-detresse-et-consternation-a-la-maire-de-la-mairie-de-fann-point-e-amitie\/#breadcrumb"},"inLanguage":"fr-FR","potentialAction":[{"@type":"ReadAction","target":["https:\/\/www.public.sn\/index.php\/2023\/03\/20\/deces-de-palla-samb-detresse-et-consternation-a-la-maire-de-la-mairie-de-fann-point-e-amitie\/"]}]},{"@type":"ImageObject","inLanguage":"fr-FR","@id":"https:\/\/www.public.sn\/index.php\/2023\/03\/20\/deces-de-palla-samb-detresse-et-consternation-a-la-maire-de-la-mairie-de-fann-point-e-amitie\/#primaryimage","url":"https:\/\/www.public.sn\/wp-content\/uploads\/2023\/03\/palla-samb-1.jpeg","contentUrl":"https:\/\/www.public.sn\/wp-content\/uploads\/2023\/03\/palla-samb-1.jpeg","width":698,"height":509},{"@type":"BreadcrumbList","@id":"https:\/\/www.public.sn\/index.php\/2023\/03\/20\/deces-de-palla-samb-detresse-et-consternation-a-la-maire-de-la-mairie-de-fann-point-e-amitie\/#breadcrumb","itemListElement":[{"@type":"ListItem","position":1,"name":"Accueil","item":"https:\/\/www.public.sn\/"},{"@type":"ListItem","position":2,"name":"D\u00e9c\u00e8s de Palla Samb\u00a0: D\u00e9tresse et consternation \u00e0 la Maire de Fann Point E Amiti\u00e9"}]},{"@type":"WebSite","@id":"https:\/\/www.public.sn\/#website","url":"https:\/\/www.public.sn\/","name":"LE PUBLIC","description":"","publisher":{"@id":"https:\/\/www.public.sn\/#organization"},"potentialAction":[{"@type":"SearchAction","target":{"@type":"EntryPoint","urlTemplate":"https:\/\/www.public.sn\/?s={search_term_string}"},"query-input":{"@type":"PropertyValueSpecification","valueRequired":true,"valueName":"search_term_string"}}],"inLanguage":"fr-FR"},{"@type":"Organization","@id":"https:\/\/www.public.sn\/#organization","name":"LE PUBLIC","url":"https:\/\/www.public.sn\/","logo":{"@type":"ImageObject","inLanguage":"fr-FR","@id":"https:\/\/www.public.sn\/#\/schema\/logo\/image\/","url":"https:\/\/www.public.sn\/wp-content\/uploads\/2024\/05\/cropped-LOGO-PUBLIC.SN_.png","contentUrl":"https:\/\/www.public.sn\/wp-content\/uploads\/2024\/05\/cropped-LOGO-PUBLIC.SN_.png","width":682,"height":192,"caption":"LE PUBLIC"},"image":{"@id":"https:\/\/www.public.sn\/#\/schema\/logo\/image\/"}},{"@type":"Person","@id":"https:\/\/www.public.sn\/#\/schema\/person\/cb76c8e1b8becc6be61fb5e92d6d0224","name":"LA REDACTION","image":{"@type":"ImageObject","inLanguage":"fr-FR","@id":"https:\/\/www.public.sn\/#\/schema\/person\/image\/","url":"https:\/\/secure.gravatar.com\/avatar\/2dce5ddd34b8fef0180efe03aa2a9bee7d953856048f9a16b298190a3178407c?s=96&d=mm&r=g","contentUrl":"https:\/\/secure.gravatar.com\/avatar\/2dce5ddd34b8fef0180efe03aa2a9bee7d953856048f9a16b298190a3178407c?s=96&d=mm&r=g","caption":"LA REDACTION"},"url":"https:\/\/www.public.sn\/index.php\/author\/editeurpsn\/"}]}},"jetpack_featured_media_url":"https:\/\/www.public.sn\/wp-content\/uploads\/2023\/03\/palla-samb-1.jpeg","jetpack_sharing_enabled":true,"_links":{"self":[{"href":"https:\/\/www.public.sn\/index.php\/wp-json\/wp\/v2\/posts\/18376","targetHints":{"allow":["GET"]}}],"collection":[{"href":"https:\/\/www.public.sn\/index.php\/wp-json\/wp\/v2\/posts"}],"about":[{"href":"https:\/\/www.public.sn\/index.php\/wp-json\/wp\/v2\/types\/post"}],"author":[{"embeddable":true,"href":"https:\/\/www.public.sn\/index.php\/wp-json\/wp\/v2\/users\/7"}],"replies":[{"embeddable":true,"href":"https:\/\/www.public.sn\/index.php\/wp-json\/wp\/v2\/comments?post=18376"}],"version-history":[{"count":5,"href":"https:\/\/www.public.sn\/index.php\/wp-json\/wp\/v2\/posts\/18376\/revisions"}],"predecessor-version":[{"id":18414,"href":"https:\/\/www.public.sn\/index.php\/wp-json\/wp\/v2\/posts\/18376\/revisions\/18414"}],"wp:featuredmedia":[{"embeddable":true,"href":"https:\/\/www.public.sn\/index.php\/wp-json\/wp\/v2\/media\/18377"}],"wp:attachment":[{"href":"https:\/\/www.public.sn\/index.php\/wp-json\/wp\/v2\/media?parent=18376"}],"wp:term":[{"taxonomy":"category","embeddable":true,"href":"https:\/\/www.public.sn\/index.php\/wp-json\/wp\/v2\/categories?post=18376"},{"taxonomy":"post_tag","embeddable":true,"href":"https:\/\/www.public.sn\/index.php\/wp-json\/wp\/v2\/tags?post=18376"}],"curies":[{"name":"wp","href":"https:\/\/api.w.org\/{rel}","templated":true}]}}