{"id":18385,"date":"2023-03-20T20:02:27","date_gmt":"2023-03-20T20:02:27","guid":{"rendered":"https:\/\/www.public.sn\/?p=18385"},"modified":"2023-03-20T20:02:27","modified_gmt":"2023-03-20T20:02:27","slug":"bignona-un-jeune-homme-tue-par-balle-dans-les-manifestations","status":"publish","type":"post","link":"https:\/\/www.public.sn\/index.php\/2023\/03\/20\/bignona-un-jeune-homme-tue-par-balle-dans-les-manifestations\/","title":{"rendered":"Bignona, un jeune homme tu\u00e9 par balle dans les manifestations"},"content":{"rendered":"<p><strong>Une personne est morte lundi \u00e0 Bignona (Casamance), dans le Sud du S\u00e9n\u00e9gal, lors de heurts entre partisans de l&rsquo;opposant Ousmane Sonko et les forces de l&rsquo;ordre.<\/strong><\/p><div class=\"publi-paragraphe1\" style=\"margin-top: 10px;margin-bottom: 10px;margin-left: auto;margin-right: auto;text-align: center;\" id=\"publi-3889598366\"><div class=\"publi-adlabel\">Publicit\u00e9<\/div><script async src=\"\/\/pagead2.googlesyndication.com\/pagead\/js\/adsbygoogle.js?client=ca-pub-4089586018074219\" crossorigin=\"anonymous\"><\/script><ins class=\"adsbygoogle\" style=\"display:block;\" data-ad-client=\"ca-pub-4089586018074219\" \ndata-ad-slot=\"2087940154\" \ndata-ad-format=\"auto\"><\/ins>\n<script> \n(adsbygoogle = window.adsbygoogle || []).push({}); \n<\/script>\n<\/div>\n<p>Dans la ville de Bignona, un fief de M. Sonko \u00e0 une trentaine de km de Ziguinchor, principale ville de Casamance, \u00ab\u00a0un gosse a \u00e9t\u00e9 abattu\u00a0\u00bb par les forces de l&rsquo;ordre, a d\u00e9clar\u00e9 \u00e0 l&rsquo;AFP Yankhoba Di\u00e9m\u00e9, le pr\u00e9sident du conseil d\u00e9partemental \u00e9ponyme, une institution locale.<\/p>\n<p>Des heurts ont \u00e9clat\u00e9 avec les forces de l&rsquo;ordre quand \u00ab\u00a0des jeunes de fa\u00e7on spontan\u00e9e sont sortis manifester dans la rue\u00a0\u00bb contre le pouvoir, a dit M. Di\u00e9m\u00e9, membre du parti de M. Sonko.<\/p>\n<p>La mort d&rsquo;une personne \u00e0 Bignona a \u00e9t\u00e9 confirm\u00e9e par un responsable administratif qui s&rsquo;est exprim\u00e9 sous le sceau de l&rsquo;anonymat.<\/p>\n<p>\u00ab\u00a0Oui. Il y a eu un d\u00e9c\u00e8s \u00e0 la suite des manifestations\u00a0\u00bb, a-t-il dit \u00e0 l&rsquo;AFP.<\/p>\n<div class=\"publi-apres-le-contenu\" style=\"margin-top: 10px;margin-bottom: 10px;margin-left: auto;margin-right: auto;text-align: center;\" id=\"publi-3937353427\"><div class=\"publi-adlabel\">Publicit\u00e9<\/div><script async src=\"\/\/pagead2.googlesyndication.com\/pagead\/js\/adsbygoogle.js?client=ca-pub-4089586018074219\" crossorigin=\"anonymous\"><\/script><ins class=\"adsbygoogle\" style=\"display:block;\" data-ad-client=\"ca-pub-4089586018074219\" \ndata-ad-slot=\"2087940154\" \ndata-ad-format=\"auto\"><\/ins>\n<script> \n(adsbygoogle = window.adsbygoogle || []).push({}); \n<\/script>\n<\/div>","protected":false},"excerpt":{"rendered":"<p>Une personne est morte lundi \u00e0 Bignona (Casamance), dans le Sud du S\u00e9n\u00e9gal, lors de heurts entre partisans de l&rsquo;opposant Ousmane Sonko et les forces de l&rsquo;ordre. Dans la ville de Bignona, un fief de M. Sonko \u00e0 une trentaine de km de Ziguinchor, principale ville de Casamance, \u00ab\u00a0un gosse a \u00e9t\u00e9 abattu\u00a0\u00bb par les forces de l&rsquo;ordre, a d\u00e9clar\u00e9 \u00e0 l&rsquo;AFP Yankhoba Di\u00e9m\u00e9, le pr\u00e9sident du conseil d\u00e9partemental \u00e9ponyme, une institution locale. Des heurts ont \u00e9clat\u00e9 avec les forces de l&rsquo;ordre quand \u00ab\u00a0des jeunes de fa\u00e7on spontan\u00e9e sont sortis manifester dans la rue\u00a0\u00bb contre le pouvoir, a dit M. Di\u00e9m\u00e9, membre du parti de M. Sonko. La mort d&rsquo;une personne \u00e0 Bignona a \u00e9t\u00e9 confirm\u00e9e par un responsable administratif qui s&rsquo;est exprim\u00e9 sous le sceau de l&rsquo;anonymat. \u00ab\u00a0Oui. Il y a eu un d\u00e9c\u00e8s \u00e0 la suite des manifestations\u00a0\u00bb, a-t-il dit \u00e0 l&rsquo;AFP.<\/p>\n","protected":false},"author":1,"featured_media":18386,"comment_status":"open","ping_status":"open","sticky":false,"template":"","format":"standard","meta":{"_jetpack_memberships_contains_paid_content":false,"footnotes":""},"categories":[375,371,3,372],"tags":[2870,4857],"class_list":["post-18385","post","type-post","status-publish","format-standard","has-post-thumbnail","hentry","category-actualites","category-necrologie","category-politique","category-vedette","tag-bignona","tag-mamadou-koka-ba","entry","has-media","owp-thumbs-layout-horizontal","owp-btn-normal","owp-tabs-layout-horizontal","has-no-thumbnails","has-product-nav"],"yoast_head":"<!-- This site is optimized with the Yoast SEO plugin v25.5 - https:\/\/yoast.com\/wordpress\/plugins\/seo\/ -->\n<title>Bignona, un jeune homme tu\u00e9 par balle dans les manifestations - LE PUBLIC<\/title>\n<meta name=\"description\" content=\"Une personne est morte lundi \u00e0 Bignona (Casamance), dans le Sud du S\u00e9n\u00e9gal, lors de heurts entre partisans de l&#039;opposant Ousmane Sonko et les forces de l&#039;ordre.\" \/>\n<meta name=\"robots\" content=\"index, follow, max-snippet:-1, max-image-preview:large, max-video-preview:-1\" \/>\n<link rel=\"canonical\" href=\"https:\/\/www.public.sn\/index.php\/2023\/03\/20\/bignona-un-jeune-homme-tue-par-balle-dans-les-manifestations\/\" \/>\n<meta property=\"og:locale\" content=\"fr_FR\" \/>\n<meta property=\"og:type\" content=\"article\" \/>\n<meta property=\"og:title\" content=\"Bignona, un jeune homme tu\u00e9 par balle dans les manifestations - LE PUBLIC\" \/>\n<meta property=\"og:description\" content=\"Une personne est morte lundi \u00e0 Bignona (Casamance), dans le Sud du S\u00e9n\u00e9gal, lors de heurts entre partisans de l&#039;opposant Ousmane Sonko et les forces de l&#039;ordre.\" \/>\n<meta property=\"og:url\" content=\"https:\/\/www.public.sn\/index.php\/2023\/03\/20\/bignona-un-jeune-homme-tue-par-balle-dans-les-manifestations\/\" \/>\n<meta property=\"og:site_name\" content=\"LE PUBLIC\" \/>\n<meta property=\"article:published_time\" content=\"2023-03-20T20:02:27+00:00\" \/>\n<meta property=\"og:image\" content=\"https:\/\/www.public.sn\/wp-content\/uploads\/2023\/03\/mort-1.png\" \/>\n\t<meta property=\"og:image:width\" content=\"529\" \/>\n\t<meta property=\"og:image:height\" content=\"613\" \/>\n\t<meta property=\"og:image:type\" content=\"image\/png\" \/>\n<meta name=\"author\" content=\"LA REDACTION\" \/>\n<meta name=\"twitter:card\" content=\"summary_large_image\" \/>\n<meta name=\"twitter:label1\" content=\"\u00c9crit par\" \/>\n\t<meta name=\"twitter:data1\" content=\"LA REDACTION\" \/>\n\t<meta name=\"twitter:label2\" content=\"Dur\u00e9e de lecture estim\u00e9e\" \/>\n\t<meta name=\"twitter:data2\" content=\"1 minute\" \/>\n<script type=\"application\/ld+json\" class=\"yoast-schema-graph\">{\"@context\":\"https:\/\/schema.org\",\"@graph\":[{\"@type\":\"Article\",\"@id\":\"https:\/\/www.public.sn\/index.php\/2023\/03\/20\/bignona-un-jeune-homme-tue-par-balle-dans-les-manifestations\/#article\",\"isPartOf\":{\"@id\":\"https:\/\/www.public.sn\/index.php\/2023\/03\/20\/bignona-un-jeune-homme-tue-par-balle-dans-les-manifestations\/\"},\"author\":{\"name\":\"LA REDACTION\",\"@id\":\"https:\/\/www.public.sn\/#\/schema\/person\/e3f4a11b037d4203902db148f9bc8d5a\"},\"headline\":\"Bignona, un jeune homme tu\u00e9 par balle dans les manifestations\",\"datePublished\":\"2023-03-20T20:02:27+00:00\",\"mainEntityOfPage\":{\"@id\":\"https:\/\/www.public.sn\/index.php\/2023\/03\/20\/bignona-un-jeune-homme-tue-par-balle-dans-les-manifestations\/\"},\"wordCount\":160,\"commentCount\":0,\"publisher\":{\"@id\":\"https:\/\/www.public.sn\/#organization\"},\"image\":{\"@id\":\"https:\/\/www.public.sn\/index.php\/2023\/03\/20\/bignona-un-jeune-homme-tue-par-balle-dans-les-manifestations\/#primaryimage\"},\"thumbnailUrl\":\"https:\/\/www.public.sn\/wp-content\/uploads\/2023\/03\/mort-1.png\",\"keywords\":[\"Bignona\",\"Mamadou Koka Ba\"],\"articleSection\":[\"ACTUALIT\u00c9S\",\"N\u00c9CROLOGIE\",\"POLITIQUE\",\"VEDETTE\"],\"inLanguage\":\"fr-FR\",\"potentialAction\":[{\"@type\":\"CommentAction\",\"name\":\"Comment\",\"target\":[\"https:\/\/www.public.sn\/index.php\/2023\/03\/20\/bignona-un-jeune-homme-tue-par-balle-dans-les-manifestations\/#respond\"]}]},{\"@type\":\"WebPage\",\"@id\":\"https:\/\/www.public.sn\/index.php\/2023\/03\/20\/bignona-un-jeune-homme-tue-par-balle-dans-les-manifestations\/\",\"url\":\"https:\/\/www.public.sn\/index.php\/2023\/03\/20\/bignona-un-jeune-homme-tue-par-balle-dans-les-manifestations\/\",\"name\":\"Bignona, un jeune homme tu\u00e9 par balle dans les manifestations - LE PUBLIC\",\"isPartOf\":{\"@id\":\"https:\/\/www.public.sn\/#website\"},\"primaryImageOfPage\":{\"@id\":\"https:\/\/www.public.sn\/index.php\/2023\/03\/20\/bignona-un-jeune-homme-tue-par-balle-dans-les-manifestations\/#primaryimage\"},\"image\":{\"@id\":\"https:\/\/www.public.sn\/index.php\/2023\/03\/20\/bignona-un-jeune-homme-tue-par-balle-dans-les-manifestations\/#primaryimage\"},\"thumbnailUrl\":\"https:\/\/www.public.sn\/wp-content\/uploads\/2023\/03\/mort-1.png\",\"datePublished\":\"2023-03-20T20:02:27+00:00\",\"description\":\"Une personne est morte lundi \u00e0 Bignona (Casamance), dans le Sud du S\u00e9n\u00e9gal, lors de heurts entre partisans de l'opposant Ousmane Sonko et les forces de l'ordre.\",\"breadcrumb\":{\"@id\":\"https:\/\/www.public.sn\/index.php\/2023\/03\/20\/bignona-un-jeune-homme-tue-par-balle-dans-les-manifestations\/#breadcrumb\"},\"inLanguage\":\"fr-FR\",\"potentialAction\":[{\"@type\":\"ReadAction\",\"target\":[\"https:\/\/www.public.sn\/index.php\/2023\/03\/20\/bignona-un-jeune-homme-tue-par-balle-dans-les-manifestations\/\"]}]},{\"@type\":\"ImageObject\",\"inLanguage\":\"fr-FR\",\"@id\":\"https:\/\/www.public.sn\/index.php\/2023\/03\/20\/bignona-un-jeune-homme-tue-par-balle-dans-les-manifestations\/#primaryimage\",\"url\":\"https:\/\/www.public.sn\/wp-content\/uploads\/2023\/03\/mort-1.png\",\"contentUrl\":\"https:\/\/www.public.sn\/wp-content\/uploads\/2023\/03\/mort-1.png\",\"width\":529,\"height\":613},{\"@type\":\"BreadcrumbList\",\"@id\":\"https:\/\/www.public.sn\/index.php\/2023\/03\/20\/bignona-un-jeune-homme-tue-par-balle-dans-les-manifestations\/#breadcrumb\",\"itemListElement\":[{\"@type\":\"ListItem\",\"position\":1,\"name\":\"Accueil\",\"item\":\"https:\/\/www.public.sn\/\"},{\"@type\":\"ListItem\",\"position\":2,\"name\":\"Bignona, un jeune homme tu\u00e9 par balle dans les manifestations\"}]},{\"@type\":\"WebSite\",\"@id\":\"https:\/\/www.public.sn\/#website\",\"url\":\"https:\/\/www.public.sn\/\",\"name\":\"LE PUBLIC\",\"description\":\"\",\"publisher\":{\"@id\":\"https:\/\/www.public.sn\/#organization\"},\"potentialAction\":[{\"@type\":\"SearchAction\",\"target\":{\"@type\":\"EntryPoint\",\"urlTemplate\":\"https:\/\/www.public.sn\/?s={search_term_string}\"},\"query-input\":{\"@type\":\"PropertyValueSpecification\",\"valueRequired\":true,\"valueName\":\"search_term_string\"}}],\"inLanguage\":\"fr-FR\"},{\"@type\":\"Organization\",\"@id\":\"https:\/\/www.public.sn\/#organization\",\"name\":\"LE PUBLIC\",\"url\":\"https:\/\/www.public.sn\/\",\"logo\":{\"@type\":\"ImageObject\",\"inLanguage\":\"fr-FR\",\"@id\":\"https:\/\/www.public.sn\/#\/schema\/logo\/image\/\",\"url\":\"https:\/\/www.public.sn\/wp-content\/uploads\/2024\/05\/cropped-LOGO-PUBLIC.SN_.png\",\"contentUrl\":\"https:\/\/www.public.sn\/wp-content\/uploads\/2024\/05\/cropped-LOGO-PUBLIC.SN_.png\",\"width\":682,\"height\":192,\"caption\":\"LE PUBLIC\"},\"image\":{\"@id\":\"https:\/\/www.public.sn\/#\/schema\/logo\/image\/\"}},{\"@type\":\"Person\",\"@id\":\"https:\/\/www.public.sn\/#\/schema\/person\/e3f4a11b037d4203902db148f9bc8d5a\",\"name\":\"LA REDACTION\",\"image\":{\"@type\":\"ImageObject\",\"inLanguage\":\"fr-FR\",\"@id\":\"https:\/\/www.public.sn\/#\/schema\/person\/image\/\",\"url\":\"https:\/\/secure.gravatar.com\/avatar\/d6c030db45db2883c075085c5d6c6258654a801a93766b49af0b82d4f454e2a5?s=96&d=mm&r=g\",\"contentUrl\":\"https:\/\/secure.gravatar.com\/avatar\/d6c030db45db2883c075085c5d6c6258654a801a93766b49af0b82d4f454e2a5?s=96&d=mm&r=g\",\"caption\":\"LA REDACTION\"},\"sameAs\":[\"http:\/\/www.public.sn\"],\"url\":\"https:\/\/www.public.sn\/index.php\/author\/admin7324\/\"}]}<\/script>\n<!-- \/ Yoast SEO plugin. -->","yoast_head_json":{"title":"Bignona, un jeune homme tu\u00e9 par balle dans les manifestations - LE PUBLIC","description":"Une personne est morte lundi \u00e0 Bignona (Casamance), dans le Sud du S\u00e9n\u00e9gal, lors de heurts entre partisans de l'opposant Ousmane Sonko et les forces de l'ordre.","robots":{"index":"index","follow":"follow","max-snippet":"max-snippet:-1","max-image-preview":"max-image-preview:large","max-video-preview":"max-video-preview:-1"},"canonical":"https:\/\/www.public.sn\/index.php\/2023\/03\/20\/bignona-un-jeune-homme-tue-par-balle-dans-les-manifestations\/","og_locale":"fr_FR","og_type":"article","og_title":"Bignona, un jeune homme tu\u00e9 par balle dans les manifestations - LE PUBLIC","og_description":"Une personne est morte lundi \u00e0 Bignona (Casamance), dans le Sud du S\u00e9n\u00e9gal, lors de heurts entre partisans de l'opposant Ousmane Sonko et les forces de l'ordre.","og_url":"https:\/\/www.public.sn\/index.php\/2023\/03\/20\/bignona-un-jeune-homme-tue-par-balle-dans-les-manifestations\/","og_site_name":"LE PUBLIC","article_published_time":"2023-03-20T20:02:27+00:00","og_image":[{"width":529,"height":613,"url":"https:\/\/www.public.sn\/wp-content\/uploads\/2023\/03\/mort-1.png","type":"image\/png"}],"author":"LA REDACTION","twitter_card":"summary_large_image","twitter_misc":{"\u00c9crit par":"LA REDACTION","Dur\u00e9e de lecture estim\u00e9e":"1 minute"},"schema":{"@context":"https:\/\/schema.org","@graph":[{"@type":"Article","@id":"https:\/\/www.public.sn\/index.php\/2023\/03\/20\/bignona-un-jeune-homme-tue-par-balle-dans-les-manifestations\/#article","isPartOf":{"@id":"https:\/\/www.public.sn\/index.php\/2023\/03\/20\/bignona-un-jeune-homme-tue-par-balle-dans-les-manifestations\/"},"author":{"name":"LA REDACTION","@id":"https:\/\/www.public.sn\/#\/schema\/person\/e3f4a11b037d4203902db148f9bc8d5a"},"headline":"Bignona, un jeune homme tu\u00e9 par balle dans les manifestations","datePublished":"2023-03-20T20:02:27+00:00","mainEntityOfPage":{"@id":"https:\/\/www.public.sn\/index.php\/2023\/03\/20\/bignona-un-jeune-homme-tue-par-balle-dans-les-manifestations\/"},"wordCount":160,"commentCount":0,"publisher":{"@id":"https:\/\/www.public.sn\/#organization"},"image":{"@id":"https:\/\/www.public.sn\/index.php\/2023\/03\/20\/bignona-un-jeune-homme-tue-par-balle-dans-les-manifestations\/#primaryimage"},"thumbnailUrl":"https:\/\/www.public.sn\/wp-content\/uploads\/2023\/03\/mort-1.png","keywords":["Bignona","Mamadou Koka Ba"],"articleSection":["ACTUALIT\u00c9S","N\u00c9CROLOGIE","POLITIQUE","VEDETTE"],"inLanguage":"fr-FR","potentialAction":[{"@type":"CommentAction","name":"Comment","target":["https:\/\/www.public.sn\/index.php\/2023\/03\/20\/bignona-un-jeune-homme-tue-par-balle-dans-les-manifestations\/#respond"]}]},{"@type":"WebPage","@id":"https:\/\/www.public.sn\/index.php\/2023\/03\/20\/bignona-un-jeune-homme-tue-par-balle-dans-les-manifestations\/","url":"https:\/\/www.public.sn\/index.php\/2023\/03\/20\/bignona-un-jeune-homme-tue-par-balle-dans-les-manifestations\/","name":"Bignona, un jeune homme tu\u00e9 par balle dans les manifestations - LE PUBLIC","isPartOf":{"@id":"https:\/\/www.public.sn\/#website"},"primaryImageOfPage":{"@id":"https:\/\/www.public.sn\/index.php\/2023\/03\/20\/bignona-un-jeune-homme-tue-par-balle-dans-les-manifestations\/#primaryimage"},"image":{"@id":"https:\/\/www.public.sn\/index.php\/2023\/03\/20\/bignona-un-jeune-homme-tue-par-balle-dans-les-manifestations\/#primaryimage"},"thumbnailUrl":"https:\/\/www.public.sn\/wp-content\/uploads\/2023\/03\/mort-1.png","datePublished":"2023-03-20T20:02:27+00:00","description":"Une personne est morte lundi \u00e0 Bignona (Casamance), dans le Sud du S\u00e9n\u00e9gal, lors de heurts entre partisans de l'opposant Ousmane Sonko et les forces de l'ordre.","breadcrumb":{"@id":"https:\/\/www.public.sn\/index.php\/2023\/03\/20\/bignona-un-jeune-homme-tue-par-balle-dans-les-manifestations\/#breadcrumb"},"inLanguage":"fr-FR","potentialAction":[{"@type":"ReadAction","target":["https:\/\/www.public.sn\/index.php\/2023\/03\/20\/bignona-un-jeune-homme-tue-par-balle-dans-les-manifestations\/"]}]},{"@type":"ImageObject","inLanguage":"fr-FR","@id":"https:\/\/www.public.sn\/index.php\/2023\/03\/20\/bignona-un-jeune-homme-tue-par-balle-dans-les-manifestations\/#primaryimage","url":"https:\/\/www.public.sn\/wp-content\/uploads\/2023\/03\/mort-1.png","contentUrl":"https:\/\/www.public.sn\/wp-content\/uploads\/2023\/03\/mort-1.png","width":529,"height":613},{"@type":"BreadcrumbList","@id":"https:\/\/www.public.sn\/index.php\/2023\/03\/20\/bignona-un-jeune-homme-tue-par-balle-dans-les-manifestations\/#breadcrumb","itemListElement":[{"@type":"ListItem","position":1,"name":"Accueil","item":"https:\/\/www.public.sn\/"},{"@type":"ListItem","position":2,"name":"Bignona, un jeune homme tu\u00e9 par balle dans les manifestations"}]},{"@type":"WebSite","@id":"https:\/\/www.public.sn\/#website","url":"https:\/\/www.public.sn\/","name":"LE PUBLIC","description":"","publisher":{"@id":"https:\/\/www.public.sn\/#organization"},"potentialAction":[{"@type":"SearchAction","target":{"@type":"EntryPoint","urlTemplate":"https:\/\/www.public.sn\/?s={search_term_string}"},"query-input":{"@type":"PropertyValueSpecification","valueRequired":true,"valueName":"search_term_string"}}],"inLanguage":"fr-FR"},{"@type":"Organization","@id":"https:\/\/www.public.sn\/#organization","name":"LE PUBLIC","url":"https:\/\/www.public.sn\/","logo":{"@type":"ImageObject","inLanguage":"fr-FR","@id":"https:\/\/www.public.sn\/#\/schema\/logo\/image\/","url":"https:\/\/www.public.sn\/wp-content\/uploads\/2024\/05\/cropped-LOGO-PUBLIC.SN_.png","contentUrl":"https:\/\/www.public.sn\/wp-content\/uploads\/2024\/05\/cropped-LOGO-PUBLIC.SN_.png","width":682,"height":192,"caption":"LE PUBLIC"},"image":{"@id":"https:\/\/www.public.sn\/#\/schema\/logo\/image\/"}},{"@type":"Person","@id":"https:\/\/www.public.sn\/#\/schema\/person\/e3f4a11b037d4203902db148f9bc8d5a","name":"LA REDACTION","image":{"@type":"ImageObject","inLanguage":"fr-FR","@id":"https:\/\/www.public.sn\/#\/schema\/person\/image\/","url":"https:\/\/secure.gravatar.com\/avatar\/d6c030db45db2883c075085c5d6c6258654a801a93766b49af0b82d4f454e2a5?s=96&d=mm&r=g","contentUrl":"https:\/\/secure.gravatar.com\/avatar\/d6c030db45db2883c075085c5d6c6258654a801a93766b49af0b82d4f454e2a5?s=96&d=mm&r=g","caption":"LA REDACTION"},"sameAs":["http:\/\/www.public.sn"],"url":"https:\/\/www.public.sn\/index.php\/author\/admin7324\/"}]}},"jetpack_featured_media_url":"https:\/\/www.public.sn\/wp-content\/uploads\/2023\/03\/mort-1.png","jetpack_sharing_enabled":true,"_links":{"self":[{"href":"https:\/\/www.public.sn\/index.php\/wp-json\/wp\/v2\/posts\/18385","targetHints":{"allow":["GET"]}}],"collection":[{"href":"https:\/\/www.public.sn\/index.php\/wp-json\/wp\/v2\/posts"}],"about":[{"href":"https:\/\/www.public.sn\/index.php\/wp-json\/wp\/v2\/types\/post"}],"author":[{"embeddable":true,"href":"https:\/\/www.public.sn\/index.php\/wp-json\/wp\/v2\/users\/1"}],"replies":[{"embeddable":true,"href":"https:\/\/www.public.sn\/index.php\/wp-json\/wp\/v2\/comments?post=18385"}],"version-history":[{"count":1,"href":"https:\/\/www.public.sn\/index.php\/wp-json\/wp\/v2\/posts\/18385\/revisions"}],"predecessor-version":[{"id":18387,"href":"https:\/\/www.public.sn\/index.php\/wp-json\/wp\/v2\/posts\/18385\/revisions\/18387"}],"wp:featuredmedia":[{"embeddable":true,"href":"https:\/\/www.public.sn\/index.php\/wp-json\/wp\/v2\/media\/18386"}],"wp:attachment":[{"href":"https:\/\/www.public.sn\/index.php\/wp-json\/wp\/v2\/media?parent=18385"}],"wp:term":[{"taxonomy":"category","embeddable":true,"href":"https:\/\/www.public.sn\/index.php\/wp-json\/wp\/v2\/categories?post=18385"},{"taxonomy":"post_tag","embeddable":true,"href":"https:\/\/www.public.sn\/index.php\/wp-json\/wp\/v2\/tags?post=18385"}],"curies":[{"name":"wp","href":"https:\/\/api.w.org\/{rel}","templated":true}]}}